{"id":226569,"date":"2026-09-02T15:43:56","date_gmt":"2026-09-02T18:43:56","guid":{"rendered":"https:\/\/radioinfinitagoya.com.ar\/v1\/?p=226569"},"modified":"2026-09-02T15:43:56","modified_gmt":"2026-09-02T18:43:56","slug":"avanzo-en-cordoba-la-organizacion-de-la-visita-del-papa-leon-xiv","status":"publish","type":"post","link":"https:\/\/radioinfinitagoya.com.ar\/v1\/2026\/09\/02\/avanzo-en-cordoba-la-organizacion-de-la-visita-del-papa-leon-xiv\/","title":{"rendered":"Avanz\u00f3 en C\u00f3rdoba la organizaci\u00f3n de la visita del papa Le\u00f3n XIV"},"content":{"rendered":"<p>La log\u00edstica comienza a delinearse en la provincia mediterr\u00e1nea<\/p>\n<p>En el marco de los preparativos para la visita del papa Le\u00f3n XIV a la Argentina, los equipos involucrados en la organizaci\u00f3n realizaron este martes una jornada de trabajo t\u00e9cnico en la provincia de C\u00f3rdoba con recorridas por distintos puntos relacionados con la agenda del Santo Padre durante su estad\u00eda en el pa\u00eds.<\/p>\n<p>La comitiva, integrada por representantes de la Secretar\u00eda General de la Presidencia, de la delegaci\u00f3n del Vaticano, de la Nunciatura Apost\u00f3lica, de la Conferencia Episcopal Argentina y de la Canciller\u00eda, visitaron las instalaciones de la F\u00e1brica Argentina de Aviones \u201cBrigadier San Mart\u00edn\u201d (FAdeA), el Arzobispado de C\u00f3rdoba y la Catedral de C\u00f3rdoba \u201cNuestra Se\u00f1ora de la Asunci\u00f3n\u201d, donde se relevaron aspectos vinculados con la log\u00edstica y la organizaci\u00f3n de las distintas actividades previstas.<\/p>\n<p>La jornada de trabajo incluy\u00f3 tambi\u00e9n una visita a las instalaciones del Aeropuerto Internacional Ingeniero Ambrosio Taravella de C\u00f3rdoba con el objetivo de avanzar en la evaluaci\u00f3n de los aspectos operativos y de infraestructura necesarios para la eventual llegada y traslado del Sumo Pont\u00edfice y de su comitiva.<\/p>\n<p>La recorrida forma parte del trabajo de coordinaci\u00f3n que llevan adelante la Secretar\u00eda General de la Presidencia, la delegaci\u00f3n del Vaticano, la Nunciatura Apost\u00f3lica, la Conferencia Episcopal Argentina, la Canciller\u00eda y las autoridades de las distintas jurisdicciones involucradas en la planificaci\u00f3n integral de la visita del papa Le\u00f3n XIV a la Argentina, prevista entre el 8 y el 11 de noviembre.<\/p>\n<p>&nbsp;<\/p>\n","protected":false},"excerpt":{"rendered":"<p>La log\u00edstica comienza a delinearse en la provincia mediterr\u00e1nea En el marco de los preparativos para la visita del papa Le\u00f3n XIV a la Argentina, los equipos involucrados en la organizaci\u00f3n realizaron este martes una jornada de trabajo t\u00e9cnico en la provincia de C\u00f3rdoba con recorridas por distintos puntos relacionados con la agenda del Santo [&hellip;]<\/p>\n","protected":false},"author":4,"featured_media":226570,"comment_status":"open","ping_status":"open","sticky":false,"template":"","format":"standard","meta":{"_joinchat":[],"footnotes":""},"categories":[29],"tags":[],"class_list":["post-226569","post","type-post","status-publish","format-standard","has-post-thumbnail","category-nacionales"],"yoast_head":"<!-- This site is optimized with the Yoast SEO plugin v27.7 - https:\/\/yoast.com\/product\/yoast-seo-wordpress\/ -->\n<title>Avanz\u00f3 en C\u00f3rdoba la organizaci\u00f3n de la visita del papa Le\u00f3n XIV - Radio Infinita Goya<\/title>\n<meta name=\"description\" content=\"La log\u00edstica comienza a delinearse en la provincia mediterr\u00e1nea En el marco de los preparativos para la visita del papa Le\u00f3n XIV a la Argentina, los\" \/>\n<meta name=\"robots\" content=\"index, follow, max-snippet:-1, max-image-preview:large, max-video-preview:-1\" \/>\n<link rel=\"canonical\" href=\"https:\/\/radioinfinitagoya.com.ar\/v1\/2026\/09\/02\/avanzo-en-cordoba-la-organizacion-de-la-visita-del-papa-leon-xiv\/\" \/>\n<meta property=\"og:locale\" content=\"es_ES\" \/>\n<meta property=\"og:type\" content=\"article\" \/>\n<meta property=\"og:title\" content=\"Avanz\u00f3 en C\u00f3rdoba la organizaci\u00f3n de la visita del papa Le\u00f3n XIV - Radio Infinita Goya\" \/>\n<meta property=\"og:description\" content=\"La log\u00edstica comienza a delinearse en la provincia mediterr\u00e1nea En el marco de los preparativos para la visita del papa Le\u00f3n XIV a la Argentina, los\" \/>\n<meta property=\"og:url\" content=\"https:\/\/radioinfinitagoya.com.ar\/v1\/2026\/09\/02\/avanzo-en-cordoba-la-organizacion-de-la-visita-del-papa-leon-xiv\/\" \/>\n<meta property=\"og:site_name\" content=\"Radio Infinita Goya\" \/>\n<meta property=\"article:publisher\" content=\"https:\/\/www.facebook.com\/p\/Infinita-Goya-100063870918311\/\" \/>\n<meta property=\"article:published_time\" content=\"2026-09-02T18:43:56+00:00\" \/>\n<meta property=\"og:image\" content=\"https:\/\/radioinfinitagoya.com.ar\/v1\/wp-content\/uploads\/2026\/09\/7SWitP6b.jpg\" \/>\n\t<meta property=\"og:image:width\" content=\"680\" \/>\n\t<meta property=\"og:image:height\" content=\"454\" \/>\n\t<meta property=\"og:image:type\" content=\"image\/jpeg\" \/>\n<meta name=\"author\" content=\"Jorge Mi\u00f1o\" \/>\n<meta name=\"twitter:card\" content=\"summary_large_image\" \/>\n<meta name=\"twitter:label1\" content=\"Escrito por\" \/>\n\t<meta name=\"twitter:data1\" content=\"Jorge Mi\u00f1o\" \/>\n\t<meta name=\"twitter:label2\" content=\"Tiempo de lectura\" \/>\n\t<meta name=\"twitter:data2\" content=\"2 minutos\" \/>\n<script type=\"application\/ld+json\" class=\"yoast-schema-graph\">{\"@context\":\"https:\\\/\\\/schema.org\",\"@graph\":[{\"@type\":\"Article\",\"@id\":\"https:\\\/\\\/radioinfinitagoya.com.ar\\\/v1\\\/2026\\\/09\\\/02\\\/avanzo-en-cordoba-la-organizacion-de-la-visita-del-papa-leon-xiv\\\/#article\",\"isPartOf\":{\"@id\":\"https:\\\/\\\/radioinfinitagoya.com.ar\\\/v1\\\/2026\\\/09\\\/02\\\/avanzo-en-cordoba-la-organizacion-de-la-visita-del-papa-leon-xiv\\\/\"},\"author\":{\"name\":\"Jorge Mi\u00f1o\",\"@id\":\"https:\\\/\\\/radioinfinitagoya.com.ar\\\/v1\\\/#\\\/schema\\\/person\\\/d4cf9c413d4f6edb24aabdccab49ca4a\"},\"headline\":\"Avanz\u00f3 en C\u00f3rdoba la organizaci\u00f3n de la visita del papa Le\u00f3n XIV\",\"datePublished\":\"2026-09-02T18:43:56+00:00\",\"mainEntityOfPage\":{\"@id\":\"https:\\\/\\\/radioinfinitagoya.com.ar\\\/v1\\\/2026\\\/09\\\/02\\\/avanzo-en-cordoba-la-organizacion-de-la-visita-del-papa-leon-xiv\\\/\"},\"wordCount\":289,\"commentCount\":0,\"publisher\":{\"@id\":\"https:\\\/\\\/radioinfinitagoya.com.ar\\\/v1\\\/#organization\"},\"image\":{\"@id\":\"https:\\\/\\\/radioinfinitagoya.com.ar\\\/v1\\\/2026\\\/09\\\/02\\\/avanzo-en-cordoba-la-organizacion-de-la-visita-del-papa-leon-xiv\\\/#primaryimage\"},\"thumbnailUrl\":\"https:\\\/\\\/radioinfinitagoya.com.ar\\\/v1\\\/wp-content\\\/uploads\\\/2026\\\/09\\\/7SWitP6b.jpg\",\"articleSection\":[\"NACIONALES\"],\"inLanguage\":\"es-AR\",\"potentialAction\":[{\"@type\":\"CommentAction\",\"name\":\"Comment\",\"target\":[\"https:\\\/\\\/radioinfinitagoya.com.ar\\\/v1\\\/2026\\\/09\\\/02\\\/avanzo-en-cordoba-la-organizacion-de-la-visita-del-papa-leon-xiv\\\/#respond\"]}]},{\"@type\":\"WebPage\",\"@id\":\"https:\\\/\\\/radioinfinitagoya.com.ar\\\/v1\\\/2026\\\/09\\\/02\\\/avanzo-en-cordoba-la-organizacion-de-la-visita-del-papa-leon-xiv\\\/\",\"url\":\"https:\\\/\\\/radioinfinitagoya.com.ar\\\/v1\\\/2026\\\/09\\\/02\\\/avanzo-en-cordoba-la-organizacion-de-la-visita-del-papa-leon-xiv\\\/\",\"name\":\"Avanz\u00f3 en C\u00f3rdoba la organizaci\u00f3n de la visita del papa Le\u00f3n XIV - Radio Infinita Goya\",\"isPartOf\":{\"@id\":\"https:\\\/\\\/radioinfinitagoya.com.ar\\\/v1\\\/#website\"},\"primaryImageOfPage\":{\"@id\":\"https:\\\/\\\/radioinfinitagoya.com.ar\\\/v1\\\/2026\\\/09\\\/02\\\/avanzo-en-cordoba-la-organizacion-de-la-visita-del-papa-leon-xiv\\\/#primaryimage\"},\"image\":{\"@id\":\"https:\\\/\\\/radioinfinitagoya.com.ar\\\/v1\\\/2026\\\/09\\\/02\\\/avanzo-en-cordoba-la-organizacion-de-la-visita-del-papa-leon-xiv\\\/#primaryimage\"},\"thumbnailUrl\":\"https:\\\/\\\/radioinfinitagoya.com.ar\\\/v1\\\/wp-content\\\/uploads\\\/2026\\\/09\\\/7SWitP6b.jpg\",\"datePublished\":\"2026-09-02T18:43:56+00:00\",\"description\":\"La log\u00edstica comienza a delinearse en la provincia mediterr\u00e1nea En el marco de los preparativos para la visita del papa Le\u00f3n XIV a la Argentina, los\",\"breadcrumb\":{\"@id\":\"https:\\\/\\\/radioinfinitagoya.com.ar\\\/v1\\\/2026\\\/09\\\/02\\\/avanzo-en-cordoba-la-organizacion-de-la-visita-del-papa-leon-xiv\\\/#breadcrumb\"},\"inLanguage\":\"es-AR\",\"potentialAction\":[{\"@type\":\"ReadAction\",\"target\":[\"https:\\\/\\\/radioinfinitagoya.com.ar\\\/v1\\\/2026\\\/09\\\/02\\\/avanzo-en-cordoba-la-organizacion-de-la-visita-del-papa-leon-xiv\\\/\"]}]},{\"@type\":\"ImageObject\",\"inLanguage\":\"es-AR\",\"@id\":\"https:\\\/\\\/radioinfinitagoya.com.ar\\\/v1\\\/2026\\\/09\\\/02\\\/avanzo-en-cordoba-la-organizacion-de-la-visita-del-papa-leon-xiv\\\/#primaryimage\",\"url\":\"https:\\\/\\\/radioinfinitagoya.com.ar\\\/v1\\\/wp-content\\\/uploads\\\/2026\\\/09\\\/7SWitP6b.jpg\",\"contentUrl\":\"https:\\\/\\\/radioinfinitagoya.com.ar\\\/v1\\\/wp-content\\\/uploads\\\/2026\\\/09\\\/7SWitP6b.jpg\",\"width\":680,\"height\":454},{\"@type\":\"BreadcrumbList\",\"@id\":\"https:\\\/\\\/radioinfinitagoya.com.ar\\\/v1\\\/2026\\\/09\\\/02\\\/avanzo-en-cordoba-la-organizacion-de-la-visita-del-papa-leon-xiv\\\/#breadcrumb\",\"itemListElement\":[{\"@type\":\"ListItem\",\"position\":1,\"name\":\"Inicio\",\"item\":\"https:\\\/\\\/radioinfinitagoya.com.ar\\\/v1\\\/\"},{\"@type\":\"ListItem\",\"position\":2,\"name\":\"Avanz\u00f3 en C\u00f3rdoba la organizaci\u00f3n de la visita del papa Le\u00f3n XIV\"}]},{\"@type\":\"WebSite\",\"@id\":\"https:\\\/\\\/radioinfinitagoya.com.ar\\\/v1\\\/#website\",\"url\":\"https:\\\/\\\/radioinfinitagoya.com.ar\\\/v1\\\/\",\"name\":\"radioinfinitagoya.com.ar\",\"description\":\"Radio de noticias\",\"publisher\":{\"@id\":\"https:\\\/\\\/radioinfinitagoya.com.ar\\\/v1\\\/#organization\"},\"potentialAction\":[{\"@type\":\"SearchAction\",\"target\":{\"@type\":\"EntryPoint\",\"urlTemplate\":\"https:\\\/\\\/radioinfinitagoya.com.ar\\\/v1\\\/?s={search_term_string}\"},\"query-input\":{\"@type\":\"PropertyValueSpecification\",\"valueRequired\":true,\"valueName\":\"search_term_string\"}}],\"inLanguage\":\"es-AR\"},{\"@type\":\"Organization\",\"@id\":\"https:\\\/\\\/radioinfinitagoya.com.ar\\\/v1\\\/#organization\",\"name\":\"Radio Infinita Goya\",\"url\":\"https:\\\/\\\/radioinfinitagoya.com.ar\\\/v1\\\/\",\"logo\":{\"@type\":\"ImageObject\",\"inLanguage\":\"es-AR\",\"@id\":\"https:\\\/\\\/radioinfinitagoya.com.ar\\\/v1\\\/#\\\/schema\\\/logo\\\/image\\\/\",\"url\":\"https:\\\/\\\/radioinfinitagoya.com.ar\\\/v1\\\/wp-content\\\/uploads\\\/2019\\\/11\\\/logo-pie-web.png\",\"contentUrl\":\"https:\\\/\\\/radioinfinitagoya.com.ar\\\/v1\\\/wp-content\\\/uploads\\\/2019\\\/11\\\/logo-pie-web.png\",\"width\":635,\"height\":326,\"caption\":\"Radio Infinita Goya\"},\"image\":{\"@id\":\"https:\\\/\\\/radioinfinitagoya.com.ar\\\/v1\\\/#\\\/schema\\\/logo\\\/image\\\/\"},\"sameAs\":[\"https:\\\/\\\/www.facebook.com\\\/p\\\/Infinita-Goya-100063870918311\\\/\"]},{\"@type\":\"Person\",\"@id\":\"https:\\\/\\\/radioinfinitagoya.com.ar\\\/v1\\\/#\\\/schema\\\/person\\\/d4cf9c413d4f6edb24aabdccab49ca4a\",\"name\":\"Jorge Mi\u00f1o\",\"image\":{\"@type\":\"ImageObject\",\"inLanguage\":\"es-AR\",\"@id\":\"https:\\\/\\\/secure.gravatar.com\\\/avatar\\\/910fcf6728fe95320e07a6643c1581fec1c7fc4bf8ae12e3d8f0d0373dc844be?s=96&d=mm&r=g\",\"url\":\"https:\\\/\\\/secure.gravatar.com\\\/avatar\\\/910fcf6728fe95320e07a6643c1581fec1c7fc4bf8ae12e3d8f0d0373dc844be?s=96&d=mm&r=g\",\"contentUrl\":\"https:\\\/\\\/secure.gravatar.com\\\/avatar\\\/910fcf6728fe95320e07a6643c1581fec1c7fc4bf8ae12e3d8f0d0373dc844be?s=96&d=mm&r=g\",\"caption\":\"Jorge Mi\u00f1o\"},\"sameAs\":[\"http:\\\/\\\/radioinfinitagoya.com.ar\"]}]}<\/script>\n<!-- \/ Yoast SEO plugin. -->","yoast_head_json":{"title":"Avanz\u00f3 en C\u00f3rdoba la organizaci\u00f3n de la visita del papa Le\u00f3n XIV - Radio Infinita Goya","description":"La log\u00edstica comienza a delinearse en la provincia mediterr\u00e1nea En el marco de los preparativos para la visita del papa Le\u00f3n XIV a la Argentina, los","robots":{"index":"index","follow":"follow","max-snippet":"max-snippet:-1","max-image-preview":"max-image-preview:large","max-video-preview":"max-video-preview:-1"},"canonical":"https:\/\/radioinfinitagoya.com.ar\/v1\/2026\/09\/02\/avanzo-en-cordoba-la-organizacion-de-la-visita-del-papa-leon-xiv\/","og_locale":"es_ES","og_type":"article","og_title":"Avanz\u00f3 en C\u00f3rdoba la organizaci\u00f3n de la visita del papa Le\u00f3n XIV - Radio Infinita Goya","og_description":"La log\u00edstica comienza a delinearse en la provincia mediterr\u00e1nea En el marco de los preparativos para la visita del papa Le\u00f3n XIV a la Argentina, los","og_url":"https:\/\/radioinfinitagoya.com.ar\/v1\/2026\/09\/02\/avanzo-en-cordoba-la-organizacion-de-la-visita-del-papa-leon-xiv\/","og_site_name":"Radio Infinita Goya","article_publisher":"https:\/\/www.facebook.com\/p\/Infinita-Goya-100063870918311\/","article_published_time":"2026-09-02T18:43:56+00:00","og_image":[{"width":680,"height":454,"url":"https:\/\/radioinfinitagoya.com.ar\/v1\/wp-content\/uploads\/2026\/09\/7SWitP6b.jpg","type":"image\/jpeg"}],"author":"Jorge Mi\u00f1o","twitter_card":"summary_large_image","twitter_misc":{"Escrito por":"Jorge Mi\u00f1o","Tiempo de lectura":"2 minutos"},"schema":{"@context":"https:\/\/schema.org","@graph":[{"@type":"Article","@id":"https:\/\/radioinfinitagoya.com.ar\/v1\/2026\/09\/02\/avanzo-en-cordoba-la-organizacion-de-la-visita-del-papa-leon-xiv\/#article","isPartOf":{"@id":"https:\/\/radioinfinitagoya.com.ar\/v1\/2026\/09\/02\/avanzo-en-cordoba-la-organizacion-de-la-visita-del-papa-leon-xiv\/"},"author":{"name":"Jorge Mi\u00f1o","@id":"https:\/\/radioinfinitagoya.com.ar\/v1\/#\/schema\/person\/d4cf9c413d4f6edb24aabdccab49ca4a"},"headline":"Avanz\u00f3 en C\u00f3rdoba la organizaci\u00f3n de la visita del papa Le\u00f3n XIV","datePublished":"2026-09-02T18:43:56+00:00","mainEntityOfPage":{"@id":"https:\/\/radioinfinitagoya.com.ar\/v1\/2026\/09\/02\/avanzo-en-cordoba-la-organizacion-de-la-visita-del-papa-leon-xiv\/"},"wordCount":289,"commentCount":0,"publisher":{"@id":"https:\/\/radioinfinitagoya.com.ar\/v1\/#organization"},"image":{"@id":"https:\/\/radioinfinitagoya.com.ar\/v1\/2026\/09\/02\/avanzo-en-cordoba-la-organizacion-de-la-visita-del-papa-leon-xiv\/#primaryimage"},"thumbnailUrl":"https:\/\/radioinfinitagoya.com.ar\/v1\/wp-content\/uploads\/2026\/09\/7SWitP6b.jpg","articleSection":["NACIONALES"],"inLanguage":"es-AR","potentialAction":[{"@type":"CommentAction","name":"Comment","target":["https:\/\/radioinfinitagoya.com.ar\/v1\/2026\/09\/02\/avanzo-en-cordoba-la-organizacion-de-la-visita-del-papa-leon-xiv\/#respond"]}]},{"@type":"WebPage","@id":"https:\/\/radioinfinitagoya.com.ar\/v1\/2026\/09\/02\/avanzo-en-cordoba-la-organizacion-de-la-visita-del-papa-leon-xiv\/","url":"https:\/\/radioinfinitagoya.com.ar\/v1\/2026\/09\/02\/avanzo-en-cordoba-la-organizacion-de-la-visita-del-papa-leon-xiv\/","name":"Avanz\u00f3 en C\u00f3rdoba la organizaci\u00f3n de la visita del papa Le\u00f3n XIV - Radio Infinita Goya","isPartOf":{"@id":"https:\/\/radioinfinitagoya.com.ar\/v1\/#website"},"primaryImageOfPage":{"@id":"https:\/\/radioinfinitagoya.com.ar\/v1\/2026\/09\/02\/avanzo-en-cordoba-la-organizacion-de-la-visita-del-papa-leon-xiv\/#primaryimage"},"image":{"@id":"https:\/\/radioinfinitagoya.com.ar\/v1\/2026\/09\/02\/avanzo-en-cordoba-la-organizacion-de-la-visita-del-papa-leon-xiv\/#primaryimage"},"thumbnailUrl":"https:\/\/radioinfinitagoya.com.ar\/v1\/wp-content\/uploads\/2026\/09\/7SWitP6b.jpg","datePublished":"2026-09-02T18:43:56+00:00","description":"La log\u00edstica comienza a delinearse en la provincia mediterr\u00e1nea En el marco de los preparativos para la visita del papa Le\u00f3n XIV a la Argentina, los","breadcrumb":{"@id":"https:\/\/radioinfinitagoya.com.ar\/v1\/2026\/09\/02\/avanzo-en-cordoba-la-organizacion-de-la-visita-del-papa-leon-xiv\/#breadcrumb"},"inLanguage":"es-AR","potentialAction":[{"@type":"ReadAction","target":["https:\/\/radioinfinitagoya.com.ar\/v1\/2026\/09\/02\/avanzo-en-cordoba-la-organizacion-de-la-visita-del-papa-leon-xiv\/"]}]},{"@type":"ImageObject","inLanguage":"es-AR","@id":"https:\/\/radioinfinitagoya.com.ar\/v1\/2026\/09\/02\/avanzo-en-cordoba-la-organizacion-de-la-visita-del-papa-leon-xiv\/#primaryimage","url":"https:\/\/radioinfinitagoya.com.ar\/v1\/wp-content\/uploads\/2026\/09\/7SWitP6b.jpg","contentUrl":"https:\/\/radioinfinitagoya.com.ar\/v1\/wp-content\/uploads\/2026\/09\/7SWitP6b.jpg","width":680,"height":454},{"@type":"BreadcrumbList","@id":"https:\/\/radioinfinitagoya.com.ar\/v1\/2026\/09\/02\/avanzo-en-cordoba-la-organizacion-de-la-visita-del-papa-leon-xiv\/#breadcrumb","itemListElement":[{"@type":"ListItem","position":1,"name":"Inicio","item":"https:\/\/radioinfinitagoya.com.ar\/v1\/"},{"@type":"ListItem","position":2,"name":"Avanz\u00f3 en C\u00f3rdoba la organizaci\u00f3n de la visita del papa Le\u00f3n XIV"}]},{"@type":"WebSite","@id":"https:\/\/radioinfinitagoya.com.ar\/v1\/#website","url":"https:\/\/radioinfinitagoya.com.ar\/v1\/","name":"radioinfinitagoya.com.ar","description":"Radio de noticias","publisher":{"@id":"https:\/\/radioinfinitagoya.com.ar\/v1\/#organization"},"potentialAction":[{"@type":"SearchAction","target":{"@type":"EntryPoint","urlTemplate":"https:\/\/radioinfinitagoya.com.ar\/v1\/?s={search_term_string}"},"query-input":{"@type":"PropertyValueSpecification","valueRequired":true,"valueName":"search_term_string"}}],"inLanguage":"es-AR"},{"@type":"Organization","@id":"https:\/\/radioinfinitagoya.com.ar\/v1\/#organization","name":"Radio Infinita Goya","url":"https:\/\/radioinfinitagoya.com.ar\/v1\/","logo":{"@type":"ImageObject","inLanguage":"es-AR","@id":"https:\/\/radioinfinitagoya.com.ar\/v1\/#\/schema\/logo\/image\/","url":"https:\/\/radioinfinitagoya.com.ar\/v1\/wp-content\/uploads\/2019\/11\/logo-pie-web.png","contentUrl":"https:\/\/radioinfinitagoya.com.ar\/v1\/wp-content\/uploads\/2019\/11\/logo-pie-web.png","width":635,"height":326,"caption":"Radio Infinita Goya"},"image":{"@id":"https:\/\/radioinfinitagoya.com.ar\/v1\/#\/schema\/logo\/image\/"},"sameAs":["https:\/\/www.facebook.com\/p\/Infinita-Goya-100063870918311\/"]},{"@type":"Person","@id":"https:\/\/radioinfinitagoya.com.ar\/v1\/#\/schema\/person\/d4cf9c413d4f6edb24aabdccab49ca4a","name":"Jorge Mi\u00f1o","image":{"@type":"ImageObject","inLanguage":"es-AR","@id":"https:\/\/secure.gravatar.com\/avatar\/910fcf6728fe95320e07a6643c1581fec1c7fc4bf8ae12e3d8f0d0373dc844be?s=96&d=mm&r=g","url":"https:\/\/secure.gravatar.com\/avatar\/910fcf6728fe95320e07a6643c1581fec1c7fc4bf8ae12e3d8f0d0373dc844be?s=96&d=mm&r=g","contentUrl":"https:\/\/secure.gravatar.com\/avatar\/910fcf6728fe95320e07a6643c1581fec1c7fc4bf8ae12e3d8f0d0373dc844be?s=96&d=mm&r=g","caption":"Jorge Mi\u00f1o"},"sameAs":["http:\/\/radioinfinitagoya.com.ar"]}]}},"_links":{"self":[{"href":"https:\/\/radioinfinitagoya.com.ar\/v1\/wp-json\/wp\/v2\/posts\/226569","targetHints":{"allow":["GET"]}}],"collection":[{"href":"https:\/\/radioinfinitagoya.com.ar\/v1\/wp-json\/wp\/v2\/posts"}],"about":[{"href":"https:\/\/radioinfinitagoya.com.ar\/v1\/wp-json\/wp\/v2\/types\/post"}],"author":[{"embeddable":true,"href":"https:\/\/radioinfinitagoya.com.ar\/v1\/wp-json\/wp\/v2\/users\/4"}],"replies":[{"embeddable":true,"href":"https:\/\/radioinfinitagoya.com.ar\/v1\/wp-json\/wp\/v2\/comments?post=226569"}],"version-history":[{"count":1,"href":"https:\/\/radioinfinitagoya.com.ar\/v1\/wp-json\/wp\/v2\/posts\/226569\/revisions"}],"predecessor-version":[{"id":226571,"href":"https:\/\/radioinfinitagoya.com.ar\/v1\/wp-json\/wp\/v2\/posts\/226569\/revisions\/226571"}],"wp:featuredmedia":[{"embeddable":true,"href":"https:\/\/radioinfinitagoya.com.ar\/v1\/wp-json\/wp\/v2\/media\/226570"}],"wp:attachment":[{"href":"https:\/\/radioinfinitagoya.com.ar\/v1\/wp-json\/wp\/v2\/media?parent=226569"}],"wp:term":[{"taxonomy":"category","embeddable":true,"href":"https:\/\/radioinfinitagoya.com.ar\/v1\/wp-json\/wp\/v2\/categories?post=226569"},{"taxonomy":"post_tag","embeddable":true,"href":"https:\/\/radioinfinitagoya.com.ar\/v1\/wp-json\/wp\/v2\/tags?post=226569"}],"curies":[{"name":"wp","href":"https:\/\/api.w.org\/{rel}","templated":true}]}}