{"id":226572,"date":"2026-09-02T15:49:56","date_gmt":"2026-09-02T18:49:56","guid":{"rendered":"https:\/\/radioinfinitagoya.com.ar\/v1\/?p=226572"},"modified":"2026-09-02T15:49:56","modified_gmt":"2026-09-02T18:49:56","slug":"en-el-dia-de-la-industria-la-critica-del-vice-de-la-uia-al-gobierno","status":"publish","type":"post","link":"https:\/\/radioinfinitagoya.com.ar\/v1\/2026\/09\/02\/en-el-dia-de-la-industria-la-critica-del-vice-de-la-uia-al-gobierno\/","title":{"rendered":"En el D\u00eda de la Industria, la cr\u00edtica del vice de la UIA al Gobierno"},"content":{"rendered":"<p>&#8220;Esta gente no conoce el pa\u00eds&#8221;<\/p>\n<p>Guillermo Moretti cuestion\u00f3 el rumbo econ\u00f3mico y asegur\u00f3 que la industria manufacturera atraviesa una situaci\u00f3n \u201cmuy dif\u00edcil\u201d. Tambi\u00e9n reclam\u00f3 una pol\u00edtica industrial y defendi\u00f3 el mercado interno.<\/p>\n<p>En el marco del D\u00eda de la Industria, el vicepresidente de la Uni\u00f3n Industrial Argentina (UIA), Guillermo Moretti, lanz\u00f3 duras cr\u00edticas contra el Gobierno de Javier Milei y cuestion\u00f3 el rumbo que tom\u00f3 el sector manufacturero.<\/p>\n<p>El dirigente sostuvo que los funcionarios nacionales desconocen la realidad de la industria argentina y afirm\u00f3 que las medidas implementadas por la gesti\u00f3n libertaria derivaron en un proceso de desindustrializaci\u00f3n.<\/p>\n<p>\u201cEsta gente no conoce el pa\u00eds y segundo no conoce lo que es una industria\u201d, afirm\u00f3 Moretti en declaraciones a El Destape Radio.<\/p>\n<p>El cuestionamiento se produjo durante una jornada atravesada por los reclamos del sector empresario por la situaci\u00f3n de la actividad y por la ausencia de las principales figuras del Gobierno nacional en las actividades por el D\u00eda de la Industria.<\/p>\n<p>Guillermo Moretti apunt\u00f3 contra el rumbo econ\u00f3mico<\/p>\n<p>En su an\u00e1lisis, el vicepresidente de la UIA cuestion\u00f3 especialmente el perfil econ\u00f3mico de la actual administraci\u00f3n y utiliz\u00f3 una dura comparaci\u00f3n para referirse al presidente Milei. \u201cEstamos manejados por Rivadavia II. Estamos manejados por un endeudador, un trader que no sabe lo que es un torno\u201d, sostuvo.<\/p>\n<p>Moretti tambi\u00e9n hizo referencia a la situaci\u00f3n patrimonial del mandatario y cuestion\u00f3 el contraste entre el crecimiento de sus finanzas personales y el nivel de endeudamiento del pa\u00eds. \u201cS\u00ed debe saber mucho de finanzas porque sus finanzas personales aumentaron un a\u00f1o un 37% en d\u00f3lares. Y a la Argentina en ese a\u00f1o la endeuda\u201d, afirm\u00f3.<\/p>\n<p><img loading=\"lazy\" decoding=\"async\" class=\"alignnone size-medium wp-image-226574\" src=\"https:\/\/radioinfinitagoya.com.ar\/v1\/wp-content\/uploads\/2026\/09\/uia-milei3-600x338.webp\" alt=\"\" width=\"600\" height=\"338\" srcset=\"https:\/\/radioinfinitagoya.com.ar\/v1\/wp-content\/uploads\/2026\/09\/uia-milei3-600x338.webp 600w, https:\/\/radioinfinitagoya.com.ar\/v1\/wp-content\/uploads\/2026\/09\/uia-milei3-150x84.webp 150w, https:\/\/radioinfinitagoya.com.ar\/v1\/wp-content\/uploads\/2026\/09\/uia-milei3-768x432.webp 768w, https:\/\/radioinfinitagoya.com.ar\/v1\/wp-content\/uploads\/2026\/09\/uia-milei3-747x420.webp 747w, https:\/\/radioinfinitagoya.com.ar\/v1\/wp-content\/uploads\/2026\/09\/uia-milei3-696x392.webp 696w, https:\/\/radioinfinitagoya.com.ar\/v1\/wp-content\/uploads\/2026\/09\/uia-milei3-1068x601.webp 1068w, https:\/\/radioinfinitagoya.com.ar\/v1\/wp-content\/uploads\/2026\/09\/uia-milei3.webp 1200w\" sizes=\"auto, (max-width: 600px) 100vw, 600px\" \/><\/p>\n<p>La industria manufacturera, en el centro de la preocupaci\u00f3n<\/p>\n<p>El dirigente reconoci\u00f3 que existen actividades que muestran una evoluci\u00f3n diferente dentro de la econom\u00eda, pero advirti\u00f3 que esa situaci\u00f3n no se replica en el conjunto del entramado industrial.<\/p>\n<p>En particular, mencion\u00f3 a la miner\u00eda, la energ\u00eda y el petr\u00f3leo como sectores hacia los cuales el Gobierno est\u00e1 orientando buena parte de sus pol\u00edticas.<\/p>\n<p>Sin embargo, se\u00f1al\u00f3 que la industria manufacturera atraviesa un escenario mucho m\u00e1s complejo. \u201cLa industria manufacturera en su conjunto est\u00e1 en una situaci\u00f3n muy, muy dif\u00edcil\u201d, sostuvo Moretti, quien anticip\u00f3 adem\u00e1s un panorama complicado para el futuro de la actividad<\/p>\n<p>El reclamo por una pol\u00edtica industrial<\/p>\n<p>Para el vicepresidente de la UIA, uno de los principales problemas es la ausencia de una estrategia espec\u00edfica destinada al desarrollo industrial. \u201cNo hay una pol\u00edtica dedicada a la industria, al contrario. Todo lo que se est\u00e1 haciendo es una pol\u00edtica de desindustrializaci\u00f3n\u201d, afirm\u00f3.<\/p>\n<p>Moretti tambi\u00e9n vincul\u00f3 el desarrollo productivo con el sistema educativo y cient\u00edfico argentino. En ese sentido, remarc\u00f3 que la industria necesita contar con instituciones capaces de formar profesionales y desarrollar conocimiento.<\/p>\n<p>\u201cNo puede haber industria si vos no ten\u00e9s escuelas t\u00e9cnicas, no puede haber industria si vos no ten\u00e9s universidades, no puede haber industria si vos no ten\u00e9s CONICET, no puede haber industria si vos no ten\u00e9s INTI\u201d, enumer\u00f3.<\/p>\n<p>La importancia del mercado interno para la industria<\/p>\n<p>Otro de los ejes planteados por el dirigente empresario fue el papel de la demanda interna en el crecimiento de la producci\u00f3n nacional.<\/p>\n<p>Moretti consider\u00f3 que el fortalecimiento del mercado interno es una condici\u00f3n necesaria para que un pa\u00eds pueda desarrollar una estructura industrial s\u00f3lida. \u201cSin mercado interno no hay ning\u00fan pa\u00eds que se haya desarrollado industrialmente\u201d, sostuvo.<\/p>\n<p>Con ese diagn\u00f3stico, el vicepresidente de la UIA describi\u00f3 el futuro de la actividad como \u201cmuy precario y muy dif\u00edcil\u201d y volvi\u00f3 a reclamar medidas que permitan sostener y desarrollar la industria manufacturera argentina.<\/p>\n<p>En pocas palabras<\/p>\n<p>Cr\u00edtica a la gesti\u00f3n: El vice de la UIA, Guillermo Moretti, afirm\u00f3 que el Gobierno de Javier Milei desconoce la realidad industrial del pa\u00eds y que sus pol\u00edticas generan desindustrializaci\u00f3n.<\/p>\n<p>Situaci\u00f3n industrial: Moretti advirti\u00f3 que la industria manufacturera atraviesa un momento \u201cmuy, muy dif\u00edcil\u201d y reclam\u00f3 una pol\u00edtica espec\u00edfica para el sector.<\/p>\n<p>Mercado interno: Se destac\u00f3 la importancia del mercado interno para el desarrollo industrial, se\u00f1alando que &#8220;sin mercado interno no hay ning\u00fan pa\u00eds que se haya desarrollado industrialmente&#8221;.<\/p>\n","protected":false},"excerpt":{"rendered":"<p>&#8220;Esta gente no conoce el pa\u00eds&#8221; Guillermo Moretti cuestion\u00f3 el rumbo econ\u00f3mico y asegur\u00f3 que la industria manufacturera atraviesa una situaci\u00f3n \u201cmuy dif\u00edcil\u201d. Tambi\u00e9n reclam\u00f3 una pol\u00edtica industrial y defendi\u00f3 el mercado interno. En el marco del D\u00eda de la Industria, el vicepresidente de la Uni\u00f3n Industrial Argentina (UIA), Guillermo Moretti, lanz\u00f3 duras cr\u00edticas contra [&hellip;]<\/p>\n","protected":false},"author":4,"featured_media":226573,"comment_status":"open","ping_status":"open","sticky":false,"template":"","format":"standard","meta":{"_joinchat":[],"footnotes":""},"categories":[29],"tags":[],"class_list":["post-226572","post","type-post","status-publish","format-standard","has-post-thumbnail","category-nacionales"],"yoast_head":"<!-- This site is optimized with the Yoast SEO plugin v27.7 - https:\/\/yoast.com\/product\/yoast-seo-wordpress\/ -->\n<title>En el D\u00eda de la Industria, la cr\u00edtica del vice de la UIA al Gobierno - Radio Infinita Goya<\/title>\n<meta name=\"description\" content=\"&quot;Esta gente no conoce el pa\u00eds&quot; Guillermo Moretti cuestion\u00f3 el rumbo econ\u00f3mico y asegur\u00f3 que la industria manufacturera atraviesa una situaci\u00f3n \u201cmuy\" \/>\n<meta name=\"robots\" content=\"index, follow, max-snippet:-1, max-image-preview:large, max-video-preview:-1\" \/>\n<link rel=\"canonical\" href=\"https:\/\/radioinfinitagoya.com.ar\/v1\/2026\/09\/02\/en-el-dia-de-la-industria-la-critica-del-vice-de-la-uia-al-gobierno\/\" \/>\n<meta property=\"og:locale\" content=\"es_ES\" \/>\n<meta property=\"og:type\" content=\"article\" \/>\n<meta property=\"og:title\" content=\"En el D\u00eda de la Industria, la cr\u00edtica del vice de la UIA al Gobierno - Radio Infinita Goya\" \/>\n<meta property=\"og:description\" content=\"&quot;Esta gente no conoce el pa\u00eds&quot; Guillermo Moretti cuestion\u00f3 el rumbo econ\u00f3mico y asegur\u00f3 que la industria manufacturera atraviesa una situaci\u00f3n \u201cmuy\" \/>\n<meta property=\"og:url\" content=\"https:\/\/radioinfinitagoya.com.ar\/v1\/2026\/09\/02\/en-el-dia-de-la-industria-la-critica-del-vice-de-la-uia-al-gobierno\/\" \/>\n<meta property=\"og:site_name\" content=\"Radio Infinita Goya\" \/>\n<meta property=\"article:publisher\" content=\"https:\/\/www.facebook.com\/p\/Infinita-Goya-100063870918311\/\" \/>\n<meta property=\"article:published_time\" content=\"2026-09-02T18:49:56+00:00\" \/>\n<meta property=\"og:image\" content=\"https:\/\/radioinfinitagoya.com.ar\/v1\/wp-content\/uploads\/2026\/09\/uia-indutria.png\" \/>\n\t<meta property=\"og:image:width\" content=\"600\" \/>\n\t<meta property=\"og:image:height\" content=\"338\" \/>\n\t<meta property=\"og:image:type\" content=\"image\/png\" \/>\n<meta name=\"author\" content=\"Jorge Mi\u00f1o\" \/>\n<meta name=\"twitter:card\" content=\"summary_large_image\" \/>\n<meta name=\"twitter:label1\" content=\"Escrito por\" \/>\n\t<meta name=\"twitter:data1\" content=\"Jorge Mi\u00f1o\" \/>\n\t<meta name=\"twitter:label2\" content=\"Tiempo de lectura\" \/>\n\t<meta name=\"twitter:data2\" content=\"4 minutos\" \/>\n<script type=\"application\/ld+json\" class=\"yoast-schema-graph\">{\"@context\":\"https:\\\/\\\/schema.org\",\"@graph\":[{\"@type\":\"Article\",\"@id\":\"https:\\\/\\\/radioinfinitagoya.com.ar\\\/v1\\\/2026\\\/09\\\/02\\\/en-el-dia-de-la-industria-la-critica-del-vice-de-la-uia-al-gobierno\\\/#article\",\"isPartOf\":{\"@id\":\"https:\\\/\\\/radioinfinitagoya.com.ar\\\/v1\\\/2026\\\/09\\\/02\\\/en-el-dia-de-la-industria-la-critica-del-vice-de-la-uia-al-gobierno\\\/\"},\"author\":{\"name\":\"Jorge Mi\u00f1o\",\"@id\":\"https:\\\/\\\/radioinfinitagoya.com.ar\\\/v1\\\/#\\\/schema\\\/person\\\/d4cf9c413d4f6edb24aabdccab49ca4a\"},\"headline\":\"En el D\u00eda de la Industria, la cr\u00edtica del vice de la UIA al Gobierno\",\"datePublished\":\"2026-09-02T18:49:56+00:00\",\"mainEntityOfPage\":{\"@id\":\"https:\\\/\\\/radioinfinitagoya.com.ar\\\/v1\\\/2026\\\/09\\\/02\\\/en-el-dia-de-la-industria-la-critica-del-vice-de-la-uia-al-gobierno\\\/\"},\"wordCount\":762,\"commentCount\":0,\"publisher\":{\"@id\":\"https:\\\/\\\/radioinfinitagoya.com.ar\\\/v1\\\/#organization\"},\"image\":{\"@id\":\"https:\\\/\\\/radioinfinitagoya.com.ar\\\/v1\\\/2026\\\/09\\\/02\\\/en-el-dia-de-la-industria-la-critica-del-vice-de-la-uia-al-gobierno\\\/#primaryimage\"},\"thumbnailUrl\":\"https:\\\/\\\/radioinfinitagoya.com.ar\\\/v1\\\/wp-content\\\/uploads\\\/2026\\\/09\\\/uia-indutria.png\",\"articleSection\":[\"NACIONALES\"],\"inLanguage\":\"es-AR\",\"potentialAction\":[{\"@type\":\"CommentAction\",\"name\":\"Comment\",\"target\":[\"https:\\\/\\\/radioinfinitagoya.com.ar\\\/v1\\\/2026\\\/09\\\/02\\\/en-el-dia-de-la-industria-la-critica-del-vice-de-la-uia-al-gobierno\\\/#respond\"]}]},{\"@type\":\"WebPage\",\"@id\":\"https:\\\/\\\/radioinfinitagoya.com.ar\\\/v1\\\/2026\\\/09\\\/02\\\/en-el-dia-de-la-industria-la-critica-del-vice-de-la-uia-al-gobierno\\\/\",\"url\":\"https:\\\/\\\/radioinfinitagoya.com.ar\\\/v1\\\/2026\\\/09\\\/02\\\/en-el-dia-de-la-industria-la-critica-del-vice-de-la-uia-al-gobierno\\\/\",\"name\":\"En el D\u00eda de la Industria, la cr\u00edtica del vice de la UIA al Gobierno - Radio Infinita Goya\",\"isPartOf\":{\"@id\":\"https:\\\/\\\/radioinfinitagoya.com.ar\\\/v1\\\/#website\"},\"primaryImageOfPage\":{\"@id\":\"https:\\\/\\\/radioinfinitagoya.com.ar\\\/v1\\\/2026\\\/09\\\/02\\\/en-el-dia-de-la-industria-la-critica-del-vice-de-la-uia-al-gobierno\\\/#primaryimage\"},\"image\":{\"@id\":\"https:\\\/\\\/radioinfinitagoya.com.ar\\\/v1\\\/2026\\\/09\\\/02\\\/en-el-dia-de-la-industria-la-critica-del-vice-de-la-uia-al-gobierno\\\/#primaryimage\"},\"thumbnailUrl\":\"https:\\\/\\\/radioinfinitagoya.com.ar\\\/v1\\\/wp-content\\\/uploads\\\/2026\\\/09\\\/uia-indutria.png\",\"datePublished\":\"2026-09-02T18:49:56+00:00\",\"description\":\"\\\"Esta gente no conoce el pa\u00eds\\\" Guillermo Moretti cuestion\u00f3 el rumbo econ\u00f3mico y asegur\u00f3 que la industria manufacturera atraviesa una situaci\u00f3n \u201cmuy\",\"breadcrumb\":{\"@id\":\"https:\\\/\\\/radioinfinitagoya.com.ar\\\/v1\\\/2026\\\/09\\\/02\\\/en-el-dia-de-la-industria-la-critica-del-vice-de-la-uia-al-gobierno\\\/#breadcrumb\"},\"inLanguage\":\"es-AR\",\"potentialAction\":[{\"@type\":\"ReadAction\",\"target\":[\"https:\\\/\\\/radioinfinitagoya.com.ar\\\/v1\\\/2026\\\/09\\\/02\\\/en-el-dia-de-la-industria-la-critica-del-vice-de-la-uia-al-gobierno\\\/\"]}]},{\"@type\":\"ImageObject\",\"inLanguage\":\"es-AR\",\"@id\":\"https:\\\/\\\/radioinfinitagoya.com.ar\\\/v1\\\/2026\\\/09\\\/02\\\/en-el-dia-de-la-industria-la-critica-del-vice-de-la-uia-al-gobierno\\\/#primaryimage\",\"url\":\"https:\\\/\\\/radioinfinitagoya.com.ar\\\/v1\\\/wp-content\\\/uploads\\\/2026\\\/09\\\/uia-indutria.png\",\"contentUrl\":\"https:\\\/\\\/radioinfinitagoya.com.ar\\\/v1\\\/wp-content\\\/uploads\\\/2026\\\/09\\\/uia-indutria.png\",\"width\":600,\"height\":338},{\"@type\":\"BreadcrumbList\",\"@id\":\"https:\\\/\\\/radioinfinitagoya.com.ar\\\/v1\\\/2026\\\/09\\\/02\\\/en-el-dia-de-la-industria-la-critica-del-vice-de-la-uia-al-gobierno\\\/#breadcrumb\",\"itemListElement\":[{\"@type\":\"ListItem\",\"position\":1,\"name\":\"Inicio\",\"item\":\"https:\\\/\\\/radioinfinitagoya.com.ar\\\/v1\\\/\"},{\"@type\":\"ListItem\",\"position\":2,\"name\":\"En el D\u00eda de la Industria, la cr\u00edtica del vice de la UIA al Gobierno\"}]},{\"@type\":\"WebSite\",\"@id\":\"https:\\\/\\\/radioinfinitagoya.com.ar\\\/v1\\\/#website\",\"url\":\"https:\\\/\\\/radioinfinitagoya.com.ar\\\/v1\\\/\",\"name\":\"radioinfinitagoya.com.ar\",\"description\":\"Radio de noticias\",\"publisher\":{\"@id\":\"https:\\\/\\\/radioinfinitagoya.com.ar\\\/v1\\\/#organization\"},\"potentialAction\":[{\"@type\":\"SearchAction\",\"target\":{\"@type\":\"EntryPoint\",\"urlTemplate\":\"https:\\\/\\\/radioinfinitagoya.com.ar\\\/v1\\\/?s={search_term_string}\"},\"query-input\":{\"@type\":\"PropertyValueSpecification\",\"valueRequired\":true,\"valueName\":\"search_term_string\"}}],\"inLanguage\":\"es-AR\"},{\"@type\":\"Organization\",\"@id\":\"https:\\\/\\\/radioinfinitagoya.com.ar\\\/v1\\\/#organization\",\"name\":\"Radio Infinita Goya\",\"url\":\"https:\\\/\\\/radioinfinitagoya.com.ar\\\/v1\\\/\",\"logo\":{\"@type\":\"ImageObject\",\"inLanguage\":\"es-AR\",\"@id\":\"https:\\\/\\\/radioinfinitagoya.com.ar\\\/v1\\\/#\\\/schema\\\/logo\\\/image\\\/\",\"url\":\"https:\\\/\\\/radioinfinitagoya.com.ar\\\/v1\\\/wp-content\\\/uploads\\\/2019\\\/11\\\/logo-pie-web.png\",\"contentUrl\":\"https:\\\/\\\/radioinfinitagoya.com.ar\\\/v1\\\/wp-content\\\/uploads\\\/2019\\\/11\\\/logo-pie-web.png\",\"width\":635,\"height\":326,\"caption\":\"Radio Infinita Goya\"},\"image\":{\"@id\":\"https:\\\/\\\/radioinfinitagoya.com.ar\\\/v1\\\/#\\\/schema\\\/logo\\\/image\\\/\"},\"sameAs\":[\"https:\\\/\\\/www.facebook.com\\\/p\\\/Infinita-Goya-100063870918311\\\/\"]},{\"@type\":\"Person\",\"@id\":\"https:\\\/\\\/radioinfinitagoya.com.ar\\\/v1\\\/#\\\/schema\\\/person\\\/d4cf9c413d4f6edb24aabdccab49ca4a\",\"name\":\"Jorge Mi\u00f1o\",\"image\":{\"@type\":\"ImageObject\",\"inLanguage\":\"es-AR\",\"@id\":\"https:\\\/\\\/secure.gravatar.com\\\/avatar\\\/910fcf6728fe95320e07a6643c1581fec1c7fc4bf8ae12e3d8f0d0373dc844be?s=96&d=mm&r=g\",\"url\":\"https:\\\/\\\/secure.gravatar.com\\\/avatar\\\/910fcf6728fe95320e07a6643c1581fec1c7fc4bf8ae12e3d8f0d0373dc844be?s=96&d=mm&r=g\",\"contentUrl\":\"https:\\\/\\\/secure.gravatar.com\\\/avatar\\\/910fcf6728fe95320e07a6643c1581fec1c7fc4bf8ae12e3d8f0d0373dc844be?s=96&d=mm&r=g\",\"caption\":\"Jorge Mi\u00f1o\"},\"sameAs\":[\"http:\\\/\\\/radioinfinitagoya.com.ar\"]}]}<\/script>\n<!-- \/ Yoast SEO plugin. -->","yoast_head_json":{"title":"En el D\u00eda de la Industria, la cr\u00edtica del vice de la UIA al Gobierno - Radio Infinita Goya","description":"\"Esta gente no conoce el pa\u00eds\" Guillermo Moretti cuestion\u00f3 el rumbo econ\u00f3mico y asegur\u00f3 que la industria manufacturera atraviesa una situaci\u00f3n \u201cmuy","robots":{"index":"index","follow":"follow","max-snippet":"max-snippet:-1","max-image-preview":"max-image-preview:large","max-video-preview":"max-video-preview:-1"},"canonical":"https:\/\/radioinfinitagoya.com.ar\/v1\/2026\/09\/02\/en-el-dia-de-la-industria-la-critica-del-vice-de-la-uia-al-gobierno\/","og_locale":"es_ES","og_type":"article","og_title":"En el D\u00eda de la Industria, la cr\u00edtica del vice de la UIA al Gobierno - Radio Infinita Goya","og_description":"\"Esta gente no conoce el pa\u00eds\" Guillermo Moretti cuestion\u00f3 el rumbo econ\u00f3mico y asegur\u00f3 que la industria manufacturera atraviesa una situaci\u00f3n \u201cmuy","og_url":"https:\/\/radioinfinitagoya.com.ar\/v1\/2026\/09\/02\/en-el-dia-de-la-industria-la-critica-del-vice-de-la-uia-al-gobierno\/","og_site_name":"Radio Infinita Goya","article_publisher":"https:\/\/www.facebook.com\/p\/Infinita-Goya-100063870918311\/","article_published_time":"2026-09-02T18:49:56+00:00","og_image":[{"width":600,"height":338,"url":"https:\/\/radioinfinitagoya.com.ar\/v1\/wp-content\/uploads\/2026\/09\/uia-indutria.png","type":"image\/png"}],"author":"Jorge Mi\u00f1o","twitter_card":"summary_large_image","twitter_misc":{"Escrito por":"Jorge Mi\u00f1o","Tiempo de lectura":"4 minutos"},"schema":{"@context":"https:\/\/schema.org","@graph":[{"@type":"Article","@id":"https:\/\/radioinfinitagoya.com.ar\/v1\/2026\/09\/02\/en-el-dia-de-la-industria-la-critica-del-vice-de-la-uia-al-gobierno\/#article","isPartOf":{"@id":"https:\/\/radioinfinitagoya.com.ar\/v1\/2026\/09\/02\/en-el-dia-de-la-industria-la-critica-del-vice-de-la-uia-al-gobierno\/"},"author":{"name":"Jorge Mi\u00f1o","@id":"https:\/\/radioinfinitagoya.com.ar\/v1\/#\/schema\/person\/d4cf9c413d4f6edb24aabdccab49ca4a"},"headline":"En el D\u00eda de la Industria, la cr\u00edtica del vice de la UIA al Gobierno","datePublished":"2026-09-02T18:49:56+00:00","mainEntityOfPage":{"@id":"https:\/\/radioinfinitagoya.com.ar\/v1\/2026\/09\/02\/en-el-dia-de-la-industria-la-critica-del-vice-de-la-uia-al-gobierno\/"},"wordCount":762,"commentCount":0,"publisher":{"@id":"https:\/\/radioinfinitagoya.com.ar\/v1\/#organization"},"image":{"@id":"https:\/\/radioinfinitagoya.com.ar\/v1\/2026\/09\/02\/en-el-dia-de-la-industria-la-critica-del-vice-de-la-uia-al-gobierno\/#primaryimage"},"thumbnailUrl":"https:\/\/radioinfinitagoya.com.ar\/v1\/wp-content\/uploads\/2026\/09\/uia-indutria.png","articleSection":["NACIONALES"],"inLanguage":"es-AR","potentialAction":[{"@type":"CommentAction","name":"Comment","target":["https:\/\/radioinfinitagoya.com.ar\/v1\/2026\/09\/02\/en-el-dia-de-la-industria-la-critica-del-vice-de-la-uia-al-gobierno\/#respond"]}]},{"@type":"WebPage","@id":"https:\/\/radioinfinitagoya.com.ar\/v1\/2026\/09\/02\/en-el-dia-de-la-industria-la-critica-del-vice-de-la-uia-al-gobierno\/","url":"https:\/\/radioinfinitagoya.com.ar\/v1\/2026\/09\/02\/en-el-dia-de-la-industria-la-critica-del-vice-de-la-uia-al-gobierno\/","name":"En el D\u00eda de la Industria, la cr\u00edtica del vice de la UIA al Gobierno - Radio Infinita Goya","isPartOf":{"@id":"https:\/\/radioinfinitagoya.com.ar\/v1\/#website"},"primaryImageOfPage":{"@id":"https:\/\/radioinfinitagoya.com.ar\/v1\/2026\/09\/02\/en-el-dia-de-la-industria-la-critica-del-vice-de-la-uia-al-gobierno\/#primaryimage"},"image":{"@id":"https:\/\/radioinfinitagoya.com.ar\/v1\/2026\/09\/02\/en-el-dia-de-la-industria-la-critica-del-vice-de-la-uia-al-gobierno\/#primaryimage"},"thumbnailUrl":"https:\/\/radioinfinitagoya.com.ar\/v1\/wp-content\/uploads\/2026\/09\/uia-indutria.png","datePublished":"2026-09-02T18:49:56+00:00","description":"\"Esta gente no conoce el pa\u00eds\" Guillermo Moretti cuestion\u00f3 el rumbo econ\u00f3mico y asegur\u00f3 que la industria manufacturera atraviesa una situaci\u00f3n \u201cmuy","breadcrumb":{"@id":"https:\/\/radioinfinitagoya.com.ar\/v1\/2026\/09\/02\/en-el-dia-de-la-industria-la-critica-del-vice-de-la-uia-al-gobierno\/#breadcrumb"},"inLanguage":"es-AR","potentialAction":[{"@type":"ReadAction","target":["https:\/\/radioinfinitagoya.com.ar\/v1\/2026\/09\/02\/en-el-dia-de-la-industria-la-critica-del-vice-de-la-uia-al-gobierno\/"]}]},{"@type":"ImageObject","inLanguage":"es-AR","@id":"https:\/\/radioinfinitagoya.com.ar\/v1\/2026\/09\/02\/en-el-dia-de-la-industria-la-critica-del-vice-de-la-uia-al-gobierno\/#primaryimage","url":"https:\/\/radioinfinitagoya.com.ar\/v1\/wp-content\/uploads\/2026\/09\/uia-indutria.png","contentUrl":"https:\/\/radioinfinitagoya.com.ar\/v1\/wp-content\/uploads\/2026\/09\/uia-indutria.png","width":600,"height":338},{"@type":"BreadcrumbList","@id":"https:\/\/radioinfinitagoya.com.ar\/v1\/2026\/09\/02\/en-el-dia-de-la-industria-la-critica-del-vice-de-la-uia-al-gobierno\/#breadcrumb","itemListElement":[{"@type":"ListItem","position":1,"name":"Inicio","item":"https:\/\/radioinfinitagoya.com.ar\/v1\/"},{"@type":"ListItem","position":2,"name":"En el D\u00eda de la Industria, la cr\u00edtica del vice de la UIA al Gobierno"}]},{"@type":"WebSite","@id":"https:\/\/radioinfinitagoya.com.ar\/v1\/#website","url":"https:\/\/radioinfinitagoya.com.ar\/v1\/","name":"radioinfinitagoya.com.ar","description":"Radio de noticias","publisher":{"@id":"https:\/\/radioinfinitagoya.com.ar\/v1\/#organization"},"potentialAction":[{"@type":"SearchAction","target":{"@type":"EntryPoint","urlTemplate":"https:\/\/radioinfinitagoya.com.ar\/v1\/?s={search_term_string}"},"query-input":{"@type":"PropertyValueSpecification","valueRequired":true,"valueName":"search_term_string"}}],"inLanguage":"es-AR"},{"@type":"Organization","@id":"https:\/\/radioinfinitagoya.com.ar\/v1\/#organization","name":"Radio Infinita Goya","url":"https:\/\/radioinfinitagoya.com.ar\/v1\/","logo":{"@type":"ImageObject","inLanguage":"es-AR","@id":"https:\/\/radioinfinitagoya.com.ar\/v1\/#\/schema\/logo\/image\/","url":"https:\/\/radioinfinitagoya.com.ar\/v1\/wp-content\/uploads\/2019\/11\/logo-pie-web.png","contentUrl":"https:\/\/radioinfinitagoya.com.ar\/v1\/wp-content\/uploads\/2019\/11\/logo-pie-web.png","width":635,"height":326,"caption":"Radio Infinita Goya"},"image":{"@id":"https:\/\/radioinfinitagoya.com.ar\/v1\/#\/schema\/logo\/image\/"},"sameAs":["https:\/\/www.facebook.com\/p\/Infinita-Goya-100063870918311\/"]},{"@type":"Person","@id":"https:\/\/radioinfinitagoya.com.ar\/v1\/#\/schema\/person\/d4cf9c413d4f6edb24aabdccab49ca4a","name":"Jorge Mi\u00f1o","image":{"@type":"ImageObject","inLanguage":"es-AR","@id":"https:\/\/secure.gravatar.com\/avatar\/910fcf6728fe95320e07a6643c1581fec1c7fc4bf8ae12e3d8f0d0373dc844be?s=96&d=mm&r=g","url":"https:\/\/secure.gravatar.com\/avatar\/910fcf6728fe95320e07a6643c1581fec1c7fc4bf8ae12e3d8f0d0373dc844be?s=96&d=mm&r=g","contentUrl":"https:\/\/secure.gravatar.com\/avatar\/910fcf6728fe95320e07a6643c1581fec1c7fc4bf8ae12e3d8f0d0373dc844be?s=96&d=mm&r=g","caption":"Jorge Mi\u00f1o"},"sameAs":["http:\/\/radioinfinitagoya.com.ar"]}]}},"_links":{"self":[{"href":"https:\/\/radioinfinitagoya.com.ar\/v1\/wp-json\/wp\/v2\/posts\/226572","targetHints":{"allow":["GET"]}}],"collection":[{"href":"https:\/\/radioinfinitagoya.com.ar\/v1\/wp-json\/wp\/v2\/posts"}],"about":[{"href":"https:\/\/radioinfinitagoya.com.ar\/v1\/wp-json\/wp\/v2\/types\/post"}],"author":[{"embeddable":true,"href":"https:\/\/radioinfinitagoya.com.ar\/v1\/wp-json\/wp\/v2\/users\/4"}],"replies":[{"embeddable":true,"href":"https:\/\/radioinfinitagoya.com.ar\/v1\/wp-json\/wp\/v2\/comments?post=226572"}],"version-history":[{"count":1,"href":"https:\/\/radioinfinitagoya.com.ar\/v1\/wp-json\/wp\/v2\/posts\/226572\/revisions"}],"predecessor-version":[{"id":226575,"href":"https:\/\/radioinfinitagoya.com.ar\/v1\/wp-json\/wp\/v2\/posts\/226572\/revisions\/226575"}],"wp:featuredmedia":[{"embeddable":true,"href":"https:\/\/radioinfinitagoya.com.ar\/v1\/wp-json\/wp\/v2\/media\/226573"}],"wp:attachment":[{"href":"https:\/\/radioinfinitagoya.com.ar\/v1\/wp-json\/wp\/v2\/media?parent=226572"}],"wp:term":[{"taxonomy":"category","embeddable":true,"href":"https:\/\/radioinfinitagoya.com.ar\/v1\/wp-json\/wp\/v2\/categories?post=226572"},{"taxonomy":"post_tag","embeddable":true,"href":"https:\/\/radioinfinitagoya.com.ar\/v1\/wp-json\/wp\/v2\/tags?post=226572"}],"curies":[{"name":"wp","href":"https:\/\/api.w.org\/{rel}","templated":true}]}}