{"id":226576,"date":"2026-09-02T15:56:18","date_gmt":"2026-09-02T18:56:18","guid":{"rendered":"https:\/\/radioinfinitagoya.com.ar\/v1\/?p=226576"},"modified":"2026-09-02T15:56:18","modified_gmt":"2026-09-02T18:56:18","slug":"el-gobierno-fijo-el-nuevo-salario-minimo-vital-y-movil-que-se-cobrara-desde-septiembre","status":"publish","type":"post","link":"https:\/\/radioinfinitagoya.com.ar\/v1\/2026\/09\/02\/el-gobierno-fijo-el-nuevo-salario-minimo-vital-y-movil-que-se-cobrara-desde-septiembre\/","title":{"rendered":"El Gobierno fij\u00f3 el nuevo Salario M\u00ednimo, Vital y M\u00f3vil que se cobrar\u00e1 desde septiembre"},"content":{"rendered":"<p>El piso salarial para los trabajadores de jornada completa tendr\u00e1 aumentos progresivos hasta abril de 2027. Tambi\u00e9n se modifican los valores de referencia para la prestaci\u00f3n por desempleo.<\/p>\n<p>El Gobierno estableci\u00f3 el nuevo esquema del Salario M\u00ednimo, Vital y M\u00f3vil (SMVM), que comenzar\u00e1 en $383.800 mensuales desde septiembre de 2026 y llegar\u00e1 a $437.000 en abril de 2027.<\/p>\n<p>La actualizaci\u00f3n qued\u00f3 oficializada este mi\u00e9rcoles mediante la Resoluci\u00f3n 4\/2026 del Consejo Nacional del Empleo, la Productividad y el Salario M\u00ednimo, Vital y M\u00f3vil, publicada en el Bolet\u00edn Oficial.<\/p>\n<p>Los nuevos montos alcanzan a los trabajadores comprendidos por el R\u00e9gimen de Contrato de Trabajo, el R\u00e9gimen de Trabajo Agrario y tambi\u00e9n a empleados de la Administraci\u00f3n P\u00fablica Nacional y de organismos y entidades del Estado Nacional que act\u00faen como empleadores.<\/p>\n<p>Para quienes trabajan menos horas que la jornada legal completa, el salario m\u00ednimo deber\u00e1 calcularse de manera proporcional.<\/p>\n<p>El nuevo salario m\u00ednimo, mes por mes<\/p>\n<p>La resoluci\u00f3n determin\u00f3 una actualizaci\u00f3n escalonada del salario m\u00ednimo durante ocho meses consecutivos. Para los trabajadores mensualizados con jornada completa, los valores ser\u00e1n:<\/p>\n<p>Septiembre 2026: $383.800.<br \/>\nOctubre 2026: $391.200.<br \/>\nNoviembre 2026: $398.800.<br \/>\nDiciembre 2026: $406.400.<br \/>\nEnero 2027: $414.200.<br \/>\nFebrero 2027: $422.000.<br \/>\nMarzo 2027: $429.600.<br \/>\nAbril 2027: $437.000.<\/p>\n<p>Tambi\u00e9n se fijaron los valores correspondientes a los trabajadores jornalizados: la hora de trabajo parte de $1.919 en septiembre y llegar\u00e1 a $2.185 en abril de 2027.<\/p>\n<p>C\u00f3mo impactar\u00e1 en la prestaci\u00f3n por desempleo<\/p>\n<p>El nuevo salario m\u00ednimo tambi\u00e9n funciona como referencia para determinar los l\u00edmites de la Prestaci\u00f3n por Desempleo. El beneficio se calcula tomando como base el 75% de la mejor remuneraci\u00f3n mensual, normal y habitual percibida durante los seis meses anteriores a la finalizaci\u00f3n del v\u00ednculo laboral.<\/p>\n<p>A partir de la nueva resoluci\u00f3n, el monto tendr\u00e1 adem\u00e1s un piso equivalente al 50% del salario m\u00ednimo vigente y un techo que no podr\u00e1 superar el 100% de ese mismo valor.<\/p>\n<p>Por lo tanto, los l\u00edmites de la prestaci\u00f3n se ir\u00e1n modificando a medida que entren en vigencia los distintos valores del SMVM hasta abril del a\u00f1o pr\u00f3ximo.<\/p>\n<p><img loading=\"lazy\" decoding=\"async\" class=\"alignnone size-medium wp-image-226578\" src=\"https:\/\/radioinfinitagoya.com.ar\/v1\/wp-content\/uploads\/2026\/09\/salario-minimo-vital-y-movil-cuatro-salarios-minimos-son-necesarios-superar-la-linea-pobreza-argentina-foto-internet-600x338.webp\" alt=\"\" width=\"600\" height=\"338\" srcset=\"https:\/\/radioinfinitagoya.com.ar\/v1\/wp-content\/uploads\/2026\/09\/salario-minimo-vital-y-movil-cuatro-salarios-minimos-son-necesarios-superar-la-linea-pobreza-argentina-foto-internet-600x338.webp 600w, https:\/\/radioinfinitagoya.com.ar\/v1\/wp-content\/uploads\/2026\/09\/salario-minimo-vital-y-movil-cuatro-salarios-minimos-son-necesarios-superar-la-linea-pobreza-argentina-foto-internet-150x84.webp 150w, https:\/\/radioinfinitagoya.com.ar\/v1\/wp-content\/uploads\/2026\/09\/salario-minimo-vital-y-movil-cuatro-salarios-minimos-son-necesarios-superar-la-linea-pobreza-argentina-foto-internet-768x432.webp 768w, https:\/\/radioinfinitagoya.com.ar\/v1\/wp-content\/uploads\/2026\/09\/salario-minimo-vital-y-movil-cuatro-salarios-minimos-son-necesarios-superar-la-linea-pobreza-argentina-foto-internet-747x420.webp 747w, https:\/\/radioinfinitagoya.com.ar\/v1\/wp-content\/uploads\/2026\/09\/salario-minimo-vital-y-movil-cuatro-salarios-minimos-son-necesarios-superar-la-linea-pobreza-argentina-foto-internet-696x392.webp 696w, https:\/\/radioinfinitagoya.com.ar\/v1\/wp-content\/uploads\/2026\/09\/salario-minimo-vital-y-movil-cuatro-salarios-minimos-son-necesarios-superar-la-linea-pobreza-argentina-foto-internet-1068x601.webp 1068w, https:\/\/radioinfinitagoya.com.ar\/v1\/wp-content\/uploads\/2026\/09\/salario-minimo-vital-y-movil-cuatro-salarios-minimos-son-necesarios-superar-la-linea-pobreza-argentina-foto-internet.webp 1200w\" sizes=\"auto, (max-width: 600px) 100vw, 600px\" \/><\/p>\n<p>Por qu\u00e9 el Gobierno decidi\u00f3 fijar los nuevos valores<\/p>\n<p>La definici\u00f3n del Ejecutivo lleg\u00f3 despu\u00e9s de una reuni\u00f3n del Consejo del Salario que termin\u00f3 sin consenso entre las partes. En ese encuentro, las centrales sindicales rechazaron la propuesta presentada por el sector empresario, que contemplaba incrementos de 1,8% para septiembre y 1,7% para los meses posteriores hasta abril.<\/p>\n<p>Ante la falta de acuerdo, el Gobierno qued\u00f3 habilitado para determinar los nuevos valores mediante un laudo, mecanismo que ya hab\u00eda utilizado en una oportunidad anterior para establecer una actualizaci\u00f3n en varios tramos.<\/p>\n<p>En pocas palabras<\/p>\n<p>Gobierno fij\u00f3: El nuevo Salario M\u00ednimo, Vital y M\u00f3vil tendr\u00e1 aumentos progresivos hasta abril de 2027.<\/p>\n<p>Valores de referencia: El piso salarial comenzar\u00e1 en $383.800 en septiembre de 2026 y llegar\u00e1 a $437.000 en abril de 2027.<\/p>\n<p>Prestaci\u00f3n por desempleo: Se modifican los l\u00edmites de la prestaci\u00f3n, con un piso del 50% y un techo del 100% del SMVM.<\/p>\n<p>&nbsp;<\/p>\n","protected":false},"excerpt":{"rendered":"<p>El piso salarial para los trabajadores de jornada completa tendr\u00e1 aumentos progresivos hasta abril de 2027. Tambi\u00e9n se modifican los valores de referencia para la prestaci\u00f3n por desempleo. El Gobierno estableci\u00f3 el nuevo esquema del Salario M\u00ednimo, Vital y M\u00f3vil (SMVM), que comenzar\u00e1 en $383.800 mensuales desde septiembre de 2026 y llegar\u00e1 a $437.000 en [&hellip;]<\/p>\n","protected":false},"author":4,"featured_media":226577,"comment_status":"open","ping_status":"open","sticky":false,"template":"","format":"standard","meta":{"_joinchat":[],"footnotes":""},"categories":[29],"tags":[],"class_list":["post-226576","post","type-post","status-publish","format-standard","has-post-thumbnail","category-nacionales"],"yoast_head":"<!-- This site is optimized with the Yoast SEO plugin v27.7 - https:\/\/yoast.com\/product\/yoast-seo-wordpress\/ -->\n<title>El Gobierno fij\u00f3 el nuevo Salario M\u00ednimo, Vital y M\u00f3vil que se cobrar\u00e1 desde septiembre - Radio Infinita Goya<\/title>\n<meta name=\"description\" content=\"El piso salarial para los trabajadores de jornada completa tendr\u00e1 aumentos progresivos hasta abril de 2027. Tambi\u00e9n se modifican los valores de referencia\" \/>\n<meta name=\"robots\" content=\"index, follow, max-snippet:-1, max-image-preview:large, max-video-preview:-1\" \/>\n<link rel=\"canonical\" href=\"https:\/\/radioinfinitagoya.com.ar\/v1\/2026\/09\/02\/el-gobierno-fijo-el-nuevo-salario-minimo-vital-y-movil-que-se-cobrara-desde-septiembre\/\" \/>\n<meta property=\"og:locale\" content=\"es_ES\" \/>\n<meta property=\"og:type\" content=\"article\" \/>\n<meta property=\"og:title\" content=\"El Gobierno fij\u00f3 el nuevo Salario M\u00ednimo, Vital y M\u00f3vil que se cobrar\u00e1 desde septiembre - Radio Infinita Goya\" \/>\n<meta property=\"og:description\" content=\"El piso salarial para los trabajadores de jornada completa tendr\u00e1 aumentos progresivos hasta abril de 2027. Tambi\u00e9n se modifican los valores de referencia\" \/>\n<meta property=\"og:url\" content=\"https:\/\/radioinfinitagoya.com.ar\/v1\/2026\/09\/02\/el-gobierno-fijo-el-nuevo-salario-minimo-vital-y-movil-que-se-cobrara-desde-septiembre\/\" \/>\n<meta property=\"og:site_name\" content=\"Radio Infinita Goya\" \/>\n<meta property=\"article:publisher\" content=\"https:\/\/www.facebook.com\/p\/Infinita-Goya-100063870918311\/\" \/>\n<meta property=\"article:published_time\" content=\"2026-09-02T18:56:18+00:00\" \/>\n<meta property=\"og:image\" content=\"https:\/\/radioinfinitagoya.com.ar\/v1\/wp-content\/uploads\/2026\/09\/salario-minimo-plata-billetes.webp\" \/>\n\t<meta property=\"og:image:width\" content=\"1200\" \/>\n\t<meta property=\"og:image:height\" content=\"675\" \/>\n\t<meta property=\"og:image:type\" content=\"image\/webp\" \/>\n<meta name=\"author\" content=\"Jorge Mi\u00f1o\" \/>\n<meta name=\"twitter:card\" content=\"summary_large_image\" \/>\n<meta name=\"twitter:label1\" content=\"Escrito por\" \/>\n\t<meta name=\"twitter:data1\" content=\"Jorge Mi\u00f1o\" \/>\n\t<meta name=\"twitter:label2\" content=\"Tiempo de lectura\" \/>\n\t<meta name=\"twitter:data2\" content=\"3 minutos\" \/>\n<script type=\"application\/ld+json\" class=\"yoast-schema-graph\">{\"@context\":\"https:\\\/\\\/schema.org\",\"@graph\":[{\"@type\":\"Article\",\"@id\":\"https:\\\/\\\/radioinfinitagoya.com.ar\\\/v1\\\/2026\\\/09\\\/02\\\/el-gobierno-fijo-el-nuevo-salario-minimo-vital-y-movil-que-se-cobrara-desde-septiembre\\\/#article\",\"isPartOf\":{\"@id\":\"https:\\\/\\\/radioinfinitagoya.com.ar\\\/v1\\\/2026\\\/09\\\/02\\\/el-gobierno-fijo-el-nuevo-salario-minimo-vital-y-movil-que-se-cobrara-desde-septiembre\\\/\"},\"author\":{\"name\":\"Jorge Mi\u00f1o\",\"@id\":\"https:\\\/\\\/radioinfinitagoya.com.ar\\\/v1\\\/#\\\/schema\\\/person\\\/d4cf9c413d4f6edb24aabdccab49ca4a\"},\"headline\":\"El Gobierno fij\u00f3 el nuevo Salario M\u00ednimo, Vital y M\u00f3vil que se cobrar\u00e1 desde septiembre\",\"datePublished\":\"2026-09-02T18:56:18+00:00\",\"mainEntityOfPage\":{\"@id\":\"https:\\\/\\\/radioinfinitagoya.com.ar\\\/v1\\\/2026\\\/09\\\/02\\\/el-gobierno-fijo-el-nuevo-salario-minimo-vital-y-movil-que-se-cobrara-desde-septiembre\\\/\"},\"wordCount\":523,\"commentCount\":0,\"publisher\":{\"@id\":\"https:\\\/\\\/radioinfinitagoya.com.ar\\\/v1\\\/#organization\"},\"image\":{\"@id\":\"https:\\\/\\\/radioinfinitagoya.com.ar\\\/v1\\\/2026\\\/09\\\/02\\\/el-gobierno-fijo-el-nuevo-salario-minimo-vital-y-movil-que-se-cobrara-desde-septiembre\\\/#primaryimage\"},\"thumbnailUrl\":\"https:\\\/\\\/radioinfinitagoya.com.ar\\\/v1\\\/wp-content\\\/uploads\\\/2026\\\/09\\\/salario-minimo-plata-billetes.webp\",\"articleSection\":[\"NACIONALES\"],\"inLanguage\":\"es-AR\",\"potentialAction\":[{\"@type\":\"CommentAction\",\"name\":\"Comment\",\"target\":[\"https:\\\/\\\/radioinfinitagoya.com.ar\\\/v1\\\/2026\\\/09\\\/02\\\/el-gobierno-fijo-el-nuevo-salario-minimo-vital-y-movil-que-se-cobrara-desde-septiembre\\\/#respond\"]}]},{\"@type\":\"WebPage\",\"@id\":\"https:\\\/\\\/radioinfinitagoya.com.ar\\\/v1\\\/2026\\\/09\\\/02\\\/el-gobierno-fijo-el-nuevo-salario-minimo-vital-y-movil-que-se-cobrara-desde-septiembre\\\/\",\"url\":\"https:\\\/\\\/radioinfinitagoya.com.ar\\\/v1\\\/2026\\\/09\\\/02\\\/el-gobierno-fijo-el-nuevo-salario-minimo-vital-y-movil-que-se-cobrara-desde-septiembre\\\/\",\"name\":\"El Gobierno fij\u00f3 el nuevo Salario M\u00ednimo, Vital y M\u00f3vil que se cobrar\u00e1 desde septiembre - Radio Infinita Goya\",\"isPartOf\":{\"@id\":\"https:\\\/\\\/radioinfinitagoya.com.ar\\\/v1\\\/#website\"},\"primaryImageOfPage\":{\"@id\":\"https:\\\/\\\/radioinfinitagoya.com.ar\\\/v1\\\/2026\\\/09\\\/02\\\/el-gobierno-fijo-el-nuevo-salario-minimo-vital-y-movil-que-se-cobrara-desde-septiembre\\\/#primaryimage\"},\"image\":{\"@id\":\"https:\\\/\\\/radioinfinitagoya.com.ar\\\/v1\\\/2026\\\/09\\\/02\\\/el-gobierno-fijo-el-nuevo-salario-minimo-vital-y-movil-que-se-cobrara-desde-septiembre\\\/#primaryimage\"},\"thumbnailUrl\":\"https:\\\/\\\/radioinfinitagoya.com.ar\\\/v1\\\/wp-content\\\/uploads\\\/2026\\\/09\\\/salario-minimo-plata-billetes.webp\",\"datePublished\":\"2026-09-02T18:56:18+00:00\",\"description\":\"El piso salarial para los trabajadores de jornada completa tendr\u00e1 aumentos progresivos hasta abril de 2027. Tambi\u00e9n se modifican los valores de referencia\",\"breadcrumb\":{\"@id\":\"https:\\\/\\\/radioinfinitagoya.com.ar\\\/v1\\\/2026\\\/09\\\/02\\\/el-gobierno-fijo-el-nuevo-salario-minimo-vital-y-movil-que-se-cobrara-desde-septiembre\\\/#breadcrumb\"},\"inLanguage\":\"es-AR\",\"potentialAction\":[{\"@type\":\"ReadAction\",\"target\":[\"https:\\\/\\\/radioinfinitagoya.com.ar\\\/v1\\\/2026\\\/09\\\/02\\\/el-gobierno-fijo-el-nuevo-salario-minimo-vital-y-movil-que-se-cobrara-desde-septiembre\\\/\"]}]},{\"@type\":\"ImageObject\",\"inLanguage\":\"es-AR\",\"@id\":\"https:\\\/\\\/radioinfinitagoya.com.ar\\\/v1\\\/2026\\\/09\\\/02\\\/el-gobierno-fijo-el-nuevo-salario-minimo-vital-y-movil-que-se-cobrara-desde-septiembre\\\/#primaryimage\",\"url\":\"https:\\\/\\\/radioinfinitagoya.com.ar\\\/v1\\\/wp-content\\\/uploads\\\/2026\\\/09\\\/salario-minimo-plata-billetes.webp\",\"contentUrl\":\"https:\\\/\\\/radioinfinitagoya.com.ar\\\/v1\\\/wp-content\\\/uploads\\\/2026\\\/09\\\/salario-minimo-plata-billetes.webp\",\"width\":1200,\"height\":675},{\"@type\":\"BreadcrumbList\",\"@id\":\"https:\\\/\\\/radioinfinitagoya.com.ar\\\/v1\\\/2026\\\/09\\\/02\\\/el-gobierno-fijo-el-nuevo-salario-minimo-vital-y-movil-que-se-cobrara-desde-septiembre\\\/#breadcrumb\",\"itemListElement\":[{\"@type\":\"ListItem\",\"position\":1,\"name\":\"Inicio\",\"item\":\"https:\\\/\\\/radioinfinitagoya.com.ar\\\/v1\\\/\"},{\"@type\":\"ListItem\",\"position\":2,\"name\":\"El Gobierno fij\u00f3 el nuevo Salario M\u00ednimo, Vital y M\u00f3vil que se cobrar\u00e1 desde septiembre\"}]},{\"@type\":\"WebSite\",\"@id\":\"https:\\\/\\\/radioinfinitagoya.com.ar\\\/v1\\\/#website\",\"url\":\"https:\\\/\\\/radioinfinitagoya.com.ar\\\/v1\\\/\",\"name\":\"radioinfinitagoya.com.ar\",\"description\":\"Radio de noticias\",\"publisher\":{\"@id\":\"https:\\\/\\\/radioinfinitagoya.com.ar\\\/v1\\\/#organization\"},\"potentialAction\":[{\"@type\":\"SearchAction\",\"target\":{\"@type\":\"EntryPoint\",\"urlTemplate\":\"https:\\\/\\\/radioinfinitagoya.com.ar\\\/v1\\\/?s={search_term_string}\"},\"query-input\":{\"@type\":\"PropertyValueSpecification\",\"valueRequired\":true,\"valueName\":\"search_term_string\"}}],\"inLanguage\":\"es-AR\"},{\"@type\":\"Organization\",\"@id\":\"https:\\\/\\\/radioinfinitagoya.com.ar\\\/v1\\\/#organization\",\"name\":\"Radio Infinita Goya\",\"url\":\"https:\\\/\\\/radioinfinitagoya.com.ar\\\/v1\\\/\",\"logo\":{\"@type\":\"ImageObject\",\"inLanguage\":\"es-AR\",\"@id\":\"https:\\\/\\\/radioinfinitagoya.com.ar\\\/v1\\\/#\\\/schema\\\/logo\\\/image\\\/\",\"url\":\"https:\\\/\\\/radioinfinitagoya.com.ar\\\/v1\\\/wp-content\\\/uploads\\\/2019\\\/11\\\/logo-pie-web.png\",\"contentUrl\":\"https:\\\/\\\/radioinfinitagoya.com.ar\\\/v1\\\/wp-content\\\/uploads\\\/2019\\\/11\\\/logo-pie-web.png\",\"width\":635,\"height\":326,\"caption\":\"Radio Infinita Goya\"},\"image\":{\"@id\":\"https:\\\/\\\/radioinfinitagoya.com.ar\\\/v1\\\/#\\\/schema\\\/logo\\\/image\\\/\"},\"sameAs\":[\"https:\\\/\\\/www.facebook.com\\\/p\\\/Infinita-Goya-100063870918311\\\/\"]},{\"@type\":\"Person\",\"@id\":\"https:\\\/\\\/radioinfinitagoya.com.ar\\\/v1\\\/#\\\/schema\\\/person\\\/d4cf9c413d4f6edb24aabdccab49ca4a\",\"name\":\"Jorge Mi\u00f1o\",\"image\":{\"@type\":\"ImageObject\",\"inLanguage\":\"es-AR\",\"@id\":\"https:\\\/\\\/secure.gravatar.com\\\/avatar\\\/910fcf6728fe95320e07a6643c1581fec1c7fc4bf8ae12e3d8f0d0373dc844be?s=96&d=mm&r=g\",\"url\":\"https:\\\/\\\/secure.gravatar.com\\\/avatar\\\/910fcf6728fe95320e07a6643c1581fec1c7fc4bf8ae12e3d8f0d0373dc844be?s=96&d=mm&r=g\",\"contentUrl\":\"https:\\\/\\\/secure.gravatar.com\\\/avatar\\\/910fcf6728fe95320e07a6643c1581fec1c7fc4bf8ae12e3d8f0d0373dc844be?s=96&d=mm&r=g\",\"caption\":\"Jorge Mi\u00f1o\"},\"sameAs\":[\"http:\\\/\\\/radioinfinitagoya.com.ar\"]}]}<\/script>\n<!-- \/ Yoast SEO plugin. -->","yoast_head_json":{"title":"El Gobierno fij\u00f3 el nuevo Salario M\u00ednimo, Vital y M\u00f3vil que se cobrar\u00e1 desde septiembre - Radio Infinita Goya","description":"El piso salarial para los trabajadores de jornada completa tendr\u00e1 aumentos progresivos hasta abril de 2027. Tambi\u00e9n se modifican los valores de referencia","robots":{"index":"index","follow":"follow","max-snippet":"max-snippet:-1","max-image-preview":"max-image-preview:large","max-video-preview":"max-video-preview:-1"},"canonical":"https:\/\/radioinfinitagoya.com.ar\/v1\/2026\/09\/02\/el-gobierno-fijo-el-nuevo-salario-minimo-vital-y-movil-que-se-cobrara-desde-septiembre\/","og_locale":"es_ES","og_type":"article","og_title":"El Gobierno fij\u00f3 el nuevo Salario M\u00ednimo, Vital y M\u00f3vil que se cobrar\u00e1 desde septiembre - Radio Infinita Goya","og_description":"El piso salarial para los trabajadores de jornada completa tendr\u00e1 aumentos progresivos hasta abril de 2027. Tambi\u00e9n se modifican los valores de referencia","og_url":"https:\/\/radioinfinitagoya.com.ar\/v1\/2026\/09\/02\/el-gobierno-fijo-el-nuevo-salario-minimo-vital-y-movil-que-se-cobrara-desde-septiembre\/","og_site_name":"Radio Infinita Goya","article_publisher":"https:\/\/www.facebook.com\/p\/Infinita-Goya-100063870918311\/","article_published_time":"2026-09-02T18:56:18+00:00","og_image":[{"width":1200,"height":675,"url":"https:\/\/radioinfinitagoya.com.ar\/v1\/wp-content\/uploads\/2026\/09\/salario-minimo-plata-billetes.webp","type":"image\/webp"}],"author":"Jorge Mi\u00f1o","twitter_card":"summary_large_image","twitter_misc":{"Escrito por":"Jorge Mi\u00f1o","Tiempo de lectura":"3 minutos"},"schema":{"@context":"https:\/\/schema.org","@graph":[{"@type":"Article","@id":"https:\/\/radioinfinitagoya.com.ar\/v1\/2026\/09\/02\/el-gobierno-fijo-el-nuevo-salario-minimo-vital-y-movil-que-se-cobrara-desde-septiembre\/#article","isPartOf":{"@id":"https:\/\/radioinfinitagoya.com.ar\/v1\/2026\/09\/02\/el-gobierno-fijo-el-nuevo-salario-minimo-vital-y-movil-que-se-cobrara-desde-septiembre\/"},"author":{"name":"Jorge Mi\u00f1o","@id":"https:\/\/radioinfinitagoya.com.ar\/v1\/#\/schema\/person\/d4cf9c413d4f6edb24aabdccab49ca4a"},"headline":"El Gobierno fij\u00f3 el nuevo Salario M\u00ednimo, Vital y M\u00f3vil que se cobrar\u00e1 desde septiembre","datePublished":"2026-09-02T18:56:18+00:00","mainEntityOfPage":{"@id":"https:\/\/radioinfinitagoya.com.ar\/v1\/2026\/09\/02\/el-gobierno-fijo-el-nuevo-salario-minimo-vital-y-movil-que-se-cobrara-desde-septiembre\/"},"wordCount":523,"commentCount":0,"publisher":{"@id":"https:\/\/radioinfinitagoya.com.ar\/v1\/#organization"},"image":{"@id":"https:\/\/radioinfinitagoya.com.ar\/v1\/2026\/09\/02\/el-gobierno-fijo-el-nuevo-salario-minimo-vital-y-movil-que-se-cobrara-desde-septiembre\/#primaryimage"},"thumbnailUrl":"https:\/\/radioinfinitagoya.com.ar\/v1\/wp-content\/uploads\/2026\/09\/salario-minimo-plata-billetes.webp","articleSection":["NACIONALES"],"inLanguage":"es-AR","potentialAction":[{"@type":"CommentAction","name":"Comment","target":["https:\/\/radioinfinitagoya.com.ar\/v1\/2026\/09\/02\/el-gobierno-fijo-el-nuevo-salario-minimo-vital-y-movil-que-se-cobrara-desde-septiembre\/#respond"]}]},{"@type":"WebPage","@id":"https:\/\/radioinfinitagoya.com.ar\/v1\/2026\/09\/02\/el-gobierno-fijo-el-nuevo-salario-minimo-vital-y-movil-que-se-cobrara-desde-septiembre\/","url":"https:\/\/radioinfinitagoya.com.ar\/v1\/2026\/09\/02\/el-gobierno-fijo-el-nuevo-salario-minimo-vital-y-movil-que-se-cobrara-desde-septiembre\/","name":"El Gobierno fij\u00f3 el nuevo Salario M\u00ednimo, Vital y M\u00f3vil que se cobrar\u00e1 desde septiembre - Radio Infinita Goya","isPartOf":{"@id":"https:\/\/radioinfinitagoya.com.ar\/v1\/#website"},"primaryImageOfPage":{"@id":"https:\/\/radioinfinitagoya.com.ar\/v1\/2026\/09\/02\/el-gobierno-fijo-el-nuevo-salario-minimo-vital-y-movil-que-se-cobrara-desde-septiembre\/#primaryimage"},"image":{"@id":"https:\/\/radioinfinitagoya.com.ar\/v1\/2026\/09\/02\/el-gobierno-fijo-el-nuevo-salario-minimo-vital-y-movil-que-se-cobrara-desde-septiembre\/#primaryimage"},"thumbnailUrl":"https:\/\/radioinfinitagoya.com.ar\/v1\/wp-content\/uploads\/2026\/09\/salario-minimo-plata-billetes.webp","datePublished":"2026-09-02T18:56:18+00:00","description":"El piso salarial para los trabajadores de jornada completa tendr\u00e1 aumentos progresivos hasta abril de 2027. Tambi\u00e9n se modifican los valores de referencia","breadcrumb":{"@id":"https:\/\/radioinfinitagoya.com.ar\/v1\/2026\/09\/02\/el-gobierno-fijo-el-nuevo-salario-minimo-vital-y-movil-que-se-cobrara-desde-septiembre\/#breadcrumb"},"inLanguage":"es-AR","potentialAction":[{"@type":"ReadAction","target":["https:\/\/radioinfinitagoya.com.ar\/v1\/2026\/09\/02\/el-gobierno-fijo-el-nuevo-salario-minimo-vital-y-movil-que-se-cobrara-desde-septiembre\/"]}]},{"@type":"ImageObject","inLanguage":"es-AR","@id":"https:\/\/radioinfinitagoya.com.ar\/v1\/2026\/09\/02\/el-gobierno-fijo-el-nuevo-salario-minimo-vital-y-movil-que-se-cobrara-desde-septiembre\/#primaryimage","url":"https:\/\/radioinfinitagoya.com.ar\/v1\/wp-content\/uploads\/2026\/09\/salario-minimo-plata-billetes.webp","contentUrl":"https:\/\/radioinfinitagoya.com.ar\/v1\/wp-content\/uploads\/2026\/09\/salario-minimo-plata-billetes.webp","width":1200,"height":675},{"@type":"BreadcrumbList","@id":"https:\/\/radioinfinitagoya.com.ar\/v1\/2026\/09\/02\/el-gobierno-fijo-el-nuevo-salario-minimo-vital-y-movil-que-se-cobrara-desde-septiembre\/#breadcrumb","itemListElement":[{"@type":"ListItem","position":1,"name":"Inicio","item":"https:\/\/radioinfinitagoya.com.ar\/v1\/"},{"@type":"ListItem","position":2,"name":"El Gobierno fij\u00f3 el nuevo Salario M\u00ednimo, Vital y M\u00f3vil que se cobrar\u00e1 desde septiembre"}]},{"@type":"WebSite","@id":"https:\/\/radioinfinitagoya.com.ar\/v1\/#website","url":"https:\/\/radioinfinitagoya.com.ar\/v1\/","name":"radioinfinitagoya.com.ar","description":"Radio de noticias","publisher":{"@id":"https:\/\/radioinfinitagoya.com.ar\/v1\/#organization"},"potentialAction":[{"@type":"SearchAction","target":{"@type":"EntryPoint","urlTemplate":"https:\/\/radioinfinitagoya.com.ar\/v1\/?s={search_term_string}"},"query-input":{"@type":"PropertyValueSpecification","valueRequired":true,"valueName":"search_term_string"}}],"inLanguage":"es-AR"},{"@type":"Organization","@id":"https:\/\/radioinfinitagoya.com.ar\/v1\/#organization","name":"Radio Infinita Goya","url":"https:\/\/radioinfinitagoya.com.ar\/v1\/","logo":{"@type":"ImageObject","inLanguage":"es-AR","@id":"https:\/\/radioinfinitagoya.com.ar\/v1\/#\/schema\/logo\/image\/","url":"https:\/\/radioinfinitagoya.com.ar\/v1\/wp-content\/uploads\/2019\/11\/logo-pie-web.png","contentUrl":"https:\/\/radioinfinitagoya.com.ar\/v1\/wp-content\/uploads\/2019\/11\/logo-pie-web.png","width":635,"height":326,"caption":"Radio Infinita Goya"},"image":{"@id":"https:\/\/radioinfinitagoya.com.ar\/v1\/#\/schema\/logo\/image\/"},"sameAs":["https:\/\/www.facebook.com\/p\/Infinita-Goya-100063870918311\/"]},{"@type":"Person","@id":"https:\/\/radioinfinitagoya.com.ar\/v1\/#\/schema\/person\/d4cf9c413d4f6edb24aabdccab49ca4a","name":"Jorge Mi\u00f1o","image":{"@type":"ImageObject","inLanguage":"es-AR","@id":"https:\/\/secure.gravatar.com\/avatar\/910fcf6728fe95320e07a6643c1581fec1c7fc4bf8ae12e3d8f0d0373dc844be?s=96&d=mm&r=g","url":"https:\/\/secure.gravatar.com\/avatar\/910fcf6728fe95320e07a6643c1581fec1c7fc4bf8ae12e3d8f0d0373dc844be?s=96&d=mm&r=g","contentUrl":"https:\/\/secure.gravatar.com\/avatar\/910fcf6728fe95320e07a6643c1581fec1c7fc4bf8ae12e3d8f0d0373dc844be?s=96&d=mm&r=g","caption":"Jorge Mi\u00f1o"},"sameAs":["http:\/\/radioinfinitagoya.com.ar"]}]}},"_links":{"self":[{"href":"https:\/\/radioinfinitagoya.com.ar\/v1\/wp-json\/wp\/v2\/posts\/226576","targetHints":{"allow":["GET"]}}],"collection":[{"href":"https:\/\/radioinfinitagoya.com.ar\/v1\/wp-json\/wp\/v2\/posts"}],"about":[{"href":"https:\/\/radioinfinitagoya.com.ar\/v1\/wp-json\/wp\/v2\/types\/post"}],"author":[{"embeddable":true,"href":"https:\/\/radioinfinitagoya.com.ar\/v1\/wp-json\/wp\/v2\/users\/4"}],"replies":[{"embeddable":true,"href":"https:\/\/radioinfinitagoya.com.ar\/v1\/wp-json\/wp\/v2\/comments?post=226576"}],"version-history":[{"count":1,"href":"https:\/\/radioinfinitagoya.com.ar\/v1\/wp-json\/wp\/v2\/posts\/226576\/revisions"}],"predecessor-version":[{"id":226579,"href":"https:\/\/radioinfinitagoya.com.ar\/v1\/wp-json\/wp\/v2\/posts\/226576\/revisions\/226579"}],"wp:featuredmedia":[{"embeddable":true,"href":"https:\/\/radioinfinitagoya.com.ar\/v1\/wp-json\/wp\/v2\/media\/226577"}],"wp:attachment":[{"href":"https:\/\/radioinfinitagoya.com.ar\/v1\/wp-json\/wp\/v2\/media?parent=226576"}],"wp:term":[{"taxonomy":"category","embeddable":true,"href":"https:\/\/radioinfinitagoya.com.ar\/v1\/wp-json\/wp\/v2\/categories?post=226576"},{"taxonomy":"post_tag","embeddable":true,"href":"https:\/\/radioinfinitagoya.com.ar\/v1\/wp-json\/wp\/v2\/tags?post=226576"}],"curies":[{"name":"wp","href":"https:\/\/api.w.org\/{rel}","templated":true}]}}