{"id":226583,"date":"2026-09-02T16:08:30","date_gmt":"2026-09-02T19:08:30","guid":{"rendered":"https:\/\/radioinfinitagoya.com.ar\/v1\/?p=226583"},"modified":"2026-09-02T16:08:30","modified_gmt":"2026-09-02T19:08:30","slug":"luis-caputo-tras-participar-en-el-g-20-argentina-se-transformo-en-un-ejemplo","status":"publish","type":"post","link":"https:\/\/radioinfinitagoya.com.ar\/v1\/2026\/09\/02\/luis-caputo-tras-participar-en-el-g-20-argentina-se-transformo-en-un-ejemplo\/","title":{"rendered":"Luis Caputo, tras participar en el G-20: &#8220;Argentina se transform\u00f3 en un ejemplo&#8221;"},"content":{"rendered":"<p>El ministro de Econom\u00eda destac\u00f3 que tanto el FMI como la administraci\u00f3n de Donald Trump elogiaron &#8220;el crecimiento&#8221; del pa\u00eds. Adem\u00e1s, relativiz\u00f3 el riesgo electoral y el problema de la &#8220;morosidad&#8221;.<\/p>\n<p>El ministro de Econom\u00eda, Luis Caputo, defendi\u00f3 el plan econ\u00f3mico tras su participaci\u00f3n en la reuni\u00f3n de ministros de Finanzas del G-20 en Estados Unidos, y destac\u00f3 que tanto el FMI como la administraci\u00f3n de Donald Trump elogiaron &#8220;el crecimiento&#8221; de Argentina. En la misma l\u00ednea, el funcionario vaticin\u00f3 que se van a sobrecumplir las metas con el FMI, neg\u00f3 que haya preocupaci\u00f3n internacional por los argentinos en mora y relativiz\u00f3 el riesgo electoral en 2027. &#8220;Ahora tenemos mucha m\u00e1s munici\u00f3n para enfrentar cualquier situaci\u00f3n&#8221;, afirm\u00f3.<\/p>\n<p>En declaraciones period\u00edsticas realizadas desde Estados Unidos, Caputo asegur\u00f3 que Argentina \u201cse transform\u00f3 en un leading case&#8221; (ejemplo para el mundo), y relat\u00f3 los encuentros que mantuvo esta semana con la titular del FMI, Kristalina Georgieva; el presidente del Banco Mundial, Ajay Banga; y con el propio secretario del Tesoro norteamericano, Scott Bessent.<\/p>\n<p>&#8220;Este fue el mejor G-20 en el que haya participado&#8221;, dijo Caputo en declaraciones a los portales de La Naci\u00f3n e Infobae, tras se\u00f1alar que &#8220;en las reuniones bilaterales, en las felicitaciones, se pone muy en perspectiva lo que ha hecho el pa\u00eds&#8221;.<\/p>\n<p>El ministro relat\u00f3 que lo ubicaron &#8220;como orador principal en la sesi\u00f3n de crecimiento porque justamente una de las cosas que sorprende en el mundo es lo que se hizo en la Argentina (el ajuste), y que eso gener\u00f3 crecimiento. Y hoy eso es debate a nivel mundial porque hay muchos pa\u00edses que tienen d\u00e9ficit y no se animan a hacer lo que hizo este gobierno&#8221;.<\/p>\n<p>Y se\u00f1al\u00f3 que &#8220;la Argentina es un leading case, absolutamente. Eso lo dicen todos. Lo dijo incluso Bessent&#8221;.<\/p>\n<p>Caputo expres\u00f3 que en sus conversaciones con el FMI y con el secretario del Tesoro pudo comprobar que &#8220;no est\u00e1n preocupados por nada, ni por inflaci\u00f3n, morosidad crediticia, d\u00e9ficit, crecimiento&#8221;.<\/p>\n<p>Caputo neg\u00f3 que la &#8220;morosidad&#8221; de los argentinos sea una preocupaci\u00f3n<br \/>\nConsultado sobre el problema de la morosidad que enfrentan millones de argentinos, el ministro de Econom\u00eda dijo que &#8220;ni siquiera hubo una pregunta, nada&#8221; por parte de sus interlocutores en el G-20.<\/p>\n<p>Caputo remarc\u00f3 que con su equipo econ\u00f3mico &#8220;tenemos un di\u00e1logo constante con Georgieva, con Katz, con Banga. Ellos est\u00e1n totalmente al tanto y siguen todo, y se sienten muy c\u00f3modos con que estamos haciendo las cosas correctas. Nunca nos alejamos de la meta de d\u00e9ficit, de equilibrio fiscal. La deuda sigue cayendo; la inflaci\u00f3n, bajando, y la econom\u00eda, recuper\u00e1ndose. Hoy, a nivel internacional, la Argentina es el ejemplo n\u00famero uno, como hemos visto&#8221;.<\/p>\n<p>El ministro dijo que el FMI &#8220;no&#8221; tiene ninguna inquietud respecto a la marcha del programa econ\u00f3mico y de cara a la siguiente revisi\u00f3n del acuerdo. &#8220;La recaudaci\u00f3n est\u00e1 levantando. Los \u00faltimos dos meses levant\u00f3&#8221;, insisti\u00f3 el ministro.<\/p>\n<p>Finalmente, el ministro de Econom\u00eda prometi\u00f3 que &#8220;vamos a estar cumpliendo las metas sin problemas&#8221; y dijo que &#8220;adem\u00e1s, hay que tener en cuenta que en esa meta nosotros no estamos incluyendo lo que son ventas de activos. Con lo cual, si inclu\u00eds las ventas de activos, en realidad vamos a estar sobrecumpliendo c\u00f3modamente&#8221; las metas de superavit fiscal, reservas e inflaci\u00f3n, entre otras firmadas con el FMI.<\/p>\n<p>Caputo dijo que &#8220;aun sin tener en cuenta las ventas de activos, vamos a estar cumpliendo la meta fiscal tambi\u00e9n&#8221;.<\/p>\n<p>Caputo volvi\u00f3 a relativizar el riesgo electoral<\/p>\n<p>En ese marco, relativiz\u00f3 el riesgo de incertidumbre de cara al pr\u00f3ximo proceso electoral por la sucesi\u00f3n presidencial, en la que Milei buscar\u00e1 la reelecci\u00f3n.<\/p>\n<p>&#8220;La inflaci\u00f3n sigue cayendo, las reservas han aumentado fuert\u00edsimamente, tenemos el swap con China y el swap con Estados Unidos, tenemos toda la posici\u00f3n de futuro pr\u00e1cticamente en cero. Son herramientas que la Argentina tiene hacia el a\u00f1o que viene, que algunos ven que puede ser vol\u00e1til, como siempre en un a\u00f1o electoral. Por un lado, tenemos el financiamiento asegurado, y por el otro, tenemos en t\u00e9rminos de mercado de cambios much\u00edsima m\u00e1s munici\u00f3n&#8221;, afirm\u00f3 Caputo.<\/p>\n<p>Y agreg\u00f3 que Argentina tiene &#8220;un poder de fuego que supera largamente la base monetaria&#8221;, por lo que &#8220;no valdr\u00e1 la pena&#8221; salir a pedir nuevo financiamiento externo.<\/p>\n<p>En pocas palabras<\/p>\n<p>Caputo en el G-20: Argentina es un ejemplo para el mundo, seg\u00fan el ministro.<\/p>\n<p>Elogios internacionales: FMI y EE.UU. destacaron el crecimiento argentino y el plan econ\u00f3mico.<\/p>\n<p>Metas sobrecumplidas: El ministro vaticin\u00f3 que se superar\u00e1n los objetivos fiscales y econ\u00f3micos acordados.<\/p>\n","protected":false},"excerpt":{"rendered":"<p>El ministro de Econom\u00eda destac\u00f3 que tanto el FMI como la administraci\u00f3n de Donald Trump elogiaron &#8220;el crecimiento&#8221; del pa\u00eds. Adem\u00e1s, relativiz\u00f3 el riesgo electoral y el problema de la &#8220;morosidad&#8221;. El ministro de Econom\u00eda, Luis Caputo, defendi\u00f3 el plan econ\u00f3mico tras su participaci\u00f3n en la reuni\u00f3n de ministros de Finanzas del G-20 en Estados [&hellip;]<\/p>\n","protected":false},"author":4,"featured_media":226584,"comment_status":"open","ping_status":"open","sticky":false,"template":"","format":"standard","meta":{"_joinchat":[],"footnotes":""},"categories":[34],"tags":[],"class_list":["post-226583","post","type-post","status-publish","format-standard","has-post-thumbnail","category-principal"],"yoast_head":"<!-- This site is optimized with the Yoast SEO plugin v27.7 - https:\/\/yoast.com\/product\/yoast-seo-wordpress\/ -->\n<title>Luis Caputo, tras participar en el G-20: &quot;Argentina se transform\u00f3 en un ejemplo&quot; - Radio Infinita Goya<\/title>\n<meta name=\"description\" content=\"El ministro de Econom\u00eda destac\u00f3 que tanto el FMI como la administraci\u00f3n de Donald Trump elogiaron &quot;el crecimiento&quot; del pa\u00eds. Adem\u00e1s, relativiz\u00f3 el riesgo\" \/>\n<meta name=\"robots\" content=\"index, follow, max-snippet:-1, max-image-preview:large, max-video-preview:-1\" \/>\n<link rel=\"canonical\" href=\"https:\/\/radioinfinitagoya.com.ar\/v1\/2026\/09\/02\/luis-caputo-tras-participar-en-el-g-20-argentina-se-transformo-en-un-ejemplo\/\" \/>\n<meta property=\"og:locale\" content=\"es_ES\" \/>\n<meta property=\"og:type\" content=\"article\" \/>\n<meta property=\"og:title\" content=\"Luis Caputo, tras participar en el G-20: &quot;Argentina se transform\u00f3 en un ejemplo&quot; - Radio Infinita Goya\" \/>\n<meta property=\"og:description\" content=\"El ministro de Econom\u00eda destac\u00f3 que tanto el FMI como la administraci\u00f3n de Donald Trump elogiaron &quot;el crecimiento&quot; del pa\u00eds. Adem\u00e1s, relativiz\u00f3 el riesgo\" \/>\n<meta property=\"og:url\" content=\"https:\/\/radioinfinitagoya.com.ar\/v1\/2026\/09\/02\/luis-caputo-tras-participar-en-el-g-20-argentina-se-transformo-en-un-ejemplo\/\" \/>\n<meta property=\"og:site_name\" content=\"Radio Infinita Goya\" \/>\n<meta property=\"article:publisher\" content=\"https:\/\/www.facebook.com\/p\/Infinita-Goya-100063870918311\/\" \/>\n<meta property=\"article:published_time\" content=\"2026-09-02T19:08:30+00:00\" \/>\n<meta property=\"og:image\" content=\"https:\/\/radioinfinitagoya.com.ar\/v1\/wp-content\/uploads\/2026\/09\/caputo-y-bessent.webp\" \/>\n\t<meta property=\"og:image:width\" content=\"1200\" \/>\n\t<meta property=\"og:image:height\" content=\"675\" \/>\n\t<meta property=\"og:image:type\" content=\"image\/webp\" \/>\n<meta name=\"author\" content=\"Jorge Mi\u00f1o\" \/>\n<meta name=\"twitter:card\" content=\"summary_large_image\" \/>\n<meta name=\"twitter:label1\" content=\"Escrito por\" \/>\n\t<meta name=\"twitter:data1\" content=\"Jorge Mi\u00f1o\" \/>\n\t<meta name=\"twitter:label2\" content=\"Tiempo de lectura\" \/>\n\t<meta name=\"twitter:data2\" content=\"4 minutos\" \/>\n<script type=\"application\/ld+json\" class=\"yoast-schema-graph\">{\"@context\":\"https:\\\/\\\/schema.org\",\"@graph\":[{\"@type\":\"Article\",\"@id\":\"https:\\\/\\\/radioinfinitagoya.com.ar\\\/v1\\\/2026\\\/09\\\/02\\\/luis-caputo-tras-participar-en-el-g-20-argentina-se-transformo-en-un-ejemplo\\\/#article\",\"isPartOf\":{\"@id\":\"https:\\\/\\\/radioinfinitagoya.com.ar\\\/v1\\\/2026\\\/09\\\/02\\\/luis-caputo-tras-participar-en-el-g-20-argentina-se-transformo-en-un-ejemplo\\\/\"},\"author\":{\"name\":\"Jorge Mi\u00f1o\",\"@id\":\"https:\\\/\\\/radioinfinitagoya.com.ar\\\/v1\\\/#\\\/schema\\\/person\\\/d4cf9c413d4f6edb24aabdccab49ca4a\"},\"headline\":\"Luis Caputo, tras participar en el G-20: &#8220;Argentina se transform\u00f3 en un ejemplo&#8221;\",\"datePublished\":\"2026-09-02T19:08:30+00:00\",\"mainEntityOfPage\":{\"@id\":\"https:\\\/\\\/radioinfinitagoya.com.ar\\\/v1\\\/2026\\\/09\\\/02\\\/luis-caputo-tras-participar-en-el-g-20-argentina-se-transformo-en-un-ejemplo\\\/\"},\"wordCount\":825,\"commentCount\":0,\"publisher\":{\"@id\":\"https:\\\/\\\/radioinfinitagoya.com.ar\\\/v1\\\/#organization\"},\"image\":{\"@id\":\"https:\\\/\\\/radioinfinitagoya.com.ar\\\/v1\\\/2026\\\/09\\\/02\\\/luis-caputo-tras-participar-en-el-g-20-argentina-se-transformo-en-un-ejemplo\\\/#primaryimage\"},\"thumbnailUrl\":\"https:\\\/\\\/radioinfinitagoya.com.ar\\\/v1\\\/wp-content\\\/uploads\\\/2026\\\/09\\\/caputo-y-bessent.webp\",\"articleSection\":[\"PRINCIPAL\"],\"inLanguage\":\"es-AR\",\"potentialAction\":[{\"@type\":\"CommentAction\",\"name\":\"Comment\",\"target\":[\"https:\\\/\\\/radioinfinitagoya.com.ar\\\/v1\\\/2026\\\/09\\\/02\\\/luis-caputo-tras-participar-en-el-g-20-argentina-se-transformo-en-un-ejemplo\\\/#respond\"]}]},{\"@type\":\"WebPage\",\"@id\":\"https:\\\/\\\/radioinfinitagoya.com.ar\\\/v1\\\/2026\\\/09\\\/02\\\/luis-caputo-tras-participar-en-el-g-20-argentina-se-transformo-en-un-ejemplo\\\/\",\"url\":\"https:\\\/\\\/radioinfinitagoya.com.ar\\\/v1\\\/2026\\\/09\\\/02\\\/luis-caputo-tras-participar-en-el-g-20-argentina-se-transformo-en-un-ejemplo\\\/\",\"name\":\"Luis Caputo, tras participar en el G-20: \\\"Argentina se transform\u00f3 en un ejemplo\\\" - Radio Infinita Goya\",\"isPartOf\":{\"@id\":\"https:\\\/\\\/radioinfinitagoya.com.ar\\\/v1\\\/#website\"},\"primaryImageOfPage\":{\"@id\":\"https:\\\/\\\/radioinfinitagoya.com.ar\\\/v1\\\/2026\\\/09\\\/02\\\/luis-caputo-tras-participar-en-el-g-20-argentina-se-transformo-en-un-ejemplo\\\/#primaryimage\"},\"image\":{\"@id\":\"https:\\\/\\\/radioinfinitagoya.com.ar\\\/v1\\\/2026\\\/09\\\/02\\\/luis-caputo-tras-participar-en-el-g-20-argentina-se-transformo-en-un-ejemplo\\\/#primaryimage\"},\"thumbnailUrl\":\"https:\\\/\\\/radioinfinitagoya.com.ar\\\/v1\\\/wp-content\\\/uploads\\\/2026\\\/09\\\/caputo-y-bessent.webp\",\"datePublished\":\"2026-09-02T19:08:30+00:00\",\"description\":\"El ministro de Econom\u00eda destac\u00f3 que tanto el FMI como la administraci\u00f3n de Donald Trump elogiaron \\\"el crecimiento\\\" del pa\u00eds. Adem\u00e1s, relativiz\u00f3 el riesgo\",\"breadcrumb\":{\"@id\":\"https:\\\/\\\/radioinfinitagoya.com.ar\\\/v1\\\/2026\\\/09\\\/02\\\/luis-caputo-tras-participar-en-el-g-20-argentina-se-transformo-en-un-ejemplo\\\/#breadcrumb\"},\"inLanguage\":\"es-AR\",\"potentialAction\":[{\"@type\":\"ReadAction\",\"target\":[\"https:\\\/\\\/radioinfinitagoya.com.ar\\\/v1\\\/2026\\\/09\\\/02\\\/luis-caputo-tras-participar-en-el-g-20-argentina-se-transformo-en-un-ejemplo\\\/\"]}]},{\"@type\":\"ImageObject\",\"inLanguage\":\"es-AR\",\"@id\":\"https:\\\/\\\/radioinfinitagoya.com.ar\\\/v1\\\/2026\\\/09\\\/02\\\/luis-caputo-tras-participar-en-el-g-20-argentina-se-transformo-en-un-ejemplo\\\/#primaryimage\",\"url\":\"https:\\\/\\\/radioinfinitagoya.com.ar\\\/v1\\\/wp-content\\\/uploads\\\/2026\\\/09\\\/caputo-y-bessent.webp\",\"contentUrl\":\"https:\\\/\\\/radioinfinitagoya.com.ar\\\/v1\\\/wp-content\\\/uploads\\\/2026\\\/09\\\/caputo-y-bessent.webp\",\"width\":1200,\"height\":675},{\"@type\":\"BreadcrumbList\",\"@id\":\"https:\\\/\\\/radioinfinitagoya.com.ar\\\/v1\\\/2026\\\/09\\\/02\\\/luis-caputo-tras-participar-en-el-g-20-argentina-se-transformo-en-un-ejemplo\\\/#breadcrumb\",\"itemListElement\":[{\"@type\":\"ListItem\",\"position\":1,\"name\":\"Inicio\",\"item\":\"https:\\\/\\\/radioinfinitagoya.com.ar\\\/v1\\\/\"},{\"@type\":\"ListItem\",\"position\":2,\"name\":\"Luis Caputo, tras participar en el G-20: &#8220;Argentina se transform\u00f3 en un ejemplo&#8221;\"}]},{\"@type\":\"WebSite\",\"@id\":\"https:\\\/\\\/radioinfinitagoya.com.ar\\\/v1\\\/#website\",\"url\":\"https:\\\/\\\/radioinfinitagoya.com.ar\\\/v1\\\/\",\"name\":\"radioinfinitagoya.com.ar\",\"description\":\"Radio de noticias\",\"publisher\":{\"@id\":\"https:\\\/\\\/radioinfinitagoya.com.ar\\\/v1\\\/#organization\"},\"potentialAction\":[{\"@type\":\"SearchAction\",\"target\":{\"@type\":\"EntryPoint\",\"urlTemplate\":\"https:\\\/\\\/radioinfinitagoya.com.ar\\\/v1\\\/?s={search_term_string}\"},\"query-input\":{\"@type\":\"PropertyValueSpecification\",\"valueRequired\":true,\"valueName\":\"search_term_string\"}}],\"inLanguage\":\"es-AR\"},{\"@type\":\"Organization\",\"@id\":\"https:\\\/\\\/radioinfinitagoya.com.ar\\\/v1\\\/#organization\",\"name\":\"Radio Infinita Goya\",\"url\":\"https:\\\/\\\/radioinfinitagoya.com.ar\\\/v1\\\/\",\"logo\":{\"@type\":\"ImageObject\",\"inLanguage\":\"es-AR\",\"@id\":\"https:\\\/\\\/radioinfinitagoya.com.ar\\\/v1\\\/#\\\/schema\\\/logo\\\/image\\\/\",\"url\":\"https:\\\/\\\/radioinfinitagoya.com.ar\\\/v1\\\/wp-content\\\/uploads\\\/2019\\\/11\\\/logo-pie-web.png\",\"contentUrl\":\"https:\\\/\\\/radioinfinitagoya.com.ar\\\/v1\\\/wp-content\\\/uploads\\\/2019\\\/11\\\/logo-pie-web.png\",\"width\":635,\"height\":326,\"caption\":\"Radio Infinita Goya\"},\"image\":{\"@id\":\"https:\\\/\\\/radioinfinitagoya.com.ar\\\/v1\\\/#\\\/schema\\\/logo\\\/image\\\/\"},\"sameAs\":[\"https:\\\/\\\/www.facebook.com\\\/p\\\/Infinita-Goya-100063870918311\\\/\"]},{\"@type\":\"Person\",\"@id\":\"https:\\\/\\\/radioinfinitagoya.com.ar\\\/v1\\\/#\\\/schema\\\/person\\\/d4cf9c413d4f6edb24aabdccab49ca4a\",\"name\":\"Jorge Mi\u00f1o\",\"image\":{\"@type\":\"ImageObject\",\"inLanguage\":\"es-AR\",\"@id\":\"https:\\\/\\\/secure.gravatar.com\\\/avatar\\\/910fcf6728fe95320e07a6643c1581fec1c7fc4bf8ae12e3d8f0d0373dc844be?s=96&d=mm&r=g\",\"url\":\"https:\\\/\\\/secure.gravatar.com\\\/avatar\\\/910fcf6728fe95320e07a6643c1581fec1c7fc4bf8ae12e3d8f0d0373dc844be?s=96&d=mm&r=g\",\"contentUrl\":\"https:\\\/\\\/secure.gravatar.com\\\/avatar\\\/910fcf6728fe95320e07a6643c1581fec1c7fc4bf8ae12e3d8f0d0373dc844be?s=96&d=mm&r=g\",\"caption\":\"Jorge Mi\u00f1o\"},\"sameAs\":[\"http:\\\/\\\/radioinfinitagoya.com.ar\"]}]}<\/script>\n<!-- \/ Yoast SEO plugin. -->","yoast_head_json":{"title":"Luis Caputo, tras participar en el G-20: \"Argentina se transform\u00f3 en un ejemplo\" - Radio Infinita Goya","description":"El ministro de Econom\u00eda destac\u00f3 que tanto el FMI como la administraci\u00f3n de Donald Trump elogiaron \"el crecimiento\" del pa\u00eds. Adem\u00e1s, relativiz\u00f3 el riesgo","robots":{"index":"index","follow":"follow","max-snippet":"max-snippet:-1","max-image-preview":"max-image-preview:large","max-video-preview":"max-video-preview:-1"},"canonical":"https:\/\/radioinfinitagoya.com.ar\/v1\/2026\/09\/02\/luis-caputo-tras-participar-en-el-g-20-argentina-se-transformo-en-un-ejemplo\/","og_locale":"es_ES","og_type":"article","og_title":"Luis Caputo, tras participar en el G-20: \"Argentina se transform\u00f3 en un ejemplo\" - Radio Infinita Goya","og_description":"El ministro de Econom\u00eda destac\u00f3 que tanto el FMI como la administraci\u00f3n de Donald Trump elogiaron \"el crecimiento\" del pa\u00eds. Adem\u00e1s, relativiz\u00f3 el riesgo","og_url":"https:\/\/radioinfinitagoya.com.ar\/v1\/2026\/09\/02\/luis-caputo-tras-participar-en-el-g-20-argentina-se-transformo-en-un-ejemplo\/","og_site_name":"Radio Infinita Goya","article_publisher":"https:\/\/www.facebook.com\/p\/Infinita-Goya-100063870918311\/","article_published_time":"2026-09-02T19:08:30+00:00","og_image":[{"width":1200,"height":675,"url":"https:\/\/radioinfinitagoya.com.ar\/v1\/wp-content\/uploads\/2026\/09\/caputo-y-bessent.webp","type":"image\/webp"}],"author":"Jorge Mi\u00f1o","twitter_card":"summary_large_image","twitter_misc":{"Escrito por":"Jorge Mi\u00f1o","Tiempo de lectura":"4 minutos"},"schema":{"@context":"https:\/\/schema.org","@graph":[{"@type":"Article","@id":"https:\/\/radioinfinitagoya.com.ar\/v1\/2026\/09\/02\/luis-caputo-tras-participar-en-el-g-20-argentina-se-transformo-en-un-ejemplo\/#article","isPartOf":{"@id":"https:\/\/radioinfinitagoya.com.ar\/v1\/2026\/09\/02\/luis-caputo-tras-participar-en-el-g-20-argentina-se-transformo-en-un-ejemplo\/"},"author":{"name":"Jorge Mi\u00f1o","@id":"https:\/\/radioinfinitagoya.com.ar\/v1\/#\/schema\/person\/d4cf9c413d4f6edb24aabdccab49ca4a"},"headline":"Luis Caputo, tras participar en el G-20: &#8220;Argentina se transform\u00f3 en un ejemplo&#8221;","datePublished":"2026-09-02T19:08:30+00:00","mainEntityOfPage":{"@id":"https:\/\/radioinfinitagoya.com.ar\/v1\/2026\/09\/02\/luis-caputo-tras-participar-en-el-g-20-argentina-se-transformo-en-un-ejemplo\/"},"wordCount":825,"commentCount":0,"publisher":{"@id":"https:\/\/radioinfinitagoya.com.ar\/v1\/#organization"},"image":{"@id":"https:\/\/radioinfinitagoya.com.ar\/v1\/2026\/09\/02\/luis-caputo-tras-participar-en-el-g-20-argentina-se-transformo-en-un-ejemplo\/#primaryimage"},"thumbnailUrl":"https:\/\/radioinfinitagoya.com.ar\/v1\/wp-content\/uploads\/2026\/09\/caputo-y-bessent.webp","articleSection":["PRINCIPAL"],"inLanguage":"es-AR","potentialAction":[{"@type":"CommentAction","name":"Comment","target":["https:\/\/radioinfinitagoya.com.ar\/v1\/2026\/09\/02\/luis-caputo-tras-participar-en-el-g-20-argentina-se-transformo-en-un-ejemplo\/#respond"]}]},{"@type":"WebPage","@id":"https:\/\/radioinfinitagoya.com.ar\/v1\/2026\/09\/02\/luis-caputo-tras-participar-en-el-g-20-argentina-se-transformo-en-un-ejemplo\/","url":"https:\/\/radioinfinitagoya.com.ar\/v1\/2026\/09\/02\/luis-caputo-tras-participar-en-el-g-20-argentina-se-transformo-en-un-ejemplo\/","name":"Luis Caputo, tras participar en el G-20: \"Argentina se transform\u00f3 en un ejemplo\" - Radio Infinita Goya","isPartOf":{"@id":"https:\/\/radioinfinitagoya.com.ar\/v1\/#website"},"primaryImageOfPage":{"@id":"https:\/\/radioinfinitagoya.com.ar\/v1\/2026\/09\/02\/luis-caputo-tras-participar-en-el-g-20-argentina-se-transformo-en-un-ejemplo\/#primaryimage"},"image":{"@id":"https:\/\/radioinfinitagoya.com.ar\/v1\/2026\/09\/02\/luis-caputo-tras-participar-en-el-g-20-argentina-se-transformo-en-un-ejemplo\/#primaryimage"},"thumbnailUrl":"https:\/\/radioinfinitagoya.com.ar\/v1\/wp-content\/uploads\/2026\/09\/caputo-y-bessent.webp","datePublished":"2026-09-02T19:08:30+00:00","description":"El ministro de Econom\u00eda destac\u00f3 que tanto el FMI como la administraci\u00f3n de Donald Trump elogiaron \"el crecimiento\" del pa\u00eds. Adem\u00e1s, relativiz\u00f3 el riesgo","breadcrumb":{"@id":"https:\/\/radioinfinitagoya.com.ar\/v1\/2026\/09\/02\/luis-caputo-tras-participar-en-el-g-20-argentina-se-transformo-en-un-ejemplo\/#breadcrumb"},"inLanguage":"es-AR","potentialAction":[{"@type":"ReadAction","target":["https:\/\/radioinfinitagoya.com.ar\/v1\/2026\/09\/02\/luis-caputo-tras-participar-en-el-g-20-argentina-se-transformo-en-un-ejemplo\/"]}]},{"@type":"ImageObject","inLanguage":"es-AR","@id":"https:\/\/radioinfinitagoya.com.ar\/v1\/2026\/09\/02\/luis-caputo-tras-participar-en-el-g-20-argentina-se-transformo-en-un-ejemplo\/#primaryimage","url":"https:\/\/radioinfinitagoya.com.ar\/v1\/wp-content\/uploads\/2026\/09\/caputo-y-bessent.webp","contentUrl":"https:\/\/radioinfinitagoya.com.ar\/v1\/wp-content\/uploads\/2026\/09\/caputo-y-bessent.webp","width":1200,"height":675},{"@type":"BreadcrumbList","@id":"https:\/\/radioinfinitagoya.com.ar\/v1\/2026\/09\/02\/luis-caputo-tras-participar-en-el-g-20-argentina-se-transformo-en-un-ejemplo\/#breadcrumb","itemListElement":[{"@type":"ListItem","position":1,"name":"Inicio","item":"https:\/\/radioinfinitagoya.com.ar\/v1\/"},{"@type":"ListItem","position":2,"name":"Luis Caputo, tras participar en el G-20: &#8220;Argentina se transform\u00f3 en un ejemplo&#8221;"}]},{"@type":"WebSite","@id":"https:\/\/radioinfinitagoya.com.ar\/v1\/#website","url":"https:\/\/radioinfinitagoya.com.ar\/v1\/","name":"radioinfinitagoya.com.ar","description":"Radio de noticias","publisher":{"@id":"https:\/\/radioinfinitagoya.com.ar\/v1\/#organization"},"potentialAction":[{"@type":"SearchAction","target":{"@type":"EntryPoint","urlTemplate":"https:\/\/radioinfinitagoya.com.ar\/v1\/?s={search_term_string}"},"query-input":{"@type":"PropertyValueSpecification","valueRequired":true,"valueName":"search_term_string"}}],"inLanguage":"es-AR"},{"@type":"Organization","@id":"https:\/\/radioinfinitagoya.com.ar\/v1\/#organization","name":"Radio Infinita Goya","url":"https:\/\/radioinfinitagoya.com.ar\/v1\/","logo":{"@type":"ImageObject","inLanguage":"es-AR","@id":"https:\/\/radioinfinitagoya.com.ar\/v1\/#\/schema\/logo\/image\/","url":"https:\/\/radioinfinitagoya.com.ar\/v1\/wp-content\/uploads\/2019\/11\/logo-pie-web.png","contentUrl":"https:\/\/radioinfinitagoya.com.ar\/v1\/wp-content\/uploads\/2019\/11\/logo-pie-web.png","width":635,"height":326,"caption":"Radio Infinita Goya"},"image":{"@id":"https:\/\/radioinfinitagoya.com.ar\/v1\/#\/schema\/logo\/image\/"},"sameAs":["https:\/\/www.facebook.com\/p\/Infinita-Goya-100063870918311\/"]},{"@type":"Person","@id":"https:\/\/radioinfinitagoya.com.ar\/v1\/#\/schema\/person\/d4cf9c413d4f6edb24aabdccab49ca4a","name":"Jorge Mi\u00f1o","image":{"@type":"ImageObject","inLanguage":"es-AR","@id":"https:\/\/secure.gravatar.com\/avatar\/910fcf6728fe95320e07a6643c1581fec1c7fc4bf8ae12e3d8f0d0373dc844be?s=96&d=mm&r=g","url":"https:\/\/secure.gravatar.com\/avatar\/910fcf6728fe95320e07a6643c1581fec1c7fc4bf8ae12e3d8f0d0373dc844be?s=96&d=mm&r=g","contentUrl":"https:\/\/secure.gravatar.com\/avatar\/910fcf6728fe95320e07a6643c1581fec1c7fc4bf8ae12e3d8f0d0373dc844be?s=96&d=mm&r=g","caption":"Jorge Mi\u00f1o"},"sameAs":["http:\/\/radioinfinitagoya.com.ar"]}]}},"_links":{"self":[{"href":"https:\/\/radioinfinitagoya.com.ar\/v1\/wp-json\/wp\/v2\/posts\/226583","targetHints":{"allow":["GET"]}}],"collection":[{"href":"https:\/\/radioinfinitagoya.com.ar\/v1\/wp-json\/wp\/v2\/posts"}],"about":[{"href":"https:\/\/radioinfinitagoya.com.ar\/v1\/wp-json\/wp\/v2\/types\/post"}],"author":[{"embeddable":true,"href":"https:\/\/radioinfinitagoya.com.ar\/v1\/wp-json\/wp\/v2\/users\/4"}],"replies":[{"embeddable":true,"href":"https:\/\/radioinfinitagoya.com.ar\/v1\/wp-json\/wp\/v2\/comments?post=226583"}],"version-history":[{"count":1,"href":"https:\/\/radioinfinitagoya.com.ar\/v1\/wp-json\/wp\/v2\/posts\/226583\/revisions"}],"predecessor-version":[{"id":226585,"href":"https:\/\/radioinfinitagoya.com.ar\/v1\/wp-json\/wp\/v2\/posts\/226583\/revisions\/226585"}],"wp:featuredmedia":[{"embeddable":true,"href":"https:\/\/radioinfinitagoya.com.ar\/v1\/wp-json\/wp\/v2\/media\/226584"}],"wp:attachment":[{"href":"https:\/\/radioinfinitagoya.com.ar\/v1\/wp-json\/wp\/v2\/media?parent=226583"}],"wp:term":[{"taxonomy":"category","embeddable":true,"href":"https:\/\/radioinfinitagoya.com.ar\/v1\/wp-json\/wp\/v2\/categories?post=226583"},{"taxonomy":"post_tag","embeddable":true,"href":"https:\/\/radioinfinitagoya.com.ar\/v1\/wp-json\/wp\/v2\/tags?post=226583"}],"curies":[{"name":"wp","href":"https:\/\/api.w.org\/{rel}","templated":true}]}}