{"id":226586,"date":"2026-09-02T17:53:28","date_gmt":"2026-09-02T20:53:28","guid":{"rendered":"https:\/\/radioinfinitagoya.com.ar\/v1\/?p=226586"},"modified":"2026-09-02T17:53:28","modified_gmt":"2026-09-02T20:53:28","slug":"2023-vs-2026-como-les-fue-a-la-industria","status":"publish","type":"post","link":"https:\/\/radioinfinitagoya.com.ar\/v1\/2026\/09\/02\/2023-vs-2026-como-les-fue-a-la-industria\/","title":{"rendered":"2023 vs 2026: c\u00f3mo les fue a la industria"},"content":{"rendered":"<p>La construcci\u00f3n y el empleo en lo que va del Gobierno de Milei<\/p>\n<p>Relevamiento privado contrast\u00f3 indicadores productivos, laborales, comerciales durante per\u00edodos equivalentes; registr\u00f3 bajas mayoritarias<\/p>\n<p>Los resultados de la industria, la construcci\u00f3n, el comercio y el empleo privado registrado en lo que va del Gobierno de Javier Milei volvieron al centro de la discusi\u00f3n como resultado de las quejas de los industriales durante la celebraci\u00f3n del D\u00eda de la Industria y reabrieron el debate sobre la reonversi\u00f3n econ\u00f3mica que empuja el Gobierno Nacional. En ese contexto, un an\u00e1lisis de la Fundaci\u00f3n Encuentro -un think tank ligado al peronismo- se sum\u00f3 a la pol\u00e9mica con n\u00fameros que muestran resultados pobres en el sector y otras variables relacionadas.<\/p>\n<p>El documento, titulado D\u00eda de la Industria 2026. \u00bfEstamos mejor? Industria, actividad y empleo en Argentina, 2023-2026, utiliz\u00f3 datos del Instituto Nacional de Estad\u00edstica y Censos (INDEC), el Sistema Integrado Previsional Argentino (SIPA), la Asociaci\u00f3n de Fabricantes de Cemento Portland (AFCP) y la Confederaci\u00f3n Argentina de la Mediana Empresa (CAME). La comparaci\u00f3n tom\u00f3 los promedios de enero a junio de ambos a\u00f1os para casi todos los indicadores. En empleo, contrast\u00f3 diciembre de 2023 con mayo de 2026, debido a que ese fue el \u00faltimo dato disponible de la serie.<\/p>\n<p>El relevamiento parti\u00f3 de una aclaraci\u00f3n sobre el punto de comparaci\u00f3n. En 2023, la econom\u00eda argentina atraves\u00f3 una sequ\u00eda que afect\u00f3 al sector agropecuario. Seg\u00fan el informe, el Estado declar\u00f3 la emergencia agropecuaria nacional a trav\u00e9s del Decreto 193\/2023, con 173 millones de hect\u00e1reas afectadas, 11,4 millones de hect\u00e1reas de cultivos perdidos y 24,3 millones de cabezas de ganado comprometidas.<\/p>\n<p>La Bolsa de Comercio de Rosario estim\u00f3 entonces una producci\u00f3n de soja de 20 millones de toneladas, la menor desde 1999, con una ca\u00edda interanual de 54,3%. El ma\u00edz registr\u00f3 una baja de 39% y el trigo, de 48%. El producto bruto interno cay\u00f3 1,6% durante ese a\u00f1o, mientras la actividad agropecuaria retrocedi\u00f3 27,1% interanual en agosto, de acuerdo con las cifras citadas por Fundaci\u00f3n Encuentro.<\/p>\n<p><img loading=\"lazy\" decoding=\"async\" class=\"alignnone size-medium wp-image-226588\" src=\"https:\/\/radioinfinitagoya.com.ar\/v1\/wp-content\/uploads\/2026\/09\/N3WRTDMZJBBV7HKMQ7JDB7C2MI-480x600.jpg\" alt=\"\" width=\"480\" height=\"600\" srcset=\"https:\/\/radioinfinitagoya.com.ar\/v1\/wp-content\/uploads\/2026\/09\/N3WRTDMZJBBV7HKMQ7JDB7C2MI-480x600.jpg 480w, https:\/\/radioinfinitagoya.com.ar\/v1\/wp-content\/uploads\/2026\/09\/N3WRTDMZJBBV7HKMQ7JDB7C2MI-120x150.jpg 120w, https:\/\/radioinfinitagoya.com.ar\/v1\/wp-content\/uploads\/2026\/09\/N3WRTDMZJBBV7HKMQ7JDB7C2MI-768x960.jpg 768w, https:\/\/radioinfinitagoya.com.ar\/v1\/wp-content\/uploads\/2026\/09\/N3WRTDMZJBBV7HKMQ7JDB7C2MI-336x420.jpg 336w, https:\/\/radioinfinitagoya.com.ar\/v1\/wp-content\/uploads\/2026\/09\/N3WRTDMZJBBV7HKMQ7JDB7C2MI-696x870.jpg 696w, https:\/\/radioinfinitagoya.com.ar\/v1\/wp-content\/uploads\/2026\/09\/N3WRTDMZJBBV7HKMQ7JDB7C2MI.avif 992w\" sizes=\"auto, (max-width: 480px) 100vw, 480px\" \/><\/p>\n<p>La capacidad instalada industrial baj\u00f3 de 66,6% a 57,6%<\/p>\n<p>El indicador de utilizaci\u00f3n de la capacidad instalada, que mide el nivel de uso de la infraestructura productiva, promedi\u00f3 66,6% durante el primer semestre de 2023. En igual lapso de 2026, alcanz\u00f3 57,6%. La diferencia fue de nueve puntos porcentuales, equivalente a una reducci\u00f3n de 13,5% en el uso relativo de la capacidad industrial<\/p>\n<p>El informe se\u00f1al\u00f3 que la baja atraves\u00f3 casi todo el entramado manufacturero. De los 12 bloques sectoriales que relev\u00f3 el INDEC, 11 operaron en 2026 con una utilizaci\u00f3n menor que la registrada tres a\u00f1os antes. \u201cLa ca\u00edda es pr\u00e1cticamente generalizada\u201d, afirm\u00f3 Fundaci\u00f3n Encuentro en el trabajo.<\/p>\n<p>La industria automotriz mostr\u00f3 una de las diferencias m\u00e1s marcadas. Su utilizaci\u00f3n de capacidad instalada pas\u00f3 de 59,6% en el primer semestre de 2023 a 41,7% en el mismo per\u00edodo de 2026. La metalmec\u00e1nica, excluida la producci\u00f3n automotriz, descendi\u00f3 de 55,4% a 38%. En productos textiles, el indicador baj\u00f3 de 53,7% a 39,2%.<\/p>\n<p>La refinaci\u00f3n de petr\u00f3leo fue el \u00fanico bloque que mejor\u00f3 en esa medici\u00f3n. El sector pas\u00f3 de utilizar 84,6% de su capacidad instalada en el primer semestre de 2023 a 87,3% tres a\u00f1os despu\u00e9s. Fundaci\u00f3n Encuentro defini\u00f3 a esa rama como una actividad intensiva en capital y con una participaci\u00f3n comparativamente menor de mano de obra.<\/p>\n<p><img loading=\"lazy\" decoding=\"async\" class=\"alignnone size-medium wp-image-226589\" src=\"https:\/\/radioinfinitagoya.com.ar\/v1\/wp-content\/uploads\/2026\/09\/UX2VIEAU4VADLECCDKQ5XRS77Q-480x600.jpg\" alt=\"\" width=\"480\" height=\"600\" srcset=\"https:\/\/radioinfinitagoya.com.ar\/v1\/wp-content\/uploads\/2026\/09\/UX2VIEAU4VADLECCDKQ5XRS77Q-480x600.jpg 480w, https:\/\/radioinfinitagoya.com.ar\/v1\/wp-content\/uploads\/2026\/09\/UX2VIEAU4VADLECCDKQ5XRS77Q-120x150.jpg 120w, https:\/\/radioinfinitagoya.com.ar\/v1\/wp-content\/uploads\/2026\/09\/UX2VIEAU4VADLECCDKQ5XRS77Q-768x960.jpg 768w, https:\/\/radioinfinitagoya.com.ar\/v1\/wp-content\/uploads\/2026\/09\/UX2VIEAU4VADLECCDKQ5XRS77Q-336x420.jpg 336w, https:\/\/radioinfinitagoya.com.ar\/v1\/wp-content\/uploads\/2026\/09\/UX2VIEAU4VADLECCDKQ5XRS77Q-696x870.jpg 696w, https:\/\/radioinfinitagoya.com.ar\/v1\/wp-content\/uploads\/2026\/09\/UX2VIEAU4VADLECCDKQ5XRS77Q.avif 992w\" sizes=\"auto, (max-width: 480px) 100vw, 480px\" \/><\/p>\n<p>El \u00edndice de producci\u00f3n industrial manufacturero present\u00f3 una variaci\u00f3n en la misma direcci\u00f3n. El promedio de enero a junio pas\u00f3 de 129,7 puntos en 2023 a 114,1 puntos en 2026. Eso represent\u00f3 una baja de 12% en el volumen f\u00edsico producido, seg\u00fan el informe elaborado sobre la base de datos del INDEC.<\/p>\n<p>Trece de los 14 bloques que integran el \u00edndice quedaron en terreno negativo. Los descensos m\u00e1s pronunciados correspondieron a productos textiles, con 34%; maquinaria y equipo, con 33,4%; y otros equipos, aparatos e instrumentos, con 30%. La refinaci\u00f3n de petr\u00f3leo fue la \u00fanica actividad que mostr\u00f3 una suba, de 2,7 puntos porcentuales, dentro de la comparaci\u00f3n sectorial presentada en el documento.<\/p>\n<p>La construcci\u00f3n registr\u00f3 una baja de 13,4% y el cemento cay\u00f3 24,2%<br \/>\n\u201cLa construcci\u00f3n sigue el mismo patr\u00f3n\u201d, indic\u00f3 Fundaci\u00f3n Encuentro al presentar la comparaci\u00f3n entre los dos semestres. El trabajo sum\u00f3 una segunda variable f\u00edsica para evaluar el sector: los despachos de cemento. El promedio mensual fue de 1.029.965 toneladas en el primer semestre de 2023 y de 780.201 toneladas en el mismo per\u00edodo de 2026.<\/p>\n<p>La actividad de la construcci\u00f3n promedi\u00f3 153,1 puntos en el Estimador Mensual de Actividad Econ\u00f3mica (EMAE) durante el primer semestre de 2023. Entre enero y junio de 2026, ese indicador se ubic\u00f3 en 132,6 puntos. La diferencia marc\u00f3 una disminuci\u00f3n de 13,4%, que el estudio identific\u00f3 como la contracci\u00f3n m\u00e1s amplia entre los sectores incluidos en el \u00edndice.<\/p>\n<p>La ca\u00edda de los despachos alcanz\u00f3 24,2%. El informe remarc\u00f3 que esa medici\u00f3n no depende de una variaci\u00f3n de precios, ya que contabiliza toneladas comercializadas. La producci\u00f3n de minerales no met\u00e1licos destinados a la construcci\u00f3n tambi\u00e9n mostr\u00f3 una baja: el \u00edndice de ese rubro descendi\u00f3 25,7% entre ambos per\u00edodos.<\/p>\n<p>El documento incluy\u00f3 indicadores vinculados al consumo interno. El comercio mayorista, minorista y de reparaciones cay\u00f3 5,6% seg\u00fan el EMAE. Las ventas minoristas que releva CAME, concentradas en comercios de cercan\u00eda, retrocedieron 11,9% al comparar el promedio de 2023 con el de 2026.<\/p>\n<p>\u201cEl consumo interno tambi\u00e9n retrocede\u201d, sostuvo el informe. Fundaci\u00f3n Encuentro se\u00f1al\u00f3 que ninguno de los dos indicadores comerciales incorpora un componente agropecuario relevante, por lo que la sequ\u00eda de 2023 no alter\u00f3 de manera directa esa comparaci\u00f3n.<\/p>\n<p>El empleo asalariado privado registrado cay\u00f3 en 274.600 puestos<\/p>\n<p>El empleo asalariado privado registrado pas\u00f3 de 6.382.700 puestos en diciembre de 2023 a 6.108.100 en mayo de 2026, seg\u00fan la serie SIPA citada por Fundaci\u00f3n Encuentro. La diferencia fue de 274.600 empleos formales menos, una contracci\u00f3n de 4,3% durante 30 meses.<\/p>\n<p>La p\u00e9rdida de puestos no mostr\u00f3 una distribuci\u00f3n uniforme entre las 24 jurisdicciones del pa\u00eds. Cinco provincias sumaron empleo privado registrado: Tucum\u00e1n, con una suba de 8,3%; Neuqu\u00e9n, con 6,8%; La Rioja, con 1,2%; San Juan, con 0,7%; y R\u00edo Negro, con 0,5%.<\/p>\n<p>Las otras 19 jurisdicciones redujeron su cantidad de asalariados privados registrados. Santa Cruz mostr\u00f3 una ca\u00edda de 18,7%; Tierra del Fuego, de 17,4%; y Chubut, de 14,6%. En la provincia de Buenos Aires, la jurisdicci\u00f3n con mayor peso relativo en el empleo privado, la reducci\u00f3n alcanz\u00f3 100.900 puestos.<\/p>\n<p>El informe present\u00f3 esa din\u00e1mica como uno de los ejes de su an\u00e1lisis sobre el desempe\u00f1o de la econom\u00eda real. \u201cDetr\u00e1s de los n\u00fameros que vamos a repasar hay puestos de trabajo y familias que ya no llegan a fin de mes\u201d, expres\u00f3 Fundaci\u00f3n Encuentro en la secci\u00f3n dedicada al mercado laboral.<\/p>\n<p>Agro, miner\u00eda, finanzas e impuestos mostraron n\u00fameros positivos<br \/>\nEl trabajo identific\u00f3 cuatro rubros con resultados positivos entre 2023 y 2026: agricultura, ganader\u00eda, caza y silvicultura; miner\u00eda y petr\u00f3leo; intermediaci\u00f3n financiera; e impuestos netos de subsidios. El estudio diferenci\u00f3 esos avances de los resultados observados en industria, construcci\u00f3n, comercio y empleo formal.<\/p>\n<p>El EMAE del sector agropecuario pas\u00f3 de 106,8 puntos en 2023 a 185,3 en 2026, un aumento de 73,5%. Fundaci\u00f3n Encuentro vincul\u00f3 ese incremento con la comparaci\u00f3n frente a un semestre marcado por la sequ\u00eda. El documento consign\u00f3 que las campa\u00f1as de 2024, 2025 y 2026 no registraron el mismo impacto clim\u00e1tico sobre la cosecha gruesa de soja y ma\u00edz.<\/p>\n<p>El informe cit\u00f3 una estimaci\u00f3n de Ficonomics que ajust\u00f3 el crecimiento agropecuario por la base afectada por la sequ\u00eda. Con ese c\u00e1lculo, la expansi\u00f3n baj\u00f3 de 51,7% a 11% frente a una base sin sequ\u00eda, o a 9,8% frente al promedio de 2015 a 2022. \u201cEl crecimiento del agro no es se\u00f1al de una econom\u00eda en mejor forma, sino la salida de un desastre clim\u00e1tico\u201d, se\u00f1al\u00f3 el documento.<\/p>\n<p>La miner\u00eda y el petr\u00f3leo crecieron 31,2%, al pasar de 103,6 a 135,9 puntos. Seg\u00fan Fundaci\u00f3n Encuentro, ese movimiento respondi\u00f3 casi por completo a Vaca Muerta, un desarrollo iniciado en 2014. El informe mencion\u00f3 como factores los precios internacionales del petr\u00f3leo y la puesta en marcha de infraestructura de transporte, entre ella oleoductos y gasoductos, durante 2023 y los primeros meses de 2024.<\/p>\n<p>La intermediaci\u00f3n financiera aument\u00f3 19,7%, desde 163,5 puntos hasta 195,7. El documento vincul\u00f3 esa variaci\u00f3n con la diferencia entre tasas activas de hasta 120% nominal anual y una tasa BADLAR de bancos privados de 21% nominal anual en junio de 2026. La inflaci\u00f3n interanual de ese mes fue de 34%, seg\u00fan los datos incluidos en el relevamiento.<\/p>\n<p>Los impuestos netos de subsidios subieron 6,9%, de 167,5 a 179 puntos. Fundaci\u00f3n Encuentro asoci\u00f3 ese movimiento con la quita de subsidios a tarifas de servicios p\u00fablicos y con nuevos tributos aplicados a los combustibles. El informe tom\u00f3 como fuentes a INDEC, SIPA, AFCP, CAME, el Banco Central de la Rep\u00fablica Argentina, la Bolsa de Comercio de Rosario, la Fundaci\u00f3n Agropecuaria para el Desarrollo de Argentina y Ficonomics.<\/p>\n<p>&nbsp;<\/p>\n","protected":false},"excerpt":{"rendered":"<p>La construcci\u00f3n y el empleo en lo que va del Gobierno de Milei Relevamiento privado contrast\u00f3 indicadores productivos, laborales, comerciales durante per\u00edodos equivalentes; registr\u00f3 bajas mayoritarias Los resultados de la industria, la construcci\u00f3n, el comercio y el empleo privado registrado en lo que va del Gobierno de Javier Milei volvieron al centro de la discusi\u00f3n [&hellip;]<\/p>\n","protected":false},"author":4,"featured_media":226587,"comment_status":"open","ping_status":"open","sticky":false,"template":"","format":"standard","meta":{"_joinchat":[],"footnotes":""},"categories":[25],"tags":[],"class_list":["post-226586","post","type-post","status-publish","format-standard","has-post-thumbnail","category-destacados"],"yoast_head":"<!-- This site is optimized with the Yoast SEO plugin v27.7 - https:\/\/yoast.com\/product\/yoast-seo-wordpress\/ -->\n<title>2023 vs 2026: c\u00f3mo les fue a la industria - Radio Infinita Goya<\/title>\n<meta name=\"description\" content=\"La construcci\u00f3n y el empleo en lo que va del Gobierno de Milei Relevamiento privado contrast\u00f3 indicadores productivos, laborales, comerciales durante\" \/>\n<meta name=\"robots\" content=\"index, follow, max-snippet:-1, max-image-preview:large, max-video-preview:-1\" \/>\n<link rel=\"canonical\" href=\"https:\/\/radioinfinitagoya.com.ar\/v1\/2026\/09\/02\/2023-vs-2026-como-les-fue-a-la-industria\/\" \/>\n<meta property=\"og:locale\" content=\"es_ES\" \/>\n<meta property=\"og:type\" content=\"article\" \/>\n<meta property=\"og:title\" content=\"2023 vs 2026: c\u00f3mo les fue a la industria - Radio Infinita Goya\" \/>\n<meta property=\"og:description\" content=\"La construcci\u00f3n y el empleo en lo que va del Gobierno de Milei Relevamiento privado contrast\u00f3 indicadores productivos, laborales, comerciales durante\" \/>\n<meta property=\"og:url\" content=\"https:\/\/radioinfinitagoya.com.ar\/v1\/2026\/09\/02\/2023-vs-2026-como-les-fue-a-la-industria\/\" \/>\n<meta property=\"og:site_name\" content=\"Radio Infinita Goya\" \/>\n<meta property=\"article:publisher\" content=\"https:\/\/www.facebook.com\/p\/Infinita-Goya-100063870918311\/\" \/>\n<meta property=\"article:published_time\" content=\"2026-09-02T20:53:28+00:00\" \/>\n<meta name=\"author\" content=\"Jorge Mi\u00f1o\" \/>\n<meta name=\"twitter:card\" content=\"summary_large_image\" \/>\n<meta name=\"twitter:label1\" content=\"Escrito por\" \/>\n\t<meta name=\"twitter:data1\" content=\"Jorge Mi\u00f1o\" \/>\n\t<meta name=\"twitter:label2\" content=\"Tiempo de lectura\" \/>\n\t<meta name=\"twitter:data2\" content=\"8 minutos\" \/>\n<script type=\"application\/ld+json\" class=\"yoast-schema-graph\">{\"@context\":\"https:\\\/\\\/schema.org\",\"@graph\":[{\"@type\":\"Article\",\"@id\":\"https:\\\/\\\/radioinfinitagoya.com.ar\\\/v1\\\/2026\\\/09\\\/02\\\/2023-vs-2026-como-les-fue-a-la-industria\\\/#article\",\"isPartOf\":{\"@id\":\"https:\\\/\\\/radioinfinitagoya.com.ar\\\/v1\\\/2026\\\/09\\\/02\\\/2023-vs-2026-como-les-fue-a-la-industria\\\/\"},\"author\":{\"name\":\"Jorge Mi\u00f1o\",\"@id\":\"https:\\\/\\\/radioinfinitagoya.com.ar\\\/v1\\\/#\\\/schema\\\/person\\\/d4cf9c413d4f6edb24aabdccab49ca4a\"},\"headline\":\"2023 vs 2026: c\u00f3mo les fue a la industria\",\"datePublished\":\"2026-09-02T20:53:28+00:00\",\"mainEntityOfPage\":{\"@id\":\"https:\\\/\\\/radioinfinitagoya.com.ar\\\/v1\\\/2026\\\/09\\\/02\\\/2023-vs-2026-como-les-fue-a-la-industria\\\/\"},\"wordCount\":1515,\"commentCount\":0,\"publisher\":{\"@id\":\"https:\\\/\\\/radioinfinitagoya.com.ar\\\/v1\\\/#organization\"},\"image\":{\"@id\":\"https:\\\/\\\/radioinfinitagoya.com.ar\\\/v1\\\/2026\\\/09\\\/02\\\/2023-vs-2026-como-les-fue-a-la-industria\\\/#primaryimage\"},\"thumbnailUrl\":\"https:\\\/\\\/radioinfinitagoya.com.ar\\\/v1\\\/wp-content\\\/uploads\\\/2026\\\/09\\\/TCIJWPEOSJCT3H64WQYE2UT6ZQ.avif\",\"articleSection\":[\"DESTACADOS\"],\"inLanguage\":\"es-AR\",\"potentialAction\":[{\"@type\":\"CommentAction\",\"name\":\"Comment\",\"target\":[\"https:\\\/\\\/radioinfinitagoya.com.ar\\\/v1\\\/2026\\\/09\\\/02\\\/2023-vs-2026-como-les-fue-a-la-industria\\\/#respond\"]}]},{\"@type\":\"WebPage\",\"@id\":\"https:\\\/\\\/radioinfinitagoya.com.ar\\\/v1\\\/2026\\\/09\\\/02\\\/2023-vs-2026-como-les-fue-a-la-industria\\\/\",\"url\":\"https:\\\/\\\/radioinfinitagoya.com.ar\\\/v1\\\/2026\\\/09\\\/02\\\/2023-vs-2026-como-les-fue-a-la-industria\\\/\",\"name\":\"2023 vs 2026: c\u00f3mo les fue a la industria - Radio Infinita Goya\",\"isPartOf\":{\"@id\":\"https:\\\/\\\/radioinfinitagoya.com.ar\\\/v1\\\/#website\"},\"primaryImageOfPage\":{\"@id\":\"https:\\\/\\\/radioinfinitagoya.com.ar\\\/v1\\\/2026\\\/09\\\/02\\\/2023-vs-2026-como-les-fue-a-la-industria\\\/#primaryimage\"},\"image\":{\"@id\":\"https:\\\/\\\/radioinfinitagoya.com.ar\\\/v1\\\/2026\\\/09\\\/02\\\/2023-vs-2026-como-les-fue-a-la-industria\\\/#primaryimage\"},\"thumbnailUrl\":\"https:\\\/\\\/radioinfinitagoya.com.ar\\\/v1\\\/wp-content\\\/uploads\\\/2026\\\/09\\\/TCIJWPEOSJCT3H64WQYE2UT6ZQ.avif\",\"datePublished\":\"2026-09-02T20:53:28+00:00\",\"description\":\"La construcci\u00f3n y el empleo en lo que va del Gobierno de Milei Relevamiento privado contrast\u00f3 indicadores productivos, laborales, comerciales durante\",\"breadcrumb\":{\"@id\":\"https:\\\/\\\/radioinfinitagoya.com.ar\\\/v1\\\/2026\\\/09\\\/02\\\/2023-vs-2026-como-les-fue-a-la-industria\\\/#breadcrumb\"},\"inLanguage\":\"es-AR\",\"potentialAction\":[{\"@type\":\"ReadAction\",\"target\":[\"https:\\\/\\\/radioinfinitagoya.com.ar\\\/v1\\\/2026\\\/09\\\/02\\\/2023-vs-2026-como-les-fue-a-la-industria\\\/\"]}]},{\"@type\":\"ImageObject\",\"inLanguage\":\"es-AR\",\"@id\":\"https:\\\/\\\/radioinfinitagoya.com.ar\\\/v1\\\/2026\\\/09\\\/02\\\/2023-vs-2026-como-les-fue-a-la-industria\\\/#primaryimage\",\"url\":\"https:\\\/\\\/radioinfinitagoya.com.ar\\\/v1\\\/wp-content\\\/uploads\\\/2026\\\/09\\\/TCIJWPEOSJCT3H64WQYE2UT6ZQ.avif\",\"contentUrl\":\"https:\\\/\\\/radioinfinitagoya.com.ar\\\/v1\\\/wp-content\\\/uploads\\\/2026\\\/09\\\/TCIJWPEOSJCT3H64WQYE2UT6ZQ.avif\",\"width\":992,\"height\":554},{\"@type\":\"BreadcrumbList\",\"@id\":\"https:\\\/\\\/radioinfinitagoya.com.ar\\\/v1\\\/2026\\\/09\\\/02\\\/2023-vs-2026-como-les-fue-a-la-industria\\\/#breadcrumb\",\"itemListElement\":[{\"@type\":\"ListItem\",\"position\":1,\"name\":\"Inicio\",\"item\":\"https:\\\/\\\/radioinfinitagoya.com.ar\\\/v1\\\/\"},{\"@type\":\"ListItem\",\"position\":2,\"name\":\"2023 vs 2026: c\u00f3mo les fue a la industria\"}]},{\"@type\":\"WebSite\",\"@id\":\"https:\\\/\\\/radioinfinitagoya.com.ar\\\/v1\\\/#website\",\"url\":\"https:\\\/\\\/radioinfinitagoya.com.ar\\\/v1\\\/\",\"name\":\"radioinfinitagoya.com.ar\",\"description\":\"Radio de noticias\",\"publisher\":{\"@id\":\"https:\\\/\\\/radioinfinitagoya.com.ar\\\/v1\\\/#organization\"},\"potentialAction\":[{\"@type\":\"SearchAction\",\"target\":{\"@type\":\"EntryPoint\",\"urlTemplate\":\"https:\\\/\\\/radioinfinitagoya.com.ar\\\/v1\\\/?s={search_term_string}\"},\"query-input\":{\"@type\":\"PropertyValueSpecification\",\"valueRequired\":true,\"valueName\":\"search_term_string\"}}],\"inLanguage\":\"es-AR\"},{\"@type\":\"Organization\",\"@id\":\"https:\\\/\\\/radioinfinitagoya.com.ar\\\/v1\\\/#organization\",\"name\":\"Radio Infinita Goya\",\"url\":\"https:\\\/\\\/radioinfinitagoya.com.ar\\\/v1\\\/\",\"logo\":{\"@type\":\"ImageObject\",\"inLanguage\":\"es-AR\",\"@id\":\"https:\\\/\\\/radioinfinitagoya.com.ar\\\/v1\\\/#\\\/schema\\\/logo\\\/image\\\/\",\"url\":\"https:\\\/\\\/radioinfinitagoya.com.ar\\\/v1\\\/wp-content\\\/uploads\\\/2019\\\/11\\\/logo-pie-web.png\",\"contentUrl\":\"https:\\\/\\\/radioinfinitagoya.com.ar\\\/v1\\\/wp-content\\\/uploads\\\/2019\\\/11\\\/logo-pie-web.png\",\"width\":635,\"height\":326,\"caption\":\"Radio Infinita Goya\"},\"image\":{\"@id\":\"https:\\\/\\\/radioinfinitagoya.com.ar\\\/v1\\\/#\\\/schema\\\/logo\\\/image\\\/\"},\"sameAs\":[\"https:\\\/\\\/www.facebook.com\\\/p\\\/Infinita-Goya-100063870918311\\\/\"]},{\"@type\":\"Person\",\"@id\":\"https:\\\/\\\/radioinfinitagoya.com.ar\\\/v1\\\/#\\\/schema\\\/person\\\/d4cf9c413d4f6edb24aabdccab49ca4a\",\"name\":\"Jorge Mi\u00f1o\",\"image\":{\"@type\":\"ImageObject\",\"inLanguage\":\"es-AR\",\"@id\":\"https:\\\/\\\/secure.gravatar.com\\\/avatar\\\/910fcf6728fe95320e07a6643c1581fec1c7fc4bf8ae12e3d8f0d0373dc844be?s=96&d=mm&r=g\",\"url\":\"https:\\\/\\\/secure.gravatar.com\\\/avatar\\\/910fcf6728fe95320e07a6643c1581fec1c7fc4bf8ae12e3d8f0d0373dc844be?s=96&d=mm&r=g\",\"contentUrl\":\"https:\\\/\\\/secure.gravatar.com\\\/avatar\\\/910fcf6728fe95320e07a6643c1581fec1c7fc4bf8ae12e3d8f0d0373dc844be?s=96&d=mm&r=g\",\"caption\":\"Jorge Mi\u00f1o\"},\"sameAs\":[\"http:\\\/\\\/radioinfinitagoya.com.ar\"]}]}<\/script>\n<!-- \/ Yoast SEO plugin. -->","yoast_head_json":{"title":"2023 vs 2026: c\u00f3mo les fue a la industria - Radio Infinita Goya","description":"La construcci\u00f3n y el empleo en lo que va del Gobierno de Milei Relevamiento privado contrast\u00f3 indicadores productivos, laborales, comerciales durante","robots":{"index":"index","follow":"follow","max-snippet":"max-snippet:-1","max-image-preview":"max-image-preview:large","max-video-preview":"max-video-preview:-1"},"canonical":"https:\/\/radioinfinitagoya.com.ar\/v1\/2026\/09\/02\/2023-vs-2026-como-les-fue-a-la-industria\/","og_locale":"es_ES","og_type":"article","og_title":"2023 vs 2026: c\u00f3mo les fue a la industria - Radio Infinita Goya","og_description":"La construcci\u00f3n y el empleo en lo que va del Gobierno de Milei Relevamiento privado contrast\u00f3 indicadores productivos, laborales, comerciales durante","og_url":"https:\/\/radioinfinitagoya.com.ar\/v1\/2026\/09\/02\/2023-vs-2026-como-les-fue-a-la-industria\/","og_site_name":"Radio Infinita Goya","article_publisher":"https:\/\/www.facebook.com\/p\/Infinita-Goya-100063870918311\/","article_published_time":"2026-09-02T20:53:28+00:00","author":"Jorge Mi\u00f1o","twitter_card":"summary_large_image","twitter_misc":{"Escrito por":"Jorge Mi\u00f1o","Tiempo de lectura":"8 minutos"},"schema":{"@context":"https:\/\/schema.org","@graph":[{"@type":"Article","@id":"https:\/\/radioinfinitagoya.com.ar\/v1\/2026\/09\/02\/2023-vs-2026-como-les-fue-a-la-industria\/#article","isPartOf":{"@id":"https:\/\/radioinfinitagoya.com.ar\/v1\/2026\/09\/02\/2023-vs-2026-como-les-fue-a-la-industria\/"},"author":{"name":"Jorge Mi\u00f1o","@id":"https:\/\/radioinfinitagoya.com.ar\/v1\/#\/schema\/person\/d4cf9c413d4f6edb24aabdccab49ca4a"},"headline":"2023 vs 2026: c\u00f3mo les fue a la industria","datePublished":"2026-09-02T20:53:28+00:00","mainEntityOfPage":{"@id":"https:\/\/radioinfinitagoya.com.ar\/v1\/2026\/09\/02\/2023-vs-2026-como-les-fue-a-la-industria\/"},"wordCount":1515,"commentCount":0,"publisher":{"@id":"https:\/\/radioinfinitagoya.com.ar\/v1\/#organization"},"image":{"@id":"https:\/\/radioinfinitagoya.com.ar\/v1\/2026\/09\/02\/2023-vs-2026-como-les-fue-a-la-industria\/#primaryimage"},"thumbnailUrl":"https:\/\/radioinfinitagoya.com.ar\/v1\/wp-content\/uploads\/2026\/09\/TCIJWPEOSJCT3H64WQYE2UT6ZQ.avif","articleSection":["DESTACADOS"],"inLanguage":"es-AR","potentialAction":[{"@type":"CommentAction","name":"Comment","target":["https:\/\/radioinfinitagoya.com.ar\/v1\/2026\/09\/02\/2023-vs-2026-como-les-fue-a-la-industria\/#respond"]}]},{"@type":"WebPage","@id":"https:\/\/radioinfinitagoya.com.ar\/v1\/2026\/09\/02\/2023-vs-2026-como-les-fue-a-la-industria\/","url":"https:\/\/radioinfinitagoya.com.ar\/v1\/2026\/09\/02\/2023-vs-2026-como-les-fue-a-la-industria\/","name":"2023 vs 2026: c\u00f3mo les fue a la industria - Radio Infinita Goya","isPartOf":{"@id":"https:\/\/radioinfinitagoya.com.ar\/v1\/#website"},"primaryImageOfPage":{"@id":"https:\/\/radioinfinitagoya.com.ar\/v1\/2026\/09\/02\/2023-vs-2026-como-les-fue-a-la-industria\/#primaryimage"},"image":{"@id":"https:\/\/radioinfinitagoya.com.ar\/v1\/2026\/09\/02\/2023-vs-2026-como-les-fue-a-la-industria\/#primaryimage"},"thumbnailUrl":"https:\/\/radioinfinitagoya.com.ar\/v1\/wp-content\/uploads\/2026\/09\/TCIJWPEOSJCT3H64WQYE2UT6ZQ.avif","datePublished":"2026-09-02T20:53:28+00:00","description":"La construcci\u00f3n y el empleo en lo que va del Gobierno de Milei Relevamiento privado contrast\u00f3 indicadores productivos, laborales, comerciales durante","breadcrumb":{"@id":"https:\/\/radioinfinitagoya.com.ar\/v1\/2026\/09\/02\/2023-vs-2026-como-les-fue-a-la-industria\/#breadcrumb"},"inLanguage":"es-AR","potentialAction":[{"@type":"ReadAction","target":["https:\/\/radioinfinitagoya.com.ar\/v1\/2026\/09\/02\/2023-vs-2026-como-les-fue-a-la-industria\/"]}]},{"@type":"ImageObject","inLanguage":"es-AR","@id":"https:\/\/radioinfinitagoya.com.ar\/v1\/2026\/09\/02\/2023-vs-2026-como-les-fue-a-la-industria\/#primaryimage","url":"https:\/\/radioinfinitagoya.com.ar\/v1\/wp-content\/uploads\/2026\/09\/TCIJWPEOSJCT3H64WQYE2UT6ZQ.avif","contentUrl":"https:\/\/radioinfinitagoya.com.ar\/v1\/wp-content\/uploads\/2026\/09\/TCIJWPEOSJCT3H64WQYE2UT6ZQ.avif","width":992,"height":554},{"@type":"BreadcrumbList","@id":"https:\/\/radioinfinitagoya.com.ar\/v1\/2026\/09\/02\/2023-vs-2026-como-les-fue-a-la-industria\/#breadcrumb","itemListElement":[{"@type":"ListItem","position":1,"name":"Inicio","item":"https:\/\/radioinfinitagoya.com.ar\/v1\/"},{"@type":"ListItem","position":2,"name":"2023 vs 2026: c\u00f3mo les fue a la industria"}]},{"@type":"WebSite","@id":"https:\/\/radioinfinitagoya.com.ar\/v1\/#website","url":"https:\/\/radioinfinitagoya.com.ar\/v1\/","name":"radioinfinitagoya.com.ar","description":"Radio de noticias","publisher":{"@id":"https:\/\/radioinfinitagoya.com.ar\/v1\/#organization"},"potentialAction":[{"@type":"SearchAction","target":{"@type":"EntryPoint","urlTemplate":"https:\/\/radioinfinitagoya.com.ar\/v1\/?s={search_term_string}"},"query-input":{"@type":"PropertyValueSpecification","valueRequired":true,"valueName":"search_term_string"}}],"inLanguage":"es-AR"},{"@type":"Organization","@id":"https:\/\/radioinfinitagoya.com.ar\/v1\/#organization","name":"Radio Infinita Goya","url":"https:\/\/radioinfinitagoya.com.ar\/v1\/","logo":{"@type":"ImageObject","inLanguage":"es-AR","@id":"https:\/\/radioinfinitagoya.com.ar\/v1\/#\/schema\/logo\/image\/","url":"https:\/\/radioinfinitagoya.com.ar\/v1\/wp-content\/uploads\/2019\/11\/logo-pie-web.png","contentUrl":"https:\/\/radioinfinitagoya.com.ar\/v1\/wp-content\/uploads\/2019\/11\/logo-pie-web.png","width":635,"height":326,"caption":"Radio Infinita Goya"},"image":{"@id":"https:\/\/radioinfinitagoya.com.ar\/v1\/#\/schema\/logo\/image\/"},"sameAs":["https:\/\/www.facebook.com\/p\/Infinita-Goya-100063870918311\/"]},{"@type":"Person","@id":"https:\/\/radioinfinitagoya.com.ar\/v1\/#\/schema\/person\/d4cf9c413d4f6edb24aabdccab49ca4a","name":"Jorge Mi\u00f1o","image":{"@type":"ImageObject","inLanguage":"es-AR","@id":"https:\/\/secure.gravatar.com\/avatar\/910fcf6728fe95320e07a6643c1581fec1c7fc4bf8ae12e3d8f0d0373dc844be?s=96&d=mm&r=g","url":"https:\/\/secure.gravatar.com\/avatar\/910fcf6728fe95320e07a6643c1581fec1c7fc4bf8ae12e3d8f0d0373dc844be?s=96&d=mm&r=g","contentUrl":"https:\/\/secure.gravatar.com\/avatar\/910fcf6728fe95320e07a6643c1581fec1c7fc4bf8ae12e3d8f0d0373dc844be?s=96&d=mm&r=g","caption":"Jorge Mi\u00f1o"},"sameAs":["http:\/\/radioinfinitagoya.com.ar"]}]}},"_links":{"self":[{"href":"https:\/\/radioinfinitagoya.com.ar\/v1\/wp-json\/wp\/v2\/posts\/226586","targetHints":{"allow":["GET"]}}],"collection":[{"href":"https:\/\/radioinfinitagoya.com.ar\/v1\/wp-json\/wp\/v2\/posts"}],"about":[{"href":"https:\/\/radioinfinitagoya.com.ar\/v1\/wp-json\/wp\/v2\/types\/post"}],"author":[{"embeddable":true,"href":"https:\/\/radioinfinitagoya.com.ar\/v1\/wp-json\/wp\/v2\/users\/4"}],"replies":[{"embeddable":true,"href":"https:\/\/radioinfinitagoya.com.ar\/v1\/wp-json\/wp\/v2\/comments?post=226586"}],"version-history":[{"count":1,"href":"https:\/\/radioinfinitagoya.com.ar\/v1\/wp-json\/wp\/v2\/posts\/226586\/revisions"}],"predecessor-version":[{"id":226590,"href":"https:\/\/radioinfinitagoya.com.ar\/v1\/wp-json\/wp\/v2\/posts\/226586\/revisions\/226590"}],"wp:featuredmedia":[{"embeddable":true,"href":"https:\/\/radioinfinitagoya.com.ar\/v1\/wp-json\/wp\/v2\/media\/226587"}],"wp:attachment":[{"href":"https:\/\/radioinfinitagoya.com.ar\/v1\/wp-json\/wp\/v2\/media?parent=226586"}],"wp:term":[{"taxonomy":"category","embeddable":true,"href":"https:\/\/radioinfinitagoya.com.ar\/v1\/wp-json\/wp\/v2\/categories?post=226586"},{"taxonomy":"post_tag","embeddable":true,"href":"https:\/\/radioinfinitagoya.com.ar\/v1\/wp-json\/wp\/v2\/tags?post=226586"}],"curies":[{"name":"wp","href":"https:\/\/api.w.org\/{rel}","templated":true}]}}