{"id":226591,"date":"2026-09-02T21:45:55","date_gmt":"2026-09-03T00:45:55","guid":{"rendered":"https:\/\/radioinfinitagoya.com.ar\/v1\/?p=226591"},"modified":"2026-09-02T21:45:55","modified_gmt":"2026-09-03T00:45:55","slug":"relevamiento-preventivo-ante-posible-emergencia-hidrica","status":"publish","type":"post","link":"https:\/\/radioinfinitagoya.com.ar\/v1\/2026\/09\/02\/relevamiento-preventivo-ante-posible-emergencia-hidrica\/","title":{"rendered":"Relevamiento preventivo ante posible emergencia h\u00eddrica"},"content":{"rendered":"<p>La Subsecretar\u00eda de Salud de la Municipalidad de Goya contin\u00faa desarrollando el relevamiento sanitario y territorial de familias residentes en sectores potencialmente vulnerables ante emergencias h\u00eddricas.<\/p>\n<p>Este mi\u00e9rcoles, personal de Sala Cabecera recorri\u00f3 domicilios ubicados entre las calles Tucum\u00e1n, Cabral, Evaristo L\u00f3pez y Ferr\u00e9, dando continuidad al trabajo de los equipos de Atenci\u00f3n Primaria de la Salud. El dispositivo se realiza con colaboraci\u00f3n de Polic\u00eda de Corrientes, en este sector el d\u00eda de hoy con agentes de comisar\u00eda seccional 1ra.<\/p>\n<p>El objetivo de estos relevamientos, es conocer anticipadamente la composici\u00f3n de las familias, las condiciones de las viviendas y detectar situaciones que puedan requerir asistencia prioritaria, especialmente en ni\u00f1os peque\u00f1os, embarazadas, adultos mayores y personas con discapacidad o movilidad reducida.<\/p>\n<p>Los dispositivos se realizan desde siete salas de APS, Cabecera (Asistencia), CIC Norte, CIC Sur, Salas: San Ram\u00f3n, Puerto Boca, Juan XXIII y Resurrecci\u00f3n.<\/p>\n<p>Hasta el momento se realizaron relevamientos en:<\/p>\n<p>* Puerto Boca: Escuela Sof\u00eda Chalub\u2013Do\u00f1a Goya, camping, Prefectura, costa del r\u00edo, cancha y sectores internos.<\/p>\n<p>* Barrios Chacal, Francisco I y Santa Clara.<\/p>\n<p>* Rinc\u00f3n de G\u00f3mez y sector de la Escuela N.\u00ba 519.<\/p>\n<p>* Las Garzas y Camino al Carancho.<\/p>\n<p>* Resurrecci\u00f3n\u2013Independencia.<\/p>\n<p>* Zona cercana a Bomba Madariaga.<\/p>\n<p>* Sector de calle Belgrano.<\/p>\n<p>* Otros puntos de Zorzal, Jilguero, Calandria, Solano Vidal, Tattanchelo y sectores pr\u00f3ximos a la defensa.<\/p>\n<p>Esta tarea preventiva permite contar con informaci\u00f3n actualizada para planificar y brindar una respuesta r\u00e1pida y organizada ante una eventual emergencia h\u00eddrica.<\/p>\n<p>Los equipos de las distintas Salas de APS continuar\u00e1n con las recorridas y los relevamientos domiciliarios.<\/p>\n<p>Direcci\u00f3n de Prensa-Municipalidad de Goya<\/p>\n<p>&nbsp;<\/p>\n","protected":false},"excerpt":{"rendered":"<p>La Subsecretar\u00eda de Salud de la Municipalidad de Goya contin\u00faa desarrollando el relevamiento sanitario y territorial de familias residentes en sectores potencialmente vulnerables ante emergencias h\u00eddricas. Este mi\u00e9rcoles, personal de Sala Cabecera recorri\u00f3 domicilios ubicados entre las calles Tucum\u00e1n, Cabral, Evaristo L\u00f3pez y Ferr\u00e9, dando continuidad al trabajo de los equipos de Atenci\u00f3n Primaria de [&hellip;]<\/p>\n","protected":false},"author":4,"featured_media":226592,"comment_status":"open","ping_status":"open","sticky":false,"template":"","format":"standard","meta":{"_joinchat":[],"footnotes":""},"categories":[27],"tags":[],"class_list":["post-226591","post","type-post","status-publish","format-standard","has-post-thumbnail","category-locales"],"yoast_head":"<!-- This site is optimized with the Yoast SEO plugin v27.7 - https:\/\/yoast.com\/product\/yoast-seo-wordpress\/ -->\n<title>Relevamiento preventivo ante posible emergencia h\u00eddrica - Radio Infinita Goya<\/title>\n<meta name=\"description\" content=\"La Subsecretar\u00eda de Salud de la Municipalidad de Goya contin\u00faa desarrollando el relevamiento sanitario y territorial de familias residentes en sectores\" \/>\n<meta name=\"robots\" content=\"index, follow, max-snippet:-1, max-image-preview:large, max-video-preview:-1\" \/>\n<link rel=\"canonical\" href=\"https:\/\/radioinfinitagoya.com.ar\/v1\/2026\/09\/02\/relevamiento-preventivo-ante-posible-emergencia-hidrica\/\" \/>\n<meta property=\"og:locale\" content=\"es_ES\" \/>\n<meta property=\"og:type\" content=\"article\" \/>\n<meta property=\"og:title\" content=\"Relevamiento preventivo ante posible emergencia h\u00eddrica - Radio Infinita Goya\" \/>\n<meta property=\"og:description\" content=\"La Subsecretar\u00eda de Salud de la Municipalidad de Goya contin\u00faa desarrollando el relevamiento sanitario y territorial de familias residentes en sectores\" \/>\n<meta property=\"og:url\" content=\"https:\/\/radioinfinitagoya.com.ar\/v1\/2026\/09\/02\/relevamiento-preventivo-ante-posible-emergencia-hidrica\/\" \/>\n<meta property=\"og:site_name\" content=\"Radio Infinita Goya\" \/>\n<meta property=\"article:publisher\" content=\"https:\/\/www.facebook.com\/p\/Infinita-Goya-100063870918311\/\" \/>\n<meta property=\"article:published_time\" content=\"2026-09-03T00:45:55+00:00\" \/>\n<meta property=\"og:image\" content=\"https:\/\/radioinfinitagoya.com.ar\/v1\/wp-content\/uploads\/2026\/09\/relevamiento_preventivo_subsecretaria_de_salud_y_pilicia_comisari.jpg\" \/>\n\t<meta property=\"og:image:width\" content=\"848\" \/>\n\t<meta property=\"og:image:height\" content=\"477\" \/>\n\t<meta property=\"og:image:type\" content=\"image\/jpeg\" \/>\n<meta name=\"author\" content=\"Jorge Mi\u00f1o\" \/>\n<meta name=\"twitter:card\" content=\"summary_large_image\" \/>\n<meta name=\"twitter:label1\" content=\"Escrito por\" \/>\n\t<meta name=\"twitter:data1\" content=\"Jorge Mi\u00f1o\" \/>\n\t<meta name=\"twitter:label2\" content=\"Tiempo de lectura\" \/>\n\t<meta name=\"twitter:data2\" content=\"2 minutos\" \/>\n<script type=\"application\/ld+json\" class=\"yoast-schema-graph\">{\"@context\":\"https:\\\/\\\/schema.org\",\"@graph\":[{\"@type\":\"Article\",\"@id\":\"https:\\\/\\\/radioinfinitagoya.com.ar\\\/v1\\\/2026\\\/09\\\/02\\\/relevamiento-preventivo-ante-posible-emergencia-hidrica\\\/#article\",\"isPartOf\":{\"@id\":\"https:\\\/\\\/radioinfinitagoya.com.ar\\\/v1\\\/2026\\\/09\\\/02\\\/relevamiento-preventivo-ante-posible-emergencia-hidrica\\\/\"},\"author\":{\"name\":\"Jorge Mi\u00f1o\",\"@id\":\"https:\\\/\\\/radioinfinitagoya.com.ar\\\/v1\\\/#\\\/schema\\\/person\\\/d4cf9c413d4f6edb24aabdccab49ca4a\"},\"headline\":\"Relevamiento preventivo ante posible emergencia h\u00eddrica\",\"datePublished\":\"2026-09-03T00:45:55+00:00\",\"mainEntityOfPage\":{\"@id\":\"https:\\\/\\\/radioinfinitagoya.com.ar\\\/v1\\\/2026\\\/09\\\/02\\\/relevamiento-preventivo-ante-posible-emergencia-hidrica\\\/\"},\"wordCount\":294,\"commentCount\":0,\"publisher\":{\"@id\":\"https:\\\/\\\/radioinfinitagoya.com.ar\\\/v1\\\/#organization\"},\"image\":{\"@id\":\"https:\\\/\\\/radioinfinitagoya.com.ar\\\/v1\\\/2026\\\/09\\\/02\\\/relevamiento-preventivo-ante-posible-emergencia-hidrica\\\/#primaryimage\"},\"thumbnailUrl\":\"https:\\\/\\\/radioinfinitagoya.com.ar\\\/v1\\\/wp-content\\\/uploads\\\/2026\\\/09\\\/relevamiento_preventivo_subsecretaria_de_salud_y_pilicia_comisari.jpg\",\"articleSection\":[\"LOCALES\"],\"inLanguage\":\"es-AR\",\"potentialAction\":[{\"@type\":\"CommentAction\",\"name\":\"Comment\",\"target\":[\"https:\\\/\\\/radioinfinitagoya.com.ar\\\/v1\\\/2026\\\/09\\\/02\\\/relevamiento-preventivo-ante-posible-emergencia-hidrica\\\/#respond\"]}]},{\"@type\":\"WebPage\",\"@id\":\"https:\\\/\\\/radioinfinitagoya.com.ar\\\/v1\\\/2026\\\/09\\\/02\\\/relevamiento-preventivo-ante-posible-emergencia-hidrica\\\/\",\"url\":\"https:\\\/\\\/radioinfinitagoya.com.ar\\\/v1\\\/2026\\\/09\\\/02\\\/relevamiento-preventivo-ante-posible-emergencia-hidrica\\\/\",\"name\":\"Relevamiento preventivo ante posible emergencia h\u00eddrica - Radio Infinita Goya\",\"isPartOf\":{\"@id\":\"https:\\\/\\\/radioinfinitagoya.com.ar\\\/v1\\\/#website\"},\"primaryImageOfPage\":{\"@id\":\"https:\\\/\\\/radioinfinitagoya.com.ar\\\/v1\\\/2026\\\/09\\\/02\\\/relevamiento-preventivo-ante-posible-emergencia-hidrica\\\/#primaryimage\"},\"image\":{\"@id\":\"https:\\\/\\\/radioinfinitagoya.com.ar\\\/v1\\\/2026\\\/09\\\/02\\\/relevamiento-preventivo-ante-posible-emergencia-hidrica\\\/#primaryimage\"},\"thumbnailUrl\":\"https:\\\/\\\/radioinfinitagoya.com.ar\\\/v1\\\/wp-content\\\/uploads\\\/2026\\\/09\\\/relevamiento_preventivo_subsecretaria_de_salud_y_pilicia_comisari.jpg\",\"datePublished\":\"2026-09-03T00:45:55+00:00\",\"description\":\"La Subsecretar\u00eda de Salud de la Municipalidad de Goya contin\u00faa desarrollando el relevamiento sanitario y territorial de familias residentes en sectores\",\"breadcrumb\":{\"@id\":\"https:\\\/\\\/radioinfinitagoya.com.ar\\\/v1\\\/2026\\\/09\\\/02\\\/relevamiento-preventivo-ante-posible-emergencia-hidrica\\\/#breadcrumb\"},\"inLanguage\":\"es-AR\",\"potentialAction\":[{\"@type\":\"ReadAction\",\"target\":[\"https:\\\/\\\/radioinfinitagoya.com.ar\\\/v1\\\/2026\\\/09\\\/02\\\/relevamiento-preventivo-ante-posible-emergencia-hidrica\\\/\"]}]},{\"@type\":\"ImageObject\",\"inLanguage\":\"es-AR\",\"@id\":\"https:\\\/\\\/radioinfinitagoya.com.ar\\\/v1\\\/2026\\\/09\\\/02\\\/relevamiento-preventivo-ante-posible-emergencia-hidrica\\\/#primaryimage\",\"url\":\"https:\\\/\\\/radioinfinitagoya.com.ar\\\/v1\\\/wp-content\\\/uploads\\\/2026\\\/09\\\/relevamiento_preventivo_subsecretaria_de_salud_y_pilicia_comisari.jpg\",\"contentUrl\":\"https:\\\/\\\/radioinfinitagoya.com.ar\\\/v1\\\/wp-content\\\/uploads\\\/2026\\\/09\\\/relevamiento_preventivo_subsecretaria_de_salud_y_pilicia_comisari.jpg\",\"width\":848,\"height\":477},{\"@type\":\"BreadcrumbList\",\"@id\":\"https:\\\/\\\/radioinfinitagoya.com.ar\\\/v1\\\/2026\\\/09\\\/02\\\/relevamiento-preventivo-ante-posible-emergencia-hidrica\\\/#breadcrumb\",\"itemListElement\":[{\"@type\":\"ListItem\",\"position\":1,\"name\":\"Inicio\",\"item\":\"https:\\\/\\\/radioinfinitagoya.com.ar\\\/v1\\\/\"},{\"@type\":\"ListItem\",\"position\":2,\"name\":\"Relevamiento preventivo ante posible emergencia h\u00eddrica\"}]},{\"@type\":\"WebSite\",\"@id\":\"https:\\\/\\\/radioinfinitagoya.com.ar\\\/v1\\\/#website\",\"url\":\"https:\\\/\\\/radioinfinitagoya.com.ar\\\/v1\\\/\",\"name\":\"radioinfinitagoya.com.ar\",\"description\":\"Radio de noticias\",\"publisher\":{\"@id\":\"https:\\\/\\\/radioinfinitagoya.com.ar\\\/v1\\\/#organization\"},\"potentialAction\":[{\"@type\":\"SearchAction\",\"target\":{\"@type\":\"EntryPoint\",\"urlTemplate\":\"https:\\\/\\\/radioinfinitagoya.com.ar\\\/v1\\\/?s={search_term_string}\"},\"query-input\":{\"@type\":\"PropertyValueSpecification\",\"valueRequired\":true,\"valueName\":\"search_term_string\"}}],\"inLanguage\":\"es-AR\"},{\"@type\":\"Organization\",\"@id\":\"https:\\\/\\\/radioinfinitagoya.com.ar\\\/v1\\\/#organization\",\"name\":\"Radio Infinita Goya\",\"url\":\"https:\\\/\\\/radioinfinitagoya.com.ar\\\/v1\\\/\",\"logo\":{\"@type\":\"ImageObject\",\"inLanguage\":\"es-AR\",\"@id\":\"https:\\\/\\\/radioinfinitagoya.com.ar\\\/v1\\\/#\\\/schema\\\/logo\\\/image\\\/\",\"url\":\"https:\\\/\\\/radioinfinitagoya.com.ar\\\/v1\\\/wp-content\\\/uploads\\\/2019\\\/11\\\/logo-pie-web.png\",\"contentUrl\":\"https:\\\/\\\/radioinfinitagoya.com.ar\\\/v1\\\/wp-content\\\/uploads\\\/2019\\\/11\\\/logo-pie-web.png\",\"width\":635,\"height\":326,\"caption\":\"Radio Infinita Goya\"},\"image\":{\"@id\":\"https:\\\/\\\/radioinfinitagoya.com.ar\\\/v1\\\/#\\\/schema\\\/logo\\\/image\\\/\"},\"sameAs\":[\"https:\\\/\\\/www.facebook.com\\\/p\\\/Infinita-Goya-100063870918311\\\/\"]},{\"@type\":\"Person\",\"@id\":\"https:\\\/\\\/radioinfinitagoya.com.ar\\\/v1\\\/#\\\/schema\\\/person\\\/d4cf9c413d4f6edb24aabdccab49ca4a\",\"name\":\"Jorge Mi\u00f1o\",\"image\":{\"@type\":\"ImageObject\",\"inLanguage\":\"es-AR\",\"@id\":\"https:\\\/\\\/secure.gravatar.com\\\/avatar\\\/910fcf6728fe95320e07a6643c1581fec1c7fc4bf8ae12e3d8f0d0373dc844be?s=96&d=mm&r=g\",\"url\":\"https:\\\/\\\/secure.gravatar.com\\\/avatar\\\/910fcf6728fe95320e07a6643c1581fec1c7fc4bf8ae12e3d8f0d0373dc844be?s=96&d=mm&r=g\",\"contentUrl\":\"https:\\\/\\\/secure.gravatar.com\\\/avatar\\\/910fcf6728fe95320e07a6643c1581fec1c7fc4bf8ae12e3d8f0d0373dc844be?s=96&d=mm&r=g\",\"caption\":\"Jorge Mi\u00f1o\"},\"sameAs\":[\"http:\\\/\\\/radioinfinitagoya.com.ar\"]}]}<\/script>\n<!-- \/ Yoast SEO plugin. -->","yoast_head_json":{"title":"Relevamiento preventivo ante posible emergencia h\u00eddrica - Radio Infinita Goya","description":"La Subsecretar\u00eda de Salud de la Municipalidad de Goya contin\u00faa desarrollando el relevamiento sanitario y territorial de familias residentes en sectores","robots":{"index":"index","follow":"follow","max-snippet":"max-snippet:-1","max-image-preview":"max-image-preview:large","max-video-preview":"max-video-preview:-1"},"canonical":"https:\/\/radioinfinitagoya.com.ar\/v1\/2026\/09\/02\/relevamiento-preventivo-ante-posible-emergencia-hidrica\/","og_locale":"es_ES","og_type":"article","og_title":"Relevamiento preventivo ante posible emergencia h\u00eddrica - Radio Infinita Goya","og_description":"La Subsecretar\u00eda de Salud de la Municipalidad de Goya contin\u00faa desarrollando el relevamiento sanitario y territorial de familias residentes en sectores","og_url":"https:\/\/radioinfinitagoya.com.ar\/v1\/2026\/09\/02\/relevamiento-preventivo-ante-posible-emergencia-hidrica\/","og_site_name":"Radio Infinita Goya","article_publisher":"https:\/\/www.facebook.com\/p\/Infinita-Goya-100063870918311\/","article_published_time":"2026-09-03T00:45:55+00:00","og_image":[{"width":848,"height":477,"url":"https:\/\/radioinfinitagoya.com.ar\/v1\/wp-content\/uploads\/2026\/09\/relevamiento_preventivo_subsecretaria_de_salud_y_pilicia_comisari.jpg","type":"image\/jpeg"}],"author":"Jorge Mi\u00f1o","twitter_card":"summary_large_image","twitter_misc":{"Escrito por":"Jorge Mi\u00f1o","Tiempo de lectura":"2 minutos"},"schema":{"@context":"https:\/\/schema.org","@graph":[{"@type":"Article","@id":"https:\/\/radioinfinitagoya.com.ar\/v1\/2026\/09\/02\/relevamiento-preventivo-ante-posible-emergencia-hidrica\/#article","isPartOf":{"@id":"https:\/\/radioinfinitagoya.com.ar\/v1\/2026\/09\/02\/relevamiento-preventivo-ante-posible-emergencia-hidrica\/"},"author":{"name":"Jorge Mi\u00f1o","@id":"https:\/\/radioinfinitagoya.com.ar\/v1\/#\/schema\/person\/d4cf9c413d4f6edb24aabdccab49ca4a"},"headline":"Relevamiento preventivo ante posible emergencia h\u00eddrica","datePublished":"2026-09-03T00:45:55+00:00","mainEntityOfPage":{"@id":"https:\/\/radioinfinitagoya.com.ar\/v1\/2026\/09\/02\/relevamiento-preventivo-ante-posible-emergencia-hidrica\/"},"wordCount":294,"commentCount":0,"publisher":{"@id":"https:\/\/radioinfinitagoya.com.ar\/v1\/#organization"},"image":{"@id":"https:\/\/radioinfinitagoya.com.ar\/v1\/2026\/09\/02\/relevamiento-preventivo-ante-posible-emergencia-hidrica\/#primaryimage"},"thumbnailUrl":"https:\/\/radioinfinitagoya.com.ar\/v1\/wp-content\/uploads\/2026\/09\/relevamiento_preventivo_subsecretaria_de_salud_y_pilicia_comisari.jpg","articleSection":["LOCALES"],"inLanguage":"es-AR","potentialAction":[{"@type":"CommentAction","name":"Comment","target":["https:\/\/radioinfinitagoya.com.ar\/v1\/2026\/09\/02\/relevamiento-preventivo-ante-posible-emergencia-hidrica\/#respond"]}]},{"@type":"WebPage","@id":"https:\/\/radioinfinitagoya.com.ar\/v1\/2026\/09\/02\/relevamiento-preventivo-ante-posible-emergencia-hidrica\/","url":"https:\/\/radioinfinitagoya.com.ar\/v1\/2026\/09\/02\/relevamiento-preventivo-ante-posible-emergencia-hidrica\/","name":"Relevamiento preventivo ante posible emergencia h\u00eddrica - Radio Infinita Goya","isPartOf":{"@id":"https:\/\/radioinfinitagoya.com.ar\/v1\/#website"},"primaryImageOfPage":{"@id":"https:\/\/radioinfinitagoya.com.ar\/v1\/2026\/09\/02\/relevamiento-preventivo-ante-posible-emergencia-hidrica\/#primaryimage"},"image":{"@id":"https:\/\/radioinfinitagoya.com.ar\/v1\/2026\/09\/02\/relevamiento-preventivo-ante-posible-emergencia-hidrica\/#primaryimage"},"thumbnailUrl":"https:\/\/radioinfinitagoya.com.ar\/v1\/wp-content\/uploads\/2026\/09\/relevamiento_preventivo_subsecretaria_de_salud_y_pilicia_comisari.jpg","datePublished":"2026-09-03T00:45:55+00:00","description":"La Subsecretar\u00eda de Salud de la Municipalidad de Goya contin\u00faa desarrollando el relevamiento sanitario y territorial de familias residentes en sectores","breadcrumb":{"@id":"https:\/\/radioinfinitagoya.com.ar\/v1\/2026\/09\/02\/relevamiento-preventivo-ante-posible-emergencia-hidrica\/#breadcrumb"},"inLanguage":"es-AR","potentialAction":[{"@type":"ReadAction","target":["https:\/\/radioinfinitagoya.com.ar\/v1\/2026\/09\/02\/relevamiento-preventivo-ante-posible-emergencia-hidrica\/"]}]},{"@type":"ImageObject","inLanguage":"es-AR","@id":"https:\/\/radioinfinitagoya.com.ar\/v1\/2026\/09\/02\/relevamiento-preventivo-ante-posible-emergencia-hidrica\/#primaryimage","url":"https:\/\/radioinfinitagoya.com.ar\/v1\/wp-content\/uploads\/2026\/09\/relevamiento_preventivo_subsecretaria_de_salud_y_pilicia_comisari.jpg","contentUrl":"https:\/\/radioinfinitagoya.com.ar\/v1\/wp-content\/uploads\/2026\/09\/relevamiento_preventivo_subsecretaria_de_salud_y_pilicia_comisari.jpg","width":848,"height":477},{"@type":"BreadcrumbList","@id":"https:\/\/radioinfinitagoya.com.ar\/v1\/2026\/09\/02\/relevamiento-preventivo-ante-posible-emergencia-hidrica\/#breadcrumb","itemListElement":[{"@type":"ListItem","position":1,"name":"Inicio","item":"https:\/\/radioinfinitagoya.com.ar\/v1\/"},{"@type":"ListItem","position":2,"name":"Relevamiento preventivo ante posible emergencia h\u00eddrica"}]},{"@type":"WebSite","@id":"https:\/\/radioinfinitagoya.com.ar\/v1\/#website","url":"https:\/\/radioinfinitagoya.com.ar\/v1\/","name":"radioinfinitagoya.com.ar","description":"Radio de noticias","publisher":{"@id":"https:\/\/radioinfinitagoya.com.ar\/v1\/#organization"},"potentialAction":[{"@type":"SearchAction","target":{"@type":"EntryPoint","urlTemplate":"https:\/\/radioinfinitagoya.com.ar\/v1\/?s={search_term_string}"},"query-input":{"@type":"PropertyValueSpecification","valueRequired":true,"valueName":"search_term_string"}}],"inLanguage":"es-AR"},{"@type":"Organization","@id":"https:\/\/radioinfinitagoya.com.ar\/v1\/#organization","name":"Radio Infinita Goya","url":"https:\/\/radioinfinitagoya.com.ar\/v1\/","logo":{"@type":"ImageObject","inLanguage":"es-AR","@id":"https:\/\/radioinfinitagoya.com.ar\/v1\/#\/schema\/logo\/image\/","url":"https:\/\/radioinfinitagoya.com.ar\/v1\/wp-content\/uploads\/2019\/11\/logo-pie-web.png","contentUrl":"https:\/\/radioinfinitagoya.com.ar\/v1\/wp-content\/uploads\/2019\/11\/logo-pie-web.png","width":635,"height":326,"caption":"Radio Infinita Goya"},"image":{"@id":"https:\/\/radioinfinitagoya.com.ar\/v1\/#\/schema\/logo\/image\/"},"sameAs":["https:\/\/www.facebook.com\/p\/Infinita-Goya-100063870918311\/"]},{"@type":"Person","@id":"https:\/\/radioinfinitagoya.com.ar\/v1\/#\/schema\/person\/d4cf9c413d4f6edb24aabdccab49ca4a","name":"Jorge Mi\u00f1o","image":{"@type":"ImageObject","inLanguage":"es-AR","@id":"https:\/\/secure.gravatar.com\/avatar\/910fcf6728fe95320e07a6643c1581fec1c7fc4bf8ae12e3d8f0d0373dc844be?s=96&d=mm&r=g","url":"https:\/\/secure.gravatar.com\/avatar\/910fcf6728fe95320e07a6643c1581fec1c7fc4bf8ae12e3d8f0d0373dc844be?s=96&d=mm&r=g","contentUrl":"https:\/\/secure.gravatar.com\/avatar\/910fcf6728fe95320e07a6643c1581fec1c7fc4bf8ae12e3d8f0d0373dc844be?s=96&d=mm&r=g","caption":"Jorge Mi\u00f1o"},"sameAs":["http:\/\/radioinfinitagoya.com.ar"]}]}},"_links":{"self":[{"href":"https:\/\/radioinfinitagoya.com.ar\/v1\/wp-json\/wp\/v2\/posts\/226591","targetHints":{"allow":["GET"]}}],"collection":[{"href":"https:\/\/radioinfinitagoya.com.ar\/v1\/wp-json\/wp\/v2\/posts"}],"about":[{"href":"https:\/\/radioinfinitagoya.com.ar\/v1\/wp-json\/wp\/v2\/types\/post"}],"author":[{"embeddable":true,"href":"https:\/\/radioinfinitagoya.com.ar\/v1\/wp-json\/wp\/v2\/users\/4"}],"replies":[{"embeddable":true,"href":"https:\/\/radioinfinitagoya.com.ar\/v1\/wp-json\/wp\/v2\/comments?post=226591"}],"version-history":[{"count":1,"href":"https:\/\/radioinfinitagoya.com.ar\/v1\/wp-json\/wp\/v2\/posts\/226591\/revisions"}],"predecessor-version":[{"id":226593,"href":"https:\/\/radioinfinitagoya.com.ar\/v1\/wp-json\/wp\/v2\/posts\/226591\/revisions\/226593"}],"wp:featuredmedia":[{"embeddable":true,"href":"https:\/\/radioinfinitagoya.com.ar\/v1\/wp-json\/wp\/v2\/media\/226592"}],"wp:attachment":[{"href":"https:\/\/radioinfinitagoya.com.ar\/v1\/wp-json\/wp\/v2\/media?parent=226591"}],"wp:term":[{"taxonomy":"category","embeddable":true,"href":"https:\/\/radioinfinitagoya.com.ar\/v1\/wp-json\/wp\/v2\/categories?post=226591"},{"taxonomy":"post_tag","embeddable":true,"href":"https:\/\/radioinfinitagoya.com.ar\/v1\/wp-json\/wp\/v2\/tags?post=226591"}],"curies":[{"name":"wp","href":"https:\/\/api.w.org\/{rel}","templated":true}]}}