{"id":226603,"date":"2026-09-03T13:06:35","date_gmt":"2026-09-03T16:06:35","guid":{"rendered":"https:\/\/radioinfinitagoya.com.ar\/v1\/?p=226603"},"modified":"2026-09-03T13:06:35","modified_gmt":"2026-09-03T16:06:35","slug":"hablo-el-comisario-walter-maciel-en-el-juicio-por-loan","status":"publish","type":"post","link":"https:\/\/radioinfinitagoya.com.ar\/v1\/2026\/09\/03\/hablo-el-comisario-walter-maciel-en-el-juicio-por-loan\/","title":{"rendered":"Habl\u00f3 el comisario Walter Maciel en el juicio por Loan"},"content":{"rendered":"<p>&#8220;Soy imputado y perjudicado pero voy a colaborar&#8221;<\/p>\n<p>No se trat\u00f3 de la ampliaci\u00f3n de su declaraci\u00f3n indagatoria. El acusado solo se refiri\u00f3 a su pedido para designar un codefensor.<\/p>\n<p>El juicio por la desaparici\u00f3n de Loan Pe\u00f1a atraviesa una nueva audiencia que comenz\u00f3 con planteos de las partes y una intervenci\u00f3n del excomisario Walter Maciel ante el Tribunal Oral Federal. En la jornada donde est\u00e1n presentes los padres del menor, el acusado asegur\u00f3 que quiere colaborar con la causa y que no buscar\u00e1 demorar ni entorpecer el proceso.<\/p>\n<p>La intervenci\u00f3n de Maciel no fue una ampliaci\u00f3n de su declaraci\u00f3n indagatoria. El excomisario se expres\u00f3 \u00fanicamente en relaci\u00f3n con el pedido para designar un codefensor por los compromisos que tiene su abogado con otros casos. Seg\u00fan se plante\u00f3, Richard Vallejos continuar\u00e1 como su representante legal, pero argument\u00f3 una ausencia temporal.<\/p>\n<p>\u201cSoy imputado y perjudicado pero voy a colaborar en todo\u201d, expres\u00f3 Maciel ante el tribunal. Luego agreg\u00f3: \u201cQuiero aportar a la causa, no voy a entorpecer ni demorar el proceso\u201d. De acuerdo a lo que se dijo en la audiencia, el imputado escoger\u00e1 al codefensor ma\u00f1ana.<\/p>\n<p>Fuerte discusi\u00f3n por el planteo de Maciel<\/p>\n<p>El pedido gener\u00f3 una fuerte discusi\u00f3n entre las partes porque Maciel plante\u00f3 la posibilidad de que el nuevo defensor sea alguno de los abogados que ya intervienen en el juicio. Entre los nombres mencionados estuvieron Enzo Di Tella y Rodolfo Baqu\u00e9, aunque ambos quedaron descartados.<\/p>\n<p>El fiscal Carlos Schaerer se opuso y sostuvo que &#8220;est\u00e1n surgiendo intereses contrapuestos dentro del juicio&#8221;. Ante los reclamos, el representante del Ministerio P\u00fablico se mantuvo firme y rechaz\u00f3 la posibilidad de que Baqu\u00e9 u otro abogado que ya participa del proceso defienda tambi\u00e9n al excomisario de 9 de Julio.<\/p>\n<p>Por otro lado, sobre una eventual demora por la incorporaci\u00f3n del nuevo defensor, el presidente del tribunal, Ferm\u00edn Ceroleni, aclar\u00f3: \u201cEste debate no se va a suspender por ninguna circunstancia\u201d.<\/p>\n<p>La definici\u00f3n cobra relevancia porque un nuevo defensor podr\u00eda solicitar tiempo para conocer el expediente. Es por eso que el tribunal dej\u00f3 en claro que no se modificar\u00e1 el desarrollo ya previsto para el debate.<\/p>\n<p>Cuarto intermedio (11.36)<\/p>\n<p>El tribunal avanza con los testimonios (10.53)<\/p>\n<p>Se present\u00f3 a declarar Bel\u00e9n Acosta, quien tambi\u00e9n es parte de la Prefectura. El 9 de julio de 2024 estuvo a cargo de una comisi\u00f3n de sumario que intervino en el Despertar del Iber\u00e1. El objetivo era identificar a las personas alojadas junto a los menores. &#8220;Quer\u00edamos saber qui\u00e9nes eran y por qu\u00e9 estaban ah\u00ed&#8221;, record\u00f3.<\/p>\n<p>En un momento de su testimoni\u00f3, Acosta mencion\u00f3 que cuando llegaron al hotel los recibi\u00f3 un \u201cse\u00f1or que dijo ser personal de la Interpol\u201d, en referencia a Nicol\u00e1s \u201cEl Americano\u201d Soria.<\/p>\n<p>Seg\u00fan explic\u00f3 la testigo, cuando lleg\u00f3 la Prefectura el actual imputado por entorpecer la investigaci\u00f3n se neg\u00f3 a identificarse. \u201cFue prepotente y solo mostr\u00f3 de lejos un carnet. En ning\u00fan momento nos entreg\u00f3 el documento para confirmar si era verdadero\u201d, cont\u00f3.<\/p>\n<p>Declar\u00f3 un efectivo de la Prefectura (10.10)<\/p>\n<p>Mat\u00edas Agust\u00edn Fern\u00e1ndez estuvo asignado a la custodia en el exterior del hotel Despertar del Iber\u00e1, donde los supuestos miembros de la Fundaci\u00f3n Dupuy hospedaron a los testigos que vieron por \u00faltima vez a Loan el 13 de junio de 2024. El efectivo tambi\u00e9n brind\u00f3 seguridad en la casa de Camila N\u00fa\u00f1ez durante dos meses.<\/p>\n<p>La familia de Loan est\u00e1 en la audiencia<\/p>\n<p>Los padres del menor (Mar\u00eda Noguera y Jos\u00e9 Pe\u00f1a) est\u00e1n en la sala del Escuadr\u00f3n 48 junto a uno de los hermanos de Loan.<\/p>\n<p>Antes de comenzar la audiencia, Jos\u00e9 habl\u00f3 con la prensa y volvi\u00f3 a apuntar contra su hermana, Laudelina Pe\u00f1a. \u201cNo hay palabras para ella, angustia y desesperaci\u00f3n\u201d.<\/p>\n<p>Adem\u00e1s mencion\u00f3 que siente que el juicio ayudar\u00e1 a esclarecer la desaparici\u00f3n de Loan: \u201cSe va a saber\u201d.<\/p>\n","protected":false},"excerpt":{"rendered":"<p>&#8220;Soy imputado y perjudicado pero voy a colaborar&#8221; No se trat\u00f3 de la ampliaci\u00f3n de su declaraci\u00f3n indagatoria. El acusado solo se refiri\u00f3 a su pedido para designar un codefensor. El juicio por la desaparici\u00f3n de Loan Pe\u00f1a atraviesa una nueva audiencia que comenz\u00f3 con planteos de las partes y una intervenci\u00f3n del excomisario Walter [&hellip;]<\/p>\n","protected":false},"author":4,"featured_media":226604,"comment_status":"open","ping_status":"open","sticky":false,"template":"","format":"standard","meta":{"_joinchat":[],"footnotes":""},"categories":[26],"tags":[],"class_list":["post-226603","post","type-post","status-publish","format-standard","has-post-thumbnail","category-provinciales"],"yoast_head":"<!-- This site is optimized with the Yoast SEO plugin v27.7 - https:\/\/yoast.com\/product\/yoast-seo-wordpress\/ -->\n<title>Habl\u00f3 el comisario Walter Maciel en el juicio por Loan - Radio Infinita Goya<\/title>\n<meta name=\"description\" content=\"&quot;Soy imputado y perjudicado pero voy a colaborar&quot; No se trat\u00f3 de la ampliaci\u00f3n de su declaraci\u00f3n indagatoria. El acusado solo se refiri\u00f3 a su pedido para\" \/>\n<meta name=\"robots\" content=\"index, follow, max-snippet:-1, max-image-preview:large, max-video-preview:-1\" \/>\n<link rel=\"canonical\" href=\"https:\/\/radioinfinitagoya.com.ar\/v1\/2026\/09\/03\/hablo-el-comisario-walter-maciel-en-el-juicio-por-loan\/\" \/>\n<meta property=\"og:locale\" content=\"es_ES\" \/>\n<meta property=\"og:type\" content=\"article\" \/>\n<meta property=\"og:title\" content=\"Habl\u00f3 el comisario Walter Maciel en el juicio por Loan - Radio Infinita Goya\" \/>\n<meta property=\"og:description\" content=\"&quot;Soy imputado y perjudicado pero voy a colaborar&quot; No se trat\u00f3 de la ampliaci\u00f3n de su declaraci\u00f3n indagatoria. El acusado solo se refiri\u00f3 a su pedido para\" \/>\n<meta property=\"og:url\" content=\"https:\/\/radioinfinitagoya.com.ar\/v1\/2026\/09\/03\/hablo-el-comisario-walter-maciel-en-el-juicio-por-loan\/\" \/>\n<meta property=\"og:site_name\" content=\"Radio Infinita Goya\" \/>\n<meta property=\"article:publisher\" content=\"https:\/\/www.facebook.com\/p\/Infinita-Goya-100063870918311\/\" \/>\n<meta property=\"article:published_time\" content=\"2026-09-03T16:06:35+00:00\" \/>\n<meta property=\"og:image\" content=\"https:\/\/radioinfinitagoya.com.ar\/v1\/wp-content\/uploads\/2026\/09\/1788443491493.webp\" \/>\n\t<meta property=\"og:image:width\" content=\"1200\" \/>\n\t<meta property=\"og:image:height\" content=\"675\" \/>\n\t<meta property=\"og:image:type\" content=\"image\/webp\" \/>\n<meta name=\"author\" content=\"Jorge Mi\u00f1o\" \/>\n<meta name=\"twitter:card\" content=\"summary_large_image\" \/>\n<meta name=\"twitter:label1\" content=\"Escrito por\" \/>\n\t<meta name=\"twitter:data1\" content=\"Jorge Mi\u00f1o\" \/>\n\t<meta name=\"twitter:label2\" content=\"Tiempo de lectura\" \/>\n\t<meta name=\"twitter:data2\" content=\"4 minutos\" \/>\n<script type=\"application\/ld+json\" class=\"yoast-schema-graph\">{\"@context\":\"https:\\\/\\\/schema.org\",\"@graph\":[{\"@type\":\"Article\",\"@id\":\"https:\\\/\\\/radioinfinitagoya.com.ar\\\/v1\\\/2026\\\/09\\\/03\\\/hablo-el-comisario-walter-maciel-en-el-juicio-por-loan\\\/#article\",\"isPartOf\":{\"@id\":\"https:\\\/\\\/radioinfinitagoya.com.ar\\\/v1\\\/2026\\\/09\\\/03\\\/hablo-el-comisario-walter-maciel-en-el-juicio-por-loan\\\/\"},\"author\":{\"name\":\"Jorge Mi\u00f1o\",\"@id\":\"https:\\\/\\\/radioinfinitagoya.com.ar\\\/v1\\\/#\\\/schema\\\/person\\\/d4cf9c413d4f6edb24aabdccab49ca4a\"},\"headline\":\"Habl\u00f3 el comisario Walter Maciel en el juicio por Loan\",\"datePublished\":\"2026-09-03T16:06:35+00:00\",\"mainEntityOfPage\":{\"@id\":\"https:\\\/\\\/radioinfinitagoya.com.ar\\\/v1\\\/2026\\\/09\\\/03\\\/hablo-el-comisario-walter-maciel-en-el-juicio-por-loan\\\/\"},\"wordCount\":676,\"commentCount\":0,\"publisher\":{\"@id\":\"https:\\\/\\\/radioinfinitagoya.com.ar\\\/v1\\\/#organization\"},\"image\":{\"@id\":\"https:\\\/\\\/radioinfinitagoya.com.ar\\\/v1\\\/2026\\\/09\\\/03\\\/hablo-el-comisario-walter-maciel-en-el-juicio-por-loan\\\/#primaryimage\"},\"thumbnailUrl\":\"https:\\\/\\\/radioinfinitagoya.com.ar\\\/v1\\\/wp-content\\\/uploads\\\/2026\\\/09\\\/1788443491493.webp\",\"articleSection\":[\"PROVINCIALES\"],\"inLanguage\":\"es-AR\",\"potentialAction\":[{\"@type\":\"CommentAction\",\"name\":\"Comment\",\"target\":[\"https:\\\/\\\/radioinfinitagoya.com.ar\\\/v1\\\/2026\\\/09\\\/03\\\/hablo-el-comisario-walter-maciel-en-el-juicio-por-loan\\\/#respond\"]}]},{\"@type\":\"WebPage\",\"@id\":\"https:\\\/\\\/radioinfinitagoya.com.ar\\\/v1\\\/2026\\\/09\\\/03\\\/hablo-el-comisario-walter-maciel-en-el-juicio-por-loan\\\/\",\"url\":\"https:\\\/\\\/radioinfinitagoya.com.ar\\\/v1\\\/2026\\\/09\\\/03\\\/hablo-el-comisario-walter-maciel-en-el-juicio-por-loan\\\/\",\"name\":\"Habl\u00f3 el comisario Walter Maciel en el juicio por Loan - Radio Infinita Goya\",\"isPartOf\":{\"@id\":\"https:\\\/\\\/radioinfinitagoya.com.ar\\\/v1\\\/#website\"},\"primaryImageOfPage\":{\"@id\":\"https:\\\/\\\/radioinfinitagoya.com.ar\\\/v1\\\/2026\\\/09\\\/03\\\/hablo-el-comisario-walter-maciel-en-el-juicio-por-loan\\\/#primaryimage\"},\"image\":{\"@id\":\"https:\\\/\\\/radioinfinitagoya.com.ar\\\/v1\\\/2026\\\/09\\\/03\\\/hablo-el-comisario-walter-maciel-en-el-juicio-por-loan\\\/#primaryimage\"},\"thumbnailUrl\":\"https:\\\/\\\/radioinfinitagoya.com.ar\\\/v1\\\/wp-content\\\/uploads\\\/2026\\\/09\\\/1788443491493.webp\",\"datePublished\":\"2026-09-03T16:06:35+00:00\",\"description\":\"\\\"Soy imputado y perjudicado pero voy a colaborar\\\" No se trat\u00f3 de la ampliaci\u00f3n de su declaraci\u00f3n indagatoria. El acusado solo se refiri\u00f3 a su pedido para\",\"breadcrumb\":{\"@id\":\"https:\\\/\\\/radioinfinitagoya.com.ar\\\/v1\\\/2026\\\/09\\\/03\\\/hablo-el-comisario-walter-maciel-en-el-juicio-por-loan\\\/#breadcrumb\"},\"inLanguage\":\"es-AR\",\"potentialAction\":[{\"@type\":\"ReadAction\",\"target\":[\"https:\\\/\\\/radioinfinitagoya.com.ar\\\/v1\\\/2026\\\/09\\\/03\\\/hablo-el-comisario-walter-maciel-en-el-juicio-por-loan\\\/\"]}]},{\"@type\":\"ImageObject\",\"inLanguage\":\"es-AR\",\"@id\":\"https:\\\/\\\/radioinfinitagoya.com.ar\\\/v1\\\/2026\\\/09\\\/03\\\/hablo-el-comisario-walter-maciel-en-el-juicio-por-loan\\\/#primaryimage\",\"url\":\"https:\\\/\\\/radioinfinitagoya.com.ar\\\/v1\\\/wp-content\\\/uploads\\\/2026\\\/09\\\/1788443491493.webp\",\"contentUrl\":\"https:\\\/\\\/radioinfinitagoya.com.ar\\\/v1\\\/wp-content\\\/uploads\\\/2026\\\/09\\\/1788443491493.webp\",\"width\":1200,\"height\":675},{\"@type\":\"BreadcrumbList\",\"@id\":\"https:\\\/\\\/radioinfinitagoya.com.ar\\\/v1\\\/2026\\\/09\\\/03\\\/hablo-el-comisario-walter-maciel-en-el-juicio-por-loan\\\/#breadcrumb\",\"itemListElement\":[{\"@type\":\"ListItem\",\"position\":1,\"name\":\"Inicio\",\"item\":\"https:\\\/\\\/radioinfinitagoya.com.ar\\\/v1\\\/\"},{\"@type\":\"ListItem\",\"position\":2,\"name\":\"Habl\u00f3 el comisario Walter Maciel en el juicio por Loan\"}]},{\"@type\":\"WebSite\",\"@id\":\"https:\\\/\\\/radioinfinitagoya.com.ar\\\/v1\\\/#website\",\"url\":\"https:\\\/\\\/radioinfinitagoya.com.ar\\\/v1\\\/\",\"name\":\"radioinfinitagoya.com.ar\",\"description\":\"Radio de noticias\",\"publisher\":{\"@id\":\"https:\\\/\\\/radioinfinitagoya.com.ar\\\/v1\\\/#organization\"},\"potentialAction\":[{\"@type\":\"SearchAction\",\"target\":{\"@type\":\"EntryPoint\",\"urlTemplate\":\"https:\\\/\\\/radioinfinitagoya.com.ar\\\/v1\\\/?s={search_term_string}\"},\"query-input\":{\"@type\":\"PropertyValueSpecification\",\"valueRequired\":true,\"valueName\":\"search_term_string\"}}],\"inLanguage\":\"es-AR\"},{\"@type\":\"Organization\",\"@id\":\"https:\\\/\\\/radioinfinitagoya.com.ar\\\/v1\\\/#organization\",\"name\":\"Radio Infinita Goya\",\"url\":\"https:\\\/\\\/radioinfinitagoya.com.ar\\\/v1\\\/\",\"logo\":{\"@type\":\"ImageObject\",\"inLanguage\":\"es-AR\",\"@id\":\"https:\\\/\\\/radioinfinitagoya.com.ar\\\/v1\\\/#\\\/schema\\\/logo\\\/image\\\/\",\"url\":\"https:\\\/\\\/radioinfinitagoya.com.ar\\\/v1\\\/wp-content\\\/uploads\\\/2019\\\/11\\\/logo-pie-web.png\",\"contentUrl\":\"https:\\\/\\\/radioinfinitagoya.com.ar\\\/v1\\\/wp-content\\\/uploads\\\/2019\\\/11\\\/logo-pie-web.png\",\"width\":635,\"height\":326,\"caption\":\"Radio Infinita Goya\"},\"image\":{\"@id\":\"https:\\\/\\\/radioinfinitagoya.com.ar\\\/v1\\\/#\\\/schema\\\/logo\\\/image\\\/\"},\"sameAs\":[\"https:\\\/\\\/www.facebook.com\\\/p\\\/Infinita-Goya-100063870918311\\\/\"]},{\"@type\":\"Person\",\"@id\":\"https:\\\/\\\/radioinfinitagoya.com.ar\\\/v1\\\/#\\\/schema\\\/person\\\/d4cf9c413d4f6edb24aabdccab49ca4a\",\"name\":\"Jorge Mi\u00f1o\",\"image\":{\"@type\":\"ImageObject\",\"inLanguage\":\"es-AR\",\"@id\":\"https:\\\/\\\/secure.gravatar.com\\\/avatar\\\/910fcf6728fe95320e07a6643c1581fec1c7fc4bf8ae12e3d8f0d0373dc844be?s=96&d=mm&r=g\",\"url\":\"https:\\\/\\\/secure.gravatar.com\\\/avatar\\\/910fcf6728fe95320e07a6643c1581fec1c7fc4bf8ae12e3d8f0d0373dc844be?s=96&d=mm&r=g\",\"contentUrl\":\"https:\\\/\\\/secure.gravatar.com\\\/avatar\\\/910fcf6728fe95320e07a6643c1581fec1c7fc4bf8ae12e3d8f0d0373dc844be?s=96&d=mm&r=g\",\"caption\":\"Jorge Mi\u00f1o\"},\"sameAs\":[\"http:\\\/\\\/radioinfinitagoya.com.ar\"]}]}<\/script>\n<!-- \/ Yoast SEO plugin. -->","yoast_head_json":{"title":"Habl\u00f3 el comisario Walter Maciel en el juicio por Loan - Radio Infinita Goya","description":"\"Soy imputado y perjudicado pero voy a colaborar\" No se trat\u00f3 de la ampliaci\u00f3n de su declaraci\u00f3n indagatoria. El acusado solo se refiri\u00f3 a su pedido para","robots":{"index":"index","follow":"follow","max-snippet":"max-snippet:-1","max-image-preview":"max-image-preview:large","max-video-preview":"max-video-preview:-1"},"canonical":"https:\/\/radioinfinitagoya.com.ar\/v1\/2026\/09\/03\/hablo-el-comisario-walter-maciel-en-el-juicio-por-loan\/","og_locale":"es_ES","og_type":"article","og_title":"Habl\u00f3 el comisario Walter Maciel en el juicio por Loan - Radio Infinita Goya","og_description":"\"Soy imputado y perjudicado pero voy a colaborar\" No se trat\u00f3 de la ampliaci\u00f3n de su declaraci\u00f3n indagatoria. El acusado solo se refiri\u00f3 a su pedido para","og_url":"https:\/\/radioinfinitagoya.com.ar\/v1\/2026\/09\/03\/hablo-el-comisario-walter-maciel-en-el-juicio-por-loan\/","og_site_name":"Radio Infinita Goya","article_publisher":"https:\/\/www.facebook.com\/p\/Infinita-Goya-100063870918311\/","article_published_time":"2026-09-03T16:06:35+00:00","og_image":[{"width":1200,"height":675,"url":"https:\/\/radioinfinitagoya.com.ar\/v1\/wp-content\/uploads\/2026\/09\/1788443491493.webp","type":"image\/webp"}],"author":"Jorge Mi\u00f1o","twitter_card":"summary_large_image","twitter_misc":{"Escrito por":"Jorge Mi\u00f1o","Tiempo de lectura":"4 minutos"},"schema":{"@context":"https:\/\/schema.org","@graph":[{"@type":"Article","@id":"https:\/\/radioinfinitagoya.com.ar\/v1\/2026\/09\/03\/hablo-el-comisario-walter-maciel-en-el-juicio-por-loan\/#article","isPartOf":{"@id":"https:\/\/radioinfinitagoya.com.ar\/v1\/2026\/09\/03\/hablo-el-comisario-walter-maciel-en-el-juicio-por-loan\/"},"author":{"name":"Jorge Mi\u00f1o","@id":"https:\/\/radioinfinitagoya.com.ar\/v1\/#\/schema\/person\/d4cf9c413d4f6edb24aabdccab49ca4a"},"headline":"Habl\u00f3 el comisario Walter Maciel en el juicio por Loan","datePublished":"2026-09-03T16:06:35+00:00","mainEntityOfPage":{"@id":"https:\/\/radioinfinitagoya.com.ar\/v1\/2026\/09\/03\/hablo-el-comisario-walter-maciel-en-el-juicio-por-loan\/"},"wordCount":676,"commentCount":0,"publisher":{"@id":"https:\/\/radioinfinitagoya.com.ar\/v1\/#organization"},"image":{"@id":"https:\/\/radioinfinitagoya.com.ar\/v1\/2026\/09\/03\/hablo-el-comisario-walter-maciel-en-el-juicio-por-loan\/#primaryimage"},"thumbnailUrl":"https:\/\/radioinfinitagoya.com.ar\/v1\/wp-content\/uploads\/2026\/09\/1788443491493.webp","articleSection":["PROVINCIALES"],"inLanguage":"es-AR","potentialAction":[{"@type":"CommentAction","name":"Comment","target":["https:\/\/radioinfinitagoya.com.ar\/v1\/2026\/09\/03\/hablo-el-comisario-walter-maciel-en-el-juicio-por-loan\/#respond"]}]},{"@type":"WebPage","@id":"https:\/\/radioinfinitagoya.com.ar\/v1\/2026\/09\/03\/hablo-el-comisario-walter-maciel-en-el-juicio-por-loan\/","url":"https:\/\/radioinfinitagoya.com.ar\/v1\/2026\/09\/03\/hablo-el-comisario-walter-maciel-en-el-juicio-por-loan\/","name":"Habl\u00f3 el comisario Walter Maciel en el juicio por Loan - Radio Infinita Goya","isPartOf":{"@id":"https:\/\/radioinfinitagoya.com.ar\/v1\/#website"},"primaryImageOfPage":{"@id":"https:\/\/radioinfinitagoya.com.ar\/v1\/2026\/09\/03\/hablo-el-comisario-walter-maciel-en-el-juicio-por-loan\/#primaryimage"},"image":{"@id":"https:\/\/radioinfinitagoya.com.ar\/v1\/2026\/09\/03\/hablo-el-comisario-walter-maciel-en-el-juicio-por-loan\/#primaryimage"},"thumbnailUrl":"https:\/\/radioinfinitagoya.com.ar\/v1\/wp-content\/uploads\/2026\/09\/1788443491493.webp","datePublished":"2026-09-03T16:06:35+00:00","description":"\"Soy imputado y perjudicado pero voy a colaborar\" No se trat\u00f3 de la ampliaci\u00f3n de su declaraci\u00f3n indagatoria. El acusado solo se refiri\u00f3 a su pedido para","breadcrumb":{"@id":"https:\/\/radioinfinitagoya.com.ar\/v1\/2026\/09\/03\/hablo-el-comisario-walter-maciel-en-el-juicio-por-loan\/#breadcrumb"},"inLanguage":"es-AR","potentialAction":[{"@type":"ReadAction","target":["https:\/\/radioinfinitagoya.com.ar\/v1\/2026\/09\/03\/hablo-el-comisario-walter-maciel-en-el-juicio-por-loan\/"]}]},{"@type":"ImageObject","inLanguage":"es-AR","@id":"https:\/\/radioinfinitagoya.com.ar\/v1\/2026\/09\/03\/hablo-el-comisario-walter-maciel-en-el-juicio-por-loan\/#primaryimage","url":"https:\/\/radioinfinitagoya.com.ar\/v1\/wp-content\/uploads\/2026\/09\/1788443491493.webp","contentUrl":"https:\/\/radioinfinitagoya.com.ar\/v1\/wp-content\/uploads\/2026\/09\/1788443491493.webp","width":1200,"height":675},{"@type":"BreadcrumbList","@id":"https:\/\/radioinfinitagoya.com.ar\/v1\/2026\/09\/03\/hablo-el-comisario-walter-maciel-en-el-juicio-por-loan\/#breadcrumb","itemListElement":[{"@type":"ListItem","position":1,"name":"Inicio","item":"https:\/\/radioinfinitagoya.com.ar\/v1\/"},{"@type":"ListItem","position":2,"name":"Habl\u00f3 el comisario Walter Maciel en el juicio por Loan"}]},{"@type":"WebSite","@id":"https:\/\/radioinfinitagoya.com.ar\/v1\/#website","url":"https:\/\/radioinfinitagoya.com.ar\/v1\/","name":"radioinfinitagoya.com.ar","description":"Radio de noticias","publisher":{"@id":"https:\/\/radioinfinitagoya.com.ar\/v1\/#organization"},"potentialAction":[{"@type":"SearchAction","target":{"@type":"EntryPoint","urlTemplate":"https:\/\/radioinfinitagoya.com.ar\/v1\/?s={search_term_string}"},"query-input":{"@type":"PropertyValueSpecification","valueRequired":true,"valueName":"search_term_string"}}],"inLanguage":"es-AR"},{"@type":"Organization","@id":"https:\/\/radioinfinitagoya.com.ar\/v1\/#organization","name":"Radio Infinita Goya","url":"https:\/\/radioinfinitagoya.com.ar\/v1\/","logo":{"@type":"ImageObject","inLanguage":"es-AR","@id":"https:\/\/radioinfinitagoya.com.ar\/v1\/#\/schema\/logo\/image\/","url":"https:\/\/radioinfinitagoya.com.ar\/v1\/wp-content\/uploads\/2019\/11\/logo-pie-web.png","contentUrl":"https:\/\/radioinfinitagoya.com.ar\/v1\/wp-content\/uploads\/2019\/11\/logo-pie-web.png","width":635,"height":326,"caption":"Radio Infinita Goya"},"image":{"@id":"https:\/\/radioinfinitagoya.com.ar\/v1\/#\/schema\/logo\/image\/"},"sameAs":["https:\/\/www.facebook.com\/p\/Infinita-Goya-100063870918311\/"]},{"@type":"Person","@id":"https:\/\/radioinfinitagoya.com.ar\/v1\/#\/schema\/person\/d4cf9c413d4f6edb24aabdccab49ca4a","name":"Jorge Mi\u00f1o","image":{"@type":"ImageObject","inLanguage":"es-AR","@id":"https:\/\/secure.gravatar.com\/avatar\/910fcf6728fe95320e07a6643c1581fec1c7fc4bf8ae12e3d8f0d0373dc844be?s=96&d=mm&r=g","url":"https:\/\/secure.gravatar.com\/avatar\/910fcf6728fe95320e07a6643c1581fec1c7fc4bf8ae12e3d8f0d0373dc844be?s=96&d=mm&r=g","contentUrl":"https:\/\/secure.gravatar.com\/avatar\/910fcf6728fe95320e07a6643c1581fec1c7fc4bf8ae12e3d8f0d0373dc844be?s=96&d=mm&r=g","caption":"Jorge Mi\u00f1o"},"sameAs":["http:\/\/radioinfinitagoya.com.ar"]}]}},"_links":{"self":[{"href":"https:\/\/radioinfinitagoya.com.ar\/v1\/wp-json\/wp\/v2\/posts\/226603","targetHints":{"allow":["GET"]}}],"collection":[{"href":"https:\/\/radioinfinitagoya.com.ar\/v1\/wp-json\/wp\/v2\/posts"}],"about":[{"href":"https:\/\/radioinfinitagoya.com.ar\/v1\/wp-json\/wp\/v2\/types\/post"}],"author":[{"embeddable":true,"href":"https:\/\/radioinfinitagoya.com.ar\/v1\/wp-json\/wp\/v2\/users\/4"}],"replies":[{"embeddable":true,"href":"https:\/\/radioinfinitagoya.com.ar\/v1\/wp-json\/wp\/v2\/comments?post=226603"}],"version-history":[{"count":1,"href":"https:\/\/radioinfinitagoya.com.ar\/v1\/wp-json\/wp\/v2\/posts\/226603\/revisions"}],"predecessor-version":[{"id":226605,"href":"https:\/\/radioinfinitagoya.com.ar\/v1\/wp-json\/wp\/v2\/posts\/226603\/revisions\/226605"}],"wp:featuredmedia":[{"embeddable":true,"href":"https:\/\/radioinfinitagoya.com.ar\/v1\/wp-json\/wp\/v2\/media\/226604"}],"wp:attachment":[{"href":"https:\/\/radioinfinitagoya.com.ar\/v1\/wp-json\/wp\/v2\/media?parent=226603"}],"wp:term":[{"taxonomy":"category","embeddable":true,"href":"https:\/\/radioinfinitagoya.com.ar\/v1\/wp-json\/wp\/v2\/categories?post=226603"},{"taxonomy":"post_tag","embeddable":true,"href":"https:\/\/radioinfinitagoya.com.ar\/v1\/wp-json\/wp\/v2\/tags?post=226603"}],"curies":[{"name":"wp","href":"https:\/\/api.w.org\/{rel}","templated":true}]}}