{"id":226613,"date":"2026-09-03T13:31:40","date_gmt":"2026-09-03T16:31:40","guid":{"rendered":"https:\/\/radioinfinitagoya.com.ar\/v1\/?p=226613"},"modified":"2026-09-03T13:31:40","modified_gmt":"2026-09-03T16:31:40","slug":"caso-exen-procesaron-a-cinco-acusados-por-lavado-de-activos-en-chaco-y-corrientes","status":"publish","type":"post","link":"https:\/\/radioinfinitagoya.com.ar\/v1\/2026\/09\/03\/caso-exen-procesaron-a-cinco-acusados-por-lavado-de-activos-en-chaco-y-corrientes\/","title":{"rendered":"Caso Exen: procesaron a cinco acusados por lavado de activos en Chaco y Corrientes"},"content":{"rendered":"<p>Adem\u00e1s, ordenaron embargos por m\u00e1s de $8.700 millones y declar\u00f3 la falta de m\u00e9rito para otros dos imputados.<\/p>\n<p>La jueza Zunilda Niremperger, a cargo del Juzgado Federal de Resistencia, proces\u00f3 con prisi\u00f3n preventiva a cuatro hombres y una mujer acusados de maniobras de lavado de activos mediante una cadena de gimnasios en distintas localidades de las provincias de Chaco y Corrientes,<\/p>\n<p>Se trata del clan familiar integrado por dos hermanos, su madre y la pareja de esta, adem\u00e1s de un socio. Cuatro de los imputados fueron procesados como coautores del delito de lavado de activos, con el agravante de habitualidad, mientras que el quinto fue considerado part\u00edcipe necesario, sin ese agravante. En este \u00faltimo caso, la jueza dispuso que la prisi\u00f3n preventiva sea cumplida bajo la modalidad de arresto domiciliario.<\/p>\n<p>De acuerdo con la resoluci\u00f3n, Federico Alejandro Cl\u00ednis Canal, Sergio Nicol\u00e1s Cl\u00ednis Canal, Mar\u00eda Graciela Canal, Jorge C\u00e9sar Alberto Vargas y Mauro Emmanuel Lugo Heim, habr\u00edan intervenido, con diferentes grados de participaci\u00f3n, en una operatoria destinada a poner en circulaci\u00f3n bienes y fondos de posible procedencia delictiva e incorporarlos al circuito econ\u00f3mico formal mediante sociedades comerciales, con el objetivo de otorgarles apariencia de legitimidad.<\/p>\n<p>En tanto, Yamil Gabriel Gane y Raquel Edith Bohacek fueron beneficiados con el dictado de la falta de m\u00e9rito.<\/p>\n<p>Adem\u00e1s, la magistrada orden\u00f3 embargos sobre los bienes de los cuatro procesados como coautores hasta cubrir la suma de $5.820.687.000. La misma medida recay\u00f3 sobre el quinto procesado, pero por un monto de $2.910.343.500.<\/p>\n<p>Por otra parte, Niremperger dict\u00f3 la falta de m\u00e9rito respecto de una mujer y un hombre que tambi\u00e9n hab\u00edan sido imputados. Como este \u00faltimo se encontraba detenido, orden\u00f3 su inmediata libertad.<\/p>\n<p>El origen de los fondos investigados<\/p>\n<p>Los cinco procesados y las otras dos personas a las que se les dict\u00f3 la falta de m\u00e9rito hab\u00edan sido detenidos el 7 de agosto, durante los 18 allanamientos realizados en distintos locales de la cadena de gimnasios \u201cExen\u201d, domicilios particulares, concesionarios de automotores, escriban\u00edas y estudios contables vinculados con las personas y sociedades investigadas.<\/p>\n<p>La investigaci\u00f3n se inici\u00f3 a partir de informaci\u00f3n aportada por una persona que se acogi\u00f3 al r\u00e9gimen del arrepentido, que vincul\u00f3 a una organizaci\u00f3n narcocriminal con el grupo familiar ahora imputado por lavado.<\/p>\n<p>De acuerdo con el requerimiento fiscal, parte de los veh\u00edculos utilizados por integrantes de esa organizaci\u00f3n guardaban relaci\u00f3n con la concesionaria de los imputados. A partir de eso, Sabadini inici\u00f3 una investigaci\u00f3n preliminar para determinar la posible existencia de maniobras de lavado de activos y reconstruir el origen de los fondos.<\/p>\n<p>Una de las principales actividades detectadas durante la pesquisa fue la apertura y r\u00e1pida expansi\u00f3n de la cadena de gimnasios Exen, que lleg\u00f3 a contar con establecimientos en Resistencia, Barranqueras y Pampa del Infierno, adem\u00e1s de una nueva sede en desarrollo en la ciudad de Corrientes.<\/p>\n<p>Entre febrero de 2025 y julio de 2026, la cadena lleg\u00f3 a contar con siete sucursales. La primera, Exen Illia, fue inaugurada en febrero de 2025, y luego se sumaron Exen Santiago, Exen Las Heras, Exen Club, Exen Barranqueras y Exen Pampa. Tambi\u00e9n se detectaron obras de acondicionamiento para una nueva sede en el ex Hotel Guaran\u00ed de Corrientes.<\/p>\n<p>El fiscal Sabadini consider\u00f3 llamativo el ritmo de expansi\u00f3n y el volumen de las inversiones realizadas. En su requerimiento sostuvo que resultaba econ\u00f3micamente inviable justificar la apertura de siete sucursales en un per\u00edodo tan corto.<\/p>\n<p>La actividad de la cadena, adem\u00e1s, no estaba concentrada en una \u00fanica persona jur\u00eddica, sino que su desarrollo y expansi\u00f3n hab\u00edan sido instrumentados mediante cuatro sociedades: EXENGYM S.R.L., RANA S.R.L., EXEN ACADEMY S.A.S. y PAMPAFITNESS S.A.S., todas integradas o administradas por personas vinculadas entre s\u00ed y comprendidas en la investigaci\u00f3n.<\/p>\n<p>Los fundamentos de la resoluci\u00f3n<\/p>\n<p>Para la jueza, la hip\u00f3tesis sobre el eventual origen il\u00edcito de los bienes no se sustenta en irregularidades fiscales o administrativas, sino en la valoraci\u00f3n conjunta del il\u00edcito antecedente investigado, las conexiones verificadas y los elementos patrimoniales, financieros y documentales incorporados a la causa.<\/p>\n<p>En ese sentido, la resoluci\u00f3n se\u00f1ala que la maquinaria y el equipamiento deportivo constatados en las siete sedes de los gimnasios Exen allanadas fueron valuados en aproximadamente 1.877.888 d\u00f3lares.<\/p>\n<p>La magistrada identific\u00f3 adem\u00e1s aspectos pendientes de esclarecimiento, entre ellos una parte del equipamiento que no pudo ser vinculada hasta el momento con un correlato fiscal o contractual suficiente y las obras e instalaciones cuya trazabilidad econ\u00f3mica tampoco pudo reconstruirse de manera integral.<\/p>\n<p>Para Niremperger, existe una \u201cdiscordancia objetiva\u201d entre la magnitud y continuidad de la expansi\u00f3n de los establecimientos y el nivel de reconstrucci\u00f3n alcanzado respecto del origen, aplicaci\u00f3n y documentaci\u00f3n de la totalidad de los recursos movilizados.<\/p>\n<p>La jueza tambi\u00e9n destac\u00f3 que los gimnasios desarrollaron una actividad econ\u00f3mica real, generaron ingresos propios y utilizaron mecanismos habituales de financiaci\u00f3n, como pr\u00e9stamos bancarios, cr\u00e9ditos de proveedores, leasing, cheques de pago diferido y pagar\u00e9s.<\/p>\n<p>Sin embargo, consider\u00f3 relevante determinar el origen de los recursos utilizados durante la primera etapa de expansi\u00f3n, principalmente para la adquisici\u00f3n de maquinaria, las modificaciones de los primeros inmuebles y la puesta en funcionamiento de las primeras sedes.<\/p>\n<p>La habitualidad<\/p>\n<p>Respecto del agravante de habitualidad, Niremperger sostuvo que la maniobra investigada no se habr\u00eda limitado a una \u00fanica incorporaci\u00f3n de dinero o a la adquisici\u00f3n aislada de un bien.<\/p>\n<p>Seg\u00fan la resoluci\u00f3n, la reconstrucci\u00f3n realizada permite identificar distintos momentos y operaciones patrimoniales desarrollados desde el segundo semestre de 2024 y durante 2025 y 2026, con nuevas operaciones de conversi\u00f3n patrimonial y la intervenci\u00f3n de los mismos sujetos.<\/p>\n<p>La magistrada se\u00f1al\u00f3 una secuencia que incluye una primera inyecci\u00f3n de recursos parcialmente no trazados, su conversi\u00f3n en maquinaria, pisos, instalaciones y obras, nuevas adquisiciones, operaciones de leasing, obligaciones asumidas por los integrantes del grupo, aplicaci\u00f3n de activos a distintas sedes y circulaci\u00f3n de fondos entre personas y sociedades formalmente diferenciadas.<\/p>\n<p>Para la jueza, es en esa sucesi\u00f3n de operaciones donde se encontrar\u00eda, de manera provisoria, el fundamento para aplicar el agravante de habitualidad en el procesamiento de cuatro de los acusados.<\/p>\n","protected":false},"excerpt":{"rendered":"<p>Adem\u00e1s, ordenaron embargos por m\u00e1s de $8.700 millones y declar\u00f3 la falta de m\u00e9rito para otros dos imputados. La jueza Zunilda Niremperger, a cargo del Juzgado Federal de Resistencia, proces\u00f3 con prisi\u00f3n preventiva a cuatro hombres y una mujer acusados de maniobras de lavado de activos mediante una cadena de gimnasios en distintas localidades de [&hellip;]<\/p>\n","protected":false},"author":4,"featured_media":226614,"comment_status":"open","ping_status":"open","sticky":false,"template":"","format":"standard","meta":{"_joinchat":[],"footnotes":""},"categories":[26],"tags":[],"class_list":["post-226613","post","type-post","status-publish","format-standard","has-post-thumbnail","category-provinciales"],"yoast_head":"<!-- This site is optimized with the Yoast SEO plugin v27.7 - https:\/\/yoast.com\/product\/yoast-seo-wordpress\/ -->\n<title>Caso Exen: procesaron a cinco acusados por lavado de activos en Chaco y Corrientes - Radio Infinita Goya<\/title>\n<meta name=\"description\" content=\"Adem\u00e1s, ordenaron embargos por m\u00e1s de $8.700 millones y declar\u00f3 la falta de m\u00e9rito para otros dos imputados. La jueza Zunilda Niremperger, a cargo del\" \/>\n<meta name=\"robots\" content=\"index, follow, max-snippet:-1, max-image-preview:large, max-video-preview:-1\" \/>\n<link rel=\"canonical\" href=\"https:\/\/radioinfinitagoya.com.ar\/v1\/2026\/09\/03\/caso-exen-procesaron-a-cinco-acusados-por-lavado-de-activos-en-chaco-y-corrientes\/\" \/>\n<meta property=\"og:locale\" content=\"es_ES\" \/>\n<meta property=\"og:type\" content=\"article\" \/>\n<meta property=\"og:title\" content=\"Caso Exen: procesaron a cinco acusados por lavado de activos en Chaco y Corrientes - Radio Infinita Goya\" \/>\n<meta property=\"og:description\" content=\"Adem\u00e1s, ordenaron embargos por m\u00e1s de $8.700 millones y declar\u00f3 la falta de m\u00e9rito para otros dos imputados. La jueza Zunilda Niremperger, a cargo del\" \/>\n<meta property=\"og:url\" content=\"https:\/\/radioinfinitagoya.com.ar\/v1\/2026\/09\/03\/caso-exen-procesaron-a-cinco-acusados-por-lavado-de-activos-en-chaco-y-corrientes\/\" \/>\n<meta property=\"og:site_name\" content=\"Radio Infinita Goya\" \/>\n<meta property=\"article:publisher\" content=\"https:\/\/www.facebook.com\/p\/Infinita-Goya-100063870918311\/\" \/>\n<meta property=\"article:published_time\" content=\"2026-09-03T16:31:40+00:00\" \/>\n<meta property=\"og:image\" content=\"https:\/\/radioinfinitagoya.com.ar\/v1\/wp-content\/uploads\/2026\/09\/1788373732635.webp\" \/>\n\t<meta property=\"og:image:width\" content=\"1200\" \/>\n\t<meta property=\"og:image:height\" content=\"675\" \/>\n\t<meta property=\"og:image:type\" content=\"image\/webp\" \/>\n<meta name=\"author\" content=\"Jorge Mi\u00f1o\" \/>\n<meta name=\"twitter:card\" content=\"summary_large_image\" \/>\n<meta name=\"twitter:label1\" content=\"Escrito por\" \/>\n\t<meta name=\"twitter:data1\" content=\"Jorge Mi\u00f1o\" \/>\n\t<meta name=\"twitter:label2\" content=\"Tiempo de lectura\" \/>\n\t<meta name=\"twitter:data2\" content=\"5 minutos\" \/>\n<script type=\"application\/ld+json\" class=\"yoast-schema-graph\">{\"@context\":\"https:\\\/\\\/schema.org\",\"@graph\":[{\"@type\":\"Article\",\"@id\":\"https:\\\/\\\/radioinfinitagoya.com.ar\\\/v1\\\/2026\\\/09\\\/03\\\/caso-exen-procesaron-a-cinco-acusados-por-lavado-de-activos-en-chaco-y-corrientes\\\/#article\",\"isPartOf\":{\"@id\":\"https:\\\/\\\/radioinfinitagoya.com.ar\\\/v1\\\/2026\\\/09\\\/03\\\/caso-exen-procesaron-a-cinco-acusados-por-lavado-de-activos-en-chaco-y-corrientes\\\/\"},\"author\":{\"name\":\"Jorge Mi\u00f1o\",\"@id\":\"https:\\\/\\\/radioinfinitagoya.com.ar\\\/v1\\\/#\\\/schema\\\/person\\\/d4cf9c413d4f6edb24aabdccab49ca4a\"},\"headline\":\"Caso Exen: procesaron a cinco acusados por lavado de activos en Chaco y Corrientes\",\"datePublished\":\"2026-09-03T16:31:40+00:00\",\"mainEntityOfPage\":{\"@id\":\"https:\\\/\\\/radioinfinitagoya.com.ar\\\/v1\\\/2026\\\/09\\\/03\\\/caso-exen-procesaron-a-cinco-acusados-por-lavado-de-activos-en-chaco-y-corrientes\\\/\"},\"wordCount\":1085,\"commentCount\":0,\"publisher\":{\"@id\":\"https:\\\/\\\/radioinfinitagoya.com.ar\\\/v1\\\/#organization\"},\"image\":{\"@id\":\"https:\\\/\\\/radioinfinitagoya.com.ar\\\/v1\\\/2026\\\/09\\\/03\\\/caso-exen-procesaron-a-cinco-acusados-por-lavado-de-activos-en-chaco-y-corrientes\\\/#primaryimage\"},\"thumbnailUrl\":\"https:\\\/\\\/radioinfinitagoya.com.ar\\\/v1\\\/wp-content\\\/uploads\\\/2026\\\/09\\\/1788373732635.webp\",\"articleSection\":[\"PROVINCIALES\"],\"inLanguage\":\"es-AR\",\"potentialAction\":[{\"@type\":\"CommentAction\",\"name\":\"Comment\",\"target\":[\"https:\\\/\\\/radioinfinitagoya.com.ar\\\/v1\\\/2026\\\/09\\\/03\\\/caso-exen-procesaron-a-cinco-acusados-por-lavado-de-activos-en-chaco-y-corrientes\\\/#respond\"]}]},{\"@type\":\"WebPage\",\"@id\":\"https:\\\/\\\/radioinfinitagoya.com.ar\\\/v1\\\/2026\\\/09\\\/03\\\/caso-exen-procesaron-a-cinco-acusados-por-lavado-de-activos-en-chaco-y-corrientes\\\/\",\"url\":\"https:\\\/\\\/radioinfinitagoya.com.ar\\\/v1\\\/2026\\\/09\\\/03\\\/caso-exen-procesaron-a-cinco-acusados-por-lavado-de-activos-en-chaco-y-corrientes\\\/\",\"name\":\"Caso Exen: procesaron a cinco acusados por lavado de activos en Chaco y Corrientes - Radio Infinita Goya\",\"isPartOf\":{\"@id\":\"https:\\\/\\\/radioinfinitagoya.com.ar\\\/v1\\\/#website\"},\"primaryImageOfPage\":{\"@id\":\"https:\\\/\\\/radioinfinitagoya.com.ar\\\/v1\\\/2026\\\/09\\\/03\\\/caso-exen-procesaron-a-cinco-acusados-por-lavado-de-activos-en-chaco-y-corrientes\\\/#primaryimage\"},\"image\":{\"@id\":\"https:\\\/\\\/radioinfinitagoya.com.ar\\\/v1\\\/2026\\\/09\\\/03\\\/caso-exen-procesaron-a-cinco-acusados-por-lavado-de-activos-en-chaco-y-corrientes\\\/#primaryimage\"},\"thumbnailUrl\":\"https:\\\/\\\/radioinfinitagoya.com.ar\\\/v1\\\/wp-content\\\/uploads\\\/2026\\\/09\\\/1788373732635.webp\",\"datePublished\":\"2026-09-03T16:31:40+00:00\",\"description\":\"Adem\u00e1s, ordenaron embargos por m\u00e1s de $8.700 millones y declar\u00f3 la falta de m\u00e9rito para otros dos imputados. La jueza Zunilda Niremperger, a cargo del\",\"breadcrumb\":{\"@id\":\"https:\\\/\\\/radioinfinitagoya.com.ar\\\/v1\\\/2026\\\/09\\\/03\\\/caso-exen-procesaron-a-cinco-acusados-por-lavado-de-activos-en-chaco-y-corrientes\\\/#breadcrumb\"},\"inLanguage\":\"es-AR\",\"potentialAction\":[{\"@type\":\"ReadAction\",\"target\":[\"https:\\\/\\\/radioinfinitagoya.com.ar\\\/v1\\\/2026\\\/09\\\/03\\\/caso-exen-procesaron-a-cinco-acusados-por-lavado-de-activos-en-chaco-y-corrientes\\\/\"]}]},{\"@type\":\"ImageObject\",\"inLanguage\":\"es-AR\",\"@id\":\"https:\\\/\\\/radioinfinitagoya.com.ar\\\/v1\\\/2026\\\/09\\\/03\\\/caso-exen-procesaron-a-cinco-acusados-por-lavado-de-activos-en-chaco-y-corrientes\\\/#primaryimage\",\"url\":\"https:\\\/\\\/radioinfinitagoya.com.ar\\\/v1\\\/wp-content\\\/uploads\\\/2026\\\/09\\\/1788373732635.webp\",\"contentUrl\":\"https:\\\/\\\/radioinfinitagoya.com.ar\\\/v1\\\/wp-content\\\/uploads\\\/2026\\\/09\\\/1788373732635.webp\",\"width\":1200,\"height\":675},{\"@type\":\"BreadcrumbList\",\"@id\":\"https:\\\/\\\/radioinfinitagoya.com.ar\\\/v1\\\/2026\\\/09\\\/03\\\/caso-exen-procesaron-a-cinco-acusados-por-lavado-de-activos-en-chaco-y-corrientes\\\/#breadcrumb\",\"itemListElement\":[{\"@type\":\"ListItem\",\"position\":1,\"name\":\"Inicio\",\"item\":\"https:\\\/\\\/radioinfinitagoya.com.ar\\\/v1\\\/\"},{\"@type\":\"ListItem\",\"position\":2,\"name\":\"Caso Exen: procesaron a cinco acusados por lavado de activos en Chaco y Corrientes\"}]},{\"@type\":\"WebSite\",\"@id\":\"https:\\\/\\\/radioinfinitagoya.com.ar\\\/v1\\\/#website\",\"url\":\"https:\\\/\\\/radioinfinitagoya.com.ar\\\/v1\\\/\",\"name\":\"radioinfinitagoya.com.ar\",\"description\":\"Radio de noticias\",\"publisher\":{\"@id\":\"https:\\\/\\\/radioinfinitagoya.com.ar\\\/v1\\\/#organization\"},\"potentialAction\":[{\"@type\":\"SearchAction\",\"target\":{\"@type\":\"EntryPoint\",\"urlTemplate\":\"https:\\\/\\\/radioinfinitagoya.com.ar\\\/v1\\\/?s={search_term_string}\"},\"query-input\":{\"@type\":\"PropertyValueSpecification\",\"valueRequired\":true,\"valueName\":\"search_term_string\"}}],\"inLanguage\":\"es-AR\"},{\"@type\":\"Organization\",\"@id\":\"https:\\\/\\\/radioinfinitagoya.com.ar\\\/v1\\\/#organization\",\"name\":\"Radio Infinita Goya\",\"url\":\"https:\\\/\\\/radioinfinitagoya.com.ar\\\/v1\\\/\",\"logo\":{\"@type\":\"ImageObject\",\"inLanguage\":\"es-AR\",\"@id\":\"https:\\\/\\\/radioinfinitagoya.com.ar\\\/v1\\\/#\\\/schema\\\/logo\\\/image\\\/\",\"url\":\"https:\\\/\\\/radioinfinitagoya.com.ar\\\/v1\\\/wp-content\\\/uploads\\\/2019\\\/11\\\/logo-pie-web.png\",\"contentUrl\":\"https:\\\/\\\/radioinfinitagoya.com.ar\\\/v1\\\/wp-content\\\/uploads\\\/2019\\\/11\\\/logo-pie-web.png\",\"width\":635,\"height\":326,\"caption\":\"Radio Infinita Goya\"},\"image\":{\"@id\":\"https:\\\/\\\/radioinfinitagoya.com.ar\\\/v1\\\/#\\\/schema\\\/logo\\\/image\\\/\"},\"sameAs\":[\"https:\\\/\\\/www.facebook.com\\\/p\\\/Infinita-Goya-100063870918311\\\/\"]},{\"@type\":\"Person\",\"@id\":\"https:\\\/\\\/radioinfinitagoya.com.ar\\\/v1\\\/#\\\/schema\\\/person\\\/d4cf9c413d4f6edb24aabdccab49ca4a\",\"name\":\"Jorge Mi\u00f1o\",\"image\":{\"@type\":\"ImageObject\",\"inLanguage\":\"es-AR\",\"@id\":\"https:\\\/\\\/secure.gravatar.com\\\/avatar\\\/910fcf6728fe95320e07a6643c1581fec1c7fc4bf8ae12e3d8f0d0373dc844be?s=96&d=mm&r=g\",\"url\":\"https:\\\/\\\/secure.gravatar.com\\\/avatar\\\/910fcf6728fe95320e07a6643c1581fec1c7fc4bf8ae12e3d8f0d0373dc844be?s=96&d=mm&r=g\",\"contentUrl\":\"https:\\\/\\\/secure.gravatar.com\\\/avatar\\\/910fcf6728fe95320e07a6643c1581fec1c7fc4bf8ae12e3d8f0d0373dc844be?s=96&d=mm&r=g\",\"caption\":\"Jorge Mi\u00f1o\"},\"sameAs\":[\"http:\\\/\\\/radioinfinitagoya.com.ar\"]}]}<\/script>\n<!-- \/ Yoast SEO plugin. -->","yoast_head_json":{"title":"Caso Exen: procesaron a cinco acusados por lavado de activos en Chaco y Corrientes - Radio Infinita Goya","description":"Adem\u00e1s, ordenaron embargos por m\u00e1s de $8.700 millones y declar\u00f3 la falta de m\u00e9rito para otros dos imputados. La jueza Zunilda Niremperger, a cargo del","robots":{"index":"index","follow":"follow","max-snippet":"max-snippet:-1","max-image-preview":"max-image-preview:large","max-video-preview":"max-video-preview:-1"},"canonical":"https:\/\/radioinfinitagoya.com.ar\/v1\/2026\/09\/03\/caso-exen-procesaron-a-cinco-acusados-por-lavado-de-activos-en-chaco-y-corrientes\/","og_locale":"es_ES","og_type":"article","og_title":"Caso Exen: procesaron a cinco acusados por lavado de activos en Chaco y Corrientes - Radio Infinita Goya","og_description":"Adem\u00e1s, ordenaron embargos por m\u00e1s de $8.700 millones y declar\u00f3 la falta de m\u00e9rito para otros dos imputados. La jueza Zunilda Niremperger, a cargo del","og_url":"https:\/\/radioinfinitagoya.com.ar\/v1\/2026\/09\/03\/caso-exen-procesaron-a-cinco-acusados-por-lavado-de-activos-en-chaco-y-corrientes\/","og_site_name":"Radio Infinita Goya","article_publisher":"https:\/\/www.facebook.com\/p\/Infinita-Goya-100063870918311\/","article_published_time":"2026-09-03T16:31:40+00:00","og_image":[{"width":1200,"height":675,"url":"https:\/\/radioinfinitagoya.com.ar\/v1\/wp-content\/uploads\/2026\/09\/1788373732635.webp","type":"image\/webp"}],"author":"Jorge Mi\u00f1o","twitter_card":"summary_large_image","twitter_misc":{"Escrito por":"Jorge Mi\u00f1o","Tiempo de lectura":"5 minutos"},"schema":{"@context":"https:\/\/schema.org","@graph":[{"@type":"Article","@id":"https:\/\/radioinfinitagoya.com.ar\/v1\/2026\/09\/03\/caso-exen-procesaron-a-cinco-acusados-por-lavado-de-activos-en-chaco-y-corrientes\/#article","isPartOf":{"@id":"https:\/\/radioinfinitagoya.com.ar\/v1\/2026\/09\/03\/caso-exen-procesaron-a-cinco-acusados-por-lavado-de-activos-en-chaco-y-corrientes\/"},"author":{"name":"Jorge Mi\u00f1o","@id":"https:\/\/radioinfinitagoya.com.ar\/v1\/#\/schema\/person\/d4cf9c413d4f6edb24aabdccab49ca4a"},"headline":"Caso Exen: procesaron a cinco acusados por lavado de activos en Chaco y Corrientes","datePublished":"2026-09-03T16:31:40+00:00","mainEntityOfPage":{"@id":"https:\/\/radioinfinitagoya.com.ar\/v1\/2026\/09\/03\/caso-exen-procesaron-a-cinco-acusados-por-lavado-de-activos-en-chaco-y-corrientes\/"},"wordCount":1085,"commentCount":0,"publisher":{"@id":"https:\/\/radioinfinitagoya.com.ar\/v1\/#organization"},"image":{"@id":"https:\/\/radioinfinitagoya.com.ar\/v1\/2026\/09\/03\/caso-exen-procesaron-a-cinco-acusados-por-lavado-de-activos-en-chaco-y-corrientes\/#primaryimage"},"thumbnailUrl":"https:\/\/radioinfinitagoya.com.ar\/v1\/wp-content\/uploads\/2026\/09\/1788373732635.webp","articleSection":["PROVINCIALES"],"inLanguage":"es-AR","potentialAction":[{"@type":"CommentAction","name":"Comment","target":["https:\/\/radioinfinitagoya.com.ar\/v1\/2026\/09\/03\/caso-exen-procesaron-a-cinco-acusados-por-lavado-de-activos-en-chaco-y-corrientes\/#respond"]}]},{"@type":"WebPage","@id":"https:\/\/radioinfinitagoya.com.ar\/v1\/2026\/09\/03\/caso-exen-procesaron-a-cinco-acusados-por-lavado-de-activos-en-chaco-y-corrientes\/","url":"https:\/\/radioinfinitagoya.com.ar\/v1\/2026\/09\/03\/caso-exen-procesaron-a-cinco-acusados-por-lavado-de-activos-en-chaco-y-corrientes\/","name":"Caso Exen: procesaron a cinco acusados por lavado de activos en Chaco y Corrientes - Radio Infinita Goya","isPartOf":{"@id":"https:\/\/radioinfinitagoya.com.ar\/v1\/#website"},"primaryImageOfPage":{"@id":"https:\/\/radioinfinitagoya.com.ar\/v1\/2026\/09\/03\/caso-exen-procesaron-a-cinco-acusados-por-lavado-de-activos-en-chaco-y-corrientes\/#primaryimage"},"image":{"@id":"https:\/\/radioinfinitagoya.com.ar\/v1\/2026\/09\/03\/caso-exen-procesaron-a-cinco-acusados-por-lavado-de-activos-en-chaco-y-corrientes\/#primaryimage"},"thumbnailUrl":"https:\/\/radioinfinitagoya.com.ar\/v1\/wp-content\/uploads\/2026\/09\/1788373732635.webp","datePublished":"2026-09-03T16:31:40+00:00","description":"Adem\u00e1s, ordenaron embargos por m\u00e1s de $8.700 millones y declar\u00f3 la falta de m\u00e9rito para otros dos imputados. La jueza Zunilda Niremperger, a cargo del","breadcrumb":{"@id":"https:\/\/radioinfinitagoya.com.ar\/v1\/2026\/09\/03\/caso-exen-procesaron-a-cinco-acusados-por-lavado-de-activos-en-chaco-y-corrientes\/#breadcrumb"},"inLanguage":"es-AR","potentialAction":[{"@type":"ReadAction","target":["https:\/\/radioinfinitagoya.com.ar\/v1\/2026\/09\/03\/caso-exen-procesaron-a-cinco-acusados-por-lavado-de-activos-en-chaco-y-corrientes\/"]}]},{"@type":"ImageObject","inLanguage":"es-AR","@id":"https:\/\/radioinfinitagoya.com.ar\/v1\/2026\/09\/03\/caso-exen-procesaron-a-cinco-acusados-por-lavado-de-activos-en-chaco-y-corrientes\/#primaryimage","url":"https:\/\/radioinfinitagoya.com.ar\/v1\/wp-content\/uploads\/2026\/09\/1788373732635.webp","contentUrl":"https:\/\/radioinfinitagoya.com.ar\/v1\/wp-content\/uploads\/2026\/09\/1788373732635.webp","width":1200,"height":675},{"@type":"BreadcrumbList","@id":"https:\/\/radioinfinitagoya.com.ar\/v1\/2026\/09\/03\/caso-exen-procesaron-a-cinco-acusados-por-lavado-de-activos-en-chaco-y-corrientes\/#breadcrumb","itemListElement":[{"@type":"ListItem","position":1,"name":"Inicio","item":"https:\/\/radioinfinitagoya.com.ar\/v1\/"},{"@type":"ListItem","position":2,"name":"Caso Exen: procesaron a cinco acusados por lavado de activos en Chaco y Corrientes"}]},{"@type":"WebSite","@id":"https:\/\/radioinfinitagoya.com.ar\/v1\/#website","url":"https:\/\/radioinfinitagoya.com.ar\/v1\/","name":"radioinfinitagoya.com.ar","description":"Radio de noticias","publisher":{"@id":"https:\/\/radioinfinitagoya.com.ar\/v1\/#organization"},"potentialAction":[{"@type":"SearchAction","target":{"@type":"EntryPoint","urlTemplate":"https:\/\/radioinfinitagoya.com.ar\/v1\/?s={search_term_string}"},"query-input":{"@type":"PropertyValueSpecification","valueRequired":true,"valueName":"search_term_string"}}],"inLanguage":"es-AR"},{"@type":"Organization","@id":"https:\/\/radioinfinitagoya.com.ar\/v1\/#organization","name":"Radio Infinita Goya","url":"https:\/\/radioinfinitagoya.com.ar\/v1\/","logo":{"@type":"ImageObject","inLanguage":"es-AR","@id":"https:\/\/radioinfinitagoya.com.ar\/v1\/#\/schema\/logo\/image\/","url":"https:\/\/radioinfinitagoya.com.ar\/v1\/wp-content\/uploads\/2019\/11\/logo-pie-web.png","contentUrl":"https:\/\/radioinfinitagoya.com.ar\/v1\/wp-content\/uploads\/2019\/11\/logo-pie-web.png","width":635,"height":326,"caption":"Radio Infinita Goya"},"image":{"@id":"https:\/\/radioinfinitagoya.com.ar\/v1\/#\/schema\/logo\/image\/"},"sameAs":["https:\/\/www.facebook.com\/p\/Infinita-Goya-100063870918311\/"]},{"@type":"Person","@id":"https:\/\/radioinfinitagoya.com.ar\/v1\/#\/schema\/person\/d4cf9c413d4f6edb24aabdccab49ca4a","name":"Jorge Mi\u00f1o","image":{"@type":"ImageObject","inLanguage":"es-AR","@id":"https:\/\/secure.gravatar.com\/avatar\/910fcf6728fe95320e07a6643c1581fec1c7fc4bf8ae12e3d8f0d0373dc844be?s=96&d=mm&r=g","url":"https:\/\/secure.gravatar.com\/avatar\/910fcf6728fe95320e07a6643c1581fec1c7fc4bf8ae12e3d8f0d0373dc844be?s=96&d=mm&r=g","contentUrl":"https:\/\/secure.gravatar.com\/avatar\/910fcf6728fe95320e07a6643c1581fec1c7fc4bf8ae12e3d8f0d0373dc844be?s=96&d=mm&r=g","caption":"Jorge Mi\u00f1o"},"sameAs":["http:\/\/radioinfinitagoya.com.ar"]}]}},"_links":{"self":[{"href":"https:\/\/radioinfinitagoya.com.ar\/v1\/wp-json\/wp\/v2\/posts\/226613","targetHints":{"allow":["GET"]}}],"collection":[{"href":"https:\/\/radioinfinitagoya.com.ar\/v1\/wp-json\/wp\/v2\/posts"}],"about":[{"href":"https:\/\/radioinfinitagoya.com.ar\/v1\/wp-json\/wp\/v2\/types\/post"}],"author":[{"embeddable":true,"href":"https:\/\/radioinfinitagoya.com.ar\/v1\/wp-json\/wp\/v2\/users\/4"}],"replies":[{"embeddable":true,"href":"https:\/\/radioinfinitagoya.com.ar\/v1\/wp-json\/wp\/v2\/comments?post=226613"}],"version-history":[{"count":1,"href":"https:\/\/radioinfinitagoya.com.ar\/v1\/wp-json\/wp\/v2\/posts\/226613\/revisions"}],"predecessor-version":[{"id":226615,"href":"https:\/\/radioinfinitagoya.com.ar\/v1\/wp-json\/wp\/v2\/posts\/226613\/revisions\/226615"}],"wp:featuredmedia":[{"embeddable":true,"href":"https:\/\/radioinfinitagoya.com.ar\/v1\/wp-json\/wp\/v2\/media\/226614"}],"wp:attachment":[{"href":"https:\/\/radioinfinitagoya.com.ar\/v1\/wp-json\/wp\/v2\/media?parent=226613"}],"wp:term":[{"taxonomy":"category","embeddable":true,"href":"https:\/\/radioinfinitagoya.com.ar\/v1\/wp-json\/wp\/v2\/categories?post=226613"},{"taxonomy":"post_tag","embeddable":true,"href":"https:\/\/radioinfinitagoya.com.ar\/v1\/wp-json\/wp\/v2\/tags?post=226613"}],"curies":[{"name":"wp","href":"https:\/\/api.w.org\/{rel}","templated":true}]}}