{"id":226622,"date":"2026-09-03T13:53:20","date_gmt":"2026-09-03T16:53:20","guid":{"rendered":"https:\/\/radioinfinitagoya.com.ar\/v1\/?p=226622"},"modified":"2026-09-03T13:53:20","modified_gmt":"2026-09-03T16:53:20","slug":"la-onu-advirtio-que-el-fenomeno-de-el-nino-sera-muy-fuerte","status":"publish","type":"post","link":"https:\/\/radioinfinitagoya.com.ar\/v1\/2026\/09\/03\/la-onu-advirtio-que-el-fenomeno-de-el-nino-sera-muy-fuerte\/","title":{"rendered":"La ONU advirti\u00f3 que el fen\u00f3meno de El Ni\u00f1o ser\u00e1 &#8220;muy fuerte&#8221;"},"content":{"rendered":"<p>Y podr\u00eda extenderse hasta febrero de 2027<\/p>\n<p>Prev\u00e9n que el fen\u00f3meno clim\u00e1tico agrave sequ\u00edas, inundaciones y calor extremo hasta el pr\u00f3ximo a\u00f1o<\/p>\n<p>La Organizaci\u00f3n Meteorol\u00f3gica Mundial (OMM) advirti\u00f3 este jueves que el fen\u00f3meno de El Ni\u00f1o se intensificar\u00e1 durante los pr\u00f3ximos meses y alcanzar\u00e1 una magnitud muy fuerte, con efectos que podr\u00edan extenderse hasta febrero de 2027 y repercusiones clim\u00e1ticas durante buena parte de ese a\u00f1o.<\/p>\n<p>El organismo se\u00f1al\u00f3 que existe una probabilidad &#8220;extraordinariamente alta, cercana al 100%&#8221; de que el actual episodio persista hasta febrero. El Ni\u00f1o eleva la temperatura de la superficie en el Pac\u00edfico ecuatorial central y oriental, con efectos sobre los vientos, la presi\u00f3n atmosf\u00e9rica y las lluvias en distintas regiones del mundo.<\/p>\n<p>El Ni\u00f1o eleva la temperatura en el Pac\u00edfico ecuatorial central y oriental, y altera los vientos, la presi\u00f3n atmosf\u00e9rica y el r\u00e9gimen de lluvias en distintas regiones del planeta.<\/p>\n<p>El \u00edndice de temperatura superficial del mar Pac\u00edfico ecuatorial centrooriental pas\u00f3 de un promedio de 1,5 \u00b0C por encima de lo normal entre mayo y julio a valores semanales de entre 2,2 \u00b0C y 2,6 \u00b0C sobre la media entre fines de julio y mediados de agosto. En algunas zonas, las temperaturas superficiales del oc\u00e9ano superaron en m\u00e1s de 8 \u00b0C el promedio hist\u00f3rico durante julio y los primeros d\u00edas de agosto, seg\u00fan el informe de la OMM.<\/p>\n<p>El secretario general de la ONU, Antonio Guterres, alert\u00f3: &#8220;El Ni\u00f1o se est\u00e1 volviendo gigantesco ante nuestros ojos&#8221;. El funcionario remarc\u00f3 que la ciencia confirma el aumento de las temperaturas oce\u00e1nicas y ubic\u00f3 al planeta en una zona de riesgo clim\u00e1tico extremo. Seg\u00fan Guterres, la capacidad de respuesta depender\u00e1 de la velocidad con la que se apliquen las medidas de prevenci\u00f3n frente al avance de los riesgos.<\/p>\n<p>Los efectos ya llevaron a Panam\u00e1 y El Salvador a declarar emergencias. En el caso paname\u00f1o, el fen\u00f3meno oblig\u00f3 a reducir el tr\u00e1nsito de embarcaciones por la v\u00eda interoce\u00e1nica. Ecuador, por su parte, decret\u00f3 la alerta roja ante la intensificaci\u00f3n del evento.<\/p>\n<p>El Ni\u00f1o no deriva del cambio clim\u00e1tico, aunque los cient\u00edficos prev\u00e9n que agrave el calentamiento global causado por la quema de combustibles f\u00f3siles y aumente la intensidad de episodios meteorol\u00f3gicos extremos.<\/p>\n<p>El fen\u00f3meno aparece, por lo general, cada dos a siete a\u00f1os y dura entre nueve y 12 meses. Alterna con La Ni\u00f1a, su fase opuesta, y con per\u00edodos de condiciones neutrales.<\/p>\n<p>Para el trimestre entre septiembre y noviembre, la OMM prev\u00e9 una mayor probabilidad de temperaturas superiores a los valores habituales en casi todas las regiones terrestres. Los episodios intensos de El Ni\u00f1o suelen asociarse con sequ\u00edas en \u00e1reas de la Amazon\u00eda, Indonesia y Australia, alteraciones de los monzones en India y cambios en el r\u00e9gimen de lluvias de la franja tropical.<\/p>\n<p>&nbsp;<\/p>\n","protected":false},"excerpt":{"rendered":"<p>Y podr\u00eda extenderse hasta febrero de 2027 Prev\u00e9n que el fen\u00f3meno clim\u00e1tico agrave sequ\u00edas, inundaciones y calor extremo hasta el pr\u00f3ximo a\u00f1o La Organizaci\u00f3n Meteorol\u00f3gica Mundial (OMM) advirti\u00f3 este jueves que el fen\u00f3meno de El Ni\u00f1o se intensificar\u00e1 durante los pr\u00f3ximos meses y alcanzar\u00e1 una magnitud muy fuerte, con efectos que podr\u00edan extenderse hasta febrero [&hellip;]<\/p>\n","protected":false},"author":4,"featured_media":226623,"comment_status":"open","ping_status":"open","sticky":false,"template":"","format":"standard","meta":{"_joinchat":[],"footnotes":""},"categories":[29],"tags":[],"class_list":["post-226622","post","type-post","status-publish","format-standard","has-post-thumbnail","category-nacionales"],"yoast_head":"<!-- This site is optimized with the Yoast SEO plugin v27.7 - https:\/\/yoast.com\/product\/yoast-seo-wordpress\/ -->\n<title>La ONU advirti\u00f3 que el fen\u00f3meno de El Ni\u00f1o ser\u00e1 &quot;muy fuerte&quot; - Radio Infinita Goya<\/title>\n<meta name=\"description\" content=\"Y podr\u00eda extenderse hasta febrero de 2027 Prev\u00e9n que el fen\u00f3meno clim\u00e1tico agrave sequ\u00edas, inundaciones y calor extremo hasta el pr\u00f3ximo a\u00f1o La\" \/>\n<meta name=\"robots\" content=\"index, follow, max-snippet:-1, max-image-preview:large, max-video-preview:-1\" \/>\n<link rel=\"canonical\" href=\"https:\/\/radioinfinitagoya.com.ar\/v1\/2026\/09\/03\/la-onu-advirtio-que-el-fenomeno-de-el-nino-sera-muy-fuerte\/\" \/>\n<meta property=\"og:locale\" content=\"es_ES\" \/>\n<meta property=\"og:type\" content=\"article\" \/>\n<meta property=\"og:title\" content=\"La ONU advirti\u00f3 que el fen\u00f3meno de El Ni\u00f1o ser\u00e1 &quot;muy fuerte&quot; - Radio Infinita Goya\" \/>\n<meta property=\"og:description\" content=\"Y podr\u00eda extenderse hasta febrero de 2027 Prev\u00e9n que el fen\u00f3meno clim\u00e1tico agrave sequ\u00edas, inundaciones y calor extremo hasta el pr\u00f3ximo a\u00f1o La\" \/>\n<meta property=\"og:url\" content=\"https:\/\/radioinfinitagoya.com.ar\/v1\/2026\/09\/03\/la-onu-advirtio-que-el-fenomeno-de-el-nino-sera-muy-fuerte\/\" \/>\n<meta property=\"og:site_name\" content=\"Radio Infinita Goya\" \/>\n<meta property=\"article:publisher\" content=\"https:\/\/www.facebook.com\/p\/Infinita-Goya-100063870918311\/\" \/>\n<meta property=\"article:published_time\" content=\"2026-09-03T16:53:20+00:00\" \/>\n<meta property=\"og:image\" content=\"https:\/\/radioinfinitagoya.com.ar\/v1\/wp-content\/uploads\/2026\/09\/288386w850h567c.jpg.webp\" \/>\n\t<meta property=\"og:image:width\" content=\"850\" \/>\n\t<meta property=\"og:image:height\" content=\"567\" \/>\n\t<meta property=\"og:image:type\" content=\"image\/webp\" \/>\n<meta name=\"author\" content=\"Jorge Mi\u00f1o\" \/>\n<meta name=\"twitter:card\" content=\"summary_large_image\" \/>\n<meta name=\"twitter:label1\" content=\"Escrito por\" \/>\n\t<meta name=\"twitter:data1\" content=\"Jorge Mi\u00f1o\" \/>\n\t<meta name=\"twitter:label2\" content=\"Tiempo de lectura\" \/>\n\t<meta name=\"twitter:data2\" content=\"3 minutos\" \/>\n<script type=\"application\/ld+json\" class=\"yoast-schema-graph\">{\"@context\":\"https:\\\/\\\/schema.org\",\"@graph\":[{\"@type\":\"Article\",\"@id\":\"https:\\\/\\\/radioinfinitagoya.com.ar\\\/v1\\\/2026\\\/09\\\/03\\\/la-onu-advirtio-que-el-fenomeno-de-el-nino-sera-muy-fuerte\\\/#article\",\"isPartOf\":{\"@id\":\"https:\\\/\\\/radioinfinitagoya.com.ar\\\/v1\\\/2026\\\/09\\\/03\\\/la-onu-advirtio-que-el-fenomeno-de-el-nino-sera-muy-fuerte\\\/\"},\"author\":{\"name\":\"Jorge Mi\u00f1o\",\"@id\":\"https:\\\/\\\/radioinfinitagoya.com.ar\\\/v1\\\/#\\\/schema\\\/person\\\/d4cf9c413d4f6edb24aabdccab49ca4a\"},\"headline\":\"La ONU advirti\u00f3 que el fen\u00f3meno de El Ni\u00f1o ser\u00e1 &#8220;muy fuerte&#8221;\",\"datePublished\":\"2026-09-03T16:53:20+00:00\",\"mainEntityOfPage\":{\"@id\":\"https:\\\/\\\/radioinfinitagoya.com.ar\\\/v1\\\/2026\\\/09\\\/03\\\/la-onu-advirtio-que-el-fenomeno-de-el-nino-sera-muy-fuerte\\\/\"},\"wordCount\":519,\"commentCount\":0,\"publisher\":{\"@id\":\"https:\\\/\\\/radioinfinitagoya.com.ar\\\/v1\\\/#organization\"},\"image\":{\"@id\":\"https:\\\/\\\/radioinfinitagoya.com.ar\\\/v1\\\/2026\\\/09\\\/03\\\/la-onu-advirtio-que-el-fenomeno-de-el-nino-sera-muy-fuerte\\\/#primaryimage\"},\"thumbnailUrl\":\"https:\\\/\\\/radioinfinitagoya.com.ar\\\/v1\\\/wp-content\\\/uploads\\\/2026\\\/09\\\/288386w850h567c.jpg.webp\",\"articleSection\":[\"NACIONALES\"],\"inLanguage\":\"es-AR\",\"potentialAction\":[{\"@type\":\"CommentAction\",\"name\":\"Comment\",\"target\":[\"https:\\\/\\\/radioinfinitagoya.com.ar\\\/v1\\\/2026\\\/09\\\/03\\\/la-onu-advirtio-que-el-fenomeno-de-el-nino-sera-muy-fuerte\\\/#respond\"]}]},{\"@type\":\"WebPage\",\"@id\":\"https:\\\/\\\/radioinfinitagoya.com.ar\\\/v1\\\/2026\\\/09\\\/03\\\/la-onu-advirtio-que-el-fenomeno-de-el-nino-sera-muy-fuerte\\\/\",\"url\":\"https:\\\/\\\/radioinfinitagoya.com.ar\\\/v1\\\/2026\\\/09\\\/03\\\/la-onu-advirtio-que-el-fenomeno-de-el-nino-sera-muy-fuerte\\\/\",\"name\":\"La ONU advirti\u00f3 que el fen\u00f3meno de El Ni\u00f1o ser\u00e1 \\\"muy fuerte\\\" - Radio Infinita Goya\",\"isPartOf\":{\"@id\":\"https:\\\/\\\/radioinfinitagoya.com.ar\\\/v1\\\/#website\"},\"primaryImageOfPage\":{\"@id\":\"https:\\\/\\\/radioinfinitagoya.com.ar\\\/v1\\\/2026\\\/09\\\/03\\\/la-onu-advirtio-que-el-fenomeno-de-el-nino-sera-muy-fuerte\\\/#primaryimage\"},\"image\":{\"@id\":\"https:\\\/\\\/radioinfinitagoya.com.ar\\\/v1\\\/2026\\\/09\\\/03\\\/la-onu-advirtio-que-el-fenomeno-de-el-nino-sera-muy-fuerte\\\/#primaryimage\"},\"thumbnailUrl\":\"https:\\\/\\\/radioinfinitagoya.com.ar\\\/v1\\\/wp-content\\\/uploads\\\/2026\\\/09\\\/288386w850h567c.jpg.webp\",\"datePublished\":\"2026-09-03T16:53:20+00:00\",\"description\":\"Y podr\u00eda extenderse hasta febrero de 2027 Prev\u00e9n que el fen\u00f3meno clim\u00e1tico agrave sequ\u00edas, inundaciones y calor extremo hasta el pr\u00f3ximo a\u00f1o La\",\"breadcrumb\":{\"@id\":\"https:\\\/\\\/radioinfinitagoya.com.ar\\\/v1\\\/2026\\\/09\\\/03\\\/la-onu-advirtio-que-el-fenomeno-de-el-nino-sera-muy-fuerte\\\/#breadcrumb\"},\"inLanguage\":\"es-AR\",\"potentialAction\":[{\"@type\":\"ReadAction\",\"target\":[\"https:\\\/\\\/radioinfinitagoya.com.ar\\\/v1\\\/2026\\\/09\\\/03\\\/la-onu-advirtio-que-el-fenomeno-de-el-nino-sera-muy-fuerte\\\/\"]}]},{\"@type\":\"ImageObject\",\"inLanguage\":\"es-AR\",\"@id\":\"https:\\\/\\\/radioinfinitagoya.com.ar\\\/v1\\\/2026\\\/09\\\/03\\\/la-onu-advirtio-que-el-fenomeno-de-el-nino-sera-muy-fuerte\\\/#primaryimage\",\"url\":\"https:\\\/\\\/radioinfinitagoya.com.ar\\\/v1\\\/wp-content\\\/uploads\\\/2026\\\/09\\\/288386w850h567c.jpg.webp\",\"contentUrl\":\"https:\\\/\\\/radioinfinitagoya.com.ar\\\/v1\\\/wp-content\\\/uploads\\\/2026\\\/09\\\/288386w850h567c.jpg.webp\",\"width\":850,\"height\":567},{\"@type\":\"BreadcrumbList\",\"@id\":\"https:\\\/\\\/radioinfinitagoya.com.ar\\\/v1\\\/2026\\\/09\\\/03\\\/la-onu-advirtio-que-el-fenomeno-de-el-nino-sera-muy-fuerte\\\/#breadcrumb\",\"itemListElement\":[{\"@type\":\"ListItem\",\"position\":1,\"name\":\"Inicio\",\"item\":\"https:\\\/\\\/radioinfinitagoya.com.ar\\\/v1\\\/\"},{\"@type\":\"ListItem\",\"position\":2,\"name\":\"La ONU advirti\u00f3 que el fen\u00f3meno de El Ni\u00f1o ser\u00e1 &#8220;muy fuerte&#8221;\"}]},{\"@type\":\"WebSite\",\"@id\":\"https:\\\/\\\/radioinfinitagoya.com.ar\\\/v1\\\/#website\",\"url\":\"https:\\\/\\\/radioinfinitagoya.com.ar\\\/v1\\\/\",\"name\":\"radioinfinitagoya.com.ar\",\"description\":\"Radio de noticias\",\"publisher\":{\"@id\":\"https:\\\/\\\/radioinfinitagoya.com.ar\\\/v1\\\/#organization\"},\"potentialAction\":[{\"@type\":\"SearchAction\",\"target\":{\"@type\":\"EntryPoint\",\"urlTemplate\":\"https:\\\/\\\/radioinfinitagoya.com.ar\\\/v1\\\/?s={search_term_string}\"},\"query-input\":{\"@type\":\"PropertyValueSpecification\",\"valueRequired\":true,\"valueName\":\"search_term_string\"}}],\"inLanguage\":\"es-AR\"},{\"@type\":\"Organization\",\"@id\":\"https:\\\/\\\/radioinfinitagoya.com.ar\\\/v1\\\/#organization\",\"name\":\"Radio Infinita Goya\",\"url\":\"https:\\\/\\\/radioinfinitagoya.com.ar\\\/v1\\\/\",\"logo\":{\"@type\":\"ImageObject\",\"inLanguage\":\"es-AR\",\"@id\":\"https:\\\/\\\/radioinfinitagoya.com.ar\\\/v1\\\/#\\\/schema\\\/logo\\\/image\\\/\",\"url\":\"https:\\\/\\\/radioinfinitagoya.com.ar\\\/v1\\\/wp-content\\\/uploads\\\/2019\\\/11\\\/logo-pie-web.png\",\"contentUrl\":\"https:\\\/\\\/radioinfinitagoya.com.ar\\\/v1\\\/wp-content\\\/uploads\\\/2019\\\/11\\\/logo-pie-web.png\",\"width\":635,\"height\":326,\"caption\":\"Radio Infinita Goya\"},\"image\":{\"@id\":\"https:\\\/\\\/radioinfinitagoya.com.ar\\\/v1\\\/#\\\/schema\\\/logo\\\/image\\\/\"},\"sameAs\":[\"https:\\\/\\\/www.facebook.com\\\/p\\\/Infinita-Goya-100063870918311\\\/\"]},{\"@type\":\"Person\",\"@id\":\"https:\\\/\\\/radioinfinitagoya.com.ar\\\/v1\\\/#\\\/schema\\\/person\\\/d4cf9c413d4f6edb24aabdccab49ca4a\",\"name\":\"Jorge Mi\u00f1o\",\"image\":{\"@type\":\"ImageObject\",\"inLanguage\":\"es-AR\",\"@id\":\"https:\\\/\\\/secure.gravatar.com\\\/avatar\\\/910fcf6728fe95320e07a6643c1581fec1c7fc4bf8ae12e3d8f0d0373dc844be?s=96&d=mm&r=g\",\"url\":\"https:\\\/\\\/secure.gravatar.com\\\/avatar\\\/910fcf6728fe95320e07a6643c1581fec1c7fc4bf8ae12e3d8f0d0373dc844be?s=96&d=mm&r=g\",\"contentUrl\":\"https:\\\/\\\/secure.gravatar.com\\\/avatar\\\/910fcf6728fe95320e07a6643c1581fec1c7fc4bf8ae12e3d8f0d0373dc844be?s=96&d=mm&r=g\",\"caption\":\"Jorge Mi\u00f1o\"},\"sameAs\":[\"http:\\\/\\\/radioinfinitagoya.com.ar\"]}]}<\/script>\n<!-- \/ Yoast SEO plugin. -->","yoast_head_json":{"title":"La ONU advirti\u00f3 que el fen\u00f3meno de El Ni\u00f1o ser\u00e1 \"muy fuerte\" - Radio Infinita Goya","description":"Y podr\u00eda extenderse hasta febrero de 2027 Prev\u00e9n que el fen\u00f3meno clim\u00e1tico agrave sequ\u00edas, inundaciones y calor extremo hasta el pr\u00f3ximo a\u00f1o La","robots":{"index":"index","follow":"follow","max-snippet":"max-snippet:-1","max-image-preview":"max-image-preview:large","max-video-preview":"max-video-preview:-1"},"canonical":"https:\/\/radioinfinitagoya.com.ar\/v1\/2026\/09\/03\/la-onu-advirtio-que-el-fenomeno-de-el-nino-sera-muy-fuerte\/","og_locale":"es_ES","og_type":"article","og_title":"La ONU advirti\u00f3 que el fen\u00f3meno de El Ni\u00f1o ser\u00e1 \"muy fuerte\" - Radio Infinita Goya","og_description":"Y podr\u00eda extenderse hasta febrero de 2027 Prev\u00e9n que el fen\u00f3meno clim\u00e1tico agrave sequ\u00edas, inundaciones y calor extremo hasta el pr\u00f3ximo a\u00f1o La","og_url":"https:\/\/radioinfinitagoya.com.ar\/v1\/2026\/09\/03\/la-onu-advirtio-que-el-fenomeno-de-el-nino-sera-muy-fuerte\/","og_site_name":"Radio Infinita Goya","article_publisher":"https:\/\/www.facebook.com\/p\/Infinita-Goya-100063870918311\/","article_published_time":"2026-09-03T16:53:20+00:00","og_image":[{"width":850,"height":567,"url":"https:\/\/radioinfinitagoya.com.ar\/v1\/wp-content\/uploads\/2026\/09\/288386w850h567c.jpg.webp","type":"image\/webp"}],"author":"Jorge Mi\u00f1o","twitter_card":"summary_large_image","twitter_misc":{"Escrito por":"Jorge Mi\u00f1o","Tiempo de lectura":"3 minutos"},"schema":{"@context":"https:\/\/schema.org","@graph":[{"@type":"Article","@id":"https:\/\/radioinfinitagoya.com.ar\/v1\/2026\/09\/03\/la-onu-advirtio-que-el-fenomeno-de-el-nino-sera-muy-fuerte\/#article","isPartOf":{"@id":"https:\/\/radioinfinitagoya.com.ar\/v1\/2026\/09\/03\/la-onu-advirtio-que-el-fenomeno-de-el-nino-sera-muy-fuerte\/"},"author":{"name":"Jorge Mi\u00f1o","@id":"https:\/\/radioinfinitagoya.com.ar\/v1\/#\/schema\/person\/d4cf9c413d4f6edb24aabdccab49ca4a"},"headline":"La ONU advirti\u00f3 que el fen\u00f3meno de El Ni\u00f1o ser\u00e1 &#8220;muy fuerte&#8221;","datePublished":"2026-09-03T16:53:20+00:00","mainEntityOfPage":{"@id":"https:\/\/radioinfinitagoya.com.ar\/v1\/2026\/09\/03\/la-onu-advirtio-que-el-fenomeno-de-el-nino-sera-muy-fuerte\/"},"wordCount":519,"commentCount":0,"publisher":{"@id":"https:\/\/radioinfinitagoya.com.ar\/v1\/#organization"},"image":{"@id":"https:\/\/radioinfinitagoya.com.ar\/v1\/2026\/09\/03\/la-onu-advirtio-que-el-fenomeno-de-el-nino-sera-muy-fuerte\/#primaryimage"},"thumbnailUrl":"https:\/\/radioinfinitagoya.com.ar\/v1\/wp-content\/uploads\/2026\/09\/288386w850h567c.jpg.webp","articleSection":["NACIONALES"],"inLanguage":"es-AR","potentialAction":[{"@type":"CommentAction","name":"Comment","target":["https:\/\/radioinfinitagoya.com.ar\/v1\/2026\/09\/03\/la-onu-advirtio-que-el-fenomeno-de-el-nino-sera-muy-fuerte\/#respond"]}]},{"@type":"WebPage","@id":"https:\/\/radioinfinitagoya.com.ar\/v1\/2026\/09\/03\/la-onu-advirtio-que-el-fenomeno-de-el-nino-sera-muy-fuerte\/","url":"https:\/\/radioinfinitagoya.com.ar\/v1\/2026\/09\/03\/la-onu-advirtio-que-el-fenomeno-de-el-nino-sera-muy-fuerte\/","name":"La ONU advirti\u00f3 que el fen\u00f3meno de El Ni\u00f1o ser\u00e1 \"muy fuerte\" - Radio Infinita Goya","isPartOf":{"@id":"https:\/\/radioinfinitagoya.com.ar\/v1\/#website"},"primaryImageOfPage":{"@id":"https:\/\/radioinfinitagoya.com.ar\/v1\/2026\/09\/03\/la-onu-advirtio-que-el-fenomeno-de-el-nino-sera-muy-fuerte\/#primaryimage"},"image":{"@id":"https:\/\/radioinfinitagoya.com.ar\/v1\/2026\/09\/03\/la-onu-advirtio-que-el-fenomeno-de-el-nino-sera-muy-fuerte\/#primaryimage"},"thumbnailUrl":"https:\/\/radioinfinitagoya.com.ar\/v1\/wp-content\/uploads\/2026\/09\/288386w850h567c.jpg.webp","datePublished":"2026-09-03T16:53:20+00:00","description":"Y podr\u00eda extenderse hasta febrero de 2027 Prev\u00e9n que el fen\u00f3meno clim\u00e1tico agrave sequ\u00edas, inundaciones y calor extremo hasta el pr\u00f3ximo a\u00f1o La","breadcrumb":{"@id":"https:\/\/radioinfinitagoya.com.ar\/v1\/2026\/09\/03\/la-onu-advirtio-que-el-fenomeno-de-el-nino-sera-muy-fuerte\/#breadcrumb"},"inLanguage":"es-AR","potentialAction":[{"@type":"ReadAction","target":["https:\/\/radioinfinitagoya.com.ar\/v1\/2026\/09\/03\/la-onu-advirtio-que-el-fenomeno-de-el-nino-sera-muy-fuerte\/"]}]},{"@type":"ImageObject","inLanguage":"es-AR","@id":"https:\/\/radioinfinitagoya.com.ar\/v1\/2026\/09\/03\/la-onu-advirtio-que-el-fenomeno-de-el-nino-sera-muy-fuerte\/#primaryimage","url":"https:\/\/radioinfinitagoya.com.ar\/v1\/wp-content\/uploads\/2026\/09\/288386w850h567c.jpg.webp","contentUrl":"https:\/\/radioinfinitagoya.com.ar\/v1\/wp-content\/uploads\/2026\/09\/288386w850h567c.jpg.webp","width":850,"height":567},{"@type":"BreadcrumbList","@id":"https:\/\/radioinfinitagoya.com.ar\/v1\/2026\/09\/03\/la-onu-advirtio-que-el-fenomeno-de-el-nino-sera-muy-fuerte\/#breadcrumb","itemListElement":[{"@type":"ListItem","position":1,"name":"Inicio","item":"https:\/\/radioinfinitagoya.com.ar\/v1\/"},{"@type":"ListItem","position":2,"name":"La ONU advirti\u00f3 que el fen\u00f3meno de El Ni\u00f1o ser\u00e1 &#8220;muy fuerte&#8221;"}]},{"@type":"WebSite","@id":"https:\/\/radioinfinitagoya.com.ar\/v1\/#website","url":"https:\/\/radioinfinitagoya.com.ar\/v1\/","name":"radioinfinitagoya.com.ar","description":"Radio de noticias","publisher":{"@id":"https:\/\/radioinfinitagoya.com.ar\/v1\/#organization"},"potentialAction":[{"@type":"SearchAction","target":{"@type":"EntryPoint","urlTemplate":"https:\/\/radioinfinitagoya.com.ar\/v1\/?s={search_term_string}"},"query-input":{"@type":"PropertyValueSpecification","valueRequired":true,"valueName":"search_term_string"}}],"inLanguage":"es-AR"},{"@type":"Organization","@id":"https:\/\/radioinfinitagoya.com.ar\/v1\/#organization","name":"Radio Infinita Goya","url":"https:\/\/radioinfinitagoya.com.ar\/v1\/","logo":{"@type":"ImageObject","inLanguage":"es-AR","@id":"https:\/\/radioinfinitagoya.com.ar\/v1\/#\/schema\/logo\/image\/","url":"https:\/\/radioinfinitagoya.com.ar\/v1\/wp-content\/uploads\/2019\/11\/logo-pie-web.png","contentUrl":"https:\/\/radioinfinitagoya.com.ar\/v1\/wp-content\/uploads\/2019\/11\/logo-pie-web.png","width":635,"height":326,"caption":"Radio Infinita Goya"},"image":{"@id":"https:\/\/radioinfinitagoya.com.ar\/v1\/#\/schema\/logo\/image\/"},"sameAs":["https:\/\/www.facebook.com\/p\/Infinita-Goya-100063870918311\/"]},{"@type":"Person","@id":"https:\/\/radioinfinitagoya.com.ar\/v1\/#\/schema\/person\/d4cf9c413d4f6edb24aabdccab49ca4a","name":"Jorge Mi\u00f1o","image":{"@type":"ImageObject","inLanguage":"es-AR","@id":"https:\/\/secure.gravatar.com\/avatar\/910fcf6728fe95320e07a6643c1581fec1c7fc4bf8ae12e3d8f0d0373dc844be?s=96&d=mm&r=g","url":"https:\/\/secure.gravatar.com\/avatar\/910fcf6728fe95320e07a6643c1581fec1c7fc4bf8ae12e3d8f0d0373dc844be?s=96&d=mm&r=g","contentUrl":"https:\/\/secure.gravatar.com\/avatar\/910fcf6728fe95320e07a6643c1581fec1c7fc4bf8ae12e3d8f0d0373dc844be?s=96&d=mm&r=g","caption":"Jorge Mi\u00f1o"},"sameAs":["http:\/\/radioinfinitagoya.com.ar"]}]}},"_links":{"self":[{"href":"https:\/\/radioinfinitagoya.com.ar\/v1\/wp-json\/wp\/v2\/posts\/226622","targetHints":{"allow":["GET"]}}],"collection":[{"href":"https:\/\/radioinfinitagoya.com.ar\/v1\/wp-json\/wp\/v2\/posts"}],"about":[{"href":"https:\/\/radioinfinitagoya.com.ar\/v1\/wp-json\/wp\/v2\/types\/post"}],"author":[{"embeddable":true,"href":"https:\/\/radioinfinitagoya.com.ar\/v1\/wp-json\/wp\/v2\/users\/4"}],"replies":[{"embeddable":true,"href":"https:\/\/radioinfinitagoya.com.ar\/v1\/wp-json\/wp\/v2\/comments?post=226622"}],"version-history":[{"count":1,"href":"https:\/\/radioinfinitagoya.com.ar\/v1\/wp-json\/wp\/v2\/posts\/226622\/revisions"}],"predecessor-version":[{"id":226624,"href":"https:\/\/radioinfinitagoya.com.ar\/v1\/wp-json\/wp\/v2\/posts\/226622\/revisions\/226624"}],"wp:featuredmedia":[{"embeddable":true,"href":"https:\/\/radioinfinitagoya.com.ar\/v1\/wp-json\/wp\/v2\/media\/226623"}],"wp:attachment":[{"href":"https:\/\/radioinfinitagoya.com.ar\/v1\/wp-json\/wp\/v2\/media?parent=226622"}],"wp:term":[{"taxonomy":"category","embeddable":true,"href":"https:\/\/radioinfinitagoya.com.ar\/v1\/wp-json\/wp\/v2\/categories?post=226622"},{"taxonomy":"post_tag","embeddable":true,"href":"https:\/\/radioinfinitagoya.com.ar\/v1\/wp-json\/wp\/v2\/tags?post=226622"}],"curies":[{"name":"wp","href":"https:\/\/api.w.org\/{rel}","templated":true}]}}