{"id":226625,"date":"2026-09-03T14:02:05","date_gmt":"2026-09-03T17:02:05","guid":{"rendered":"https:\/\/radioinfinitagoya.com.ar\/v1\/?p=226625"},"modified":"2026-09-03T14:02:05","modified_gmt":"2026-09-03T17:02:05","slug":"ate-levanto-el-paro-en-27-aeropuertos-del-pais","status":"publish","type":"post","link":"https:\/\/radioinfinitagoya.com.ar\/v1\/2026\/09\/03\/ate-levanto-el-paro-en-27-aeropuertos-del-pais\/","title":{"rendered":"ATE levant\u00f3 el par\u00f3 en 27 aeropuertos del pa\u00eds"},"content":{"rendered":"<p>De esta manera se descart\u00f3 la cancelaci\u00f3n y reprogramaci\u00f3n de vuelos. Desde la central gremial esperan una audiencia urgente con Trabajo. De fracasar o no realizarse el encuentro, se retomar\u00e1n las acciones de reclamo.<\/p>\n<p>Tras idas y vueltas, el plenario de la Asociaci\u00f3n de Trabajadores del Estado (ATE) decidi\u00f3 levantar el paro previsto a partir de este jueves a las 9 en 27 aeropuertos de todo el pa\u00eds. Algo que podr\u00eda haber provocado demoras o hasta cancelaciones de algunos vuelos.<\/p>\n<p>En este sentido, el Gobierno hab\u00eda intimado al gremio liderado por Rodolfo Aguiar para que cumpliera con la normativa y prestara al menos el 75% de los servicios ante el anuncio de las protestas.<\/p>\n<p>Pedido de audiencia urgente<\/p>\n<p>&#8220;Nadie puede acusar a ATE de ser irracional, ya que hemos decidido posponer las medidas de fuerza que estaban anunciadas para las jornadas de hoy y ma\u00f1ana a la espera de la audiencia urgente que debe convocar Trabajo para que, entre las partes, se definan los alcances de la esencialidad&#8221;, le dijo a Clar\u00edn Rodolfo Aguiar, titular del gremio de los empleados estatales.<\/p>\n<p>En este sentido, el sindicalista agreg\u00f3: &#8220;Por supuesto que si eso no ocurre, es decir si la audiencia no se celebra o si la audiencia fracasa, el sindicato resolvi\u00f3 que a partir del lunes pr\u00f3ximo vuelve a activar las medidas tal y como fueron anunciadas oportunamente&#8221;.<\/p>\n<p>A su vez, y en un posteo en su perfil de la red social X, Aguiar enfatiz\u00f3 que &#8220;siempre tuvimos en cuenta que brindamos un servicio esencial. Las huelgas no son legales o ilegales. Las huelgas se ganan o se pierden, y a esta LA VAMOS A GANAR!!&#8221;.<\/p>\n<p>El paro que decidi\u00f3 realizar ATE fue anunciado el pasado martes y estaba estipulado para hoy y ma\u00f1ana en dos franjas horarias, de 9 a 12 y de 18 a 21, en los 27 aeropuertos del pa\u00eds luego del fracaso en las negociaciones paritarias. Desde el gremio hab\u00edan advertido que los paros y asambleas pod\u00edan afectar vuelos. Aunque en esos lapsos de tiempo s\u00ed estar\u00edan garantizados vuelos sanitarios, humanitarios, traslado de \u00f3rganos y oficiales.<\/p>\n<p>&#8220;Los salarios se encuentran absolutamente deteriorados y no se corresponden con las altas responsabilidades que se ejercen en el sector. Adem\u00e1s, todos los d\u00edas las condiciones laborales empeoran&#8221;, dijo por entonces Aguiar sobre la situaci\u00f3n en la Administraci\u00f3n Nacional de Aviaci\u00f3n Civil (Anac).<\/p>\n<p>ATE reclama el pago de los salarios contemplando los aumentos acordados correspondientes a \u00edtems extra paritarios, la apertura de la paritaria sectorial, el financiamiento para tareas operativas y la fiscalizaci\u00f3n en aeropuertos.<\/p>\n<p>Intimaci\u00f3n del Gobierno<\/p>\n<p>Desde el Gobierno lanzaron una respuesta tras el anuncio de medidas de fuerza de ATE en los aeropuertos: recordaron que la actividad aeron\u00e1utica es &#8220;un servicio esencial&#8221; y cruzaron al gremio por el tono de su comunicado.<\/p>\n<p>&#8220;La medida anunciada por ATE Anac para los d\u00edas jueves 3 y viernes 4 de septiembre se encuentra bajo an\u00e1lisis por parte de las autoridades competentes&#8221;, comienza el descargo oficial.<\/p>\n<p>&#8220;Cabe recordar que la actividad aeron\u00e1utica constituye un servicio esencial, por lo que cualquier medida de fuerza debe ajustarse a los par\u00e1metros legales exigidos y establecidos para garantizar la prestaci\u00f3n m\u00ednima correspondiente&#8221;, resalt\u00f3 sobre las condiciones que debe cumplir la medida de protesta.<\/p>\n<p>Aseguraron, adem\u00e1s, que ahora se est\u00e1 evaluando el alcance y las condiciones de las medidas anunciadas por ATE. &#8220;No corresponde anticipar una afectaci\u00f3n generalizada de los vuelos ni dar por hecho que habr\u00e1 cancelaciones&#8221;, subrayaron, contra el tono del comunicado.<\/p>\n<p>Ayer, el Ministerio de Capital Humano intim\u00f3 al gremio a que garantice el 75% de los vuelos durante el paro. Desde la cartera de Sandra Pettovello intimaron a ATE a dar &#8220;estricto cumplimiento del r\u00e9gimen legal vigente y a garantizar la prestaci\u00f3n de los servicios m\u00ednimos correspondientes en el \u00e1mbito de la Administraci\u00f3n Nacional de Aviaci\u00f3n Civil (Anac)&#8221;.<\/p>\n<p>Entre los fundamentos de la decisi\u00f3n, el Gobierno cit\u00f3 las modificaciones incorporadas por la Ley de Modernizaci\u00f3n Laboral, que establece que la cobertura de los servicios m\u00ednimos, trat\u00e1ndose de un servicio esencial, &#8220;no podr\u00e1 ser inferior al 75% de la prestaci\u00f3n normal del servicio&#8221;.<\/p>\n<p>&nbsp;<\/p>\n","protected":false},"excerpt":{"rendered":"<p>De esta manera se descart\u00f3 la cancelaci\u00f3n y reprogramaci\u00f3n de vuelos. Desde la central gremial esperan una audiencia urgente con Trabajo. De fracasar o no realizarse el encuentro, se retomar\u00e1n las acciones de reclamo. Tras idas y vueltas, el plenario de la Asociaci\u00f3n de Trabajadores del Estado (ATE) decidi\u00f3 levantar el paro previsto a partir [&hellip;]<\/p>\n","protected":false},"author":4,"featured_media":226626,"comment_status":"open","ping_status":"open","sticky":false,"template":"","format":"standard","meta":{"_joinchat":[],"footnotes":""},"categories":[29],"tags":[],"class_list":["post-226625","post","type-post","status-publish","format-standard","has-post-thumbnail","category-nacionales"],"yoast_head":"<!-- This site is optimized with the Yoast SEO plugin v27.7 - https:\/\/yoast.com\/product\/yoast-seo-wordpress\/ -->\n<title>ATE levant\u00f3 el par\u00f3 en 27 aeropuertos del pa\u00eds - Radio Infinita Goya<\/title>\n<meta name=\"description\" content=\"De esta manera se descart\u00f3 la cancelaci\u00f3n y reprogramaci\u00f3n de vuelos. Desde la central gremial esperan una audiencia urgente con Trabajo. De fracasar o no\" \/>\n<meta name=\"robots\" content=\"index, follow, max-snippet:-1, max-image-preview:large, max-video-preview:-1\" \/>\n<link rel=\"canonical\" href=\"https:\/\/radioinfinitagoya.com.ar\/v1\/2026\/09\/03\/ate-levanto-el-paro-en-27-aeropuertos-del-pais\/\" \/>\n<meta property=\"og:locale\" content=\"es_ES\" \/>\n<meta property=\"og:type\" content=\"article\" \/>\n<meta property=\"og:title\" content=\"ATE levant\u00f3 el par\u00f3 en 27 aeropuertos del pa\u00eds - Radio Infinita Goya\" \/>\n<meta property=\"og:description\" content=\"De esta manera se descart\u00f3 la cancelaci\u00f3n y reprogramaci\u00f3n de vuelos. Desde la central gremial esperan una audiencia urgente con Trabajo. De fracasar o no\" \/>\n<meta property=\"og:url\" content=\"https:\/\/radioinfinitagoya.com.ar\/v1\/2026\/09\/03\/ate-levanto-el-paro-en-27-aeropuertos-del-pais\/\" \/>\n<meta property=\"og:site_name\" content=\"Radio Infinita Goya\" \/>\n<meta property=\"article:publisher\" content=\"https:\/\/www.facebook.com\/p\/Infinita-Goya-100063870918311\/\" \/>\n<meta property=\"article:published_time\" content=\"2026-09-03T17:02:05+00:00\" \/>\n<meta property=\"og:image\" content=\"https:\/\/radioinfinitagoya.com.ar\/v1\/wp-content\/uploads\/2026\/09\/1788443389354.webp\" \/>\n\t<meta property=\"og:image:width\" content=\"1200\" \/>\n\t<meta property=\"og:image:height\" content=\"675\" \/>\n\t<meta property=\"og:image:type\" content=\"image\/webp\" \/>\n<meta name=\"author\" content=\"Jorge Mi\u00f1o\" \/>\n<meta name=\"twitter:card\" content=\"summary_large_image\" \/>\n<meta name=\"twitter:label1\" content=\"Escrito por\" \/>\n\t<meta name=\"twitter:data1\" content=\"Jorge Mi\u00f1o\" \/>\n\t<meta name=\"twitter:label2\" content=\"Tiempo de lectura\" \/>\n\t<meta name=\"twitter:data2\" content=\"4 minutos\" \/>\n<script type=\"application\/ld+json\" class=\"yoast-schema-graph\">{\"@context\":\"https:\\\/\\\/schema.org\",\"@graph\":[{\"@type\":\"Article\",\"@id\":\"https:\\\/\\\/radioinfinitagoya.com.ar\\\/v1\\\/2026\\\/09\\\/03\\\/ate-levanto-el-paro-en-27-aeropuertos-del-pais\\\/#article\",\"isPartOf\":{\"@id\":\"https:\\\/\\\/radioinfinitagoya.com.ar\\\/v1\\\/2026\\\/09\\\/03\\\/ate-levanto-el-paro-en-27-aeropuertos-del-pais\\\/\"},\"author\":{\"name\":\"Jorge Mi\u00f1o\",\"@id\":\"https:\\\/\\\/radioinfinitagoya.com.ar\\\/v1\\\/#\\\/schema\\\/person\\\/d4cf9c413d4f6edb24aabdccab49ca4a\"},\"headline\":\"ATE levant\u00f3 el par\u00f3 en 27 aeropuertos del pa\u00eds\",\"datePublished\":\"2026-09-03T17:02:05+00:00\",\"mainEntityOfPage\":{\"@id\":\"https:\\\/\\\/radioinfinitagoya.com.ar\\\/v1\\\/2026\\\/09\\\/03\\\/ate-levanto-el-paro-en-27-aeropuertos-del-pais\\\/\"},\"wordCount\":718,\"commentCount\":0,\"publisher\":{\"@id\":\"https:\\\/\\\/radioinfinitagoya.com.ar\\\/v1\\\/#organization\"},\"image\":{\"@id\":\"https:\\\/\\\/radioinfinitagoya.com.ar\\\/v1\\\/2026\\\/09\\\/03\\\/ate-levanto-el-paro-en-27-aeropuertos-del-pais\\\/#primaryimage\"},\"thumbnailUrl\":\"https:\\\/\\\/radioinfinitagoya.com.ar\\\/v1\\\/wp-content\\\/uploads\\\/2026\\\/09\\\/1788443389354.webp\",\"articleSection\":[\"NACIONALES\"],\"inLanguage\":\"es-AR\",\"potentialAction\":[{\"@type\":\"CommentAction\",\"name\":\"Comment\",\"target\":[\"https:\\\/\\\/radioinfinitagoya.com.ar\\\/v1\\\/2026\\\/09\\\/03\\\/ate-levanto-el-paro-en-27-aeropuertos-del-pais\\\/#respond\"]}]},{\"@type\":\"WebPage\",\"@id\":\"https:\\\/\\\/radioinfinitagoya.com.ar\\\/v1\\\/2026\\\/09\\\/03\\\/ate-levanto-el-paro-en-27-aeropuertos-del-pais\\\/\",\"url\":\"https:\\\/\\\/radioinfinitagoya.com.ar\\\/v1\\\/2026\\\/09\\\/03\\\/ate-levanto-el-paro-en-27-aeropuertos-del-pais\\\/\",\"name\":\"ATE levant\u00f3 el par\u00f3 en 27 aeropuertos del pa\u00eds - Radio Infinita Goya\",\"isPartOf\":{\"@id\":\"https:\\\/\\\/radioinfinitagoya.com.ar\\\/v1\\\/#website\"},\"primaryImageOfPage\":{\"@id\":\"https:\\\/\\\/radioinfinitagoya.com.ar\\\/v1\\\/2026\\\/09\\\/03\\\/ate-levanto-el-paro-en-27-aeropuertos-del-pais\\\/#primaryimage\"},\"image\":{\"@id\":\"https:\\\/\\\/radioinfinitagoya.com.ar\\\/v1\\\/2026\\\/09\\\/03\\\/ate-levanto-el-paro-en-27-aeropuertos-del-pais\\\/#primaryimage\"},\"thumbnailUrl\":\"https:\\\/\\\/radioinfinitagoya.com.ar\\\/v1\\\/wp-content\\\/uploads\\\/2026\\\/09\\\/1788443389354.webp\",\"datePublished\":\"2026-09-03T17:02:05+00:00\",\"description\":\"De esta manera se descart\u00f3 la cancelaci\u00f3n y reprogramaci\u00f3n de vuelos. Desde la central gremial esperan una audiencia urgente con Trabajo. De fracasar o no\",\"breadcrumb\":{\"@id\":\"https:\\\/\\\/radioinfinitagoya.com.ar\\\/v1\\\/2026\\\/09\\\/03\\\/ate-levanto-el-paro-en-27-aeropuertos-del-pais\\\/#breadcrumb\"},\"inLanguage\":\"es-AR\",\"potentialAction\":[{\"@type\":\"ReadAction\",\"target\":[\"https:\\\/\\\/radioinfinitagoya.com.ar\\\/v1\\\/2026\\\/09\\\/03\\\/ate-levanto-el-paro-en-27-aeropuertos-del-pais\\\/\"]}]},{\"@type\":\"ImageObject\",\"inLanguage\":\"es-AR\",\"@id\":\"https:\\\/\\\/radioinfinitagoya.com.ar\\\/v1\\\/2026\\\/09\\\/03\\\/ate-levanto-el-paro-en-27-aeropuertos-del-pais\\\/#primaryimage\",\"url\":\"https:\\\/\\\/radioinfinitagoya.com.ar\\\/v1\\\/wp-content\\\/uploads\\\/2026\\\/09\\\/1788443389354.webp\",\"contentUrl\":\"https:\\\/\\\/radioinfinitagoya.com.ar\\\/v1\\\/wp-content\\\/uploads\\\/2026\\\/09\\\/1788443389354.webp\",\"width\":1200,\"height\":675},{\"@type\":\"BreadcrumbList\",\"@id\":\"https:\\\/\\\/radioinfinitagoya.com.ar\\\/v1\\\/2026\\\/09\\\/03\\\/ate-levanto-el-paro-en-27-aeropuertos-del-pais\\\/#breadcrumb\",\"itemListElement\":[{\"@type\":\"ListItem\",\"position\":1,\"name\":\"Inicio\",\"item\":\"https:\\\/\\\/radioinfinitagoya.com.ar\\\/v1\\\/\"},{\"@type\":\"ListItem\",\"position\":2,\"name\":\"ATE levant\u00f3 el par\u00f3 en 27 aeropuertos del pa\u00eds\"}]},{\"@type\":\"WebSite\",\"@id\":\"https:\\\/\\\/radioinfinitagoya.com.ar\\\/v1\\\/#website\",\"url\":\"https:\\\/\\\/radioinfinitagoya.com.ar\\\/v1\\\/\",\"name\":\"radioinfinitagoya.com.ar\",\"description\":\"Radio de noticias\",\"publisher\":{\"@id\":\"https:\\\/\\\/radioinfinitagoya.com.ar\\\/v1\\\/#organization\"},\"potentialAction\":[{\"@type\":\"SearchAction\",\"target\":{\"@type\":\"EntryPoint\",\"urlTemplate\":\"https:\\\/\\\/radioinfinitagoya.com.ar\\\/v1\\\/?s={search_term_string}\"},\"query-input\":{\"@type\":\"PropertyValueSpecification\",\"valueRequired\":true,\"valueName\":\"search_term_string\"}}],\"inLanguage\":\"es-AR\"},{\"@type\":\"Organization\",\"@id\":\"https:\\\/\\\/radioinfinitagoya.com.ar\\\/v1\\\/#organization\",\"name\":\"Radio Infinita Goya\",\"url\":\"https:\\\/\\\/radioinfinitagoya.com.ar\\\/v1\\\/\",\"logo\":{\"@type\":\"ImageObject\",\"inLanguage\":\"es-AR\",\"@id\":\"https:\\\/\\\/radioinfinitagoya.com.ar\\\/v1\\\/#\\\/schema\\\/logo\\\/image\\\/\",\"url\":\"https:\\\/\\\/radioinfinitagoya.com.ar\\\/v1\\\/wp-content\\\/uploads\\\/2019\\\/11\\\/logo-pie-web.png\",\"contentUrl\":\"https:\\\/\\\/radioinfinitagoya.com.ar\\\/v1\\\/wp-content\\\/uploads\\\/2019\\\/11\\\/logo-pie-web.png\",\"width\":635,\"height\":326,\"caption\":\"Radio Infinita Goya\"},\"image\":{\"@id\":\"https:\\\/\\\/radioinfinitagoya.com.ar\\\/v1\\\/#\\\/schema\\\/logo\\\/image\\\/\"},\"sameAs\":[\"https:\\\/\\\/www.facebook.com\\\/p\\\/Infinita-Goya-100063870918311\\\/\"]},{\"@type\":\"Person\",\"@id\":\"https:\\\/\\\/radioinfinitagoya.com.ar\\\/v1\\\/#\\\/schema\\\/person\\\/d4cf9c413d4f6edb24aabdccab49ca4a\",\"name\":\"Jorge Mi\u00f1o\",\"image\":{\"@type\":\"ImageObject\",\"inLanguage\":\"es-AR\",\"@id\":\"https:\\\/\\\/secure.gravatar.com\\\/avatar\\\/910fcf6728fe95320e07a6643c1581fec1c7fc4bf8ae12e3d8f0d0373dc844be?s=96&d=mm&r=g\",\"url\":\"https:\\\/\\\/secure.gravatar.com\\\/avatar\\\/910fcf6728fe95320e07a6643c1581fec1c7fc4bf8ae12e3d8f0d0373dc844be?s=96&d=mm&r=g\",\"contentUrl\":\"https:\\\/\\\/secure.gravatar.com\\\/avatar\\\/910fcf6728fe95320e07a6643c1581fec1c7fc4bf8ae12e3d8f0d0373dc844be?s=96&d=mm&r=g\",\"caption\":\"Jorge Mi\u00f1o\"},\"sameAs\":[\"http:\\\/\\\/radioinfinitagoya.com.ar\"]}]}<\/script>\n<!-- \/ Yoast SEO plugin. -->","yoast_head_json":{"title":"ATE levant\u00f3 el par\u00f3 en 27 aeropuertos del pa\u00eds - Radio Infinita Goya","description":"De esta manera se descart\u00f3 la cancelaci\u00f3n y reprogramaci\u00f3n de vuelos. Desde la central gremial esperan una audiencia urgente con Trabajo. De fracasar o no","robots":{"index":"index","follow":"follow","max-snippet":"max-snippet:-1","max-image-preview":"max-image-preview:large","max-video-preview":"max-video-preview:-1"},"canonical":"https:\/\/radioinfinitagoya.com.ar\/v1\/2026\/09\/03\/ate-levanto-el-paro-en-27-aeropuertos-del-pais\/","og_locale":"es_ES","og_type":"article","og_title":"ATE levant\u00f3 el par\u00f3 en 27 aeropuertos del pa\u00eds - Radio Infinita Goya","og_description":"De esta manera se descart\u00f3 la cancelaci\u00f3n y reprogramaci\u00f3n de vuelos. Desde la central gremial esperan una audiencia urgente con Trabajo. De fracasar o no","og_url":"https:\/\/radioinfinitagoya.com.ar\/v1\/2026\/09\/03\/ate-levanto-el-paro-en-27-aeropuertos-del-pais\/","og_site_name":"Radio Infinita Goya","article_publisher":"https:\/\/www.facebook.com\/p\/Infinita-Goya-100063870918311\/","article_published_time":"2026-09-03T17:02:05+00:00","og_image":[{"width":1200,"height":675,"url":"https:\/\/radioinfinitagoya.com.ar\/v1\/wp-content\/uploads\/2026\/09\/1788443389354.webp","type":"image\/webp"}],"author":"Jorge Mi\u00f1o","twitter_card":"summary_large_image","twitter_misc":{"Escrito por":"Jorge Mi\u00f1o","Tiempo de lectura":"4 minutos"},"schema":{"@context":"https:\/\/schema.org","@graph":[{"@type":"Article","@id":"https:\/\/radioinfinitagoya.com.ar\/v1\/2026\/09\/03\/ate-levanto-el-paro-en-27-aeropuertos-del-pais\/#article","isPartOf":{"@id":"https:\/\/radioinfinitagoya.com.ar\/v1\/2026\/09\/03\/ate-levanto-el-paro-en-27-aeropuertos-del-pais\/"},"author":{"name":"Jorge Mi\u00f1o","@id":"https:\/\/radioinfinitagoya.com.ar\/v1\/#\/schema\/person\/d4cf9c413d4f6edb24aabdccab49ca4a"},"headline":"ATE levant\u00f3 el par\u00f3 en 27 aeropuertos del pa\u00eds","datePublished":"2026-09-03T17:02:05+00:00","mainEntityOfPage":{"@id":"https:\/\/radioinfinitagoya.com.ar\/v1\/2026\/09\/03\/ate-levanto-el-paro-en-27-aeropuertos-del-pais\/"},"wordCount":718,"commentCount":0,"publisher":{"@id":"https:\/\/radioinfinitagoya.com.ar\/v1\/#organization"},"image":{"@id":"https:\/\/radioinfinitagoya.com.ar\/v1\/2026\/09\/03\/ate-levanto-el-paro-en-27-aeropuertos-del-pais\/#primaryimage"},"thumbnailUrl":"https:\/\/radioinfinitagoya.com.ar\/v1\/wp-content\/uploads\/2026\/09\/1788443389354.webp","articleSection":["NACIONALES"],"inLanguage":"es-AR","potentialAction":[{"@type":"CommentAction","name":"Comment","target":["https:\/\/radioinfinitagoya.com.ar\/v1\/2026\/09\/03\/ate-levanto-el-paro-en-27-aeropuertos-del-pais\/#respond"]}]},{"@type":"WebPage","@id":"https:\/\/radioinfinitagoya.com.ar\/v1\/2026\/09\/03\/ate-levanto-el-paro-en-27-aeropuertos-del-pais\/","url":"https:\/\/radioinfinitagoya.com.ar\/v1\/2026\/09\/03\/ate-levanto-el-paro-en-27-aeropuertos-del-pais\/","name":"ATE levant\u00f3 el par\u00f3 en 27 aeropuertos del pa\u00eds - Radio Infinita Goya","isPartOf":{"@id":"https:\/\/radioinfinitagoya.com.ar\/v1\/#website"},"primaryImageOfPage":{"@id":"https:\/\/radioinfinitagoya.com.ar\/v1\/2026\/09\/03\/ate-levanto-el-paro-en-27-aeropuertos-del-pais\/#primaryimage"},"image":{"@id":"https:\/\/radioinfinitagoya.com.ar\/v1\/2026\/09\/03\/ate-levanto-el-paro-en-27-aeropuertos-del-pais\/#primaryimage"},"thumbnailUrl":"https:\/\/radioinfinitagoya.com.ar\/v1\/wp-content\/uploads\/2026\/09\/1788443389354.webp","datePublished":"2026-09-03T17:02:05+00:00","description":"De esta manera se descart\u00f3 la cancelaci\u00f3n y reprogramaci\u00f3n de vuelos. Desde la central gremial esperan una audiencia urgente con Trabajo. De fracasar o no","breadcrumb":{"@id":"https:\/\/radioinfinitagoya.com.ar\/v1\/2026\/09\/03\/ate-levanto-el-paro-en-27-aeropuertos-del-pais\/#breadcrumb"},"inLanguage":"es-AR","potentialAction":[{"@type":"ReadAction","target":["https:\/\/radioinfinitagoya.com.ar\/v1\/2026\/09\/03\/ate-levanto-el-paro-en-27-aeropuertos-del-pais\/"]}]},{"@type":"ImageObject","inLanguage":"es-AR","@id":"https:\/\/radioinfinitagoya.com.ar\/v1\/2026\/09\/03\/ate-levanto-el-paro-en-27-aeropuertos-del-pais\/#primaryimage","url":"https:\/\/radioinfinitagoya.com.ar\/v1\/wp-content\/uploads\/2026\/09\/1788443389354.webp","contentUrl":"https:\/\/radioinfinitagoya.com.ar\/v1\/wp-content\/uploads\/2026\/09\/1788443389354.webp","width":1200,"height":675},{"@type":"BreadcrumbList","@id":"https:\/\/radioinfinitagoya.com.ar\/v1\/2026\/09\/03\/ate-levanto-el-paro-en-27-aeropuertos-del-pais\/#breadcrumb","itemListElement":[{"@type":"ListItem","position":1,"name":"Inicio","item":"https:\/\/radioinfinitagoya.com.ar\/v1\/"},{"@type":"ListItem","position":2,"name":"ATE levant\u00f3 el par\u00f3 en 27 aeropuertos del pa\u00eds"}]},{"@type":"WebSite","@id":"https:\/\/radioinfinitagoya.com.ar\/v1\/#website","url":"https:\/\/radioinfinitagoya.com.ar\/v1\/","name":"radioinfinitagoya.com.ar","description":"Radio de noticias","publisher":{"@id":"https:\/\/radioinfinitagoya.com.ar\/v1\/#organization"},"potentialAction":[{"@type":"SearchAction","target":{"@type":"EntryPoint","urlTemplate":"https:\/\/radioinfinitagoya.com.ar\/v1\/?s={search_term_string}"},"query-input":{"@type":"PropertyValueSpecification","valueRequired":true,"valueName":"search_term_string"}}],"inLanguage":"es-AR"},{"@type":"Organization","@id":"https:\/\/radioinfinitagoya.com.ar\/v1\/#organization","name":"Radio Infinita Goya","url":"https:\/\/radioinfinitagoya.com.ar\/v1\/","logo":{"@type":"ImageObject","inLanguage":"es-AR","@id":"https:\/\/radioinfinitagoya.com.ar\/v1\/#\/schema\/logo\/image\/","url":"https:\/\/radioinfinitagoya.com.ar\/v1\/wp-content\/uploads\/2019\/11\/logo-pie-web.png","contentUrl":"https:\/\/radioinfinitagoya.com.ar\/v1\/wp-content\/uploads\/2019\/11\/logo-pie-web.png","width":635,"height":326,"caption":"Radio Infinita Goya"},"image":{"@id":"https:\/\/radioinfinitagoya.com.ar\/v1\/#\/schema\/logo\/image\/"},"sameAs":["https:\/\/www.facebook.com\/p\/Infinita-Goya-100063870918311\/"]},{"@type":"Person","@id":"https:\/\/radioinfinitagoya.com.ar\/v1\/#\/schema\/person\/d4cf9c413d4f6edb24aabdccab49ca4a","name":"Jorge Mi\u00f1o","image":{"@type":"ImageObject","inLanguage":"es-AR","@id":"https:\/\/secure.gravatar.com\/avatar\/910fcf6728fe95320e07a6643c1581fec1c7fc4bf8ae12e3d8f0d0373dc844be?s=96&d=mm&r=g","url":"https:\/\/secure.gravatar.com\/avatar\/910fcf6728fe95320e07a6643c1581fec1c7fc4bf8ae12e3d8f0d0373dc844be?s=96&d=mm&r=g","contentUrl":"https:\/\/secure.gravatar.com\/avatar\/910fcf6728fe95320e07a6643c1581fec1c7fc4bf8ae12e3d8f0d0373dc844be?s=96&d=mm&r=g","caption":"Jorge Mi\u00f1o"},"sameAs":["http:\/\/radioinfinitagoya.com.ar"]}]}},"_links":{"self":[{"href":"https:\/\/radioinfinitagoya.com.ar\/v1\/wp-json\/wp\/v2\/posts\/226625","targetHints":{"allow":["GET"]}}],"collection":[{"href":"https:\/\/radioinfinitagoya.com.ar\/v1\/wp-json\/wp\/v2\/posts"}],"about":[{"href":"https:\/\/radioinfinitagoya.com.ar\/v1\/wp-json\/wp\/v2\/types\/post"}],"author":[{"embeddable":true,"href":"https:\/\/radioinfinitagoya.com.ar\/v1\/wp-json\/wp\/v2\/users\/4"}],"replies":[{"embeddable":true,"href":"https:\/\/radioinfinitagoya.com.ar\/v1\/wp-json\/wp\/v2\/comments?post=226625"}],"version-history":[{"count":1,"href":"https:\/\/radioinfinitagoya.com.ar\/v1\/wp-json\/wp\/v2\/posts\/226625\/revisions"}],"predecessor-version":[{"id":226627,"href":"https:\/\/radioinfinitagoya.com.ar\/v1\/wp-json\/wp\/v2\/posts\/226625\/revisions\/226627"}],"wp:featuredmedia":[{"embeddable":true,"href":"https:\/\/radioinfinitagoya.com.ar\/v1\/wp-json\/wp\/v2\/media\/226626"}],"wp:attachment":[{"href":"https:\/\/radioinfinitagoya.com.ar\/v1\/wp-json\/wp\/v2\/media?parent=226625"}],"wp:term":[{"taxonomy":"category","embeddable":true,"href":"https:\/\/radioinfinitagoya.com.ar\/v1\/wp-json\/wp\/v2\/categories?post=226625"},{"taxonomy":"post_tag","embeddable":true,"href":"https:\/\/radioinfinitagoya.com.ar\/v1\/wp-json\/wp\/v2\/tags?post=226625"}],"curies":[{"name":"wp","href":"https:\/\/api.w.org\/{rel}","templated":true}]}}