{"id":226630,"date":"2026-09-03T14:38:51","date_gmt":"2026-09-03T17:38:51","guid":{"rendered":"https:\/\/radioinfinitagoya.com.ar\/v1\/?p=226630"},"modified":"2026-09-03T14:38:51","modified_gmt":"2026-09-03T17:38:51","slug":"la-inesperada-advertencia-de-franco-colapinto-antes-del-gp-de-italia","status":"publish","type":"post","link":"https:\/\/radioinfinitagoya.com.ar\/v1\/2026\/09\/03\/la-inesperada-advertencia-de-franco-colapinto-antes-del-gp-de-italia\/","title":{"rendered":"la inesperada advertencia de Franco Colapinto antes del GP de Italia"},"content":{"rendered":"<p>&#8220;No es bueno para nosotros&#8221;<\/p>\n<p>Franco Colapinto estrena paquete de mejoras en Monza, pero advierte que el calor extremo y el reglamento complicar\u00e1n a Alpine.<\/p>\n<p>Franco Colapinto encarar\u00e1 el Gran Premio de Italia con expectativas renovadas en el Mundial de F\u00f3rmula 1 tras el estreno del Alpine A526 actualizado. Sin embargo, el piloto argentino no ocult\u00f3 su preocupaci\u00f3n por las dificultades operativas que enfrentar\u00e1 la escuder\u00eda en Monza. Si bien valor\u00f3 el progreso que aporta el nuevo paquete aerodin\u00e1mico y mec\u00e1nico, alert\u00f3 que las elevadas temperaturas ambientales y la configuraci\u00f3n t\u00e9cnica del trazado podr\u00edan mellar el rendimiento general del monoplaza.<\/p>\n<p>En la fecha pasada celebrada en Pa\u00edses Bajos, Alpine introdujo una serie de modificaciones que solo utiliz\u00f3 su compa\u00f1ero Pierre Gasly, permiti\u00e9ndole dar un salto de rendimiento tras varias jornadas complejas. De cara al fin de semana en el templo de la velocidad, Colapinto contar\u00e1 con esos mismos desarrollos en su auto para intentar ser competitivo en un circuito caracterizado por sus extensas rectas y elevada exigencia t\u00e9cnica.<\/p>\n<p>Por qu\u00e9 las altas temperaturas de Monza pueden perjudicar a Alpine<\/p>\n<p>Al analizar la magnitud de la actualizaci\u00f3n t\u00e9cnica, Colapinto destac\u00f3 el trabajo del equipo en la f\u00e1brica: \u201cEs una mejora muy buena. Especialmente en Zandvoort, que no es un circuito que haya sido bueno para nosotros. Si uno observa el tipo de curvas y el mapa del circuito, no era una pista que haya sido buena para nuestro coche en las carreras anteriores, y creo que como equipo dimos un paso adelante muy grande\u201d.<\/p>\n<p>El bonaerense defini\u00f3 este paquete de evoluciones como \u201cla mayor mejora que hemos tenido durante todo el a\u00f1o\u201d. No obstante, remarc\u00f3 que las condiciones clim\u00e1ticas en el trazado italiano encienden las alarmas en el garaje: \u201cHace mucho calor este fin de semana y eso no es bueno para nosotros ni para nuestros neum\u00e1ticos. Sufrimos m\u00e1s sobrecalentamiento que los dem\u00e1s, as\u00ed que ese podr\u00eda ser un aspecto en el que debamos enfocarnos\u201d. En ese sentido, anticip\u00f3 que la administraci\u00f3n de las gomas resultar\u00e1 crucial para maximizar el resultado en carrera.<\/p>\n<p>Qu\u00e9 debilidades del reglamento 2026 expone el circuito de Monza<\/p>\n<p>M\u00e1s all\u00e1 de la degradaci\u00f3n de los neum\u00e1ticos, el piloto argentino analiz\u00f3 las exigencias que plantea la reglamentaci\u00f3n t\u00e9cnica de la m\u00e1xima categor\u00eda, la cual equilibra la entrega de potencia entre el motor t\u00e9rmico y la unidad el\u00e9ctrica. Para Colapinto, Monza se posiciona como una de las pistas m\u00e1s complejas para la regeneraci\u00f3n de energ\u00eda a causa de las extensas rectas y los escasos puntos de frenada dura.<\/p>\n<p>\u201cQuiz\u00e1s no veamos tantas reducciones de marcha (fuera de lo habitual para recargar la bater\u00eda), porque es cierto que el l\u00edmite de recuperaci\u00f3n de energ\u00eda es muy bajo, as\u00ed que el \u2018superclip\u2019 es peque\u00f1o, porque no se puede recuperar tanta energ\u00eda. Por lo tanto, el \u2018superclip\u2019 ya no resulta tan \u00fatil. Personalmente, creo que va a ser una carrera complicada. No va a ser f\u00e1cil, pero, nuevamente, es otro circuito que muestra nuestras debilidades como F\u00f3rmula 1. Va a mostrar las debilidades del reglamento\u201d, explic\u00f3 el piloto.<\/p>\n<p>En declaraciones vertidas a Motorsport, Colapinto record\u00f3 que en la antesala del certamen el simulador ya anticipaba este escenario cr\u00edtico: \u201cDijimos a comienzos de a\u00f1o que Monza siempre iba a ser dif\u00edcil con estos autos y veremos ma\u00f1ana c\u00f3mo se comporta, pero estoy seguro de que no va a ser fant\u00e1stico\u201d.<\/p>\n<p>Cu\u00e1les son las expectativas de Franco Colapinto para la carrera<\/p>\n<p>A pesar de advertir que las velocidades finales podr\u00edan resultar inferiores a las habituales por el agotamiento prematuro de la energ\u00eda el\u00e9ctrica, el argentino admiti\u00f3 que el Gran Premio representa una oportunidad de aprendizaje para los organizadores: \u201cCreo que es una gran prueba, una vez m\u00e1s, para intentar entender d\u00f3nde podemos mejorar como campeonato\u201d. Asimismo, se mostr\u00f3 optimista en cuanto a presenciar una mayor cantidad de maniobras de sobrepaso que en temporadas pasadas, aun cuando el ritmo sostenido de carrera signifique un desaf\u00edo constante para la estructura de Alpine.<\/p>\n<p>&nbsp;<\/p>\n","protected":false},"excerpt":{"rendered":"<p>&#8220;No es bueno para nosotros&#8221; Franco Colapinto estrena paquete de mejoras en Monza, pero advierte que el calor extremo y el reglamento complicar\u00e1n a Alpine. Franco Colapinto encarar\u00e1 el Gran Premio de Italia con expectativas renovadas en el Mundial de F\u00f3rmula 1 tras el estreno del Alpine A526 actualizado. Sin embargo, el piloto argentino no [&hellip;]<\/p>\n","protected":false},"author":4,"featured_media":226631,"comment_status":"open","ping_status":"open","sticky":false,"template":"","format":"standard","meta":{"_joinchat":[],"footnotes":""},"categories":[28],"tags":[],"class_list":["post-226630","post","type-post","status-publish","format-standard","has-post-thumbnail","category-deportes"],"yoast_head":"<!-- This site is optimized with the Yoast SEO plugin v27.7 - https:\/\/yoast.com\/product\/yoast-seo-wordpress\/ -->\n<title>la inesperada advertencia de Franco Colapinto antes del GP de Italia - Radio Infinita Goya<\/title>\n<meta name=\"description\" content=\"&quot;No es bueno para nosotros&quot; Franco Colapinto estrena paquete de mejoras en Monza, pero advierte que el calor extremo y el reglamento complicar\u00e1n a Alpine.\" \/>\n<meta name=\"robots\" content=\"index, follow, max-snippet:-1, max-image-preview:large, max-video-preview:-1\" \/>\n<link rel=\"canonical\" href=\"https:\/\/radioinfinitagoya.com.ar\/v1\/2026\/09\/03\/la-inesperada-advertencia-de-franco-colapinto-antes-del-gp-de-italia\/\" \/>\n<meta property=\"og:locale\" content=\"es_ES\" \/>\n<meta property=\"og:type\" content=\"article\" \/>\n<meta property=\"og:title\" content=\"la inesperada advertencia de Franco Colapinto antes del GP de Italia - Radio Infinita Goya\" \/>\n<meta property=\"og:description\" content=\"&quot;No es bueno para nosotros&quot; Franco Colapinto estrena paquete de mejoras en Monza, pero advierte que el calor extremo y el reglamento complicar\u00e1n a Alpine.\" \/>\n<meta property=\"og:url\" content=\"https:\/\/radioinfinitagoya.com.ar\/v1\/2026\/09\/03\/la-inesperada-advertencia-de-franco-colapinto-antes-del-gp-de-italia\/\" \/>\n<meta property=\"og:site_name\" content=\"Radio Infinita Goya\" \/>\n<meta property=\"article:publisher\" content=\"https:\/\/www.facebook.com\/p\/Infinita-Goya-100063870918311\/\" \/>\n<meta property=\"article:published_time\" content=\"2026-09-03T17:38:51+00:00\" \/>\n<meta property=\"og:image\" content=\"https:\/\/radioinfinitagoya.com.ar\/v1\/wp-content\/uploads\/2026\/09\/imagenes-notas-a24-2026-09-03t121038015.webp\" \/>\n\t<meta property=\"og:image:width\" content=\"1200\" \/>\n\t<meta property=\"og:image:height\" content=\"675\" \/>\n\t<meta property=\"og:image:type\" content=\"image\/webp\" \/>\n<meta name=\"author\" content=\"Jorge Mi\u00f1o\" \/>\n<meta name=\"twitter:card\" content=\"summary_large_image\" \/>\n<meta name=\"twitter:label1\" content=\"Escrito por\" \/>\n\t<meta name=\"twitter:data1\" content=\"Jorge Mi\u00f1o\" \/>\n\t<meta name=\"twitter:label2\" content=\"Tiempo de lectura\" \/>\n\t<meta name=\"twitter:data2\" content=\"4 minutos\" \/>\n<script type=\"application\/ld+json\" class=\"yoast-schema-graph\">{\"@context\":\"https:\\\/\\\/schema.org\",\"@graph\":[{\"@type\":\"Article\",\"@id\":\"https:\\\/\\\/radioinfinitagoya.com.ar\\\/v1\\\/2026\\\/09\\\/03\\\/la-inesperada-advertencia-de-franco-colapinto-antes-del-gp-de-italia\\\/#article\",\"isPartOf\":{\"@id\":\"https:\\\/\\\/radioinfinitagoya.com.ar\\\/v1\\\/2026\\\/09\\\/03\\\/la-inesperada-advertencia-de-franco-colapinto-antes-del-gp-de-italia\\\/\"},\"author\":{\"name\":\"Jorge Mi\u00f1o\",\"@id\":\"https:\\\/\\\/radioinfinitagoya.com.ar\\\/v1\\\/#\\\/schema\\\/person\\\/d4cf9c413d4f6edb24aabdccab49ca4a\"},\"headline\":\"la inesperada advertencia de Franco Colapinto antes del GP de Italia\",\"datePublished\":\"2026-09-03T17:38:51+00:00\",\"mainEntityOfPage\":{\"@id\":\"https:\\\/\\\/radioinfinitagoya.com.ar\\\/v1\\\/2026\\\/09\\\/03\\\/la-inesperada-advertencia-de-franco-colapinto-antes-del-gp-de-italia\\\/\"},\"wordCount\":723,\"commentCount\":0,\"publisher\":{\"@id\":\"https:\\\/\\\/radioinfinitagoya.com.ar\\\/v1\\\/#organization\"},\"image\":{\"@id\":\"https:\\\/\\\/radioinfinitagoya.com.ar\\\/v1\\\/2026\\\/09\\\/03\\\/la-inesperada-advertencia-de-franco-colapinto-antes-del-gp-de-italia\\\/#primaryimage\"},\"thumbnailUrl\":\"https:\\\/\\\/radioinfinitagoya.com.ar\\\/v1\\\/wp-content\\\/uploads\\\/2026\\\/09\\\/imagenes-notas-a24-2026-09-03t121038015.webp\",\"articleSection\":[\"DEPORTES\"],\"inLanguage\":\"es-AR\",\"potentialAction\":[{\"@type\":\"CommentAction\",\"name\":\"Comment\",\"target\":[\"https:\\\/\\\/radioinfinitagoya.com.ar\\\/v1\\\/2026\\\/09\\\/03\\\/la-inesperada-advertencia-de-franco-colapinto-antes-del-gp-de-italia\\\/#respond\"]}]},{\"@type\":\"WebPage\",\"@id\":\"https:\\\/\\\/radioinfinitagoya.com.ar\\\/v1\\\/2026\\\/09\\\/03\\\/la-inesperada-advertencia-de-franco-colapinto-antes-del-gp-de-italia\\\/\",\"url\":\"https:\\\/\\\/radioinfinitagoya.com.ar\\\/v1\\\/2026\\\/09\\\/03\\\/la-inesperada-advertencia-de-franco-colapinto-antes-del-gp-de-italia\\\/\",\"name\":\"la inesperada advertencia de Franco Colapinto antes del GP de Italia - Radio Infinita Goya\",\"isPartOf\":{\"@id\":\"https:\\\/\\\/radioinfinitagoya.com.ar\\\/v1\\\/#website\"},\"primaryImageOfPage\":{\"@id\":\"https:\\\/\\\/radioinfinitagoya.com.ar\\\/v1\\\/2026\\\/09\\\/03\\\/la-inesperada-advertencia-de-franco-colapinto-antes-del-gp-de-italia\\\/#primaryimage\"},\"image\":{\"@id\":\"https:\\\/\\\/radioinfinitagoya.com.ar\\\/v1\\\/2026\\\/09\\\/03\\\/la-inesperada-advertencia-de-franco-colapinto-antes-del-gp-de-italia\\\/#primaryimage\"},\"thumbnailUrl\":\"https:\\\/\\\/radioinfinitagoya.com.ar\\\/v1\\\/wp-content\\\/uploads\\\/2026\\\/09\\\/imagenes-notas-a24-2026-09-03t121038015.webp\",\"datePublished\":\"2026-09-03T17:38:51+00:00\",\"description\":\"\\\"No es bueno para nosotros\\\" Franco Colapinto estrena paquete de mejoras en Monza, pero advierte que el calor extremo y el reglamento complicar\u00e1n a Alpine.\",\"breadcrumb\":{\"@id\":\"https:\\\/\\\/radioinfinitagoya.com.ar\\\/v1\\\/2026\\\/09\\\/03\\\/la-inesperada-advertencia-de-franco-colapinto-antes-del-gp-de-italia\\\/#breadcrumb\"},\"inLanguage\":\"es-AR\",\"potentialAction\":[{\"@type\":\"ReadAction\",\"target\":[\"https:\\\/\\\/radioinfinitagoya.com.ar\\\/v1\\\/2026\\\/09\\\/03\\\/la-inesperada-advertencia-de-franco-colapinto-antes-del-gp-de-italia\\\/\"]}]},{\"@type\":\"ImageObject\",\"inLanguage\":\"es-AR\",\"@id\":\"https:\\\/\\\/radioinfinitagoya.com.ar\\\/v1\\\/2026\\\/09\\\/03\\\/la-inesperada-advertencia-de-franco-colapinto-antes-del-gp-de-italia\\\/#primaryimage\",\"url\":\"https:\\\/\\\/radioinfinitagoya.com.ar\\\/v1\\\/wp-content\\\/uploads\\\/2026\\\/09\\\/imagenes-notas-a24-2026-09-03t121038015.webp\",\"contentUrl\":\"https:\\\/\\\/radioinfinitagoya.com.ar\\\/v1\\\/wp-content\\\/uploads\\\/2026\\\/09\\\/imagenes-notas-a24-2026-09-03t121038015.webp\",\"width\":1200,\"height\":675},{\"@type\":\"BreadcrumbList\",\"@id\":\"https:\\\/\\\/radioinfinitagoya.com.ar\\\/v1\\\/2026\\\/09\\\/03\\\/la-inesperada-advertencia-de-franco-colapinto-antes-del-gp-de-italia\\\/#breadcrumb\",\"itemListElement\":[{\"@type\":\"ListItem\",\"position\":1,\"name\":\"Inicio\",\"item\":\"https:\\\/\\\/radioinfinitagoya.com.ar\\\/v1\\\/\"},{\"@type\":\"ListItem\",\"position\":2,\"name\":\"la inesperada advertencia de Franco Colapinto antes del GP de Italia\"}]},{\"@type\":\"WebSite\",\"@id\":\"https:\\\/\\\/radioinfinitagoya.com.ar\\\/v1\\\/#website\",\"url\":\"https:\\\/\\\/radioinfinitagoya.com.ar\\\/v1\\\/\",\"name\":\"radioinfinitagoya.com.ar\",\"description\":\"Radio de noticias\",\"publisher\":{\"@id\":\"https:\\\/\\\/radioinfinitagoya.com.ar\\\/v1\\\/#organization\"},\"potentialAction\":[{\"@type\":\"SearchAction\",\"target\":{\"@type\":\"EntryPoint\",\"urlTemplate\":\"https:\\\/\\\/radioinfinitagoya.com.ar\\\/v1\\\/?s={search_term_string}\"},\"query-input\":{\"@type\":\"PropertyValueSpecification\",\"valueRequired\":true,\"valueName\":\"search_term_string\"}}],\"inLanguage\":\"es-AR\"},{\"@type\":\"Organization\",\"@id\":\"https:\\\/\\\/radioinfinitagoya.com.ar\\\/v1\\\/#organization\",\"name\":\"Radio Infinita Goya\",\"url\":\"https:\\\/\\\/radioinfinitagoya.com.ar\\\/v1\\\/\",\"logo\":{\"@type\":\"ImageObject\",\"inLanguage\":\"es-AR\",\"@id\":\"https:\\\/\\\/radioinfinitagoya.com.ar\\\/v1\\\/#\\\/schema\\\/logo\\\/image\\\/\",\"url\":\"https:\\\/\\\/radioinfinitagoya.com.ar\\\/v1\\\/wp-content\\\/uploads\\\/2019\\\/11\\\/logo-pie-web.png\",\"contentUrl\":\"https:\\\/\\\/radioinfinitagoya.com.ar\\\/v1\\\/wp-content\\\/uploads\\\/2019\\\/11\\\/logo-pie-web.png\",\"width\":635,\"height\":326,\"caption\":\"Radio Infinita Goya\"},\"image\":{\"@id\":\"https:\\\/\\\/radioinfinitagoya.com.ar\\\/v1\\\/#\\\/schema\\\/logo\\\/image\\\/\"},\"sameAs\":[\"https:\\\/\\\/www.facebook.com\\\/p\\\/Infinita-Goya-100063870918311\\\/\"]},{\"@type\":\"Person\",\"@id\":\"https:\\\/\\\/radioinfinitagoya.com.ar\\\/v1\\\/#\\\/schema\\\/person\\\/d4cf9c413d4f6edb24aabdccab49ca4a\",\"name\":\"Jorge Mi\u00f1o\",\"image\":{\"@type\":\"ImageObject\",\"inLanguage\":\"es-AR\",\"@id\":\"https:\\\/\\\/secure.gravatar.com\\\/avatar\\\/910fcf6728fe95320e07a6643c1581fec1c7fc4bf8ae12e3d8f0d0373dc844be?s=96&d=mm&r=g\",\"url\":\"https:\\\/\\\/secure.gravatar.com\\\/avatar\\\/910fcf6728fe95320e07a6643c1581fec1c7fc4bf8ae12e3d8f0d0373dc844be?s=96&d=mm&r=g\",\"contentUrl\":\"https:\\\/\\\/secure.gravatar.com\\\/avatar\\\/910fcf6728fe95320e07a6643c1581fec1c7fc4bf8ae12e3d8f0d0373dc844be?s=96&d=mm&r=g\",\"caption\":\"Jorge Mi\u00f1o\"},\"sameAs\":[\"http:\\\/\\\/radioinfinitagoya.com.ar\"]}]}<\/script>\n<!-- \/ Yoast SEO plugin. -->","yoast_head_json":{"title":"la inesperada advertencia de Franco Colapinto antes del GP de Italia - Radio Infinita Goya","description":"\"No es bueno para nosotros\" Franco Colapinto estrena paquete de mejoras en Monza, pero advierte que el calor extremo y el reglamento complicar\u00e1n a Alpine.","robots":{"index":"index","follow":"follow","max-snippet":"max-snippet:-1","max-image-preview":"max-image-preview:large","max-video-preview":"max-video-preview:-1"},"canonical":"https:\/\/radioinfinitagoya.com.ar\/v1\/2026\/09\/03\/la-inesperada-advertencia-de-franco-colapinto-antes-del-gp-de-italia\/","og_locale":"es_ES","og_type":"article","og_title":"la inesperada advertencia de Franco Colapinto antes del GP de Italia - Radio Infinita Goya","og_description":"\"No es bueno para nosotros\" Franco Colapinto estrena paquete de mejoras en Monza, pero advierte que el calor extremo y el reglamento complicar\u00e1n a Alpine.","og_url":"https:\/\/radioinfinitagoya.com.ar\/v1\/2026\/09\/03\/la-inesperada-advertencia-de-franco-colapinto-antes-del-gp-de-italia\/","og_site_name":"Radio Infinita Goya","article_publisher":"https:\/\/www.facebook.com\/p\/Infinita-Goya-100063870918311\/","article_published_time":"2026-09-03T17:38:51+00:00","og_image":[{"width":1200,"height":675,"url":"https:\/\/radioinfinitagoya.com.ar\/v1\/wp-content\/uploads\/2026\/09\/imagenes-notas-a24-2026-09-03t121038015.webp","type":"image\/webp"}],"author":"Jorge Mi\u00f1o","twitter_card":"summary_large_image","twitter_misc":{"Escrito por":"Jorge Mi\u00f1o","Tiempo de lectura":"4 minutos"},"schema":{"@context":"https:\/\/schema.org","@graph":[{"@type":"Article","@id":"https:\/\/radioinfinitagoya.com.ar\/v1\/2026\/09\/03\/la-inesperada-advertencia-de-franco-colapinto-antes-del-gp-de-italia\/#article","isPartOf":{"@id":"https:\/\/radioinfinitagoya.com.ar\/v1\/2026\/09\/03\/la-inesperada-advertencia-de-franco-colapinto-antes-del-gp-de-italia\/"},"author":{"name":"Jorge Mi\u00f1o","@id":"https:\/\/radioinfinitagoya.com.ar\/v1\/#\/schema\/person\/d4cf9c413d4f6edb24aabdccab49ca4a"},"headline":"la inesperada advertencia de Franco Colapinto antes del GP de Italia","datePublished":"2026-09-03T17:38:51+00:00","mainEntityOfPage":{"@id":"https:\/\/radioinfinitagoya.com.ar\/v1\/2026\/09\/03\/la-inesperada-advertencia-de-franco-colapinto-antes-del-gp-de-italia\/"},"wordCount":723,"commentCount":0,"publisher":{"@id":"https:\/\/radioinfinitagoya.com.ar\/v1\/#organization"},"image":{"@id":"https:\/\/radioinfinitagoya.com.ar\/v1\/2026\/09\/03\/la-inesperada-advertencia-de-franco-colapinto-antes-del-gp-de-italia\/#primaryimage"},"thumbnailUrl":"https:\/\/radioinfinitagoya.com.ar\/v1\/wp-content\/uploads\/2026\/09\/imagenes-notas-a24-2026-09-03t121038015.webp","articleSection":["DEPORTES"],"inLanguage":"es-AR","potentialAction":[{"@type":"CommentAction","name":"Comment","target":["https:\/\/radioinfinitagoya.com.ar\/v1\/2026\/09\/03\/la-inesperada-advertencia-de-franco-colapinto-antes-del-gp-de-italia\/#respond"]}]},{"@type":"WebPage","@id":"https:\/\/radioinfinitagoya.com.ar\/v1\/2026\/09\/03\/la-inesperada-advertencia-de-franco-colapinto-antes-del-gp-de-italia\/","url":"https:\/\/radioinfinitagoya.com.ar\/v1\/2026\/09\/03\/la-inesperada-advertencia-de-franco-colapinto-antes-del-gp-de-italia\/","name":"la inesperada advertencia de Franco Colapinto antes del GP de Italia - Radio Infinita Goya","isPartOf":{"@id":"https:\/\/radioinfinitagoya.com.ar\/v1\/#website"},"primaryImageOfPage":{"@id":"https:\/\/radioinfinitagoya.com.ar\/v1\/2026\/09\/03\/la-inesperada-advertencia-de-franco-colapinto-antes-del-gp-de-italia\/#primaryimage"},"image":{"@id":"https:\/\/radioinfinitagoya.com.ar\/v1\/2026\/09\/03\/la-inesperada-advertencia-de-franco-colapinto-antes-del-gp-de-italia\/#primaryimage"},"thumbnailUrl":"https:\/\/radioinfinitagoya.com.ar\/v1\/wp-content\/uploads\/2026\/09\/imagenes-notas-a24-2026-09-03t121038015.webp","datePublished":"2026-09-03T17:38:51+00:00","description":"\"No es bueno para nosotros\" Franco Colapinto estrena paquete de mejoras en Monza, pero advierte que el calor extremo y el reglamento complicar\u00e1n a Alpine.","breadcrumb":{"@id":"https:\/\/radioinfinitagoya.com.ar\/v1\/2026\/09\/03\/la-inesperada-advertencia-de-franco-colapinto-antes-del-gp-de-italia\/#breadcrumb"},"inLanguage":"es-AR","potentialAction":[{"@type":"ReadAction","target":["https:\/\/radioinfinitagoya.com.ar\/v1\/2026\/09\/03\/la-inesperada-advertencia-de-franco-colapinto-antes-del-gp-de-italia\/"]}]},{"@type":"ImageObject","inLanguage":"es-AR","@id":"https:\/\/radioinfinitagoya.com.ar\/v1\/2026\/09\/03\/la-inesperada-advertencia-de-franco-colapinto-antes-del-gp-de-italia\/#primaryimage","url":"https:\/\/radioinfinitagoya.com.ar\/v1\/wp-content\/uploads\/2026\/09\/imagenes-notas-a24-2026-09-03t121038015.webp","contentUrl":"https:\/\/radioinfinitagoya.com.ar\/v1\/wp-content\/uploads\/2026\/09\/imagenes-notas-a24-2026-09-03t121038015.webp","width":1200,"height":675},{"@type":"BreadcrumbList","@id":"https:\/\/radioinfinitagoya.com.ar\/v1\/2026\/09\/03\/la-inesperada-advertencia-de-franco-colapinto-antes-del-gp-de-italia\/#breadcrumb","itemListElement":[{"@type":"ListItem","position":1,"name":"Inicio","item":"https:\/\/radioinfinitagoya.com.ar\/v1\/"},{"@type":"ListItem","position":2,"name":"la inesperada advertencia de Franco Colapinto antes del GP de Italia"}]},{"@type":"WebSite","@id":"https:\/\/radioinfinitagoya.com.ar\/v1\/#website","url":"https:\/\/radioinfinitagoya.com.ar\/v1\/","name":"radioinfinitagoya.com.ar","description":"Radio de noticias","publisher":{"@id":"https:\/\/radioinfinitagoya.com.ar\/v1\/#organization"},"potentialAction":[{"@type":"SearchAction","target":{"@type":"EntryPoint","urlTemplate":"https:\/\/radioinfinitagoya.com.ar\/v1\/?s={search_term_string}"},"query-input":{"@type":"PropertyValueSpecification","valueRequired":true,"valueName":"search_term_string"}}],"inLanguage":"es-AR"},{"@type":"Organization","@id":"https:\/\/radioinfinitagoya.com.ar\/v1\/#organization","name":"Radio Infinita Goya","url":"https:\/\/radioinfinitagoya.com.ar\/v1\/","logo":{"@type":"ImageObject","inLanguage":"es-AR","@id":"https:\/\/radioinfinitagoya.com.ar\/v1\/#\/schema\/logo\/image\/","url":"https:\/\/radioinfinitagoya.com.ar\/v1\/wp-content\/uploads\/2019\/11\/logo-pie-web.png","contentUrl":"https:\/\/radioinfinitagoya.com.ar\/v1\/wp-content\/uploads\/2019\/11\/logo-pie-web.png","width":635,"height":326,"caption":"Radio Infinita Goya"},"image":{"@id":"https:\/\/radioinfinitagoya.com.ar\/v1\/#\/schema\/logo\/image\/"},"sameAs":["https:\/\/www.facebook.com\/p\/Infinita-Goya-100063870918311\/"]},{"@type":"Person","@id":"https:\/\/radioinfinitagoya.com.ar\/v1\/#\/schema\/person\/d4cf9c413d4f6edb24aabdccab49ca4a","name":"Jorge Mi\u00f1o","image":{"@type":"ImageObject","inLanguage":"es-AR","@id":"https:\/\/secure.gravatar.com\/avatar\/910fcf6728fe95320e07a6643c1581fec1c7fc4bf8ae12e3d8f0d0373dc844be?s=96&d=mm&r=g","url":"https:\/\/secure.gravatar.com\/avatar\/910fcf6728fe95320e07a6643c1581fec1c7fc4bf8ae12e3d8f0d0373dc844be?s=96&d=mm&r=g","contentUrl":"https:\/\/secure.gravatar.com\/avatar\/910fcf6728fe95320e07a6643c1581fec1c7fc4bf8ae12e3d8f0d0373dc844be?s=96&d=mm&r=g","caption":"Jorge Mi\u00f1o"},"sameAs":["http:\/\/radioinfinitagoya.com.ar"]}]}},"_links":{"self":[{"href":"https:\/\/radioinfinitagoya.com.ar\/v1\/wp-json\/wp\/v2\/posts\/226630","targetHints":{"allow":["GET"]}}],"collection":[{"href":"https:\/\/radioinfinitagoya.com.ar\/v1\/wp-json\/wp\/v2\/posts"}],"about":[{"href":"https:\/\/radioinfinitagoya.com.ar\/v1\/wp-json\/wp\/v2\/types\/post"}],"author":[{"embeddable":true,"href":"https:\/\/radioinfinitagoya.com.ar\/v1\/wp-json\/wp\/v2\/users\/4"}],"replies":[{"embeddable":true,"href":"https:\/\/radioinfinitagoya.com.ar\/v1\/wp-json\/wp\/v2\/comments?post=226630"}],"version-history":[{"count":1,"href":"https:\/\/radioinfinitagoya.com.ar\/v1\/wp-json\/wp\/v2\/posts\/226630\/revisions"}],"predecessor-version":[{"id":226632,"href":"https:\/\/radioinfinitagoya.com.ar\/v1\/wp-json\/wp\/v2\/posts\/226630\/revisions\/226632"}],"wp:featuredmedia":[{"embeddable":true,"href":"https:\/\/radioinfinitagoya.com.ar\/v1\/wp-json\/wp\/v2\/media\/226631"}],"wp:attachment":[{"href":"https:\/\/radioinfinitagoya.com.ar\/v1\/wp-json\/wp\/v2\/media?parent=226630"}],"wp:term":[{"taxonomy":"category","embeddable":true,"href":"https:\/\/radioinfinitagoya.com.ar\/v1\/wp-json\/wp\/v2\/categories?post=226630"},{"taxonomy":"post_tag","embeddable":true,"href":"https:\/\/radioinfinitagoya.com.ar\/v1\/wp-json\/wp\/v2\/tags?post=226630"}],"curies":[{"name":"wp","href":"https:\/\/api.w.org\/{rel}","templated":true}]}}