{"id":226633,"date":"2026-09-03T14:44:43","date_gmt":"2026-09-03T17:44:43","guid":{"rendered":"https:\/\/radioinfinitagoya.com.ar\/v1\/?p=226633"},"modified":"2026-09-03T14:44:43","modified_gmt":"2026-09-03T17:44:43","slug":"gran-preocupacion-en-boca-juniors-por-leandro-paredes","status":"publish","type":"post","link":"https:\/\/radioinfinitagoya.com.ar\/v1\/2026\/09\/03\/gran-preocupacion-en-boca-juniors-por-leandro-paredes\/","title":{"rendered":"Gran preocupaci\u00f3n en Boca Juniors por Leandro Paredes"},"content":{"rendered":"<p>Qu\u00e9 tiene el capit\u00e1n y cu\u00e1ndo podr\u00eda volver a jugar<\/p>\n<p>Leandro Paredes sufri\u00f3 una lesi\u00f3n ante V\u00e9lez, no jugar\u00e1 con Gimnasia de Mendoza y \u00bfse pierde el duelo con San Pablo?<\/p>\n<p>La dram\u00e1tica clasificaci\u00f3n en los penales ante V\u00e9lez Sarsfield dej\u00f3 una sensaci\u00f3n agridulce en el mundo Boca. Si bien la algarab\u00eda por la victoria, el pase a los cuartos de final de la Copa Argentina y la confirmaci\u00f3n de seguir con vida en todos los frentes generaron un clima de festejo, la alegr\u00eda no pudo ser completa. La preocupaci\u00f3n se encendi\u00f3 tras la salida de Leandro Paredes, quien solicit\u00f3 el cambio minutos antes de la definici\u00f3n por una molestia en el isquiotibial izquierdo, encendiendo las alarmas del cuerpo t\u00e9cnico.<\/p>\n<p>El volante central y capit\u00e1n del equipo sinti\u00f3 el desgaste en la misma zona que se hab\u00eda lesionado semanas atr\u00e1s frente a Platense, dolencia que en su momento le impidi\u00f3 disputar la vuelta contra Recoleta por la Copa Sudamericana y el cl\u00e1sico del torneo local ante Racing. Puertas adentro se\u00f1alan que es una molestia que &#8220;va y viene&#8221;, por lo que la prioridad absoluta del cuerpo m\u00e9dico pasa por diagramar una recuperaci\u00f3n intensiva para que el volante pueda estar presente frente a San Pablo.<\/p>\n<p>Cu\u00e1l es el parte m\u00e9dico de Leandro Paredes tras el partido ante V\u00e9lez<\/p>\n<p>Llevando tranquilidad tras el encuentro disputado en C\u00f3rdoba, el entrenador Rodolfo Arruabarrena indic\u00f3 en conferencia de prensa que la dolencia no representaba &#8220;nadagrave&#8221;. La informaci\u00f3n recabada el d\u00eda despu\u00e9s del triunfo confirm\u00f3 que se trata de una contractura en el isquiotibial izquierdo y, en principio, no habr\u00eda una lesi\u00f3n muscular de gravedad.<\/p>\n<p>Debido a esto, la delegaci\u00f3n xeneize no tiene previstos estudios m\u00e9dicos de control para el futbolista. Pese a la molestia f\u00edsica, Paredes integrar\u00e1 la n\u00f3mina de futbolistas que viajar\u00e1 desde C\u00f3rdoba rumbo a Mendoza de cara al pr\u00f3ximo compromiso del equipo, aunque se mantendr\u00e1 al margen de la competencia para no agravar el cuadro.<\/p>\n<p>Cu\u00e1ndo vuelve a jugar Leandro Paredes y qu\u00e9 partidos se perder\u00e1 en Boca<\/p>\n<p>Como medida de precauci\u00f3n, el mediocampista campe\u00f3n del mundo ser\u00e1 preservado y no sumar\u00e1 minutos este s\u00e1bado por la octava fecha del Torneo Clausura frente a Gimnasia y Esgrima de Mendoza. El objetivo central del cuerpo t\u00e9cnico es evitar riesgos innecesarios para contar con el capit\u00e1n en los cuartos de final de la Copa Sudamericana, cuyo cruce de ida ante San Pablo est\u00e1 programado para el martes a las 21.30 en La Bombonera.<\/p>\n<p>Aunque el apretado calendario y la seguidilla de encuentros dificultan que llegue al ciento por ciento de sus condiciones f\u00edsicas, en la Ribera conf\u00edan en que el referente podr\u00e1 decir presente ante el Tricolor. Respecto a la exigencia del volante, Arruabarrena detall\u00f3 el esfuerzo de su dirigido: \u201cTuvo un aviso. Es inteligente, hizo se\u00f1as, pero nada grave. Tuvo mucho despliegue. Fue para arriba, para abajo. Hubo situaciones en las cuales tuvo que defender y se siente. Llevamos much\u00edsimos partidos\u201d<\/p>\n<p>&nbsp;<\/p>\n","protected":false},"excerpt":{"rendered":"<p>Qu\u00e9 tiene el capit\u00e1n y cu\u00e1ndo podr\u00eda volver a jugar Leandro Paredes sufri\u00f3 una lesi\u00f3n ante V\u00e9lez, no jugar\u00e1 con Gimnasia de Mendoza y \u00bfse pierde el duelo con San Pablo? La dram\u00e1tica clasificaci\u00f3n en los penales ante V\u00e9lez Sarsfield dej\u00f3 una sensaci\u00f3n agridulce en el mundo Boca. Si bien la algarab\u00eda por la victoria, [&hellip;]<\/p>\n","protected":false},"author":4,"featured_media":226634,"comment_status":"open","ping_status":"open","sticky":false,"template":"","format":"standard","meta":{"_joinchat":[],"footnotes":""},"categories":[28],"tags":[],"class_list":["post-226633","post","type-post","status-publish","format-standard","has-post-thumbnail","category-deportes"],"yoast_head":"<!-- This site is optimized with the Yoast SEO plugin v27.7 - https:\/\/yoast.com\/product\/yoast-seo-wordpress\/ -->\n<title>Gran preocupaci\u00f3n en Boca Juniors por Leandro Paredes - Radio Infinita Goya<\/title>\n<meta name=\"description\" content=\"Qu\u00e9 tiene el capit\u00e1n y cu\u00e1ndo podr\u00eda volver a jugar Leandro Paredes sufri\u00f3 una lesi\u00f3n ante V\u00e9lez, no jugar\u00e1 con Gimnasia de Mendoza y \u00bfse pierde el duelo\" \/>\n<meta name=\"robots\" content=\"index, follow, max-snippet:-1, max-image-preview:large, max-video-preview:-1\" \/>\n<link rel=\"canonical\" href=\"https:\/\/radioinfinitagoya.com.ar\/v1\/2026\/09\/03\/gran-preocupacion-en-boca-juniors-por-leandro-paredes\/\" \/>\n<meta property=\"og:locale\" content=\"es_ES\" \/>\n<meta property=\"og:type\" content=\"article\" \/>\n<meta property=\"og:title\" content=\"Gran preocupaci\u00f3n en Boca Juniors por Leandro Paredes - Radio Infinita Goya\" \/>\n<meta property=\"og:description\" content=\"Qu\u00e9 tiene el capit\u00e1n y cu\u00e1ndo podr\u00eda volver a jugar Leandro Paredes sufri\u00f3 una lesi\u00f3n ante V\u00e9lez, no jugar\u00e1 con Gimnasia de Mendoza y \u00bfse pierde el duelo\" \/>\n<meta property=\"og:url\" content=\"https:\/\/radioinfinitagoya.com.ar\/v1\/2026\/09\/03\/gran-preocupacion-en-boca-juniors-por-leandro-paredes\/\" \/>\n<meta property=\"og:site_name\" content=\"Radio Infinita Goya\" \/>\n<meta property=\"article:publisher\" content=\"https:\/\/www.facebook.com\/p\/Infinita-Goya-100063870918311\/\" \/>\n<meta property=\"article:published_time\" content=\"2026-09-03T17:44:43+00:00\" \/>\n<meta property=\"og:image\" content=\"https:\/\/radioinfinitagoya.com.ar\/v1\/wp-content\/uploads\/2026\/09\/imagenes-notas-a24-2026-09-03t134829026.webp\" \/>\n\t<meta property=\"og:image:width\" content=\"1200\" \/>\n\t<meta property=\"og:image:height\" content=\"675\" \/>\n\t<meta property=\"og:image:type\" content=\"image\/webp\" \/>\n<meta name=\"author\" content=\"Jorge Mi\u00f1o\" \/>\n<meta name=\"twitter:card\" content=\"summary_large_image\" \/>\n<meta name=\"twitter:label1\" content=\"Escrito por\" \/>\n\t<meta name=\"twitter:data1\" content=\"Jorge Mi\u00f1o\" \/>\n\t<meta name=\"twitter:label2\" content=\"Tiempo de lectura\" \/>\n\t<meta name=\"twitter:data2\" content=\"3 minutos\" \/>\n<script type=\"application\/ld+json\" class=\"yoast-schema-graph\">{\"@context\":\"https:\\\/\\\/schema.org\",\"@graph\":[{\"@type\":\"Article\",\"@id\":\"https:\\\/\\\/radioinfinitagoya.com.ar\\\/v1\\\/2026\\\/09\\\/03\\\/gran-preocupacion-en-boca-juniors-por-leandro-paredes\\\/#article\",\"isPartOf\":{\"@id\":\"https:\\\/\\\/radioinfinitagoya.com.ar\\\/v1\\\/2026\\\/09\\\/03\\\/gran-preocupacion-en-boca-juniors-por-leandro-paredes\\\/\"},\"author\":{\"name\":\"Jorge Mi\u00f1o\",\"@id\":\"https:\\\/\\\/radioinfinitagoya.com.ar\\\/v1\\\/#\\\/schema\\\/person\\\/d4cf9c413d4f6edb24aabdccab49ca4a\"},\"headline\":\"Gran preocupaci\u00f3n en Boca Juniors por Leandro Paredes\",\"datePublished\":\"2026-09-03T17:44:43+00:00\",\"mainEntityOfPage\":{\"@id\":\"https:\\\/\\\/radioinfinitagoya.com.ar\\\/v1\\\/2026\\\/09\\\/03\\\/gran-preocupacion-en-boca-juniors-por-leandro-paredes\\\/\"},\"wordCount\":544,\"commentCount\":0,\"publisher\":{\"@id\":\"https:\\\/\\\/radioinfinitagoya.com.ar\\\/v1\\\/#organization\"},\"image\":{\"@id\":\"https:\\\/\\\/radioinfinitagoya.com.ar\\\/v1\\\/2026\\\/09\\\/03\\\/gran-preocupacion-en-boca-juniors-por-leandro-paredes\\\/#primaryimage\"},\"thumbnailUrl\":\"https:\\\/\\\/radioinfinitagoya.com.ar\\\/v1\\\/wp-content\\\/uploads\\\/2026\\\/09\\\/imagenes-notas-a24-2026-09-03t134829026.webp\",\"articleSection\":[\"DEPORTES\"],\"inLanguage\":\"es-AR\",\"potentialAction\":[{\"@type\":\"CommentAction\",\"name\":\"Comment\",\"target\":[\"https:\\\/\\\/radioinfinitagoya.com.ar\\\/v1\\\/2026\\\/09\\\/03\\\/gran-preocupacion-en-boca-juniors-por-leandro-paredes\\\/#respond\"]}]},{\"@type\":\"WebPage\",\"@id\":\"https:\\\/\\\/radioinfinitagoya.com.ar\\\/v1\\\/2026\\\/09\\\/03\\\/gran-preocupacion-en-boca-juniors-por-leandro-paredes\\\/\",\"url\":\"https:\\\/\\\/radioinfinitagoya.com.ar\\\/v1\\\/2026\\\/09\\\/03\\\/gran-preocupacion-en-boca-juniors-por-leandro-paredes\\\/\",\"name\":\"Gran preocupaci\u00f3n en Boca Juniors por Leandro Paredes - Radio Infinita Goya\",\"isPartOf\":{\"@id\":\"https:\\\/\\\/radioinfinitagoya.com.ar\\\/v1\\\/#website\"},\"primaryImageOfPage\":{\"@id\":\"https:\\\/\\\/radioinfinitagoya.com.ar\\\/v1\\\/2026\\\/09\\\/03\\\/gran-preocupacion-en-boca-juniors-por-leandro-paredes\\\/#primaryimage\"},\"image\":{\"@id\":\"https:\\\/\\\/radioinfinitagoya.com.ar\\\/v1\\\/2026\\\/09\\\/03\\\/gran-preocupacion-en-boca-juniors-por-leandro-paredes\\\/#primaryimage\"},\"thumbnailUrl\":\"https:\\\/\\\/radioinfinitagoya.com.ar\\\/v1\\\/wp-content\\\/uploads\\\/2026\\\/09\\\/imagenes-notas-a24-2026-09-03t134829026.webp\",\"datePublished\":\"2026-09-03T17:44:43+00:00\",\"description\":\"Qu\u00e9 tiene el capit\u00e1n y cu\u00e1ndo podr\u00eda volver a jugar Leandro Paredes sufri\u00f3 una lesi\u00f3n ante V\u00e9lez, no jugar\u00e1 con Gimnasia de Mendoza y \u00bfse pierde el duelo\",\"breadcrumb\":{\"@id\":\"https:\\\/\\\/radioinfinitagoya.com.ar\\\/v1\\\/2026\\\/09\\\/03\\\/gran-preocupacion-en-boca-juniors-por-leandro-paredes\\\/#breadcrumb\"},\"inLanguage\":\"es-AR\",\"potentialAction\":[{\"@type\":\"ReadAction\",\"target\":[\"https:\\\/\\\/radioinfinitagoya.com.ar\\\/v1\\\/2026\\\/09\\\/03\\\/gran-preocupacion-en-boca-juniors-por-leandro-paredes\\\/\"]}]},{\"@type\":\"ImageObject\",\"inLanguage\":\"es-AR\",\"@id\":\"https:\\\/\\\/radioinfinitagoya.com.ar\\\/v1\\\/2026\\\/09\\\/03\\\/gran-preocupacion-en-boca-juniors-por-leandro-paredes\\\/#primaryimage\",\"url\":\"https:\\\/\\\/radioinfinitagoya.com.ar\\\/v1\\\/wp-content\\\/uploads\\\/2026\\\/09\\\/imagenes-notas-a24-2026-09-03t134829026.webp\",\"contentUrl\":\"https:\\\/\\\/radioinfinitagoya.com.ar\\\/v1\\\/wp-content\\\/uploads\\\/2026\\\/09\\\/imagenes-notas-a24-2026-09-03t134829026.webp\",\"width\":1200,\"height\":675},{\"@type\":\"BreadcrumbList\",\"@id\":\"https:\\\/\\\/radioinfinitagoya.com.ar\\\/v1\\\/2026\\\/09\\\/03\\\/gran-preocupacion-en-boca-juniors-por-leandro-paredes\\\/#breadcrumb\",\"itemListElement\":[{\"@type\":\"ListItem\",\"position\":1,\"name\":\"Inicio\",\"item\":\"https:\\\/\\\/radioinfinitagoya.com.ar\\\/v1\\\/\"},{\"@type\":\"ListItem\",\"position\":2,\"name\":\"Gran preocupaci\u00f3n en Boca Juniors por Leandro Paredes\"}]},{\"@type\":\"WebSite\",\"@id\":\"https:\\\/\\\/radioinfinitagoya.com.ar\\\/v1\\\/#website\",\"url\":\"https:\\\/\\\/radioinfinitagoya.com.ar\\\/v1\\\/\",\"name\":\"radioinfinitagoya.com.ar\",\"description\":\"Radio de noticias\",\"publisher\":{\"@id\":\"https:\\\/\\\/radioinfinitagoya.com.ar\\\/v1\\\/#organization\"},\"potentialAction\":[{\"@type\":\"SearchAction\",\"target\":{\"@type\":\"EntryPoint\",\"urlTemplate\":\"https:\\\/\\\/radioinfinitagoya.com.ar\\\/v1\\\/?s={search_term_string}\"},\"query-input\":{\"@type\":\"PropertyValueSpecification\",\"valueRequired\":true,\"valueName\":\"search_term_string\"}}],\"inLanguage\":\"es-AR\"},{\"@type\":\"Organization\",\"@id\":\"https:\\\/\\\/radioinfinitagoya.com.ar\\\/v1\\\/#organization\",\"name\":\"Radio Infinita Goya\",\"url\":\"https:\\\/\\\/radioinfinitagoya.com.ar\\\/v1\\\/\",\"logo\":{\"@type\":\"ImageObject\",\"inLanguage\":\"es-AR\",\"@id\":\"https:\\\/\\\/radioinfinitagoya.com.ar\\\/v1\\\/#\\\/schema\\\/logo\\\/image\\\/\",\"url\":\"https:\\\/\\\/radioinfinitagoya.com.ar\\\/v1\\\/wp-content\\\/uploads\\\/2019\\\/11\\\/logo-pie-web.png\",\"contentUrl\":\"https:\\\/\\\/radioinfinitagoya.com.ar\\\/v1\\\/wp-content\\\/uploads\\\/2019\\\/11\\\/logo-pie-web.png\",\"width\":635,\"height\":326,\"caption\":\"Radio Infinita Goya\"},\"image\":{\"@id\":\"https:\\\/\\\/radioinfinitagoya.com.ar\\\/v1\\\/#\\\/schema\\\/logo\\\/image\\\/\"},\"sameAs\":[\"https:\\\/\\\/www.facebook.com\\\/p\\\/Infinita-Goya-100063870918311\\\/\"]},{\"@type\":\"Person\",\"@id\":\"https:\\\/\\\/radioinfinitagoya.com.ar\\\/v1\\\/#\\\/schema\\\/person\\\/d4cf9c413d4f6edb24aabdccab49ca4a\",\"name\":\"Jorge Mi\u00f1o\",\"image\":{\"@type\":\"ImageObject\",\"inLanguage\":\"es-AR\",\"@id\":\"https:\\\/\\\/secure.gravatar.com\\\/avatar\\\/910fcf6728fe95320e07a6643c1581fec1c7fc4bf8ae12e3d8f0d0373dc844be?s=96&d=mm&r=g\",\"url\":\"https:\\\/\\\/secure.gravatar.com\\\/avatar\\\/910fcf6728fe95320e07a6643c1581fec1c7fc4bf8ae12e3d8f0d0373dc844be?s=96&d=mm&r=g\",\"contentUrl\":\"https:\\\/\\\/secure.gravatar.com\\\/avatar\\\/910fcf6728fe95320e07a6643c1581fec1c7fc4bf8ae12e3d8f0d0373dc844be?s=96&d=mm&r=g\",\"caption\":\"Jorge Mi\u00f1o\"},\"sameAs\":[\"http:\\\/\\\/radioinfinitagoya.com.ar\"]}]}<\/script>\n<!-- \/ Yoast SEO plugin. -->","yoast_head_json":{"title":"Gran preocupaci\u00f3n en Boca Juniors por Leandro Paredes - Radio Infinita Goya","description":"Qu\u00e9 tiene el capit\u00e1n y cu\u00e1ndo podr\u00eda volver a jugar Leandro Paredes sufri\u00f3 una lesi\u00f3n ante V\u00e9lez, no jugar\u00e1 con Gimnasia de Mendoza y \u00bfse pierde el duelo","robots":{"index":"index","follow":"follow","max-snippet":"max-snippet:-1","max-image-preview":"max-image-preview:large","max-video-preview":"max-video-preview:-1"},"canonical":"https:\/\/radioinfinitagoya.com.ar\/v1\/2026\/09\/03\/gran-preocupacion-en-boca-juniors-por-leandro-paredes\/","og_locale":"es_ES","og_type":"article","og_title":"Gran preocupaci\u00f3n en Boca Juniors por Leandro Paredes - Radio Infinita Goya","og_description":"Qu\u00e9 tiene el capit\u00e1n y cu\u00e1ndo podr\u00eda volver a jugar Leandro Paredes sufri\u00f3 una lesi\u00f3n ante V\u00e9lez, no jugar\u00e1 con Gimnasia de Mendoza y \u00bfse pierde el duelo","og_url":"https:\/\/radioinfinitagoya.com.ar\/v1\/2026\/09\/03\/gran-preocupacion-en-boca-juniors-por-leandro-paredes\/","og_site_name":"Radio Infinita Goya","article_publisher":"https:\/\/www.facebook.com\/p\/Infinita-Goya-100063870918311\/","article_published_time":"2026-09-03T17:44:43+00:00","og_image":[{"width":1200,"height":675,"url":"https:\/\/radioinfinitagoya.com.ar\/v1\/wp-content\/uploads\/2026\/09\/imagenes-notas-a24-2026-09-03t134829026.webp","type":"image\/webp"}],"author":"Jorge Mi\u00f1o","twitter_card":"summary_large_image","twitter_misc":{"Escrito por":"Jorge Mi\u00f1o","Tiempo de lectura":"3 minutos"},"schema":{"@context":"https:\/\/schema.org","@graph":[{"@type":"Article","@id":"https:\/\/radioinfinitagoya.com.ar\/v1\/2026\/09\/03\/gran-preocupacion-en-boca-juniors-por-leandro-paredes\/#article","isPartOf":{"@id":"https:\/\/radioinfinitagoya.com.ar\/v1\/2026\/09\/03\/gran-preocupacion-en-boca-juniors-por-leandro-paredes\/"},"author":{"name":"Jorge Mi\u00f1o","@id":"https:\/\/radioinfinitagoya.com.ar\/v1\/#\/schema\/person\/d4cf9c413d4f6edb24aabdccab49ca4a"},"headline":"Gran preocupaci\u00f3n en Boca Juniors por Leandro Paredes","datePublished":"2026-09-03T17:44:43+00:00","mainEntityOfPage":{"@id":"https:\/\/radioinfinitagoya.com.ar\/v1\/2026\/09\/03\/gran-preocupacion-en-boca-juniors-por-leandro-paredes\/"},"wordCount":544,"commentCount":0,"publisher":{"@id":"https:\/\/radioinfinitagoya.com.ar\/v1\/#organization"},"image":{"@id":"https:\/\/radioinfinitagoya.com.ar\/v1\/2026\/09\/03\/gran-preocupacion-en-boca-juniors-por-leandro-paredes\/#primaryimage"},"thumbnailUrl":"https:\/\/radioinfinitagoya.com.ar\/v1\/wp-content\/uploads\/2026\/09\/imagenes-notas-a24-2026-09-03t134829026.webp","articleSection":["DEPORTES"],"inLanguage":"es-AR","potentialAction":[{"@type":"CommentAction","name":"Comment","target":["https:\/\/radioinfinitagoya.com.ar\/v1\/2026\/09\/03\/gran-preocupacion-en-boca-juniors-por-leandro-paredes\/#respond"]}]},{"@type":"WebPage","@id":"https:\/\/radioinfinitagoya.com.ar\/v1\/2026\/09\/03\/gran-preocupacion-en-boca-juniors-por-leandro-paredes\/","url":"https:\/\/radioinfinitagoya.com.ar\/v1\/2026\/09\/03\/gran-preocupacion-en-boca-juniors-por-leandro-paredes\/","name":"Gran preocupaci\u00f3n en Boca Juniors por Leandro Paredes - Radio Infinita Goya","isPartOf":{"@id":"https:\/\/radioinfinitagoya.com.ar\/v1\/#website"},"primaryImageOfPage":{"@id":"https:\/\/radioinfinitagoya.com.ar\/v1\/2026\/09\/03\/gran-preocupacion-en-boca-juniors-por-leandro-paredes\/#primaryimage"},"image":{"@id":"https:\/\/radioinfinitagoya.com.ar\/v1\/2026\/09\/03\/gran-preocupacion-en-boca-juniors-por-leandro-paredes\/#primaryimage"},"thumbnailUrl":"https:\/\/radioinfinitagoya.com.ar\/v1\/wp-content\/uploads\/2026\/09\/imagenes-notas-a24-2026-09-03t134829026.webp","datePublished":"2026-09-03T17:44:43+00:00","description":"Qu\u00e9 tiene el capit\u00e1n y cu\u00e1ndo podr\u00eda volver a jugar Leandro Paredes sufri\u00f3 una lesi\u00f3n ante V\u00e9lez, no jugar\u00e1 con Gimnasia de Mendoza y \u00bfse pierde el duelo","breadcrumb":{"@id":"https:\/\/radioinfinitagoya.com.ar\/v1\/2026\/09\/03\/gran-preocupacion-en-boca-juniors-por-leandro-paredes\/#breadcrumb"},"inLanguage":"es-AR","potentialAction":[{"@type":"ReadAction","target":["https:\/\/radioinfinitagoya.com.ar\/v1\/2026\/09\/03\/gran-preocupacion-en-boca-juniors-por-leandro-paredes\/"]}]},{"@type":"ImageObject","inLanguage":"es-AR","@id":"https:\/\/radioinfinitagoya.com.ar\/v1\/2026\/09\/03\/gran-preocupacion-en-boca-juniors-por-leandro-paredes\/#primaryimage","url":"https:\/\/radioinfinitagoya.com.ar\/v1\/wp-content\/uploads\/2026\/09\/imagenes-notas-a24-2026-09-03t134829026.webp","contentUrl":"https:\/\/radioinfinitagoya.com.ar\/v1\/wp-content\/uploads\/2026\/09\/imagenes-notas-a24-2026-09-03t134829026.webp","width":1200,"height":675},{"@type":"BreadcrumbList","@id":"https:\/\/radioinfinitagoya.com.ar\/v1\/2026\/09\/03\/gran-preocupacion-en-boca-juniors-por-leandro-paredes\/#breadcrumb","itemListElement":[{"@type":"ListItem","position":1,"name":"Inicio","item":"https:\/\/radioinfinitagoya.com.ar\/v1\/"},{"@type":"ListItem","position":2,"name":"Gran preocupaci\u00f3n en Boca Juniors por Leandro Paredes"}]},{"@type":"WebSite","@id":"https:\/\/radioinfinitagoya.com.ar\/v1\/#website","url":"https:\/\/radioinfinitagoya.com.ar\/v1\/","name":"radioinfinitagoya.com.ar","description":"Radio de noticias","publisher":{"@id":"https:\/\/radioinfinitagoya.com.ar\/v1\/#organization"},"potentialAction":[{"@type":"SearchAction","target":{"@type":"EntryPoint","urlTemplate":"https:\/\/radioinfinitagoya.com.ar\/v1\/?s={search_term_string}"},"query-input":{"@type":"PropertyValueSpecification","valueRequired":true,"valueName":"search_term_string"}}],"inLanguage":"es-AR"},{"@type":"Organization","@id":"https:\/\/radioinfinitagoya.com.ar\/v1\/#organization","name":"Radio Infinita Goya","url":"https:\/\/radioinfinitagoya.com.ar\/v1\/","logo":{"@type":"ImageObject","inLanguage":"es-AR","@id":"https:\/\/radioinfinitagoya.com.ar\/v1\/#\/schema\/logo\/image\/","url":"https:\/\/radioinfinitagoya.com.ar\/v1\/wp-content\/uploads\/2019\/11\/logo-pie-web.png","contentUrl":"https:\/\/radioinfinitagoya.com.ar\/v1\/wp-content\/uploads\/2019\/11\/logo-pie-web.png","width":635,"height":326,"caption":"Radio Infinita Goya"},"image":{"@id":"https:\/\/radioinfinitagoya.com.ar\/v1\/#\/schema\/logo\/image\/"},"sameAs":["https:\/\/www.facebook.com\/p\/Infinita-Goya-100063870918311\/"]},{"@type":"Person","@id":"https:\/\/radioinfinitagoya.com.ar\/v1\/#\/schema\/person\/d4cf9c413d4f6edb24aabdccab49ca4a","name":"Jorge Mi\u00f1o","image":{"@type":"ImageObject","inLanguage":"es-AR","@id":"https:\/\/secure.gravatar.com\/avatar\/910fcf6728fe95320e07a6643c1581fec1c7fc4bf8ae12e3d8f0d0373dc844be?s=96&d=mm&r=g","url":"https:\/\/secure.gravatar.com\/avatar\/910fcf6728fe95320e07a6643c1581fec1c7fc4bf8ae12e3d8f0d0373dc844be?s=96&d=mm&r=g","contentUrl":"https:\/\/secure.gravatar.com\/avatar\/910fcf6728fe95320e07a6643c1581fec1c7fc4bf8ae12e3d8f0d0373dc844be?s=96&d=mm&r=g","caption":"Jorge Mi\u00f1o"},"sameAs":["http:\/\/radioinfinitagoya.com.ar"]}]}},"_links":{"self":[{"href":"https:\/\/radioinfinitagoya.com.ar\/v1\/wp-json\/wp\/v2\/posts\/226633","targetHints":{"allow":["GET"]}}],"collection":[{"href":"https:\/\/radioinfinitagoya.com.ar\/v1\/wp-json\/wp\/v2\/posts"}],"about":[{"href":"https:\/\/radioinfinitagoya.com.ar\/v1\/wp-json\/wp\/v2\/types\/post"}],"author":[{"embeddable":true,"href":"https:\/\/radioinfinitagoya.com.ar\/v1\/wp-json\/wp\/v2\/users\/4"}],"replies":[{"embeddable":true,"href":"https:\/\/radioinfinitagoya.com.ar\/v1\/wp-json\/wp\/v2\/comments?post=226633"}],"version-history":[{"count":1,"href":"https:\/\/radioinfinitagoya.com.ar\/v1\/wp-json\/wp\/v2\/posts\/226633\/revisions"}],"predecessor-version":[{"id":226635,"href":"https:\/\/radioinfinitagoya.com.ar\/v1\/wp-json\/wp\/v2\/posts\/226633\/revisions\/226635"}],"wp:featuredmedia":[{"embeddable":true,"href":"https:\/\/radioinfinitagoya.com.ar\/v1\/wp-json\/wp\/v2\/media\/226634"}],"wp:attachment":[{"href":"https:\/\/radioinfinitagoya.com.ar\/v1\/wp-json\/wp\/v2\/media?parent=226633"}],"wp:term":[{"taxonomy":"category","embeddable":true,"href":"https:\/\/radioinfinitagoya.com.ar\/v1\/wp-json\/wp\/v2\/categories?post=226633"},{"taxonomy":"post_tag","embeddable":true,"href":"https:\/\/radioinfinitagoya.com.ar\/v1\/wp-json\/wp\/v2\/tags?post=226633"}],"curies":[{"name":"wp","href":"https:\/\/api.w.org\/{rel}","templated":true}]}}