{"id":226639,"date":"2026-09-03T15:24:21","date_gmt":"2026-09-03T18:24:21","guid":{"rendered":"https:\/\/radioinfinitagoya.com.ar\/v1\/?p=226639"},"modified":"2026-09-03T15:24:21","modified_gmt":"2026-09-03T18:24:21","slug":"luque-volvio-a-declarar-por-la-muerte-de-diego-maradona","status":"publish","type":"post","link":"https:\/\/radioinfinitagoya.com.ar\/v1\/2026\/09\/03\/luque-volvio-a-declarar-por-la-muerte-de-diego-maradona\/","title":{"rendered":"Luque volvi\u00f3 a declarar por la muerte de Diego Maradona"},"content":{"rendered":"<p>Y lanz\u00f3 frases que sacudieron el juicio<\/p>\n<p>El neurocirujano apunt\u00f3 contra las conclusiones de los peritos y asegur\u00f3 que el paciente que describieron durante el debate \u201cno es el paciente que nosotros ten\u00edamos\u201d. Qu\u00e9 dijo sobre su v\u00ednculo con Diego.<\/p>\n<p>El juicio por la muerte de Diego Armando Maradona atraviesa una nueva etapa y este jueves comenz\u00f3 a incorporar los primeros testimonios vinculados a las defensas de los profesionales acusados.<\/p>\n<p>Uno de los momentos centrales de la jornada estuvo protagonizado por Leopoldo Luque, quien volvi\u00f3 a declarar ante el tribunal y cuestion\u00f3 duramente las conclusiones de la junta m\u00e9dica que analiz\u00f3 las circunstancias que rodearon la muerte del exfutbolista.<\/p>\n<p>El neurocirujano sostuvo que existe una diferencia entre el estado de salud que describieron los peritos y el paciente que \u00e9l y el resto del equipo m\u00e9dico ve\u00edan durante sus \u00faltimos d\u00edas. \u201cUno est\u00e1 ac\u00e1, escucha y empieza a entender la visi\u00f3n de los que no son m\u00e9dicos\u201d, plante\u00f3 Luque.<\/p>\n<p>Y agreg\u00f3: \u201cEl paciente que describen en la junta m\u00e9dica no es el paciente que nosotros ten\u00edamos\u201d.<\/p>\n<p><img loading=\"lazy\" decoding=\"async\" class=\"alignnone size-full wp-image-226641\" src=\"https:\/\/radioinfinitagoya.com.ar\/v1\/wp-content\/uploads\/2026\/09\/luque.png\" alt=\"\" width=\"600\" height=\"338\" srcset=\"https:\/\/radioinfinitagoya.com.ar\/v1\/wp-content\/uploads\/2026\/09\/luque.png 600w, https:\/\/radioinfinitagoya.com.ar\/v1\/wp-content\/uploads\/2026\/09\/luque-150x85.png 150w\" sizes=\"auto, (max-width: 600px) 100vw, 600px\" \/><\/p>\n<p>Luque cuestion\u00f3 el informe de la junta m\u00e9dica<br \/>\nDurante su declaraci\u00f3n, el m\u00e9dico asegur\u00f3 que las conclusiones de los especialistas construyen un cuadro de salud que, seg\u00fan su mirada, no se correspond\u00eda con lo que observaban en Maradona.<\/p>\n<p>Ante una pregunta de su abogado, Francisco Oneto, sostuvo que si el paciente hubiera presentado el estado de gravedad que figura en el informe, la situaci\u00f3n habr\u00eda sido completamente diferente. \u201cEl paciente que todos escuchamos ac\u00e1 es un paciente que si me dice que me duele el dedo del pie, voy corriendo a verlo\u201d, expres\u00f3.<\/p>\n<p>Tambi\u00e9n cuestion\u00f3 la utilizaci\u00f3n de conversaciones privadas incorporadas a la causa. Seg\u00fan explic\u00f3, existen una gran cantidad de chats que pueden ser interpretados de distintas maneras. \u201cHay como cien mil chats m\u00edos que pueden armar la historia que quieren. Repiten cuatro o cinco mensajes constantemente. Construyen una imagen m\u00eda que no es\u201d, afirm\u00f3.<\/p>\n<p>Qu\u00e9 dijo Luque sobre los \u00faltimos d\u00edas de Maradona<\/p>\n<p>El neurocirujano tambi\u00e9n se refiri\u00f3 al estado en el que encontr\u00f3 a Maradona durante el per\u00edodo posterior a la operaci\u00f3n por el hematoma que ten\u00eda en la cabeza. Seg\u00fan su relato, despu\u00e9s de la intervenci\u00f3n realizada en la Cl\u00ednica Olivos, los m\u00e9dicos consideraron que el exfutbolista se encontraba en condiciones de recibir el alta.<\/p>\n<p>Luque explic\u00f3 que su intenci\u00f3n era que permaneciera internado porque consideraba que de esa manera pod\u00eda ser controlado, especialmente frente al consumo de alcohol. \u201cMi actitud era tratar de contenerlo en la cl\u00ednica, no porque lo viera mal, sino porque sent\u00eda que hab\u00eda que controlarlo\u201d, sostuvo.<\/p>\n<p>El m\u00e9dico asegur\u00f3 que hab\u00eda visitado a Maradona en distintas oportunidades, tanto antes como despu\u00e9s de la operaci\u00f3n. \u201cLo vi bien, otras veces no quiso atenderse por m\u00ed. Yo iba a controlar la herida. Me llam\u00f3 la atenci\u00f3n, se lo dije a Gianinna, que lo vi respirando bien\u201d, relat\u00f3.<\/p>\n<p>Y agreg\u00f3: \u201cJam\u00e1s imagin\u00e9 el final que tuvo, ni se me cruz\u00f3 por la cabeza\u201d.<\/p>\n<p>\u201cYo lo quer\u00eda infinitamente\u201d: la relaci\u00f3n entre Luque y Maradona<br \/>\nEn otro tramo de su declaraci\u00f3n, Luque habl\u00f3 de la relaci\u00f3n personal que manten\u00eda con Maradona y reconoci\u00f3 que no pod\u00eda considerar al exfutbolista como un paciente m\u00e1s. \u201cYo lo quer\u00eda infinitamente. Venir a sentarme ac\u00e1 y decir que era un paciente m\u00e1s es una mentira\u201d, afirm\u00f3.<\/p>\n<p>El m\u00e9dico describi\u00f3 el v\u00ednculo como intenso y marcado por la personalidad del exjugador. \u201cEstar cerca de Diego era hermoso\u201d, expres\u00f3, y cont\u00f3 que Maradona confiaba en \u00e9l en determinados momentos, aunque tambi\u00e9n reconoci\u00f3 que en ocasiones lo hab\u00eda tratado mal.<\/p>\n<p>Luque asegur\u00f3 que esa situaci\u00f3n le generaba frustraci\u00f3n porque sent\u00eda que no siempre pod\u00eda ayudarlo como hubiera querido. \u201cTodos los que estamos ac\u00e1, en este lamentable momento, ninguno tuvo mala intenci\u00f3n. Todos hicimos lo mejor que se pudo\u201d, sostuvo.<\/p>\n<p>C\u00f3mo contin\u00faa el juicio por la muerte de Maradona<br \/>\nLa declaraci\u00f3n de Luque se produce despu\u00e9s de que la Fiscal\u00eda y las querellas finalizaran la presentaci\u00f3n de sus pruebas con los testimonios de Jos\u00e9 Luis Covelli y Ramiro Larrea, integrantes de la junta m\u00e9dica interdisciplinaria.<\/p>\n<p>Ambos profesionales cuestionaron el accionar del equipo que atendi\u00f3 a Maradona y lo calificaron como \u201cinadecuado, deficiente y temerario\u201d.<\/p>\n<p>Seg\u00fan sus conclusiones, despu\u00e9s de la \u00faltima intervenci\u00f3n el exfutbolista deber\u00eda haber sido internado en una instituci\u00f3n m\u00e9dica y no continuar con un tratamiento en un domicilio.<\/p>\n<p>Maradona muri\u00f3 el 25 de noviembre de 2020, mientras se encontraba bajo atenci\u00f3n domiciliaria, pocos d\u00edas despu\u00e9s de haber sido operado por un hematoma subdural.<\/p>\n<p>En el banquillo est\u00e1n acusados siete profesionales de la salud por homicidio simple con dolo eventual: Leopoldo Luque, Agustina Cosachov, Nancy Forlini, Carlos D\u00edaz, Pedro Di Spagna, Mariano Perroni y Ricardo Almir\u00f3n.<\/p>\n<p>La junta m\u00e9dica que intervino en la investigaci\u00f3n fue creada en 2021 y estuvo integrada por peritos oficiales y especialistas vinculados tanto con las defensas como con las querellas.<\/p>\n<p>Durante las \u00faltimas audiencias tambi\u00e9n surgieron cuestionamientos sobre los informes utilizados por ese cuerpo de especialistas. A mediados de agosto, el cardi\u00f3logo Gustavo Di Niro hab\u00eda se\u00f1alado que durante las \u00faltimas semanas de vida de Maradona se hab\u00edan registrado distintos signos que pod\u00edan ser compatibles con una falla card\u00edaca.<\/p>\n<p>Entre ellos mencion\u00f3 acumulaci\u00f3n de l\u00edquido, dificultades respiratorias, alteraciones del estado de conciencia, taquicardia y presi\u00f3n arterial elevada.<\/p>\n<p>En pocas palabras<\/p>\n<p>Luque cuestion\u00f3 a la junta m\u00e9dica en el juicio por la muerte de Diego Maradona, argumentando diferencias con el paciente que describieron.<\/p>\n<p>El neurocirujano afirm\u00f3 que su intenci\u00f3n era contener a Maradona, no que estuviera mal, y que nunca imagin\u00f3 su final.<\/p>\n<p>El juicio avanza con acusaciones contra siete profesionales de la salud por homicidio simple con dolo eventual.<\/p>\n<p>&nbsp;<\/p>\n<p>&nbsp;<\/p>\n<p>&nbsp;<\/p>\n","protected":false},"excerpt":{"rendered":"<p>Y lanz\u00f3 frases que sacudieron el juicio El neurocirujano apunt\u00f3 contra las conclusiones de los peritos y asegur\u00f3 que el paciente que describieron durante el debate \u201cno es el paciente que nosotros ten\u00edamos\u201d. Qu\u00e9 dijo sobre su v\u00ednculo con Diego. El juicio por la muerte de Diego Armando Maradona atraviesa una nueva etapa y este [&hellip;]<\/p>\n","protected":false},"author":4,"featured_media":226640,"comment_status":"open","ping_status":"open","sticky":false,"template":"","format":"standard","meta":{"_joinchat":[],"footnotes":""},"categories":[29],"tags":[],"class_list":["post-226639","post","type-post","status-publish","format-standard","has-post-thumbnail","category-nacionales"],"yoast_head":"<!-- This site is optimized with the Yoast SEO plugin v27.7 - https:\/\/yoast.com\/product\/yoast-seo-wordpress\/ -->\n<title>Luque volvi\u00f3 a declarar por la muerte de Diego Maradona - Radio Infinita Goya<\/title>\n<meta name=\"description\" content=\"Y lanz\u00f3 frases que sacudieron el juicio El neurocirujano apunt\u00f3 contra las conclusiones de los peritos y asegur\u00f3 que el paciente que describieron durante\" \/>\n<meta name=\"robots\" content=\"index, follow, max-snippet:-1, max-image-preview:large, max-video-preview:-1\" \/>\n<link rel=\"canonical\" href=\"https:\/\/radioinfinitagoya.com.ar\/v1\/2026\/09\/03\/luque-volvio-a-declarar-por-la-muerte-de-diego-maradona\/\" \/>\n<meta property=\"og:locale\" content=\"es_ES\" \/>\n<meta property=\"og:type\" content=\"article\" \/>\n<meta property=\"og:title\" content=\"Luque volvi\u00f3 a declarar por la muerte de Diego Maradona - Radio Infinita Goya\" \/>\n<meta property=\"og:description\" content=\"Y lanz\u00f3 frases que sacudieron el juicio El neurocirujano apunt\u00f3 contra las conclusiones de los peritos y asegur\u00f3 que el paciente que describieron durante\" \/>\n<meta property=\"og:url\" content=\"https:\/\/radioinfinitagoya.com.ar\/v1\/2026\/09\/03\/luque-volvio-a-declarar-por-la-muerte-de-diego-maradona\/\" \/>\n<meta property=\"og:site_name\" content=\"Radio Infinita Goya\" \/>\n<meta property=\"article:publisher\" content=\"https:\/\/www.facebook.com\/p\/Infinita-Goya-100063870918311\/\" \/>\n<meta property=\"article:published_time\" content=\"2026-09-03T18:24:21+00:00\" \/>\n<meta property=\"og:image\" content=\"https:\/\/radioinfinitagoya.com.ar\/v1\/wp-content\/uploads\/2026\/09\/luque.webp\" \/>\n\t<meta property=\"og:image:width\" content=\"1200\" \/>\n\t<meta property=\"og:image:height\" content=\"675\" \/>\n\t<meta property=\"og:image:type\" content=\"image\/webp\" \/>\n<meta name=\"author\" content=\"Jorge Mi\u00f1o\" \/>\n<meta name=\"twitter:card\" content=\"summary_large_image\" \/>\n<meta name=\"twitter:label1\" content=\"Escrito por\" \/>\n\t<meta name=\"twitter:data1\" content=\"Jorge Mi\u00f1o\" \/>\n\t<meta name=\"twitter:label2\" content=\"Tiempo de lectura\" \/>\n\t<meta name=\"twitter:data2\" content=\"5 minutos\" \/>\n<script type=\"application\/ld+json\" class=\"yoast-schema-graph\">{\"@context\":\"https:\\\/\\\/schema.org\",\"@graph\":[{\"@type\":\"Article\",\"@id\":\"https:\\\/\\\/radioinfinitagoya.com.ar\\\/v1\\\/2026\\\/09\\\/03\\\/luque-volvio-a-declarar-por-la-muerte-de-diego-maradona\\\/#article\",\"isPartOf\":{\"@id\":\"https:\\\/\\\/radioinfinitagoya.com.ar\\\/v1\\\/2026\\\/09\\\/03\\\/luque-volvio-a-declarar-por-la-muerte-de-diego-maradona\\\/\"},\"author\":{\"name\":\"Jorge Mi\u00f1o\",\"@id\":\"https:\\\/\\\/radioinfinitagoya.com.ar\\\/v1\\\/#\\\/schema\\\/person\\\/d4cf9c413d4f6edb24aabdccab49ca4a\"},\"headline\":\"Luque volvi\u00f3 a declarar por la muerte de Diego Maradona\",\"datePublished\":\"2026-09-03T18:24:21+00:00\",\"mainEntityOfPage\":{\"@id\":\"https:\\\/\\\/radioinfinitagoya.com.ar\\\/v1\\\/2026\\\/09\\\/03\\\/luque-volvio-a-declarar-por-la-muerte-de-diego-maradona\\\/\"},\"wordCount\":1042,\"commentCount\":0,\"publisher\":{\"@id\":\"https:\\\/\\\/radioinfinitagoya.com.ar\\\/v1\\\/#organization\"},\"image\":{\"@id\":\"https:\\\/\\\/radioinfinitagoya.com.ar\\\/v1\\\/2026\\\/09\\\/03\\\/luque-volvio-a-declarar-por-la-muerte-de-diego-maradona\\\/#primaryimage\"},\"thumbnailUrl\":\"https:\\\/\\\/radioinfinitagoya.com.ar\\\/v1\\\/wp-content\\\/uploads\\\/2026\\\/09\\\/luque.webp\",\"articleSection\":[\"NACIONALES\"],\"inLanguage\":\"es-AR\",\"potentialAction\":[{\"@type\":\"CommentAction\",\"name\":\"Comment\",\"target\":[\"https:\\\/\\\/radioinfinitagoya.com.ar\\\/v1\\\/2026\\\/09\\\/03\\\/luque-volvio-a-declarar-por-la-muerte-de-diego-maradona\\\/#respond\"]}]},{\"@type\":\"WebPage\",\"@id\":\"https:\\\/\\\/radioinfinitagoya.com.ar\\\/v1\\\/2026\\\/09\\\/03\\\/luque-volvio-a-declarar-por-la-muerte-de-diego-maradona\\\/\",\"url\":\"https:\\\/\\\/radioinfinitagoya.com.ar\\\/v1\\\/2026\\\/09\\\/03\\\/luque-volvio-a-declarar-por-la-muerte-de-diego-maradona\\\/\",\"name\":\"Luque volvi\u00f3 a declarar por la muerte de Diego Maradona - Radio Infinita Goya\",\"isPartOf\":{\"@id\":\"https:\\\/\\\/radioinfinitagoya.com.ar\\\/v1\\\/#website\"},\"primaryImageOfPage\":{\"@id\":\"https:\\\/\\\/radioinfinitagoya.com.ar\\\/v1\\\/2026\\\/09\\\/03\\\/luque-volvio-a-declarar-por-la-muerte-de-diego-maradona\\\/#primaryimage\"},\"image\":{\"@id\":\"https:\\\/\\\/radioinfinitagoya.com.ar\\\/v1\\\/2026\\\/09\\\/03\\\/luque-volvio-a-declarar-por-la-muerte-de-diego-maradona\\\/#primaryimage\"},\"thumbnailUrl\":\"https:\\\/\\\/radioinfinitagoya.com.ar\\\/v1\\\/wp-content\\\/uploads\\\/2026\\\/09\\\/luque.webp\",\"datePublished\":\"2026-09-03T18:24:21+00:00\",\"description\":\"Y lanz\u00f3 frases que sacudieron el juicio El neurocirujano apunt\u00f3 contra las conclusiones de los peritos y asegur\u00f3 que el paciente que describieron durante\",\"breadcrumb\":{\"@id\":\"https:\\\/\\\/radioinfinitagoya.com.ar\\\/v1\\\/2026\\\/09\\\/03\\\/luque-volvio-a-declarar-por-la-muerte-de-diego-maradona\\\/#breadcrumb\"},\"inLanguage\":\"es-AR\",\"potentialAction\":[{\"@type\":\"ReadAction\",\"target\":[\"https:\\\/\\\/radioinfinitagoya.com.ar\\\/v1\\\/2026\\\/09\\\/03\\\/luque-volvio-a-declarar-por-la-muerte-de-diego-maradona\\\/\"]}]},{\"@type\":\"ImageObject\",\"inLanguage\":\"es-AR\",\"@id\":\"https:\\\/\\\/radioinfinitagoya.com.ar\\\/v1\\\/2026\\\/09\\\/03\\\/luque-volvio-a-declarar-por-la-muerte-de-diego-maradona\\\/#primaryimage\",\"url\":\"https:\\\/\\\/radioinfinitagoya.com.ar\\\/v1\\\/wp-content\\\/uploads\\\/2026\\\/09\\\/luque.webp\",\"contentUrl\":\"https:\\\/\\\/radioinfinitagoya.com.ar\\\/v1\\\/wp-content\\\/uploads\\\/2026\\\/09\\\/luque.webp\",\"width\":1200,\"height\":675},{\"@type\":\"BreadcrumbList\",\"@id\":\"https:\\\/\\\/radioinfinitagoya.com.ar\\\/v1\\\/2026\\\/09\\\/03\\\/luque-volvio-a-declarar-por-la-muerte-de-diego-maradona\\\/#breadcrumb\",\"itemListElement\":[{\"@type\":\"ListItem\",\"position\":1,\"name\":\"Inicio\",\"item\":\"https:\\\/\\\/radioinfinitagoya.com.ar\\\/v1\\\/\"},{\"@type\":\"ListItem\",\"position\":2,\"name\":\"Luque volvi\u00f3 a declarar por la muerte de Diego Maradona\"}]},{\"@type\":\"WebSite\",\"@id\":\"https:\\\/\\\/radioinfinitagoya.com.ar\\\/v1\\\/#website\",\"url\":\"https:\\\/\\\/radioinfinitagoya.com.ar\\\/v1\\\/\",\"name\":\"radioinfinitagoya.com.ar\",\"description\":\"Radio de noticias\",\"publisher\":{\"@id\":\"https:\\\/\\\/radioinfinitagoya.com.ar\\\/v1\\\/#organization\"},\"potentialAction\":[{\"@type\":\"SearchAction\",\"target\":{\"@type\":\"EntryPoint\",\"urlTemplate\":\"https:\\\/\\\/radioinfinitagoya.com.ar\\\/v1\\\/?s={search_term_string}\"},\"query-input\":{\"@type\":\"PropertyValueSpecification\",\"valueRequired\":true,\"valueName\":\"search_term_string\"}}],\"inLanguage\":\"es-AR\"},{\"@type\":\"Organization\",\"@id\":\"https:\\\/\\\/radioinfinitagoya.com.ar\\\/v1\\\/#organization\",\"name\":\"Radio Infinita Goya\",\"url\":\"https:\\\/\\\/radioinfinitagoya.com.ar\\\/v1\\\/\",\"logo\":{\"@type\":\"ImageObject\",\"inLanguage\":\"es-AR\",\"@id\":\"https:\\\/\\\/radioinfinitagoya.com.ar\\\/v1\\\/#\\\/schema\\\/logo\\\/image\\\/\",\"url\":\"https:\\\/\\\/radioinfinitagoya.com.ar\\\/v1\\\/wp-content\\\/uploads\\\/2019\\\/11\\\/logo-pie-web.png\",\"contentUrl\":\"https:\\\/\\\/radioinfinitagoya.com.ar\\\/v1\\\/wp-content\\\/uploads\\\/2019\\\/11\\\/logo-pie-web.png\",\"width\":635,\"height\":326,\"caption\":\"Radio Infinita Goya\"},\"image\":{\"@id\":\"https:\\\/\\\/radioinfinitagoya.com.ar\\\/v1\\\/#\\\/schema\\\/logo\\\/image\\\/\"},\"sameAs\":[\"https:\\\/\\\/www.facebook.com\\\/p\\\/Infinita-Goya-100063870918311\\\/\"]},{\"@type\":\"Person\",\"@id\":\"https:\\\/\\\/radioinfinitagoya.com.ar\\\/v1\\\/#\\\/schema\\\/person\\\/d4cf9c413d4f6edb24aabdccab49ca4a\",\"name\":\"Jorge Mi\u00f1o\",\"image\":{\"@type\":\"ImageObject\",\"inLanguage\":\"es-AR\",\"@id\":\"https:\\\/\\\/secure.gravatar.com\\\/avatar\\\/910fcf6728fe95320e07a6643c1581fec1c7fc4bf8ae12e3d8f0d0373dc844be?s=96&d=mm&r=g\",\"url\":\"https:\\\/\\\/secure.gravatar.com\\\/avatar\\\/910fcf6728fe95320e07a6643c1581fec1c7fc4bf8ae12e3d8f0d0373dc844be?s=96&d=mm&r=g\",\"contentUrl\":\"https:\\\/\\\/secure.gravatar.com\\\/avatar\\\/910fcf6728fe95320e07a6643c1581fec1c7fc4bf8ae12e3d8f0d0373dc844be?s=96&d=mm&r=g\",\"caption\":\"Jorge Mi\u00f1o\"},\"sameAs\":[\"http:\\\/\\\/radioinfinitagoya.com.ar\"]}]}<\/script>\n<!-- \/ Yoast SEO plugin. -->","yoast_head_json":{"title":"Luque volvi\u00f3 a declarar por la muerte de Diego Maradona - Radio Infinita Goya","description":"Y lanz\u00f3 frases que sacudieron el juicio El neurocirujano apunt\u00f3 contra las conclusiones de los peritos y asegur\u00f3 que el paciente que describieron durante","robots":{"index":"index","follow":"follow","max-snippet":"max-snippet:-1","max-image-preview":"max-image-preview:large","max-video-preview":"max-video-preview:-1"},"canonical":"https:\/\/radioinfinitagoya.com.ar\/v1\/2026\/09\/03\/luque-volvio-a-declarar-por-la-muerte-de-diego-maradona\/","og_locale":"es_ES","og_type":"article","og_title":"Luque volvi\u00f3 a declarar por la muerte de Diego Maradona - Radio Infinita Goya","og_description":"Y lanz\u00f3 frases que sacudieron el juicio El neurocirujano apunt\u00f3 contra las conclusiones de los peritos y asegur\u00f3 que el paciente que describieron durante","og_url":"https:\/\/radioinfinitagoya.com.ar\/v1\/2026\/09\/03\/luque-volvio-a-declarar-por-la-muerte-de-diego-maradona\/","og_site_name":"Radio Infinita Goya","article_publisher":"https:\/\/www.facebook.com\/p\/Infinita-Goya-100063870918311\/","article_published_time":"2026-09-03T18:24:21+00:00","og_image":[{"width":1200,"height":675,"url":"https:\/\/radioinfinitagoya.com.ar\/v1\/wp-content\/uploads\/2026\/09\/luque.webp","type":"image\/webp"}],"author":"Jorge Mi\u00f1o","twitter_card":"summary_large_image","twitter_misc":{"Escrito por":"Jorge Mi\u00f1o","Tiempo de lectura":"5 minutos"},"schema":{"@context":"https:\/\/schema.org","@graph":[{"@type":"Article","@id":"https:\/\/radioinfinitagoya.com.ar\/v1\/2026\/09\/03\/luque-volvio-a-declarar-por-la-muerte-de-diego-maradona\/#article","isPartOf":{"@id":"https:\/\/radioinfinitagoya.com.ar\/v1\/2026\/09\/03\/luque-volvio-a-declarar-por-la-muerte-de-diego-maradona\/"},"author":{"name":"Jorge Mi\u00f1o","@id":"https:\/\/radioinfinitagoya.com.ar\/v1\/#\/schema\/person\/d4cf9c413d4f6edb24aabdccab49ca4a"},"headline":"Luque volvi\u00f3 a declarar por la muerte de Diego Maradona","datePublished":"2026-09-03T18:24:21+00:00","mainEntityOfPage":{"@id":"https:\/\/radioinfinitagoya.com.ar\/v1\/2026\/09\/03\/luque-volvio-a-declarar-por-la-muerte-de-diego-maradona\/"},"wordCount":1042,"commentCount":0,"publisher":{"@id":"https:\/\/radioinfinitagoya.com.ar\/v1\/#organization"},"image":{"@id":"https:\/\/radioinfinitagoya.com.ar\/v1\/2026\/09\/03\/luque-volvio-a-declarar-por-la-muerte-de-diego-maradona\/#primaryimage"},"thumbnailUrl":"https:\/\/radioinfinitagoya.com.ar\/v1\/wp-content\/uploads\/2026\/09\/luque.webp","articleSection":["NACIONALES"],"inLanguage":"es-AR","potentialAction":[{"@type":"CommentAction","name":"Comment","target":["https:\/\/radioinfinitagoya.com.ar\/v1\/2026\/09\/03\/luque-volvio-a-declarar-por-la-muerte-de-diego-maradona\/#respond"]}]},{"@type":"WebPage","@id":"https:\/\/radioinfinitagoya.com.ar\/v1\/2026\/09\/03\/luque-volvio-a-declarar-por-la-muerte-de-diego-maradona\/","url":"https:\/\/radioinfinitagoya.com.ar\/v1\/2026\/09\/03\/luque-volvio-a-declarar-por-la-muerte-de-diego-maradona\/","name":"Luque volvi\u00f3 a declarar por la muerte de Diego Maradona - Radio Infinita Goya","isPartOf":{"@id":"https:\/\/radioinfinitagoya.com.ar\/v1\/#website"},"primaryImageOfPage":{"@id":"https:\/\/radioinfinitagoya.com.ar\/v1\/2026\/09\/03\/luque-volvio-a-declarar-por-la-muerte-de-diego-maradona\/#primaryimage"},"image":{"@id":"https:\/\/radioinfinitagoya.com.ar\/v1\/2026\/09\/03\/luque-volvio-a-declarar-por-la-muerte-de-diego-maradona\/#primaryimage"},"thumbnailUrl":"https:\/\/radioinfinitagoya.com.ar\/v1\/wp-content\/uploads\/2026\/09\/luque.webp","datePublished":"2026-09-03T18:24:21+00:00","description":"Y lanz\u00f3 frases que sacudieron el juicio El neurocirujano apunt\u00f3 contra las conclusiones de los peritos y asegur\u00f3 que el paciente que describieron durante","breadcrumb":{"@id":"https:\/\/radioinfinitagoya.com.ar\/v1\/2026\/09\/03\/luque-volvio-a-declarar-por-la-muerte-de-diego-maradona\/#breadcrumb"},"inLanguage":"es-AR","potentialAction":[{"@type":"ReadAction","target":["https:\/\/radioinfinitagoya.com.ar\/v1\/2026\/09\/03\/luque-volvio-a-declarar-por-la-muerte-de-diego-maradona\/"]}]},{"@type":"ImageObject","inLanguage":"es-AR","@id":"https:\/\/radioinfinitagoya.com.ar\/v1\/2026\/09\/03\/luque-volvio-a-declarar-por-la-muerte-de-diego-maradona\/#primaryimage","url":"https:\/\/radioinfinitagoya.com.ar\/v1\/wp-content\/uploads\/2026\/09\/luque.webp","contentUrl":"https:\/\/radioinfinitagoya.com.ar\/v1\/wp-content\/uploads\/2026\/09\/luque.webp","width":1200,"height":675},{"@type":"BreadcrumbList","@id":"https:\/\/radioinfinitagoya.com.ar\/v1\/2026\/09\/03\/luque-volvio-a-declarar-por-la-muerte-de-diego-maradona\/#breadcrumb","itemListElement":[{"@type":"ListItem","position":1,"name":"Inicio","item":"https:\/\/radioinfinitagoya.com.ar\/v1\/"},{"@type":"ListItem","position":2,"name":"Luque volvi\u00f3 a declarar por la muerte de Diego Maradona"}]},{"@type":"WebSite","@id":"https:\/\/radioinfinitagoya.com.ar\/v1\/#website","url":"https:\/\/radioinfinitagoya.com.ar\/v1\/","name":"radioinfinitagoya.com.ar","description":"Radio de noticias","publisher":{"@id":"https:\/\/radioinfinitagoya.com.ar\/v1\/#organization"},"potentialAction":[{"@type":"SearchAction","target":{"@type":"EntryPoint","urlTemplate":"https:\/\/radioinfinitagoya.com.ar\/v1\/?s={search_term_string}"},"query-input":{"@type":"PropertyValueSpecification","valueRequired":true,"valueName":"search_term_string"}}],"inLanguage":"es-AR"},{"@type":"Organization","@id":"https:\/\/radioinfinitagoya.com.ar\/v1\/#organization","name":"Radio Infinita Goya","url":"https:\/\/radioinfinitagoya.com.ar\/v1\/","logo":{"@type":"ImageObject","inLanguage":"es-AR","@id":"https:\/\/radioinfinitagoya.com.ar\/v1\/#\/schema\/logo\/image\/","url":"https:\/\/radioinfinitagoya.com.ar\/v1\/wp-content\/uploads\/2019\/11\/logo-pie-web.png","contentUrl":"https:\/\/radioinfinitagoya.com.ar\/v1\/wp-content\/uploads\/2019\/11\/logo-pie-web.png","width":635,"height":326,"caption":"Radio Infinita Goya"},"image":{"@id":"https:\/\/radioinfinitagoya.com.ar\/v1\/#\/schema\/logo\/image\/"},"sameAs":["https:\/\/www.facebook.com\/p\/Infinita-Goya-100063870918311\/"]},{"@type":"Person","@id":"https:\/\/radioinfinitagoya.com.ar\/v1\/#\/schema\/person\/d4cf9c413d4f6edb24aabdccab49ca4a","name":"Jorge Mi\u00f1o","image":{"@type":"ImageObject","inLanguage":"es-AR","@id":"https:\/\/secure.gravatar.com\/avatar\/910fcf6728fe95320e07a6643c1581fec1c7fc4bf8ae12e3d8f0d0373dc844be?s=96&d=mm&r=g","url":"https:\/\/secure.gravatar.com\/avatar\/910fcf6728fe95320e07a6643c1581fec1c7fc4bf8ae12e3d8f0d0373dc844be?s=96&d=mm&r=g","contentUrl":"https:\/\/secure.gravatar.com\/avatar\/910fcf6728fe95320e07a6643c1581fec1c7fc4bf8ae12e3d8f0d0373dc844be?s=96&d=mm&r=g","caption":"Jorge Mi\u00f1o"},"sameAs":["http:\/\/radioinfinitagoya.com.ar"]}]}},"_links":{"self":[{"href":"https:\/\/radioinfinitagoya.com.ar\/v1\/wp-json\/wp\/v2\/posts\/226639","targetHints":{"allow":["GET"]}}],"collection":[{"href":"https:\/\/radioinfinitagoya.com.ar\/v1\/wp-json\/wp\/v2\/posts"}],"about":[{"href":"https:\/\/radioinfinitagoya.com.ar\/v1\/wp-json\/wp\/v2\/types\/post"}],"author":[{"embeddable":true,"href":"https:\/\/radioinfinitagoya.com.ar\/v1\/wp-json\/wp\/v2\/users\/4"}],"replies":[{"embeddable":true,"href":"https:\/\/radioinfinitagoya.com.ar\/v1\/wp-json\/wp\/v2\/comments?post=226639"}],"version-history":[{"count":1,"href":"https:\/\/radioinfinitagoya.com.ar\/v1\/wp-json\/wp\/v2\/posts\/226639\/revisions"}],"predecessor-version":[{"id":226642,"href":"https:\/\/radioinfinitagoya.com.ar\/v1\/wp-json\/wp\/v2\/posts\/226639\/revisions\/226642"}],"wp:featuredmedia":[{"embeddable":true,"href":"https:\/\/radioinfinitagoya.com.ar\/v1\/wp-json\/wp\/v2\/media\/226640"}],"wp:attachment":[{"href":"https:\/\/radioinfinitagoya.com.ar\/v1\/wp-json\/wp\/v2\/media?parent=226639"}],"wp:term":[{"taxonomy":"category","embeddable":true,"href":"https:\/\/radioinfinitagoya.com.ar\/v1\/wp-json\/wp\/v2\/categories?post=226639"},{"taxonomy":"post_tag","embeddable":true,"href":"https:\/\/radioinfinitagoya.com.ar\/v1\/wp-json\/wp\/v2\/tags?post=226639"}],"curies":[{"name":"wp","href":"https:\/\/api.w.org\/{rel}","templated":true}]}}