{"id":226646,"date":"2026-09-03T15:31:21","date_gmt":"2026-09-03T18:31:21","guid":{"rendered":"https:\/\/radioinfinitagoya.com.ar\/v1\/?p=226646"},"modified":"2026-09-03T15:31:21","modified_gmt":"2026-09-03T18:31:21","slug":"valdes-encabezo-la-apertura-del-4-congreso-ecoturistico-del-litoral","status":"publish","type":"post","link":"https:\/\/radioinfinitagoya.com.ar\/v1\/2026\/09\/03\/valdes-encabezo-la-apertura-del-4-congreso-ecoturistico-del-litoral\/","title":{"rendered":"Vald\u00e9s encabez\u00f3 la apertura del 4\u00b0 Congreso Ecotur\u00edstico del Litoral"},"content":{"rendered":"<p>El encuentro que cont\u00f3 con 1.300 inscriptos, re\u00fane durante este jueves y viernes a especialistas, funcionarios y referentes del sector para abordar el turismo de naturaleza, la conservaci\u00f3n y el desarrollo sostenible.<\/p>\n<p>Con m\u00e1s de 1.300 participantes, comenz\u00f3 este jueves en el Sal\u00f3n Gran Paran\u00e1 de la ciudad de Corrientes el 4\u00b0 Congreso Ecotur\u00edstico del Litoral, bajo el lema \u201cTurismo Regenera\u201d. La propuesta re\u00fane a referentes nacionales e internacionales para intercambiar experiencias y debatir sobre conservaci\u00f3n, turismo de naturaleza y desarrollo sustentable.<\/p>\n<p><img loading=\"lazy\" decoding=\"async\" class=\"alignnone size-medium wp-image-226648\" src=\"https:\/\/radioinfinitagoya.com.ar\/v1\/wp-content\/uploads\/2026\/09\/imagen-112029-600x400.jpg\" alt=\"\" width=\"600\" height=\"400\" srcset=\"https:\/\/radioinfinitagoya.com.ar\/v1\/wp-content\/uploads\/2026\/09\/imagen-112029-600x400.jpg 600w, https:\/\/radioinfinitagoya.com.ar\/v1\/wp-content\/uploads\/2026\/09\/imagen-112029-150x100.jpg 150w, https:\/\/radioinfinitagoya.com.ar\/v1\/wp-content\/uploads\/2026\/09\/imagen-112029.jpg 614w\" sizes=\"auto, (max-width: 600px) 100vw, 600px\" \/><\/p>\n<p>La agenda t\u00e9cnica aborda ejes centrales como el derecho ambiental, el turismo de naturaleza y las estrategias de valorizaci\u00f3n cultural. La propuesta extiende sus actividades hacia el Parque Camba Cu\u00e1 con la Feria Ecotur\u00edstica. La jornada incluye adem\u00e1s talleres pr\u00e1cticos, rondas de negocios para prestadores del sector y la entrega de reconocimientos.<\/p>\n<p>Durante la apertura, el gobernador Juan Pablo Vald\u00e9s destac\u00f3 la transformaci\u00f3n de los Esteros del Iber\u00e1 y el impacto que tuvo el desarrollo del turismo de naturaleza en las comunidades. En este sentido, se\u00f1al\u00f3 que la conservaci\u00f3n permiti\u00f3 convertir al humedal en un motor econ\u00f3mico para la regi\u00f3n y contribuir a romper con la estacionalidad tur\u00edstica.<\/p>\n<p>Asimismo, Vald\u00e9s puso en valor la continuidad de las pol\u00edticas p\u00fablicas vinculadas al Iber\u00e1 y el trabajo desarrollado durante casi una d\u00e9cada por el Comit\u00e9 Iber\u00e1. Remarc\u00f3 que este proceso gener\u00f3 nuevas oportunidades laborales y comerciales, especialmente para las localidades cercanas a los portales de acceso al parque.<\/p>\n<p><img loading=\"lazy\" decoding=\"async\" class=\"alignnone size-full wp-image-226649\" src=\"https:\/\/radioinfinitagoya.com.ar\/v1\/wp-content\/uploads\/2026\/09\/imagen-112032.jpg\" alt=\"\" width=\"596\" height=\"398\" srcset=\"https:\/\/radioinfinitagoya.com.ar\/v1\/wp-content\/uploads\/2026\/09\/imagen-112032.jpg 596w, https:\/\/radioinfinitagoya.com.ar\/v1\/wp-content\/uploads\/2026\/09\/imagen-112032-150x100.jpg 150w\" sizes=\"auto, (max-width: 596px) 100vw, 596px\" \/><\/p>\n<p>De cara a los pr\u00f3ximos a\u00f1os, el mandatario plante\u00f3 el desaf\u00edo de fortalecer la promoci\u00f3n internacional de Corrientes y posicionar al Iber\u00e1 en los mercados globales. \u201cTenemos que trabajar para que Corrientes sea la capital del turismo natural de toda la regi\u00f3n del Litoral\u201d, afirm\u00f3.<\/p>\n<p>Por su parte, el coordinador general del Comit\u00e9 Iber\u00e1, Sergio Flinta, resalt\u00f3 el valor ambiental del humedal y el compromiso institucional para sostener las pol\u00edticas de conservaci\u00f3n. \u201cIber\u00e1 es reconocido por sus funciones ecosist\u00e9micas important\u00edsimas y el aporte que hace Corrientes para mitigar el cambio clim\u00e1tico\u201d, sostuvo, y destac\u00f3 la articulaci\u00f3n entre el sector p\u00fablico y las universidades para impulsar el desarrollo local.<\/p>\n<p>En tanto, el ministro de Turismo, Juan Enrique Braillard Poccard, destac\u00f3 la convocatoria alcanzada por esta edici\u00f3n y consider\u00f3 que la participaci\u00f3n r\u00e9cord refleja el posicionamiento de Corrientes como referente del ecoturismo. \u201cEsto habla de las expectativas que genera Corrientes como faro del ecoturismo a nivel nacional e internacional\u201d, afirm\u00f3.<\/p>\n<p>En la oportunidad tambi\u00e9n estuvieron presentes, el vicegobernador, Pedro Braillard Poccard, el intendente de la ciudad de Corrientes, Claudio Polich, ministros y funcionarios del gabinete provincial, legisladores, autoridades de la Universidad Nacional del Nordeste, directores de turismo, intendentes, referentes de c\u00e1maras, asociaciones y prestadores tur\u00edsticos.<\/p>\n<p><img loading=\"lazy\" decoding=\"async\" class=\"alignnone size-full wp-image-226650\" src=\"https:\/\/radioinfinitagoya.com.ar\/v1\/wp-content\/uploads\/2026\/09\/imagen-112031.jpg\" alt=\"\" width=\"577\" height=\"385\" srcset=\"https:\/\/radioinfinitagoya.com.ar\/v1\/wp-content\/uploads\/2026\/09\/imagen-112031.jpg 577w, https:\/\/radioinfinitagoya.com.ar\/v1\/wp-content\/uploads\/2026\/09\/imagen-112031-150x100.jpg 150w\" sizes=\"auto, (max-width: 577px) 100vw, 577px\" \/><\/p>\n<p>&nbsp;<\/p>\n<p>&nbsp;<\/p>\n<p>&nbsp;<\/p>\n","protected":false},"excerpt":{"rendered":"<p>El encuentro que cont\u00f3 con 1.300 inscriptos, re\u00fane durante este jueves y viernes a especialistas, funcionarios y referentes del sector para abordar el turismo de naturaleza, la conservaci\u00f3n y el desarrollo sostenible. Con m\u00e1s de 1.300 participantes, comenz\u00f3 este jueves en el Sal\u00f3n Gran Paran\u00e1 de la ciudad de Corrientes el 4\u00b0 Congreso Ecotur\u00edstico del [&hellip;]<\/p>\n","protected":false},"author":4,"featured_media":226647,"comment_status":"open","ping_status":"open","sticky":false,"template":"","format":"standard","meta":{"_joinchat":[],"footnotes":""},"categories":[26],"tags":[],"class_list":["post-226646","post","type-post","status-publish","format-standard","has-post-thumbnail","category-provinciales"],"yoast_head":"<!-- This site is optimized with the Yoast SEO plugin v27.7 - https:\/\/yoast.com\/product\/yoast-seo-wordpress\/ -->\n<title>Vald\u00e9s encabez\u00f3 la apertura del 4\u00b0 Congreso Ecotur\u00edstico del Litoral - Radio Infinita Goya<\/title>\n<meta name=\"description\" content=\"El encuentro que cont\u00f3 con 1.300 inscriptos, re\u00fane durante este jueves y viernes a especialistas, funcionarios y referentes del sector para abordar el\" \/>\n<meta name=\"robots\" content=\"index, follow, max-snippet:-1, max-image-preview:large, max-video-preview:-1\" \/>\n<link rel=\"canonical\" href=\"https:\/\/radioinfinitagoya.com.ar\/v1\/2026\/09\/03\/valdes-encabezo-la-apertura-del-4-congreso-ecoturistico-del-litoral\/\" \/>\n<meta property=\"og:locale\" content=\"es_ES\" \/>\n<meta property=\"og:type\" content=\"article\" \/>\n<meta property=\"og:title\" content=\"Vald\u00e9s encabez\u00f3 la apertura del 4\u00b0 Congreso Ecotur\u00edstico del Litoral - Radio Infinita Goya\" \/>\n<meta property=\"og:description\" content=\"El encuentro que cont\u00f3 con 1.300 inscriptos, re\u00fane durante este jueves y viernes a especialistas, funcionarios y referentes del sector para abordar el\" \/>\n<meta property=\"og:url\" content=\"https:\/\/radioinfinitagoya.com.ar\/v1\/2026\/09\/03\/valdes-encabezo-la-apertura-del-4-congreso-ecoturistico-del-litoral\/\" \/>\n<meta property=\"og:site_name\" content=\"Radio Infinita Goya\" \/>\n<meta property=\"article:publisher\" content=\"https:\/\/www.facebook.com\/p\/Infinita-Goya-100063870918311\/\" \/>\n<meta property=\"article:published_time\" content=\"2026-09-03T18:31:21+00:00\" \/>\n<meta property=\"og:image\" content=\"https:\/\/radioinfinitagoya.com.ar\/v1\/wp-content\/uploads\/2026\/09\/imagen-112028.jpg\" \/>\n\t<meta property=\"og:image:width\" content=\"406\" \/>\n\t<meta property=\"og:image:height\" content=\"271\" \/>\n\t<meta property=\"og:image:type\" content=\"image\/jpeg\" \/>\n<meta name=\"author\" content=\"Jorge Mi\u00f1o\" \/>\n<meta name=\"twitter:card\" content=\"summary_large_image\" \/>\n<meta name=\"twitter:label1\" content=\"Escrito por\" \/>\n\t<meta name=\"twitter:data1\" content=\"Jorge Mi\u00f1o\" \/>\n\t<meta name=\"twitter:label2\" content=\"Tiempo de lectura\" \/>\n\t<meta name=\"twitter:data2\" content=\"3 minutos\" \/>\n<script type=\"application\/ld+json\" class=\"yoast-schema-graph\">{\"@context\":\"https:\\\/\\\/schema.org\",\"@graph\":[{\"@type\":\"Article\",\"@id\":\"https:\\\/\\\/radioinfinitagoya.com.ar\\\/v1\\\/2026\\\/09\\\/03\\\/valdes-encabezo-la-apertura-del-4-congreso-ecoturistico-del-litoral\\\/#article\",\"isPartOf\":{\"@id\":\"https:\\\/\\\/radioinfinitagoya.com.ar\\\/v1\\\/2026\\\/09\\\/03\\\/valdes-encabezo-la-apertura-del-4-congreso-ecoturistico-del-litoral\\\/\"},\"author\":{\"name\":\"Jorge Mi\u00f1o\",\"@id\":\"https:\\\/\\\/radioinfinitagoya.com.ar\\\/v1\\\/#\\\/schema\\\/person\\\/d4cf9c413d4f6edb24aabdccab49ca4a\"},\"headline\":\"Vald\u00e9s encabez\u00f3 la apertura del 4\u00b0 Congreso Ecotur\u00edstico del Litoral\",\"datePublished\":\"2026-09-03T18:31:21+00:00\",\"mainEntityOfPage\":{\"@id\":\"https:\\\/\\\/radioinfinitagoya.com.ar\\\/v1\\\/2026\\\/09\\\/03\\\/valdes-encabezo-la-apertura-del-4-congreso-ecoturistico-del-litoral\\\/\"},\"wordCount\":493,\"commentCount\":0,\"publisher\":{\"@id\":\"https:\\\/\\\/radioinfinitagoya.com.ar\\\/v1\\\/#organization\"},\"image\":{\"@id\":\"https:\\\/\\\/radioinfinitagoya.com.ar\\\/v1\\\/2026\\\/09\\\/03\\\/valdes-encabezo-la-apertura-del-4-congreso-ecoturistico-del-litoral\\\/#primaryimage\"},\"thumbnailUrl\":\"https:\\\/\\\/radioinfinitagoya.com.ar\\\/v1\\\/wp-content\\\/uploads\\\/2026\\\/09\\\/imagen-112028.jpg\",\"articleSection\":[\"PROVINCIALES\"],\"inLanguage\":\"es-AR\",\"potentialAction\":[{\"@type\":\"CommentAction\",\"name\":\"Comment\",\"target\":[\"https:\\\/\\\/radioinfinitagoya.com.ar\\\/v1\\\/2026\\\/09\\\/03\\\/valdes-encabezo-la-apertura-del-4-congreso-ecoturistico-del-litoral\\\/#respond\"]}]},{\"@type\":\"WebPage\",\"@id\":\"https:\\\/\\\/radioinfinitagoya.com.ar\\\/v1\\\/2026\\\/09\\\/03\\\/valdes-encabezo-la-apertura-del-4-congreso-ecoturistico-del-litoral\\\/\",\"url\":\"https:\\\/\\\/radioinfinitagoya.com.ar\\\/v1\\\/2026\\\/09\\\/03\\\/valdes-encabezo-la-apertura-del-4-congreso-ecoturistico-del-litoral\\\/\",\"name\":\"Vald\u00e9s encabez\u00f3 la apertura del 4\u00b0 Congreso Ecotur\u00edstico del Litoral - Radio Infinita Goya\",\"isPartOf\":{\"@id\":\"https:\\\/\\\/radioinfinitagoya.com.ar\\\/v1\\\/#website\"},\"primaryImageOfPage\":{\"@id\":\"https:\\\/\\\/radioinfinitagoya.com.ar\\\/v1\\\/2026\\\/09\\\/03\\\/valdes-encabezo-la-apertura-del-4-congreso-ecoturistico-del-litoral\\\/#primaryimage\"},\"image\":{\"@id\":\"https:\\\/\\\/radioinfinitagoya.com.ar\\\/v1\\\/2026\\\/09\\\/03\\\/valdes-encabezo-la-apertura-del-4-congreso-ecoturistico-del-litoral\\\/#primaryimage\"},\"thumbnailUrl\":\"https:\\\/\\\/radioinfinitagoya.com.ar\\\/v1\\\/wp-content\\\/uploads\\\/2026\\\/09\\\/imagen-112028.jpg\",\"datePublished\":\"2026-09-03T18:31:21+00:00\",\"description\":\"El encuentro que cont\u00f3 con 1.300 inscriptos, re\u00fane durante este jueves y viernes a especialistas, funcionarios y referentes del sector para abordar el\",\"breadcrumb\":{\"@id\":\"https:\\\/\\\/radioinfinitagoya.com.ar\\\/v1\\\/2026\\\/09\\\/03\\\/valdes-encabezo-la-apertura-del-4-congreso-ecoturistico-del-litoral\\\/#breadcrumb\"},\"inLanguage\":\"es-AR\",\"potentialAction\":[{\"@type\":\"ReadAction\",\"target\":[\"https:\\\/\\\/radioinfinitagoya.com.ar\\\/v1\\\/2026\\\/09\\\/03\\\/valdes-encabezo-la-apertura-del-4-congreso-ecoturistico-del-litoral\\\/\"]}]},{\"@type\":\"ImageObject\",\"inLanguage\":\"es-AR\",\"@id\":\"https:\\\/\\\/radioinfinitagoya.com.ar\\\/v1\\\/2026\\\/09\\\/03\\\/valdes-encabezo-la-apertura-del-4-congreso-ecoturistico-del-litoral\\\/#primaryimage\",\"url\":\"https:\\\/\\\/radioinfinitagoya.com.ar\\\/v1\\\/wp-content\\\/uploads\\\/2026\\\/09\\\/imagen-112028.jpg\",\"contentUrl\":\"https:\\\/\\\/radioinfinitagoya.com.ar\\\/v1\\\/wp-content\\\/uploads\\\/2026\\\/09\\\/imagen-112028.jpg\",\"width\":406,\"height\":271},{\"@type\":\"BreadcrumbList\",\"@id\":\"https:\\\/\\\/radioinfinitagoya.com.ar\\\/v1\\\/2026\\\/09\\\/03\\\/valdes-encabezo-la-apertura-del-4-congreso-ecoturistico-del-litoral\\\/#breadcrumb\",\"itemListElement\":[{\"@type\":\"ListItem\",\"position\":1,\"name\":\"Inicio\",\"item\":\"https:\\\/\\\/radioinfinitagoya.com.ar\\\/v1\\\/\"},{\"@type\":\"ListItem\",\"position\":2,\"name\":\"Vald\u00e9s encabez\u00f3 la apertura del 4\u00b0 Congreso Ecotur\u00edstico del Litoral\"}]},{\"@type\":\"WebSite\",\"@id\":\"https:\\\/\\\/radioinfinitagoya.com.ar\\\/v1\\\/#website\",\"url\":\"https:\\\/\\\/radioinfinitagoya.com.ar\\\/v1\\\/\",\"name\":\"radioinfinitagoya.com.ar\",\"description\":\"Radio de noticias\",\"publisher\":{\"@id\":\"https:\\\/\\\/radioinfinitagoya.com.ar\\\/v1\\\/#organization\"},\"potentialAction\":[{\"@type\":\"SearchAction\",\"target\":{\"@type\":\"EntryPoint\",\"urlTemplate\":\"https:\\\/\\\/radioinfinitagoya.com.ar\\\/v1\\\/?s={search_term_string}\"},\"query-input\":{\"@type\":\"PropertyValueSpecification\",\"valueRequired\":true,\"valueName\":\"search_term_string\"}}],\"inLanguage\":\"es-AR\"},{\"@type\":\"Organization\",\"@id\":\"https:\\\/\\\/radioinfinitagoya.com.ar\\\/v1\\\/#organization\",\"name\":\"Radio Infinita Goya\",\"url\":\"https:\\\/\\\/radioinfinitagoya.com.ar\\\/v1\\\/\",\"logo\":{\"@type\":\"ImageObject\",\"inLanguage\":\"es-AR\",\"@id\":\"https:\\\/\\\/radioinfinitagoya.com.ar\\\/v1\\\/#\\\/schema\\\/logo\\\/image\\\/\",\"url\":\"https:\\\/\\\/radioinfinitagoya.com.ar\\\/v1\\\/wp-content\\\/uploads\\\/2019\\\/11\\\/logo-pie-web.png\",\"contentUrl\":\"https:\\\/\\\/radioinfinitagoya.com.ar\\\/v1\\\/wp-content\\\/uploads\\\/2019\\\/11\\\/logo-pie-web.png\",\"width\":635,\"height\":326,\"caption\":\"Radio Infinita Goya\"},\"image\":{\"@id\":\"https:\\\/\\\/radioinfinitagoya.com.ar\\\/v1\\\/#\\\/schema\\\/logo\\\/image\\\/\"},\"sameAs\":[\"https:\\\/\\\/www.facebook.com\\\/p\\\/Infinita-Goya-100063870918311\\\/\"]},{\"@type\":\"Person\",\"@id\":\"https:\\\/\\\/radioinfinitagoya.com.ar\\\/v1\\\/#\\\/schema\\\/person\\\/d4cf9c413d4f6edb24aabdccab49ca4a\",\"name\":\"Jorge Mi\u00f1o\",\"image\":{\"@type\":\"ImageObject\",\"inLanguage\":\"es-AR\",\"@id\":\"https:\\\/\\\/secure.gravatar.com\\\/avatar\\\/910fcf6728fe95320e07a6643c1581fec1c7fc4bf8ae12e3d8f0d0373dc844be?s=96&d=mm&r=g\",\"url\":\"https:\\\/\\\/secure.gravatar.com\\\/avatar\\\/910fcf6728fe95320e07a6643c1581fec1c7fc4bf8ae12e3d8f0d0373dc844be?s=96&d=mm&r=g\",\"contentUrl\":\"https:\\\/\\\/secure.gravatar.com\\\/avatar\\\/910fcf6728fe95320e07a6643c1581fec1c7fc4bf8ae12e3d8f0d0373dc844be?s=96&d=mm&r=g\",\"caption\":\"Jorge Mi\u00f1o\"},\"sameAs\":[\"http:\\\/\\\/radioinfinitagoya.com.ar\"]}]}<\/script>\n<!-- \/ Yoast SEO plugin. -->","yoast_head_json":{"title":"Vald\u00e9s encabez\u00f3 la apertura del 4\u00b0 Congreso Ecotur\u00edstico del Litoral - Radio Infinita Goya","description":"El encuentro que cont\u00f3 con 1.300 inscriptos, re\u00fane durante este jueves y viernes a especialistas, funcionarios y referentes del sector para abordar el","robots":{"index":"index","follow":"follow","max-snippet":"max-snippet:-1","max-image-preview":"max-image-preview:large","max-video-preview":"max-video-preview:-1"},"canonical":"https:\/\/radioinfinitagoya.com.ar\/v1\/2026\/09\/03\/valdes-encabezo-la-apertura-del-4-congreso-ecoturistico-del-litoral\/","og_locale":"es_ES","og_type":"article","og_title":"Vald\u00e9s encabez\u00f3 la apertura del 4\u00b0 Congreso Ecotur\u00edstico del Litoral - Radio Infinita Goya","og_description":"El encuentro que cont\u00f3 con 1.300 inscriptos, re\u00fane durante este jueves y viernes a especialistas, funcionarios y referentes del sector para abordar el","og_url":"https:\/\/radioinfinitagoya.com.ar\/v1\/2026\/09\/03\/valdes-encabezo-la-apertura-del-4-congreso-ecoturistico-del-litoral\/","og_site_name":"Radio Infinita Goya","article_publisher":"https:\/\/www.facebook.com\/p\/Infinita-Goya-100063870918311\/","article_published_time":"2026-09-03T18:31:21+00:00","og_image":[{"width":406,"height":271,"url":"https:\/\/radioinfinitagoya.com.ar\/v1\/wp-content\/uploads\/2026\/09\/imagen-112028.jpg","type":"image\/jpeg"}],"author":"Jorge Mi\u00f1o","twitter_card":"summary_large_image","twitter_misc":{"Escrito por":"Jorge Mi\u00f1o","Tiempo de lectura":"3 minutos"},"schema":{"@context":"https:\/\/schema.org","@graph":[{"@type":"Article","@id":"https:\/\/radioinfinitagoya.com.ar\/v1\/2026\/09\/03\/valdes-encabezo-la-apertura-del-4-congreso-ecoturistico-del-litoral\/#article","isPartOf":{"@id":"https:\/\/radioinfinitagoya.com.ar\/v1\/2026\/09\/03\/valdes-encabezo-la-apertura-del-4-congreso-ecoturistico-del-litoral\/"},"author":{"name":"Jorge Mi\u00f1o","@id":"https:\/\/radioinfinitagoya.com.ar\/v1\/#\/schema\/person\/d4cf9c413d4f6edb24aabdccab49ca4a"},"headline":"Vald\u00e9s encabez\u00f3 la apertura del 4\u00b0 Congreso Ecotur\u00edstico del Litoral","datePublished":"2026-09-03T18:31:21+00:00","mainEntityOfPage":{"@id":"https:\/\/radioinfinitagoya.com.ar\/v1\/2026\/09\/03\/valdes-encabezo-la-apertura-del-4-congreso-ecoturistico-del-litoral\/"},"wordCount":493,"commentCount":0,"publisher":{"@id":"https:\/\/radioinfinitagoya.com.ar\/v1\/#organization"},"image":{"@id":"https:\/\/radioinfinitagoya.com.ar\/v1\/2026\/09\/03\/valdes-encabezo-la-apertura-del-4-congreso-ecoturistico-del-litoral\/#primaryimage"},"thumbnailUrl":"https:\/\/radioinfinitagoya.com.ar\/v1\/wp-content\/uploads\/2026\/09\/imagen-112028.jpg","articleSection":["PROVINCIALES"],"inLanguage":"es-AR","potentialAction":[{"@type":"CommentAction","name":"Comment","target":["https:\/\/radioinfinitagoya.com.ar\/v1\/2026\/09\/03\/valdes-encabezo-la-apertura-del-4-congreso-ecoturistico-del-litoral\/#respond"]}]},{"@type":"WebPage","@id":"https:\/\/radioinfinitagoya.com.ar\/v1\/2026\/09\/03\/valdes-encabezo-la-apertura-del-4-congreso-ecoturistico-del-litoral\/","url":"https:\/\/radioinfinitagoya.com.ar\/v1\/2026\/09\/03\/valdes-encabezo-la-apertura-del-4-congreso-ecoturistico-del-litoral\/","name":"Vald\u00e9s encabez\u00f3 la apertura del 4\u00b0 Congreso Ecotur\u00edstico del Litoral - Radio Infinita Goya","isPartOf":{"@id":"https:\/\/radioinfinitagoya.com.ar\/v1\/#website"},"primaryImageOfPage":{"@id":"https:\/\/radioinfinitagoya.com.ar\/v1\/2026\/09\/03\/valdes-encabezo-la-apertura-del-4-congreso-ecoturistico-del-litoral\/#primaryimage"},"image":{"@id":"https:\/\/radioinfinitagoya.com.ar\/v1\/2026\/09\/03\/valdes-encabezo-la-apertura-del-4-congreso-ecoturistico-del-litoral\/#primaryimage"},"thumbnailUrl":"https:\/\/radioinfinitagoya.com.ar\/v1\/wp-content\/uploads\/2026\/09\/imagen-112028.jpg","datePublished":"2026-09-03T18:31:21+00:00","description":"El encuentro que cont\u00f3 con 1.300 inscriptos, re\u00fane durante este jueves y viernes a especialistas, funcionarios y referentes del sector para abordar el","breadcrumb":{"@id":"https:\/\/radioinfinitagoya.com.ar\/v1\/2026\/09\/03\/valdes-encabezo-la-apertura-del-4-congreso-ecoturistico-del-litoral\/#breadcrumb"},"inLanguage":"es-AR","potentialAction":[{"@type":"ReadAction","target":["https:\/\/radioinfinitagoya.com.ar\/v1\/2026\/09\/03\/valdes-encabezo-la-apertura-del-4-congreso-ecoturistico-del-litoral\/"]}]},{"@type":"ImageObject","inLanguage":"es-AR","@id":"https:\/\/radioinfinitagoya.com.ar\/v1\/2026\/09\/03\/valdes-encabezo-la-apertura-del-4-congreso-ecoturistico-del-litoral\/#primaryimage","url":"https:\/\/radioinfinitagoya.com.ar\/v1\/wp-content\/uploads\/2026\/09\/imagen-112028.jpg","contentUrl":"https:\/\/radioinfinitagoya.com.ar\/v1\/wp-content\/uploads\/2026\/09\/imagen-112028.jpg","width":406,"height":271},{"@type":"BreadcrumbList","@id":"https:\/\/radioinfinitagoya.com.ar\/v1\/2026\/09\/03\/valdes-encabezo-la-apertura-del-4-congreso-ecoturistico-del-litoral\/#breadcrumb","itemListElement":[{"@type":"ListItem","position":1,"name":"Inicio","item":"https:\/\/radioinfinitagoya.com.ar\/v1\/"},{"@type":"ListItem","position":2,"name":"Vald\u00e9s encabez\u00f3 la apertura del 4\u00b0 Congreso Ecotur\u00edstico del Litoral"}]},{"@type":"WebSite","@id":"https:\/\/radioinfinitagoya.com.ar\/v1\/#website","url":"https:\/\/radioinfinitagoya.com.ar\/v1\/","name":"radioinfinitagoya.com.ar","description":"Radio de noticias","publisher":{"@id":"https:\/\/radioinfinitagoya.com.ar\/v1\/#organization"},"potentialAction":[{"@type":"SearchAction","target":{"@type":"EntryPoint","urlTemplate":"https:\/\/radioinfinitagoya.com.ar\/v1\/?s={search_term_string}"},"query-input":{"@type":"PropertyValueSpecification","valueRequired":true,"valueName":"search_term_string"}}],"inLanguage":"es-AR"},{"@type":"Organization","@id":"https:\/\/radioinfinitagoya.com.ar\/v1\/#organization","name":"Radio Infinita Goya","url":"https:\/\/radioinfinitagoya.com.ar\/v1\/","logo":{"@type":"ImageObject","inLanguage":"es-AR","@id":"https:\/\/radioinfinitagoya.com.ar\/v1\/#\/schema\/logo\/image\/","url":"https:\/\/radioinfinitagoya.com.ar\/v1\/wp-content\/uploads\/2019\/11\/logo-pie-web.png","contentUrl":"https:\/\/radioinfinitagoya.com.ar\/v1\/wp-content\/uploads\/2019\/11\/logo-pie-web.png","width":635,"height":326,"caption":"Radio Infinita Goya"},"image":{"@id":"https:\/\/radioinfinitagoya.com.ar\/v1\/#\/schema\/logo\/image\/"},"sameAs":["https:\/\/www.facebook.com\/p\/Infinita-Goya-100063870918311\/"]},{"@type":"Person","@id":"https:\/\/radioinfinitagoya.com.ar\/v1\/#\/schema\/person\/d4cf9c413d4f6edb24aabdccab49ca4a","name":"Jorge Mi\u00f1o","image":{"@type":"ImageObject","inLanguage":"es-AR","@id":"https:\/\/secure.gravatar.com\/avatar\/910fcf6728fe95320e07a6643c1581fec1c7fc4bf8ae12e3d8f0d0373dc844be?s=96&d=mm&r=g","url":"https:\/\/secure.gravatar.com\/avatar\/910fcf6728fe95320e07a6643c1581fec1c7fc4bf8ae12e3d8f0d0373dc844be?s=96&d=mm&r=g","contentUrl":"https:\/\/secure.gravatar.com\/avatar\/910fcf6728fe95320e07a6643c1581fec1c7fc4bf8ae12e3d8f0d0373dc844be?s=96&d=mm&r=g","caption":"Jorge Mi\u00f1o"},"sameAs":["http:\/\/radioinfinitagoya.com.ar"]}]}},"_links":{"self":[{"href":"https:\/\/radioinfinitagoya.com.ar\/v1\/wp-json\/wp\/v2\/posts\/226646","targetHints":{"allow":["GET"]}}],"collection":[{"href":"https:\/\/radioinfinitagoya.com.ar\/v1\/wp-json\/wp\/v2\/posts"}],"about":[{"href":"https:\/\/radioinfinitagoya.com.ar\/v1\/wp-json\/wp\/v2\/types\/post"}],"author":[{"embeddable":true,"href":"https:\/\/radioinfinitagoya.com.ar\/v1\/wp-json\/wp\/v2\/users\/4"}],"replies":[{"embeddable":true,"href":"https:\/\/radioinfinitagoya.com.ar\/v1\/wp-json\/wp\/v2\/comments?post=226646"}],"version-history":[{"count":1,"href":"https:\/\/radioinfinitagoya.com.ar\/v1\/wp-json\/wp\/v2\/posts\/226646\/revisions"}],"predecessor-version":[{"id":226651,"href":"https:\/\/radioinfinitagoya.com.ar\/v1\/wp-json\/wp\/v2\/posts\/226646\/revisions\/226651"}],"wp:featuredmedia":[{"embeddable":true,"href":"https:\/\/radioinfinitagoya.com.ar\/v1\/wp-json\/wp\/v2\/media\/226647"}],"wp:attachment":[{"href":"https:\/\/radioinfinitagoya.com.ar\/v1\/wp-json\/wp\/v2\/media?parent=226646"}],"wp:term":[{"taxonomy":"category","embeddable":true,"href":"https:\/\/radioinfinitagoya.com.ar\/v1\/wp-json\/wp\/v2\/categories?post=226646"},{"taxonomy":"post_tag","embeddable":true,"href":"https:\/\/radioinfinitagoya.com.ar\/v1\/wp-json\/wp\/v2\/tags?post=226646"}],"curies":[{"name":"wp","href":"https:\/\/api.w.org\/{rel}","templated":true}]}}