{"id":226652,"date":"2026-09-03T15:39:43","date_gmt":"2026-09-03T18:39:43","guid":{"rendered":"https:\/\/radioinfinitagoya.com.ar\/v1\/?p=226652"},"modified":"2026-09-03T15:39:43","modified_gmt":"2026-09-03T18:39:43","slug":"el-papa-encabezaria-un-encuentro-con-sectores-empresarios-sindicales-y-sociales-en-la-uca","status":"publish","type":"post","link":"https:\/\/radioinfinitagoya.com.ar\/v1\/2026\/09\/03\/el-papa-encabezaria-un-encuentro-con-sectores-empresarios-sindicales-y-sociales-en-la-uca\/","title":{"rendered":"El Papa encabezar\u00eda un encuentro con sectores empresarios, sindicales y sociales en la UCA"},"content":{"rendered":"<p>El Vaticano eval\u00faa una propuesta de la Iglesia argentina para reunir al Sumo Pont\u00edfice con representantes de c\u00e1maras empresarias, la CGT, la CTA y movimientos sociales. Adem\u00e1s, se prev\u00e9 que realice un homenaje al Papa Francisco.<\/p>\n<p>Mientras avanza en Buenos Aires la organizaci\u00f3n de la visita del Papa Le\u00f3n XIV, fuentes eclesi\u00e1sticas adelantaron a A24.com la propuesta que eval\u00faa el Vaticano para reunir al Sumo Pont\u00edfice con &#8220;todos los sectores de la econom\u00eda&#8221;, entre ellos, empresarios y sindicales como la UIA, la CGT, la CTA, y movimientos sociales.<\/p>\n<p>Seg\u00fan pudo saber este medio, el encuentro con estos sectores ser\u00eda en un auditorio de la sede de la Universidad Cat\u00f3lica Argentina (UCA) ubicada en Puerto Madero, entre el lunes 9 y el martes 10 de noviembre, a la noche.<\/p>\n<p>&#8220;Hay una propuesta para que el Papa se encuentre con representantes de los sectores de la econom\u00eda del trabajo, empresariales y movimientos sociales&#8221;, confiaron fuentes de la organizaci\u00f3n, a A24.com, quienes de todos modos aclararon que todav\u00eda falta la aprobaci\u00f3n del Vaticano.<\/p>\n<p>La propuesta incluye &#8220;a todos los sectores empresariales, todos los sectores sindicales, todos los sectores de la econom\u00eda. Se invitar\u00e1 a todos, pidiendo que elijan uno o dos representantes cada uno porque es un sal\u00f3n de una determinada capacidad&#8221;, agregaron las mismas fuentes.<\/p>\n<p>Este posible encuentro fue planteado por el Episcopado de manera independiente de las propuestas de la Casa Rosada que encabeza la secretaria general de la Presidencia, Karina Milei, y se suma a otras actividades que har\u00e1 Le\u00f3n XIV y que fueron anunciadas por la Iglesia, como la visita a la c\u00e1rcel de Devoto y el Cottolengo Don Orione.<\/p>\n<p>Desde la Iglesia dejaron trascender que una vez que est\u00e9 en la Argentina, Le\u00f3n XIV &#8220;seguramente brindar\u00e1 un homenaje al Papa Francisco&#8221;. Los que lo conocen se\u00f1alan que el Sumo Pont\u00edfice tomar\u00e1 parte del mensaje que dej\u00f3 Jorge Bergoglio con relaci\u00f3n a la necesidad de &#8220;empat\u00eda&#8221; de parte de la dirigencia pol\u00edtica hacia los sectores carenciados y excluidos.<\/p>\n<p>Ese mensaje, justamente, es el que vinieron dando en las \u00faltimas semanas el actual arzobispo de Buenos Aires, Jorge Garc\u00eda Cuerva, y el titular del Episcopado y obispo de Mendoza, Marcelo Colombo, con reclamos a la dirigencia pol\u00edtica y al Gobierno por los argentinos endeudados y que no llegan a fin de mes.<\/p>\n<p>Seg\u00fan explicaron las fuentes, tanto las autoridades nacionales como las de las tres provincias que visitar\u00e1 el Papa (CABA, Buenos Aires y C\u00f3rdoba), no ser\u00e1n invitadas al encuentro con empresarios, sindicatos y movimientos sociales. &#8220;Los gobiernos tienen su lugar en el encuentro protocolar que se hace en todos los viajes papales, que se denomina encuentro con el cuerpo diplom\u00e1tico y autoridades de la sociedad civil&#8221;, argumentaron.<\/p>\n<p>En cambio, &#8220;el encuentro con el presidente Javier Milei ser\u00e1 protocolar en la Casa Rosada&#8221;, primero con una reuni\u00f3n meramente protocolar por tratarse de una &#8220;visita oficial de un jefe de Estado&#8221;.<\/p>\n<p>Al t\u00e9rmino de la reuni\u00f3n protocolar en Casa Rosada, &#8220;el Papa ir\u00e1 al Palacio Libertad para el encuentro con el cuerpo diplom\u00e1tico y autoridades de la sociedad civil&#8221;. El mismo es organizado el gobierno nacional junto a la Nunciatura Apost\u00f3lica. En la Casa Rosada no descartan decretar feriado o asueto nacional para alguno de los d\u00edas de la visita del Le\u00f3n XIV.<\/p>\n<p>Respecto de toda la agenda que cumplir\u00e1 el Papa en la Argentina, ser\u00e1 el Vaticano a trav\u00e9s de la Nunciatura el que anuncie la confirmaci\u00f3n de lugares d\u00edas y horarios. Se prev\u00e9 que lo har\u00e1 a mediados o finales de septiembre, luego de analizar la informaci\u00f3n que llevar\u00e1 a Roma la delegaci\u00f3n que visit\u00f3 estos d\u00edas el pa\u00eds.<\/p>\n<p>El Vaticano confirmar\u00e1 el itinerario que cumplir\u00e1 el Papa en la Argentina<\/p>\n<p>En el marco de los preparativos para la visita del papa Le\u00f3n XIV a la Argentina, los equipos involucrados en la organizaci\u00f3n realizaron el mi\u00e9rcoles una jornada de trabajo t\u00e9cnico en la ciudad y en la provincia de Buenos Aires con recorridas por distintos puntos relacionados con la agenda del Santo Padre.<\/p>\n<p>Seg\u00fan inform\u00f3 oficialmente la Casa Rosada, la comitiva, integrada por representantes de la Secretar\u00eda General de la Presidencia, de la delegaci\u00f3n del Vaticano, de la Nunciatura Apost\u00f3lica, de la Conferencia Episcopal Argentina y de la Canciller\u00eda, visitaron en esta ocasi\u00f3n el Complejo Penitenciario Federal de la Ciudad de Buenos Aires (C\u00e1rcel de Devoto); el Cottolengo Don Orione; la Bas\u00edlica de Luj\u00e1n; y la Villa Marista, donde &#8220;se relevaron aspectos vinculados con la log\u00edstica y la organizaci\u00f3n de las distintas actividades previstas&#8221;.<\/p>\n<p>La recorrida form\u00f3 parte del trabajo de coordinaci\u00f3n que llevan adelante la Secretar\u00eda General de la Presidencia, la delegaci\u00f3n del Vaticano, la Nunciatura Apost\u00f3lica, la Conferencia Episcopal Argentina, la Canciller\u00eda y las autoridades de las distintas jurisdicciones involucradas en la planificaci\u00f3n integral de la visita del Sumo Pont\u00edfice.<\/p>\n<p>La visita del Papa contempla los siguientes actos p\u00fablicos e institucionales en distintos puntos de la ciudad de Buenos Aires y alrededores:<\/p>\n<p>Palacio San Mart\u00edn: encuentro ecum\u00e9nico interreligioso.<\/p>\n<p>Plaza San Mart\u00edn: homenaje al Libertador de Am\u00e9rica.<\/p>\n<p>Casa Rosada. Visita protocolar a Javier Milei y Palacio Libertad con otras autoridades.<\/p>\n<p>Monumento a los Espa\u00f1oles: misa central y otro encuentro aparte, con j\u00f3venes.<\/p>\n<p>Misa en FADEA, C\u00f3rdoba.<\/p>\n<p>Luj\u00e1n. Misa multitudinaria de despedida.<\/p>\n<p>Cottolengo Don Orione: visita.<\/p>\n<p>C\u00e1rcel de Devoto: visita.<\/p>\n<p>Encuentro con todos los sectores de la econom\u00eda: empresarios, sindicatos y movimientos sociales en la UCA.<\/p>\n<p>En pocas palabras<\/p>\n<p>Papa Le\u00f3n XIV: Eval\u00faa propuesta para un encuentro con empresarios, sindicatos y movimientos sociales en la UCA.<\/p>\n<p>Agenda oficial: Incluye reuniones protocolar con Javier Milei en Casa Rosada y encuentro con otras autoridades en Palacio Libertad.<\/p>\n<p>Visita papal: El Vaticano confirmar\u00e1 itinerario tras evaluar log\u00edstica y seguridad de propuestas.<\/p>\n","protected":false},"excerpt":{"rendered":"<p>El Vaticano eval\u00faa una propuesta de la Iglesia argentina para reunir al Sumo Pont\u00edfice con representantes de c\u00e1maras empresarias, la CGT, la CTA y movimientos sociales. Adem\u00e1s, se prev\u00e9 que realice un homenaje al Papa Francisco. Mientras avanza en Buenos Aires la organizaci\u00f3n de la visita del Papa Le\u00f3n XIV, fuentes eclesi\u00e1sticas adelantaron a A24.com [&hellip;]<\/p>\n","protected":false},"author":4,"featured_media":226653,"comment_status":"open","ping_status":"open","sticky":false,"template":"","format":"standard","meta":{"_joinchat":[],"footnotes":""},"categories":[34],"tags":[],"class_list":["post-226652","post","type-post","status-publish","format-standard","has-post-thumbnail","category-principal"],"yoast_head":"<!-- This site is optimized with the Yoast SEO plugin v27.7 - https:\/\/yoast.com\/product\/yoast-seo-wordpress\/ -->\n<title>El Papa encabezar\u00eda un encuentro con sectores empresarios, sindicales y sociales en la UCA - Radio Infinita Goya<\/title>\n<meta name=\"description\" content=\"El Vaticano eval\u00faa una propuesta de la Iglesia argentina para reunir al Sumo Pont\u00edfice con representantes de c\u00e1maras empresarias, la CGT, la CTA y\" \/>\n<meta name=\"robots\" content=\"index, follow, max-snippet:-1, max-image-preview:large, max-video-preview:-1\" \/>\n<link rel=\"canonical\" href=\"https:\/\/radioinfinitagoya.com.ar\/v1\/2026\/09\/03\/el-papa-encabezaria-un-encuentro-con-sectores-empresarios-sindicales-y-sociales-en-la-uca\/\" \/>\n<meta property=\"og:locale\" content=\"es_ES\" \/>\n<meta property=\"og:type\" content=\"article\" \/>\n<meta property=\"og:title\" content=\"El Papa encabezar\u00eda un encuentro con sectores empresarios, sindicales y sociales en la UCA - Radio Infinita Goya\" \/>\n<meta property=\"og:description\" content=\"El Vaticano eval\u00faa una propuesta de la Iglesia argentina para reunir al Sumo Pont\u00edfice con representantes de c\u00e1maras empresarias, la CGT, la CTA y\" \/>\n<meta property=\"og:url\" content=\"https:\/\/radioinfinitagoya.com.ar\/v1\/2026\/09\/03\/el-papa-encabezaria-un-encuentro-con-sectores-empresarios-sindicales-y-sociales-en-la-uca\/\" \/>\n<meta property=\"og:site_name\" content=\"Radio Infinita Goya\" \/>\n<meta property=\"article:publisher\" content=\"https:\/\/www.facebook.com\/p\/Infinita-Goya-100063870918311\/\" \/>\n<meta property=\"article:published_time\" content=\"2026-09-03T18:39:43+00:00\" \/>\n<meta property=\"og:image\" content=\"https:\/\/radioinfinitagoya.com.ar\/v1\/wp-content\/uploads\/2026\/09\/papa-leon-xiv-y-la-argentinajpg.webp\" \/>\n\t<meta property=\"og:image:width\" content=\"1200\" \/>\n\t<meta property=\"og:image:height\" content=\"675\" \/>\n\t<meta property=\"og:image:type\" content=\"image\/webp\" \/>\n<meta name=\"author\" content=\"Jorge Mi\u00f1o\" \/>\n<meta name=\"twitter:card\" content=\"summary_large_image\" \/>\n<meta name=\"twitter:label1\" content=\"Escrito por\" \/>\n\t<meta name=\"twitter:data1\" content=\"Jorge Mi\u00f1o\" \/>\n\t<meta name=\"twitter:label2\" content=\"Tiempo de lectura\" \/>\n\t<meta name=\"twitter:data2\" content=\"5 minutos\" \/>\n<script type=\"application\/ld+json\" class=\"yoast-schema-graph\">{\"@context\":\"https:\\\/\\\/schema.org\",\"@graph\":[{\"@type\":\"Article\",\"@id\":\"https:\\\/\\\/radioinfinitagoya.com.ar\\\/v1\\\/2026\\\/09\\\/03\\\/el-papa-encabezaria-un-encuentro-con-sectores-empresarios-sindicales-y-sociales-en-la-uca\\\/#article\",\"isPartOf\":{\"@id\":\"https:\\\/\\\/radioinfinitagoya.com.ar\\\/v1\\\/2026\\\/09\\\/03\\\/el-papa-encabezaria-un-encuentro-con-sectores-empresarios-sindicales-y-sociales-en-la-uca\\\/\"},\"author\":{\"name\":\"Jorge Mi\u00f1o\",\"@id\":\"https:\\\/\\\/radioinfinitagoya.com.ar\\\/v1\\\/#\\\/schema\\\/person\\\/d4cf9c413d4f6edb24aabdccab49ca4a\"},\"headline\":\"El Papa encabezar\u00eda un encuentro con sectores empresarios, sindicales y sociales en la UCA\",\"datePublished\":\"2026-09-03T18:39:43+00:00\",\"mainEntityOfPage\":{\"@id\":\"https:\\\/\\\/radioinfinitagoya.com.ar\\\/v1\\\/2026\\\/09\\\/03\\\/el-papa-encabezaria-un-encuentro-con-sectores-empresarios-sindicales-y-sociales-en-la-uca\\\/\"},\"wordCount\":1037,\"commentCount\":0,\"publisher\":{\"@id\":\"https:\\\/\\\/radioinfinitagoya.com.ar\\\/v1\\\/#organization\"},\"image\":{\"@id\":\"https:\\\/\\\/radioinfinitagoya.com.ar\\\/v1\\\/2026\\\/09\\\/03\\\/el-papa-encabezaria-un-encuentro-con-sectores-empresarios-sindicales-y-sociales-en-la-uca\\\/#primaryimage\"},\"thumbnailUrl\":\"https:\\\/\\\/radioinfinitagoya.com.ar\\\/v1\\\/wp-content\\\/uploads\\\/2026\\\/09\\\/papa-leon-xiv-y-la-argentinajpg.webp\",\"articleSection\":[\"PRINCIPAL\"],\"inLanguage\":\"es-AR\",\"potentialAction\":[{\"@type\":\"CommentAction\",\"name\":\"Comment\",\"target\":[\"https:\\\/\\\/radioinfinitagoya.com.ar\\\/v1\\\/2026\\\/09\\\/03\\\/el-papa-encabezaria-un-encuentro-con-sectores-empresarios-sindicales-y-sociales-en-la-uca\\\/#respond\"]}]},{\"@type\":\"WebPage\",\"@id\":\"https:\\\/\\\/radioinfinitagoya.com.ar\\\/v1\\\/2026\\\/09\\\/03\\\/el-papa-encabezaria-un-encuentro-con-sectores-empresarios-sindicales-y-sociales-en-la-uca\\\/\",\"url\":\"https:\\\/\\\/radioinfinitagoya.com.ar\\\/v1\\\/2026\\\/09\\\/03\\\/el-papa-encabezaria-un-encuentro-con-sectores-empresarios-sindicales-y-sociales-en-la-uca\\\/\",\"name\":\"El Papa encabezar\u00eda un encuentro con sectores empresarios, sindicales y sociales en la UCA - Radio Infinita Goya\",\"isPartOf\":{\"@id\":\"https:\\\/\\\/radioinfinitagoya.com.ar\\\/v1\\\/#website\"},\"primaryImageOfPage\":{\"@id\":\"https:\\\/\\\/radioinfinitagoya.com.ar\\\/v1\\\/2026\\\/09\\\/03\\\/el-papa-encabezaria-un-encuentro-con-sectores-empresarios-sindicales-y-sociales-en-la-uca\\\/#primaryimage\"},\"image\":{\"@id\":\"https:\\\/\\\/radioinfinitagoya.com.ar\\\/v1\\\/2026\\\/09\\\/03\\\/el-papa-encabezaria-un-encuentro-con-sectores-empresarios-sindicales-y-sociales-en-la-uca\\\/#primaryimage\"},\"thumbnailUrl\":\"https:\\\/\\\/radioinfinitagoya.com.ar\\\/v1\\\/wp-content\\\/uploads\\\/2026\\\/09\\\/papa-leon-xiv-y-la-argentinajpg.webp\",\"datePublished\":\"2026-09-03T18:39:43+00:00\",\"description\":\"El Vaticano eval\u00faa una propuesta de la Iglesia argentina para reunir al Sumo Pont\u00edfice con representantes de c\u00e1maras empresarias, la CGT, la CTA y\",\"breadcrumb\":{\"@id\":\"https:\\\/\\\/radioinfinitagoya.com.ar\\\/v1\\\/2026\\\/09\\\/03\\\/el-papa-encabezaria-un-encuentro-con-sectores-empresarios-sindicales-y-sociales-en-la-uca\\\/#breadcrumb\"},\"inLanguage\":\"es-AR\",\"potentialAction\":[{\"@type\":\"ReadAction\",\"target\":[\"https:\\\/\\\/radioinfinitagoya.com.ar\\\/v1\\\/2026\\\/09\\\/03\\\/el-papa-encabezaria-un-encuentro-con-sectores-empresarios-sindicales-y-sociales-en-la-uca\\\/\"]}]},{\"@type\":\"ImageObject\",\"inLanguage\":\"es-AR\",\"@id\":\"https:\\\/\\\/radioinfinitagoya.com.ar\\\/v1\\\/2026\\\/09\\\/03\\\/el-papa-encabezaria-un-encuentro-con-sectores-empresarios-sindicales-y-sociales-en-la-uca\\\/#primaryimage\",\"url\":\"https:\\\/\\\/radioinfinitagoya.com.ar\\\/v1\\\/wp-content\\\/uploads\\\/2026\\\/09\\\/papa-leon-xiv-y-la-argentinajpg.webp\",\"contentUrl\":\"https:\\\/\\\/radioinfinitagoya.com.ar\\\/v1\\\/wp-content\\\/uploads\\\/2026\\\/09\\\/papa-leon-xiv-y-la-argentinajpg.webp\",\"width\":1200,\"height\":675},{\"@type\":\"BreadcrumbList\",\"@id\":\"https:\\\/\\\/radioinfinitagoya.com.ar\\\/v1\\\/2026\\\/09\\\/03\\\/el-papa-encabezaria-un-encuentro-con-sectores-empresarios-sindicales-y-sociales-en-la-uca\\\/#breadcrumb\",\"itemListElement\":[{\"@type\":\"ListItem\",\"position\":1,\"name\":\"Inicio\",\"item\":\"https:\\\/\\\/radioinfinitagoya.com.ar\\\/v1\\\/\"},{\"@type\":\"ListItem\",\"position\":2,\"name\":\"El Papa encabezar\u00eda un encuentro con sectores empresarios, sindicales y sociales en la UCA\"}]},{\"@type\":\"WebSite\",\"@id\":\"https:\\\/\\\/radioinfinitagoya.com.ar\\\/v1\\\/#website\",\"url\":\"https:\\\/\\\/radioinfinitagoya.com.ar\\\/v1\\\/\",\"name\":\"radioinfinitagoya.com.ar\",\"description\":\"Radio de noticias\",\"publisher\":{\"@id\":\"https:\\\/\\\/radioinfinitagoya.com.ar\\\/v1\\\/#organization\"},\"potentialAction\":[{\"@type\":\"SearchAction\",\"target\":{\"@type\":\"EntryPoint\",\"urlTemplate\":\"https:\\\/\\\/radioinfinitagoya.com.ar\\\/v1\\\/?s={search_term_string}\"},\"query-input\":{\"@type\":\"PropertyValueSpecification\",\"valueRequired\":true,\"valueName\":\"search_term_string\"}}],\"inLanguage\":\"es-AR\"},{\"@type\":\"Organization\",\"@id\":\"https:\\\/\\\/radioinfinitagoya.com.ar\\\/v1\\\/#organization\",\"name\":\"Radio Infinita Goya\",\"url\":\"https:\\\/\\\/radioinfinitagoya.com.ar\\\/v1\\\/\",\"logo\":{\"@type\":\"ImageObject\",\"inLanguage\":\"es-AR\",\"@id\":\"https:\\\/\\\/radioinfinitagoya.com.ar\\\/v1\\\/#\\\/schema\\\/logo\\\/image\\\/\",\"url\":\"https:\\\/\\\/radioinfinitagoya.com.ar\\\/v1\\\/wp-content\\\/uploads\\\/2019\\\/11\\\/logo-pie-web.png\",\"contentUrl\":\"https:\\\/\\\/radioinfinitagoya.com.ar\\\/v1\\\/wp-content\\\/uploads\\\/2019\\\/11\\\/logo-pie-web.png\",\"width\":635,\"height\":326,\"caption\":\"Radio Infinita Goya\"},\"image\":{\"@id\":\"https:\\\/\\\/radioinfinitagoya.com.ar\\\/v1\\\/#\\\/schema\\\/logo\\\/image\\\/\"},\"sameAs\":[\"https:\\\/\\\/www.facebook.com\\\/p\\\/Infinita-Goya-100063870918311\\\/\"]},{\"@type\":\"Person\",\"@id\":\"https:\\\/\\\/radioinfinitagoya.com.ar\\\/v1\\\/#\\\/schema\\\/person\\\/d4cf9c413d4f6edb24aabdccab49ca4a\",\"name\":\"Jorge Mi\u00f1o\",\"image\":{\"@type\":\"ImageObject\",\"inLanguage\":\"es-AR\",\"@id\":\"https:\\\/\\\/secure.gravatar.com\\\/avatar\\\/910fcf6728fe95320e07a6643c1581fec1c7fc4bf8ae12e3d8f0d0373dc844be?s=96&d=mm&r=g\",\"url\":\"https:\\\/\\\/secure.gravatar.com\\\/avatar\\\/910fcf6728fe95320e07a6643c1581fec1c7fc4bf8ae12e3d8f0d0373dc844be?s=96&d=mm&r=g\",\"contentUrl\":\"https:\\\/\\\/secure.gravatar.com\\\/avatar\\\/910fcf6728fe95320e07a6643c1581fec1c7fc4bf8ae12e3d8f0d0373dc844be?s=96&d=mm&r=g\",\"caption\":\"Jorge Mi\u00f1o\"},\"sameAs\":[\"http:\\\/\\\/radioinfinitagoya.com.ar\"]}]}<\/script>\n<!-- \/ Yoast SEO plugin. -->","yoast_head_json":{"title":"El Papa encabezar\u00eda un encuentro con sectores empresarios, sindicales y sociales en la UCA - Radio Infinita Goya","description":"El Vaticano eval\u00faa una propuesta de la Iglesia argentina para reunir al Sumo Pont\u00edfice con representantes de c\u00e1maras empresarias, la CGT, la CTA y","robots":{"index":"index","follow":"follow","max-snippet":"max-snippet:-1","max-image-preview":"max-image-preview:large","max-video-preview":"max-video-preview:-1"},"canonical":"https:\/\/radioinfinitagoya.com.ar\/v1\/2026\/09\/03\/el-papa-encabezaria-un-encuentro-con-sectores-empresarios-sindicales-y-sociales-en-la-uca\/","og_locale":"es_ES","og_type":"article","og_title":"El Papa encabezar\u00eda un encuentro con sectores empresarios, sindicales y sociales en la UCA - Radio Infinita Goya","og_description":"El Vaticano eval\u00faa una propuesta de la Iglesia argentina para reunir al Sumo Pont\u00edfice con representantes de c\u00e1maras empresarias, la CGT, la CTA y","og_url":"https:\/\/radioinfinitagoya.com.ar\/v1\/2026\/09\/03\/el-papa-encabezaria-un-encuentro-con-sectores-empresarios-sindicales-y-sociales-en-la-uca\/","og_site_name":"Radio Infinita Goya","article_publisher":"https:\/\/www.facebook.com\/p\/Infinita-Goya-100063870918311\/","article_published_time":"2026-09-03T18:39:43+00:00","og_image":[{"width":1200,"height":675,"url":"https:\/\/radioinfinitagoya.com.ar\/v1\/wp-content\/uploads\/2026\/09\/papa-leon-xiv-y-la-argentinajpg.webp","type":"image\/webp"}],"author":"Jorge Mi\u00f1o","twitter_card":"summary_large_image","twitter_misc":{"Escrito por":"Jorge Mi\u00f1o","Tiempo de lectura":"5 minutos"},"schema":{"@context":"https:\/\/schema.org","@graph":[{"@type":"Article","@id":"https:\/\/radioinfinitagoya.com.ar\/v1\/2026\/09\/03\/el-papa-encabezaria-un-encuentro-con-sectores-empresarios-sindicales-y-sociales-en-la-uca\/#article","isPartOf":{"@id":"https:\/\/radioinfinitagoya.com.ar\/v1\/2026\/09\/03\/el-papa-encabezaria-un-encuentro-con-sectores-empresarios-sindicales-y-sociales-en-la-uca\/"},"author":{"name":"Jorge Mi\u00f1o","@id":"https:\/\/radioinfinitagoya.com.ar\/v1\/#\/schema\/person\/d4cf9c413d4f6edb24aabdccab49ca4a"},"headline":"El Papa encabezar\u00eda un encuentro con sectores empresarios, sindicales y sociales en la UCA","datePublished":"2026-09-03T18:39:43+00:00","mainEntityOfPage":{"@id":"https:\/\/radioinfinitagoya.com.ar\/v1\/2026\/09\/03\/el-papa-encabezaria-un-encuentro-con-sectores-empresarios-sindicales-y-sociales-en-la-uca\/"},"wordCount":1037,"commentCount":0,"publisher":{"@id":"https:\/\/radioinfinitagoya.com.ar\/v1\/#organization"},"image":{"@id":"https:\/\/radioinfinitagoya.com.ar\/v1\/2026\/09\/03\/el-papa-encabezaria-un-encuentro-con-sectores-empresarios-sindicales-y-sociales-en-la-uca\/#primaryimage"},"thumbnailUrl":"https:\/\/radioinfinitagoya.com.ar\/v1\/wp-content\/uploads\/2026\/09\/papa-leon-xiv-y-la-argentinajpg.webp","articleSection":["PRINCIPAL"],"inLanguage":"es-AR","potentialAction":[{"@type":"CommentAction","name":"Comment","target":["https:\/\/radioinfinitagoya.com.ar\/v1\/2026\/09\/03\/el-papa-encabezaria-un-encuentro-con-sectores-empresarios-sindicales-y-sociales-en-la-uca\/#respond"]}]},{"@type":"WebPage","@id":"https:\/\/radioinfinitagoya.com.ar\/v1\/2026\/09\/03\/el-papa-encabezaria-un-encuentro-con-sectores-empresarios-sindicales-y-sociales-en-la-uca\/","url":"https:\/\/radioinfinitagoya.com.ar\/v1\/2026\/09\/03\/el-papa-encabezaria-un-encuentro-con-sectores-empresarios-sindicales-y-sociales-en-la-uca\/","name":"El Papa encabezar\u00eda un encuentro con sectores empresarios, sindicales y sociales en la UCA - Radio Infinita Goya","isPartOf":{"@id":"https:\/\/radioinfinitagoya.com.ar\/v1\/#website"},"primaryImageOfPage":{"@id":"https:\/\/radioinfinitagoya.com.ar\/v1\/2026\/09\/03\/el-papa-encabezaria-un-encuentro-con-sectores-empresarios-sindicales-y-sociales-en-la-uca\/#primaryimage"},"image":{"@id":"https:\/\/radioinfinitagoya.com.ar\/v1\/2026\/09\/03\/el-papa-encabezaria-un-encuentro-con-sectores-empresarios-sindicales-y-sociales-en-la-uca\/#primaryimage"},"thumbnailUrl":"https:\/\/radioinfinitagoya.com.ar\/v1\/wp-content\/uploads\/2026\/09\/papa-leon-xiv-y-la-argentinajpg.webp","datePublished":"2026-09-03T18:39:43+00:00","description":"El Vaticano eval\u00faa una propuesta de la Iglesia argentina para reunir al Sumo Pont\u00edfice con representantes de c\u00e1maras empresarias, la CGT, la CTA y","breadcrumb":{"@id":"https:\/\/radioinfinitagoya.com.ar\/v1\/2026\/09\/03\/el-papa-encabezaria-un-encuentro-con-sectores-empresarios-sindicales-y-sociales-en-la-uca\/#breadcrumb"},"inLanguage":"es-AR","potentialAction":[{"@type":"ReadAction","target":["https:\/\/radioinfinitagoya.com.ar\/v1\/2026\/09\/03\/el-papa-encabezaria-un-encuentro-con-sectores-empresarios-sindicales-y-sociales-en-la-uca\/"]}]},{"@type":"ImageObject","inLanguage":"es-AR","@id":"https:\/\/radioinfinitagoya.com.ar\/v1\/2026\/09\/03\/el-papa-encabezaria-un-encuentro-con-sectores-empresarios-sindicales-y-sociales-en-la-uca\/#primaryimage","url":"https:\/\/radioinfinitagoya.com.ar\/v1\/wp-content\/uploads\/2026\/09\/papa-leon-xiv-y-la-argentinajpg.webp","contentUrl":"https:\/\/radioinfinitagoya.com.ar\/v1\/wp-content\/uploads\/2026\/09\/papa-leon-xiv-y-la-argentinajpg.webp","width":1200,"height":675},{"@type":"BreadcrumbList","@id":"https:\/\/radioinfinitagoya.com.ar\/v1\/2026\/09\/03\/el-papa-encabezaria-un-encuentro-con-sectores-empresarios-sindicales-y-sociales-en-la-uca\/#breadcrumb","itemListElement":[{"@type":"ListItem","position":1,"name":"Inicio","item":"https:\/\/radioinfinitagoya.com.ar\/v1\/"},{"@type":"ListItem","position":2,"name":"El Papa encabezar\u00eda un encuentro con sectores empresarios, sindicales y sociales en la UCA"}]},{"@type":"WebSite","@id":"https:\/\/radioinfinitagoya.com.ar\/v1\/#website","url":"https:\/\/radioinfinitagoya.com.ar\/v1\/","name":"radioinfinitagoya.com.ar","description":"Radio de noticias","publisher":{"@id":"https:\/\/radioinfinitagoya.com.ar\/v1\/#organization"},"potentialAction":[{"@type":"SearchAction","target":{"@type":"EntryPoint","urlTemplate":"https:\/\/radioinfinitagoya.com.ar\/v1\/?s={search_term_string}"},"query-input":{"@type":"PropertyValueSpecification","valueRequired":true,"valueName":"search_term_string"}}],"inLanguage":"es-AR"},{"@type":"Organization","@id":"https:\/\/radioinfinitagoya.com.ar\/v1\/#organization","name":"Radio Infinita Goya","url":"https:\/\/radioinfinitagoya.com.ar\/v1\/","logo":{"@type":"ImageObject","inLanguage":"es-AR","@id":"https:\/\/radioinfinitagoya.com.ar\/v1\/#\/schema\/logo\/image\/","url":"https:\/\/radioinfinitagoya.com.ar\/v1\/wp-content\/uploads\/2019\/11\/logo-pie-web.png","contentUrl":"https:\/\/radioinfinitagoya.com.ar\/v1\/wp-content\/uploads\/2019\/11\/logo-pie-web.png","width":635,"height":326,"caption":"Radio Infinita Goya"},"image":{"@id":"https:\/\/radioinfinitagoya.com.ar\/v1\/#\/schema\/logo\/image\/"},"sameAs":["https:\/\/www.facebook.com\/p\/Infinita-Goya-100063870918311\/"]},{"@type":"Person","@id":"https:\/\/radioinfinitagoya.com.ar\/v1\/#\/schema\/person\/d4cf9c413d4f6edb24aabdccab49ca4a","name":"Jorge Mi\u00f1o","image":{"@type":"ImageObject","inLanguage":"es-AR","@id":"https:\/\/secure.gravatar.com\/avatar\/910fcf6728fe95320e07a6643c1581fec1c7fc4bf8ae12e3d8f0d0373dc844be?s=96&d=mm&r=g","url":"https:\/\/secure.gravatar.com\/avatar\/910fcf6728fe95320e07a6643c1581fec1c7fc4bf8ae12e3d8f0d0373dc844be?s=96&d=mm&r=g","contentUrl":"https:\/\/secure.gravatar.com\/avatar\/910fcf6728fe95320e07a6643c1581fec1c7fc4bf8ae12e3d8f0d0373dc844be?s=96&d=mm&r=g","caption":"Jorge Mi\u00f1o"},"sameAs":["http:\/\/radioinfinitagoya.com.ar"]}]}},"_links":{"self":[{"href":"https:\/\/radioinfinitagoya.com.ar\/v1\/wp-json\/wp\/v2\/posts\/226652","targetHints":{"allow":["GET"]}}],"collection":[{"href":"https:\/\/radioinfinitagoya.com.ar\/v1\/wp-json\/wp\/v2\/posts"}],"about":[{"href":"https:\/\/radioinfinitagoya.com.ar\/v1\/wp-json\/wp\/v2\/types\/post"}],"author":[{"embeddable":true,"href":"https:\/\/radioinfinitagoya.com.ar\/v1\/wp-json\/wp\/v2\/users\/4"}],"replies":[{"embeddable":true,"href":"https:\/\/radioinfinitagoya.com.ar\/v1\/wp-json\/wp\/v2\/comments?post=226652"}],"version-history":[{"count":1,"href":"https:\/\/radioinfinitagoya.com.ar\/v1\/wp-json\/wp\/v2\/posts\/226652\/revisions"}],"predecessor-version":[{"id":226654,"href":"https:\/\/radioinfinitagoya.com.ar\/v1\/wp-json\/wp\/v2\/posts\/226652\/revisions\/226654"}],"wp:featuredmedia":[{"embeddable":true,"href":"https:\/\/radioinfinitagoya.com.ar\/v1\/wp-json\/wp\/v2\/media\/226653"}],"wp:attachment":[{"href":"https:\/\/radioinfinitagoya.com.ar\/v1\/wp-json\/wp\/v2\/media?parent=226652"}],"wp:term":[{"taxonomy":"category","embeddable":true,"href":"https:\/\/radioinfinitagoya.com.ar\/v1\/wp-json\/wp\/v2\/categories?post=226652"},{"taxonomy":"post_tag","embeddable":true,"href":"https:\/\/radioinfinitagoya.com.ar\/v1\/wp-json\/wp\/v2\/tags?post=226652"}],"curies":[{"name":"wp","href":"https:\/\/api.w.org\/{rel}","templated":true}]}}