{"id":226655,"date":"2026-09-03T15:44:55","date_gmt":"2026-09-03T18:44:55","guid":{"rendered":"https:\/\/radioinfinitagoya.com.ar\/v1\/?p=226655"},"modified":"2026-09-03T15:44:55","modified_gmt":"2026-09-03T18:44:55","slug":"donald-trump-fue-consultado-por-las-islas-malvinas","status":"publish","type":"post","link":"https:\/\/radioinfinitagoya.com.ar\/v1\/2026\/09\/03\/donald-trump-fue-consultado-por-las-islas-malvinas\/","title":{"rendered":"Donald Trump fue consultado por las islas Malvinas"},"content":{"rendered":"<p>Y habl\u00f3 de la decepci\u00f3n con el Reino Unido por su falta de ayuda en Ir\u00e1n<\/p>\n<p>El mandatario estadounidense evoc\u00f3 el conflicto de 1982, respondi\u00f3 sobre un eventual respaldo a Londres y critic\u00f3 la ausencia de embarcaciones brit\u00e1nicas durante las operaciones en el estrecho de Ormuz<\/p>\n<p>El presidente de Estados Unidos, Donald Trump, critic\u00f3 este jueves al Reino Unido por no haber brindado apoyo militar durante la guerra en Ir\u00e1n, al tiempo que se mostr\u00f3 evasivo sobre si respaldar\u00eda a Londres en una eventual disputa por la soberan\u00eda de las Islas Malvinas.<\/p>\n<p>Las declaraciones surgieron en el marco de una entrevista concedida a la cadena brit\u00e1nica GB News publicada horas antes de un esperado discurso del jefe de Estado argentino, Javier Milei, sobre el archipi\u00e9lago.<\/p>\n<p>Trump cuestion\u00f3 la capacidad militar brit\u00e1nica y se\u00f1al\u00f3 que el Reino Unido depende en gran medida del estrecho de Ormuz para su suministro de petr\u00f3leo, lo que hace a\u00fan m\u00e1s llamativa, seg\u00fan \u00e9l, su ausencia en el conflicto.<\/p>\n<p>\u201cTu pa\u00eds no est\u00e1 yendo bien. No olvides que obtiene un gran porcentaje de su petr\u00f3leo del estrecho de Ormuz, y no estuvieron all\u00ed para ayudarme\u201d, afirm\u00f3 el mandatario a la periodista.<\/p>\n<p>Luego relat\u00f3 que solicit\u00f3 colaboraci\u00f3n a la OTAN y al entonces l\u00edder brit\u00e1nico (Keir Starmer), quien le habr\u00eda respondido que no dispon\u00eda de embarcaciones. \u201cDije a la OTAN, y le pregunt\u00e9 a tu ex l\u00edder: \u2018\u00bfPor qu\u00e9 no enviaste un par de barcos?\u2019. Me dijo que no ten\u00edan y fue bastante triste todo el asunto\u201d, declar\u00f3.<\/p>\n<p>Trump evoc\u00f3 la Guerra de Malvinas y evit\u00f3 comprometerse con el Reino Unido<br \/>\nEn cuanto a las Malvinas, la presentadora Bev Turner consult\u00f3 a Trump si Estados Unidos respaldar\u00eda al Reino Unido ante un eventual reclamo de soberan\u00eda de parte de Argentina, en un contexto en el que el presidente Milei prepara una declaraci\u00f3n sobre el conflicto.<\/p>\n<p>El mandatario norteamericano record\u00f3 haber seguido el conflicto b\u00e9lico de 1982: \u201cEstuve all\u00ed cuando fue la primera guerra. Fue hace mucho tiempo y lo observ\u00e9 muy de cerca, y ustedes (el Reino Unido) se condujeron muy bien. Las recuperaron con bastante firmeza, pero eso qued\u00f3 muy lejos. Es un viaje largo, un largo camino\u201d.<\/p>\n<p>Reacciones en Londres<br \/>\nLa ministra laborista Anna Turley respondi\u00f3 a las declaraciones del presidente estadounidense y reafirm\u00f3 la posici\u00f3n del gobierno frente a GB News: \u201cLas Malvinas son brit\u00e1nicas y seguir\u00e1n siendo brit\u00e1nicas\u201d, indic\u00f3.<\/p>\n<p>Consultado por Turner sobre si se hab\u00eda sentido \u201cherido\u201d por la falta de respaldo del Reino Unido durante la guerra en Ir\u00e1n, Trump opt\u00f3 por reencuadrar la situaci\u00f3n: \u201cNo me sent\u00ed herido&#8230; Lo llamo un proceso de aprendizaje\u201d.<\/p>\n<p><img loading=\"lazy\" decoding=\"async\" class=\"alignnone size-medium wp-image-226657\" src=\"https:\/\/radioinfinitagoya.com.ar\/v1\/wp-content\/uploads\/2026\/09\/56HENUCJCNAXZFLXKSLAMLUSAY-600x401.jpg\" alt=\"\" width=\"600\" height=\"401\" srcset=\"https:\/\/radioinfinitagoya.com.ar\/v1\/wp-content\/uploads\/2026\/09\/56HENUCJCNAXZFLXKSLAMLUSAY-600x401.jpg 600w, https:\/\/radioinfinitagoya.com.ar\/v1\/wp-content\/uploads\/2026\/09\/56HENUCJCNAXZFLXKSLAMLUSAY-150x100.jpg 150w, https:\/\/radioinfinitagoya.com.ar\/v1\/wp-content\/uploads\/2026\/09\/56HENUCJCNAXZFLXKSLAMLUSAY-768x513.jpg 768w, https:\/\/radioinfinitagoya.com.ar\/v1\/wp-content\/uploads\/2026\/09\/56HENUCJCNAXZFLXKSLAMLUSAY-628x420.jpg 628w, https:\/\/radioinfinitagoya.com.ar\/v1\/wp-content\/uploads\/2026\/09\/56HENUCJCNAXZFLXKSLAMLUSAY-696x465.jpg 696w, https:\/\/radioinfinitagoya.com.ar\/v1\/wp-content\/uploads\/2026\/09\/56HENUCJCNAXZFLXKSLAMLUSAY.avif 992w\" sizes=\"auto, (max-width: 600px) 100vw, 600px\" \/><\/p>\n<p>Milei hablar\u00e1 en cadena nacional sobre el tema Malvinas<\/p>\n<p>Desde que el presidente Javier Milei anunci\u00f3 que hablar\u00eda en cadena nacional sobre el tema, el Gobierno argentino mantuvo bajo un fuerte hermetismo toda informaci\u00f3n respecto de las \u00faltimas novedades en cuanto al reclamo de soberan\u00eda de las islas Malvinas, aunque se concentr\u00f3 en, al mismo tiempo, generar expectativa sobre el comunicado.<\/p>\n<p>En todas las \u00e1reas del Gobierno estaba la instrucci\u00f3n clara de no adelantar nada de la cadena nacional que el presidente va a encabezar, de la cual solamente se sabe que ser\u00e1 a las 21:00, hora argentina.<\/p>\n<p>La informaci\u00f3n que brindar\u00e1 el mandatario fue coordinada con los equipos de Canciller\u00eda, que comanda Pablo Quirno, y de la Secretar\u00eda de Inteligencia del Estado (SIDE), que dirige Cristian Auguadra.<\/p>\n<p>Seg\u00fan trascendi\u00f3, en los \u00faltimos d\u00edas habr\u00eda habido una reuni\u00f3n de los dos funcionarios con Milei. El mi\u00e9rcoles tambi\u00e9n sorprendi\u00f3 el ingreso a la Casa Rosada de un empresario brit\u00e1nico que, de igual forma, tuvo una reuni\u00f3n bajo un estricto hermetismo.<\/p>\n<p>&nbsp;<\/p>\n<p>&nbsp;<\/p>\n","protected":false},"excerpt":{"rendered":"<p>Y habl\u00f3 de la decepci\u00f3n con el Reino Unido por su falta de ayuda en Ir\u00e1n El mandatario estadounidense evoc\u00f3 el conflicto de 1982, respondi\u00f3 sobre un eventual respaldo a Londres y critic\u00f3 la ausencia de embarcaciones brit\u00e1nicas durante las operaciones en el estrecho de Ormuz El presidente de Estados Unidos, Donald Trump, critic\u00f3 este [&hellip;]<\/p>\n","protected":false},"author":4,"featured_media":226656,"comment_status":"open","ping_status":"open","sticky":false,"template":"","format":"standard","meta":{"_joinchat":[],"footnotes":""},"categories":[25],"tags":[],"class_list":["post-226655","post","type-post","status-publish","format-standard","has-post-thumbnail","category-destacados"],"yoast_head":"<!-- This site is optimized with the Yoast SEO plugin v27.7 - https:\/\/yoast.com\/product\/yoast-seo-wordpress\/ -->\n<title>Donald Trump fue consultado por las islas Malvinas - Radio Infinita Goya<\/title>\n<meta name=\"description\" content=\"Y habl\u00f3 de la decepci\u00f3n con el Reino Unido por su falta de ayuda en Ir\u00e1n El mandatario estadounidense evoc\u00f3 el conflicto de 1982, respondi\u00f3 sobre un\" \/>\n<meta name=\"robots\" content=\"index, follow, max-snippet:-1, max-image-preview:large, max-video-preview:-1\" \/>\n<link rel=\"canonical\" href=\"https:\/\/radioinfinitagoya.com.ar\/v1\/2026\/09\/03\/donald-trump-fue-consultado-por-las-islas-malvinas\/\" \/>\n<meta property=\"og:locale\" content=\"es_ES\" \/>\n<meta property=\"og:type\" content=\"article\" \/>\n<meta property=\"og:title\" content=\"Donald Trump fue consultado por las islas Malvinas - Radio Infinita Goya\" \/>\n<meta property=\"og:description\" content=\"Y habl\u00f3 de la decepci\u00f3n con el Reino Unido por su falta de ayuda en Ir\u00e1n El mandatario estadounidense evoc\u00f3 el conflicto de 1982, respondi\u00f3 sobre un\" \/>\n<meta property=\"og:url\" content=\"https:\/\/radioinfinitagoya.com.ar\/v1\/2026\/09\/03\/donald-trump-fue-consultado-por-las-islas-malvinas\/\" \/>\n<meta property=\"og:site_name\" content=\"Radio Infinita Goya\" \/>\n<meta property=\"article:publisher\" content=\"https:\/\/www.facebook.com\/p\/Infinita-Goya-100063870918311\/\" \/>\n<meta property=\"article:published_time\" content=\"2026-09-03T18:44:55+00:00\" \/>\n<meta name=\"author\" content=\"Jorge Mi\u00f1o\" \/>\n<meta name=\"twitter:card\" content=\"summary_large_image\" \/>\n<meta name=\"twitter:label1\" content=\"Escrito por\" \/>\n\t<meta name=\"twitter:data1\" content=\"Jorge Mi\u00f1o\" \/>\n\t<meta name=\"twitter:label2\" content=\"Tiempo de lectura\" \/>\n\t<meta name=\"twitter:data2\" content=\"4 minutos\" \/>\n<script type=\"application\/ld+json\" class=\"yoast-schema-graph\">{\"@context\":\"https:\\\/\\\/schema.org\",\"@graph\":[{\"@type\":\"Article\",\"@id\":\"https:\\\/\\\/radioinfinitagoya.com.ar\\\/v1\\\/2026\\\/09\\\/03\\\/donald-trump-fue-consultado-por-las-islas-malvinas\\\/#article\",\"isPartOf\":{\"@id\":\"https:\\\/\\\/radioinfinitagoya.com.ar\\\/v1\\\/2026\\\/09\\\/03\\\/donald-trump-fue-consultado-por-las-islas-malvinas\\\/\"},\"author\":{\"name\":\"Jorge Mi\u00f1o\",\"@id\":\"https:\\\/\\\/radioinfinitagoya.com.ar\\\/v1\\\/#\\\/schema\\\/person\\\/d4cf9c413d4f6edb24aabdccab49ca4a\"},\"headline\":\"Donald Trump fue consultado por las islas Malvinas\",\"datePublished\":\"2026-09-03T18:44:55+00:00\",\"mainEntityOfPage\":{\"@id\":\"https:\\\/\\\/radioinfinitagoya.com.ar\\\/v1\\\/2026\\\/09\\\/03\\\/donald-trump-fue-consultado-por-las-islas-malvinas\\\/\"},\"wordCount\":659,\"commentCount\":0,\"publisher\":{\"@id\":\"https:\\\/\\\/radioinfinitagoya.com.ar\\\/v1\\\/#organization\"},\"image\":{\"@id\":\"https:\\\/\\\/radioinfinitagoya.com.ar\\\/v1\\\/2026\\\/09\\\/03\\\/donald-trump-fue-consultado-por-las-islas-malvinas\\\/#primaryimage\"},\"thumbnailUrl\":\"https:\\\/\\\/radioinfinitagoya.com.ar\\\/v1\\\/wp-content\\\/uploads\\\/2026\\\/09\\\/OWVGMCECZVDIFKA56OPR4JNC4E.avif\",\"articleSection\":[\"DESTACADOS\"],\"inLanguage\":\"es-AR\",\"potentialAction\":[{\"@type\":\"CommentAction\",\"name\":\"Comment\",\"target\":[\"https:\\\/\\\/radioinfinitagoya.com.ar\\\/v1\\\/2026\\\/09\\\/03\\\/donald-trump-fue-consultado-por-las-islas-malvinas\\\/#respond\"]}]},{\"@type\":\"WebPage\",\"@id\":\"https:\\\/\\\/radioinfinitagoya.com.ar\\\/v1\\\/2026\\\/09\\\/03\\\/donald-trump-fue-consultado-por-las-islas-malvinas\\\/\",\"url\":\"https:\\\/\\\/radioinfinitagoya.com.ar\\\/v1\\\/2026\\\/09\\\/03\\\/donald-trump-fue-consultado-por-las-islas-malvinas\\\/\",\"name\":\"Donald Trump fue consultado por las islas Malvinas - Radio Infinita Goya\",\"isPartOf\":{\"@id\":\"https:\\\/\\\/radioinfinitagoya.com.ar\\\/v1\\\/#website\"},\"primaryImageOfPage\":{\"@id\":\"https:\\\/\\\/radioinfinitagoya.com.ar\\\/v1\\\/2026\\\/09\\\/03\\\/donald-trump-fue-consultado-por-las-islas-malvinas\\\/#primaryimage\"},\"image\":{\"@id\":\"https:\\\/\\\/radioinfinitagoya.com.ar\\\/v1\\\/2026\\\/09\\\/03\\\/donald-trump-fue-consultado-por-las-islas-malvinas\\\/#primaryimage\"},\"thumbnailUrl\":\"https:\\\/\\\/radioinfinitagoya.com.ar\\\/v1\\\/wp-content\\\/uploads\\\/2026\\\/09\\\/OWVGMCECZVDIFKA56OPR4JNC4E.avif\",\"datePublished\":\"2026-09-03T18:44:55+00:00\",\"description\":\"Y habl\u00f3 de la decepci\u00f3n con el Reino Unido por su falta de ayuda en Ir\u00e1n El mandatario estadounidense evoc\u00f3 el conflicto de 1982, respondi\u00f3 sobre un\",\"breadcrumb\":{\"@id\":\"https:\\\/\\\/radioinfinitagoya.com.ar\\\/v1\\\/2026\\\/09\\\/03\\\/donald-trump-fue-consultado-por-las-islas-malvinas\\\/#breadcrumb\"},\"inLanguage\":\"es-AR\",\"potentialAction\":[{\"@type\":\"ReadAction\",\"target\":[\"https:\\\/\\\/radioinfinitagoya.com.ar\\\/v1\\\/2026\\\/09\\\/03\\\/donald-trump-fue-consultado-por-las-islas-malvinas\\\/\"]}]},{\"@type\":\"ImageObject\",\"inLanguage\":\"es-AR\",\"@id\":\"https:\\\/\\\/radioinfinitagoya.com.ar\\\/v1\\\/2026\\\/09\\\/03\\\/donald-trump-fue-consultado-por-las-islas-malvinas\\\/#primaryimage\",\"url\":\"https:\\\/\\\/radioinfinitagoya.com.ar\\\/v1\\\/wp-content\\\/uploads\\\/2026\\\/09\\\/OWVGMCECZVDIFKA56OPR4JNC4E.avif\",\"contentUrl\":\"https:\\\/\\\/radioinfinitagoya.com.ar\\\/v1\\\/wp-content\\\/uploads\\\/2026\\\/09\\\/OWVGMCECZVDIFKA56OPR4JNC4E.avif\",\"width\":992,\"height\":661},{\"@type\":\"BreadcrumbList\",\"@id\":\"https:\\\/\\\/radioinfinitagoya.com.ar\\\/v1\\\/2026\\\/09\\\/03\\\/donald-trump-fue-consultado-por-las-islas-malvinas\\\/#breadcrumb\",\"itemListElement\":[{\"@type\":\"ListItem\",\"position\":1,\"name\":\"Inicio\",\"item\":\"https:\\\/\\\/radioinfinitagoya.com.ar\\\/v1\\\/\"},{\"@type\":\"ListItem\",\"position\":2,\"name\":\"Donald Trump fue consultado por las islas Malvinas\"}]},{\"@type\":\"WebSite\",\"@id\":\"https:\\\/\\\/radioinfinitagoya.com.ar\\\/v1\\\/#website\",\"url\":\"https:\\\/\\\/radioinfinitagoya.com.ar\\\/v1\\\/\",\"name\":\"radioinfinitagoya.com.ar\",\"description\":\"Radio de noticias\",\"publisher\":{\"@id\":\"https:\\\/\\\/radioinfinitagoya.com.ar\\\/v1\\\/#organization\"},\"potentialAction\":[{\"@type\":\"SearchAction\",\"target\":{\"@type\":\"EntryPoint\",\"urlTemplate\":\"https:\\\/\\\/radioinfinitagoya.com.ar\\\/v1\\\/?s={search_term_string}\"},\"query-input\":{\"@type\":\"PropertyValueSpecification\",\"valueRequired\":true,\"valueName\":\"search_term_string\"}}],\"inLanguage\":\"es-AR\"},{\"@type\":\"Organization\",\"@id\":\"https:\\\/\\\/radioinfinitagoya.com.ar\\\/v1\\\/#organization\",\"name\":\"Radio Infinita Goya\",\"url\":\"https:\\\/\\\/radioinfinitagoya.com.ar\\\/v1\\\/\",\"logo\":{\"@type\":\"ImageObject\",\"inLanguage\":\"es-AR\",\"@id\":\"https:\\\/\\\/radioinfinitagoya.com.ar\\\/v1\\\/#\\\/schema\\\/logo\\\/image\\\/\",\"url\":\"https:\\\/\\\/radioinfinitagoya.com.ar\\\/v1\\\/wp-content\\\/uploads\\\/2019\\\/11\\\/logo-pie-web.png\",\"contentUrl\":\"https:\\\/\\\/radioinfinitagoya.com.ar\\\/v1\\\/wp-content\\\/uploads\\\/2019\\\/11\\\/logo-pie-web.png\",\"width\":635,\"height\":326,\"caption\":\"Radio Infinita Goya\"},\"image\":{\"@id\":\"https:\\\/\\\/radioinfinitagoya.com.ar\\\/v1\\\/#\\\/schema\\\/logo\\\/image\\\/\"},\"sameAs\":[\"https:\\\/\\\/www.facebook.com\\\/p\\\/Infinita-Goya-100063870918311\\\/\"]},{\"@type\":\"Person\",\"@id\":\"https:\\\/\\\/radioinfinitagoya.com.ar\\\/v1\\\/#\\\/schema\\\/person\\\/d4cf9c413d4f6edb24aabdccab49ca4a\",\"name\":\"Jorge Mi\u00f1o\",\"image\":{\"@type\":\"ImageObject\",\"inLanguage\":\"es-AR\",\"@id\":\"https:\\\/\\\/secure.gravatar.com\\\/avatar\\\/910fcf6728fe95320e07a6643c1581fec1c7fc4bf8ae12e3d8f0d0373dc844be?s=96&d=mm&r=g\",\"url\":\"https:\\\/\\\/secure.gravatar.com\\\/avatar\\\/910fcf6728fe95320e07a6643c1581fec1c7fc4bf8ae12e3d8f0d0373dc844be?s=96&d=mm&r=g\",\"contentUrl\":\"https:\\\/\\\/secure.gravatar.com\\\/avatar\\\/910fcf6728fe95320e07a6643c1581fec1c7fc4bf8ae12e3d8f0d0373dc844be?s=96&d=mm&r=g\",\"caption\":\"Jorge Mi\u00f1o\"},\"sameAs\":[\"http:\\\/\\\/radioinfinitagoya.com.ar\"]}]}<\/script>\n<!-- \/ Yoast SEO plugin. -->","yoast_head_json":{"title":"Donald Trump fue consultado por las islas Malvinas - Radio Infinita Goya","description":"Y habl\u00f3 de la decepci\u00f3n con el Reino Unido por su falta de ayuda en Ir\u00e1n El mandatario estadounidense evoc\u00f3 el conflicto de 1982, respondi\u00f3 sobre un","robots":{"index":"index","follow":"follow","max-snippet":"max-snippet:-1","max-image-preview":"max-image-preview:large","max-video-preview":"max-video-preview:-1"},"canonical":"https:\/\/radioinfinitagoya.com.ar\/v1\/2026\/09\/03\/donald-trump-fue-consultado-por-las-islas-malvinas\/","og_locale":"es_ES","og_type":"article","og_title":"Donald Trump fue consultado por las islas Malvinas - Radio Infinita Goya","og_description":"Y habl\u00f3 de la decepci\u00f3n con el Reino Unido por su falta de ayuda en Ir\u00e1n El mandatario estadounidense evoc\u00f3 el conflicto de 1982, respondi\u00f3 sobre un","og_url":"https:\/\/radioinfinitagoya.com.ar\/v1\/2026\/09\/03\/donald-trump-fue-consultado-por-las-islas-malvinas\/","og_site_name":"Radio Infinita Goya","article_publisher":"https:\/\/www.facebook.com\/p\/Infinita-Goya-100063870918311\/","article_published_time":"2026-09-03T18:44:55+00:00","author":"Jorge Mi\u00f1o","twitter_card":"summary_large_image","twitter_misc":{"Escrito por":"Jorge Mi\u00f1o","Tiempo de lectura":"4 minutos"},"schema":{"@context":"https:\/\/schema.org","@graph":[{"@type":"Article","@id":"https:\/\/radioinfinitagoya.com.ar\/v1\/2026\/09\/03\/donald-trump-fue-consultado-por-las-islas-malvinas\/#article","isPartOf":{"@id":"https:\/\/radioinfinitagoya.com.ar\/v1\/2026\/09\/03\/donald-trump-fue-consultado-por-las-islas-malvinas\/"},"author":{"name":"Jorge Mi\u00f1o","@id":"https:\/\/radioinfinitagoya.com.ar\/v1\/#\/schema\/person\/d4cf9c413d4f6edb24aabdccab49ca4a"},"headline":"Donald Trump fue consultado por las islas Malvinas","datePublished":"2026-09-03T18:44:55+00:00","mainEntityOfPage":{"@id":"https:\/\/radioinfinitagoya.com.ar\/v1\/2026\/09\/03\/donald-trump-fue-consultado-por-las-islas-malvinas\/"},"wordCount":659,"commentCount":0,"publisher":{"@id":"https:\/\/radioinfinitagoya.com.ar\/v1\/#organization"},"image":{"@id":"https:\/\/radioinfinitagoya.com.ar\/v1\/2026\/09\/03\/donald-trump-fue-consultado-por-las-islas-malvinas\/#primaryimage"},"thumbnailUrl":"https:\/\/radioinfinitagoya.com.ar\/v1\/wp-content\/uploads\/2026\/09\/OWVGMCECZVDIFKA56OPR4JNC4E.avif","articleSection":["DESTACADOS"],"inLanguage":"es-AR","potentialAction":[{"@type":"CommentAction","name":"Comment","target":["https:\/\/radioinfinitagoya.com.ar\/v1\/2026\/09\/03\/donald-trump-fue-consultado-por-las-islas-malvinas\/#respond"]}]},{"@type":"WebPage","@id":"https:\/\/radioinfinitagoya.com.ar\/v1\/2026\/09\/03\/donald-trump-fue-consultado-por-las-islas-malvinas\/","url":"https:\/\/radioinfinitagoya.com.ar\/v1\/2026\/09\/03\/donald-trump-fue-consultado-por-las-islas-malvinas\/","name":"Donald Trump fue consultado por las islas Malvinas - Radio Infinita Goya","isPartOf":{"@id":"https:\/\/radioinfinitagoya.com.ar\/v1\/#website"},"primaryImageOfPage":{"@id":"https:\/\/radioinfinitagoya.com.ar\/v1\/2026\/09\/03\/donald-trump-fue-consultado-por-las-islas-malvinas\/#primaryimage"},"image":{"@id":"https:\/\/radioinfinitagoya.com.ar\/v1\/2026\/09\/03\/donald-trump-fue-consultado-por-las-islas-malvinas\/#primaryimage"},"thumbnailUrl":"https:\/\/radioinfinitagoya.com.ar\/v1\/wp-content\/uploads\/2026\/09\/OWVGMCECZVDIFKA56OPR4JNC4E.avif","datePublished":"2026-09-03T18:44:55+00:00","description":"Y habl\u00f3 de la decepci\u00f3n con el Reino Unido por su falta de ayuda en Ir\u00e1n El mandatario estadounidense evoc\u00f3 el conflicto de 1982, respondi\u00f3 sobre un","breadcrumb":{"@id":"https:\/\/radioinfinitagoya.com.ar\/v1\/2026\/09\/03\/donald-trump-fue-consultado-por-las-islas-malvinas\/#breadcrumb"},"inLanguage":"es-AR","potentialAction":[{"@type":"ReadAction","target":["https:\/\/radioinfinitagoya.com.ar\/v1\/2026\/09\/03\/donald-trump-fue-consultado-por-las-islas-malvinas\/"]}]},{"@type":"ImageObject","inLanguage":"es-AR","@id":"https:\/\/radioinfinitagoya.com.ar\/v1\/2026\/09\/03\/donald-trump-fue-consultado-por-las-islas-malvinas\/#primaryimage","url":"https:\/\/radioinfinitagoya.com.ar\/v1\/wp-content\/uploads\/2026\/09\/OWVGMCECZVDIFKA56OPR4JNC4E.avif","contentUrl":"https:\/\/radioinfinitagoya.com.ar\/v1\/wp-content\/uploads\/2026\/09\/OWVGMCECZVDIFKA56OPR4JNC4E.avif","width":992,"height":661},{"@type":"BreadcrumbList","@id":"https:\/\/radioinfinitagoya.com.ar\/v1\/2026\/09\/03\/donald-trump-fue-consultado-por-las-islas-malvinas\/#breadcrumb","itemListElement":[{"@type":"ListItem","position":1,"name":"Inicio","item":"https:\/\/radioinfinitagoya.com.ar\/v1\/"},{"@type":"ListItem","position":2,"name":"Donald Trump fue consultado por las islas Malvinas"}]},{"@type":"WebSite","@id":"https:\/\/radioinfinitagoya.com.ar\/v1\/#website","url":"https:\/\/radioinfinitagoya.com.ar\/v1\/","name":"radioinfinitagoya.com.ar","description":"Radio de noticias","publisher":{"@id":"https:\/\/radioinfinitagoya.com.ar\/v1\/#organization"},"potentialAction":[{"@type":"SearchAction","target":{"@type":"EntryPoint","urlTemplate":"https:\/\/radioinfinitagoya.com.ar\/v1\/?s={search_term_string}"},"query-input":{"@type":"PropertyValueSpecification","valueRequired":true,"valueName":"search_term_string"}}],"inLanguage":"es-AR"},{"@type":"Organization","@id":"https:\/\/radioinfinitagoya.com.ar\/v1\/#organization","name":"Radio Infinita Goya","url":"https:\/\/radioinfinitagoya.com.ar\/v1\/","logo":{"@type":"ImageObject","inLanguage":"es-AR","@id":"https:\/\/radioinfinitagoya.com.ar\/v1\/#\/schema\/logo\/image\/","url":"https:\/\/radioinfinitagoya.com.ar\/v1\/wp-content\/uploads\/2019\/11\/logo-pie-web.png","contentUrl":"https:\/\/radioinfinitagoya.com.ar\/v1\/wp-content\/uploads\/2019\/11\/logo-pie-web.png","width":635,"height":326,"caption":"Radio Infinita Goya"},"image":{"@id":"https:\/\/radioinfinitagoya.com.ar\/v1\/#\/schema\/logo\/image\/"},"sameAs":["https:\/\/www.facebook.com\/p\/Infinita-Goya-100063870918311\/"]},{"@type":"Person","@id":"https:\/\/radioinfinitagoya.com.ar\/v1\/#\/schema\/person\/d4cf9c413d4f6edb24aabdccab49ca4a","name":"Jorge Mi\u00f1o","image":{"@type":"ImageObject","inLanguage":"es-AR","@id":"https:\/\/secure.gravatar.com\/avatar\/910fcf6728fe95320e07a6643c1581fec1c7fc4bf8ae12e3d8f0d0373dc844be?s=96&d=mm&r=g","url":"https:\/\/secure.gravatar.com\/avatar\/910fcf6728fe95320e07a6643c1581fec1c7fc4bf8ae12e3d8f0d0373dc844be?s=96&d=mm&r=g","contentUrl":"https:\/\/secure.gravatar.com\/avatar\/910fcf6728fe95320e07a6643c1581fec1c7fc4bf8ae12e3d8f0d0373dc844be?s=96&d=mm&r=g","caption":"Jorge Mi\u00f1o"},"sameAs":["http:\/\/radioinfinitagoya.com.ar"]}]}},"_links":{"self":[{"href":"https:\/\/radioinfinitagoya.com.ar\/v1\/wp-json\/wp\/v2\/posts\/226655","targetHints":{"allow":["GET"]}}],"collection":[{"href":"https:\/\/radioinfinitagoya.com.ar\/v1\/wp-json\/wp\/v2\/posts"}],"about":[{"href":"https:\/\/radioinfinitagoya.com.ar\/v1\/wp-json\/wp\/v2\/types\/post"}],"author":[{"embeddable":true,"href":"https:\/\/radioinfinitagoya.com.ar\/v1\/wp-json\/wp\/v2\/users\/4"}],"replies":[{"embeddable":true,"href":"https:\/\/radioinfinitagoya.com.ar\/v1\/wp-json\/wp\/v2\/comments?post=226655"}],"version-history":[{"count":1,"href":"https:\/\/radioinfinitagoya.com.ar\/v1\/wp-json\/wp\/v2\/posts\/226655\/revisions"}],"predecessor-version":[{"id":226658,"href":"https:\/\/radioinfinitagoya.com.ar\/v1\/wp-json\/wp\/v2\/posts\/226655\/revisions\/226658"}],"wp:featuredmedia":[{"embeddable":true,"href":"https:\/\/radioinfinitagoya.com.ar\/v1\/wp-json\/wp\/v2\/media\/226656"}],"wp:attachment":[{"href":"https:\/\/radioinfinitagoya.com.ar\/v1\/wp-json\/wp\/v2\/media?parent=226655"}],"wp:term":[{"taxonomy":"category","embeddable":true,"href":"https:\/\/radioinfinitagoya.com.ar\/v1\/wp-json\/wp\/v2\/categories?post=226655"},{"taxonomy":"post_tag","embeddable":true,"href":"https:\/\/radioinfinitagoya.com.ar\/v1\/wp-json\/wp\/v2\/tags?post=226655"}],"curies":[{"name":"wp","href":"https:\/\/api.w.org\/{rel}","templated":true}]}}