{"id":226664,"date":"2026-09-03T19:21:41","date_gmt":"2026-09-03T22:21:41","guid":{"rendered":"https:\/\/radioinfinitagoya.com.ar\/v1\/?p=226664"},"modified":"2026-09-03T19:21:41","modified_gmt":"2026-09-03T22:21:41","slug":"salud-y-seguridad-formalizaron-el-protocolo-de-actuacion-ante-casos-de-suicidio","status":"publish","type":"post","link":"https:\/\/radioinfinitagoya.com.ar\/v1\/2026\/09\/03\/salud-y-seguridad-formalizaron-el-protocolo-de-actuacion-ante-casos-de-suicidio\/","title":{"rendered":"Salud y Seguridad formalizaron el protocolo de actuaci\u00f3n ante casos de suicidio"},"content":{"rendered":"<p>Los ministros Emilio Lanari y Ad\u00e1n Gaya firmaron un plan de acci\u00f3n para abordar situaciones de crisis en el puente &#8220;General Manuel Belgrano&#8221;. El protocolo detalla c\u00f3mo deben intervenir diferentes partes de las instituciones del Gobierno.<\/p>\n<p>Los ministros de Salud P\u00fablica, Emilio Lanari, y de Seguridad, Ad\u00e1n Gaya, firmaron este jueves un plan de acci\u00f3n para abordar casos de suicidio en el Puente interprovincial &#8220;General Manuel Belgrano&#8221;. El mismo, viene a formalizar una tarea que se est\u00e1 llevando a cabo desde diferentes \u00e1reas del Gobierno provincial y tambi\u00e9n en conjunto con un grupo de la sociedad civil.<\/p>\n<p><img loading=\"lazy\" decoding=\"async\" class=\"alignnone size-full wp-image-226666\" src=\"https:\/\/radioinfinitagoya.com.ar\/v1\/wp-content\/uploads\/2026\/09\/imagen-112034.jpg\" alt=\"\" width=\"560\" height=\"374\" srcset=\"https:\/\/radioinfinitagoya.com.ar\/v1\/wp-content\/uploads\/2026\/09\/imagen-112034.jpg 560w, https:\/\/radioinfinitagoya.com.ar\/v1\/wp-content\/uploads\/2026\/09\/imagen-112034-150x100.jpg 150w\" sizes=\"auto, (max-width: 560px) 100vw, 560px\" \/><\/p>\n<p>El objetivo del Protocolo de Intervenci\u00f3n y Asistencia a Personas con Conducta Suicida en el viaducto de la Capital, es establecer un procedimiento unificado, coordinado e interinstitucional de actuaci\u00f3n para la detecci\u00f3n, contenci\u00f3n, rescate, asistencia, evaluaci\u00f3n, traslado y derivaci\u00f3n. As\u00ed, se busca garantizar la preservaci\u00f3n de la vida, la atenci\u00f3n sanitaria inmediata y el estricto respeto de los derechos humanos en el marco de la Ley Nacional de Salud Mental N\u00b026.657.<\/p>\n<p>La aplicaci\u00f3n del mismo, debe realizar el personal dependiente o articulado de: voluntarios de la Organizaci\u00f3n No Gubernamental (ONG) &#8220;Los \u00c1ngeles del Puente&#8221;; personal de la Polic\u00eda; de la Direcci\u00f3n de Emergencias Sanitarias &#8211; DES 107; personal de los hospitales pedi\u00e1trico &#8220;Juan Pablo II&#8221;, de Salud Mental &#8220;San Francisco de As\u00eds, de Campa\u00f1a &#8220;Escuela Hogar&#8221;, y el Materno Neonatal &#8220;Elo\u00edsa Torrent de Vidal&#8221;.<\/p>\n<p><img loading=\"lazy\" decoding=\"async\" class=\"alignnone size-full wp-image-226667\" src=\"https:\/\/radioinfinitagoya.com.ar\/v1\/wp-content\/uploads\/2026\/09\/imagen-112035.jpg\" alt=\"\" width=\"560\" height=\"374\" srcset=\"https:\/\/radioinfinitagoya.com.ar\/v1\/wp-content\/uploads\/2026\/09\/imagen-112035.jpg 560w, https:\/\/radioinfinitagoya.com.ar\/v1\/wp-content\/uploads\/2026\/09\/imagen-112035-150x100.jpg 150w\" sizes=\"auto, (max-width: 560px) 100vw, 560px\" \/><\/p>\n<p>Capacitaci\u00f3n<\/p>\n<p>En junio inici\u00f3 un ciclo de capacitaci\u00f3n sobre protocolo de Intervenciones de Salud Mental en Situaciones de Crisis, al personal de la Polic\u00eda Vial, Tur\u00edstica y comisar\u00edas. El objetivo, fue brindar herramientas de primeros auxilios psicol\u00f3gicos a los profesionales que intervienen en primera instancia.<\/p>\n<p>Las jornadas, se realizaron para instruir sobre modalidades de trabajo entre Seguridad y personal de Salud para la intervenci\u00f3n en intentos de suicidio; ense\u00f1ar los conceptos de primeros auxilios psicol\u00f3gicos y su implementaci\u00f3n para el abordaje de personas en crisis de salud mental y, fomentar un espacio de escucha e intercambio de experiencias.<\/p>\n<p>Esto se realiz\u00f3 en el marco del protocolo que firmaron. El mismo, precisa que, las personas con intento de suicidio, deben ser derivadas, seg\u00fan las edades, a los hospitales &#8220;Juan Pablo II&#8221;, &#8220;San Francisco de As\u00eds&#8221; y al Campa\u00f1a. En caso de ser una mujer embarazada, al hospital Materno Neonatal &#8220;Elo\u00edsa Torrent de Vidal&#8221;.<\/p>\n<p>Cabe recordar que si una persona est\u00e1 atravesando una situaci\u00f3n de crisis o necesita ayuda inmediata, se encuentran disponibles los tel\u00e9fonos 107, 911 y 135.<\/p>\n","protected":false},"excerpt":{"rendered":"<p>Los ministros Emilio Lanari y Ad\u00e1n Gaya firmaron un plan de acci\u00f3n para abordar situaciones de crisis en el puente &#8220;General Manuel Belgrano&#8221;. El protocolo detalla c\u00f3mo deben intervenir diferentes partes de las instituciones del Gobierno. Los ministros de Salud P\u00fablica, Emilio Lanari, y de Seguridad, Ad\u00e1n Gaya, firmaron este jueves un plan de acci\u00f3n [&hellip;]<\/p>\n","protected":false},"author":4,"featured_media":226665,"comment_status":"open","ping_status":"open","sticky":false,"template":"","format":"standard","meta":{"_joinchat":[],"footnotes":""},"categories":[31],"tags":[],"class_list":["post-226664","post","type-post","status-publish","format-standard","has-post-thumbnail","category-informacion-general"],"yoast_head":"<!-- This site is optimized with the Yoast SEO plugin v27.7 - https:\/\/yoast.com\/product\/yoast-seo-wordpress\/ -->\n<title>Salud y Seguridad formalizaron el protocolo de actuaci\u00f3n ante casos de suicidio - Radio Infinita Goya<\/title>\n<meta name=\"description\" content=\"Los ministros Emilio Lanari y Ad\u00e1n Gaya firmaron un plan de acci\u00f3n para abordar situaciones de crisis en el puente &quot;General Manuel Belgrano&quot;. El protocolo\" \/>\n<meta name=\"robots\" content=\"index, follow, max-snippet:-1, max-image-preview:large, max-video-preview:-1\" \/>\n<link rel=\"canonical\" href=\"https:\/\/radioinfinitagoya.com.ar\/v1\/2026\/09\/03\/salud-y-seguridad-formalizaron-el-protocolo-de-actuacion-ante-casos-de-suicidio\/\" \/>\n<meta property=\"og:locale\" content=\"es_ES\" \/>\n<meta property=\"og:type\" content=\"article\" \/>\n<meta property=\"og:title\" content=\"Salud y Seguridad formalizaron el protocolo de actuaci\u00f3n ante casos de suicidio - Radio Infinita Goya\" \/>\n<meta property=\"og:description\" content=\"Los ministros Emilio Lanari y Ad\u00e1n Gaya firmaron un plan de acci\u00f3n para abordar situaciones de crisis en el puente &quot;General Manuel Belgrano&quot;. El protocolo\" \/>\n<meta property=\"og:url\" content=\"https:\/\/radioinfinitagoya.com.ar\/v1\/2026\/09\/03\/salud-y-seguridad-formalizaron-el-protocolo-de-actuacion-ante-casos-de-suicidio\/\" \/>\n<meta property=\"og:site_name\" content=\"Radio Infinita Goya\" \/>\n<meta property=\"article:publisher\" content=\"https:\/\/www.facebook.com\/p\/Infinita-Goya-100063870918311\/\" \/>\n<meta property=\"article:published_time\" content=\"2026-09-03T22:21:41+00:00\" \/>\n<meta property=\"og:image\" content=\"https:\/\/radioinfinitagoya.com.ar\/v1\/wp-content\/uploads\/2026\/09\/imagen-112033.jpg\" \/>\n\t<meta property=\"og:image:width\" content=\"560\" \/>\n\t<meta property=\"og:image:height\" content=\"374\" \/>\n\t<meta property=\"og:image:type\" content=\"image\/jpeg\" \/>\n<meta name=\"author\" content=\"Jorge Mi\u00f1o\" \/>\n<meta name=\"twitter:card\" content=\"summary_large_image\" \/>\n<meta name=\"twitter:label1\" content=\"Escrito por\" \/>\n\t<meta name=\"twitter:data1\" content=\"Jorge Mi\u00f1o\" \/>\n\t<meta name=\"twitter:label2\" content=\"Tiempo de lectura\" \/>\n\t<meta name=\"twitter:data2\" content=\"3 minutos\" \/>\n<script type=\"application\/ld+json\" class=\"yoast-schema-graph\">{\"@context\":\"https:\\\/\\\/schema.org\",\"@graph\":[{\"@type\":\"Article\",\"@id\":\"https:\\\/\\\/radioinfinitagoya.com.ar\\\/v1\\\/2026\\\/09\\\/03\\\/salud-y-seguridad-formalizaron-el-protocolo-de-actuacion-ante-casos-de-suicidio\\\/#article\",\"isPartOf\":{\"@id\":\"https:\\\/\\\/radioinfinitagoya.com.ar\\\/v1\\\/2026\\\/09\\\/03\\\/salud-y-seguridad-formalizaron-el-protocolo-de-actuacion-ante-casos-de-suicidio\\\/\"},\"author\":{\"name\":\"Jorge Mi\u00f1o\",\"@id\":\"https:\\\/\\\/radioinfinitagoya.com.ar\\\/v1\\\/#\\\/schema\\\/person\\\/d4cf9c413d4f6edb24aabdccab49ca4a\"},\"headline\":\"Salud y Seguridad formalizaron el protocolo de actuaci\u00f3n ante casos de suicidio\",\"datePublished\":\"2026-09-03T22:21:41+00:00\",\"mainEntityOfPage\":{\"@id\":\"https:\\\/\\\/radioinfinitagoya.com.ar\\\/v1\\\/2026\\\/09\\\/03\\\/salud-y-seguridad-formalizaron-el-protocolo-de-actuacion-ante-casos-de-suicidio\\\/\"},\"wordCount\":456,\"commentCount\":0,\"publisher\":{\"@id\":\"https:\\\/\\\/radioinfinitagoya.com.ar\\\/v1\\\/#organization\"},\"image\":{\"@id\":\"https:\\\/\\\/radioinfinitagoya.com.ar\\\/v1\\\/2026\\\/09\\\/03\\\/salud-y-seguridad-formalizaron-el-protocolo-de-actuacion-ante-casos-de-suicidio\\\/#primaryimage\"},\"thumbnailUrl\":\"https:\\\/\\\/radioinfinitagoya.com.ar\\\/v1\\\/wp-content\\\/uploads\\\/2026\\\/09\\\/imagen-112033.jpg\",\"articleSection\":[\"INFORMACI\u00d3N GENERAL\"],\"inLanguage\":\"es-AR\",\"potentialAction\":[{\"@type\":\"CommentAction\",\"name\":\"Comment\",\"target\":[\"https:\\\/\\\/radioinfinitagoya.com.ar\\\/v1\\\/2026\\\/09\\\/03\\\/salud-y-seguridad-formalizaron-el-protocolo-de-actuacion-ante-casos-de-suicidio\\\/#respond\"]}]},{\"@type\":\"WebPage\",\"@id\":\"https:\\\/\\\/radioinfinitagoya.com.ar\\\/v1\\\/2026\\\/09\\\/03\\\/salud-y-seguridad-formalizaron-el-protocolo-de-actuacion-ante-casos-de-suicidio\\\/\",\"url\":\"https:\\\/\\\/radioinfinitagoya.com.ar\\\/v1\\\/2026\\\/09\\\/03\\\/salud-y-seguridad-formalizaron-el-protocolo-de-actuacion-ante-casos-de-suicidio\\\/\",\"name\":\"Salud y Seguridad formalizaron el protocolo de actuaci\u00f3n ante casos de suicidio - Radio Infinita Goya\",\"isPartOf\":{\"@id\":\"https:\\\/\\\/radioinfinitagoya.com.ar\\\/v1\\\/#website\"},\"primaryImageOfPage\":{\"@id\":\"https:\\\/\\\/radioinfinitagoya.com.ar\\\/v1\\\/2026\\\/09\\\/03\\\/salud-y-seguridad-formalizaron-el-protocolo-de-actuacion-ante-casos-de-suicidio\\\/#primaryimage\"},\"image\":{\"@id\":\"https:\\\/\\\/radioinfinitagoya.com.ar\\\/v1\\\/2026\\\/09\\\/03\\\/salud-y-seguridad-formalizaron-el-protocolo-de-actuacion-ante-casos-de-suicidio\\\/#primaryimage\"},\"thumbnailUrl\":\"https:\\\/\\\/radioinfinitagoya.com.ar\\\/v1\\\/wp-content\\\/uploads\\\/2026\\\/09\\\/imagen-112033.jpg\",\"datePublished\":\"2026-09-03T22:21:41+00:00\",\"description\":\"Los ministros Emilio Lanari y Ad\u00e1n Gaya firmaron un plan de acci\u00f3n para abordar situaciones de crisis en el puente \\\"General Manuel Belgrano\\\". El protocolo\",\"breadcrumb\":{\"@id\":\"https:\\\/\\\/radioinfinitagoya.com.ar\\\/v1\\\/2026\\\/09\\\/03\\\/salud-y-seguridad-formalizaron-el-protocolo-de-actuacion-ante-casos-de-suicidio\\\/#breadcrumb\"},\"inLanguage\":\"es-AR\",\"potentialAction\":[{\"@type\":\"ReadAction\",\"target\":[\"https:\\\/\\\/radioinfinitagoya.com.ar\\\/v1\\\/2026\\\/09\\\/03\\\/salud-y-seguridad-formalizaron-el-protocolo-de-actuacion-ante-casos-de-suicidio\\\/\"]}]},{\"@type\":\"ImageObject\",\"inLanguage\":\"es-AR\",\"@id\":\"https:\\\/\\\/radioinfinitagoya.com.ar\\\/v1\\\/2026\\\/09\\\/03\\\/salud-y-seguridad-formalizaron-el-protocolo-de-actuacion-ante-casos-de-suicidio\\\/#primaryimage\",\"url\":\"https:\\\/\\\/radioinfinitagoya.com.ar\\\/v1\\\/wp-content\\\/uploads\\\/2026\\\/09\\\/imagen-112033.jpg\",\"contentUrl\":\"https:\\\/\\\/radioinfinitagoya.com.ar\\\/v1\\\/wp-content\\\/uploads\\\/2026\\\/09\\\/imagen-112033.jpg\",\"width\":560,\"height\":374},{\"@type\":\"BreadcrumbList\",\"@id\":\"https:\\\/\\\/radioinfinitagoya.com.ar\\\/v1\\\/2026\\\/09\\\/03\\\/salud-y-seguridad-formalizaron-el-protocolo-de-actuacion-ante-casos-de-suicidio\\\/#breadcrumb\",\"itemListElement\":[{\"@type\":\"ListItem\",\"position\":1,\"name\":\"Inicio\",\"item\":\"https:\\\/\\\/radioinfinitagoya.com.ar\\\/v1\\\/\"},{\"@type\":\"ListItem\",\"position\":2,\"name\":\"Salud y Seguridad formalizaron el protocolo de actuaci\u00f3n ante casos de suicidio\"}]},{\"@type\":\"WebSite\",\"@id\":\"https:\\\/\\\/radioinfinitagoya.com.ar\\\/v1\\\/#website\",\"url\":\"https:\\\/\\\/radioinfinitagoya.com.ar\\\/v1\\\/\",\"name\":\"radioinfinitagoya.com.ar\",\"description\":\"Radio de noticias\",\"publisher\":{\"@id\":\"https:\\\/\\\/radioinfinitagoya.com.ar\\\/v1\\\/#organization\"},\"potentialAction\":[{\"@type\":\"SearchAction\",\"target\":{\"@type\":\"EntryPoint\",\"urlTemplate\":\"https:\\\/\\\/radioinfinitagoya.com.ar\\\/v1\\\/?s={search_term_string}\"},\"query-input\":{\"@type\":\"PropertyValueSpecification\",\"valueRequired\":true,\"valueName\":\"search_term_string\"}}],\"inLanguage\":\"es-AR\"},{\"@type\":\"Organization\",\"@id\":\"https:\\\/\\\/radioinfinitagoya.com.ar\\\/v1\\\/#organization\",\"name\":\"Radio Infinita Goya\",\"url\":\"https:\\\/\\\/radioinfinitagoya.com.ar\\\/v1\\\/\",\"logo\":{\"@type\":\"ImageObject\",\"inLanguage\":\"es-AR\",\"@id\":\"https:\\\/\\\/radioinfinitagoya.com.ar\\\/v1\\\/#\\\/schema\\\/logo\\\/image\\\/\",\"url\":\"https:\\\/\\\/radioinfinitagoya.com.ar\\\/v1\\\/wp-content\\\/uploads\\\/2019\\\/11\\\/logo-pie-web.png\",\"contentUrl\":\"https:\\\/\\\/radioinfinitagoya.com.ar\\\/v1\\\/wp-content\\\/uploads\\\/2019\\\/11\\\/logo-pie-web.png\",\"width\":635,\"height\":326,\"caption\":\"Radio Infinita Goya\"},\"image\":{\"@id\":\"https:\\\/\\\/radioinfinitagoya.com.ar\\\/v1\\\/#\\\/schema\\\/logo\\\/image\\\/\"},\"sameAs\":[\"https:\\\/\\\/www.facebook.com\\\/p\\\/Infinita-Goya-100063870918311\\\/\"]},{\"@type\":\"Person\",\"@id\":\"https:\\\/\\\/radioinfinitagoya.com.ar\\\/v1\\\/#\\\/schema\\\/person\\\/d4cf9c413d4f6edb24aabdccab49ca4a\",\"name\":\"Jorge Mi\u00f1o\",\"image\":{\"@type\":\"ImageObject\",\"inLanguage\":\"es-AR\",\"@id\":\"https:\\\/\\\/secure.gravatar.com\\\/avatar\\\/910fcf6728fe95320e07a6643c1581fec1c7fc4bf8ae12e3d8f0d0373dc844be?s=96&d=mm&r=g\",\"url\":\"https:\\\/\\\/secure.gravatar.com\\\/avatar\\\/910fcf6728fe95320e07a6643c1581fec1c7fc4bf8ae12e3d8f0d0373dc844be?s=96&d=mm&r=g\",\"contentUrl\":\"https:\\\/\\\/secure.gravatar.com\\\/avatar\\\/910fcf6728fe95320e07a6643c1581fec1c7fc4bf8ae12e3d8f0d0373dc844be?s=96&d=mm&r=g\",\"caption\":\"Jorge Mi\u00f1o\"},\"sameAs\":[\"http:\\\/\\\/radioinfinitagoya.com.ar\"]}]}<\/script>\n<!-- \/ Yoast SEO plugin. -->","yoast_head_json":{"title":"Salud y Seguridad formalizaron el protocolo de actuaci\u00f3n ante casos de suicidio - Radio Infinita Goya","description":"Los ministros Emilio Lanari y Ad\u00e1n Gaya firmaron un plan de acci\u00f3n para abordar situaciones de crisis en el puente \"General Manuel Belgrano\". El protocolo","robots":{"index":"index","follow":"follow","max-snippet":"max-snippet:-1","max-image-preview":"max-image-preview:large","max-video-preview":"max-video-preview:-1"},"canonical":"https:\/\/radioinfinitagoya.com.ar\/v1\/2026\/09\/03\/salud-y-seguridad-formalizaron-el-protocolo-de-actuacion-ante-casos-de-suicidio\/","og_locale":"es_ES","og_type":"article","og_title":"Salud y Seguridad formalizaron el protocolo de actuaci\u00f3n ante casos de suicidio - Radio Infinita Goya","og_description":"Los ministros Emilio Lanari y Ad\u00e1n Gaya firmaron un plan de acci\u00f3n para abordar situaciones de crisis en el puente \"General Manuel Belgrano\". El protocolo","og_url":"https:\/\/radioinfinitagoya.com.ar\/v1\/2026\/09\/03\/salud-y-seguridad-formalizaron-el-protocolo-de-actuacion-ante-casos-de-suicidio\/","og_site_name":"Radio Infinita Goya","article_publisher":"https:\/\/www.facebook.com\/p\/Infinita-Goya-100063870918311\/","article_published_time":"2026-09-03T22:21:41+00:00","og_image":[{"width":560,"height":374,"url":"https:\/\/radioinfinitagoya.com.ar\/v1\/wp-content\/uploads\/2026\/09\/imagen-112033.jpg","type":"image\/jpeg"}],"author":"Jorge Mi\u00f1o","twitter_card":"summary_large_image","twitter_misc":{"Escrito por":"Jorge Mi\u00f1o","Tiempo de lectura":"3 minutos"},"schema":{"@context":"https:\/\/schema.org","@graph":[{"@type":"Article","@id":"https:\/\/radioinfinitagoya.com.ar\/v1\/2026\/09\/03\/salud-y-seguridad-formalizaron-el-protocolo-de-actuacion-ante-casos-de-suicidio\/#article","isPartOf":{"@id":"https:\/\/radioinfinitagoya.com.ar\/v1\/2026\/09\/03\/salud-y-seguridad-formalizaron-el-protocolo-de-actuacion-ante-casos-de-suicidio\/"},"author":{"name":"Jorge Mi\u00f1o","@id":"https:\/\/radioinfinitagoya.com.ar\/v1\/#\/schema\/person\/d4cf9c413d4f6edb24aabdccab49ca4a"},"headline":"Salud y Seguridad formalizaron el protocolo de actuaci\u00f3n ante casos de suicidio","datePublished":"2026-09-03T22:21:41+00:00","mainEntityOfPage":{"@id":"https:\/\/radioinfinitagoya.com.ar\/v1\/2026\/09\/03\/salud-y-seguridad-formalizaron-el-protocolo-de-actuacion-ante-casos-de-suicidio\/"},"wordCount":456,"commentCount":0,"publisher":{"@id":"https:\/\/radioinfinitagoya.com.ar\/v1\/#organization"},"image":{"@id":"https:\/\/radioinfinitagoya.com.ar\/v1\/2026\/09\/03\/salud-y-seguridad-formalizaron-el-protocolo-de-actuacion-ante-casos-de-suicidio\/#primaryimage"},"thumbnailUrl":"https:\/\/radioinfinitagoya.com.ar\/v1\/wp-content\/uploads\/2026\/09\/imagen-112033.jpg","articleSection":["INFORMACI\u00d3N GENERAL"],"inLanguage":"es-AR","potentialAction":[{"@type":"CommentAction","name":"Comment","target":["https:\/\/radioinfinitagoya.com.ar\/v1\/2026\/09\/03\/salud-y-seguridad-formalizaron-el-protocolo-de-actuacion-ante-casos-de-suicidio\/#respond"]}]},{"@type":"WebPage","@id":"https:\/\/radioinfinitagoya.com.ar\/v1\/2026\/09\/03\/salud-y-seguridad-formalizaron-el-protocolo-de-actuacion-ante-casos-de-suicidio\/","url":"https:\/\/radioinfinitagoya.com.ar\/v1\/2026\/09\/03\/salud-y-seguridad-formalizaron-el-protocolo-de-actuacion-ante-casos-de-suicidio\/","name":"Salud y Seguridad formalizaron el protocolo de actuaci\u00f3n ante casos de suicidio - Radio Infinita Goya","isPartOf":{"@id":"https:\/\/radioinfinitagoya.com.ar\/v1\/#website"},"primaryImageOfPage":{"@id":"https:\/\/radioinfinitagoya.com.ar\/v1\/2026\/09\/03\/salud-y-seguridad-formalizaron-el-protocolo-de-actuacion-ante-casos-de-suicidio\/#primaryimage"},"image":{"@id":"https:\/\/radioinfinitagoya.com.ar\/v1\/2026\/09\/03\/salud-y-seguridad-formalizaron-el-protocolo-de-actuacion-ante-casos-de-suicidio\/#primaryimage"},"thumbnailUrl":"https:\/\/radioinfinitagoya.com.ar\/v1\/wp-content\/uploads\/2026\/09\/imagen-112033.jpg","datePublished":"2026-09-03T22:21:41+00:00","description":"Los ministros Emilio Lanari y Ad\u00e1n Gaya firmaron un plan de acci\u00f3n para abordar situaciones de crisis en el puente \"General Manuel Belgrano\". El protocolo","breadcrumb":{"@id":"https:\/\/radioinfinitagoya.com.ar\/v1\/2026\/09\/03\/salud-y-seguridad-formalizaron-el-protocolo-de-actuacion-ante-casos-de-suicidio\/#breadcrumb"},"inLanguage":"es-AR","potentialAction":[{"@type":"ReadAction","target":["https:\/\/radioinfinitagoya.com.ar\/v1\/2026\/09\/03\/salud-y-seguridad-formalizaron-el-protocolo-de-actuacion-ante-casos-de-suicidio\/"]}]},{"@type":"ImageObject","inLanguage":"es-AR","@id":"https:\/\/radioinfinitagoya.com.ar\/v1\/2026\/09\/03\/salud-y-seguridad-formalizaron-el-protocolo-de-actuacion-ante-casos-de-suicidio\/#primaryimage","url":"https:\/\/radioinfinitagoya.com.ar\/v1\/wp-content\/uploads\/2026\/09\/imagen-112033.jpg","contentUrl":"https:\/\/radioinfinitagoya.com.ar\/v1\/wp-content\/uploads\/2026\/09\/imagen-112033.jpg","width":560,"height":374},{"@type":"BreadcrumbList","@id":"https:\/\/radioinfinitagoya.com.ar\/v1\/2026\/09\/03\/salud-y-seguridad-formalizaron-el-protocolo-de-actuacion-ante-casos-de-suicidio\/#breadcrumb","itemListElement":[{"@type":"ListItem","position":1,"name":"Inicio","item":"https:\/\/radioinfinitagoya.com.ar\/v1\/"},{"@type":"ListItem","position":2,"name":"Salud y Seguridad formalizaron el protocolo de actuaci\u00f3n ante casos de suicidio"}]},{"@type":"WebSite","@id":"https:\/\/radioinfinitagoya.com.ar\/v1\/#website","url":"https:\/\/radioinfinitagoya.com.ar\/v1\/","name":"radioinfinitagoya.com.ar","description":"Radio de noticias","publisher":{"@id":"https:\/\/radioinfinitagoya.com.ar\/v1\/#organization"},"potentialAction":[{"@type":"SearchAction","target":{"@type":"EntryPoint","urlTemplate":"https:\/\/radioinfinitagoya.com.ar\/v1\/?s={search_term_string}"},"query-input":{"@type":"PropertyValueSpecification","valueRequired":true,"valueName":"search_term_string"}}],"inLanguage":"es-AR"},{"@type":"Organization","@id":"https:\/\/radioinfinitagoya.com.ar\/v1\/#organization","name":"Radio Infinita Goya","url":"https:\/\/radioinfinitagoya.com.ar\/v1\/","logo":{"@type":"ImageObject","inLanguage":"es-AR","@id":"https:\/\/radioinfinitagoya.com.ar\/v1\/#\/schema\/logo\/image\/","url":"https:\/\/radioinfinitagoya.com.ar\/v1\/wp-content\/uploads\/2019\/11\/logo-pie-web.png","contentUrl":"https:\/\/radioinfinitagoya.com.ar\/v1\/wp-content\/uploads\/2019\/11\/logo-pie-web.png","width":635,"height":326,"caption":"Radio Infinita Goya"},"image":{"@id":"https:\/\/radioinfinitagoya.com.ar\/v1\/#\/schema\/logo\/image\/"},"sameAs":["https:\/\/www.facebook.com\/p\/Infinita-Goya-100063870918311\/"]},{"@type":"Person","@id":"https:\/\/radioinfinitagoya.com.ar\/v1\/#\/schema\/person\/d4cf9c413d4f6edb24aabdccab49ca4a","name":"Jorge Mi\u00f1o","image":{"@type":"ImageObject","inLanguage":"es-AR","@id":"https:\/\/secure.gravatar.com\/avatar\/910fcf6728fe95320e07a6643c1581fec1c7fc4bf8ae12e3d8f0d0373dc844be?s=96&d=mm&r=g","url":"https:\/\/secure.gravatar.com\/avatar\/910fcf6728fe95320e07a6643c1581fec1c7fc4bf8ae12e3d8f0d0373dc844be?s=96&d=mm&r=g","contentUrl":"https:\/\/secure.gravatar.com\/avatar\/910fcf6728fe95320e07a6643c1581fec1c7fc4bf8ae12e3d8f0d0373dc844be?s=96&d=mm&r=g","caption":"Jorge Mi\u00f1o"},"sameAs":["http:\/\/radioinfinitagoya.com.ar"]}]}},"_links":{"self":[{"href":"https:\/\/radioinfinitagoya.com.ar\/v1\/wp-json\/wp\/v2\/posts\/226664","targetHints":{"allow":["GET"]}}],"collection":[{"href":"https:\/\/radioinfinitagoya.com.ar\/v1\/wp-json\/wp\/v2\/posts"}],"about":[{"href":"https:\/\/radioinfinitagoya.com.ar\/v1\/wp-json\/wp\/v2\/types\/post"}],"author":[{"embeddable":true,"href":"https:\/\/radioinfinitagoya.com.ar\/v1\/wp-json\/wp\/v2\/users\/4"}],"replies":[{"embeddable":true,"href":"https:\/\/radioinfinitagoya.com.ar\/v1\/wp-json\/wp\/v2\/comments?post=226664"}],"version-history":[{"count":1,"href":"https:\/\/radioinfinitagoya.com.ar\/v1\/wp-json\/wp\/v2\/posts\/226664\/revisions"}],"predecessor-version":[{"id":226668,"href":"https:\/\/radioinfinitagoya.com.ar\/v1\/wp-json\/wp\/v2\/posts\/226664\/revisions\/226668"}],"wp:featuredmedia":[{"embeddable":true,"href":"https:\/\/radioinfinitagoya.com.ar\/v1\/wp-json\/wp\/v2\/media\/226665"}],"wp:attachment":[{"href":"https:\/\/radioinfinitagoya.com.ar\/v1\/wp-json\/wp\/v2\/media?parent=226664"}],"wp:term":[{"taxonomy":"category","embeddable":true,"href":"https:\/\/radioinfinitagoya.com.ar\/v1\/wp-json\/wp\/v2\/categories?post=226664"},{"taxonomy":"post_tag","embeddable":true,"href":"https:\/\/radioinfinitagoya.com.ar\/v1\/wp-json\/wp\/v2\/tags?post=226664"}],"curies":[{"name":"wp","href":"https:\/\/api.w.org\/{rel}","templated":true}]}}