{"id":226669,"date":"2026-09-03T21:26:26","date_gmt":"2026-09-04T00:26:26","guid":{"rendered":"https:\/\/radioinfinitagoya.com.ar\/v1\/?p=226669"},"modified":"2026-09-03T21:26:26","modified_gmt":"2026-09-04T00:26:26","slug":"milei-anuncio-la-construccion-de-una-base-naval-en-tierra-del-fuego-y-sanciones-a-petroleras-que-operen-en-malvinas","status":"publish","type":"post","link":"https:\/\/radioinfinitagoya.com.ar\/v1\/2026\/09\/03\/milei-anuncio-la-construccion-de-una-base-naval-en-tierra-del-fuego-y-sanciones-a-petroleras-que-operen-en-malvinas\/","title":{"rendered":"Milei anunci\u00f3 la construcci\u00f3n de una base naval en Tierra del Fuego y sanciones a petroleras que operen en Malvinas"},"content":{"rendered":"<p>As\u00ed lo anunci\u00f3 el Presidente esta noche a trav\u00e9s de una cadena nacional. Estuvo acompa\u00f1ado por todo el Gabinete al momento del discurso<\/p>\n<p><img loading=\"lazy\" decoding=\"async\" class=\"alignnone size-medium wp-image-226671\" src=\"https:\/\/radioinfinitagoya.com.ar\/v1\/wp-content\/uploads\/2026\/09\/55WURHRSGBCUZGMNY4BP4REWOM-600x338.jpg\" alt=\"\" width=\"600\" height=\"338\" srcset=\"https:\/\/radioinfinitagoya.com.ar\/v1\/wp-content\/uploads\/2026\/09\/55WURHRSGBCUZGMNY4BP4REWOM-600x338.jpg 600w, https:\/\/radioinfinitagoya.com.ar\/v1\/wp-content\/uploads\/2026\/09\/55WURHRSGBCUZGMNY4BP4REWOM-150x84.jpg 150w, https:\/\/radioinfinitagoya.com.ar\/v1\/wp-content\/uploads\/2026\/09\/55WURHRSGBCUZGMNY4BP4REWOM-768x432.jpg 768w, https:\/\/radioinfinitagoya.com.ar\/v1\/wp-content\/uploads\/2026\/09\/55WURHRSGBCUZGMNY4BP4REWOM-747x420.jpg 747w, https:\/\/radioinfinitagoya.com.ar\/v1\/wp-content\/uploads\/2026\/09\/55WURHRSGBCUZGMNY4BP4REWOM-696x392.jpg 696w, https:\/\/radioinfinitagoya.com.ar\/v1\/wp-content\/uploads\/2026\/09\/55WURHRSGBCUZGMNY4BP4REWOM.avif 992w\" sizes=\"auto, (max-width: 600px) 100vw, 600px\" \/><\/p>\n<p>Javier Milei anunci\u00f3 que enviar\u00e1 al Congreso un paquete de proyectos resguardar la soberan\u00eda en las Islas Malvinas. Tambi\u00e9n, la construir una base naval en Tierra del Fuego y endurece las sanciones a empresas extranjeras que operan en el teritorio.<\/p>\n<p>\u201cLas Malvinas son argentinas por historia y por derecho, no hay discusi\u00f3n al respecto\u201d, indic\u00f3 Javier Milei al iniciar su comunicado.<\/p>\n<p>\u201cPor eso, no alcanza con sostener nuestro reclamo: el Estado argentino tiene la obligaci\u00f3n de utilizar todas las herramientas diplom\u00e1ticas, econ\u00f3micas, judiciales y legales disponibles para defender nuestra soberan\u00eda y nuestros recursos\u201d, indic\u00f3 el Presidente.<\/p>\n<p>\u201cEso exige leyes adecuadas, organismos del Estado coordinados y herramientas efectivas para avanzar en un objetivo que trasciende a cualquier gobierno\u201d.<\/p>\n<p>\u201cPor eso, no alcanza con sostener nuestro reclamo: el Estado argentino tiene la obligaci\u00f3n de utilizar todas las herramientas diplom\u00e1ticas, econ\u00f3micas, judiciales y legales disponibles para defender nuestra soberan\u00eda y nuestros recursos\u201d, precis\u00f3 el Presidente.<\/p>\n<p>A continuaci\u00f3n, agreg\u00f3: \u201cEso exige leyes adecuadas, organismos del Estado coordinados y herramientas efectivas para avanzar en un objetivo que trasciende a cualquier gobierno\u201d.<\/p>\n<p>C\u00f3mo se dio el retorno a la agenda de la causa Malvinas<br \/>\nEl tema Malvinas volvi\u00f3 a instalarse el 31 de agosto, cuando Donald Trump fue consultado en la Oficina Oval sobre una eventual revisi\u00f3n de la posici\u00f3n de neutralidad de Estados Unidos en la disputa de soberan\u00eda entre la Argentina y el Reino Unido. El presidente estadounidense respondi\u00f3 que revisa todas las posiciones y que esa era \u201csolo una de muchas\u201d, en un contexto de presiones de Washington a Londres para que incremente su inversi\u00f3n en defensa dentro de la Organizaci\u00f3n del Tratado del Atl\u00e1ntico Norte (OTAN).<\/p>\n<p>Sus dichos motivaron una respuesta del Reino Unido y de la administraci\u00f3n brit\u00e1nica de las islas, que ratificaron la soberan\u00eda brit\u00e1nica y el respaldo al derecho de autodeterminaci\u00f3n de los habitantes del archipi\u00e9lago. El debate coincidi\u00f3, adem\u00e1s, con la discusi\u00f3n en Londres sobre el acuerdo con Mauricio por el archipi\u00e9lago de Chagos, citado por la Argentina como antecedente de una controversia territorial resuelta por medios pac\u00edficos.<\/p>\n<p>La situaci\u00f3n se dio mientras avanzaba el proyecto petrolero Sea Lion, en la Cuenca Malvinas Norte. Navitas Petroleum y Rockhopper Exploration comunicaron en diciembre de 2025 la decisi\u00f3n final de inversi\u00f3n para la primera etapa del desarrollo. La Canciller\u00eda argentina rechaz\u00f3 esa iniciativa, a la que consider\u00f3 una explotaci\u00f3n unilateral de recursos en un \u00e1rea alcanzada por la disputa de soberan\u00eda. En ese escenario, Javier Milei anunci\u00f3 una cadena nacional para referirse a la cuesti\u00f3n Malvinas.<\/p>\n<p>La actividad de las petroleras que cuestiona el Gobierno argentino<br \/>\nLa israel\u00ed Navitas Petroleum y la brit\u00e1nica Rockhopper Exploration avanzan en el desarrollo del yacimiento offshore Sea Lion, situado en la Cuenca Malvinas Norte, a unos 220 kil\u00f3metros al norte de las islas Malvinas y a aproximadamente 240 kil\u00f3metros de Puerto Argentino. El campo fue descubierto en 2010 por Rockhopper, que posee el 35% del proyecto, mientras que Navitas controla el 65 por ciento.<\/p>\n<p>En diciembre de 2025, las compa\u00f1\u00edas comunicaron la decisi\u00f3n final de inversi\u00f3n para la primera fase de Sea Lion. Navitas inform\u00f3 entonces una inversi\u00f3n de USD 1.170 millones para esa etapa. De acuerdo con informaci\u00f3n posterior sobre el proyecto, la Fase 1 contempla una inversi\u00f3n total de USD 1.800 millones, una producci\u00f3n estimada de 50.000 barriles diarios y el inicio de la extracci\u00f3n en 2028. Las estimaciones sobre el volumen recuperable mencionadas en las notas rondan los 819 millones de barriles<\/p>\n<p>La Canciller\u00eda argentina rechaz\u00f3 el desarrollo del yacimiento y sostuvo que las empresas no cuentan con autorizaci\u00f3n de las autoridades competentes del pa\u00eds. Tambi\u00e9n calific\u00f3 la iniciativa como una explotaci\u00f3n unilateral de recursos naturales en un \u00e1rea sujeta a una disputa de soberan\u00eda con el Reino Unido. En ese sentido, cit\u00f3 las resoluciones 2065 y 31\/49 de la Asamblea General de las Naciones Unidas.<\/p>\n<p>El Gobierno record\u00f3 que Rockhopper Exploration fue declarada clandestina e inhabilitada para operar en la Argentina durante 20 a\u00f1os mediante la Resoluci\u00f3n 133\/2012 de la Secretar\u00eda de Energ\u00eda. Navitas Petroleum recibi\u00f3 una sanci\u00f3n equivalente a trav\u00e9s de la Resoluci\u00f3n 240\/2022, por operaciones hidrocarbur\u00edferas sin habilitaci\u00f3n argentina. La posici\u00f3n oficial tambi\u00e9n alcanza a las concesiones, las contrataciones de proveedores y otras acciones asociadas con el avance del proyecto hacia su etapa productiva.<\/p>\n<p>Seg\u00fan precisi\u00f3 hoy el medio brit\u00e1nico The Telegraph, las empresas Rockhopper y Navita planean comenzar a perforar el yacimiento offshore Sea Lion -al norte de las islas- en los pr\u00f3ximos meses. Seg\u00fan se\u00f1al\u00f3 el portal, existe la posibilidad de \u201cenviar petr\u00f3leo de regreso a Europa y al Reino Unido desde principios de 2028\u201d. \u201cEl yacimiento petrolero se encuentra a unas 137 millas al norte de las islas y se espera que produzca petr\u00f3leo durante m\u00e1s de 30 a\u00f1os\u201d, indic\u00f3 el medio europeo.<\/p>\n","protected":false},"excerpt":{"rendered":"<p>As\u00ed lo anunci\u00f3 el Presidente esta noche a trav\u00e9s de una cadena nacional. Estuvo acompa\u00f1ado por todo el Gabinete al momento del discurso Javier Milei anunci\u00f3 que enviar\u00e1 al Congreso un paquete de proyectos resguardar la soberan\u00eda en las Islas Malvinas. Tambi\u00e9n, la construir una base naval en Tierra del Fuego y endurece las sanciones [&hellip;]<\/p>\n","protected":false},"author":4,"featured_media":226670,"comment_status":"open","ping_status":"open","sticky":false,"template":"","format":"standard","meta":{"_joinchat":[],"footnotes":""},"categories":[31],"tags":[],"class_list":["post-226669","post","type-post","status-publish","format-standard","has-post-thumbnail","category-informacion-general"],"yoast_head":"<!-- This site is optimized with the Yoast SEO plugin v27.7 - https:\/\/yoast.com\/product\/yoast-seo-wordpress\/ -->\n<title>Milei anunci\u00f3 la construcci\u00f3n de una base naval en Tierra del Fuego y sanciones a petroleras que operen en Malvinas - Radio Infinita Goya<\/title>\n<meta name=\"description\" content=\"As\u00ed lo anunci\u00f3 el Presidente esta noche a trav\u00e9s de una cadena nacional. Estuvo acompa\u00f1ado por todo el Gabinete al momento del discurso Javier Milei\" \/>\n<meta name=\"robots\" content=\"index, follow, max-snippet:-1, max-image-preview:large, max-video-preview:-1\" \/>\n<link rel=\"canonical\" href=\"https:\/\/radioinfinitagoya.com.ar\/v1\/2026\/09\/03\/milei-anuncio-la-construccion-de-una-base-naval-en-tierra-del-fuego-y-sanciones-a-petroleras-que-operen-en-malvinas\/\" \/>\n<meta property=\"og:locale\" content=\"es_ES\" \/>\n<meta property=\"og:type\" content=\"article\" \/>\n<meta property=\"og:title\" content=\"Milei anunci\u00f3 la construcci\u00f3n de una base naval en Tierra del Fuego y sanciones a petroleras que operen en Malvinas - Radio Infinita Goya\" \/>\n<meta property=\"og:description\" content=\"As\u00ed lo anunci\u00f3 el Presidente esta noche a trav\u00e9s de una cadena nacional. Estuvo acompa\u00f1ado por todo el Gabinete al momento del discurso Javier Milei\" \/>\n<meta property=\"og:url\" content=\"https:\/\/radioinfinitagoya.com.ar\/v1\/2026\/09\/03\/milei-anuncio-la-construccion-de-una-base-naval-en-tierra-del-fuego-y-sanciones-a-petroleras-que-operen-en-malvinas\/\" \/>\n<meta property=\"og:site_name\" content=\"Radio Infinita Goya\" \/>\n<meta property=\"article:publisher\" content=\"https:\/\/www.facebook.com\/p\/Infinita-Goya-100063870918311\/\" \/>\n<meta property=\"article:published_time\" content=\"2026-09-04T00:26:26+00:00\" \/>\n<meta property=\"og:image\" content=\"https:\/\/radioinfinitagoya.com.ar\/v1\/wp-content\/uploads\/2026\/09\/oficina-del-presidente_2026-09-03_20-59-16.webp\" \/>\n\t<meta property=\"og:image:width\" content=\"691\" \/>\n\t<meta property=\"og:image:height\" content=\"388\" \/>\n\t<meta property=\"og:image:type\" content=\"image\/webp\" \/>\n<meta name=\"author\" content=\"Jorge Mi\u00f1o\" \/>\n<meta name=\"twitter:card\" content=\"summary_large_image\" \/>\n<meta name=\"twitter:label1\" content=\"Escrito por\" \/>\n\t<meta name=\"twitter:data1\" content=\"Jorge Mi\u00f1o\" \/>\n\t<meta name=\"twitter:label2\" content=\"Tiempo de lectura\" \/>\n\t<meta name=\"twitter:data2\" content=\"5 minutos\" \/>\n<script type=\"application\/ld+json\" class=\"yoast-schema-graph\">{\"@context\":\"https:\\\/\\\/schema.org\",\"@graph\":[{\"@type\":\"Article\",\"@id\":\"https:\\\/\\\/radioinfinitagoya.com.ar\\\/v1\\\/2026\\\/09\\\/03\\\/milei-anuncio-la-construccion-de-una-base-naval-en-tierra-del-fuego-y-sanciones-a-petroleras-que-operen-en-malvinas\\\/#article\",\"isPartOf\":{\"@id\":\"https:\\\/\\\/radioinfinitagoya.com.ar\\\/v1\\\/2026\\\/09\\\/03\\\/milei-anuncio-la-construccion-de-una-base-naval-en-tierra-del-fuego-y-sanciones-a-petroleras-que-operen-en-malvinas\\\/\"},\"author\":{\"name\":\"Jorge Mi\u00f1o\",\"@id\":\"https:\\\/\\\/radioinfinitagoya.com.ar\\\/v1\\\/#\\\/schema\\\/person\\\/d4cf9c413d4f6edb24aabdccab49ca4a\"},\"headline\":\"Milei anunci\u00f3 la construcci\u00f3n de una base naval en Tierra del Fuego y sanciones a petroleras que operen en Malvinas\",\"datePublished\":\"2026-09-04T00:26:26+00:00\",\"mainEntityOfPage\":{\"@id\":\"https:\\\/\\\/radioinfinitagoya.com.ar\\\/v1\\\/2026\\\/09\\\/03\\\/milei-anuncio-la-construccion-de-una-base-naval-en-tierra-del-fuego-y-sanciones-a-petroleras-que-operen-en-malvinas\\\/\"},\"wordCount\":885,\"commentCount\":0,\"publisher\":{\"@id\":\"https:\\\/\\\/radioinfinitagoya.com.ar\\\/v1\\\/#organization\"},\"image\":{\"@id\":\"https:\\\/\\\/radioinfinitagoya.com.ar\\\/v1\\\/2026\\\/09\\\/03\\\/milei-anuncio-la-construccion-de-una-base-naval-en-tierra-del-fuego-y-sanciones-a-petroleras-que-operen-en-malvinas\\\/#primaryimage\"},\"thumbnailUrl\":\"https:\\\/\\\/radioinfinitagoya.com.ar\\\/v1\\\/wp-content\\\/uploads\\\/2026\\\/09\\\/oficina-del-presidente_2026-09-03_20-59-16.webp\",\"articleSection\":[\"INFORMACI\u00d3N GENERAL\"],\"inLanguage\":\"es-AR\",\"potentialAction\":[{\"@type\":\"CommentAction\",\"name\":\"Comment\",\"target\":[\"https:\\\/\\\/radioinfinitagoya.com.ar\\\/v1\\\/2026\\\/09\\\/03\\\/milei-anuncio-la-construccion-de-una-base-naval-en-tierra-del-fuego-y-sanciones-a-petroleras-que-operen-en-malvinas\\\/#respond\"]}]},{\"@type\":\"WebPage\",\"@id\":\"https:\\\/\\\/radioinfinitagoya.com.ar\\\/v1\\\/2026\\\/09\\\/03\\\/milei-anuncio-la-construccion-de-una-base-naval-en-tierra-del-fuego-y-sanciones-a-petroleras-que-operen-en-malvinas\\\/\",\"url\":\"https:\\\/\\\/radioinfinitagoya.com.ar\\\/v1\\\/2026\\\/09\\\/03\\\/milei-anuncio-la-construccion-de-una-base-naval-en-tierra-del-fuego-y-sanciones-a-petroleras-que-operen-en-malvinas\\\/\",\"name\":\"Milei anunci\u00f3 la construcci\u00f3n de una base naval en Tierra del Fuego y sanciones a petroleras que operen en Malvinas - Radio Infinita Goya\",\"isPartOf\":{\"@id\":\"https:\\\/\\\/radioinfinitagoya.com.ar\\\/v1\\\/#website\"},\"primaryImageOfPage\":{\"@id\":\"https:\\\/\\\/radioinfinitagoya.com.ar\\\/v1\\\/2026\\\/09\\\/03\\\/milei-anuncio-la-construccion-de-una-base-naval-en-tierra-del-fuego-y-sanciones-a-petroleras-que-operen-en-malvinas\\\/#primaryimage\"},\"image\":{\"@id\":\"https:\\\/\\\/radioinfinitagoya.com.ar\\\/v1\\\/2026\\\/09\\\/03\\\/milei-anuncio-la-construccion-de-una-base-naval-en-tierra-del-fuego-y-sanciones-a-petroleras-que-operen-en-malvinas\\\/#primaryimage\"},\"thumbnailUrl\":\"https:\\\/\\\/radioinfinitagoya.com.ar\\\/v1\\\/wp-content\\\/uploads\\\/2026\\\/09\\\/oficina-del-presidente_2026-09-03_20-59-16.webp\",\"datePublished\":\"2026-09-04T00:26:26+00:00\",\"description\":\"As\u00ed lo anunci\u00f3 el Presidente esta noche a trav\u00e9s de una cadena nacional. Estuvo acompa\u00f1ado por todo el Gabinete al momento del discurso Javier Milei\",\"breadcrumb\":{\"@id\":\"https:\\\/\\\/radioinfinitagoya.com.ar\\\/v1\\\/2026\\\/09\\\/03\\\/milei-anuncio-la-construccion-de-una-base-naval-en-tierra-del-fuego-y-sanciones-a-petroleras-que-operen-en-malvinas\\\/#breadcrumb\"},\"inLanguage\":\"es-AR\",\"potentialAction\":[{\"@type\":\"ReadAction\",\"target\":[\"https:\\\/\\\/radioinfinitagoya.com.ar\\\/v1\\\/2026\\\/09\\\/03\\\/milei-anuncio-la-construccion-de-una-base-naval-en-tierra-del-fuego-y-sanciones-a-petroleras-que-operen-en-malvinas\\\/\"]}]},{\"@type\":\"ImageObject\",\"inLanguage\":\"es-AR\",\"@id\":\"https:\\\/\\\/radioinfinitagoya.com.ar\\\/v1\\\/2026\\\/09\\\/03\\\/milei-anuncio-la-construccion-de-una-base-naval-en-tierra-del-fuego-y-sanciones-a-petroleras-que-operen-en-malvinas\\\/#primaryimage\",\"url\":\"https:\\\/\\\/radioinfinitagoya.com.ar\\\/v1\\\/wp-content\\\/uploads\\\/2026\\\/09\\\/oficina-del-presidente_2026-09-03_20-59-16.webp\",\"contentUrl\":\"https:\\\/\\\/radioinfinitagoya.com.ar\\\/v1\\\/wp-content\\\/uploads\\\/2026\\\/09\\\/oficina-del-presidente_2026-09-03_20-59-16.webp\",\"width\":691,\"height\":388},{\"@type\":\"BreadcrumbList\",\"@id\":\"https:\\\/\\\/radioinfinitagoya.com.ar\\\/v1\\\/2026\\\/09\\\/03\\\/milei-anuncio-la-construccion-de-una-base-naval-en-tierra-del-fuego-y-sanciones-a-petroleras-que-operen-en-malvinas\\\/#breadcrumb\",\"itemListElement\":[{\"@type\":\"ListItem\",\"position\":1,\"name\":\"Inicio\",\"item\":\"https:\\\/\\\/radioinfinitagoya.com.ar\\\/v1\\\/\"},{\"@type\":\"ListItem\",\"position\":2,\"name\":\"Milei anunci\u00f3 la construcci\u00f3n de una base naval en Tierra del Fuego y sanciones a petroleras que operen en Malvinas\"}]},{\"@type\":\"WebSite\",\"@id\":\"https:\\\/\\\/radioinfinitagoya.com.ar\\\/v1\\\/#website\",\"url\":\"https:\\\/\\\/radioinfinitagoya.com.ar\\\/v1\\\/\",\"name\":\"radioinfinitagoya.com.ar\",\"description\":\"Radio de noticias\",\"publisher\":{\"@id\":\"https:\\\/\\\/radioinfinitagoya.com.ar\\\/v1\\\/#organization\"},\"potentialAction\":[{\"@type\":\"SearchAction\",\"target\":{\"@type\":\"EntryPoint\",\"urlTemplate\":\"https:\\\/\\\/radioinfinitagoya.com.ar\\\/v1\\\/?s={search_term_string}\"},\"query-input\":{\"@type\":\"PropertyValueSpecification\",\"valueRequired\":true,\"valueName\":\"search_term_string\"}}],\"inLanguage\":\"es-AR\"},{\"@type\":\"Organization\",\"@id\":\"https:\\\/\\\/radioinfinitagoya.com.ar\\\/v1\\\/#organization\",\"name\":\"Radio Infinita Goya\",\"url\":\"https:\\\/\\\/radioinfinitagoya.com.ar\\\/v1\\\/\",\"logo\":{\"@type\":\"ImageObject\",\"inLanguage\":\"es-AR\",\"@id\":\"https:\\\/\\\/radioinfinitagoya.com.ar\\\/v1\\\/#\\\/schema\\\/logo\\\/image\\\/\",\"url\":\"https:\\\/\\\/radioinfinitagoya.com.ar\\\/v1\\\/wp-content\\\/uploads\\\/2019\\\/11\\\/logo-pie-web.png\",\"contentUrl\":\"https:\\\/\\\/radioinfinitagoya.com.ar\\\/v1\\\/wp-content\\\/uploads\\\/2019\\\/11\\\/logo-pie-web.png\",\"width\":635,\"height\":326,\"caption\":\"Radio Infinita Goya\"},\"image\":{\"@id\":\"https:\\\/\\\/radioinfinitagoya.com.ar\\\/v1\\\/#\\\/schema\\\/logo\\\/image\\\/\"},\"sameAs\":[\"https:\\\/\\\/www.facebook.com\\\/p\\\/Infinita-Goya-100063870918311\\\/\"]},{\"@type\":\"Person\",\"@id\":\"https:\\\/\\\/radioinfinitagoya.com.ar\\\/v1\\\/#\\\/schema\\\/person\\\/d4cf9c413d4f6edb24aabdccab49ca4a\",\"name\":\"Jorge Mi\u00f1o\",\"image\":{\"@type\":\"ImageObject\",\"inLanguage\":\"es-AR\",\"@id\":\"https:\\\/\\\/secure.gravatar.com\\\/avatar\\\/910fcf6728fe95320e07a6643c1581fec1c7fc4bf8ae12e3d8f0d0373dc844be?s=96&d=mm&r=g\",\"url\":\"https:\\\/\\\/secure.gravatar.com\\\/avatar\\\/910fcf6728fe95320e07a6643c1581fec1c7fc4bf8ae12e3d8f0d0373dc844be?s=96&d=mm&r=g\",\"contentUrl\":\"https:\\\/\\\/secure.gravatar.com\\\/avatar\\\/910fcf6728fe95320e07a6643c1581fec1c7fc4bf8ae12e3d8f0d0373dc844be?s=96&d=mm&r=g\",\"caption\":\"Jorge Mi\u00f1o\"},\"sameAs\":[\"http:\\\/\\\/radioinfinitagoya.com.ar\"]}]}<\/script>\n<!-- \/ Yoast SEO plugin. -->","yoast_head_json":{"title":"Milei anunci\u00f3 la construcci\u00f3n de una base naval en Tierra del Fuego y sanciones a petroleras que operen en Malvinas - Radio Infinita Goya","description":"As\u00ed lo anunci\u00f3 el Presidente esta noche a trav\u00e9s de una cadena nacional. Estuvo acompa\u00f1ado por todo el Gabinete al momento del discurso Javier Milei","robots":{"index":"index","follow":"follow","max-snippet":"max-snippet:-1","max-image-preview":"max-image-preview:large","max-video-preview":"max-video-preview:-1"},"canonical":"https:\/\/radioinfinitagoya.com.ar\/v1\/2026\/09\/03\/milei-anuncio-la-construccion-de-una-base-naval-en-tierra-del-fuego-y-sanciones-a-petroleras-que-operen-en-malvinas\/","og_locale":"es_ES","og_type":"article","og_title":"Milei anunci\u00f3 la construcci\u00f3n de una base naval en Tierra del Fuego y sanciones a petroleras que operen en Malvinas - Radio Infinita Goya","og_description":"As\u00ed lo anunci\u00f3 el Presidente esta noche a trav\u00e9s de una cadena nacional. Estuvo acompa\u00f1ado por todo el Gabinete al momento del discurso Javier Milei","og_url":"https:\/\/radioinfinitagoya.com.ar\/v1\/2026\/09\/03\/milei-anuncio-la-construccion-de-una-base-naval-en-tierra-del-fuego-y-sanciones-a-petroleras-que-operen-en-malvinas\/","og_site_name":"Radio Infinita Goya","article_publisher":"https:\/\/www.facebook.com\/p\/Infinita-Goya-100063870918311\/","article_published_time":"2026-09-04T00:26:26+00:00","og_image":[{"width":691,"height":388,"url":"https:\/\/radioinfinitagoya.com.ar\/v1\/wp-content\/uploads\/2026\/09\/oficina-del-presidente_2026-09-03_20-59-16.webp","type":"image\/webp"}],"author":"Jorge Mi\u00f1o","twitter_card":"summary_large_image","twitter_misc":{"Escrito por":"Jorge Mi\u00f1o","Tiempo de lectura":"5 minutos"},"schema":{"@context":"https:\/\/schema.org","@graph":[{"@type":"Article","@id":"https:\/\/radioinfinitagoya.com.ar\/v1\/2026\/09\/03\/milei-anuncio-la-construccion-de-una-base-naval-en-tierra-del-fuego-y-sanciones-a-petroleras-que-operen-en-malvinas\/#article","isPartOf":{"@id":"https:\/\/radioinfinitagoya.com.ar\/v1\/2026\/09\/03\/milei-anuncio-la-construccion-de-una-base-naval-en-tierra-del-fuego-y-sanciones-a-petroleras-que-operen-en-malvinas\/"},"author":{"name":"Jorge Mi\u00f1o","@id":"https:\/\/radioinfinitagoya.com.ar\/v1\/#\/schema\/person\/d4cf9c413d4f6edb24aabdccab49ca4a"},"headline":"Milei anunci\u00f3 la construcci\u00f3n de una base naval en Tierra del Fuego y sanciones a petroleras que operen en Malvinas","datePublished":"2026-09-04T00:26:26+00:00","mainEntityOfPage":{"@id":"https:\/\/radioinfinitagoya.com.ar\/v1\/2026\/09\/03\/milei-anuncio-la-construccion-de-una-base-naval-en-tierra-del-fuego-y-sanciones-a-petroleras-que-operen-en-malvinas\/"},"wordCount":885,"commentCount":0,"publisher":{"@id":"https:\/\/radioinfinitagoya.com.ar\/v1\/#organization"},"image":{"@id":"https:\/\/radioinfinitagoya.com.ar\/v1\/2026\/09\/03\/milei-anuncio-la-construccion-de-una-base-naval-en-tierra-del-fuego-y-sanciones-a-petroleras-que-operen-en-malvinas\/#primaryimage"},"thumbnailUrl":"https:\/\/radioinfinitagoya.com.ar\/v1\/wp-content\/uploads\/2026\/09\/oficina-del-presidente_2026-09-03_20-59-16.webp","articleSection":["INFORMACI\u00d3N GENERAL"],"inLanguage":"es-AR","potentialAction":[{"@type":"CommentAction","name":"Comment","target":["https:\/\/radioinfinitagoya.com.ar\/v1\/2026\/09\/03\/milei-anuncio-la-construccion-de-una-base-naval-en-tierra-del-fuego-y-sanciones-a-petroleras-que-operen-en-malvinas\/#respond"]}]},{"@type":"WebPage","@id":"https:\/\/radioinfinitagoya.com.ar\/v1\/2026\/09\/03\/milei-anuncio-la-construccion-de-una-base-naval-en-tierra-del-fuego-y-sanciones-a-petroleras-que-operen-en-malvinas\/","url":"https:\/\/radioinfinitagoya.com.ar\/v1\/2026\/09\/03\/milei-anuncio-la-construccion-de-una-base-naval-en-tierra-del-fuego-y-sanciones-a-petroleras-que-operen-en-malvinas\/","name":"Milei anunci\u00f3 la construcci\u00f3n de una base naval en Tierra del Fuego y sanciones a petroleras que operen en Malvinas - Radio Infinita Goya","isPartOf":{"@id":"https:\/\/radioinfinitagoya.com.ar\/v1\/#website"},"primaryImageOfPage":{"@id":"https:\/\/radioinfinitagoya.com.ar\/v1\/2026\/09\/03\/milei-anuncio-la-construccion-de-una-base-naval-en-tierra-del-fuego-y-sanciones-a-petroleras-que-operen-en-malvinas\/#primaryimage"},"image":{"@id":"https:\/\/radioinfinitagoya.com.ar\/v1\/2026\/09\/03\/milei-anuncio-la-construccion-de-una-base-naval-en-tierra-del-fuego-y-sanciones-a-petroleras-que-operen-en-malvinas\/#primaryimage"},"thumbnailUrl":"https:\/\/radioinfinitagoya.com.ar\/v1\/wp-content\/uploads\/2026\/09\/oficina-del-presidente_2026-09-03_20-59-16.webp","datePublished":"2026-09-04T00:26:26+00:00","description":"As\u00ed lo anunci\u00f3 el Presidente esta noche a trav\u00e9s de una cadena nacional. Estuvo acompa\u00f1ado por todo el Gabinete al momento del discurso Javier Milei","breadcrumb":{"@id":"https:\/\/radioinfinitagoya.com.ar\/v1\/2026\/09\/03\/milei-anuncio-la-construccion-de-una-base-naval-en-tierra-del-fuego-y-sanciones-a-petroleras-que-operen-en-malvinas\/#breadcrumb"},"inLanguage":"es-AR","potentialAction":[{"@type":"ReadAction","target":["https:\/\/radioinfinitagoya.com.ar\/v1\/2026\/09\/03\/milei-anuncio-la-construccion-de-una-base-naval-en-tierra-del-fuego-y-sanciones-a-petroleras-que-operen-en-malvinas\/"]}]},{"@type":"ImageObject","inLanguage":"es-AR","@id":"https:\/\/radioinfinitagoya.com.ar\/v1\/2026\/09\/03\/milei-anuncio-la-construccion-de-una-base-naval-en-tierra-del-fuego-y-sanciones-a-petroleras-que-operen-en-malvinas\/#primaryimage","url":"https:\/\/radioinfinitagoya.com.ar\/v1\/wp-content\/uploads\/2026\/09\/oficina-del-presidente_2026-09-03_20-59-16.webp","contentUrl":"https:\/\/radioinfinitagoya.com.ar\/v1\/wp-content\/uploads\/2026\/09\/oficina-del-presidente_2026-09-03_20-59-16.webp","width":691,"height":388},{"@type":"BreadcrumbList","@id":"https:\/\/radioinfinitagoya.com.ar\/v1\/2026\/09\/03\/milei-anuncio-la-construccion-de-una-base-naval-en-tierra-del-fuego-y-sanciones-a-petroleras-que-operen-en-malvinas\/#breadcrumb","itemListElement":[{"@type":"ListItem","position":1,"name":"Inicio","item":"https:\/\/radioinfinitagoya.com.ar\/v1\/"},{"@type":"ListItem","position":2,"name":"Milei anunci\u00f3 la construcci\u00f3n de una base naval en Tierra del Fuego y sanciones a petroleras que operen en Malvinas"}]},{"@type":"WebSite","@id":"https:\/\/radioinfinitagoya.com.ar\/v1\/#website","url":"https:\/\/radioinfinitagoya.com.ar\/v1\/","name":"radioinfinitagoya.com.ar","description":"Radio de noticias","publisher":{"@id":"https:\/\/radioinfinitagoya.com.ar\/v1\/#organization"},"potentialAction":[{"@type":"SearchAction","target":{"@type":"EntryPoint","urlTemplate":"https:\/\/radioinfinitagoya.com.ar\/v1\/?s={search_term_string}"},"query-input":{"@type":"PropertyValueSpecification","valueRequired":true,"valueName":"search_term_string"}}],"inLanguage":"es-AR"},{"@type":"Organization","@id":"https:\/\/radioinfinitagoya.com.ar\/v1\/#organization","name":"Radio Infinita Goya","url":"https:\/\/radioinfinitagoya.com.ar\/v1\/","logo":{"@type":"ImageObject","inLanguage":"es-AR","@id":"https:\/\/radioinfinitagoya.com.ar\/v1\/#\/schema\/logo\/image\/","url":"https:\/\/radioinfinitagoya.com.ar\/v1\/wp-content\/uploads\/2019\/11\/logo-pie-web.png","contentUrl":"https:\/\/radioinfinitagoya.com.ar\/v1\/wp-content\/uploads\/2019\/11\/logo-pie-web.png","width":635,"height":326,"caption":"Radio Infinita Goya"},"image":{"@id":"https:\/\/radioinfinitagoya.com.ar\/v1\/#\/schema\/logo\/image\/"},"sameAs":["https:\/\/www.facebook.com\/p\/Infinita-Goya-100063870918311\/"]},{"@type":"Person","@id":"https:\/\/radioinfinitagoya.com.ar\/v1\/#\/schema\/person\/d4cf9c413d4f6edb24aabdccab49ca4a","name":"Jorge Mi\u00f1o","image":{"@type":"ImageObject","inLanguage":"es-AR","@id":"https:\/\/secure.gravatar.com\/avatar\/910fcf6728fe95320e07a6643c1581fec1c7fc4bf8ae12e3d8f0d0373dc844be?s=96&d=mm&r=g","url":"https:\/\/secure.gravatar.com\/avatar\/910fcf6728fe95320e07a6643c1581fec1c7fc4bf8ae12e3d8f0d0373dc844be?s=96&d=mm&r=g","contentUrl":"https:\/\/secure.gravatar.com\/avatar\/910fcf6728fe95320e07a6643c1581fec1c7fc4bf8ae12e3d8f0d0373dc844be?s=96&d=mm&r=g","caption":"Jorge Mi\u00f1o"},"sameAs":["http:\/\/radioinfinitagoya.com.ar"]}]}},"_links":{"self":[{"href":"https:\/\/radioinfinitagoya.com.ar\/v1\/wp-json\/wp\/v2\/posts\/226669","targetHints":{"allow":["GET"]}}],"collection":[{"href":"https:\/\/radioinfinitagoya.com.ar\/v1\/wp-json\/wp\/v2\/posts"}],"about":[{"href":"https:\/\/radioinfinitagoya.com.ar\/v1\/wp-json\/wp\/v2\/types\/post"}],"author":[{"embeddable":true,"href":"https:\/\/radioinfinitagoya.com.ar\/v1\/wp-json\/wp\/v2\/users\/4"}],"replies":[{"embeddable":true,"href":"https:\/\/radioinfinitagoya.com.ar\/v1\/wp-json\/wp\/v2\/comments?post=226669"}],"version-history":[{"count":1,"href":"https:\/\/radioinfinitagoya.com.ar\/v1\/wp-json\/wp\/v2\/posts\/226669\/revisions"}],"predecessor-version":[{"id":226672,"href":"https:\/\/radioinfinitagoya.com.ar\/v1\/wp-json\/wp\/v2\/posts\/226669\/revisions\/226672"}],"wp:featuredmedia":[{"embeddable":true,"href":"https:\/\/radioinfinitagoya.com.ar\/v1\/wp-json\/wp\/v2\/media\/226670"}],"wp:attachment":[{"href":"https:\/\/radioinfinitagoya.com.ar\/v1\/wp-json\/wp\/v2\/media?parent=226669"}],"wp:term":[{"taxonomy":"category","embeddable":true,"href":"https:\/\/radioinfinitagoya.com.ar\/v1\/wp-json\/wp\/v2\/categories?post=226669"},{"taxonomy":"post_tag","embeddable":true,"href":"https:\/\/radioinfinitagoya.com.ar\/v1\/wp-json\/wp\/v2\/tags?post=226669"}],"curies":[{"name":"wp","href":"https:\/\/api.w.org\/{rel}","templated":true}]}}