{"id":226676,"date":"2026-09-04T15:26:49","date_gmt":"2026-09-04T18:26:49","guid":{"rendered":"https:\/\/radioinfinitagoya.com.ar\/v1\/?p=226676"},"modified":"2026-09-04T15:26:49","modified_gmt":"2026-09-04T18:26:49","slug":"goya-inclusiva","status":"publish","type":"post","link":"https:\/\/radioinfinitagoya.com.ar\/v1\/2026\/09\/04\/goya-inclusiva\/","title":{"rendered":"Goya Inclusiva"},"content":{"rendered":"<p>Con much\u00edsima actividad, &#8220;La Coordi&#8221; se prepara para Octubre, mes de la inclusi\u00f3n de las personas con discapacidad<\/p>\n<p>La Coordinadora de Discapacidad de la Municipalidad de Goya, Liza Kammerichs, celebr\u00f3 la creciente participaci\u00f3n de la Banda de Carlitos en distintos eventos culturales y la consolidaci\u00f3n de espacios accesibles como parte de una pol\u00edtica p\u00fablica de inclusi\u00f3n que avanza firme en la ciudad. En di\u00e1logo con RADIO CIUDAD, Kammerichs, puso \u00e9nfasis en lo que significa la Banda de Carlitos para la comunidad y las actividades propuestas para los pr\u00f3ximos meses.<\/p>\n<p>La Banda actu\u00f3 el pasado domingo en el festejo que el municipio de Goya organiz\u00f3 por el D\u00eda del Ni\u00f1o y la familia acompa\u00f1\u00f3. Los ensayos se realizan en la Casa de la Cultura. Es una gran familia, depende del d\u00eda se organizan y se van a Plaza Mitre a tocar, disfrutan al aire libre. Est\u00e1 integrada por j\u00f3venes y adultos que forman parte, acompa\u00f1ados por el profe Daniel Quiroz, el profe Silvio Dom\u00ednguez y el equipo terap\u00e9utico de la Coordinaci\u00f3n de Discapacidad del Municipio.<\/p>\n<p>\u201cEs un paseo para ellos, es una salida, lo que implica hacer la caminata, llevar los instrumentos, que puedan interactuar en espacios p\u00fablicos, eso genera inclusi\u00f3n&#8221;, expres\u00f3 emocionada Liza.<\/p>\n<p>CURSO PARA PERSONAS SORDAS<\/p>\n<p>En otra parte de la nota radial, la profe Kammerichs, reconoci\u00f3 la enorme intervenci\u00f3n de la profesora, Paola Altamirano, en esta propuesta que es formativa en lo tecnol\u00f3gico como es el curso corto de inform\u00e1tica para personas sordas.<\/p>\n<p>Se trata de una pol\u00edtica de inclusi\u00f3n digital que el ITG y la secretar\u00eda de Educaci\u00f3n lanzaron.<\/p>\n<p>El Instituto Tecnol\u00f3gico Goya (ITG), junto a la Coordinaci\u00f3n de Discapacidad municipal, present\u00f3 una propuesta formativa pensada para la inclusi\u00f3n laboral de personas sordas. El curso abarcar\u00e1 herramientas digitales, inteligencia artificial y gesti\u00f3n administrativa, contando con el acompa\u00f1amiento de la int\u00e9rprete de Lengua de Se\u00f1as Argentina (LSA), Paola Altamirano. Con cupos limitados y evaluaci\u00f3n inicial para adaptar los niveles de aprendizaje, las capacitaciones iniciar\u00e1n a mediados de septiembre y buscan generar salidas laborales concretas. Las inscripciones est\u00e1n disponibles en la oficina de la Coordinaci\u00f3n de Discapacidad municipal, calle 25 de Mayo 516.<\/p>\n<p>MES DE OCTUBRE<\/p>\n<p>\u201cLa Coordi\u201d, junto a asociaciones, escuelas, colegios e instituciones especiales de la localidad, organiza y programa este Mes de Octubre, Mes de la inclusi\u00f3n de las personas con discapacidad. Con el objetivo de concientizar a la sociedad sobre la integraci\u00f3n de las personas con discapacidad en las actividades cotidianas, y para que los gobiernos promuevan pol\u00edticas p\u00fablicas y pr\u00e1cticas que garanticen el cumplimiento de los derechos de todos los ciudadanos.<\/p>\n<p>En este punto, la profe Liza adelant\u00f3 que este a\u00f1o el tradicional festival va a ser el viernes 23 de octubre, en Plaza Mitre.<\/p>\n<p>\u201cTenemos un mont\u00f3n de actividades m\u00e1s que proponen las escuelas. Vamos a tener caminata Escuela Especial, las escuelas municipales van a estar haciendo sus aportes como todos los a\u00f1os, va a haber la matin\u00e9 de APIPE, va a haber una matin\u00e9 de la Escuela N\u00b0 53 y valiosas y enriquecedoras charlas de terapeutas\u201d indic\u00f3.<\/p>\n<p>Estas entidades que trabajan en equipo con la Coordinaci\u00f3n de Discapacidad y mantienen reuniones peri\u00f3dicas para organizar actividades comunitarias son:<\/p>\n<p>Escuela Artes pl\u00e1sticas, Escuela Villareal, Escuela Taller Itati, Escuela N\u00b0 53, Abuela Cuenta Cuentos, Club de Leones, Munay, Atenci\u00f3n Temprana, Puzzle, H\u00e1bilmente, Apipe, asociaci\u00f3n Valiente, Sursum, Centro de d\u00eda Mam\u00e1 Perla, ISG, Prof. de Educaci\u00f3n Especial, Escuela Hospitalaria Domiciliaria, Escuela Especial, ADAPED.<\/p>\n<p>La fecha, d\u00eda y horario de la totalidad de los eventos se dar\u00e1n a conocer a la brevedad.<\/p>\n<p>VISITA A ESCUELAS<\/p>\n<p>La \u201cCoordi\u201d en forma peri\u00f3dica realiza visita a escuelas primarias con charlas sobre los servicios que brinda esta oficina municipal.<\/p>\n<p>\u201cFuimos, a las escuelas del Puerto, fuimos a paraje Remanso, fuimos a paraje Soledad. Se informa todo sobre los cursos, los programas, los servicios que hay en Coordinaci\u00f3n y lo m\u00e1s importante, promover y concientizar acerca de las se\u00f1ales de alerta para que esos pap\u00e1s, esa abuela a cargo de ese ni\u00f1o tengan en cuenta para despu\u00e9s tratar de forma temprana ese desarrollo evolutivo\u201d explic\u00f3.<\/p>\n<p>NUEVA CASA<\/p>\n<p>En la parte final, Liza invit\u00f3 a visitar la nueva casa que dispone \u201cLa Coordi\u201d por calle 25 de mayo 516.<\/p>\n<p>\u201cTenemos un espacio propio, bien c\u00e9ntrico, se tuvo que hacer algunas modificaciones y adaptaciones al lugar as\u00ed que estamos felices en casa propia. Los esperamos para que nos visiten\u201d cerr\u00f3.<\/p>\n<p>Direcci\u00f3n de Prensa-Municipalidad de Goya<\/p>\n<p>&nbsp;<\/p>\n","protected":false},"excerpt":{"rendered":"<p>Con much\u00edsima actividad, &#8220;La Coordi&#8221; se prepara para Octubre, mes de la inclusi\u00f3n de las personas con discapacidad La Coordinadora de Discapacidad de la Municipalidad de Goya, Liza Kammerichs, celebr\u00f3 la creciente participaci\u00f3n de la Banda de Carlitos en distintos eventos culturales y la consolidaci\u00f3n de espacios accesibles como parte de una pol\u00edtica p\u00fablica de [&hellip;]<\/p>\n","protected":false},"author":4,"featured_media":226677,"comment_status":"open","ping_status":"open","sticky":false,"template":"","format":"standard","meta":{"_joinchat":[],"footnotes":""},"categories":[27],"tags":[],"class_list":["post-226676","post","type-post","status-publish","format-standard","has-post-thumbnail","category-locales"],"yoast_head":"<!-- This site is optimized with the Yoast SEO plugin v27.7 - https:\/\/yoast.com\/product\/yoast-seo-wordpress\/ -->\n<title>Goya Inclusiva - Radio Infinita Goya<\/title>\n<meta name=\"description\" content=\"Con much\u00edsima actividad, &quot;La Coordi&quot; se prepara para Octubre, mes de la inclusi\u00f3n de las personas con discapacidad La Coordinadora de Discapacidad de la\" \/>\n<meta name=\"robots\" content=\"index, follow, max-snippet:-1, max-image-preview:large, max-video-preview:-1\" \/>\n<link rel=\"canonical\" href=\"https:\/\/radioinfinitagoya.com.ar\/v1\/2026\/09\/04\/goya-inclusiva\/\" \/>\n<meta property=\"og:locale\" content=\"es_ES\" \/>\n<meta property=\"og:type\" content=\"article\" \/>\n<meta property=\"og:title\" content=\"Goya Inclusiva - Radio Infinita Goya\" \/>\n<meta property=\"og:description\" content=\"Con much\u00edsima actividad, &quot;La Coordi&quot; se prepara para Octubre, mes de la inclusi\u00f3n de las personas con discapacidad La Coordinadora de Discapacidad de la\" \/>\n<meta property=\"og:url\" content=\"https:\/\/radioinfinitagoya.com.ar\/v1\/2026\/09\/04\/goya-inclusiva\/\" \/>\n<meta property=\"og:site_name\" content=\"Radio Infinita Goya\" \/>\n<meta property=\"article:publisher\" content=\"https:\/\/www.facebook.com\/p\/Infinita-Goya-100063870918311\/\" \/>\n<meta property=\"article:published_time\" content=\"2026-09-04T18:26:49+00:00\" \/>\n<meta property=\"og:image\" content=\"https:\/\/radioinfinitagoya.com.ar\/v1\/wp-content\/uploads\/2026\/09\/la_coordi_se_prepara_para_octubre_mes_de_la_inclus.jpg\" \/>\n\t<meta property=\"og:image:width\" content=\"848\" \/>\n\t<meta property=\"og:image:height\" content=\"477\" \/>\n\t<meta property=\"og:image:type\" content=\"image\/jpeg\" \/>\n<meta name=\"author\" content=\"Jorge Mi\u00f1o\" \/>\n<meta name=\"twitter:card\" content=\"summary_large_image\" \/>\n<meta name=\"twitter:label1\" content=\"Escrito por\" \/>\n\t<meta name=\"twitter:data1\" content=\"Jorge Mi\u00f1o\" \/>\n\t<meta name=\"twitter:label2\" content=\"Tiempo de lectura\" \/>\n\t<meta name=\"twitter:data2\" content=\"4 minutos\" \/>\n<script type=\"application\/ld+json\" class=\"yoast-schema-graph\">{\"@context\":\"https:\\\/\\\/schema.org\",\"@graph\":[{\"@type\":\"Article\",\"@id\":\"https:\\\/\\\/radioinfinitagoya.com.ar\\\/v1\\\/2026\\\/09\\\/04\\\/goya-inclusiva\\\/#article\",\"isPartOf\":{\"@id\":\"https:\\\/\\\/radioinfinitagoya.com.ar\\\/v1\\\/2026\\\/09\\\/04\\\/goya-inclusiva\\\/\"},\"author\":{\"name\":\"Jorge Mi\u00f1o\",\"@id\":\"https:\\\/\\\/radioinfinitagoya.com.ar\\\/v1\\\/#\\\/schema\\\/person\\\/d4cf9c413d4f6edb24aabdccab49ca4a\"},\"headline\":\"Goya Inclusiva\",\"datePublished\":\"2026-09-04T18:26:49+00:00\",\"mainEntityOfPage\":{\"@id\":\"https:\\\/\\\/radioinfinitagoya.com.ar\\\/v1\\\/2026\\\/09\\\/04\\\/goya-inclusiva\\\/\"},\"wordCount\":792,\"commentCount\":0,\"publisher\":{\"@id\":\"https:\\\/\\\/radioinfinitagoya.com.ar\\\/v1\\\/#organization\"},\"image\":{\"@id\":\"https:\\\/\\\/radioinfinitagoya.com.ar\\\/v1\\\/2026\\\/09\\\/04\\\/goya-inclusiva\\\/#primaryimage\"},\"thumbnailUrl\":\"https:\\\/\\\/radioinfinitagoya.com.ar\\\/v1\\\/wp-content\\\/uploads\\\/2026\\\/09\\\/la_coordi_se_prepara_para_octubre_mes_de_la_inclus.jpg\",\"articleSection\":[\"LOCALES\"],\"inLanguage\":\"es-AR\",\"potentialAction\":[{\"@type\":\"CommentAction\",\"name\":\"Comment\",\"target\":[\"https:\\\/\\\/radioinfinitagoya.com.ar\\\/v1\\\/2026\\\/09\\\/04\\\/goya-inclusiva\\\/#respond\"]}]},{\"@type\":\"WebPage\",\"@id\":\"https:\\\/\\\/radioinfinitagoya.com.ar\\\/v1\\\/2026\\\/09\\\/04\\\/goya-inclusiva\\\/\",\"url\":\"https:\\\/\\\/radioinfinitagoya.com.ar\\\/v1\\\/2026\\\/09\\\/04\\\/goya-inclusiva\\\/\",\"name\":\"Goya Inclusiva - Radio Infinita Goya\",\"isPartOf\":{\"@id\":\"https:\\\/\\\/radioinfinitagoya.com.ar\\\/v1\\\/#website\"},\"primaryImageOfPage\":{\"@id\":\"https:\\\/\\\/radioinfinitagoya.com.ar\\\/v1\\\/2026\\\/09\\\/04\\\/goya-inclusiva\\\/#primaryimage\"},\"image\":{\"@id\":\"https:\\\/\\\/radioinfinitagoya.com.ar\\\/v1\\\/2026\\\/09\\\/04\\\/goya-inclusiva\\\/#primaryimage\"},\"thumbnailUrl\":\"https:\\\/\\\/radioinfinitagoya.com.ar\\\/v1\\\/wp-content\\\/uploads\\\/2026\\\/09\\\/la_coordi_se_prepara_para_octubre_mes_de_la_inclus.jpg\",\"datePublished\":\"2026-09-04T18:26:49+00:00\",\"description\":\"Con much\u00edsima actividad, \\\"La Coordi\\\" se prepara para Octubre, mes de la inclusi\u00f3n de las personas con discapacidad La Coordinadora de Discapacidad de la\",\"breadcrumb\":{\"@id\":\"https:\\\/\\\/radioinfinitagoya.com.ar\\\/v1\\\/2026\\\/09\\\/04\\\/goya-inclusiva\\\/#breadcrumb\"},\"inLanguage\":\"es-AR\",\"potentialAction\":[{\"@type\":\"ReadAction\",\"target\":[\"https:\\\/\\\/radioinfinitagoya.com.ar\\\/v1\\\/2026\\\/09\\\/04\\\/goya-inclusiva\\\/\"]}]},{\"@type\":\"ImageObject\",\"inLanguage\":\"es-AR\",\"@id\":\"https:\\\/\\\/radioinfinitagoya.com.ar\\\/v1\\\/2026\\\/09\\\/04\\\/goya-inclusiva\\\/#primaryimage\",\"url\":\"https:\\\/\\\/radioinfinitagoya.com.ar\\\/v1\\\/wp-content\\\/uploads\\\/2026\\\/09\\\/la_coordi_se_prepara_para_octubre_mes_de_la_inclus.jpg\",\"contentUrl\":\"https:\\\/\\\/radioinfinitagoya.com.ar\\\/v1\\\/wp-content\\\/uploads\\\/2026\\\/09\\\/la_coordi_se_prepara_para_octubre_mes_de_la_inclus.jpg\",\"width\":848,\"height\":477},{\"@type\":\"BreadcrumbList\",\"@id\":\"https:\\\/\\\/radioinfinitagoya.com.ar\\\/v1\\\/2026\\\/09\\\/04\\\/goya-inclusiva\\\/#breadcrumb\",\"itemListElement\":[{\"@type\":\"ListItem\",\"position\":1,\"name\":\"Inicio\",\"item\":\"https:\\\/\\\/radioinfinitagoya.com.ar\\\/v1\\\/\"},{\"@type\":\"ListItem\",\"position\":2,\"name\":\"Goya Inclusiva\"}]},{\"@type\":\"WebSite\",\"@id\":\"https:\\\/\\\/radioinfinitagoya.com.ar\\\/v1\\\/#website\",\"url\":\"https:\\\/\\\/radioinfinitagoya.com.ar\\\/v1\\\/\",\"name\":\"radioinfinitagoya.com.ar\",\"description\":\"Radio de noticias\",\"publisher\":{\"@id\":\"https:\\\/\\\/radioinfinitagoya.com.ar\\\/v1\\\/#organization\"},\"potentialAction\":[{\"@type\":\"SearchAction\",\"target\":{\"@type\":\"EntryPoint\",\"urlTemplate\":\"https:\\\/\\\/radioinfinitagoya.com.ar\\\/v1\\\/?s={search_term_string}\"},\"query-input\":{\"@type\":\"PropertyValueSpecification\",\"valueRequired\":true,\"valueName\":\"search_term_string\"}}],\"inLanguage\":\"es-AR\"},{\"@type\":\"Organization\",\"@id\":\"https:\\\/\\\/radioinfinitagoya.com.ar\\\/v1\\\/#organization\",\"name\":\"Radio Infinita Goya\",\"url\":\"https:\\\/\\\/radioinfinitagoya.com.ar\\\/v1\\\/\",\"logo\":{\"@type\":\"ImageObject\",\"inLanguage\":\"es-AR\",\"@id\":\"https:\\\/\\\/radioinfinitagoya.com.ar\\\/v1\\\/#\\\/schema\\\/logo\\\/image\\\/\",\"url\":\"https:\\\/\\\/radioinfinitagoya.com.ar\\\/v1\\\/wp-content\\\/uploads\\\/2019\\\/11\\\/logo-pie-web.png\",\"contentUrl\":\"https:\\\/\\\/radioinfinitagoya.com.ar\\\/v1\\\/wp-content\\\/uploads\\\/2019\\\/11\\\/logo-pie-web.png\",\"width\":635,\"height\":326,\"caption\":\"Radio Infinita Goya\"},\"image\":{\"@id\":\"https:\\\/\\\/radioinfinitagoya.com.ar\\\/v1\\\/#\\\/schema\\\/logo\\\/image\\\/\"},\"sameAs\":[\"https:\\\/\\\/www.facebook.com\\\/p\\\/Infinita-Goya-100063870918311\\\/\"]},{\"@type\":\"Person\",\"@id\":\"https:\\\/\\\/radioinfinitagoya.com.ar\\\/v1\\\/#\\\/schema\\\/person\\\/d4cf9c413d4f6edb24aabdccab49ca4a\",\"name\":\"Jorge Mi\u00f1o\",\"image\":{\"@type\":\"ImageObject\",\"inLanguage\":\"es-AR\",\"@id\":\"https:\\\/\\\/secure.gravatar.com\\\/avatar\\\/910fcf6728fe95320e07a6643c1581fec1c7fc4bf8ae12e3d8f0d0373dc844be?s=96&d=mm&r=g\",\"url\":\"https:\\\/\\\/secure.gravatar.com\\\/avatar\\\/910fcf6728fe95320e07a6643c1581fec1c7fc4bf8ae12e3d8f0d0373dc844be?s=96&d=mm&r=g\",\"contentUrl\":\"https:\\\/\\\/secure.gravatar.com\\\/avatar\\\/910fcf6728fe95320e07a6643c1581fec1c7fc4bf8ae12e3d8f0d0373dc844be?s=96&d=mm&r=g\",\"caption\":\"Jorge Mi\u00f1o\"},\"sameAs\":[\"http:\\\/\\\/radioinfinitagoya.com.ar\"]}]}<\/script>\n<!-- \/ Yoast SEO plugin. -->","yoast_head_json":{"title":"Goya Inclusiva - Radio Infinita Goya","description":"Con much\u00edsima actividad, \"La Coordi\" se prepara para Octubre, mes de la inclusi\u00f3n de las personas con discapacidad La Coordinadora de Discapacidad de la","robots":{"index":"index","follow":"follow","max-snippet":"max-snippet:-1","max-image-preview":"max-image-preview:large","max-video-preview":"max-video-preview:-1"},"canonical":"https:\/\/radioinfinitagoya.com.ar\/v1\/2026\/09\/04\/goya-inclusiva\/","og_locale":"es_ES","og_type":"article","og_title":"Goya Inclusiva - Radio Infinita Goya","og_description":"Con much\u00edsima actividad, \"La Coordi\" se prepara para Octubre, mes de la inclusi\u00f3n de las personas con discapacidad La Coordinadora de Discapacidad de la","og_url":"https:\/\/radioinfinitagoya.com.ar\/v1\/2026\/09\/04\/goya-inclusiva\/","og_site_name":"Radio Infinita Goya","article_publisher":"https:\/\/www.facebook.com\/p\/Infinita-Goya-100063870918311\/","article_published_time":"2026-09-04T18:26:49+00:00","og_image":[{"width":848,"height":477,"url":"https:\/\/radioinfinitagoya.com.ar\/v1\/wp-content\/uploads\/2026\/09\/la_coordi_se_prepara_para_octubre_mes_de_la_inclus.jpg","type":"image\/jpeg"}],"author":"Jorge Mi\u00f1o","twitter_card":"summary_large_image","twitter_misc":{"Escrito por":"Jorge Mi\u00f1o","Tiempo de lectura":"4 minutos"},"schema":{"@context":"https:\/\/schema.org","@graph":[{"@type":"Article","@id":"https:\/\/radioinfinitagoya.com.ar\/v1\/2026\/09\/04\/goya-inclusiva\/#article","isPartOf":{"@id":"https:\/\/radioinfinitagoya.com.ar\/v1\/2026\/09\/04\/goya-inclusiva\/"},"author":{"name":"Jorge Mi\u00f1o","@id":"https:\/\/radioinfinitagoya.com.ar\/v1\/#\/schema\/person\/d4cf9c413d4f6edb24aabdccab49ca4a"},"headline":"Goya Inclusiva","datePublished":"2026-09-04T18:26:49+00:00","mainEntityOfPage":{"@id":"https:\/\/radioinfinitagoya.com.ar\/v1\/2026\/09\/04\/goya-inclusiva\/"},"wordCount":792,"commentCount":0,"publisher":{"@id":"https:\/\/radioinfinitagoya.com.ar\/v1\/#organization"},"image":{"@id":"https:\/\/radioinfinitagoya.com.ar\/v1\/2026\/09\/04\/goya-inclusiva\/#primaryimage"},"thumbnailUrl":"https:\/\/radioinfinitagoya.com.ar\/v1\/wp-content\/uploads\/2026\/09\/la_coordi_se_prepara_para_octubre_mes_de_la_inclus.jpg","articleSection":["LOCALES"],"inLanguage":"es-AR","potentialAction":[{"@type":"CommentAction","name":"Comment","target":["https:\/\/radioinfinitagoya.com.ar\/v1\/2026\/09\/04\/goya-inclusiva\/#respond"]}]},{"@type":"WebPage","@id":"https:\/\/radioinfinitagoya.com.ar\/v1\/2026\/09\/04\/goya-inclusiva\/","url":"https:\/\/radioinfinitagoya.com.ar\/v1\/2026\/09\/04\/goya-inclusiva\/","name":"Goya Inclusiva - Radio Infinita Goya","isPartOf":{"@id":"https:\/\/radioinfinitagoya.com.ar\/v1\/#website"},"primaryImageOfPage":{"@id":"https:\/\/radioinfinitagoya.com.ar\/v1\/2026\/09\/04\/goya-inclusiva\/#primaryimage"},"image":{"@id":"https:\/\/radioinfinitagoya.com.ar\/v1\/2026\/09\/04\/goya-inclusiva\/#primaryimage"},"thumbnailUrl":"https:\/\/radioinfinitagoya.com.ar\/v1\/wp-content\/uploads\/2026\/09\/la_coordi_se_prepara_para_octubre_mes_de_la_inclus.jpg","datePublished":"2026-09-04T18:26:49+00:00","description":"Con much\u00edsima actividad, \"La Coordi\" se prepara para Octubre, mes de la inclusi\u00f3n de las personas con discapacidad La Coordinadora de Discapacidad de la","breadcrumb":{"@id":"https:\/\/radioinfinitagoya.com.ar\/v1\/2026\/09\/04\/goya-inclusiva\/#breadcrumb"},"inLanguage":"es-AR","potentialAction":[{"@type":"ReadAction","target":["https:\/\/radioinfinitagoya.com.ar\/v1\/2026\/09\/04\/goya-inclusiva\/"]}]},{"@type":"ImageObject","inLanguage":"es-AR","@id":"https:\/\/radioinfinitagoya.com.ar\/v1\/2026\/09\/04\/goya-inclusiva\/#primaryimage","url":"https:\/\/radioinfinitagoya.com.ar\/v1\/wp-content\/uploads\/2026\/09\/la_coordi_se_prepara_para_octubre_mes_de_la_inclus.jpg","contentUrl":"https:\/\/radioinfinitagoya.com.ar\/v1\/wp-content\/uploads\/2026\/09\/la_coordi_se_prepara_para_octubre_mes_de_la_inclus.jpg","width":848,"height":477},{"@type":"BreadcrumbList","@id":"https:\/\/radioinfinitagoya.com.ar\/v1\/2026\/09\/04\/goya-inclusiva\/#breadcrumb","itemListElement":[{"@type":"ListItem","position":1,"name":"Inicio","item":"https:\/\/radioinfinitagoya.com.ar\/v1\/"},{"@type":"ListItem","position":2,"name":"Goya Inclusiva"}]},{"@type":"WebSite","@id":"https:\/\/radioinfinitagoya.com.ar\/v1\/#website","url":"https:\/\/radioinfinitagoya.com.ar\/v1\/","name":"radioinfinitagoya.com.ar","description":"Radio de noticias","publisher":{"@id":"https:\/\/radioinfinitagoya.com.ar\/v1\/#organization"},"potentialAction":[{"@type":"SearchAction","target":{"@type":"EntryPoint","urlTemplate":"https:\/\/radioinfinitagoya.com.ar\/v1\/?s={search_term_string}"},"query-input":{"@type":"PropertyValueSpecification","valueRequired":true,"valueName":"search_term_string"}}],"inLanguage":"es-AR"},{"@type":"Organization","@id":"https:\/\/radioinfinitagoya.com.ar\/v1\/#organization","name":"Radio Infinita Goya","url":"https:\/\/radioinfinitagoya.com.ar\/v1\/","logo":{"@type":"ImageObject","inLanguage":"es-AR","@id":"https:\/\/radioinfinitagoya.com.ar\/v1\/#\/schema\/logo\/image\/","url":"https:\/\/radioinfinitagoya.com.ar\/v1\/wp-content\/uploads\/2019\/11\/logo-pie-web.png","contentUrl":"https:\/\/radioinfinitagoya.com.ar\/v1\/wp-content\/uploads\/2019\/11\/logo-pie-web.png","width":635,"height":326,"caption":"Radio Infinita Goya"},"image":{"@id":"https:\/\/radioinfinitagoya.com.ar\/v1\/#\/schema\/logo\/image\/"},"sameAs":["https:\/\/www.facebook.com\/p\/Infinita-Goya-100063870918311\/"]},{"@type":"Person","@id":"https:\/\/radioinfinitagoya.com.ar\/v1\/#\/schema\/person\/d4cf9c413d4f6edb24aabdccab49ca4a","name":"Jorge Mi\u00f1o","image":{"@type":"ImageObject","inLanguage":"es-AR","@id":"https:\/\/secure.gravatar.com\/avatar\/910fcf6728fe95320e07a6643c1581fec1c7fc4bf8ae12e3d8f0d0373dc844be?s=96&d=mm&r=g","url":"https:\/\/secure.gravatar.com\/avatar\/910fcf6728fe95320e07a6643c1581fec1c7fc4bf8ae12e3d8f0d0373dc844be?s=96&d=mm&r=g","contentUrl":"https:\/\/secure.gravatar.com\/avatar\/910fcf6728fe95320e07a6643c1581fec1c7fc4bf8ae12e3d8f0d0373dc844be?s=96&d=mm&r=g","caption":"Jorge Mi\u00f1o"},"sameAs":["http:\/\/radioinfinitagoya.com.ar"]}]}},"_links":{"self":[{"href":"https:\/\/radioinfinitagoya.com.ar\/v1\/wp-json\/wp\/v2\/posts\/226676","targetHints":{"allow":["GET"]}}],"collection":[{"href":"https:\/\/radioinfinitagoya.com.ar\/v1\/wp-json\/wp\/v2\/posts"}],"about":[{"href":"https:\/\/radioinfinitagoya.com.ar\/v1\/wp-json\/wp\/v2\/types\/post"}],"author":[{"embeddable":true,"href":"https:\/\/radioinfinitagoya.com.ar\/v1\/wp-json\/wp\/v2\/users\/4"}],"replies":[{"embeddable":true,"href":"https:\/\/radioinfinitagoya.com.ar\/v1\/wp-json\/wp\/v2\/comments?post=226676"}],"version-history":[{"count":1,"href":"https:\/\/radioinfinitagoya.com.ar\/v1\/wp-json\/wp\/v2\/posts\/226676\/revisions"}],"predecessor-version":[{"id":226678,"href":"https:\/\/radioinfinitagoya.com.ar\/v1\/wp-json\/wp\/v2\/posts\/226676\/revisions\/226678"}],"wp:featuredmedia":[{"embeddable":true,"href":"https:\/\/radioinfinitagoya.com.ar\/v1\/wp-json\/wp\/v2\/media\/226677"}],"wp:attachment":[{"href":"https:\/\/radioinfinitagoya.com.ar\/v1\/wp-json\/wp\/v2\/media?parent=226676"}],"wp:term":[{"taxonomy":"category","embeddable":true,"href":"https:\/\/radioinfinitagoya.com.ar\/v1\/wp-json\/wp\/v2\/categories?post=226676"},{"taxonomy":"post_tag","embeddable":true,"href":"https:\/\/radioinfinitagoya.com.ar\/v1\/wp-json\/wp\/v2\/tags?post=226676"}],"curies":[{"name":"wp","href":"https:\/\/api.w.org\/{rel}","templated":true}]}}