{"id":226679,"date":"2026-09-04T15:30:25","date_gmt":"2026-09-04T18:30:25","guid":{"rendered":"https:\/\/radioinfinitagoya.com.ar\/v1\/?p=226679"},"modified":"2026-09-04T15:30:25","modified_gmt":"2026-09-04T18:30:25","slug":"teatro-candilejas-vuelve-a-poner-en-escena-77-anos-no-es-nada","status":"publish","type":"post","link":"https:\/\/radioinfinitagoya.com.ar\/v1\/2026\/09\/04\/teatro-candilejas-vuelve-a-poner-en-escena-77-anos-no-es-nada\/","title":{"rendered":"Teatro Candilejas vuelve a poner en escena &#8220;77 a\u00f1os no es nada&#8221;"},"content":{"rendered":"<p>La obra que celebr\u00f3 los 77 a\u00f1os del teatro vuelve el domingo, para quienes no pudieron ingresar y para todos los que quieran volver a disfrutarla.<\/p>\n<p>\u201cEstamos felices, queremos que la gente entre y descubra lo que hay detr\u00e1s de un escenario. Que descubran la magia de lo que es el teatro\u201d, sostuvo el director teatral Carlos Dante Ginocchi.<\/p>\n<p>El teatro Candilejas cumpli\u00f3 77 a\u00f1os el pasado 29 de agosto, para celebrarlo, el pr\u00f3ximo domingo 6 de septiembre, a las 20 horas, volver\u00e1 a presentar la obra \u201c77 a\u00f1os no son nada\u201d, un recorrido por la m\u00fasica y la historia de este teatro.<\/p>\n<p>EXPECTATIVAS SUPERADAS<\/p>\n<p>Lo confirm\u00f3 Carlos Dante Ginocchi, quien explic\u00f3 que esta funci\u00f3n est\u00e1 pensada sobre todo para la gente que no pudo entrar la vez pasada. Aquella presentaci\u00f3n del viernes, dijo, fue \u201cuna apuesta exitosa, memorable y encantadora\u201d, pero la sala da para 180 personas y se acercaron casi 200. Hubo gente que tuvo que quedarse de pie. \u201cY un espect\u00e1culo visto de pie no es lo mismo \u2014reconoci\u00f3\u2014, aunque igual super\u00f3 todo lo que esper\u00e1bamos. Estamos muy felices\u201d.<\/p>\n<p>RECORRIDO DE LA HISTORIA DEL TEATRO<\/p>\n<p>Ginocchi coment\u00f3 adem\u00e1s que la obra es algo distinta: \u201crecorre la historia del teatro en Goya, con fragmentos de obras que se hicieron aqu\u00ed y un repaso por la trayectoria del propio Candilejas. Para que los que vienen de siempre recuerden, y para que los m\u00e1s j\u00f3venes sepan lo que fue este teatro\u201d, explic\u00f3.<\/p>\n<p>Por eso se repite. El domingo a las 20, funci\u00f3n con modalidad \u201ca la gorra\u201d.<\/p>\n<p>LA MAGIA DEL TEATRO SIGUE VIGENTE<\/p>\n<p>\u201cLos esperamos con todo el cari\u00f1o. Las puertas de Candilejas est\u00e1n abiertas para quien quiera acercarse. Hacer teatro nos llena de felicidad; en este momento es tambi\u00e9n una forma de cuidar lo nuestro, la cultura de nuestro pueblo\u201d, dijo. Y agreg\u00f3: \u201cVolvemos a repetir, no porque queramos llenar la sala, sino porque queremos que la gente entre y descubra lo que hay detr\u00e1s de un escenario. Que descubran la magia de lo que es el teatro\u201d.<\/p>\n<p>Direcci\u00f3n de Prensa &#8211; Municipalidad de Goya Ver menos<\/p>\n","protected":false},"excerpt":{"rendered":"<p>La obra que celebr\u00f3 los 77 a\u00f1os del teatro vuelve el domingo, para quienes no pudieron ingresar y para todos los que quieran volver a disfrutarla. \u201cEstamos felices, queremos que la gente entre y descubra lo que hay detr\u00e1s de un escenario. Que descubran la magia de lo que es el teatro\u201d, sostuvo el director [&hellip;]<\/p>\n","protected":false},"author":4,"featured_media":226680,"comment_status":"open","ping_status":"open","sticky":false,"template":"","format":"standard","meta":{"_joinchat":[],"footnotes":""},"categories":[27],"tags":[],"class_list":["post-226679","post","type-post","status-publish","format-standard","has-post-thumbnail","category-locales"],"yoast_head":"<!-- This site is optimized with the Yoast SEO plugin v27.7 - https:\/\/yoast.com\/product\/yoast-seo-wordpress\/ -->\n<title>Teatro Candilejas vuelve a poner en escena &quot;77 a\u00f1os no es nada&quot; - Radio Infinita Goya<\/title>\n<meta name=\"description\" content=\"La obra que celebr\u00f3 los 77 a\u00f1os del teatro vuelve el domingo, para quienes no pudieron ingresar y para todos los que quieran volver a disfrutarla.\" \/>\n<meta name=\"robots\" content=\"index, follow, max-snippet:-1, max-image-preview:large, max-video-preview:-1\" \/>\n<link rel=\"canonical\" href=\"https:\/\/radioinfinitagoya.com.ar\/v1\/2026\/09\/04\/teatro-candilejas-vuelve-a-poner-en-escena-77-anos-no-es-nada\/\" \/>\n<meta property=\"og:locale\" content=\"es_ES\" \/>\n<meta property=\"og:type\" content=\"article\" \/>\n<meta property=\"og:title\" content=\"Teatro Candilejas vuelve a poner en escena &quot;77 a\u00f1os no es nada&quot; - Radio Infinita Goya\" \/>\n<meta property=\"og:description\" content=\"La obra que celebr\u00f3 los 77 a\u00f1os del teatro vuelve el domingo, para quienes no pudieron ingresar y para todos los que quieran volver a disfrutarla.\" \/>\n<meta property=\"og:url\" content=\"https:\/\/radioinfinitagoya.com.ar\/v1\/2026\/09\/04\/teatro-candilejas-vuelve-a-poner-en-escena-77-anos-no-es-nada\/\" \/>\n<meta property=\"og:site_name\" content=\"Radio Infinita Goya\" \/>\n<meta property=\"article:publisher\" content=\"https:\/\/www.facebook.com\/p\/Infinita-Goya-100063870918311\/\" \/>\n<meta property=\"article:published_time\" content=\"2026-09-04T18:30:25+00:00\" \/>\n<meta property=\"og:image\" content=\"https:\/\/radioinfinitagoya.com.ar\/v1\/wp-content\/uploads\/2026\/09\/793001724_10235239736274340_4371560307674494143_n-1.jpg\" \/>\n\t<meta property=\"og:image:width\" content=\"376\" \/>\n\t<meta property=\"og:image:height\" content=\"690\" \/>\n\t<meta property=\"og:image:type\" content=\"image\/jpeg\" \/>\n<meta name=\"author\" content=\"Jorge Mi\u00f1o\" \/>\n<meta name=\"twitter:card\" content=\"summary_large_image\" \/>\n<meta name=\"twitter:label1\" content=\"Escrito por\" \/>\n\t<meta name=\"twitter:data1\" content=\"Jorge Mi\u00f1o\" \/>\n\t<meta name=\"twitter:label2\" content=\"Tiempo de lectura\" \/>\n\t<meta name=\"twitter:data2\" content=\"2 minutos\" \/>\n<script type=\"application\/ld+json\" class=\"yoast-schema-graph\">{\"@context\":\"https:\\\/\\\/schema.org\",\"@graph\":[{\"@type\":\"Article\",\"@id\":\"https:\\\/\\\/radioinfinitagoya.com.ar\\\/v1\\\/2026\\\/09\\\/04\\\/teatro-candilejas-vuelve-a-poner-en-escena-77-anos-no-es-nada\\\/#article\",\"isPartOf\":{\"@id\":\"https:\\\/\\\/radioinfinitagoya.com.ar\\\/v1\\\/2026\\\/09\\\/04\\\/teatro-candilejas-vuelve-a-poner-en-escena-77-anos-no-es-nada\\\/\"},\"author\":{\"name\":\"Jorge Mi\u00f1o\",\"@id\":\"https:\\\/\\\/radioinfinitagoya.com.ar\\\/v1\\\/#\\\/schema\\\/person\\\/d4cf9c413d4f6edb24aabdccab49ca4a\"},\"headline\":\"Teatro Candilejas vuelve a poner en escena &#8220;77 a\u00f1os no es nada&#8221;\",\"datePublished\":\"2026-09-04T18:30:25+00:00\",\"mainEntityOfPage\":{\"@id\":\"https:\\\/\\\/radioinfinitagoya.com.ar\\\/v1\\\/2026\\\/09\\\/04\\\/teatro-candilejas-vuelve-a-poner-en-escena-77-anos-no-es-nada\\\/\"},\"wordCount\":370,\"commentCount\":0,\"publisher\":{\"@id\":\"https:\\\/\\\/radioinfinitagoya.com.ar\\\/v1\\\/#organization\"},\"image\":{\"@id\":\"https:\\\/\\\/radioinfinitagoya.com.ar\\\/v1\\\/2026\\\/09\\\/04\\\/teatro-candilejas-vuelve-a-poner-en-escena-77-anos-no-es-nada\\\/#primaryimage\"},\"thumbnailUrl\":\"https:\\\/\\\/radioinfinitagoya.com.ar\\\/v1\\\/wp-content\\\/uploads\\\/2026\\\/09\\\/793001724_10235239736274340_4371560307674494143_n-1.jpg\",\"articleSection\":[\"LOCALES\"],\"inLanguage\":\"es-AR\",\"potentialAction\":[{\"@type\":\"CommentAction\",\"name\":\"Comment\",\"target\":[\"https:\\\/\\\/radioinfinitagoya.com.ar\\\/v1\\\/2026\\\/09\\\/04\\\/teatro-candilejas-vuelve-a-poner-en-escena-77-anos-no-es-nada\\\/#respond\"]}]},{\"@type\":\"WebPage\",\"@id\":\"https:\\\/\\\/radioinfinitagoya.com.ar\\\/v1\\\/2026\\\/09\\\/04\\\/teatro-candilejas-vuelve-a-poner-en-escena-77-anos-no-es-nada\\\/\",\"url\":\"https:\\\/\\\/radioinfinitagoya.com.ar\\\/v1\\\/2026\\\/09\\\/04\\\/teatro-candilejas-vuelve-a-poner-en-escena-77-anos-no-es-nada\\\/\",\"name\":\"Teatro Candilejas vuelve a poner en escena \\\"77 a\u00f1os no es nada\\\" - Radio Infinita Goya\",\"isPartOf\":{\"@id\":\"https:\\\/\\\/radioinfinitagoya.com.ar\\\/v1\\\/#website\"},\"primaryImageOfPage\":{\"@id\":\"https:\\\/\\\/radioinfinitagoya.com.ar\\\/v1\\\/2026\\\/09\\\/04\\\/teatro-candilejas-vuelve-a-poner-en-escena-77-anos-no-es-nada\\\/#primaryimage\"},\"image\":{\"@id\":\"https:\\\/\\\/radioinfinitagoya.com.ar\\\/v1\\\/2026\\\/09\\\/04\\\/teatro-candilejas-vuelve-a-poner-en-escena-77-anos-no-es-nada\\\/#primaryimage\"},\"thumbnailUrl\":\"https:\\\/\\\/radioinfinitagoya.com.ar\\\/v1\\\/wp-content\\\/uploads\\\/2026\\\/09\\\/793001724_10235239736274340_4371560307674494143_n-1.jpg\",\"datePublished\":\"2026-09-04T18:30:25+00:00\",\"description\":\"La obra que celebr\u00f3 los 77 a\u00f1os del teatro vuelve el domingo, para quienes no pudieron ingresar y para todos los que quieran volver a disfrutarla.\",\"breadcrumb\":{\"@id\":\"https:\\\/\\\/radioinfinitagoya.com.ar\\\/v1\\\/2026\\\/09\\\/04\\\/teatro-candilejas-vuelve-a-poner-en-escena-77-anos-no-es-nada\\\/#breadcrumb\"},\"inLanguage\":\"es-AR\",\"potentialAction\":[{\"@type\":\"ReadAction\",\"target\":[\"https:\\\/\\\/radioinfinitagoya.com.ar\\\/v1\\\/2026\\\/09\\\/04\\\/teatro-candilejas-vuelve-a-poner-en-escena-77-anos-no-es-nada\\\/\"]}]},{\"@type\":\"ImageObject\",\"inLanguage\":\"es-AR\",\"@id\":\"https:\\\/\\\/radioinfinitagoya.com.ar\\\/v1\\\/2026\\\/09\\\/04\\\/teatro-candilejas-vuelve-a-poner-en-escena-77-anos-no-es-nada\\\/#primaryimage\",\"url\":\"https:\\\/\\\/radioinfinitagoya.com.ar\\\/v1\\\/wp-content\\\/uploads\\\/2026\\\/09\\\/793001724_10235239736274340_4371560307674494143_n-1.jpg\",\"contentUrl\":\"https:\\\/\\\/radioinfinitagoya.com.ar\\\/v1\\\/wp-content\\\/uploads\\\/2026\\\/09\\\/793001724_10235239736274340_4371560307674494143_n-1.jpg\",\"width\":376,\"height\":690},{\"@type\":\"BreadcrumbList\",\"@id\":\"https:\\\/\\\/radioinfinitagoya.com.ar\\\/v1\\\/2026\\\/09\\\/04\\\/teatro-candilejas-vuelve-a-poner-en-escena-77-anos-no-es-nada\\\/#breadcrumb\",\"itemListElement\":[{\"@type\":\"ListItem\",\"position\":1,\"name\":\"Inicio\",\"item\":\"https:\\\/\\\/radioinfinitagoya.com.ar\\\/v1\\\/\"},{\"@type\":\"ListItem\",\"position\":2,\"name\":\"Teatro Candilejas vuelve a poner en escena &#8220;77 a\u00f1os no es nada&#8221;\"}]},{\"@type\":\"WebSite\",\"@id\":\"https:\\\/\\\/radioinfinitagoya.com.ar\\\/v1\\\/#website\",\"url\":\"https:\\\/\\\/radioinfinitagoya.com.ar\\\/v1\\\/\",\"name\":\"radioinfinitagoya.com.ar\",\"description\":\"Radio de noticias\",\"publisher\":{\"@id\":\"https:\\\/\\\/radioinfinitagoya.com.ar\\\/v1\\\/#organization\"},\"potentialAction\":[{\"@type\":\"SearchAction\",\"target\":{\"@type\":\"EntryPoint\",\"urlTemplate\":\"https:\\\/\\\/radioinfinitagoya.com.ar\\\/v1\\\/?s={search_term_string}\"},\"query-input\":{\"@type\":\"PropertyValueSpecification\",\"valueRequired\":true,\"valueName\":\"search_term_string\"}}],\"inLanguage\":\"es-AR\"},{\"@type\":\"Organization\",\"@id\":\"https:\\\/\\\/radioinfinitagoya.com.ar\\\/v1\\\/#organization\",\"name\":\"Radio Infinita Goya\",\"url\":\"https:\\\/\\\/radioinfinitagoya.com.ar\\\/v1\\\/\",\"logo\":{\"@type\":\"ImageObject\",\"inLanguage\":\"es-AR\",\"@id\":\"https:\\\/\\\/radioinfinitagoya.com.ar\\\/v1\\\/#\\\/schema\\\/logo\\\/image\\\/\",\"url\":\"https:\\\/\\\/radioinfinitagoya.com.ar\\\/v1\\\/wp-content\\\/uploads\\\/2019\\\/11\\\/logo-pie-web.png\",\"contentUrl\":\"https:\\\/\\\/radioinfinitagoya.com.ar\\\/v1\\\/wp-content\\\/uploads\\\/2019\\\/11\\\/logo-pie-web.png\",\"width\":635,\"height\":326,\"caption\":\"Radio Infinita Goya\"},\"image\":{\"@id\":\"https:\\\/\\\/radioinfinitagoya.com.ar\\\/v1\\\/#\\\/schema\\\/logo\\\/image\\\/\"},\"sameAs\":[\"https:\\\/\\\/www.facebook.com\\\/p\\\/Infinita-Goya-100063870918311\\\/\"]},{\"@type\":\"Person\",\"@id\":\"https:\\\/\\\/radioinfinitagoya.com.ar\\\/v1\\\/#\\\/schema\\\/person\\\/d4cf9c413d4f6edb24aabdccab49ca4a\",\"name\":\"Jorge Mi\u00f1o\",\"image\":{\"@type\":\"ImageObject\",\"inLanguage\":\"es-AR\",\"@id\":\"https:\\\/\\\/secure.gravatar.com\\\/avatar\\\/910fcf6728fe95320e07a6643c1581fec1c7fc4bf8ae12e3d8f0d0373dc844be?s=96&d=mm&r=g\",\"url\":\"https:\\\/\\\/secure.gravatar.com\\\/avatar\\\/910fcf6728fe95320e07a6643c1581fec1c7fc4bf8ae12e3d8f0d0373dc844be?s=96&d=mm&r=g\",\"contentUrl\":\"https:\\\/\\\/secure.gravatar.com\\\/avatar\\\/910fcf6728fe95320e07a6643c1581fec1c7fc4bf8ae12e3d8f0d0373dc844be?s=96&d=mm&r=g\",\"caption\":\"Jorge Mi\u00f1o\"},\"sameAs\":[\"http:\\\/\\\/radioinfinitagoya.com.ar\"]}]}<\/script>\n<!-- \/ Yoast SEO plugin. -->","yoast_head_json":{"title":"Teatro Candilejas vuelve a poner en escena \"77 a\u00f1os no es nada\" - Radio Infinita Goya","description":"La obra que celebr\u00f3 los 77 a\u00f1os del teatro vuelve el domingo, para quienes no pudieron ingresar y para todos los que quieran volver a disfrutarla.","robots":{"index":"index","follow":"follow","max-snippet":"max-snippet:-1","max-image-preview":"max-image-preview:large","max-video-preview":"max-video-preview:-1"},"canonical":"https:\/\/radioinfinitagoya.com.ar\/v1\/2026\/09\/04\/teatro-candilejas-vuelve-a-poner-en-escena-77-anos-no-es-nada\/","og_locale":"es_ES","og_type":"article","og_title":"Teatro Candilejas vuelve a poner en escena \"77 a\u00f1os no es nada\" - Radio Infinita Goya","og_description":"La obra que celebr\u00f3 los 77 a\u00f1os del teatro vuelve el domingo, para quienes no pudieron ingresar y para todos los que quieran volver a disfrutarla.","og_url":"https:\/\/radioinfinitagoya.com.ar\/v1\/2026\/09\/04\/teatro-candilejas-vuelve-a-poner-en-escena-77-anos-no-es-nada\/","og_site_name":"Radio Infinita Goya","article_publisher":"https:\/\/www.facebook.com\/p\/Infinita-Goya-100063870918311\/","article_published_time":"2026-09-04T18:30:25+00:00","og_image":[{"width":376,"height":690,"url":"https:\/\/radioinfinitagoya.com.ar\/v1\/wp-content\/uploads\/2026\/09\/793001724_10235239736274340_4371560307674494143_n-1.jpg","type":"image\/jpeg"}],"author":"Jorge Mi\u00f1o","twitter_card":"summary_large_image","twitter_misc":{"Escrito por":"Jorge Mi\u00f1o","Tiempo de lectura":"2 minutos"},"schema":{"@context":"https:\/\/schema.org","@graph":[{"@type":"Article","@id":"https:\/\/radioinfinitagoya.com.ar\/v1\/2026\/09\/04\/teatro-candilejas-vuelve-a-poner-en-escena-77-anos-no-es-nada\/#article","isPartOf":{"@id":"https:\/\/radioinfinitagoya.com.ar\/v1\/2026\/09\/04\/teatro-candilejas-vuelve-a-poner-en-escena-77-anos-no-es-nada\/"},"author":{"name":"Jorge Mi\u00f1o","@id":"https:\/\/radioinfinitagoya.com.ar\/v1\/#\/schema\/person\/d4cf9c413d4f6edb24aabdccab49ca4a"},"headline":"Teatro Candilejas vuelve a poner en escena &#8220;77 a\u00f1os no es nada&#8221;","datePublished":"2026-09-04T18:30:25+00:00","mainEntityOfPage":{"@id":"https:\/\/radioinfinitagoya.com.ar\/v1\/2026\/09\/04\/teatro-candilejas-vuelve-a-poner-en-escena-77-anos-no-es-nada\/"},"wordCount":370,"commentCount":0,"publisher":{"@id":"https:\/\/radioinfinitagoya.com.ar\/v1\/#organization"},"image":{"@id":"https:\/\/radioinfinitagoya.com.ar\/v1\/2026\/09\/04\/teatro-candilejas-vuelve-a-poner-en-escena-77-anos-no-es-nada\/#primaryimage"},"thumbnailUrl":"https:\/\/radioinfinitagoya.com.ar\/v1\/wp-content\/uploads\/2026\/09\/793001724_10235239736274340_4371560307674494143_n-1.jpg","articleSection":["LOCALES"],"inLanguage":"es-AR","potentialAction":[{"@type":"CommentAction","name":"Comment","target":["https:\/\/radioinfinitagoya.com.ar\/v1\/2026\/09\/04\/teatro-candilejas-vuelve-a-poner-en-escena-77-anos-no-es-nada\/#respond"]}]},{"@type":"WebPage","@id":"https:\/\/radioinfinitagoya.com.ar\/v1\/2026\/09\/04\/teatro-candilejas-vuelve-a-poner-en-escena-77-anos-no-es-nada\/","url":"https:\/\/radioinfinitagoya.com.ar\/v1\/2026\/09\/04\/teatro-candilejas-vuelve-a-poner-en-escena-77-anos-no-es-nada\/","name":"Teatro Candilejas vuelve a poner en escena \"77 a\u00f1os no es nada\" - Radio Infinita Goya","isPartOf":{"@id":"https:\/\/radioinfinitagoya.com.ar\/v1\/#website"},"primaryImageOfPage":{"@id":"https:\/\/radioinfinitagoya.com.ar\/v1\/2026\/09\/04\/teatro-candilejas-vuelve-a-poner-en-escena-77-anos-no-es-nada\/#primaryimage"},"image":{"@id":"https:\/\/radioinfinitagoya.com.ar\/v1\/2026\/09\/04\/teatro-candilejas-vuelve-a-poner-en-escena-77-anos-no-es-nada\/#primaryimage"},"thumbnailUrl":"https:\/\/radioinfinitagoya.com.ar\/v1\/wp-content\/uploads\/2026\/09\/793001724_10235239736274340_4371560307674494143_n-1.jpg","datePublished":"2026-09-04T18:30:25+00:00","description":"La obra que celebr\u00f3 los 77 a\u00f1os del teatro vuelve el domingo, para quienes no pudieron ingresar y para todos los que quieran volver a disfrutarla.","breadcrumb":{"@id":"https:\/\/radioinfinitagoya.com.ar\/v1\/2026\/09\/04\/teatro-candilejas-vuelve-a-poner-en-escena-77-anos-no-es-nada\/#breadcrumb"},"inLanguage":"es-AR","potentialAction":[{"@type":"ReadAction","target":["https:\/\/radioinfinitagoya.com.ar\/v1\/2026\/09\/04\/teatro-candilejas-vuelve-a-poner-en-escena-77-anos-no-es-nada\/"]}]},{"@type":"ImageObject","inLanguage":"es-AR","@id":"https:\/\/radioinfinitagoya.com.ar\/v1\/2026\/09\/04\/teatro-candilejas-vuelve-a-poner-en-escena-77-anos-no-es-nada\/#primaryimage","url":"https:\/\/radioinfinitagoya.com.ar\/v1\/wp-content\/uploads\/2026\/09\/793001724_10235239736274340_4371560307674494143_n-1.jpg","contentUrl":"https:\/\/radioinfinitagoya.com.ar\/v1\/wp-content\/uploads\/2026\/09\/793001724_10235239736274340_4371560307674494143_n-1.jpg","width":376,"height":690},{"@type":"BreadcrumbList","@id":"https:\/\/radioinfinitagoya.com.ar\/v1\/2026\/09\/04\/teatro-candilejas-vuelve-a-poner-en-escena-77-anos-no-es-nada\/#breadcrumb","itemListElement":[{"@type":"ListItem","position":1,"name":"Inicio","item":"https:\/\/radioinfinitagoya.com.ar\/v1\/"},{"@type":"ListItem","position":2,"name":"Teatro Candilejas vuelve a poner en escena &#8220;77 a\u00f1os no es nada&#8221;"}]},{"@type":"WebSite","@id":"https:\/\/radioinfinitagoya.com.ar\/v1\/#website","url":"https:\/\/radioinfinitagoya.com.ar\/v1\/","name":"radioinfinitagoya.com.ar","description":"Radio de noticias","publisher":{"@id":"https:\/\/radioinfinitagoya.com.ar\/v1\/#organization"},"potentialAction":[{"@type":"SearchAction","target":{"@type":"EntryPoint","urlTemplate":"https:\/\/radioinfinitagoya.com.ar\/v1\/?s={search_term_string}"},"query-input":{"@type":"PropertyValueSpecification","valueRequired":true,"valueName":"search_term_string"}}],"inLanguage":"es-AR"},{"@type":"Organization","@id":"https:\/\/radioinfinitagoya.com.ar\/v1\/#organization","name":"Radio Infinita Goya","url":"https:\/\/radioinfinitagoya.com.ar\/v1\/","logo":{"@type":"ImageObject","inLanguage":"es-AR","@id":"https:\/\/radioinfinitagoya.com.ar\/v1\/#\/schema\/logo\/image\/","url":"https:\/\/radioinfinitagoya.com.ar\/v1\/wp-content\/uploads\/2019\/11\/logo-pie-web.png","contentUrl":"https:\/\/radioinfinitagoya.com.ar\/v1\/wp-content\/uploads\/2019\/11\/logo-pie-web.png","width":635,"height":326,"caption":"Radio Infinita Goya"},"image":{"@id":"https:\/\/radioinfinitagoya.com.ar\/v1\/#\/schema\/logo\/image\/"},"sameAs":["https:\/\/www.facebook.com\/p\/Infinita-Goya-100063870918311\/"]},{"@type":"Person","@id":"https:\/\/radioinfinitagoya.com.ar\/v1\/#\/schema\/person\/d4cf9c413d4f6edb24aabdccab49ca4a","name":"Jorge Mi\u00f1o","image":{"@type":"ImageObject","inLanguage":"es-AR","@id":"https:\/\/secure.gravatar.com\/avatar\/910fcf6728fe95320e07a6643c1581fec1c7fc4bf8ae12e3d8f0d0373dc844be?s=96&d=mm&r=g","url":"https:\/\/secure.gravatar.com\/avatar\/910fcf6728fe95320e07a6643c1581fec1c7fc4bf8ae12e3d8f0d0373dc844be?s=96&d=mm&r=g","contentUrl":"https:\/\/secure.gravatar.com\/avatar\/910fcf6728fe95320e07a6643c1581fec1c7fc4bf8ae12e3d8f0d0373dc844be?s=96&d=mm&r=g","caption":"Jorge Mi\u00f1o"},"sameAs":["http:\/\/radioinfinitagoya.com.ar"]}]}},"_links":{"self":[{"href":"https:\/\/radioinfinitagoya.com.ar\/v1\/wp-json\/wp\/v2\/posts\/226679","targetHints":{"allow":["GET"]}}],"collection":[{"href":"https:\/\/radioinfinitagoya.com.ar\/v1\/wp-json\/wp\/v2\/posts"}],"about":[{"href":"https:\/\/radioinfinitagoya.com.ar\/v1\/wp-json\/wp\/v2\/types\/post"}],"author":[{"embeddable":true,"href":"https:\/\/radioinfinitagoya.com.ar\/v1\/wp-json\/wp\/v2\/users\/4"}],"replies":[{"embeddable":true,"href":"https:\/\/radioinfinitagoya.com.ar\/v1\/wp-json\/wp\/v2\/comments?post=226679"}],"version-history":[{"count":1,"href":"https:\/\/radioinfinitagoya.com.ar\/v1\/wp-json\/wp\/v2\/posts\/226679\/revisions"}],"predecessor-version":[{"id":226681,"href":"https:\/\/radioinfinitagoya.com.ar\/v1\/wp-json\/wp\/v2\/posts\/226679\/revisions\/226681"}],"wp:featuredmedia":[{"embeddable":true,"href":"https:\/\/radioinfinitagoya.com.ar\/v1\/wp-json\/wp\/v2\/media\/226680"}],"wp:attachment":[{"href":"https:\/\/radioinfinitagoya.com.ar\/v1\/wp-json\/wp\/v2\/media?parent=226679"}],"wp:term":[{"taxonomy":"category","embeddable":true,"href":"https:\/\/radioinfinitagoya.com.ar\/v1\/wp-json\/wp\/v2\/categories?post=226679"},{"taxonomy":"post_tag","embeddable":true,"href":"https:\/\/radioinfinitagoya.com.ar\/v1\/wp-json\/wp\/v2\/tags?post=226679"}],"curies":[{"name":"wp","href":"https:\/\/api.w.org\/{rel}","templated":true}]}}