{"id":226685,"date":"2026-09-04T15:43:59","date_gmt":"2026-09-04T18:43:59","guid":{"rendered":"https:\/\/radioinfinitagoya.com.ar\/v1\/?p=226685"},"modified":"2026-09-04T15:43:59","modified_gmt":"2026-09-04T18:43:59","slug":"acompanamiento-institucional","status":"publish","type":"post","link":"https:\/\/radioinfinitagoya.com.ar\/v1\/2026\/09\/04\/acompanamiento-institucional\/","title":{"rendered":"Acompa\u00f1amiento institucional"},"content":{"rendered":"<p>Polic\u00eda de la Provincia de Corrientes avanza con delitos resueltos y operativos especiales junto al Municipio de Goya<\/p>\n<p>El director de la Unidad Regional II, comisario mayor, Valent\u00edn Morales, destac\u00f3 este jueves 3 de septiembre, ante micr\u00f3fonos de la 88.3 RADIO CIUDAD, el compromiso social de la fuerza a su cargo en hechos delictivos que tuvieron amplia repercusi\u00f3n en el medio local.<\/p>\n<p>La Polic\u00eda de Corrientes tuvo activa y firme posici\u00f3n en el esclarecimiento de un hecho de robo con arma blanca que le correspondi\u00f3 atender por jurisdicci\u00f3n a la comisar\u00eda Primera de Goya.<\/p>\n<p>A trav\u00e9s de las redes sociales y de im\u00e1genes de una c\u00e1mara de seguridad donde se ve un il\u00edcito en un comercio donde una persona de sexo femenino portando un arma blanca se habr\u00eda apropiado ileg\u00edtimamente de un bien de una persona que trabajaba en ese comercio.<\/p>\n<p>Ante el hecho, la polic\u00eda a cargo del comisario Castillo inici\u00f3 el trabajo de investigaci\u00f3n pertinente, logrando a las pocas horas la localizaci\u00f3n, identificaci\u00f3n y demora de esta persona sindicada como supuesto autor del hecho.<\/p>\n<p>\u201cActualmente se encuentra detenida y demorada, internada en el Hospital con custodia femenina y se sigue con los trabajos de investigaci\u00f3n en procura de recuperar los elementos que hab\u00eda sido sustra\u00eddo\u201d abund\u00f3 el comisario mayor Morales.<\/p>\n<p>En otro orden de cosas, tambi\u00e9n la comisar\u00eda Quinta estuvo llevando adelante trabajo de investigaci\u00f3n tendiente a esclarecer el hurto de dos televisores nuevos que hab\u00edan sido robados de un comercio.<\/p>\n<p>Personal de esa Comisar\u00eda, al mando del comisario inspector Miguel Canteros, iniciaron el trabajo de investigaci\u00f3n logrando tambi\u00e9n, a las pocas horas, identificar a los autores del hecho y el recupero de los dos elementos que hab\u00eda sido denunciado como sustra\u00eddos.<\/p>\n<p>\u201cEste tipo de trabajo se viene estableciendo en forma constante, permanente en todo el \u00e1mbito de esta jurisdicci\u00f3n policial, trabajo que se realiza en forma conjunta con la Fiscal\u00eda\u201d enfatiz\u00f3.<\/p>\n<p>GRUPO GTO<\/p>\n<p>Operativos de seguridad se vienen realizando con el grupo GTO, que no solamente abarca las distintas comisar\u00edas con asiento ac\u00e1 en la ciudad de Goya, sino tambi\u00e9n todas las comisar\u00edas de otras ciudades como Esquina, San Roque. Lavalle y Bellavista.<\/p>\n<p>ACOMPA\u00d1AMIENTO INSTITUCIONAL POR FEN\u00d3MENO DE EL NI\u00d1O<\/p>\n<p>En el marco de los relevamientos que viene haciendo el municipio en aquellos sectores de mayor vulnerabilidad ante la posible contingencia o emergencia del fen\u00f3meno de El Ni\u00f1o, la polic\u00eda presta su colaboraci\u00f3n.<\/p>\n<p>\u201cNosotros desde un principio fuimos convocados por el Comando de Operaciones de Emergencia de Goya COE, participamos en las distintas reuniones y nos estamos preparando, poniendo a disposici\u00f3n de este organismo, con todos los recursos humanos y log\u00edsticos con que cuenta la polic\u00eda\u201d expuso.<\/p>\n<p>\u201cEs as\u00ed que, tanto la Comisar\u00eda Primera como todas las dependencias policiales que dependen del \u00e1rea de la Unidad Regional II est\u00e1n trabajando con sus respectivos municipios para poder llevar adelante un trabajo en forma conjunta\u201d.<\/p>\n<p>ESTUDIANTINA<\/p>\n<p>En otro orden de cosas, Morales, adelant\u00f3 que ya poseen el cronograma y dispositivo especial que van a llevar a cabo durante la Estudiantina, junto a los agentes de la Direcci\u00f3n de Tr\u00e1nsito.<\/p>\n<p>\u201cNosotros ya tomamos contacto con ellos, ya est\u00e1 en marcha el dispositivo especial que se va a implementar para esa Estudiantina que es bastante grande. Para ello ya est\u00e1 coordinado el trabajo que se va a realizar con la Direcci\u00f3n de Tr\u00e1nsito Municipal y tambi\u00e9n con el apoyo que va a tener la Comisar\u00eda II, que es la anfitriona de este evento\u201d dijo.<\/p>\n<p>\u201cLa Polic\u00eda va a estar trabajando, vamos a estar desarrollando las actividades propias de la prevenci\u00f3n y velando para una Estudiantina tranquila, en paz y que se pueda disfrutar de todos los eventos programados para la ocasi\u00f3n\u201d cerr\u00f3 Morales.<\/p>\n<p>&nbsp;<\/p>\n<p>&nbsp;<\/p>\n<p>&nbsp;<\/p>\n","protected":false},"excerpt":{"rendered":"<p>Polic\u00eda de la Provincia de Corrientes avanza con delitos resueltos y operativos especiales junto al Municipio de Goya El director de la Unidad Regional II, comisario mayor, Valent\u00edn Morales, destac\u00f3 este jueves 3 de septiembre, ante micr\u00f3fonos de la 88.3 RADIO CIUDAD, el compromiso social de la fuerza a su cargo en hechos delictivos que [&hellip;]<\/p>\n","protected":false},"author":4,"featured_media":226686,"comment_status":"open","ping_status":"open","sticky":false,"template":"","format":"standard","meta":{"_joinchat":[],"footnotes":""},"categories":[27],"tags":[],"class_list":["post-226685","post","type-post","status-publish","format-standard","has-post-thumbnail","category-locales"],"yoast_head":"<!-- This site is optimized with the Yoast SEO plugin v27.7 - https:\/\/yoast.com\/product\/yoast-seo-wordpress\/ -->\n<title>Acompa\u00f1amiento institucional - Radio Infinita Goya<\/title>\n<meta name=\"description\" content=\"Polic\u00eda de la Provincia de Corrientes avanza con delitos resueltos y operativos especiales junto al Municipio de Goya El director de la Unidad Regional\" \/>\n<meta name=\"robots\" content=\"index, follow, max-snippet:-1, max-image-preview:large, max-video-preview:-1\" \/>\n<link rel=\"canonical\" href=\"https:\/\/radioinfinitagoya.com.ar\/v1\/2026\/09\/04\/acompanamiento-institucional\/\" \/>\n<meta property=\"og:locale\" content=\"es_ES\" \/>\n<meta property=\"og:type\" content=\"article\" \/>\n<meta property=\"og:title\" content=\"Acompa\u00f1amiento institucional - Radio Infinita Goya\" \/>\n<meta property=\"og:description\" content=\"Polic\u00eda de la Provincia de Corrientes avanza con delitos resueltos y operativos especiales junto al Municipio de Goya El director de la Unidad Regional\" \/>\n<meta property=\"og:url\" content=\"https:\/\/radioinfinitagoya.com.ar\/v1\/2026\/09\/04\/acompanamiento-institucional\/\" \/>\n<meta property=\"og:site_name\" content=\"Radio Infinita Goya\" \/>\n<meta property=\"article:publisher\" content=\"https:\/\/www.facebook.com\/p\/Infinita-Goya-100063870918311\/\" \/>\n<meta property=\"article:published_time\" content=\"2026-09-04T18:43:59+00:00\" \/>\n<meta property=\"og:image\" content=\"https:\/\/radioinfinitagoya.com.ar\/v1\/wp-content\/uploads\/2026\/09\/comisario_valentin_morale.jpg\" \/>\n\t<meta property=\"og:image:width\" content=\"848\" \/>\n\t<meta property=\"og:image:height\" content=\"477\" \/>\n\t<meta property=\"og:image:type\" content=\"image\/jpeg\" \/>\n<meta name=\"author\" content=\"Jorge Mi\u00f1o\" \/>\n<meta name=\"twitter:card\" content=\"summary_large_image\" \/>\n<meta name=\"twitter:label1\" content=\"Escrito por\" \/>\n\t<meta name=\"twitter:data1\" content=\"Jorge Mi\u00f1o\" \/>\n\t<meta name=\"twitter:label2\" content=\"Tiempo de lectura\" \/>\n\t<meta name=\"twitter:data2\" content=\"4 minutos\" \/>\n<script type=\"application\/ld+json\" class=\"yoast-schema-graph\">{\"@context\":\"https:\\\/\\\/schema.org\",\"@graph\":[{\"@type\":\"Article\",\"@id\":\"https:\\\/\\\/radioinfinitagoya.com.ar\\\/v1\\\/2026\\\/09\\\/04\\\/acompanamiento-institucional\\\/#article\",\"isPartOf\":{\"@id\":\"https:\\\/\\\/radioinfinitagoya.com.ar\\\/v1\\\/2026\\\/09\\\/04\\\/acompanamiento-institucional\\\/\"},\"author\":{\"name\":\"Jorge Mi\u00f1o\",\"@id\":\"https:\\\/\\\/radioinfinitagoya.com.ar\\\/v1\\\/#\\\/schema\\\/person\\\/d4cf9c413d4f6edb24aabdccab49ca4a\"},\"headline\":\"Acompa\u00f1amiento institucional\",\"datePublished\":\"2026-09-04T18:43:59+00:00\",\"mainEntityOfPage\":{\"@id\":\"https:\\\/\\\/radioinfinitagoya.com.ar\\\/v1\\\/2026\\\/09\\\/04\\\/acompanamiento-institucional\\\/\"},\"wordCount\":672,\"commentCount\":0,\"publisher\":{\"@id\":\"https:\\\/\\\/radioinfinitagoya.com.ar\\\/v1\\\/#organization\"},\"image\":{\"@id\":\"https:\\\/\\\/radioinfinitagoya.com.ar\\\/v1\\\/2026\\\/09\\\/04\\\/acompanamiento-institucional\\\/#primaryimage\"},\"thumbnailUrl\":\"https:\\\/\\\/radioinfinitagoya.com.ar\\\/v1\\\/wp-content\\\/uploads\\\/2026\\\/09\\\/comisario_valentin_morale.jpg\",\"articleSection\":[\"LOCALES\"],\"inLanguage\":\"es-AR\",\"potentialAction\":[{\"@type\":\"CommentAction\",\"name\":\"Comment\",\"target\":[\"https:\\\/\\\/radioinfinitagoya.com.ar\\\/v1\\\/2026\\\/09\\\/04\\\/acompanamiento-institucional\\\/#respond\"]}]},{\"@type\":\"WebPage\",\"@id\":\"https:\\\/\\\/radioinfinitagoya.com.ar\\\/v1\\\/2026\\\/09\\\/04\\\/acompanamiento-institucional\\\/\",\"url\":\"https:\\\/\\\/radioinfinitagoya.com.ar\\\/v1\\\/2026\\\/09\\\/04\\\/acompanamiento-institucional\\\/\",\"name\":\"Acompa\u00f1amiento institucional - Radio Infinita Goya\",\"isPartOf\":{\"@id\":\"https:\\\/\\\/radioinfinitagoya.com.ar\\\/v1\\\/#website\"},\"primaryImageOfPage\":{\"@id\":\"https:\\\/\\\/radioinfinitagoya.com.ar\\\/v1\\\/2026\\\/09\\\/04\\\/acompanamiento-institucional\\\/#primaryimage\"},\"image\":{\"@id\":\"https:\\\/\\\/radioinfinitagoya.com.ar\\\/v1\\\/2026\\\/09\\\/04\\\/acompanamiento-institucional\\\/#primaryimage\"},\"thumbnailUrl\":\"https:\\\/\\\/radioinfinitagoya.com.ar\\\/v1\\\/wp-content\\\/uploads\\\/2026\\\/09\\\/comisario_valentin_morale.jpg\",\"datePublished\":\"2026-09-04T18:43:59+00:00\",\"description\":\"Polic\u00eda de la Provincia de Corrientes avanza con delitos resueltos y operativos especiales junto al Municipio de Goya El director de la Unidad Regional\",\"breadcrumb\":{\"@id\":\"https:\\\/\\\/radioinfinitagoya.com.ar\\\/v1\\\/2026\\\/09\\\/04\\\/acompanamiento-institucional\\\/#breadcrumb\"},\"inLanguage\":\"es-AR\",\"potentialAction\":[{\"@type\":\"ReadAction\",\"target\":[\"https:\\\/\\\/radioinfinitagoya.com.ar\\\/v1\\\/2026\\\/09\\\/04\\\/acompanamiento-institucional\\\/\"]}]},{\"@type\":\"ImageObject\",\"inLanguage\":\"es-AR\",\"@id\":\"https:\\\/\\\/radioinfinitagoya.com.ar\\\/v1\\\/2026\\\/09\\\/04\\\/acompanamiento-institucional\\\/#primaryimage\",\"url\":\"https:\\\/\\\/radioinfinitagoya.com.ar\\\/v1\\\/wp-content\\\/uploads\\\/2026\\\/09\\\/comisario_valentin_morale.jpg\",\"contentUrl\":\"https:\\\/\\\/radioinfinitagoya.com.ar\\\/v1\\\/wp-content\\\/uploads\\\/2026\\\/09\\\/comisario_valentin_morale.jpg\",\"width\":848,\"height\":477},{\"@type\":\"BreadcrumbList\",\"@id\":\"https:\\\/\\\/radioinfinitagoya.com.ar\\\/v1\\\/2026\\\/09\\\/04\\\/acompanamiento-institucional\\\/#breadcrumb\",\"itemListElement\":[{\"@type\":\"ListItem\",\"position\":1,\"name\":\"Inicio\",\"item\":\"https:\\\/\\\/radioinfinitagoya.com.ar\\\/v1\\\/\"},{\"@type\":\"ListItem\",\"position\":2,\"name\":\"Acompa\u00f1amiento institucional\"}]},{\"@type\":\"WebSite\",\"@id\":\"https:\\\/\\\/radioinfinitagoya.com.ar\\\/v1\\\/#website\",\"url\":\"https:\\\/\\\/radioinfinitagoya.com.ar\\\/v1\\\/\",\"name\":\"radioinfinitagoya.com.ar\",\"description\":\"Radio de noticias\",\"publisher\":{\"@id\":\"https:\\\/\\\/radioinfinitagoya.com.ar\\\/v1\\\/#organization\"},\"potentialAction\":[{\"@type\":\"SearchAction\",\"target\":{\"@type\":\"EntryPoint\",\"urlTemplate\":\"https:\\\/\\\/radioinfinitagoya.com.ar\\\/v1\\\/?s={search_term_string}\"},\"query-input\":{\"@type\":\"PropertyValueSpecification\",\"valueRequired\":true,\"valueName\":\"search_term_string\"}}],\"inLanguage\":\"es-AR\"},{\"@type\":\"Organization\",\"@id\":\"https:\\\/\\\/radioinfinitagoya.com.ar\\\/v1\\\/#organization\",\"name\":\"Radio Infinita Goya\",\"url\":\"https:\\\/\\\/radioinfinitagoya.com.ar\\\/v1\\\/\",\"logo\":{\"@type\":\"ImageObject\",\"inLanguage\":\"es-AR\",\"@id\":\"https:\\\/\\\/radioinfinitagoya.com.ar\\\/v1\\\/#\\\/schema\\\/logo\\\/image\\\/\",\"url\":\"https:\\\/\\\/radioinfinitagoya.com.ar\\\/v1\\\/wp-content\\\/uploads\\\/2019\\\/11\\\/logo-pie-web.png\",\"contentUrl\":\"https:\\\/\\\/radioinfinitagoya.com.ar\\\/v1\\\/wp-content\\\/uploads\\\/2019\\\/11\\\/logo-pie-web.png\",\"width\":635,\"height\":326,\"caption\":\"Radio Infinita Goya\"},\"image\":{\"@id\":\"https:\\\/\\\/radioinfinitagoya.com.ar\\\/v1\\\/#\\\/schema\\\/logo\\\/image\\\/\"},\"sameAs\":[\"https:\\\/\\\/www.facebook.com\\\/p\\\/Infinita-Goya-100063870918311\\\/\"]},{\"@type\":\"Person\",\"@id\":\"https:\\\/\\\/radioinfinitagoya.com.ar\\\/v1\\\/#\\\/schema\\\/person\\\/d4cf9c413d4f6edb24aabdccab49ca4a\",\"name\":\"Jorge Mi\u00f1o\",\"image\":{\"@type\":\"ImageObject\",\"inLanguage\":\"es-AR\",\"@id\":\"https:\\\/\\\/secure.gravatar.com\\\/avatar\\\/910fcf6728fe95320e07a6643c1581fec1c7fc4bf8ae12e3d8f0d0373dc844be?s=96&d=mm&r=g\",\"url\":\"https:\\\/\\\/secure.gravatar.com\\\/avatar\\\/910fcf6728fe95320e07a6643c1581fec1c7fc4bf8ae12e3d8f0d0373dc844be?s=96&d=mm&r=g\",\"contentUrl\":\"https:\\\/\\\/secure.gravatar.com\\\/avatar\\\/910fcf6728fe95320e07a6643c1581fec1c7fc4bf8ae12e3d8f0d0373dc844be?s=96&d=mm&r=g\",\"caption\":\"Jorge Mi\u00f1o\"},\"sameAs\":[\"http:\\\/\\\/radioinfinitagoya.com.ar\"]}]}<\/script>\n<!-- \/ Yoast SEO plugin. -->","yoast_head_json":{"title":"Acompa\u00f1amiento institucional - Radio Infinita Goya","description":"Polic\u00eda de la Provincia de Corrientes avanza con delitos resueltos y operativos especiales junto al Municipio de Goya El director de la Unidad Regional","robots":{"index":"index","follow":"follow","max-snippet":"max-snippet:-1","max-image-preview":"max-image-preview:large","max-video-preview":"max-video-preview:-1"},"canonical":"https:\/\/radioinfinitagoya.com.ar\/v1\/2026\/09\/04\/acompanamiento-institucional\/","og_locale":"es_ES","og_type":"article","og_title":"Acompa\u00f1amiento institucional - Radio Infinita Goya","og_description":"Polic\u00eda de la Provincia de Corrientes avanza con delitos resueltos y operativos especiales junto al Municipio de Goya El director de la Unidad Regional","og_url":"https:\/\/radioinfinitagoya.com.ar\/v1\/2026\/09\/04\/acompanamiento-institucional\/","og_site_name":"Radio Infinita Goya","article_publisher":"https:\/\/www.facebook.com\/p\/Infinita-Goya-100063870918311\/","article_published_time":"2026-09-04T18:43:59+00:00","og_image":[{"width":848,"height":477,"url":"https:\/\/radioinfinitagoya.com.ar\/v1\/wp-content\/uploads\/2026\/09\/comisario_valentin_morale.jpg","type":"image\/jpeg"}],"author":"Jorge Mi\u00f1o","twitter_card":"summary_large_image","twitter_misc":{"Escrito por":"Jorge Mi\u00f1o","Tiempo de lectura":"4 minutos"},"schema":{"@context":"https:\/\/schema.org","@graph":[{"@type":"Article","@id":"https:\/\/radioinfinitagoya.com.ar\/v1\/2026\/09\/04\/acompanamiento-institucional\/#article","isPartOf":{"@id":"https:\/\/radioinfinitagoya.com.ar\/v1\/2026\/09\/04\/acompanamiento-institucional\/"},"author":{"name":"Jorge Mi\u00f1o","@id":"https:\/\/radioinfinitagoya.com.ar\/v1\/#\/schema\/person\/d4cf9c413d4f6edb24aabdccab49ca4a"},"headline":"Acompa\u00f1amiento institucional","datePublished":"2026-09-04T18:43:59+00:00","mainEntityOfPage":{"@id":"https:\/\/radioinfinitagoya.com.ar\/v1\/2026\/09\/04\/acompanamiento-institucional\/"},"wordCount":672,"commentCount":0,"publisher":{"@id":"https:\/\/radioinfinitagoya.com.ar\/v1\/#organization"},"image":{"@id":"https:\/\/radioinfinitagoya.com.ar\/v1\/2026\/09\/04\/acompanamiento-institucional\/#primaryimage"},"thumbnailUrl":"https:\/\/radioinfinitagoya.com.ar\/v1\/wp-content\/uploads\/2026\/09\/comisario_valentin_morale.jpg","articleSection":["LOCALES"],"inLanguage":"es-AR","potentialAction":[{"@type":"CommentAction","name":"Comment","target":["https:\/\/radioinfinitagoya.com.ar\/v1\/2026\/09\/04\/acompanamiento-institucional\/#respond"]}]},{"@type":"WebPage","@id":"https:\/\/radioinfinitagoya.com.ar\/v1\/2026\/09\/04\/acompanamiento-institucional\/","url":"https:\/\/radioinfinitagoya.com.ar\/v1\/2026\/09\/04\/acompanamiento-institucional\/","name":"Acompa\u00f1amiento institucional - Radio Infinita Goya","isPartOf":{"@id":"https:\/\/radioinfinitagoya.com.ar\/v1\/#website"},"primaryImageOfPage":{"@id":"https:\/\/radioinfinitagoya.com.ar\/v1\/2026\/09\/04\/acompanamiento-institucional\/#primaryimage"},"image":{"@id":"https:\/\/radioinfinitagoya.com.ar\/v1\/2026\/09\/04\/acompanamiento-institucional\/#primaryimage"},"thumbnailUrl":"https:\/\/radioinfinitagoya.com.ar\/v1\/wp-content\/uploads\/2026\/09\/comisario_valentin_morale.jpg","datePublished":"2026-09-04T18:43:59+00:00","description":"Polic\u00eda de la Provincia de Corrientes avanza con delitos resueltos y operativos especiales junto al Municipio de Goya El director de la Unidad Regional","breadcrumb":{"@id":"https:\/\/radioinfinitagoya.com.ar\/v1\/2026\/09\/04\/acompanamiento-institucional\/#breadcrumb"},"inLanguage":"es-AR","potentialAction":[{"@type":"ReadAction","target":["https:\/\/radioinfinitagoya.com.ar\/v1\/2026\/09\/04\/acompanamiento-institucional\/"]}]},{"@type":"ImageObject","inLanguage":"es-AR","@id":"https:\/\/radioinfinitagoya.com.ar\/v1\/2026\/09\/04\/acompanamiento-institucional\/#primaryimage","url":"https:\/\/radioinfinitagoya.com.ar\/v1\/wp-content\/uploads\/2026\/09\/comisario_valentin_morale.jpg","contentUrl":"https:\/\/radioinfinitagoya.com.ar\/v1\/wp-content\/uploads\/2026\/09\/comisario_valentin_morale.jpg","width":848,"height":477},{"@type":"BreadcrumbList","@id":"https:\/\/radioinfinitagoya.com.ar\/v1\/2026\/09\/04\/acompanamiento-institucional\/#breadcrumb","itemListElement":[{"@type":"ListItem","position":1,"name":"Inicio","item":"https:\/\/radioinfinitagoya.com.ar\/v1\/"},{"@type":"ListItem","position":2,"name":"Acompa\u00f1amiento institucional"}]},{"@type":"WebSite","@id":"https:\/\/radioinfinitagoya.com.ar\/v1\/#website","url":"https:\/\/radioinfinitagoya.com.ar\/v1\/","name":"radioinfinitagoya.com.ar","description":"Radio de noticias","publisher":{"@id":"https:\/\/radioinfinitagoya.com.ar\/v1\/#organization"},"potentialAction":[{"@type":"SearchAction","target":{"@type":"EntryPoint","urlTemplate":"https:\/\/radioinfinitagoya.com.ar\/v1\/?s={search_term_string}"},"query-input":{"@type":"PropertyValueSpecification","valueRequired":true,"valueName":"search_term_string"}}],"inLanguage":"es-AR"},{"@type":"Organization","@id":"https:\/\/radioinfinitagoya.com.ar\/v1\/#organization","name":"Radio Infinita Goya","url":"https:\/\/radioinfinitagoya.com.ar\/v1\/","logo":{"@type":"ImageObject","inLanguage":"es-AR","@id":"https:\/\/radioinfinitagoya.com.ar\/v1\/#\/schema\/logo\/image\/","url":"https:\/\/radioinfinitagoya.com.ar\/v1\/wp-content\/uploads\/2019\/11\/logo-pie-web.png","contentUrl":"https:\/\/radioinfinitagoya.com.ar\/v1\/wp-content\/uploads\/2019\/11\/logo-pie-web.png","width":635,"height":326,"caption":"Radio Infinita Goya"},"image":{"@id":"https:\/\/radioinfinitagoya.com.ar\/v1\/#\/schema\/logo\/image\/"},"sameAs":["https:\/\/www.facebook.com\/p\/Infinita-Goya-100063870918311\/"]},{"@type":"Person","@id":"https:\/\/radioinfinitagoya.com.ar\/v1\/#\/schema\/person\/d4cf9c413d4f6edb24aabdccab49ca4a","name":"Jorge Mi\u00f1o","image":{"@type":"ImageObject","inLanguage":"es-AR","@id":"https:\/\/secure.gravatar.com\/avatar\/910fcf6728fe95320e07a6643c1581fec1c7fc4bf8ae12e3d8f0d0373dc844be?s=96&d=mm&r=g","url":"https:\/\/secure.gravatar.com\/avatar\/910fcf6728fe95320e07a6643c1581fec1c7fc4bf8ae12e3d8f0d0373dc844be?s=96&d=mm&r=g","contentUrl":"https:\/\/secure.gravatar.com\/avatar\/910fcf6728fe95320e07a6643c1581fec1c7fc4bf8ae12e3d8f0d0373dc844be?s=96&d=mm&r=g","caption":"Jorge Mi\u00f1o"},"sameAs":["http:\/\/radioinfinitagoya.com.ar"]}]}},"_links":{"self":[{"href":"https:\/\/radioinfinitagoya.com.ar\/v1\/wp-json\/wp\/v2\/posts\/226685","targetHints":{"allow":["GET"]}}],"collection":[{"href":"https:\/\/radioinfinitagoya.com.ar\/v1\/wp-json\/wp\/v2\/posts"}],"about":[{"href":"https:\/\/radioinfinitagoya.com.ar\/v1\/wp-json\/wp\/v2\/types\/post"}],"author":[{"embeddable":true,"href":"https:\/\/radioinfinitagoya.com.ar\/v1\/wp-json\/wp\/v2\/users\/4"}],"replies":[{"embeddable":true,"href":"https:\/\/radioinfinitagoya.com.ar\/v1\/wp-json\/wp\/v2\/comments?post=226685"}],"version-history":[{"count":1,"href":"https:\/\/radioinfinitagoya.com.ar\/v1\/wp-json\/wp\/v2\/posts\/226685\/revisions"}],"predecessor-version":[{"id":226687,"href":"https:\/\/radioinfinitagoya.com.ar\/v1\/wp-json\/wp\/v2\/posts\/226685\/revisions\/226687"}],"wp:featuredmedia":[{"embeddable":true,"href":"https:\/\/radioinfinitagoya.com.ar\/v1\/wp-json\/wp\/v2\/media\/226686"}],"wp:attachment":[{"href":"https:\/\/radioinfinitagoya.com.ar\/v1\/wp-json\/wp\/v2\/media?parent=226685"}],"wp:term":[{"taxonomy":"category","embeddable":true,"href":"https:\/\/radioinfinitagoya.com.ar\/v1\/wp-json\/wp\/v2\/categories?post=226685"},{"taxonomy":"post_tag","embeddable":true,"href":"https:\/\/radioinfinitagoya.com.ar\/v1\/wp-json\/wp\/v2\/tags?post=226685"}],"curies":[{"name":"wp","href":"https:\/\/api.w.org\/{rel}","templated":true}]}}