{"id":226691,"date":"2026-09-04T15:49:15","date_gmt":"2026-09-04T18:49:15","guid":{"rendered":"https:\/\/radioinfinitagoya.com.ar\/v1\/?p=226691"},"modified":"2026-09-04T15:49:15","modified_gmt":"2026-09-04T18:49:15","slug":"caso-cecilia-lazcano-la-adolescente-imputada-cumplira-prision-domiciliaria","status":"publish","type":"post","link":"https:\/\/radioinfinitagoya.com.ar\/v1\/2026\/09\/04\/caso-cecilia-lazcano-la-adolescente-imputada-cumplira-prision-domiciliaria\/","title":{"rendered":"Caso Cecilia Lazcano: la adolescente imputada cumplir\u00e1 prisi\u00f3n domiciliaria"},"content":{"rendered":"<p>La joven de 17 a\u00f1os fue se\u00f1alada como instigadora y coautora del homicidio ocurrido en Alvear. Vivir\u00e1 en Santo Tom\u00e9 y tendr\u00e1 controles policiales diarios.<\/p>\n<p>La Justicia le otorg\u00f3 prisi\u00f3n domiciliaria a la adolescente de 17 a\u00f1os acusada de ser instigadora y coautora en el asesinato de Cecilia Lazcano, ocurrido en la localidad correntina de Alvear. La joven, identificada como N., deber\u00e1 cumplir la medida en Santo Tom\u00e9 mientras avanza la investigaci\u00f3n.<\/p>\n<p>La decisi\u00f3n fue ratificada ayer por la jueza de Garant\u00edas subrogante Carolina Dur\u00e1n. La adolescente est\u00e1 imputada como coautora de un homicidio agravado por alevos\u00eda, ensa\u00f1amiento y la participaci\u00f3n premeditada de una o m\u00e1s personas.<\/p>\n<p>Seg\u00fan la acusaci\u00f3n, la imputada habr\u00eda planificado el crimen junto a su novio J., quien permanece detenido y est\u00e1 se\u00f1alado como quien ejecut\u00f3 materialmente el crimen. Cecilia ten\u00eda 16 a\u00f1os cuando fue asesinada el 16 de julio.<\/p>\n<p>Prisi\u00f3n domiciliaria<\/p>\n<p>N. tendr\u00e1 que permanecer en una vivienda de Santo Tom\u00e9 junto a su madre y no podr\u00e1 regresar a Alvear sin autorizaci\u00f3n judicial. Adem\u00e1s, continuar\u00e1 sus estudios de manera virtual y tendr\u00e1 dos controles policiales diarios.<\/p>\n<p>La familia de Cecilia hab\u00eda solicitado que la imputada permaneciera en un centro de contenci\u00f3n para menores. Es por eso que la decisi\u00f3n judicial gener\u00f3 un fuerte rechazo de parte de la querella, a cargo de Juan Saucedo, quien horas antes ya hab\u00eda adelantado que el fiscal pedir\u00eda la prisi\u00f3n domiciliaria.<\/p>\n<p>Saucedo cuestion\u00f3 la resoluci\u00f3n y sostuvo que la jueza habr\u00eda tomado la decisi\u00f3n de oficio, sin escuchar adecuadamente a todas las partes. Tambi\u00e9n afirm\u00f3 que la audiencia fue tensa y que el padre de Cecilia no habr\u00eda tenido oportunidad de expresar su posici\u00f3n.<\/p>\n<p>\u201cLe pregunt\u00e9 a la jueza por qu\u00e9 no escuch\u00f3 a las partes. Me llam\u00f3 poderosamente la atenci\u00f3n que ya haya tomado la decisi\u00f3n con base en lo que se dijo en la audiencia anterior, que encima fue anulada por el Tribunal de Revisi\u00f3n\u201d, explic\u00f3 en di\u00e1logo con la prensa.<\/p>\n<p>La querella adem\u00e1s plante\u00f3 dudas por una supuesta mudanza de los familiares de N. hacia Santo Tom\u00e9 antes de que se conociera p\u00fablicamente la nueva resoluci\u00f3n. \u201cAparentemente, el arresto domiciliario estaba consensuado de manera previa\u201d, critic\u00f3 el abogado.<\/p>\n<p>El viernes 28 de agosto ya se hab\u00eda dictado prisi\u00f3n domiciliaria, pero el Tribunal de Revisi\u00f3n de la provincia resolvi\u00f3 anular esa audiencia al considerar que la decisi\u00f3n no estuvo debidamente fundamentada.<\/p>\n<p>&nbsp;<\/p>\n","protected":false},"excerpt":{"rendered":"<p>La joven de 17 a\u00f1os fue se\u00f1alada como instigadora y coautora del homicidio ocurrido en Alvear. Vivir\u00e1 en Santo Tom\u00e9 y tendr\u00e1 controles policiales diarios. La Justicia le otorg\u00f3 prisi\u00f3n domiciliaria a la adolescente de 17 a\u00f1os acusada de ser instigadora y coautora en el asesinato de Cecilia Lazcano, ocurrido en la localidad correntina de [&hellip;]<\/p>\n","protected":false},"author":4,"featured_media":226692,"comment_status":"open","ping_status":"open","sticky":false,"template":"","format":"standard","meta":{"_joinchat":[],"footnotes":""},"categories":[26],"tags":[],"class_list":["post-226691","post","type-post","status-publish","format-standard","has-post-thumbnail","category-provinciales"],"yoast_head":"<!-- This site is optimized with the Yoast SEO plugin v27.7 - https:\/\/yoast.com\/product\/yoast-seo-wordpress\/ -->\n<title>Caso Cecilia Lazcano: la adolescente imputada cumplir\u00e1 prisi\u00f3n domiciliaria - Radio Infinita Goya<\/title>\n<meta name=\"description\" content=\"La joven de 17 a\u00f1os fue se\u00f1alada como instigadora y coautora del homicidio ocurrido en Alvear. Vivir\u00e1 en Santo Tom\u00e9 y tendr\u00e1 controles policiales diarios.\" \/>\n<meta name=\"robots\" content=\"index, follow, max-snippet:-1, max-image-preview:large, max-video-preview:-1\" \/>\n<link rel=\"canonical\" href=\"https:\/\/radioinfinitagoya.com.ar\/v1\/2026\/09\/04\/caso-cecilia-lazcano-la-adolescente-imputada-cumplira-prision-domiciliaria\/\" \/>\n<meta property=\"og:locale\" content=\"es_ES\" \/>\n<meta property=\"og:type\" content=\"article\" \/>\n<meta property=\"og:title\" content=\"Caso Cecilia Lazcano: la adolescente imputada cumplir\u00e1 prisi\u00f3n domiciliaria - Radio Infinita Goya\" \/>\n<meta property=\"og:description\" content=\"La joven de 17 a\u00f1os fue se\u00f1alada como instigadora y coautora del homicidio ocurrido en Alvear. Vivir\u00e1 en Santo Tom\u00e9 y tendr\u00e1 controles policiales diarios.\" \/>\n<meta property=\"og:url\" content=\"https:\/\/radioinfinitagoya.com.ar\/v1\/2026\/09\/04\/caso-cecilia-lazcano-la-adolescente-imputada-cumplira-prision-domiciliaria\/\" \/>\n<meta property=\"og:site_name\" content=\"Radio Infinita Goya\" \/>\n<meta property=\"article:publisher\" content=\"https:\/\/www.facebook.com\/p\/Infinita-Goya-100063870918311\/\" \/>\n<meta property=\"article:published_time\" content=\"2026-09-04T18:49:15+00:00\" \/>\n<meta property=\"og:image\" content=\"https:\/\/radioinfinitagoya.com.ar\/v1\/wp-content\/uploads\/2026\/09\/1788531581713.webp\" \/>\n\t<meta property=\"og:image:width\" content=\"1200\" \/>\n\t<meta property=\"og:image:height\" content=\"675\" \/>\n\t<meta property=\"og:image:type\" content=\"image\/webp\" \/>\n<meta name=\"author\" content=\"Jorge Mi\u00f1o\" \/>\n<meta name=\"twitter:card\" content=\"summary_large_image\" \/>\n<meta name=\"twitter:label1\" content=\"Escrito por\" \/>\n\t<meta name=\"twitter:data1\" content=\"Jorge Mi\u00f1o\" \/>\n\t<meta name=\"twitter:label2\" content=\"Tiempo de lectura\" \/>\n\t<meta name=\"twitter:data2\" content=\"3 minutos\" \/>\n<script type=\"application\/ld+json\" class=\"yoast-schema-graph\">{\"@context\":\"https:\\\/\\\/schema.org\",\"@graph\":[{\"@type\":\"Article\",\"@id\":\"https:\\\/\\\/radioinfinitagoya.com.ar\\\/v1\\\/2026\\\/09\\\/04\\\/caso-cecilia-lazcano-la-adolescente-imputada-cumplira-prision-domiciliaria\\\/#article\",\"isPartOf\":{\"@id\":\"https:\\\/\\\/radioinfinitagoya.com.ar\\\/v1\\\/2026\\\/09\\\/04\\\/caso-cecilia-lazcano-la-adolescente-imputada-cumplira-prision-domiciliaria\\\/\"},\"author\":{\"name\":\"Jorge Mi\u00f1o\",\"@id\":\"https:\\\/\\\/radioinfinitagoya.com.ar\\\/v1\\\/#\\\/schema\\\/person\\\/d4cf9c413d4f6edb24aabdccab49ca4a\"},\"headline\":\"Caso Cecilia Lazcano: la adolescente imputada cumplir\u00e1 prisi\u00f3n domiciliaria\",\"datePublished\":\"2026-09-04T18:49:15+00:00\",\"mainEntityOfPage\":{\"@id\":\"https:\\\/\\\/radioinfinitagoya.com.ar\\\/v1\\\/2026\\\/09\\\/04\\\/caso-cecilia-lazcano-la-adolescente-imputada-cumplira-prision-domiciliaria\\\/\"},\"wordCount\":445,\"commentCount\":0,\"publisher\":{\"@id\":\"https:\\\/\\\/radioinfinitagoya.com.ar\\\/v1\\\/#organization\"},\"image\":{\"@id\":\"https:\\\/\\\/radioinfinitagoya.com.ar\\\/v1\\\/2026\\\/09\\\/04\\\/caso-cecilia-lazcano-la-adolescente-imputada-cumplira-prision-domiciliaria\\\/#primaryimage\"},\"thumbnailUrl\":\"https:\\\/\\\/radioinfinitagoya.com.ar\\\/v1\\\/wp-content\\\/uploads\\\/2026\\\/09\\\/1788531581713.webp\",\"articleSection\":[\"PROVINCIALES\"],\"inLanguage\":\"es-AR\",\"potentialAction\":[{\"@type\":\"CommentAction\",\"name\":\"Comment\",\"target\":[\"https:\\\/\\\/radioinfinitagoya.com.ar\\\/v1\\\/2026\\\/09\\\/04\\\/caso-cecilia-lazcano-la-adolescente-imputada-cumplira-prision-domiciliaria\\\/#respond\"]}]},{\"@type\":\"WebPage\",\"@id\":\"https:\\\/\\\/radioinfinitagoya.com.ar\\\/v1\\\/2026\\\/09\\\/04\\\/caso-cecilia-lazcano-la-adolescente-imputada-cumplira-prision-domiciliaria\\\/\",\"url\":\"https:\\\/\\\/radioinfinitagoya.com.ar\\\/v1\\\/2026\\\/09\\\/04\\\/caso-cecilia-lazcano-la-adolescente-imputada-cumplira-prision-domiciliaria\\\/\",\"name\":\"Caso Cecilia Lazcano: la adolescente imputada cumplir\u00e1 prisi\u00f3n domiciliaria - Radio Infinita Goya\",\"isPartOf\":{\"@id\":\"https:\\\/\\\/radioinfinitagoya.com.ar\\\/v1\\\/#website\"},\"primaryImageOfPage\":{\"@id\":\"https:\\\/\\\/radioinfinitagoya.com.ar\\\/v1\\\/2026\\\/09\\\/04\\\/caso-cecilia-lazcano-la-adolescente-imputada-cumplira-prision-domiciliaria\\\/#primaryimage\"},\"image\":{\"@id\":\"https:\\\/\\\/radioinfinitagoya.com.ar\\\/v1\\\/2026\\\/09\\\/04\\\/caso-cecilia-lazcano-la-adolescente-imputada-cumplira-prision-domiciliaria\\\/#primaryimage\"},\"thumbnailUrl\":\"https:\\\/\\\/radioinfinitagoya.com.ar\\\/v1\\\/wp-content\\\/uploads\\\/2026\\\/09\\\/1788531581713.webp\",\"datePublished\":\"2026-09-04T18:49:15+00:00\",\"description\":\"La joven de 17 a\u00f1os fue se\u00f1alada como instigadora y coautora del homicidio ocurrido en Alvear. Vivir\u00e1 en Santo Tom\u00e9 y tendr\u00e1 controles policiales diarios.\",\"breadcrumb\":{\"@id\":\"https:\\\/\\\/radioinfinitagoya.com.ar\\\/v1\\\/2026\\\/09\\\/04\\\/caso-cecilia-lazcano-la-adolescente-imputada-cumplira-prision-domiciliaria\\\/#breadcrumb\"},\"inLanguage\":\"es-AR\",\"potentialAction\":[{\"@type\":\"ReadAction\",\"target\":[\"https:\\\/\\\/radioinfinitagoya.com.ar\\\/v1\\\/2026\\\/09\\\/04\\\/caso-cecilia-lazcano-la-adolescente-imputada-cumplira-prision-domiciliaria\\\/\"]}]},{\"@type\":\"ImageObject\",\"inLanguage\":\"es-AR\",\"@id\":\"https:\\\/\\\/radioinfinitagoya.com.ar\\\/v1\\\/2026\\\/09\\\/04\\\/caso-cecilia-lazcano-la-adolescente-imputada-cumplira-prision-domiciliaria\\\/#primaryimage\",\"url\":\"https:\\\/\\\/radioinfinitagoya.com.ar\\\/v1\\\/wp-content\\\/uploads\\\/2026\\\/09\\\/1788531581713.webp\",\"contentUrl\":\"https:\\\/\\\/radioinfinitagoya.com.ar\\\/v1\\\/wp-content\\\/uploads\\\/2026\\\/09\\\/1788531581713.webp\",\"width\":1200,\"height\":675},{\"@type\":\"BreadcrumbList\",\"@id\":\"https:\\\/\\\/radioinfinitagoya.com.ar\\\/v1\\\/2026\\\/09\\\/04\\\/caso-cecilia-lazcano-la-adolescente-imputada-cumplira-prision-domiciliaria\\\/#breadcrumb\",\"itemListElement\":[{\"@type\":\"ListItem\",\"position\":1,\"name\":\"Inicio\",\"item\":\"https:\\\/\\\/radioinfinitagoya.com.ar\\\/v1\\\/\"},{\"@type\":\"ListItem\",\"position\":2,\"name\":\"Caso Cecilia Lazcano: la adolescente imputada cumplir\u00e1 prisi\u00f3n domiciliaria\"}]},{\"@type\":\"WebSite\",\"@id\":\"https:\\\/\\\/radioinfinitagoya.com.ar\\\/v1\\\/#website\",\"url\":\"https:\\\/\\\/radioinfinitagoya.com.ar\\\/v1\\\/\",\"name\":\"radioinfinitagoya.com.ar\",\"description\":\"Radio de noticias\",\"publisher\":{\"@id\":\"https:\\\/\\\/radioinfinitagoya.com.ar\\\/v1\\\/#organization\"},\"potentialAction\":[{\"@type\":\"SearchAction\",\"target\":{\"@type\":\"EntryPoint\",\"urlTemplate\":\"https:\\\/\\\/radioinfinitagoya.com.ar\\\/v1\\\/?s={search_term_string}\"},\"query-input\":{\"@type\":\"PropertyValueSpecification\",\"valueRequired\":true,\"valueName\":\"search_term_string\"}}],\"inLanguage\":\"es-AR\"},{\"@type\":\"Organization\",\"@id\":\"https:\\\/\\\/radioinfinitagoya.com.ar\\\/v1\\\/#organization\",\"name\":\"Radio Infinita Goya\",\"url\":\"https:\\\/\\\/radioinfinitagoya.com.ar\\\/v1\\\/\",\"logo\":{\"@type\":\"ImageObject\",\"inLanguage\":\"es-AR\",\"@id\":\"https:\\\/\\\/radioinfinitagoya.com.ar\\\/v1\\\/#\\\/schema\\\/logo\\\/image\\\/\",\"url\":\"https:\\\/\\\/radioinfinitagoya.com.ar\\\/v1\\\/wp-content\\\/uploads\\\/2019\\\/11\\\/logo-pie-web.png\",\"contentUrl\":\"https:\\\/\\\/radioinfinitagoya.com.ar\\\/v1\\\/wp-content\\\/uploads\\\/2019\\\/11\\\/logo-pie-web.png\",\"width\":635,\"height\":326,\"caption\":\"Radio Infinita Goya\"},\"image\":{\"@id\":\"https:\\\/\\\/radioinfinitagoya.com.ar\\\/v1\\\/#\\\/schema\\\/logo\\\/image\\\/\"},\"sameAs\":[\"https:\\\/\\\/www.facebook.com\\\/p\\\/Infinita-Goya-100063870918311\\\/\"]},{\"@type\":\"Person\",\"@id\":\"https:\\\/\\\/radioinfinitagoya.com.ar\\\/v1\\\/#\\\/schema\\\/person\\\/d4cf9c413d4f6edb24aabdccab49ca4a\",\"name\":\"Jorge Mi\u00f1o\",\"image\":{\"@type\":\"ImageObject\",\"inLanguage\":\"es-AR\",\"@id\":\"https:\\\/\\\/secure.gravatar.com\\\/avatar\\\/910fcf6728fe95320e07a6643c1581fec1c7fc4bf8ae12e3d8f0d0373dc844be?s=96&d=mm&r=g\",\"url\":\"https:\\\/\\\/secure.gravatar.com\\\/avatar\\\/910fcf6728fe95320e07a6643c1581fec1c7fc4bf8ae12e3d8f0d0373dc844be?s=96&d=mm&r=g\",\"contentUrl\":\"https:\\\/\\\/secure.gravatar.com\\\/avatar\\\/910fcf6728fe95320e07a6643c1581fec1c7fc4bf8ae12e3d8f0d0373dc844be?s=96&d=mm&r=g\",\"caption\":\"Jorge Mi\u00f1o\"},\"sameAs\":[\"http:\\\/\\\/radioinfinitagoya.com.ar\"]}]}<\/script>\n<!-- \/ Yoast SEO plugin. -->","yoast_head_json":{"title":"Caso Cecilia Lazcano: la adolescente imputada cumplir\u00e1 prisi\u00f3n domiciliaria - Radio Infinita Goya","description":"La joven de 17 a\u00f1os fue se\u00f1alada como instigadora y coautora del homicidio ocurrido en Alvear. Vivir\u00e1 en Santo Tom\u00e9 y tendr\u00e1 controles policiales diarios.","robots":{"index":"index","follow":"follow","max-snippet":"max-snippet:-1","max-image-preview":"max-image-preview:large","max-video-preview":"max-video-preview:-1"},"canonical":"https:\/\/radioinfinitagoya.com.ar\/v1\/2026\/09\/04\/caso-cecilia-lazcano-la-adolescente-imputada-cumplira-prision-domiciliaria\/","og_locale":"es_ES","og_type":"article","og_title":"Caso Cecilia Lazcano: la adolescente imputada cumplir\u00e1 prisi\u00f3n domiciliaria - Radio Infinita Goya","og_description":"La joven de 17 a\u00f1os fue se\u00f1alada como instigadora y coautora del homicidio ocurrido en Alvear. Vivir\u00e1 en Santo Tom\u00e9 y tendr\u00e1 controles policiales diarios.","og_url":"https:\/\/radioinfinitagoya.com.ar\/v1\/2026\/09\/04\/caso-cecilia-lazcano-la-adolescente-imputada-cumplira-prision-domiciliaria\/","og_site_name":"Radio Infinita Goya","article_publisher":"https:\/\/www.facebook.com\/p\/Infinita-Goya-100063870918311\/","article_published_time":"2026-09-04T18:49:15+00:00","og_image":[{"width":1200,"height":675,"url":"https:\/\/radioinfinitagoya.com.ar\/v1\/wp-content\/uploads\/2026\/09\/1788531581713.webp","type":"image\/webp"}],"author":"Jorge Mi\u00f1o","twitter_card":"summary_large_image","twitter_misc":{"Escrito por":"Jorge Mi\u00f1o","Tiempo de lectura":"3 minutos"},"schema":{"@context":"https:\/\/schema.org","@graph":[{"@type":"Article","@id":"https:\/\/radioinfinitagoya.com.ar\/v1\/2026\/09\/04\/caso-cecilia-lazcano-la-adolescente-imputada-cumplira-prision-domiciliaria\/#article","isPartOf":{"@id":"https:\/\/radioinfinitagoya.com.ar\/v1\/2026\/09\/04\/caso-cecilia-lazcano-la-adolescente-imputada-cumplira-prision-domiciliaria\/"},"author":{"name":"Jorge Mi\u00f1o","@id":"https:\/\/radioinfinitagoya.com.ar\/v1\/#\/schema\/person\/d4cf9c413d4f6edb24aabdccab49ca4a"},"headline":"Caso Cecilia Lazcano: la adolescente imputada cumplir\u00e1 prisi\u00f3n domiciliaria","datePublished":"2026-09-04T18:49:15+00:00","mainEntityOfPage":{"@id":"https:\/\/radioinfinitagoya.com.ar\/v1\/2026\/09\/04\/caso-cecilia-lazcano-la-adolescente-imputada-cumplira-prision-domiciliaria\/"},"wordCount":445,"commentCount":0,"publisher":{"@id":"https:\/\/radioinfinitagoya.com.ar\/v1\/#organization"},"image":{"@id":"https:\/\/radioinfinitagoya.com.ar\/v1\/2026\/09\/04\/caso-cecilia-lazcano-la-adolescente-imputada-cumplira-prision-domiciliaria\/#primaryimage"},"thumbnailUrl":"https:\/\/radioinfinitagoya.com.ar\/v1\/wp-content\/uploads\/2026\/09\/1788531581713.webp","articleSection":["PROVINCIALES"],"inLanguage":"es-AR","potentialAction":[{"@type":"CommentAction","name":"Comment","target":["https:\/\/radioinfinitagoya.com.ar\/v1\/2026\/09\/04\/caso-cecilia-lazcano-la-adolescente-imputada-cumplira-prision-domiciliaria\/#respond"]}]},{"@type":"WebPage","@id":"https:\/\/radioinfinitagoya.com.ar\/v1\/2026\/09\/04\/caso-cecilia-lazcano-la-adolescente-imputada-cumplira-prision-domiciliaria\/","url":"https:\/\/radioinfinitagoya.com.ar\/v1\/2026\/09\/04\/caso-cecilia-lazcano-la-adolescente-imputada-cumplira-prision-domiciliaria\/","name":"Caso Cecilia Lazcano: la adolescente imputada cumplir\u00e1 prisi\u00f3n domiciliaria - Radio Infinita Goya","isPartOf":{"@id":"https:\/\/radioinfinitagoya.com.ar\/v1\/#website"},"primaryImageOfPage":{"@id":"https:\/\/radioinfinitagoya.com.ar\/v1\/2026\/09\/04\/caso-cecilia-lazcano-la-adolescente-imputada-cumplira-prision-domiciliaria\/#primaryimage"},"image":{"@id":"https:\/\/radioinfinitagoya.com.ar\/v1\/2026\/09\/04\/caso-cecilia-lazcano-la-adolescente-imputada-cumplira-prision-domiciliaria\/#primaryimage"},"thumbnailUrl":"https:\/\/radioinfinitagoya.com.ar\/v1\/wp-content\/uploads\/2026\/09\/1788531581713.webp","datePublished":"2026-09-04T18:49:15+00:00","description":"La joven de 17 a\u00f1os fue se\u00f1alada como instigadora y coautora del homicidio ocurrido en Alvear. Vivir\u00e1 en Santo Tom\u00e9 y tendr\u00e1 controles policiales diarios.","breadcrumb":{"@id":"https:\/\/radioinfinitagoya.com.ar\/v1\/2026\/09\/04\/caso-cecilia-lazcano-la-adolescente-imputada-cumplira-prision-domiciliaria\/#breadcrumb"},"inLanguage":"es-AR","potentialAction":[{"@type":"ReadAction","target":["https:\/\/radioinfinitagoya.com.ar\/v1\/2026\/09\/04\/caso-cecilia-lazcano-la-adolescente-imputada-cumplira-prision-domiciliaria\/"]}]},{"@type":"ImageObject","inLanguage":"es-AR","@id":"https:\/\/radioinfinitagoya.com.ar\/v1\/2026\/09\/04\/caso-cecilia-lazcano-la-adolescente-imputada-cumplira-prision-domiciliaria\/#primaryimage","url":"https:\/\/radioinfinitagoya.com.ar\/v1\/wp-content\/uploads\/2026\/09\/1788531581713.webp","contentUrl":"https:\/\/radioinfinitagoya.com.ar\/v1\/wp-content\/uploads\/2026\/09\/1788531581713.webp","width":1200,"height":675},{"@type":"BreadcrumbList","@id":"https:\/\/radioinfinitagoya.com.ar\/v1\/2026\/09\/04\/caso-cecilia-lazcano-la-adolescente-imputada-cumplira-prision-domiciliaria\/#breadcrumb","itemListElement":[{"@type":"ListItem","position":1,"name":"Inicio","item":"https:\/\/radioinfinitagoya.com.ar\/v1\/"},{"@type":"ListItem","position":2,"name":"Caso Cecilia Lazcano: la adolescente imputada cumplir\u00e1 prisi\u00f3n domiciliaria"}]},{"@type":"WebSite","@id":"https:\/\/radioinfinitagoya.com.ar\/v1\/#website","url":"https:\/\/radioinfinitagoya.com.ar\/v1\/","name":"radioinfinitagoya.com.ar","description":"Radio de noticias","publisher":{"@id":"https:\/\/radioinfinitagoya.com.ar\/v1\/#organization"},"potentialAction":[{"@type":"SearchAction","target":{"@type":"EntryPoint","urlTemplate":"https:\/\/radioinfinitagoya.com.ar\/v1\/?s={search_term_string}"},"query-input":{"@type":"PropertyValueSpecification","valueRequired":true,"valueName":"search_term_string"}}],"inLanguage":"es-AR"},{"@type":"Organization","@id":"https:\/\/radioinfinitagoya.com.ar\/v1\/#organization","name":"Radio Infinita Goya","url":"https:\/\/radioinfinitagoya.com.ar\/v1\/","logo":{"@type":"ImageObject","inLanguage":"es-AR","@id":"https:\/\/radioinfinitagoya.com.ar\/v1\/#\/schema\/logo\/image\/","url":"https:\/\/radioinfinitagoya.com.ar\/v1\/wp-content\/uploads\/2019\/11\/logo-pie-web.png","contentUrl":"https:\/\/radioinfinitagoya.com.ar\/v1\/wp-content\/uploads\/2019\/11\/logo-pie-web.png","width":635,"height":326,"caption":"Radio Infinita Goya"},"image":{"@id":"https:\/\/radioinfinitagoya.com.ar\/v1\/#\/schema\/logo\/image\/"},"sameAs":["https:\/\/www.facebook.com\/p\/Infinita-Goya-100063870918311\/"]},{"@type":"Person","@id":"https:\/\/radioinfinitagoya.com.ar\/v1\/#\/schema\/person\/d4cf9c413d4f6edb24aabdccab49ca4a","name":"Jorge Mi\u00f1o","image":{"@type":"ImageObject","inLanguage":"es-AR","@id":"https:\/\/secure.gravatar.com\/avatar\/910fcf6728fe95320e07a6643c1581fec1c7fc4bf8ae12e3d8f0d0373dc844be?s=96&d=mm&r=g","url":"https:\/\/secure.gravatar.com\/avatar\/910fcf6728fe95320e07a6643c1581fec1c7fc4bf8ae12e3d8f0d0373dc844be?s=96&d=mm&r=g","contentUrl":"https:\/\/secure.gravatar.com\/avatar\/910fcf6728fe95320e07a6643c1581fec1c7fc4bf8ae12e3d8f0d0373dc844be?s=96&d=mm&r=g","caption":"Jorge Mi\u00f1o"},"sameAs":["http:\/\/radioinfinitagoya.com.ar"]}]}},"_links":{"self":[{"href":"https:\/\/radioinfinitagoya.com.ar\/v1\/wp-json\/wp\/v2\/posts\/226691","targetHints":{"allow":["GET"]}}],"collection":[{"href":"https:\/\/radioinfinitagoya.com.ar\/v1\/wp-json\/wp\/v2\/posts"}],"about":[{"href":"https:\/\/radioinfinitagoya.com.ar\/v1\/wp-json\/wp\/v2\/types\/post"}],"author":[{"embeddable":true,"href":"https:\/\/radioinfinitagoya.com.ar\/v1\/wp-json\/wp\/v2\/users\/4"}],"replies":[{"embeddable":true,"href":"https:\/\/radioinfinitagoya.com.ar\/v1\/wp-json\/wp\/v2\/comments?post=226691"}],"version-history":[{"count":1,"href":"https:\/\/radioinfinitagoya.com.ar\/v1\/wp-json\/wp\/v2\/posts\/226691\/revisions"}],"predecessor-version":[{"id":226693,"href":"https:\/\/radioinfinitagoya.com.ar\/v1\/wp-json\/wp\/v2\/posts\/226691\/revisions\/226693"}],"wp:featuredmedia":[{"embeddable":true,"href":"https:\/\/radioinfinitagoya.com.ar\/v1\/wp-json\/wp\/v2\/media\/226692"}],"wp:attachment":[{"href":"https:\/\/radioinfinitagoya.com.ar\/v1\/wp-json\/wp\/v2\/media?parent=226691"}],"wp:term":[{"taxonomy":"category","embeddable":true,"href":"https:\/\/radioinfinitagoya.com.ar\/v1\/wp-json\/wp\/v2\/categories?post=226691"},{"taxonomy":"post_tag","embeddable":true,"href":"https:\/\/radioinfinitagoya.com.ar\/v1\/wp-json\/wp\/v2\/tags?post=226691"}],"curies":[{"name":"wp","href":"https:\/\/api.w.org\/{rel}","templated":true}]}}