{"id":226694,"date":"2026-09-04T15:51:45","date_gmt":"2026-09-04T18:51:45","guid":{"rendered":"https:\/\/radioinfinitagoya.com.ar\/v1\/?p=226694"},"modified":"2026-09-04T15:51:45","modified_gmt":"2026-09-04T18:51:45","slug":"20-nuevos-campos-tramitan-su-habilitacion-y-crece-la-oferta-rural","status":"publish","type":"post","link":"https:\/\/radioinfinitagoya.com.ar\/v1\/2026\/09\/04\/20-nuevos-campos-tramitan-su-habilitacion-y-crece-la-oferta-rural\/","title":{"rendered":"20 nuevos campos tramitan su habilitaci\u00f3n y crece la oferta rural"},"content":{"rendered":"<p>Ecoturismo en Corrientes: el ministro Juan Enrique Braillard Poccard destac\u00f3 el desarrollo de la actividad durante el III Encuentro de Periodistas Agropecuarios de la Mesopotamia.<\/p>\n<p>El ecoturismo de Corrientes suma nuevas propuestas vinculadas a predios productivos que incorporan experiencias relacionadas con la vida rural. Actualmente hay 30 establecimientos habilitados, mientras otros 20 avanzan con tr\u00e1mites para comenzar a recibir visitantes.<\/p>\n<p>El ministro de Turismo de Corrientes, Juan Enrique Braillard Poccard, destac\u00f3 el crecimiento de esta actividad durante una entrevista con El Litoral en el III Encuentro de Periodistas Agropecuarios de la Mesopotamia, realizado en Bella Vista. El funcionario vincul\u00f3 el desarrollo del turismo rural con la producci\u00f3n y con nuevas oportunidades para los propietarios de campos.<\/p>\n<p>Seg\u00fan explic\u00f3, los establecimientos que actualmente funcionan de manera regular representan alrededor de 450 camas disponibles para los visitantes. \u201cBrindan experiencias \u00fanicas y muy relacionadas a las vida cotidiana del campo\u201d, afirm\u00f3 el ministro.<\/p>\n<p>Buscan incorporar m\u00e1s establecimientos<br \/>\nAdem\u00e1s, el funcionario cont\u00f3 que tambi\u00e9n trabaja para que m\u00e1s propietarios de campos puedan incorporar propuestas tur\u00edsticas. Seg\u00fan inform\u00f3, en las \u00faltimas semanas, se realizaron reuniones con productores y referentes del sector para presentar las posibilidades de esta actividad.<\/p>\n<p>\u201cOtros 20 se han interesado y llevan adelante los tr\u00e1mites de habilitaci\u00f3n a partir de las reuniones que hemos tenido en la Sociedad Rural\u201d, explic\u00f3 Braillard Poccard.<\/p>\n<p>La propuesta apunta a que los establecimientos que desarrollan actividades productivas puedan sumar nuevos servicios. Es por eso que el ministro destac\u00f3: \u201cHemos brindado esta posibilidad de formar, capacitar y demostrar que se puede hacer turismo desde los campos\u201d.<\/p>\n<p>Actualmente, las propuestas que presentan mayor desarrollo se encuentran en Mercedes, Curuz\u00fa Cuati\u00e1 y Loreto. Del mismo modo, tienen una presencia importante los establecimientos ubicados en el entorno de los Esteros del Iber\u00e1, uno de los principales atractivos naturales de Corrientes.<\/p>\n<p>&nbsp;<\/p>\n","protected":false},"excerpt":{"rendered":"<p>Ecoturismo en Corrientes: el ministro Juan Enrique Braillard Poccard destac\u00f3 el desarrollo de la actividad durante el III Encuentro de Periodistas Agropecuarios de la Mesopotamia. El ecoturismo de Corrientes suma nuevas propuestas vinculadas a predios productivos que incorporan experiencias relacionadas con la vida rural. Actualmente hay 30 establecimientos habilitados, mientras otros 20 avanzan con tr\u00e1mites [&hellip;]<\/p>\n","protected":false},"author":4,"featured_media":226695,"comment_status":"open","ping_status":"open","sticky":false,"template":"","format":"standard","meta":{"_joinchat":[],"footnotes":""},"categories":[26],"tags":[],"class_list":["post-226694","post","type-post","status-publish","format-standard","has-post-thumbnail","category-provinciales"],"yoast_head":"<!-- This site is optimized with the Yoast SEO plugin v27.7 - https:\/\/yoast.com\/product\/yoast-seo-wordpress\/ -->\n<title>20 nuevos campos tramitan su habilitaci\u00f3n y crece la oferta rural - Radio Infinita Goya<\/title>\n<meta name=\"description\" content=\"Ecoturismo en Corrientes: el ministro Juan Enrique Braillard Poccard destac\u00f3 el desarrollo de la actividad durante el III Encuentro de Periodistas\" \/>\n<meta name=\"robots\" content=\"index, follow, max-snippet:-1, max-image-preview:large, max-video-preview:-1\" \/>\n<link rel=\"canonical\" href=\"https:\/\/radioinfinitagoya.com.ar\/v1\/2026\/09\/04\/20-nuevos-campos-tramitan-su-habilitacion-y-crece-la-oferta-rural\/\" \/>\n<meta property=\"og:locale\" content=\"es_ES\" \/>\n<meta property=\"og:type\" content=\"article\" \/>\n<meta property=\"og:title\" content=\"20 nuevos campos tramitan su habilitaci\u00f3n y crece la oferta rural - Radio Infinita Goya\" \/>\n<meta property=\"og:description\" content=\"Ecoturismo en Corrientes: el ministro Juan Enrique Braillard Poccard destac\u00f3 el desarrollo de la actividad durante el III Encuentro de Periodistas\" \/>\n<meta property=\"og:url\" content=\"https:\/\/radioinfinitagoya.com.ar\/v1\/2026\/09\/04\/20-nuevos-campos-tramitan-su-habilitacion-y-crece-la-oferta-rural\/\" \/>\n<meta property=\"og:site_name\" content=\"Radio Infinita Goya\" \/>\n<meta property=\"article:publisher\" content=\"https:\/\/www.facebook.com\/p\/Infinita-Goya-100063870918311\/\" \/>\n<meta property=\"article:published_time\" content=\"2026-09-04T18:51:45+00:00\" \/>\n<meta property=\"og:image\" content=\"https:\/\/radioinfinitagoya.com.ar\/v1\/wp-content\/uploads\/2026\/09\/1788535557387.webp\" \/>\n\t<meta property=\"og:image:width\" content=\"1200\" \/>\n\t<meta property=\"og:image:height\" content=\"675\" \/>\n\t<meta property=\"og:image:type\" content=\"image\/webp\" \/>\n<meta name=\"author\" content=\"Jorge Mi\u00f1o\" \/>\n<meta name=\"twitter:card\" content=\"summary_large_image\" \/>\n<meta name=\"twitter:label1\" content=\"Escrito por\" \/>\n\t<meta name=\"twitter:data1\" content=\"Jorge Mi\u00f1o\" \/>\n\t<meta name=\"twitter:label2\" content=\"Tiempo de lectura\" \/>\n\t<meta name=\"twitter:data2\" content=\"2 minutos\" \/>\n<script type=\"application\/ld+json\" class=\"yoast-schema-graph\">{\"@context\":\"https:\\\/\\\/schema.org\",\"@graph\":[{\"@type\":\"Article\",\"@id\":\"https:\\\/\\\/radioinfinitagoya.com.ar\\\/v1\\\/2026\\\/09\\\/04\\\/20-nuevos-campos-tramitan-su-habilitacion-y-crece-la-oferta-rural\\\/#article\",\"isPartOf\":{\"@id\":\"https:\\\/\\\/radioinfinitagoya.com.ar\\\/v1\\\/2026\\\/09\\\/04\\\/20-nuevos-campos-tramitan-su-habilitacion-y-crece-la-oferta-rural\\\/\"},\"author\":{\"name\":\"Jorge Mi\u00f1o\",\"@id\":\"https:\\\/\\\/radioinfinitagoya.com.ar\\\/v1\\\/#\\\/schema\\\/person\\\/d4cf9c413d4f6edb24aabdccab49ca4a\"},\"headline\":\"20 nuevos campos tramitan su habilitaci\u00f3n y crece la oferta rural\",\"datePublished\":\"2026-09-04T18:51:45+00:00\",\"mainEntityOfPage\":{\"@id\":\"https:\\\/\\\/radioinfinitagoya.com.ar\\\/v1\\\/2026\\\/09\\\/04\\\/20-nuevos-campos-tramitan-su-habilitacion-y-crece-la-oferta-rural\\\/\"},\"wordCount\":319,\"commentCount\":0,\"publisher\":{\"@id\":\"https:\\\/\\\/radioinfinitagoya.com.ar\\\/v1\\\/#organization\"},\"image\":{\"@id\":\"https:\\\/\\\/radioinfinitagoya.com.ar\\\/v1\\\/2026\\\/09\\\/04\\\/20-nuevos-campos-tramitan-su-habilitacion-y-crece-la-oferta-rural\\\/#primaryimage\"},\"thumbnailUrl\":\"https:\\\/\\\/radioinfinitagoya.com.ar\\\/v1\\\/wp-content\\\/uploads\\\/2026\\\/09\\\/1788535557387.webp\",\"articleSection\":[\"PROVINCIALES\"],\"inLanguage\":\"es-AR\",\"potentialAction\":[{\"@type\":\"CommentAction\",\"name\":\"Comment\",\"target\":[\"https:\\\/\\\/radioinfinitagoya.com.ar\\\/v1\\\/2026\\\/09\\\/04\\\/20-nuevos-campos-tramitan-su-habilitacion-y-crece-la-oferta-rural\\\/#respond\"]}]},{\"@type\":\"WebPage\",\"@id\":\"https:\\\/\\\/radioinfinitagoya.com.ar\\\/v1\\\/2026\\\/09\\\/04\\\/20-nuevos-campos-tramitan-su-habilitacion-y-crece-la-oferta-rural\\\/\",\"url\":\"https:\\\/\\\/radioinfinitagoya.com.ar\\\/v1\\\/2026\\\/09\\\/04\\\/20-nuevos-campos-tramitan-su-habilitacion-y-crece-la-oferta-rural\\\/\",\"name\":\"20 nuevos campos tramitan su habilitaci\u00f3n y crece la oferta rural - Radio Infinita Goya\",\"isPartOf\":{\"@id\":\"https:\\\/\\\/radioinfinitagoya.com.ar\\\/v1\\\/#website\"},\"primaryImageOfPage\":{\"@id\":\"https:\\\/\\\/radioinfinitagoya.com.ar\\\/v1\\\/2026\\\/09\\\/04\\\/20-nuevos-campos-tramitan-su-habilitacion-y-crece-la-oferta-rural\\\/#primaryimage\"},\"image\":{\"@id\":\"https:\\\/\\\/radioinfinitagoya.com.ar\\\/v1\\\/2026\\\/09\\\/04\\\/20-nuevos-campos-tramitan-su-habilitacion-y-crece-la-oferta-rural\\\/#primaryimage\"},\"thumbnailUrl\":\"https:\\\/\\\/radioinfinitagoya.com.ar\\\/v1\\\/wp-content\\\/uploads\\\/2026\\\/09\\\/1788535557387.webp\",\"datePublished\":\"2026-09-04T18:51:45+00:00\",\"description\":\"Ecoturismo en Corrientes: el ministro Juan Enrique Braillard Poccard destac\u00f3 el desarrollo de la actividad durante el III Encuentro de Periodistas\",\"breadcrumb\":{\"@id\":\"https:\\\/\\\/radioinfinitagoya.com.ar\\\/v1\\\/2026\\\/09\\\/04\\\/20-nuevos-campos-tramitan-su-habilitacion-y-crece-la-oferta-rural\\\/#breadcrumb\"},\"inLanguage\":\"es-AR\",\"potentialAction\":[{\"@type\":\"ReadAction\",\"target\":[\"https:\\\/\\\/radioinfinitagoya.com.ar\\\/v1\\\/2026\\\/09\\\/04\\\/20-nuevos-campos-tramitan-su-habilitacion-y-crece-la-oferta-rural\\\/\"]}]},{\"@type\":\"ImageObject\",\"inLanguage\":\"es-AR\",\"@id\":\"https:\\\/\\\/radioinfinitagoya.com.ar\\\/v1\\\/2026\\\/09\\\/04\\\/20-nuevos-campos-tramitan-su-habilitacion-y-crece-la-oferta-rural\\\/#primaryimage\",\"url\":\"https:\\\/\\\/radioinfinitagoya.com.ar\\\/v1\\\/wp-content\\\/uploads\\\/2026\\\/09\\\/1788535557387.webp\",\"contentUrl\":\"https:\\\/\\\/radioinfinitagoya.com.ar\\\/v1\\\/wp-content\\\/uploads\\\/2026\\\/09\\\/1788535557387.webp\",\"width\":1200,\"height\":675},{\"@type\":\"BreadcrumbList\",\"@id\":\"https:\\\/\\\/radioinfinitagoya.com.ar\\\/v1\\\/2026\\\/09\\\/04\\\/20-nuevos-campos-tramitan-su-habilitacion-y-crece-la-oferta-rural\\\/#breadcrumb\",\"itemListElement\":[{\"@type\":\"ListItem\",\"position\":1,\"name\":\"Inicio\",\"item\":\"https:\\\/\\\/radioinfinitagoya.com.ar\\\/v1\\\/\"},{\"@type\":\"ListItem\",\"position\":2,\"name\":\"20 nuevos campos tramitan su habilitaci\u00f3n y crece la oferta rural\"}]},{\"@type\":\"WebSite\",\"@id\":\"https:\\\/\\\/radioinfinitagoya.com.ar\\\/v1\\\/#website\",\"url\":\"https:\\\/\\\/radioinfinitagoya.com.ar\\\/v1\\\/\",\"name\":\"radioinfinitagoya.com.ar\",\"description\":\"Radio de noticias\",\"publisher\":{\"@id\":\"https:\\\/\\\/radioinfinitagoya.com.ar\\\/v1\\\/#organization\"},\"potentialAction\":[{\"@type\":\"SearchAction\",\"target\":{\"@type\":\"EntryPoint\",\"urlTemplate\":\"https:\\\/\\\/radioinfinitagoya.com.ar\\\/v1\\\/?s={search_term_string}\"},\"query-input\":{\"@type\":\"PropertyValueSpecification\",\"valueRequired\":true,\"valueName\":\"search_term_string\"}}],\"inLanguage\":\"es-AR\"},{\"@type\":\"Organization\",\"@id\":\"https:\\\/\\\/radioinfinitagoya.com.ar\\\/v1\\\/#organization\",\"name\":\"Radio Infinita Goya\",\"url\":\"https:\\\/\\\/radioinfinitagoya.com.ar\\\/v1\\\/\",\"logo\":{\"@type\":\"ImageObject\",\"inLanguage\":\"es-AR\",\"@id\":\"https:\\\/\\\/radioinfinitagoya.com.ar\\\/v1\\\/#\\\/schema\\\/logo\\\/image\\\/\",\"url\":\"https:\\\/\\\/radioinfinitagoya.com.ar\\\/v1\\\/wp-content\\\/uploads\\\/2019\\\/11\\\/logo-pie-web.png\",\"contentUrl\":\"https:\\\/\\\/radioinfinitagoya.com.ar\\\/v1\\\/wp-content\\\/uploads\\\/2019\\\/11\\\/logo-pie-web.png\",\"width\":635,\"height\":326,\"caption\":\"Radio Infinita Goya\"},\"image\":{\"@id\":\"https:\\\/\\\/radioinfinitagoya.com.ar\\\/v1\\\/#\\\/schema\\\/logo\\\/image\\\/\"},\"sameAs\":[\"https:\\\/\\\/www.facebook.com\\\/p\\\/Infinita-Goya-100063870918311\\\/\"]},{\"@type\":\"Person\",\"@id\":\"https:\\\/\\\/radioinfinitagoya.com.ar\\\/v1\\\/#\\\/schema\\\/person\\\/d4cf9c413d4f6edb24aabdccab49ca4a\",\"name\":\"Jorge Mi\u00f1o\",\"image\":{\"@type\":\"ImageObject\",\"inLanguage\":\"es-AR\",\"@id\":\"https:\\\/\\\/secure.gravatar.com\\\/avatar\\\/910fcf6728fe95320e07a6643c1581fec1c7fc4bf8ae12e3d8f0d0373dc844be?s=96&d=mm&r=g\",\"url\":\"https:\\\/\\\/secure.gravatar.com\\\/avatar\\\/910fcf6728fe95320e07a6643c1581fec1c7fc4bf8ae12e3d8f0d0373dc844be?s=96&d=mm&r=g\",\"contentUrl\":\"https:\\\/\\\/secure.gravatar.com\\\/avatar\\\/910fcf6728fe95320e07a6643c1581fec1c7fc4bf8ae12e3d8f0d0373dc844be?s=96&d=mm&r=g\",\"caption\":\"Jorge Mi\u00f1o\"},\"sameAs\":[\"http:\\\/\\\/radioinfinitagoya.com.ar\"]}]}<\/script>\n<!-- \/ Yoast SEO plugin. -->","yoast_head_json":{"title":"20 nuevos campos tramitan su habilitaci\u00f3n y crece la oferta rural - Radio Infinita Goya","description":"Ecoturismo en Corrientes: el ministro Juan Enrique Braillard Poccard destac\u00f3 el desarrollo de la actividad durante el III Encuentro de Periodistas","robots":{"index":"index","follow":"follow","max-snippet":"max-snippet:-1","max-image-preview":"max-image-preview:large","max-video-preview":"max-video-preview:-1"},"canonical":"https:\/\/radioinfinitagoya.com.ar\/v1\/2026\/09\/04\/20-nuevos-campos-tramitan-su-habilitacion-y-crece-la-oferta-rural\/","og_locale":"es_ES","og_type":"article","og_title":"20 nuevos campos tramitan su habilitaci\u00f3n y crece la oferta rural - Radio Infinita Goya","og_description":"Ecoturismo en Corrientes: el ministro Juan Enrique Braillard Poccard destac\u00f3 el desarrollo de la actividad durante el III Encuentro de Periodistas","og_url":"https:\/\/radioinfinitagoya.com.ar\/v1\/2026\/09\/04\/20-nuevos-campos-tramitan-su-habilitacion-y-crece-la-oferta-rural\/","og_site_name":"Radio Infinita Goya","article_publisher":"https:\/\/www.facebook.com\/p\/Infinita-Goya-100063870918311\/","article_published_time":"2026-09-04T18:51:45+00:00","og_image":[{"width":1200,"height":675,"url":"https:\/\/radioinfinitagoya.com.ar\/v1\/wp-content\/uploads\/2026\/09\/1788535557387.webp","type":"image\/webp"}],"author":"Jorge Mi\u00f1o","twitter_card":"summary_large_image","twitter_misc":{"Escrito por":"Jorge Mi\u00f1o","Tiempo de lectura":"2 minutos"},"schema":{"@context":"https:\/\/schema.org","@graph":[{"@type":"Article","@id":"https:\/\/radioinfinitagoya.com.ar\/v1\/2026\/09\/04\/20-nuevos-campos-tramitan-su-habilitacion-y-crece-la-oferta-rural\/#article","isPartOf":{"@id":"https:\/\/radioinfinitagoya.com.ar\/v1\/2026\/09\/04\/20-nuevos-campos-tramitan-su-habilitacion-y-crece-la-oferta-rural\/"},"author":{"name":"Jorge Mi\u00f1o","@id":"https:\/\/radioinfinitagoya.com.ar\/v1\/#\/schema\/person\/d4cf9c413d4f6edb24aabdccab49ca4a"},"headline":"20 nuevos campos tramitan su habilitaci\u00f3n y crece la oferta rural","datePublished":"2026-09-04T18:51:45+00:00","mainEntityOfPage":{"@id":"https:\/\/radioinfinitagoya.com.ar\/v1\/2026\/09\/04\/20-nuevos-campos-tramitan-su-habilitacion-y-crece-la-oferta-rural\/"},"wordCount":319,"commentCount":0,"publisher":{"@id":"https:\/\/radioinfinitagoya.com.ar\/v1\/#organization"},"image":{"@id":"https:\/\/radioinfinitagoya.com.ar\/v1\/2026\/09\/04\/20-nuevos-campos-tramitan-su-habilitacion-y-crece-la-oferta-rural\/#primaryimage"},"thumbnailUrl":"https:\/\/radioinfinitagoya.com.ar\/v1\/wp-content\/uploads\/2026\/09\/1788535557387.webp","articleSection":["PROVINCIALES"],"inLanguage":"es-AR","potentialAction":[{"@type":"CommentAction","name":"Comment","target":["https:\/\/radioinfinitagoya.com.ar\/v1\/2026\/09\/04\/20-nuevos-campos-tramitan-su-habilitacion-y-crece-la-oferta-rural\/#respond"]}]},{"@type":"WebPage","@id":"https:\/\/radioinfinitagoya.com.ar\/v1\/2026\/09\/04\/20-nuevos-campos-tramitan-su-habilitacion-y-crece-la-oferta-rural\/","url":"https:\/\/radioinfinitagoya.com.ar\/v1\/2026\/09\/04\/20-nuevos-campos-tramitan-su-habilitacion-y-crece-la-oferta-rural\/","name":"20 nuevos campos tramitan su habilitaci\u00f3n y crece la oferta rural - Radio Infinita Goya","isPartOf":{"@id":"https:\/\/radioinfinitagoya.com.ar\/v1\/#website"},"primaryImageOfPage":{"@id":"https:\/\/radioinfinitagoya.com.ar\/v1\/2026\/09\/04\/20-nuevos-campos-tramitan-su-habilitacion-y-crece-la-oferta-rural\/#primaryimage"},"image":{"@id":"https:\/\/radioinfinitagoya.com.ar\/v1\/2026\/09\/04\/20-nuevos-campos-tramitan-su-habilitacion-y-crece-la-oferta-rural\/#primaryimage"},"thumbnailUrl":"https:\/\/radioinfinitagoya.com.ar\/v1\/wp-content\/uploads\/2026\/09\/1788535557387.webp","datePublished":"2026-09-04T18:51:45+00:00","description":"Ecoturismo en Corrientes: el ministro Juan Enrique Braillard Poccard destac\u00f3 el desarrollo de la actividad durante el III Encuentro de Periodistas","breadcrumb":{"@id":"https:\/\/radioinfinitagoya.com.ar\/v1\/2026\/09\/04\/20-nuevos-campos-tramitan-su-habilitacion-y-crece-la-oferta-rural\/#breadcrumb"},"inLanguage":"es-AR","potentialAction":[{"@type":"ReadAction","target":["https:\/\/radioinfinitagoya.com.ar\/v1\/2026\/09\/04\/20-nuevos-campos-tramitan-su-habilitacion-y-crece-la-oferta-rural\/"]}]},{"@type":"ImageObject","inLanguage":"es-AR","@id":"https:\/\/radioinfinitagoya.com.ar\/v1\/2026\/09\/04\/20-nuevos-campos-tramitan-su-habilitacion-y-crece-la-oferta-rural\/#primaryimage","url":"https:\/\/radioinfinitagoya.com.ar\/v1\/wp-content\/uploads\/2026\/09\/1788535557387.webp","contentUrl":"https:\/\/radioinfinitagoya.com.ar\/v1\/wp-content\/uploads\/2026\/09\/1788535557387.webp","width":1200,"height":675},{"@type":"BreadcrumbList","@id":"https:\/\/radioinfinitagoya.com.ar\/v1\/2026\/09\/04\/20-nuevos-campos-tramitan-su-habilitacion-y-crece-la-oferta-rural\/#breadcrumb","itemListElement":[{"@type":"ListItem","position":1,"name":"Inicio","item":"https:\/\/radioinfinitagoya.com.ar\/v1\/"},{"@type":"ListItem","position":2,"name":"20 nuevos campos tramitan su habilitaci\u00f3n y crece la oferta rural"}]},{"@type":"WebSite","@id":"https:\/\/radioinfinitagoya.com.ar\/v1\/#website","url":"https:\/\/radioinfinitagoya.com.ar\/v1\/","name":"radioinfinitagoya.com.ar","description":"Radio de noticias","publisher":{"@id":"https:\/\/radioinfinitagoya.com.ar\/v1\/#organization"},"potentialAction":[{"@type":"SearchAction","target":{"@type":"EntryPoint","urlTemplate":"https:\/\/radioinfinitagoya.com.ar\/v1\/?s={search_term_string}"},"query-input":{"@type":"PropertyValueSpecification","valueRequired":true,"valueName":"search_term_string"}}],"inLanguage":"es-AR"},{"@type":"Organization","@id":"https:\/\/radioinfinitagoya.com.ar\/v1\/#organization","name":"Radio Infinita Goya","url":"https:\/\/radioinfinitagoya.com.ar\/v1\/","logo":{"@type":"ImageObject","inLanguage":"es-AR","@id":"https:\/\/radioinfinitagoya.com.ar\/v1\/#\/schema\/logo\/image\/","url":"https:\/\/radioinfinitagoya.com.ar\/v1\/wp-content\/uploads\/2019\/11\/logo-pie-web.png","contentUrl":"https:\/\/radioinfinitagoya.com.ar\/v1\/wp-content\/uploads\/2019\/11\/logo-pie-web.png","width":635,"height":326,"caption":"Radio Infinita Goya"},"image":{"@id":"https:\/\/radioinfinitagoya.com.ar\/v1\/#\/schema\/logo\/image\/"},"sameAs":["https:\/\/www.facebook.com\/p\/Infinita-Goya-100063870918311\/"]},{"@type":"Person","@id":"https:\/\/radioinfinitagoya.com.ar\/v1\/#\/schema\/person\/d4cf9c413d4f6edb24aabdccab49ca4a","name":"Jorge Mi\u00f1o","image":{"@type":"ImageObject","inLanguage":"es-AR","@id":"https:\/\/secure.gravatar.com\/avatar\/910fcf6728fe95320e07a6643c1581fec1c7fc4bf8ae12e3d8f0d0373dc844be?s=96&d=mm&r=g","url":"https:\/\/secure.gravatar.com\/avatar\/910fcf6728fe95320e07a6643c1581fec1c7fc4bf8ae12e3d8f0d0373dc844be?s=96&d=mm&r=g","contentUrl":"https:\/\/secure.gravatar.com\/avatar\/910fcf6728fe95320e07a6643c1581fec1c7fc4bf8ae12e3d8f0d0373dc844be?s=96&d=mm&r=g","caption":"Jorge Mi\u00f1o"},"sameAs":["http:\/\/radioinfinitagoya.com.ar"]}]}},"_links":{"self":[{"href":"https:\/\/radioinfinitagoya.com.ar\/v1\/wp-json\/wp\/v2\/posts\/226694","targetHints":{"allow":["GET"]}}],"collection":[{"href":"https:\/\/radioinfinitagoya.com.ar\/v1\/wp-json\/wp\/v2\/posts"}],"about":[{"href":"https:\/\/radioinfinitagoya.com.ar\/v1\/wp-json\/wp\/v2\/types\/post"}],"author":[{"embeddable":true,"href":"https:\/\/radioinfinitagoya.com.ar\/v1\/wp-json\/wp\/v2\/users\/4"}],"replies":[{"embeddable":true,"href":"https:\/\/radioinfinitagoya.com.ar\/v1\/wp-json\/wp\/v2\/comments?post=226694"}],"version-history":[{"count":1,"href":"https:\/\/radioinfinitagoya.com.ar\/v1\/wp-json\/wp\/v2\/posts\/226694\/revisions"}],"predecessor-version":[{"id":226696,"href":"https:\/\/radioinfinitagoya.com.ar\/v1\/wp-json\/wp\/v2\/posts\/226694\/revisions\/226696"}],"wp:featuredmedia":[{"embeddable":true,"href":"https:\/\/radioinfinitagoya.com.ar\/v1\/wp-json\/wp\/v2\/media\/226695"}],"wp:attachment":[{"href":"https:\/\/radioinfinitagoya.com.ar\/v1\/wp-json\/wp\/v2\/media?parent=226694"}],"wp:term":[{"taxonomy":"category","embeddable":true,"href":"https:\/\/radioinfinitagoya.com.ar\/v1\/wp-json\/wp\/v2\/categories?post=226694"},{"taxonomy":"post_tag","embeddable":true,"href":"https:\/\/radioinfinitagoya.com.ar\/v1\/wp-json\/wp\/v2\/tags?post=226694"}],"curies":[{"name":"wp","href":"https:\/\/api.w.org\/{rel}","templated":true}]}}