{"id":226697,"date":"2026-09-04T15:55:41","date_gmt":"2026-09-04T18:55:41","guid":{"rendered":"https:\/\/radioinfinitagoya.com.ar\/v1\/?p=226697"},"modified":"2026-09-04T15:55:41","modified_gmt":"2026-09-04T18:55:41","slug":"cielo-limpio-avanzo-con-otra-cuadra-en-el-despeje-de-cables","status":"publish","type":"post","link":"https:\/\/radioinfinitagoya.com.ar\/v1\/2026\/09\/04\/cielo-limpio-avanzo-con-otra-cuadra-en-el-despeje-de-cables\/","title":{"rendered":"&#8220;Cielo Limpio&#8221; avanz\u00f3 con otra cuadra en el despeje de cables"},"content":{"rendered":"<p>Las tareas del Municipio continuaron este viernes con el retiro de tendidos en desuso sobre la calle Buenos Aires. Los trabajos, articulados con las empresas prestatarias de servicios, se iniciaron hace tres meses. Buscan reducir la contaminaci\u00f3n visual, reforzar la seguridad urbana y poner en valor la arquitectura patrimonial de la ciudad.<\/p>\n<p>En el marco del programa de ordenamiento urbano &#8220;Cielo Limpio&#8221;, la Municipalidad de Corrientes ejecut\u00f3 en la ma\u00f1ana de este viernes una nueva jornada de despeje y reorganizaci\u00f3n de cableado a\u00e9reo. La intervenci\u00f3n se centr\u00f3 sobre la calle Buenos Aires, en el tramo comprendido entre Fray Jos\u00e9 de la Quintana y Pl\u00e1cido Mart\u00ednez.<\/p>\n<p>La iniciativa, impulsada de forma conjunta entre diversas \u00e1reas de la Comuna y personal t\u00e9cnico de las empresas de servicios, tiene como finalidad identificar y retirar los tendidos fuera de uso, adem\u00e1s de emprolijar las l\u00edneas activas.<\/p>\n<p>Respecto al sector que rodea a la plaza 25 de Mayo, desde el \u00e1rea operativa aclararon que dicha cuadra no presenta cruces a\u00e9reos longitudinales, por lo que \u00fanicamente se realizaron correcciones en los trazados diagonales.<\/p>\n<p><img loading=\"lazy\" decoding=\"async\" class=\"alignnone size-medium wp-image-226699\" src=\"https:\/\/radioinfinitagoya.com.ar\/v1\/wp-content\/uploads\/2026\/09\/292744w790h444c.jpg-600x337.webp\" alt=\"\" width=\"600\" height=\"337\" srcset=\"https:\/\/radioinfinitagoya.com.ar\/v1\/wp-content\/uploads\/2026\/09\/292744w790h444c.jpg-600x337.webp 600w, https:\/\/radioinfinitagoya.com.ar\/v1\/wp-content\/uploads\/2026\/09\/292744w790h444c.jpg-150x84.webp 150w, https:\/\/radioinfinitagoya.com.ar\/v1\/wp-content\/uploads\/2026\/09\/292744w790h444c.jpg-768x432.webp 768w, https:\/\/radioinfinitagoya.com.ar\/v1\/wp-content\/uploads\/2026\/09\/292744w790h444c.jpg-747x420.webp 747w, https:\/\/radioinfinitagoya.com.ar\/v1\/wp-content\/uploads\/2026\/09\/292744w790h444c.jpg-696x391.webp 696w, https:\/\/radioinfinitagoya.com.ar\/v1\/wp-content\/uploads\/2026\/09\/292744w790h444c.jpg.webp 790w\" sizes=\"auto, (max-width: 600px) 100vw, 600px\" \/><\/p>\n<p>CRONOGRAMA HASTA OCTUBRE<\/p>\n<p>El plan de mitigaci\u00f3n de contaminaci\u00f3n visual registra antecedentes recientes en el casco hist\u00f3rico. El pasado 21 de agosto, los equipos municipales concretaron tareas similares sobre la calle Buenos Aires, entre 25 de Mayo y Carlos Pellegrini, sum\u00e1ndose a los operativos ya concretados en distintos tramos de las arterias Salta y 25 de Mayo.<\/p>\n<p>Para dar continuidad al programa, la gesti\u00f3n del intendente, Claudi Polich, estableci\u00f3 un cronograma de intervenciones coordinadas que se extender\u00e1 durante los pr\u00f3ximos dos meses, sujetas a las condiciones clim\u00e1ticas.<\/p>\n<p>El pr\u00f3ximo viernes 18 de septiembre est\u00e1 previsto que las tareas se extiendan por calle La Rioja entre Placido Mart\u00ednez y 25 de Mayo.<\/p>\n<p>Mientras que el 2 de octubre los trabajos se trasladar\u00e1n a calle La Rioja en el tramo comprendido por 25 de Mayo y Pellegrini.<\/p>\n<p>En tanto que el 16 y 30 de octubre los agentes se apostar\u00e1n por San Juan para completar el tramo comprendido Fray Jos\u00e9 de la Quintana y Pellegrini.<\/p>\n<p>Desde la administraci\u00f3n municipal remarcaron que cada procedimiento exige una log\u00edstica y planificaci\u00f3n previa con las firmas telef\u00f3nicas y de cableoperadores, dada la complejidad t\u00e9cnica que implica trabajar sobre las redes activas sin interrumpir la prestaci\u00f3n a los usuarios.<\/p>\n<p><img loading=\"lazy\" decoding=\"async\" class=\"alignnone size-medium wp-image-226700\" src=\"https:\/\/radioinfinitagoya.com.ar\/v1\/wp-content\/uploads\/2026\/09\/292746w790h526c.jpg-600x399.webp\" alt=\"\" width=\"600\" height=\"399\" srcset=\"https:\/\/radioinfinitagoya.com.ar\/v1\/wp-content\/uploads\/2026\/09\/292746w790h526c.jpg-600x399.webp 600w, https:\/\/radioinfinitagoya.com.ar\/v1\/wp-content\/uploads\/2026\/09\/292746w790h526c.jpg-150x100.webp 150w, https:\/\/radioinfinitagoya.com.ar\/v1\/wp-content\/uploads\/2026\/09\/292746w790h526c.jpg-768x511.webp 768w, https:\/\/radioinfinitagoya.com.ar\/v1\/wp-content\/uploads\/2026\/09\/292746w790h526c.jpg-631x420.webp 631w, https:\/\/radioinfinitagoya.com.ar\/v1\/wp-content\/uploads\/2026\/09\/292746w790h526c.jpg-696x463.webp 696w, https:\/\/radioinfinitagoya.com.ar\/v1\/wp-content\/uploads\/2026\/09\/292746w790h526c.jpg.webp 790w\" sizes=\"auto, (max-width: 600px) 100vw, 600px\" \/><\/p>\n<p>&nbsp;<\/p>\n<p>&nbsp;<\/p>\n","protected":false},"excerpt":{"rendered":"<p>Las tareas del Municipio continuaron este viernes con el retiro de tendidos en desuso sobre la calle Buenos Aires. Los trabajos, articulados con las empresas prestatarias de servicios, se iniciaron hace tres meses. Buscan reducir la contaminaci\u00f3n visual, reforzar la seguridad urbana y poner en valor la arquitectura patrimonial de la ciudad. En el marco [&hellip;]<\/p>\n","protected":false},"author":4,"featured_media":226698,"comment_status":"open","ping_status":"open","sticky":false,"template":"","format":"standard","meta":{"_joinchat":[],"footnotes":""},"categories":[26],"tags":[],"class_list":["post-226697","post","type-post","status-publish","format-standard","has-post-thumbnail","category-provinciales"],"yoast_head":"<!-- This site is optimized with the Yoast SEO plugin v27.7 - https:\/\/yoast.com\/product\/yoast-seo-wordpress\/ -->\n<title>&quot;Cielo Limpio&quot; avanz\u00f3 con otra cuadra en el despeje de cables - Radio Infinita Goya<\/title>\n<meta name=\"description\" content=\"Las tareas del Municipio continuaron este viernes con el retiro de tendidos en desuso sobre la calle Buenos Aires. Los trabajos, articulados con las\" \/>\n<meta name=\"robots\" content=\"index, follow, max-snippet:-1, max-image-preview:large, max-video-preview:-1\" \/>\n<link rel=\"canonical\" href=\"https:\/\/radioinfinitagoya.com.ar\/v1\/2026\/09\/04\/cielo-limpio-avanzo-con-otra-cuadra-en-el-despeje-de-cables\/\" \/>\n<meta property=\"og:locale\" content=\"es_ES\" \/>\n<meta property=\"og:type\" content=\"article\" \/>\n<meta property=\"og:title\" content=\"&quot;Cielo Limpio&quot; avanz\u00f3 con otra cuadra en el despeje de cables - Radio Infinita Goya\" \/>\n<meta property=\"og:description\" content=\"Las tareas del Municipio continuaron este viernes con el retiro de tendidos en desuso sobre la calle Buenos Aires. Los trabajos, articulados con las\" \/>\n<meta property=\"og:url\" content=\"https:\/\/radioinfinitagoya.com.ar\/v1\/2026\/09\/04\/cielo-limpio-avanzo-con-otra-cuadra-en-el-despeje-de-cables\/\" \/>\n<meta property=\"og:site_name\" content=\"Radio Infinita Goya\" \/>\n<meta property=\"article:publisher\" content=\"https:\/\/www.facebook.com\/p\/Infinita-Goya-100063870918311\/\" \/>\n<meta property=\"article:published_time\" content=\"2026-09-04T18:55:41+00:00\" \/>\n<meta property=\"og:image\" content=\"https:\/\/radioinfinitagoya.com.ar\/v1\/wp-content\/uploads\/2026\/09\/292745w850h567c.jpg.webp\" \/>\n\t<meta property=\"og:image:width\" content=\"850\" \/>\n\t<meta property=\"og:image:height\" content=\"567\" \/>\n\t<meta property=\"og:image:type\" content=\"image\/webp\" \/>\n<meta name=\"author\" content=\"Jorge Mi\u00f1o\" \/>\n<meta name=\"twitter:card\" content=\"summary_large_image\" \/>\n<meta name=\"twitter:label1\" content=\"Escrito por\" \/>\n\t<meta name=\"twitter:data1\" content=\"Jorge Mi\u00f1o\" \/>\n\t<meta name=\"twitter:label2\" content=\"Tiempo de lectura\" \/>\n\t<meta name=\"twitter:data2\" content=\"3 minutos\" \/>\n<script type=\"application\/ld+json\" class=\"yoast-schema-graph\">{\"@context\":\"https:\\\/\\\/schema.org\",\"@graph\":[{\"@type\":\"Article\",\"@id\":\"https:\\\/\\\/radioinfinitagoya.com.ar\\\/v1\\\/2026\\\/09\\\/04\\\/cielo-limpio-avanzo-con-otra-cuadra-en-el-despeje-de-cables\\\/#article\",\"isPartOf\":{\"@id\":\"https:\\\/\\\/radioinfinitagoya.com.ar\\\/v1\\\/2026\\\/09\\\/04\\\/cielo-limpio-avanzo-con-otra-cuadra-en-el-despeje-de-cables\\\/\"},\"author\":{\"name\":\"Jorge Mi\u00f1o\",\"@id\":\"https:\\\/\\\/radioinfinitagoya.com.ar\\\/v1\\\/#\\\/schema\\\/person\\\/d4cf9c413d4f6edb24aabdccab49ca4a\"},\"headline\":\"&#8220;Cielo Limpio&#8221; avanz\u00f3 con otra cuadra en el despeje de cables\",\"datePublished\":\"2026-09-04T18:55:41+00:00\",\"mainEntityOfPage\":{\"@id\":\"https:\\\/\\\/radioinfinitagoya.com.ar\\\/v1\\\/2026\\\/09\\\/04\\\/cielo-limpio-avanzo-con-otra-cuadra-en-el-despeje-de-cables\\\/\"},\"wordCount\":410,\"commentCount\":0,\"publisher\":{\"@id\":\"https:\\\/\\\/radioinfinitagoya.com.ar\\\/v1\\\/#organization\"},\"image\":{\"@id\":\"https:\\\/\\\/radioinfinitagoya.com.ar\\\/v1\\\/2026\\\/09\\\/04\\\/cielo-limpio-avanzo-con-otra-cuadra-en-el-despeje-de-cables\\\/#primaryimage\"},\"thumbnailUrl\":\"https:\\\/\\\/radioinfinitagoya.com.ar\\\/v1\\\/wp-content\\\/uploads\\\/2026\\\/09\\\/292745w850h567c.jpg.webp\",\"articleSection\":[\"PROVINCIALES\"],\"inLanguage\":\"es-AR\",\"potentialAction\":[{\"@type\":\"CommentAction\",\"name\":\"Comment\",\"target\":[\"https:\\\/\\\/radioinfinitagoya.com.ar\\\/v1\\\/2026\\\/09\\\/04\\\/cielo-limpio-avanzo-con-otra-cuadra-en-el-despeje-de-cables\\\/#respond\"]}]},{\"@type\":\"WebPage\",\"@id\":\"https:\\\/\\\/radioinfinitagoya.com.ar\\\/v1\\\/2026\\\/09\\\/04\\\/cielo-limpio-avanzo-con-otra-cuadra-en-el-despeje-de-cables\\\/\",\"url\":\"https:\\\/\\\/radioinfinitagoya.com.ar\\\/v1\\\/2026\\\/09\\\/04\\\/cielo-limpio-avanzo-con-otra-cuadra-en-el-despeje-de-cables\\\/\",\"name\":\"\\\"Cielo Limpio\\\" avanz\u00f3 con otra cuadra en el despeje de cables - Radio Infinita Goya\",\"isPartOf\":{\"@id\":\"https:\\\/\\\/radioinfinitagoya.com.ar\\\/v1\\\/#website\"},\"primaryImageOfPage\":{\"@id\":\"https:\\\/\\\/radioinfinitagoya.com.ar\\\/v1\\\/2026\\\/09\\\/04\\\/cielo-limpio-avanzo-con-otra-cuadra-en-el-despeje-de-cables\\\/#primaryimage\"},\"image\":{\"@id\":\"https:\\\/\\\/radioinfinitagoya.com.ar\\\/v1\\\/2026\\\/09\\\/04\\\/cielo-limpio-avanzo-con-otra-cuadra-en-el-despeje-de-cables\\\/#primaryimage\"},\"thumbnailUrl\":\"https:\\\/\\\/radioinfinitagoya.com.ar\\\/v1\\\/wp-content\\\/uploads\\\/2026\\\/09\\\/292745w850h567c.jpg.webp\",\"datePublished\":\"2026-09-04T18:55:41+00:00\",\"description\":\"Las tareas del Municipio continuaron este viernes con el retiro de tendidos en desuso sobre la calle Buenos Aires. Los trabajos, articulados con las\",\"breadcrumb\":{\"@id\":\"https:\\\/\\\/radioinfinitagoya.com.ar\\\/v1\\\/2026\\\/09\\\/04\\\/cielo-limpio-avanzo-con-otra-cuadra-en-el-despeje-de-cables\\\/#breadcrumb\"},\"inLanguage\":\"es-AR\",\"potentialAction\":[{\"@type\":\"ReadAction\",\"target\":[\"https:\\\/\\\/radioinfinitagoya.com.ar\\\/v1\\\/2026\\\/09\\\/04\\\/cielo-limpio-avanzo-con-otra-cuadra-en-el-despeje-de-cables\\\/\"]}]},{\"@type\":\"ImageObject\",\"inLanguage\":\"es-AR\",\"@id\":\"https:\\\/\\\/radioinfinitagoya.com.ar\\\/v1\\\/2026\\\/09\\\/04\\\/cielo-limpio-avanzo-con-otra-cuadra-en-el-despeje-de-cables\\\/#primaryimage\",\"url\":\"https:\\\/\\\/radioinfinitagoya.com.ar\\\/v1\\\/wp-content\\\/uploads\\\/2026\\\/09\\\/292745w850h567c.jpg.webp\",\"contentUrl\":\"https:\\\/\\\/radioinfinitagoya.com.ar\\\/v1\\\/wp-content\\\/uploads\\\/2026\\\/09\\\/292745w850h567c.jpg.webp\",\"width\":850,\"height\":567},{\"@type\":\"BreadcrumbList\",\"@id\":\"https:\\\/\\\/radioinfinitagoya.com.ar\\\/v1\\\/2026\\\/09\\\/04\\\/cielo-limpio-avanzo-con-otra-cuadra-en-el-despeje-de-cables\\\/#breadcrumb\",\"itemListElement\":[{\"@type\":\"ListItem\",\"position\":1,\"name\":\"Inicio\",\"item\":\"https:\\\/\\\/radioinfinitagoya.com.ar\\\/v1\\\/\"},{\"@type\":\"ListItem\",\"position\":2,\"name\":\"&#8220;Cielo Limpio&#8221; avanz\u00f3 con otra cuadra en el despeje de cables\"}]},{\"@type\":\"WebSite\",\"@id\":\"https:\\\/\\\/radioinfinitagoya.com.ar\\\/v1\\\/#website\",\"url\":\"https:\\\/\\\/radioinfinitagoya.com.ar\\\/v1\\\/\",\"name\":\"radioinfinitagoya.com.ar\",\"description\":\"Radio de noticias\",\"publisher\":{\"@id\":\"https:\\\/\\\/radioinfinitagoya.com.ar\\\/v1\\\/#organization\"},\"potentialAction\":[{\"@type\":\"SearchAction\",\"target\":{\"@type\":\"EntryPoint\",\"urlTemplate\":\"https:\\\/\\\/radioinfinitagoya.com.ar\\\/v1\\\/?s={search_term_string}\"},\"query-input\":{\"@type\":\"PropertyValueSpecification\",\"valueRequired\":true,\"valueName\":\"search_term_string\"}}],\"inLanguage\":\"es-AR\"},{\"@type\":\"Organization\",\"@id\":\"https:\\\/\\\/radioinfinitagoya.com.ar\\\/v1\\\/#organization\",\"name\":\"Radio Infinita Goya\",\"url\":\"https:\\\/\\\/radioinfinitagoya.com.ar\\\/v1\\\/\",\"logo\":{\"@type\":\"ImageObject\",\"inLanguage\":\"es-AR\",\"@id\":\"https:\\\/\\\/radioinfinitagoya.com.ar\\\/v1\\\/#\\\/schema\\\/logo\\\/image\\\/\",\"url\":\"https:\\\/\\\/radioinfinitagoya.com.ar\\\/v1\\\/wp-content\\\/uploads\\\/2019\\\/11\\\/logo-pie-web.png\",\"contentUrl\":\"https:\\\/\\\/radioinfinitagoya.com.ar\\\/v1\\\/wp-content\\\/uploads\\\/2019\\\/11\\\/logo-pie-web.png\",\"width\":635,\"height\":326,\"caption\":\"Radio Infinita Goya\"},\"image\":{\"@id\":\"https:\\\/\\\/radioinfinitagoya.com.ar\\\/v1\\\/#\\\/schema\\\/logo\\\/image\\\/\"},\"sameAs\":[\"https:\\\/\\\/www.facebook.com\\\/p\\\/Infinita-Goya-100063870918311\\\/\"]},{\"@type\":\"Person\",\"@id\":\"https:\\\/\\\/radioinfinitagoya.com.ar\\\/v1\\\/#\\\/schema\\\/person\\\/d4cf9c413d4f6edb24aabdccab49ca4a\",\"name\":\"Jorge Mi\u00f1o\",\"image\":{\"@type\":\"ImageObject\",\"inLanguage\":\"es-AR\",\"@id\":\"https:\\\/\\\/secure.gravatar.com\\\/avatar\\\/910fcf6728fe95320e07a6643c1581fec1c7fc4bf8ae12e3d8f0d0373dc844be?s=96&d=mm&r=g\",\"url\":\"https:\\\/\\\/secure.gravatar.com\\\/avatar\\\/910fcf6728fe95320e07a6643c1581fec1c7fc4bf8ae12e3d8f0d0373dc844be?s=96&d=mm&r=g\",\"contentUrl\":\"https:\\\/\\\/secure.gravatar.com\\\/avatar\\\/910fcf6728fe95320e07a6643c1581fec1c7fc4bf8ae12e3d8f0d0373dc844be?s=96&d=mm&r=g\",\"caption\":\"Jorge Mi\u00f1o\"},\"sameAs\":[\"http:\\\/\\\/radioinfinitagoya.com.ar\"]}]}<\/script>\n<!-- \/ Yoast SEO plugin. -->","yoast_head_json":{"title":"\"Cielo Limpio\" avanz\u00f3 con otra cuadra en el despeje de cables - Radio Infinita Goya","description":"Las tareas del Municipio continuaron este viernes con el retiro de tendidos en desuso sobre la calle Buenos Aires. Los trabajos, articulados con las","robots":{"index":"index","follow":"follow","max-snippet":"max-snippet:-1","max-image-preview":"max-image-preview:large","max-video-preview":"max-video-preview:-1"},"canonical":"https:\/\/radioinfinitagoya.com.ar\/v1\/2026\/09\/04\/cielo-limpio-avanzo-con-otra-cuadra-en-el-despeje-de-cables\/","og_locale":"es_ES","og_type":"article","og_title":"\"Cielo Limpio\" avanz\u00f3 con otra cuadra en el despeje de cables - Radio Infinita Goya","og_description":"Las tareas del Municipio continuaron este viernes con el retiro de tendidos en desuso sobre la calle Buenos Aires. Los trabajos, articulados con las","og_url":"https:\/\/radioinfinitagoya.com.ar\/v1\/2026\/09\/04\/cielo-limpio-avanzo-con-otra-cuadra-en-el-despeje-de-cables\/","og_site_name":"Radio Infinita Goya","article_publisher":"https:\/\/www.facebook.com\/p\/Infinita-Goya-100063870918311\/","article_published_time":"2026-09-04T18:55:41+00:00","og_image":[{"width":850,"height":567,"url":"https:\/\/radioinfinitagoya.com.ar\/v1\/wp-content\/uploads\/2026\/09\/292745w850h567c.jpg.webp","type":"image\/webp"}],"author":"Jorge Mi\u00f1o","twitter_card":"summary_large_image","twitter_misc":{"Escrito por":"Jorge Mi\u00f1o","Tiempo de lectura":"3 minutos"},"schema":{"@context":"https:\/\/schema.org","@graph":[{"@type":"Article","@id":"https:\/\/radioinfinitagoya.com.ar\/v1\/2026\/09\/04\/cielo-limpio-avanzo-con-otra-cuadra-en-el-despeje-de-cables\/#article","isPartOf":{"@id":"https:\/\/radioinfinitagoya.com.ar\/v1\/2026\/09\/04\/cielo-limpio-avanzo-con-otra-cuadra-en-el-despeje-de-cables\/"},"author":{"name":"Jorge Mi\u00f1o","@id":"https:\/\/radioinfinitagoya.com.ar\/v1\/#\/schema\/person\/d4cf9c413d4f6edb24aabdccab49ca4a"},"headline":"&#8220;Cielo Limpio&#8221; avanz\u00f3 con otra cuadra en el despeje de cables","datePublished":"2026-09-04T18:55:41+00:00","mainEntityOfPage":{"@id":"https:\/\/radioinfinitagoya.com.ar\/v1\/2026\/09\/04\/cielo-limpio-avanzo-con-otra-cuadra-en-el-despeje-de-cables\/"},"wordCount":410,"commentCount":0,"publisher":{"@id":"https:\/\/radioinfinitagoya.com.ar\/v1\/#organization"},"image":{"@id":"https:\/\/radioinfinitagoya.com.ar\/v1\/2026\/09\/04\/cielo-limpio-avanzo-con-otra-cuadra-en-el-despeje-de-cables\/#primaryimage"},"thumbnailUrl":"https:\/\/radioinfinitagoya.com.ar\/v1\/wp-content\/uploads\/2026\/09\/292745w850h567c.jpg.webp","articleSection":["PROVINCIALES"],"inLanguage":"es-AR","potentialAction":[{"@type":"CommentAction","name":"Comment","target":["https:\/\/radioinfinitagoya.com.ar\/v1\/2026\/09\/04\/cielo-limpio-avanzo-con-otra-cuadra-en-el-despeje-de-cables\/#respond"]}]},{"@type":"WebPage","@id":"https:\/\/radioinfinitagoya.com.ar\/v1\/2026\/09\/04\/cielo-limpio-avanzo-con-otra-cuadra-en-el-despeje-de-cables\/","url":"https:\/\/radioinfinitagoya.com.ar\/v1\/2026\/09\/04\/cielo-limpio-avanzo-con-otra-cuadra-en-el-despeje-de-cables\/","name":"\"Cielo Limpio\" avanz\u00f3 con otra cuadra en el despeje de cables - Radio Infinita Goya","isPartOf":{"@id":"https:\/\/radioinfinitagoya.com.ar\/v1\/#website"},"primaryImageOfPage":{"@id":"https:\/\/radioinfinitagoya.com.ar\/v1\/2026\/09\/04\/cielo-limpio-avanzo-con-otra-cuadra-en-el-despeje-de-cables\/#primaryimage"},"image":{"@id":"https:\/\/radioinfinitagoya.com.ar\/v1\/2026\/09\/04\/cielo-limpio-avanzo-con-otra-cuadra-en-el-despeje-de-cables\/#primaryimage"},"thumbnailUrl":"https:\/\/radioinfinitagoya.com.ar\/v1\/wp-content\/uploads\/2026\/09\/292745w850h567c.jpg.webp","datePublished":"2026-09-04T18:55:41+00:00","description":"Las tareas del Municipio continuaron este viernes con el retiro de tendidos en desuso sobre la calle Buenos Aires. Los trabajos, articulados con las","breadcrumb":{"@id":"https:\/\/radioinfinitagoya.com.ar\/v1\/2026\/09\/04\/cielo-limpio-avanzo-con-otra-cuadra-en-el-despeje-de-cables\/#breadcrumb"},"inLanguage":"es-AR","potentialAction":[{"@type":"ReadAction","target":["https:\/\/radioinfinitagoya.com.ar\/v1\/2026\/09\/04\/cielo-limpio-avanzo-con-otra-cuadra-en-el-despeje-de-cables\/"]}]},{"@type":"ImageObject","inLanguage":"es-AR","@id":"https:\/\/radioinfinitagoya.com.ar\/v1\/2026\/09\/04\/cielo-limpio-avanzo-con-otra-cuadra-en-el-despeje-de-cables\/#primaryimage","url":"https:\/\/radioinfinitagoya.com.ar\/v1\/wp-content\/uploads\/2026\/09\/292745w850h567c.jpg.webp","contentUrl":"https:\/\/radioinfinitagoya.com.ar\/v1\/wp-content\/uploads\/2026\/09\/292745w850h567c.jpg.webp","width":850,"height":567},{"@type":"BreadcrumbList","@id":"https:\/\/radioinfinitagoya.com.ar\/v1\/2026\/09\/04\/cielo-limpio-avanzo-con-otra-cuadra-en-el-despeje-de-cables\/#breadcrumb","itemListElement":[{"@type":"ListItem","position":1,"name":"Inicio","item":"https:\/\/radioinfinitagoya.com.ar\/v1\/"},{"@type":"ListItem","position":2,"name":"&#8220;Cielo Limpio&#8221; avanz\u00f3 con otra cuadra en el despeje de cables"}]},{"@type":"WebSite","@id":"https:\/\/radioinfinitagoya.com.ar\/v1\/#website","url":"https:\/\/radioinfinitagoya.com.ar\/v1\/","name":"radioinfinitagoya.com.ar","description":"Radio de noticias","publisher":{"@id":"https:\/\/radioinfinitagoya.com.ar\/v1\/#organization"},"potentialAction":[{"@type":"SearchAction","target":{"@type":"EntryPoint","urlTemplate":"https:\/\/radioinfinitagoya.com.ar\/v1\/?s={search_term_string}"},"query-input":{"@type":"PropertyValueSpecification","valueRequired":true,"valueName":"search_term_string"}}],"inLanguage":"es-AR"},{"@type":"Organization","@id":"https:\/\/radioinfinitagoya.com.ar\/v1\/#organization","name":"Radio Infinita Goya","url":"https:\/\/radioinfinitagoya.com.ar\/v1\/","logo":{"@type":"ImageObject","inLanguage":"es-AR","@id":"https:\/\/radioinfinitagoya.com.ar\/v1\/#\/schema\/logo\/image\/","url":"https:\/\/radioinfinitagoya.com.ar\/v1\/wp-content\/uploads\/2019\/11\/logo-pie-web.png","contentUrl":"https:\/\/radioinfinitagoya.com.ar\/v1\/wp-content\/uploads\/2019\/11\/logo-pie-web.png","width":635,"height":326,"caption":"Radio Infinita Goya"},"image":{"@id":"https:\/\/radioinfinitagoya.com.ar\/v1\/#\/schema\/logo\/image\/"},"sameAs":["https:\/\/www.facebook.com\/p\/Infinita-Goya-100063870918311\/"]},{"@type":"Person","@id":"https:\/\/radioinfinitagoya.com.ar\/v1\/#\/schema\/person\/d4cf9c413d4f6edb24aabdccab49ca4a","name":"Jorge Mi\u00f1o","image":{"@type":"ImageObject","inLanguage":"es-AR","@id":"https:\/\/secure.gravatar.com\/avatar\/910fcf6728fe95320e07a6643c1581fec1c7fc4bf8ae12e3d8f0d0373dc844be?s=96&d=mm&r=g","url":"https:\/\/secure.gravatar.com\/avatar\/910fcf6728fe95320e07a6643c1581fec1c7fc4bf8ae12e3d8f0d0373dc844be?s=96&d=mm&r=g","contentUrl":"https:\/\/secure.gravatar.com\/avatar\/910fcf6728fe95320e07a6643c1581fec1c7fc4bf8ae12e3d8f0d0373dc844be?s=96&d=mm&r=g","caption":"Jorge Mi\u00f1o"},"sameAs":["http:\/\/radioinfinitagoya.com.ar"]}]}},"_links":{"self":[{"href":"https:\/\/radioinfinitagoya.com.ar\/v1\/wp-json\/wp\/v2\/posts\/226697","targetHints":{"allow":["GET"]}}],"collection":[{"href":"https:\/\/radioinfinitagoya.com.ar\/v1\/wp-json\/wp\/v2\/posts"}],"about":[{"href":"https:\/\/radioinfinitagoya.com.ar\/v1\/wp-json\/wp\/v2\/types\/post"}],"author":[{"embeddable":true,"href":"https:\/\/radioinfinitagoya.com.ar\/v1\/wp-json\/wp\/v2\/users\/4"}],"replies":[{"embeddable":true,"href":"https:\/\/radioinfinitagoya.com.ar\/v1\/wp-json\/wp\/v2\/comments?post=226697"}],"version-history":[{"count":1,"href":"https:\/\/radioinfinitagoya.com.ar\/v1\/wp-json\/wp\/v2\/posts\/226697\/revisions"}],"predecessor-version":[{"id":226701,"href":"https:\/\/radioinfinitagoya.com.ar\/v1\/wp-json\/wp\/v2\/posts\/226697\/revisions\/226701"}],"wp:featuredmedia":[{"embeddable":true,"href":"https:\/\/radioinfinitagoya.com.ar\/v1\/wp-json\/wp\/v2\/media\/226698"}],"wp:attachment":[{"href":"https:\/\/radioinfinitagoya.com.ar\/v1\/wp-json\/wp\/v2\/media?parent=226697"}],"wp:term":[{"taxonomy":"category","embeddable":true,"href":"https:\/\/radioinfinitagoya.com.ar\/v1\/wp-json\/wp\/v2\/categories?post=226697"},{"taxonomy":"post_tag","embeddable":true,"href":"https:\/\/radioinfinitagoya.com.ar\/v1\/wp-json\/wp\/v2\/tags?post=226697"}],"curies":[{"name":"wp","href":"https:\/\/api.w.org\/{rel}","templated":true}]}}