{"id":226705,"date":"2026-09-04T16:13:35","date_gmt":"2026-09-04T19:13:35","guid":{"rendered":"https:\/\/radioinfinitagoya.com.ar\/v1\/?p=226705"},"modified":"2026-09-04T16:13:35","modified_gmt":"2026-09-04T19:13:35","slug":"la-justicia-decreto-la-quiebra-de-la-empresa-duena-de-musimundo","status":"publish","type":"post","link":"https:\/\/radioinfinitagoya.com.ar\/v1\/2026\/09\/04\/la-justicia-decreto-la-quiebra-de-la-empresa-duena-de-musimundo\/","title":{"rendered":"La Justicia decret\u00f3 la quiebra de la empresa due\u00f1a de Musimundo"},"content":{"rendered":"<p>El proceso estuvo atravesado por el cierres de sucursales en varias provincias, incluida Corrientes.<\/p>\n<p>La Justicia chaque\u00f1a decret\u00f3 la quiebra de Carsa S.A., empresa que opera la cadena Musimundo. La resoluci\u00f3n se tom\u00f3 tras considerar que la situaci\u00f3n financiera de la firma no permit\u00eda continuar con el concurso preventivo. El proceso estuvo atravesado por el cierre de sucursales en varias provincias, incluida Corrientes.<\/p>\n<p>Deterioro financiero<\/p>\n<p>La decisi\u00f3n fue tomada este mi\u00e9rcoles 2 de septiembre por el Juzgado Civil y Comercial N\u00b0 23 de Resistencia. El tribunal dej\u00f3 sin efecto la apertura del concurso preventivo que hab\u00eda sido dispuesta el 17 de julio.<\/p>\n<p>La resoluci\u00f3n se conoci\u00f3 despu\u00e9s de los recientes cierre de locales, pero el contexto de la firma abarca una etapa marcada por constantes dificultades econ\u00f3micas y un deterioro financiero que ya deriv\u00f3 en una reestructuraci\u00f3n en 2018 por una deuda de 900 millones de pesos.<\/p>\n<p>En julio, Carsa recurri\u00f3 al concurso preventivo como mecanismo para ordenar sus deudas y afrontar las dificultades financieras. Sin embargo, con la \u00faltima resoluci\u00f3n, la Justicia entendi\u00f3 que la situaci\u00f3n patrimonial de la empresa alcanz\u00f3 un punto que imped\u00eda sostener el proceso.<\/p>\n<p>Adem\u00e1s de este cambio en la situaci\u00f3n procesal, el tribunal mantuvo el cronograma previsto para la verificaci\u00f3n de cr\u00e9ditos. Los acreedores podr\u00e1n presentar sus solicitudes hasta el 6 de noviembre de este a\u00f1o. Por su lado, el informe individual de la sindicatura deber\u00e1 entregarse el 30 de marzo del 2027, mientras que el general el 25 de junio.<\/p>\n<p>Cierres que afectan a Corrientes y la regi\u00f3n<br \/>\nAntes de esta decisi\u00f3n, Musimundo ya hab\u00eda cerrado 20 sucursales en distintas provincias del nordeste, entre ellas Corrientes. La crisis por la ca\u00edda del consumo y el crecimiento del comercio por internet tambi\u00e9n alcanz\u00f3 locales de Chaco, Formosa y Misiones.<\/p>\n<p>Desde el entorno de la empresa se\u00f1alaron que varios de los locales correspond\u00edan a plazas donde Musimundo contaba con m\u00e1s de un punto de venta. La empresa quer\u00eda reducir costos y reorganizar sus operaciones dentro del concurso preventivo. Seg\u00fan estimaciones, m\u00e1s de 100 puestos de trabajo quedaron afectados.<\/p>\n<p>La decisi\u00f3n judicial modifica ahora el escenario y llev\u00f3 el proceso de Carsa hacia la quiebra. La compa\u00f1\u00eda inform\u00f3 la resoluci\u00f3n mediante una comunicaci\u00f3n enviada a la Comisi\u00f3n Nacional de Valores (CNV).<\/p>\n","protected":false},"excerpt":{"rendered":"<p>El proceso estuvo atravesado por el cierres de sucursales en varias provincias, incluida Corrientes. La Justicia chaque\u00f1a decret\u00f3 la quiebra de Carsa S.A., empresa que opera la cadena Musimundo. La resoluci\u00f3n se tom\u00f3 tras considerar que la situaci\u00f3n financiera de la firma no permit\u00eda continuar con el concurso preventivo. El proceso estuvo atravesado por el [&hellip;]<\/p>\n","protected":false},"author":4,"featured_media":226706,"comment_status":"open","ping_status":"open","sticky":false,"template":"","format":"standard","meta":{"_joinchat":[],"footnotes":""},"categories":[29],"tags":[],"class_list":["post-226705","post","type-post","status-publish","format-standard","has-post-thumbnail","category-nacionales"],"yoast_head":"<!-- This site is optimized with the Yoast SEO plugin v27.7 - https:\/\/yoast.com\/product\/yoast-seo-wordpress\/ -->\n<title>La Justicia decret\u00f3 la quiebra de la empresa due\u00f1a de Musimundo - Radio Infinita Goya<\/title>\n<meta name=\"description\" content=\"El proceso estuvo atravesado por el cierres de sucursales en varias provincias, incluida Corrientes. La Justicia chaque\u00f1a decret\u00f3 la quiebra de Carsa\" \/>\n<meta name=\"robots\" content=\"index, follow, max-snippet:-1, max-image-preview:large, max-video-preview:-1\" \/>\n<link rel=\"canonical\" href=\"https:\/\/radioinfinitagoya.com.ar\/v1\/2026\/09\/04\/la-justicia-decreto-la-quiebra-de-la-empresa-duena-de-musimundo\/\" \/>\n<meta property=\"og:locale\" content=\"es_ES\" \/>\n<meta property=\"og:type\" content=\"article\" \/>\n<meta property=\"og:title\" content=\"La Justicia decret\u00f3 la quiebra de la empresa due\u00f1a de Musimundo - Radio Infinita Goya\" \/>\n<meta property=\"og:description\" content=\"El proceso estuvo atravesado por el cierres de sucursales en varias provincias, incluida Corrientes. La Justicia chaque\u00f1a decret\u00f3 la quiebra de Carsa\" \/>\n<meta property=\"og:url\" content=\"https:\/\/radioinfinitagoya.com.ar\/v1\/2026\/09\/04\/la-justicia-decreto-la-quiebra-de-la-empresa-duena-de-musimundo\/\" \/>\n<meta property=\"og:site_name\" content=\"Radio Infinita Goya\" \/>\n<meta property=\"article:publisher\" content=\"https:\/\/www.facebook.com\/p\/Infinita-Goya-100063870918311\/\" \/>\n<meta property=\"article:published_time\" content=\"2026-09-04T19:13:35+00:00\" \/>\n<meta property=\"og:image\" content=\"https:\/\/radioinfinitagoya.com.ar\/v1\/wp-content\/uploads\/2026\/09\/6wXWhN3g.jpg\" \/>\n\t<meta property=\"og:image:width\" content=\"600\" \/>\n\t<meta property=\"og:image:height\" content=\"400\" \/>\n\t<meta property=\"og:image:type\" content=\"image\/jpeg\" \/>\n<meta name=\"author\" content=\"Jorge Mi\u00f1o\" \/>\n<meta name=\"twitter:card\" content=\"summary_large_image\" \/>\n<meta name=\"twitter:label1\" content=\"Escrito por\" \/>\n\t<meta name=\"twitter:data1\" content=\"Jorge Mi\u00f1o\" \/>\n\t<meta name=\"twitter:label2\" content=\"Tiempo de lectura\" \/>\n\t<meta name=\"twitter:data2\" content=\"2 minutos\" \/>\n<script type=\"application\/ld+json\" class=\"yoast-schema-graph\">{\"@context\":\"https:\\\/\\\/schema.org\",\"@graph\":[{\"@type\":\"Article\",\"@id\":\"https:\\\/\\\/radioinfinitagoya.com.ar\\\/v1\\\/2026\\\/09\\\/04\\\/la-justicia-decreto-la-quiebra-de-la-empresa-duena-de-musimundo\\\/#article\",\"isPartOf\":{\"@id\":\"https:\\\/\\\/radioinfinitagoya.com.ar\\\/v1\\\/2026\\\/09\\\/04\\\/la-justicia-decreto-la-quiebra-de-la-empresa-duena-de-musimundo\\\/\"},\"author\":{\"name\":\"Jorge Mi\u00f1o\",\"@id\":\"https:\\\/\\\/radioinfinitagoya.com.ar\\\/v1\\\/#\\\/schema\\\/person\\\/d4cf9c413d4f6edb24aabdccab49ca4a\"},\"headline\":\"La Justicia decret\u00f3 la quiebra de la empresa due\u00f1a de Musimundo\",\"datePublished\":\"2026-09-04T19:13:35+00:00\",\"mainEntityOfPage\":{\"@id\":\"https:\\\/\\\/radioinfinitagoya.com.ar\\\/v1\\\/2026\\\/09\\\/04\\\/la-justicia-decreto-la-quiebra-de-la-empresa-duena-de-musimundo\\\/\"},\"wordCount\":413,\"commentCount\":0,\"publisher\":{\"@id\":\"https:\\\/\\\/radioinfinitagoya.com.ar\\\/v1\\\/#organization\"},\"image\":{\"@id\":\"https:\\\/\\\/radioinfinitagoya.com.ar\\\/v1\\\/2026\\\/09\\\/04\\\/la-justicia-decreto-la-quiebra-de-la-empresa-duena-de-musimundo\\\/#primaryimage\"},\"thumbnailUrl\":\"https:\\\/\\\/radioinfinitagoya.com.ar\\\/v1\\\/wp-content\\\/uploads\\\/2026\\\/09\\\/6wXWhN3g.jpg\",\"articleSection\":[\"NACIONALES\"],\"inLanguage\":\"es-AR\",\"potentialAction\":[{\"@type\":\"CommentAction\",\"name\":\"Comment\",\"target\":[\"https:\\\/\\\/radioinfinitagoya.com.ar\\\/v1\\\/2026\\\/09\\\/04\\\/la-justicia-decreto-la-quiebra-de-la-empresa-duena-de-musimundo\\\/#respond\"]}]},{\"@type\":\"WebPage\",\"@id\":\"https:\\\/\\\/radioinfinitagoya.com.ar\\\/v1\\\/2026\\\/09\\\/04\\\/la-justicia-decreto-la-quiebra-de-la-empresa-duena-de-musimundo\\\/\",\"url\":\"https:\\\/\\\/radioinfinitagoya.com.ar\\\/v1\\\/2026\\\/09\\\/04\\\/la-justicia-decreto-la-quiebra-de-la-empresa-duena-de-musimundo\\\/\",\"name\":\"La Justicia decret\u00f3 la quiebra de la empresa due\u00f1a de Musimundo - Radio Infinita Goya\",\"isPartOf\":{\"@id\":\"https:\\\/\\\/radioinfinitagoya.com.ar\\\/v1\\\/#website\"},\"primaryImageOfPage\":{\"@id\":\"https:\\\/\\\/radioinfinitagoya.com.ar\\\/v1\\\/2026\\\/09\\\/04\\\/la-justicia-decreto-la-quiebra-de-la-empresa-duena-de-musimundo\\\/#primaryimage\"},\"image\":{\"@id\":\"https:\\\/\\\/radioinfinitagoya.com.ar\\\/v1\\\/2026\\\/09\\\/04\\\/la-justicia-decreto-la-quiebra-de-la-empresa-duena-de-musimundo\\\/#primaryimage\"},\"thumbnailUrl\":\"https:\\\/\\\/radioinfinitagoya.com.ar\\\/v1\\\/wp-content\\\/uploads\\\/2026\\\/09\\\/6wXWhN3g.jpg\",\"datePublished\":\"2026-09-04T19:13:35+00:00\",\"description\":\"El proceso estuvo atravesado por el cierres de sucursales en varias provincias, incluida Corrientes. La Justicia chaque\u00f1a decret\u00f3 la quiebra de Carsa\",\"breadcrumb\":{\"@id\":\"https:\\\/\\\/radioinfinitagoya.com.ar\\\/v1\\\/2026\\\/09\\\/04\\\/la-justicia-decreto-la-quiebra-de-la-empresa-duena-de-musimundo\\\/#breadcrumb\"},\"inLanguage\":\"es-AR\",\"potentialAction\":[{\"@type\":\"ReadAction\",\"target\":[\"https:\\\/\\\/radioinfinitagoya.com.ar\\\/v1\\\/2026\\\/09\\\/04\\\/la-justicia-decreto-la-quiebra-de-la-empresa-duena-de-musimundo\\\/\"]}]},{\"@type\":\"ImageObject\",\"inLanguage\":\"es-AR\",\"@id\":\"https:\\\/\\\/radioinfinitagoya.com.ar\\\/v1\\\/2026\\\/09\\\/04\\\/la-justicia-decreto-la-quiebra-de-la-empresa-duena-de-musimundo\\\/#primaryimage\",\"url\":\"https:\\\/\\\/radioinfinitagoya.com.ar\\\/v1\\\/wp-content\\\/uploads\\\/2026\\\/09\\\/6wXWhN3g.jpg\",\"contentUrl\":\"https:\\\/\\\/radioinfinitagoya.com.ar\\\/v1\\\/wp-content\\\/uploads\\\/2026\\\/09\\\/6wXWhN3g.jpg\",\"width\":600,\"height\":400},{\"@type\":\"BreadcrumbList\",\"@id\":\"https:\\\/\\\/radioinfinitagoya.com.ar\\\/v1\\\/2026\\\/09\\\/04\\\/la-justicia-decreto-la-quiebra-de-la-empresa-duena-de-musimundo\\\/#breadcrumb\",\"itemListElement\":[{\"@type\":\"ListItem\",\"position\":1,\"name\":\"Inicio\",\"item\":\"https:\\\/\\\/radioinfinitagoya.com.ar\\\/v1\\\/\"},{\"@type\":\"ListItem\",\"position\":2,\"name\":\"La Justicia decret\u00f3 la quiebra de la empresa due\u00f1a de Musimundo\"}]},{\"@type\":\"WebSite\",\"@id\":\"https:\\\/\\\/radioinfinitagoya.com.ar\\\/v1\\\/#website\",\"url\":\"https:\\\/\\\/radioinfinitagoya.com.ar\\\/v1\\\/\",\"name\":\"radioinfinitagoya.com.ar\",\"description\":\"Radio de noticias\",\"publisher\":{\"@id\":\"https:\\\/\\\/radioinfinitagoya.com.ar\\\/v1\\\/#organization\"},\"potentialAction\":[{\"@type\":\"SearchAction\",\"target\":{\"@type\":\"EntryPoint\",\"urlTemplate\":\"https:\\\/\\\/radioinfinitagoya.com.ar\\\/v1\\\/?s={search_term_string}\"},\"query-input\":{\"@type\":\"PropertyValueSpecification\",\"valueRequired\":true,\"valueName\":\"search_term_string\"}}],\"inLanguage\":\"es-AR\"},{\"@type\":\"Organization\",\"@id\":\"https:\\\/\\\/radioinfinitagoya.com.ar\\\/v1\\\/#organization\",\"name\":\"Radio Infinita Goya\",\"url\":\"https:\\\/\\\/radioinfinitagoya.com.ar\\\/v1\\\/\",\"logo\":{\"@type\":\"ImageObject\",\"inLanguage\":\"es-AR\",\"@id\":\"https:\\\/\\\/radioinfinitagoya.com.ar\\\/v1\\\/#\\\/schema\\\/logo\\\/image\\\/\",\"url\":\"https:\\\/\\\/radioinfinitagoya.com.ar\\\/v1\\\/wp-content\\\/uploads\\\/2019\\\/11\\\/logo-pie-web.png\",\"contentUrl\":\"https:\\\/\\\/radioinfinitagoya.com.ar\\\/v1\\\/wp-content\\\/uploads\\\/2019\\\/11\\\/logo-pie-web.png\",\"width\":635,\"height\":326,\"caption\":\"Radio Infinita Goya\"},\"image\":{\"@id\":\"https:\\\/\\\/radioinfinitagoya.com.ar\\\/v1\\\/#\\\/schema\\\/logo\\\/image\\\/\"},\"sameAs\":[\"https:\\\/\\\/www.facebook.com\\\/p\\\/Infinita-Goya-100063870918311\\\/\"]},{\"@type\":\"Person\",\"@id\":\"https:\\\/\\\/radioinfinitagoya.com.ar\\\/v1\\\/#\\\/schema\\\/person\\\/d4cf9c413d4f6edb24aabdccab49ca4a\",\"name\":\"Jorge Mi\u00f1o\",\"image\":{\"@type\":\"ImageObject\",\"inLanguage\":\"es-AR\",\"@id\":\"https:\\\/\\\/secure.gravatar.com\\\/avatar\\\/910fcf6728fe95320e07a6643c1581fec1c7fc4bf8ae12e3d8f0d0373dc844be?s=96&d=mm&r=g\",\"url\":\"https:\\\/\\\/secure.gravatar.com\\\/avatar\\\/910fcf6728fe95320e07a6643c1581fec1c7fc4bf8ae12e3d8f0d0373dc844be?s=96&d=mm&r=g\",\"contentUrl\":\"https:\\\/\\\/secure.gravatar.com\\\/avatar\\\/910fcf6728fe95320e07a6643c1581fec1c7fc4bf8ae12e3d8f0d0373dc844be?s=96&d=mm&r=g\",\"caption\":\"Jorge Mi\u00f1o\"},\"sameAs\":[\"http:\\\/\\\/radioinfinitagoya.com.ar\"]}]}<\/script>\n<!-- \/ Yoast SEO plugin. -->","yoast_head_json":{"title":"La Justicia decret\u00f3 la quiebra de la empresa due\u00f1a de Musimundo - Radio Infinita Goya","description":"El proceso estuvo atravesado por el cierres de sucursales en varias provincias, incluida Corrientes. La Justicia chaque\u00f1a decret\u00f3 la quiebra de Carsa","robots":{"index":"index","follow":"follow","max-snippet":"max-snippet:-1","max-image-preview":"max-image-preview:large","max-video-preview":"max-video-preview:-1"},"canonical":"https:\/\/radioinfinitagoya.com.ar\/v1\/2026\/09\/04\/la-justicia-decreto-la-quiebra-de-la-empresa-duena-de-musimundo\/","og_locale":"es_ES","og_type":"article","og_title":"La Justicia decret\u00f3 la quiebra de la empresa due\u00f1a de Musimundo - Radio Infinita Goya","og_description":"El proceso estuvo atravesado por el cierres de sucursales en varias provincias, incluida Corrientes. La Justicia chaque\u00f1a decret\u00f3 la quiebra de Carsa","og_url":"https:\/\/radioinfinitagoya.com.ar\/v1\/2026\/09\/04\/la-justicia-decreto-la-quiebra-de-la-empresa-duena-de-musimundo\/","og_site_name":"Radio Infinita Goya","article_publisher":"https:\/\/www.facebook.com\/p\/Infinita-Goya-100063870918311\/","article_published_time":"2026-09-04T19:13:35+00:00","og_image":[{"width":600,"height":400,"url":"https:\/\/radioinfinitagoya.com.ar\/v1\/wp-content\/uploads\/2026\/09\/6wXWhN3g.jpg","type":"image\/jpeg"}],"author":"Jorge Mi\u00f1o","twitter_card":"summary_large_image","twitter_misc":{"Escrito por":"Jorge Mi\u00f1o","Tiempo de lectura":"2 minutos"},"schema":{"@context":"https:\/\/schema.org","@graph":[{"@type":"Article","@id":"https:\/\/radioinfinitagoya.com.ar\/v1\/2026\/09\/04\/la-justicia-decreto-la-quiebra-de-la-empresa-duena-de-musimundo\/#article","isPartOf":{"@id":"https:\/\/radioinfinitagoya.com.ar\/v1\/2026\/09\/04\/la-justicia-decreto-la-quiebra-de-la-empresa-duena-de-musimundo\/"},"author":{"name":"Jorge Mi\u00f1o","@id":"https:\/\/radioinfinitagoya.com.ar\/v1\/#\/schema\/person\/d4cf9c413d4f6edb24aabdccab49ca4a"},"headline":"La Justicia decret\u00f3 la quiebra de la empresa due\u00f1a de Musimundo","datePublished":"2026-09-04T19:13:35+00:00","mainEntityOfPage":{"@id":"https:\/\/radioinfinitagoya.com.ar\/v1\/2026\/09\/04\/la-justicia-decreto-la-quiebra-de-la-empresa-duena-de-musimundo\/"},"wordCount":413,"commentCount":0,"publisher":{"@id":"https:\/\/radioinfinitagoya.com.ar\/v1\/#organization"},"image":{"@id":"https:\/\/radioinfinitagoya.com.ar\/v1\/2026\/09\/04\/la-justicia-decreto-la-quiebra-de-la-empresa-duena-de-musimundo\/#primaryimage"},"thumbnailUrl":"https:\/\/radioinfinitagoya.com.ar\/v1\/wp-content\/uploads\/2026\/09\/6wXWhN3g.jpg","articleSection":["NACIONALES"],"inLanguage":"es-AR","potentialAction":[{"@type":"CommentAction","name":"Comment","target":["https:\/\/radioinfinitagoya.com.ar\/v1\/2026\/09\/04\/la-justicia-decreto-la-quiebra-de-la-empresa-duena-de-musimundo\/#respond"]}]},{"@type":"WebPage","@id":"https:\/\/radioinfinitagoya.com.ar\/v1\/2026\/09\/04\/la-justicia-decreto-la-quiebra-de-la-empresa-duena-de-musimundo\/","url":"https:\/\/radioinfinitagoya.com.ar\/v1\/2026\/09\/04\/la-justicia-decreto-la-quiebra-de-la-empresa-duena-de-musimundo\/","name":"La Justicia decret\u00f3 la quiebra de la empresa due\u00f1a de Musimundo - Radio Infinita Goya","isPartOf":{"@id":"https:\/\/radioinfinitagoya.com.ar\/v1\/#website"},"primaryImageOfPage":{"@id":"https:\/\/radioinfinitagoya.com.ar\/v1\/2026\/09\/04\/la-justicia-decreto-la-quiebra-de-la-empresa-duena-de-musimundo\/#primaryimage"},"image":{"@id":"https:\/\/radioinfinitagoya.com.ar\/v1\/2026\/09\/04\/la-justicia-decreto-la-quiebra-de-la-empresa-duena-de-musimundo\/#primaryimage"},"thumbnailUrl":"https:\/\/radioinfinitagoya.com.ar\/v1\/wp-content\/uploads\/2026\/09\/6wXWhN3g.jpg","datePublished":"2026-09-04T19:13:35+00:00","description":"El proceso estuvo atravesado por el cierres de sucursales en varias provincias, incluida Corrientes. La Justicia chaque\u00f1a decret\u00f3 la quiebra de Carsa","breadcrumb":{"@id":"https:\/\/radioinfinitagoya.com.ar\/v1\/2026\/09\/04\/la-justicia-decreto-la-quiebra-de-la-empresa-duena-de-musimundo\/#breadcrumb"},"inLanguage":"es-AR","potentialAction":[{"@type":"ReadAction","target":["https:\/\/radioinfinitagoya.com.ar\/v1\/2026\/09\/04\/la-justicia-decreto-la-quiebra-de-la-empresa-duena-de-musimundo\/"]}]},{"@type":"ImageObject","inLanguage":"es-AR","@id":"https:\/\/radioinfinitagoya.com.ar\/v1\/2026\/09\/04\/la-justicia-decreto-la-quiebra-de-la-empresa-duena-de-musimundo\/#primaryimage","url":"https:\/\/radioinfinitagoya.com.ar\/v1\/wp-content\/uploads\/2026\/09\/6wXWhN3g.jpg","contentUrl":"https:\/\/radioinfinitagoya.com.ar\/v1\/wp-content\/uploads\/2026\/09\/6wXWhN3g.jpg","width":600,"height":400},{"@type":"BreadcrumbList","@id":"https:\/\/radioinfinitagoya.com.ar\/v1\/2026\/09\/04\/la-justicia-decreto-la-quiebra-de-la-empresa-duena-de-musimundo\/#breadcrumb","itemListElement":[{"@type":"ListItem","position":1,"name":"Inicio","item":"https:\/\/radioinfinitagoya.com.ar\/v1\/"},{"@type":"ListItem","position":2,"name":"La Justicia decret\u00f3 la quiebra de la empresa due\u00f1a de Musimundo"}]},{"@type":"WebSite","@id":"https:\/\/radioinfinitagoya.com.ar\/v1\/#website","url":"https:\/\/radioinfinitagoya.com.ar\/v1\/","name":"radioinfinitagoya.com.ar","description":"Radio de noticias","publisher":{"@id":"https:\/\/radioinfinitagoya.com.ar\/v1\/#organization"},"potentialAction":[{"@type":"SearchAction","target":{"@type":"EntryPoint","urlTemplate":"https:\/\/radioinfinitagoya.com.ar\/v1\/?s={search_term_string}"},"query-input":{"@type":"PropertyValueSpecification","valueRequired":true,"valueName":"search_term_string"}}],"inLanguage":"es-AR"},{"@type":"Organization","@id":"https:\/\/radioinfinitagoya.com.ar\/v1\/#organization","name":"Radio Infinita Goya","url":"https:\/\/radioinfinitagoya.com.ar\/v1\/","logo":{"@type":"ImageObject","inLanguage":"es-AR","@id":"https:\/\/radioinfinitagoya.com.ar\/v1\/#\/schema\/logo\/image\/","url":"https:\/\/radioinfinitagoya.com.ar\/v1\/wp-content\/uploads\/2019\/11\/logo-pie-web.png","contentUrl":"https:\/\/radioinfinitagoya.com.ar\/v1\/wp-content\/uploads\/2019\/11\/logo-pie-web.png","width":635,"height":326,"caption":"Radio Infinita Goya"},"image":{"@id":"https:\/\/radioinfinitagoya.com.ar\/v1\/#\/schema\/logo\/image\/"},"sameAs":["https:\/\/www.facebook.com\/p\/Infinita-Goya-100063870918311\/"]},{"@type":"Person","@id":"https:\/\/radioinfinitagoya.com.ar\/v1\/#\/schema\/person\/d4cf9c413d4f6edb24aabdccab49ca4a","name":"Jorge Mi\u00f1o","image":{"@type":"ImageObject","inLanguage":"es-AR","@id":"https:\/\/secure.gravatar.com\/avatar\/910fcf6728fe95320e07a6643c1581fec1c7fc4bf8ae12e3d8f0d0373dc844be?s=96&d=mm&r=g","url":"https:\/\/secure.gravatar.com\/avatar\/910fcf6728fe95320e07a6643c1581fec1c7fc4bf8ae12e3d8f0d0373dc844be?s=96&d=mm&r=g","contentUrl":"https:\/\/secure.gravatar.com\/avatar\/910fcf6728fe95320e07a6643c1581fec1c7fc4bf8ae12e3d8f0d0373dc844be?s=96&d=mm&r=g","caption":"Jorge Mi\u00f1o"},"sameAs":["http:\/\/radioinfinitagoya.com.ar"]}]}},"_links":{"self":[{"href":"https:\/\/radioinfinitagoya.com.ar\/v1\/wp-json\/wp\/v2\/posts\/226705","targetHints":{"allow":["GET"]}}],"collection":[{"href":"https:\/\/radioinfinitagoya.com.ar\/v1\/wp-json\/wp\/v2\/posts"}],"about":[{"href":"https:\/\/radioinfinitagoya.com.ar\/v1\/wp-json\/wp\/v2\/types\/post"}],"author":[{"embeddable":true,"href":"https:\/\/radioinfinitagoya.com.ar\/v1\/wp-json\/wp\/v2\/users\/4"}],"replies":[{"embeddable":true,"href":"https:\/\/radioinfinitagoya.com.ar\/v1\/wp-json\/wp\/v2\/comments?post=226705"}],"version-history":[{"count":1,"href":"https:\/\/radioinfinitagoya.com.ar\/v1\/wp-json\/wp\/v2\/posts\/226705\/revisions"}],"predecessor-version":[{"id":226707,"href":"https:\/\/radioinfinitagoya.com.ar\/v1\/wp-json\/wp\/v2\/posts\/226705\/revisions\/226707"}],"wp:featuredmedia":[{"embeddable":true,"href":"https:\/\/radioinfinitagoya.com.ar\/v1\/wp-json\/wp\/v2\/media\/226706"}],"wp:attachment":[{"href":"https:\/\/radioinfinitagoya.com.ar\/v1\/wp-json\/wp\/v2\/media?parent=226705"}],"wp:term":[{"taxonomy":"category","embeddable":true,"href":"https:\/\/radioinfinitagoya.com.ar\/v1\/wp-json\/wp\/v2\/categories?post=226705"},{"taxonomy":"post_tag","embeddable":true,"href":"https:\/\/radioinfinitagoya.com.ar\/v1\/wp-json\/wp\/v2\/tags?post=226705"}],"curies":[{"name":"wp","href":"https:\/\/api.w.org\/{rel}","templated":true}]}}