{"id":226708,"date":"2026-09-04T16:24:38","date_gmt":"2026-09-04T19:24:38","guid":{"rendered":"https:\/\/radioinfinitagoya.com.ar\/v1\/?p=226708"},"modified":"2026-09-04T16:24:38","modified_gmt":"2026-09-04T19:24:38","slug":"patricia-bullrich-destaco-el-interes-de-trump-por-malvinas","status":"publish","type":"post","link":"https:\/\/radioinfinitagoya.com.ar\/v1\/2026\/09\/04\/patricia-bullrich-destaco-el-interes-de-trump-por-malvinas\/","title":{"rendered":"Patricia Bullrich destac\u00f3 el inter\u00e9s de Trump por Malvinas"},"content":{"rendered":"<p>Y dio detalles sobre la nueva base naval<\/p>\n<p>La senadora de La Libertad Avanza analiz\u00f3 la situaci\u00f3n tras el mensaje del presidente argentino. Se refiri\u00f3 a los dichos de Trump sobre Malvinas y el Reino Unido. Tambi\u00e9n dio detalles sobre la base integrada anunciada para Tierra del Fuego.<\/p>\n<p>\u201cLa base permitir\u00e1 convertir a la Argentina en un polo log\u00edstico central del Atl\u00e1ntico Sur y fortalecer nuestra proyecci\u00f3n geopol\u00edtica en una regi\u00f3n estrat\u00e9gica para el futuro del pa\u00eds\u201d, anunci\u00f3 el presidente Javier Milei en un tramo central de la cadena nacional. Lo hizo en el contexto del anuncio de varias medidas -que incluyen decretos y proyectos de ley- para potenciar sanciones punitivas del pa\u00eds para las empresas que hagan acuerdos con el Reino Unido sobre bienes y riquezas en Malvinas o el Mar Argentino.<\/p>\n<p>En ese sentido, la senadora Patricia Bullrich, la voz de La Libertad Avanza en el Senado, respald\u00f3 el anuncio de Milei sobre la construcci\u00f3n de esta nueva base naval en la provincia m\u00e1s austral y dio detalles sobre el objetivo que tendr\u00e1 la instalaci\u00f3n, presentada por el Gobierno como una pieza clave para reforzar la presencia argentina en el Atl\u00e1ntico Sur y la Ant\u00e1rtida.<\/p>\n<p><img loading=\"lazy\" decoding=\"async\" class=\"alignnone size-medium wp-image-226710\" src=\"https:\/\/radioinfinitagoya.com.ar\/v1\/wp-content\/uploads\/2026\/09\/patricia-bullrich3-600x338.webp\" alt=\"\" width=\"600\" height=\"338\" srcset=\"https:\/\/radioinfinitagoya.com.ar\/v1\/wp-content\/uploads\/2026\/09\/patricia-bullrich3-600x338.webp 600w, https:\/\/radioinfinitagoya.com.ar\/v1\/wp-content\/uploads\/2026\/09\/patricia-bullrich3-150x84.webp 150w, https:\/\/radioinfinitagoya.com.ar\/v1\/wp-content\/uploads\/2026\/09\/patricia-bullrich3-768x432.webp 768w, https:\/\/radioinfinitagoya.com.ar\/v1\/wp-content\/uploads\/2026\/09\/patricia-bullrich3-747x420.webp 747w, https:\/\/radioinfinitagoya.com.ar\/v1\/wp-content\/uploads\/2026\/09\/patricia-bullrich3-696x392.webp 696w, https:\/\/radioinfinitagoya.com.ar\/v1\/wp-content\/uploads\/2026\/09\/patricia-bullrich3-1068x601.webp 1068w, https:\/\/radioinfinitagoya.com.ar\/v1\/wp-content\/uploads\/2026\/09\/patricia-bullrich3.webp 1200w\" sizes=\"auto, (max-width: 600px) 100vw, 600px\" \/><\/p>\n<p>La jefa del bloque de LLA declar\u00f3 que el proyecto busca pasar de los reclamos diplom\u00e1ticos a una pol\u00edtica de mayor presencia efectiva en el extremo sur del pa\u00eds.<\/p>\n<p>Bullrich explic\u00f3 que la Base Naval Integral de Ushuaia tendr\u00e1 funciones log\u00edsticas y militares, y estar\u00e1 destinada a fortalecer las capacidades argentinas en una zona considerada estrat\u00e9gica por su cercan\u00eda con la Ant\u00e1rtida y el Atl\u00e1ntico Sur. La iniciativa, adem\u00e1s, apunta a mejorar la infraestructura y las capacidades de comunicaci\u00f3n y vigilancia en la regi\u00f3n.<\/p>\n<p><img loading=\"lazy\" decoding=\"async\" class=\"alignnone size-medium wp-image-226711\" src=\"https:\/\/radioinfinitagoya.com.ar\/v1\/wp-content\/uploads\/2026\/09\/proyecto-base-naval-integrada-tierra-del-fuego-600x338.webp\" alt=\"\" width=\"600\" height=\"338\" srcset=\"https:\/\/radioinfinitagoya.com.ar\/v1\/wp-content\/uploads\/2026\/09\/proyecto-base-naval-integrada-tierra-del-fuego-600x338.webp 600w, https:\/\/radioinfinitagoya.com.ar\/v1\/wp-content\/uploads\/2026\/09\/proyecto-base-naval-integrada-tierra-del-fuego-150x84.webp 150w, https:\/\/radioinfinitagoya.com.ar\/v1\/wp-content\/uploads\/2026\/09\/proyecto-base-naval-integrada-tierra-del-fuego-768x432.webp 768w, https:\/\/radioinfinitagoya.com.ar\/v1\/wp-content\/uploads\/2026\/09\/proyecto-base-naval-integrada-tierra-del-fuego-747x420.webp 747w, https:\/\/radioinfinitagoya.com.ar\/v1\/wp-content\/uploads\/2026\/09\/proyecto-base-naval-integrada-tierra-del-fuego-696x392.webp 696w, https:\/\/radioinfinitagoya.com.ar\/v1\/wp-content\/uploads\/2026\/09\/proyecto-base-naval-integrada-tierra-del-fuego-1068x601.webp 1068w, https:\/\/radioinfinitagoya.com.ar\/v1\/wp-content\/uploads\/2026\/09\/proyecto-base-naval-integrada-tierra-del-fuego.webp 1200w\" sizes=\"auto, (max-width: 600px) 100vw, 600px\" \/><\/p>\n<p>Bullrich defendi\u00f3 la decisi\u00f3n del Gobierno y advirti\u00f3 sobre el avance de las actividades petroleras brit\u00e1nicas. Para la ex ministra de Seguridad, el nuevo despliegue en Tierra del Fuego representa un cambio de estrategia: mayor presencia territorial, capacidad log\u00edstica y fortalecimiento militar frente a los intereses que se disputan en el Atl\u00e1ntico Sur.<\/p>\n<p>Tambi\u00e9n, la senadora particip\u00f3 de manera virtual de un evento del Instituto Argentino de Ejecutivos de Finanzas (IAEF) y fue enf\u00e1tica sobre la postura del presidente de Estados Unidos en el caso Malvinas: &#8220;El presidente Donald Trump le pregunta siempre por Malvinas al mandatario argentino&#8221;.<\/p>\n<p>La base integrada en Tierra de Fuego<br \/>\nPatricia Bullrich respald\u00f3 el anuncio realizado por Javier Milei sobre la construcci\u00f3n de una nueva base naval integrada en Tierra del Fuego y destac\u00f3, al mismo tiempo, el inter\u00e9s que Donald Trump manifest\u00f3 recientemente por la disputa entre Argentina y el Reino Unido por las Islas Malvinas.<\/p>\n<p>El presidente Milei firm\u00f3 el decreto 867\/2026 que en sus fundamentos dice: &#8220;Que resulta necesario modificar el presupuesto correspondiente al MINISTERIO DE DEFENSA para fortalecer las capacidades operativas de las Fuerzas Armadas mediante la incorporaci\u00f3n, modernizaci\u00f3n y recuperaci\u00f3n de medios y equipamiento, con el fin de contribuir al adecuado cumplimiento de las funciones inherentes a la Defensa Nacional&#8221;. De all\u00ed saldr\u00e1n los fondos para esta base naval integrada.<\/p>\n<p>Milei record\u00f3 que la Argentina es el pa\u00eds que tiene presencia continua en la Ant\u00e1rtida desde m\u00e1s tiempo que ninguno. En efecto, desde 1904 tiene una participaci\u00f3n constante en el continente ant\u00e1rtico.<\/p>\n<p>Por eso, ahond\u00f3 Bullrich, el objetivo es convertir a la Argentina en un polo log\u00edstico central del Atl\u00e1ntico Sur, adem\u00e1s de mejorar las capacidades de infraestructura, comunicaci\u00f3n y vigilancia en una zona considerada clave para los intereses estrat\u00e9gicos del pa\u00eds.<\/p>\n<p>La decisi\u00f3n tambi\u00e9n adquiere especial relevancia por el avance de los proyectos de explotaci\u00f3n petrolera en las cercan\u00edas de Malvinas. El yacimiento Sea Lion, operado por Navitas Petroleum y Rockhopper Exploration, concentra buena parte de la nueva disputa por los recursos naturales de la regi\u00f3n.<\/p>\n<p>En este contexto, Bullrich present\u00f3 la base como parte de un cambio de estrategia: pasar de una pol\u00edtica centrada exclusivamente en el reclamo diplom\u00e1tico a otra que incorpore mayor presencia territorial, capacidad log\u00edstica y fortalecimiento de la defensa argentina en el extremo sur.<\/p>\n<p>En pocas palabras<\/p>\n<p>Patricia Bullrich: Respald\u00f3 el anuncio de Javier Milei sobre una nueva base naval en Tierra del Fuego.<\/p>\n<p>Objetivo de la base: Servir\u00e1 como polo log\u00edstico y fortalecer\u00e1 la presencia argentina en el Atl\u00e1ntico Sur y la Ant\u00e1rtida.<\/p>\n<p>Postura de Trump: La senadora afirm\u00f3 que Donald Trump pregunta por Malvinas al presidente argentino.<\/p>\n<p>&nbsp;<\/p>\n","protected":false},"excerpt":{"rendered":"<p>Y dio detalles sobre la nueva base naval La senadora de La Libertad Avanza analiz\u00f3 la situaci\u00f3n tras el mensaje del presidente argentino. Se refiri\u00f3 a los dichos de Trump sobre Malvinas y el Reino Unido. Tambi\u00e9n dio detalles sobre la base integrada anunciada para Tierra del Fuego. \u201cLa base permitir\u00e1 convertir a la Argentina [&hellip;]<\/p>\n","protected":false},"author":4,"featured_media":226709,"comment_status":"open","ping_status":"open","sticky":false,"template":"","format":"standard","meta":{"_joinchat":[],"footnotes":""},"categories":[29],"tags":[],"class_list":["post-226708","post","type-post","status-publish","format-standard","has-post-thumbnail","category-nacionales"],"yoast_head":"<!-- This site is optimized with the Yoast SEO plugin v27.7 - https:\/\/yoast.com\/product\/yoast-seo-wordpress\/ -->\n<title>Patricia Bullrich destac\u00f3 el inter\u00e9s de Trump por Malvinas - Radio Infinita Goya<\/title>\n<meta name=\"description\" content=\"Y dio detalles sobre la nueva base naval La senadora de La Libertad Avanza analiz\u00f3 la situaci\u00f3n tras el mensaje del presidente argentino. Se refiri\u00f3 a los\" \/>\n<meta name=\"robots\" content=\"index, follow, max-snippet:-1, max-image-preview:large, max-video-preview:-1\" \/>\n<link rel=\"canonical\" href=\"https:\/\/radioinfinitagoya.com.ar\/v1\/2026\/09\/04\/patricia-bullrich-destaco-el-interes-de-trump-por-malvinas\/\" \/>\n<meta property=\"og:locale\" content=\"es_ES\" \/>\n<meta property=\"og:type\" content=\"article\" \/>\n<meta property=\"og:title\" content=\"Patricia Bullrich destac\u00f3 el inter\u00e9s de Trump por Malvinas - Radio Infinita Goya\" \/>\n<meta property=\"og:description\" content=\"Y dio detalles sobre la nueva base naval La senadora de La Libertad Avanza analiz\u00f3 la situaci\u00f3n tras el mensaje del presidente argentino. Se refiri\u00f3 a los\" \/>\n<meta property=\"og:url\" content=\"https:\/\/radioinfinitagoya.com.ar\/v1\/2026\/09\/04\/patricia-bullrich-destaco-el-interes-de-trump-por-malvinas\/\" \/>\n<meta property=\"og:site_name\" content=\"Radio Infinita Goya\" \/>\n<meta property=\"article:publisher\" content=\"https:\/\/www.facebook.com\/p\/Infinita-Goya-100063870918311\/\" \/>\n<meta property=\"article:published_time\" content=\"2026-09-04T19:24:38+00:00\" \/>\n<meta property=\"og:image\" content=\"https:\/\/radioinfinitagoya.com.ar\/v1\/wp-content\/uploads\/2026\/09\/piedra-fundamental-base-tierra-del-fuego.webp\" \/>\n\t<meta property=\"og:image:width\" content=\"1200\" \/>\n\t<meta property=\"og:image:height\" content=\"675\" \/>\n\t<meta property=\"og:image:type\" content=\"image\/webp\" \/>\n<meta name=\"author\" content=\"Jorge Mi\u00f1o\" \/>\n<meta name=\"twitter:card\" content=\"summary_large_image\" \/>\n<meta name=\"twitter:label1\" content=\"Escrito por\" \/>\n\t<meta name=\"twitter:data1\" content=\"Jorge Mi\u00f1o\" \/>\n\t<meta name=\"twitter:label2\" content=\"Tiempo de lectura\" \/>\n\t<meta name=\"twitter:data2\" content=\"4 minutos\" \/>\n<script type=\"application\/ld+json\" class=\"yoast-schema-graph\">{\"@context\":\"https:\\\/\\\/schema.org\",\"@graph\":[{\"@type\":\"Article\",\"@id\":\"https:\\\/\\\/radioinfinitagoya.com.ar\\\/v1\\\/2026\\\/09\\\/04\\\/patricia-bullrich-destaco-el-interes-de-trump-por-malvinas\\\/#article\",\"isPartOf\":{\"@id\":\"https:\\\/\\\/radioinfinitagoya.com.ar\\\/v1\\\/2026\\\/09\\\/04\\\/patricia-bullrich-destaco-el-interes-de-trump-por-malvinas\\\/\"},\"author\":{\"name\":\"Jorge Mi\u00f1o\",\"@id\":\"https:\\\/\\\/radioinfinitagoya.com.ar\\\/v1\\\/#\\\/schema\\\/person\\\/d4cf9c413d4f6edb24aabdccab49ca4a\"},\"headline\":\"Patricia Bullrich destac\u00f3 el inter\u00e9s de Trump por Malvinas\",\"datePublished\":\"2026-09-04T19:24:38+00:00\",\"mainEntityOfPage\":{\"@id\":\"https:\\\/\\\/radioinfinitagoya.com.ar\\\/v1\\\/2026\\\/09\\\/04\\\/patricia-bullrich-destaco-el-interes-de-trump-por-malvinas\\\/\"},\"wordCount\":785,\"commentCount\":0,\"publisher\":{\"@id\":\"https:\\\/\\\/radioinfinitagoya.com.ar\\\/v1\\\/#organization\"},\"image\":{\"@id\":\"https:\\\/\\\/radioinfinitagoya.com.ar\\\/v1\\\/2026\\\/09\\\/04\\\/patricia-bullrich-destaco-el-interes-de-trump-por-malvinas\\\/#primaryimage\"},\"thumbnailUrl\":\"https:\\\/\\\/radioinfinitagoya.com.ar\\\/v1\\\/wp-content\\\/uploads\\\/2026\\\/09\\\/piedra-fundamental-base-tierra-del-fuego.webp\",\"articleSection\":[\"NACIONALES\"],\"inLanguage\":\"es-AR\",\"potentialAction\":[{\"@type\":\"CommentAction\",\"name\":\"Comment\",\"target\":[\"https:\\\/\\\/radioinfinitagoya.com.ar\\\/v1\\\/2026\\\/09\\\/04\\\/patricia-bullrich-destaco-el-interes-de-trump-por-malvinas\\\/#respond\"]}]},{\"@type\":\"WebPage\",\"@id\":\"https:\\\/\\\/radioinfinitagoya.com.ar\\\/v1\\\/2026\\\/09\\\/04\\\/patricia-bullrich-destaco-el-interes-de-trump-por-malvinas\\\/\",\"url\":\"https:\\\/\\\/radioinfinitagoya.com.ar\\\/v1\\\/2026\\\/09\\\/04\\\/patricia-bullrich-destaco-el-interes-de-trump-por-malvinas\\\/\",\"name\":\"Patricia Bullrich destac\u00f3 el inter\u00e9s de Trump por Malvinas - Radio Infinita Goya\",\"isPartOf\":{\"@id\":\"https:\\\/\\\/radioinfinitagoya.com.ar\\\/v1\\\/#website\"},\"primaryImageOfPage\":{\"@id\":\"https:\\\/\\\/radioinfinitagoya.com.ar\\\/v1\\\/2026\\\/09\\\/04\\\/patricia-bullrich-destaco-el-interes-de-trump-por-malvinas\\\/#primaryimage\"},\"image\":{\"@id\":\"https:\\\/\\\/radioinfinitagoya.com.ar\\\/v1\\\/2026\\\/09\\\/04\\\/patricia-bullrich-destaco-el-interes-de-trump-por-malvinas\\\/#primaryimage\"},\"thumbnailUrl\":\"https:\\\/\\\/radioinfinitagoya.com.ar\\\/v1\\\/wp-content\\\/uploads\\\/2026\\\/09\\\/piedra-fundamental-base-tierra-del-fuego.webp\",\"datePublished\":\"2026-09-04T19:24:38+00:00\",\"description\":\"Y dio detalles sobre la nueva base naval La senadora de La Libertad Avanza analiz\u00f3 la situaci\u00f3n tras el mensaje del presidente argentino. Se refiri\u00f3 a los\",\"breadcrumb\":{\"@id\":\"https:\\\/\\\/radioinfinitagoya.com.ar\\\/v1\\\/2026\\\/09\\\/04\\\/patricia-bullrich-destaco-el-interes-de-trump-por-malvinas\\\/#breadcrumb\"},\"inLanguage\":\"es-AR\",\"potentialAction\":[{\"@type\":\"ReadAction\",\"target\":[\"https:\\\/\\\/radioinfinitagoya.com.ar\\\/v1\\\/2026\\\/09\\\/04\\\/patricia-bullrich-destaco-el-interes-de-trump-por-malvinas\\\/\"]}]},{\"@type\":\"ImageObject\",\"inLanguage\":\"es-AR\",\"@id\":\"https:\\\/\\\/radioinfinitagoya.com.ar\\\/v1\\\/2026\\\/09\\\/04\\\/patricia-bullrich-destaco-el-interes-de-trump-por-malvinas\\\/#primaryimage\",\"url\":\"https:\\\/\\\/radioinfinitagoya.com.ar\\\/v1\\\/wp-content\\\/uploads\\\/2026\\\/09\\\/piedra-fundamental-base-tierra-del-fuego.webp\",\"contentUrl\":\"https:\\\/\\\/radioinfinitagoya.com.ar\\\/v1\\\/wp-content\\\/uploads\\\/2026\\\/09\\\/piedra-fundamental-base-tierra-del-fuego.webp\",\"width\":1200,\"height\":675},{\"@type\":\"BreadcrumbList\",\"@id\":\"https:\\\/\\\/radioinfinitagoya.com.ar\\\/v1\\\/2026\\\/09\\\/04\\\/patricia-bullrich-destaco-el-interes-de-trump-por-malvinas\\\/#breadcrumb\",\"itemListElement\":[{\"@type\":\"ListItem\",\"position\":1,\"name\":\"Inicio\",\"item\":\"https:\\\/\\\/radioinfinitagoya.com.ar\\\/v1\\\/\"},{\"@type\":\"ListItem\",\"position\":2,\"name\":\"Patricia Bullrich destac\u00f3 el inter\u00e9s de Trump por Malvinas\"}]},{\"@type\":\"WebSite\",\"@id\":\"https:\\\/\\\/radioinfinitagoya.com.ar\\\/v1\\\/#website\",\"url\":\"https:\\\/\\\/radioinfinitagoya.com.ar\\\/v1\\\/\",\"name\":\"radioinfinitagoya.com.ar\",\"description\":\"Radio de noticias\",\"publisher\":{\"@id\":\"https:\\\/\\\/radioinfinitagoya.com.ar\\\/v1\\\/#organization\"},\"potentialAction\":[{\"@type\":\"SearchAction\",\"target\":{\"@type\":\"EntryPoint\",\"urlTemplate\":\"https:\\\/\\\/radioinfinitagoya.com.ar\\\/v1\\\/?s={search_term_string}\"},\"query-input\":{\"@type\":\"PropertyValueSpecification\",\"valueRequired\":true,\"valueName\":\"search_term_string\"}}],\"inLanguage\":\"es-AR\"},{\"@type\":\"Organization\",\"@id\":\"https:\\\/\\\/radioinfinitagoya.com.ar\\\/v1\\\/#organization\",\"name\":\"Radio Infinita Goya\",\"url\":\"https:\\\/\\\/radioinfinitagoya.com.ar\\\/v1\\\/\",\"logo\":{\"@type\":\"ImageObject\",\"inLanguage\":\"es-AR\",\"@id\":\"https:\\\/\\\/radioinfinitagoya.com.ar\\\/v1\\\/#\\\/schema\\\/logo\\\/image\\\/\",\"url\":\"https:\\\/\\\/radioinfinitagoya.com.ar\\\/v1\\\/wp-content\\\/uploads\\\/2019\\\/11\\\/logo-pie-web.png\",\"contentUrl\":\"https:\\\/\\\/radioinfinitagoya.com.ar\\\/v1\\\/wp-content\\\/uploads\\\/2019\\\/11\\\/logo-pie-web.png\",\"width\":635,\"height\":326,\"caption\":\"Radio Infinita Goya\"},\"image\":{\"@id\":\"https:\\\/\\\/radioinfinitagoya.com.ar\\\/v1\\\/#\\\/schema\\\/logo\\\/image\\\/\"},\"sameAs\":[\"https:\\\/\\\/www.facebook.com\\\/p\\\/Infinita-Goya-100063870918311\\\/\"]},{\"@type\":\"Person\",\"@id\":\"https:\\\/\\\/radioinfinitagoya.com.ar\\\/v1\\\/#\\\/schema\\\/person\\\/d4cf9c413d4f6edb24aabdccab49ca4a\",\"name\":\"Jorge Mi\u00f1o\",\"image\":{\"@type\":\"ImageObject\",\"inLanguage\":\"es-AR\",\"@id\":\"https:\\\/\\\/secure.gravatar.com\\\/avatar\\\/910fcf6728fe95320e07a6643c1581fec1c7fc4bf8ae12e3d8f0d0373dc844be?s=96&d=mm&r=g\",\"url\":\"https:\\\/\\\/secure.gravatar.com\\\/avatar\\\/910fcf6728fe95320e07a6643c1581fec1c7fc4bf8ae12e3d8f0d0373dc844be?s=96&d=mm&r=g\",\"contentUrl\":\"https:\\\/\\\/secure.gravatar.com\\\/avatar\\\/910fcf6728fe95320e07a6643c1581fec1c7fc4bf8ae12e3d8f0d0373dc844be?s=96&d=mm&r=g\",\"caption\":\"Jorge Mi\u00f1o\"},\"sameAs\":[\"http:\\\/\\\/radioinfinitagoya.com.ar\"]}]}<\/script>\n<!-- \/ Yoast SEO plugin. -->","yoast_head_json":{"title":"Patricia Bullrich destac\u00f3 el inter\u00e9s de Trump por Malvinas - Radio Infinita Goya","description":"Y dio detalles sobre la nueva base naval La senadora de La Libertad Avanza analiz\u00f3 la situaci\u00f3n tras el mensaje del presidente argentino. Se refiri\u00f3 a los","robots":{"index":"index","follow":"follow","max-snippet":"max-snippet:-1","max-image-preview":"max-image-preview:large","max-video-preview":"max-video-preview:-1"},"canonical":"https:\/\/radioinfinitagoya.com.ar\/v1\/2026\/09\/04\/patricia-bullrich-destaco-el-interes-de-trump-por-malvinas\/","og_locale":"es_ES","og_type":"article","og_title":"Patricia Bullrich destac\u00f3 el inter\u00e9s de Trump por Malvinas - Radio Infinita Goya","og_description":"Y dio detalles sobre la nueva base naval La senadora de La Libertad Avanza analiz\u00f3 la situaci\u00f3n tras el mensaje del presidente argentino. Se refiri\u00f3 a los","og_url":"https:\/\/radioinfinitagoya.com.ar\/v1\/2026\/09\/04\/patricia-bullrich-destaco-el-interes-de-trump-por-malvinas\/","og_site_name":"Radio Infinita Goya","article_publisher":"https:\/\/www.facebook.com\/p\/Infinita-Goya-100063870918311\/","article_published_time":"2026-09-04T19:24:38+00:00","og_image":[{"width":1200,"height":675,"url":"https:\/\/radioinfinitagoya.com.ar\/v1\/wp-content\/uploads\/2026\/09\/piedra-fundamental-base-tierra-del-fuego.webp","type":"image\/webp"}],"author":"Jorge Mi\u00f1o","twitter_card":"summary_large_image","twitter_misc":{"Escrito por":"Jorge Mi\u00f1o","Tiempo de lectura":"4 minutos"},"schema":{"@context":"https:\/\/schema.org","@graph":[{"@type":"Article","@id":"https:\/\/radioinfinitagoya.com.ar\/v1\/2026\/09\/04\/patricia-bullrich-destaco-el-interes-de-trump-por-malvinas\/#article","isPartOf":{"@id":"https:\/\/radioinfinitagoya.com.ar\/v1\/2026\/09\/04\/patricia-bullrich-destaco-el-interes-de-trump-por-malvinas\/"},"author":{"name":"Jorge Mi\u00f1o","@id":"https:\/\/radioinfinitagoya.com.ar\/v1\/#\/schema\/person\/d4cf9c413d4f6edb24aabdccab49ca4a"},"headline":"Patricia Bullrich destac\u00f3 el inter\u00e9s de Trump por Malvinas","datePublished":"2026-09-04T19:24:38+00:00","mainEntityOfPage":{"@id":"https:\/\/radioinfinitagoya.com.ar\/v1\/2026\/09\/04\/patricia-bullrich-destaco-el-interes-de-trump-por-malvinas\/"},"wordCount":785,"commentCount":0,"publisher":{"@id":"https:\/\/radioinfinitagoya.com.ar\/v1\/#organization"},"image":{"@id":"https:\/\/radioinfinitagoya.com.ar\/v1\/2026\/09\/04\/patricia-bullrich-destaco-el-interes-de-trump-por-malvinas\/#primaryimage"},"thumbnailUrl":"https:\/\/radioinfinitagoya.com.ar\/v1\/wp-content\/uploads\/2026\/09\/piedra-fundamental-base-tierra-del-fuego.webp","articleSection":["NACIONALES"],"inLanguage":"es-AR","potentialAction":[{"@type":"CommentAction","name":"Comment","target":["https:\/\/radioinfinitagoya.com.ar\/v1\/2026\/09\/04\/patricia-bullrich-destaco-el-interes-de-trump-por-malvinas\/#respond"]}]},{"@type":"WebPage","@id":"https:\/\/radioinfinitagoya.com.ar\/v1\/2026\/09\/04\/patricia-bullrich-destaco-el-interes-de-trump-por-malvinas\/","url":"https:\/\/radioinfinitagoya.com.ar\/v1\/2026\/09\/04\/patricia-bullrich-destaco-el-interes-de-trump-por-malvinas\/","name":"Patricia Bullrich destac\u00f3 el inter\u00e9s de Trump por Malvinas - Radio Infinita Goya","isPartOf":{"@id":"https:\/\/radioinfinitagoya.com.ar\/v1\/#website"},"primaryImageOfPage":{"@id":"https:\/\/radioinfinitagoya.com.ar\/v1\/2026\/09\/04\/patricia-bullrich-destaco-el-interes-de-trump-por-malvinas\/#primaryimage"},"image":{"@id":"https:\/\/radioinfinitagoya.com.ar\/v1\/2026\/09\/04\/patricia-bullrich-destaco-el-interes-de-trump-por-malvinas\/#primaryimage"},"thumbnailUrl":"https:\/\/radioinfinitagoya.com.ar\/v1\/wp-content\/uploads\/2026\/09\/piedra-fundamental-base-tierra-del-fuego.webp","datePublished":"2026-09-04T19:24:38+00:00","description":"Y dio detalles sobre la nueva base naval La senadora de La Libertad Avanza analiz\u00f3 la situaci\u00f3n tras el mensaje del presidente argentino. Se refiri\u00f3 a los","breadcrumb":{"@id":"https:\/\/radioinfinitagoya.com.ar\/v1\/2026\/09\/04\/patricia-bullrich-destaco-el-interes-de-trump-por-malvinas\/#breadcrumb"},"inLanguage":"es-AR","potentialAction":[{"@type":"ReadAction","target":["https:\/\/radioinfinitagoya.com.ar\/v1\/2026\/09\/04\/patricia-bullrich-destaco-el-interes-de-trump-por-malvinas\/"]}]},{"@type":"ImageObject","inLanguage":"es-AR","@id":"https:\/\/radioinfinitagoya.com.ar\/v1\/2026\/09\/04\/patricia-bullrich-destaco-el-interes-de-trump-por-malvinas\/#primaryimage","url":"https:\/\/radioinfinitagoya.com.ar\/v1\/wp-content\/uploads\/2026\/09\/piedra-fundamental-base-tierra-del-fuego.webp","contentUrl":"https:\/\/radioinfinitagoya.com.ar\/v1\/wp-content\/uploads\/2026\/09\/piedra-fundamental-base-tierra-del-fuego.webp","width":1200,"height":675},{"@type":"BreadcrumbList","@id":"https:\/\/radioinfinitagoya.com.ar\/v1\/2026\/09\/04\/patricia-bullrich-destaco-el-interes-de-trump-por-malvinas\/#breadcrumb","itemListElement":[{"@type":"ListItem","position":1,"name":"Inicio","item":"https:\/\/radioinfinitagoya.com.ar\/v1\/"},{"@type":"ListItem","position":2,"name":"Patricia Bullrich destac\u00f3 el inter\u00e9s de Trump por Malvinas"}]},{"@type":"WebSite","@id":"https:\/\/radioinfinitagoya.com.ar\/v1\/#website","url":"https:\/\/radioinfinitagoya.com.ar\/v1\/","name":"radioinfinitagoya.com.ar","description":"Radio de noticias","publisher":{"@id":"https:\/\/radioinfinitagoya.com.ar\/v1\/#organization"},"potentialAction":[{"@type":"SearchAction","target":{"@type":"EntryPoint","urlTemplate":"https:\/\/radioinfinitagoya.com.ar\/v1\/?s={search_term_string}"},"query-input":{"@type":"PropertyValueSpecification","valueRequired":true,"valueName":"search_term_string"}}],"inLanguage":"es-AR"},{"@type":"Organization","@id":"https:\/\/radioinfinitagoya.com.ar\/v1\/#organization","name":"Radio Infinita Goya","url":"https:\/\/radioinfinitagoya.com.ar\/v1\/","logo":{"@type":"ImageObject","inLanguage":"es-AR","@id":"https:\/\/radioinfinitagoya.com.ar\/v1\/#\/schema\/logo\/image\/","url":"https:\/\/radioinfinitagoya.com.ar\/v1\/wp-content\/uploads\/2019\/11\/logo-pie-web.png","contentUrl":"https:\/\/radioinfinitagoya.com.ar\/v1\/wp-content\/uploads\/2019\/11\/logo-pie-web.png","width":635,"height":326,"caption":"Radio Infinita Goya"},"image":{"@id":"https:\/\/radioinfinitagoya.com.ar\/v1\/#\/schema\/logo\/image\/"},"sameAs":["https:\/\/www.facebook.com\/p\/Infinita-Goya-100063870918311\/"]},{"@type":"Person","@id":"https:\/\/radioinfinitagoya.com.ar\/v1\/#\/schema\/person\/d4cf9c413d4f6edb24aabdccab49ca4a","name":"Jorge Mi\u00f1o","image":{"@type":"ImageObject","inLanguage":"es-AR","@id":"https:\/\/secure.gravatar.com\/avatar\/910fcf6728fe95320e07a6643c1581fec1c7fc4bf8ae12e3d8f0d0373dc844be?s=96&d=mm&r=g","url":"https:\/\/secure.gravatar.com\/avatar\/910fcf6728fe95320e07a6643c1581fec1c7fc4bf8ae12e3d8f0d0373dc844be?s=96&d=mm&r=g","contentUrl":"https:\/\/secure.gravatar.com\/avatar\/910fcf6728fe95320e07a6643c1581fec1c7fc4bf8ae12e3d8f0d0373dc844be?s=96&d=mm&r=g","caption":"Jorge Mi\u00f1o"},"sameAs":["http:\/\/radioinfinitagoya.com.ar"]}]}},"_links":{"self":[{"href":"https:\/\/radioinfinitagoya.com.ar\/v1\/wp-json\/wp\/v2\/posts\/226708","targetHints":{"allow":["GET"]}}],"collection":[{"href":"https:\/\/radioinfinitagoya.com.ar\/v1\/wp-json\/wp\/v2\/posts"}],"about":[{"href":"https:\/\/radioinfinitagoya.com.ar\/v1\/wp-json\/wp\/v2\/types\/post"}],"author":[{"embeddable":true,"href":"https:\/\/radioinfinitagoya.com.ar\/v1\/wp-json\/wp\/v2\/users\/4"}],"replies":[{"embeddable":true,"href":"https:\/\/radioinfinitagoya.com.ar\/v1\/wp-json\/wp\/v2\/comments?post=226708"}],"version-history":[{"count":1,"href":"https:\/\/radioinfinitagoya.com.ar\/v1\/wp-json\/wp\/v2\/posts\/226708\/revisions"}],"predecessor-version":[{"id":226712,"href":"https:\/\/radioinfinitagoya.com.ar\/v1\/wp-json\/wp\/v2\/posts\/226708\/revisions\/226712"}],"wp:featuredmedia":[{"embeddable":true,"href":"https:\/\/radioinfinitagoya.com.ar\/v1\/wp-json\/wp\/v2\/media\/226709"}],"wp:attachment":[{"href":"https:\/\/radioinfinitagoya.com.ar\/v1\/wp-json\/wp\/v2\/media?parent=226708"}],"wp:term":[{"taxonomy":"category","embeddable":true,"href":"https:\/\/radioinfinitagoya.com.ar\/v1\/wp-json\/wp\/v2\/categories?post=226708"},{"taxonomy":"post_tag","embeddable":true,"href":"https:\/\/radioinfinitagoya.com.ar\/v1\/wp-json\/wp\/v2\/tags?post=226708"}],"curies":[{"name":"wp","href":"https:\/\/api.w.org\/{rel}","templated":true}]}}