{"id":226713,"date":"2026-09-04T16:27:51","date_gmt":"2026-09-04T19:27:51","guid":{"rendered":"https:\/\/radioinfinitagoya.com.ar\/v1\/?p=226713"},"modified":"2026-09-04T16:27:51","modified_gmt":"2026-09-04T19:27:51","slug":"el-senado-dio-media-sancion-al-plan-de-conservacion-de-grandes-felinos-que-indemnizara-a-productores","status":"publish","type":"post","link":"https:\/\/radioinfinitagoya.com.ar\/v1\/2026\/09\/04\/el-senado-dio-media-sancion-al-plan-de-conservacion-de-grandes-felinos-que-indemnizara-a-productores\/","title":{"rendered":"El Senado dio media sanci\u00f3n al Plan de Conservaci\u00f3n de Grandes Felinos que indemnizar\u00e1 a productores"},"content":{"rendered":"<p>Durante la d\u00e9cima Sesi\u00f3n Ordinaria, la C\u00e1mara alta aprob\u00f3 el proyecto para resguardar especies nativas y compensar econ\u00f3micamente en un plazo de 30 d\u00edas a los ganaderos afectados por ataques de yaguaret\u00e9s o pumas.<\/p>\n<p>La C\u00e1mara de Senadores de Corrientes dio media sanci\u00f3n este jueves al proyecto de ley que instituye el Plan Provincial de Conservaci\u00f3n de Grandes Felinos.<\/p>\n<p>La iniciativa fue impulsada por los senadores Sergio Mois\u00e9s Flinta, Gustavo Vald\u00e9s, Noel Eugenio Breard, Henry Jorge Fick, Francisco Ignacio Osella, entre otros legisladores.<\/p>\n<p>Al fundamentar la norma, el senador Sergio Flinta explic\u00f3 que el Estado provincial crear\u00e1 un comit\u00e9 interinstitucional \u2014integrado por fuerzas de seguridad y organismos p\u00fablicos\u2014 para constatar denuncias por depredaci\u00f3n de ganado a manos de pumas y yaguaret\u00e9s.<\/p>\n<p>Una vez verificado el ataque, la Provincia indemnizar\u00e1 a los productores afectados dentro de un plazo m\u00e1ximo de 30 d\u00edas posteriores a la denuncia formal.<\/p>\n<p>Acuerdos judiciales, agenda legislativa y reconocimientos<\/p>\n<p>En el marco del orden del d\u00eda, la C\u00e1mara alta avanz\u00f3 en la cobertura de vacantes del Poder Judicial. Se celebr\u00f3 la audiencia p\u00fablica para evaluar la designaci\u00f3n de Eugenio Ram\u00f3n Balbastro como Juez del Tribunal de Revisi\u00f3n de la Primera Circunscripci\u00f3n Judicial con asiento en la capital.<\/p>\n<p>Adem\u00e1s, se aprobaron los pliegos de Waldo Ra\u00fal Ojeda \u00c1lvarez como Juez Civil, Comercial y Laboral de Paso de los Libres, y de Gladis Julia Aguirre como Asesora de Menores e Incapaces de Saladas.<\/p>\n<p>Por otra parte, ingresaron iniciativas para su an\u00e1lisis en comisiones:<\/p>\n<p>Par\u00e1lisis Cerebral: proyecto de la senadora Quintana para instituir la \u201cSemana Provincial de Concientizaci\u00f3n\u201d del 1 al 7 de octubre (Comisi\u00f3n de Salud).<\/p>\n<p>Tratamientos honor\u00edficos: propuesta de la senadora L\u00e9rtora para suprimir su uso en el \u00e1mbito p\u00fablico (Comisi\u00f3n de Legislaci\u00f3n).<\/p>\n<p>Proyectos en revisi\u00f3n desde Diputados: pasaron a comisi\u00f3n las iniciativas para declarar Monumento Hist\u00f3rico a la \u201cCasa Manos Correntinas\u201d de Mercedes, la se\u00f1alizaci\u00f3n conmemorativa para los H\u00e9roes de Malvinas, la declaraci\u00f3n de Fiesta Provincial a la Muestra \u201cArand\u00fa P\u00f3\u201d de Empedrado y la creaci\u00f3n del Programa Provincial de Capacitaci\u00f3n sobre Epilepsia.<\/p>\n<p>Al cierre del plenario, el vicegobernador Pedro Braillard Poccard hizo entrega de la distinci\u00f3n \u201cJoven Honorable\u201d a Luc\u00eda M\u00f3rtola, estudiante de sexto a\u00f1o de Bioqu\u00edmica en la Universidad Nacional del Nordeste (Unne).<\/p>\n<p>La joven presenta un promedio de 9,66 y se desempe\u00f1a como becaria en el Laboratorio de Investigaciones Bioqu\u00edmicas (Libim-Unne), donde investiga el rol de los procesos inflamatorios en el c\u00e1ncer colorrectal.<\/p>\n<p>&nbsp;<\/p>\n","protected":false},"excerpt":{"rendered":"<p>Durante la d\u00e9cima Sesi\u00f3n Ordinaria, la C\u00e1mara alta aprob\u00f3 el proyecto para resguardar especies nativas y compensar econ\u00f3micamente en un plazo de 30 d\u00edas a los ganaderos afectados por ataques de yaguaret\u00e9s o pumas. La C\u00e1mara de Senadores de Corrientes dio media sanci\u00f3n este jueves al proyecto de ley que instituye el Plan Provincial de [&hellip;]<\/p>\n","protected":false},"author":4,"featured_media":226714,"comment_status":"open","ping_status":"open","sticky":false,"template":"","format":"standard","meta":{"_joinchat":[],"footnotes":""},"categories":[31],"tags":[],"class_list":["post-226713","post","type-post","status-publish","format-standard","has-post-thumbnail","category-informacion-general"],"yoast_head":"<!-- This site is optimized with the Yoast SEO plugin v27.7 - https:\/\/yoast.com\/product\/yoast-seo-wordpress\/ -->\n<title>El Senado dio media sanci\u00f3n al Plan de Conservaci\u00f3n de Grandes Felinos que indemnizar\u00e1 a productores - Radio Infinita Goya<\/title>\n<meta name=\"description\" content=\"Durante la d\u00e9cima Sesi\u00f3n Ordinaria, la C\u00e1mara alta aprob\u00f3 el proyecto para resguardar especies nativas y compensar econ\u00f3micamente en un plazo de 30 d\u00edas a\" \/>\n<meta name=\"robots\" content=\"index, follow, max-snippet:-1, max-image-preview:large, max-video-preview:-1\" \/>\n<link rel=\"canonical\" href=\"https:\/\/radioinfinitagoya.com.ar\/v1\/2026\/09\/04\/el-senado-dio-media-sancion-al-plan-de-conservacion-de-grandes-felinos-que-indemnizara-a-productores\/\" \/>\n<meta property=\"og:locale\" content=\"es_ES\" \/>\n<meta property=\"og:type\" content=\"article\" \/>\n<meta property=\"og:title\" content=\"El Senado dio media sanci\u00f3n al Plan de Conservaci\u00f3n de Grandes Felinos que indemnizar\u00e1 a productores - Radio Infinita Goya\" \/>\n<meta property=\"og:description\" content=\"Durante la d\u00e9cima Sesi\u00f3n Ordinaria, la C\u00e1mara alta aprob\u00f3 el proyecto para resguardar especies nativas y compensar econ\u00f3micamente en un plazo de 30 d\u00edas a\" \/>\n<meta property=\"og:url\" content=\"https:\/\/radioinfinitagoya.com.ar\/v1\/2026\/09\/04\/el-senado-dio-media-sancion-al-plan-de-conservacion-de-grandes-felinos-que-indemnizara-a-productores\/\" \/>\n<meta property=\"og:site_name\" content=\"Radio Infinita Goya\" \/>\n<meta property=\"article:publisher\" content=\"https:\/\/www.facebook.com\/p\/Infinita-Goya-100063870918311\/\" \/>\n<meta property=\"article:published_time\" content=\"2026-09-04T19:27:51+00:00\" \/>\n<meta property=\"og:image\" content=\"https:\/\/radioinfinitagoya.com.ar\/v1\/wp-content\/uploads\/2026\/09\/1788471751296.webp\" \/>\n\t<meta property=\"og:image:width\" content=\"1200\" \/>\n\t<meta property=\"og:image:height\" content=\"675\" \/>\n\t<meta property=\"og:image:type\" content=\"image\/webp\" \/>\n<meta name=\"author\" content=\"Jorge Mi\u00f1o\" \/>\n<meta name=\"twitter:card\" content=\"summary_large_image\" \/>\n<meta name=\"twitter:label1\" content=\"Escrito por\" \/>\n\t<meta name=\"twitter:data1\" content=\"Jorge Mi\u00f1o\" \/>\n\t<meta name=\"twitter:label2\" content=\"Tiempo de lectura\" \/>\n\t<meta name=\"twitter:data2\" content=\"3 minutos\" \/>\n<script type=\"application\/ld+json\" class=\"yoast-schema-graph\">{\"@context\":\"https:\\\/\\\/schema.org\",\"@graph\":[{\"@type\":\"Article\",\"@id\":\"https:\\\/\\\/radioinfinitagoya.com.ar\\\/v1\\\/2026\\\/09\\\/04\\\/el-senado-dio-media-sancion-al-plan-de-conservacion-de-grandes-felinos-que-indemnizara-a-productores\\\/#article\",\"isPartOf\":{\"@id\":\"https:\\\/\\\/radioinfinitagoya.com.ar\\\/v1\\\/2026\\\/09\\\/04\\\/el-senado-dio-media-sancion-al-plan-de-conservacion-de-grandes-felinos-que-indemnizara-a-productores\\\/\"},\"author\":{\"name\":\"Jorge Mi\u00f1o\",\"@id\":\"https:\\\/\\\/radioinfinitagoya.com.ar\\\/v1\\\/#\\\/schema\\\/person\\\/d4cf9c413d4f6edb24aabdccab49ca4a\"},\"headline\":\"El Senado dio media sanci\u00f3n al Plan de Conservaci\u00f3n de Grandes Felinos que indemnizar\u00e1 a productores\",\"datePublished\":\"2026-09-04T19:27:51+00:00\",\"mainEntityOfPage\":{\"@id\":\"https:\\\/\\\/radioinfinitagoya.com.ar\\\/v1\\\/2026\\\/09\\\/04\\\/el-senado-dio-media-sancion-al-plan-de-conservacion-de-grandes-felinos-que-indemnizara-a-productores\\\/\"},\"wordCount\":464,\"commentCount\":0,\"publisher\":{\"@id\":\"https:\\\/\\\/radioinfinitagoya.com.ar\\\/v1\\\/#organization\"},\"image\":{\"@id\":\"https:\\\/\\\/radioinfinitagoya.com.ar\\\/v1\\\/2026\\\/09\\\/04\\\/el-senado-dio-media-sancion-al-plan-de-conservacion-de-grandes-felinos-que-indemnizara-a-productores\\\/#primaryimage\"},\"thumbnailUrl\":\"https:\\\/\\\/radioinfinitagoya.com.ar\\\/v1\\\/wp-content\\\/uploads\\\/2026\\\/09\\\/1788471751296.webp\",\"articleSection\":[\"INFORMACI\u00d3N GENERAL\"],\"inLanguage\":\"es-AR\",\"potentialAction\":[{\"@type\":\"CommentAction\",\"name\":\"Comment\",\"target\":[\"https:\\\/\\\/radioinfinitagoya.com.ar\\\/v1\\\/2026\\\/09\\\/04\\\/el-senado-dio-media-sancion-al-plan-de-conservacion-de-grandes-felinos-que-indemnizara-a-productores\\\/#respond\"]}]},{\"@type\":\"WebPage\",\"@id\":\"https:\\\/\\\/radioinfinitagoya.com.ar\\\/v1\\\/2026\\\/09\\\/04\\\/el-senado-dio-media-sancion-al-plan-de-conservacion-de-grandes-felinos-que-indemnizara-a-productores\\\/\",\"url\":\"https:\\\/\\\/radioinfinitagoya.com.ar\\\/v1\\\/2026\\\/09\\\/04\\\/el-senado-dio-media-sancion-al-plan-de-conservacion-de-grandes-felinos-que-indemnizara-a-productores\\\/\",\"name\":\"El Senado dio media sanci\u00f3n al Plan de Conservaci\u00f3n de Grandes Felinos que indemnizar\u00e1 a productores - Radio Infinita Goya\",\"isPartOf\":{\"@id\":\"https:\\\/\\\/radioinfinitagoya.com.ar\\\/v1\\\/#website\"},\"primaryImageOfPage\":{\"@id\":\"https:\\\/\\\/radioinfinitagoya.com.ar\\\/v1\\\/2026\\\/09\\\/04\\\/el-senado-dio-media-sancion-al-plan-de-conservacion-de-grandes-felinos-que-indemnizara-a-productores\\\/#primaryimage\"},\"image\":{\"@id\":\"https:\\\/\\\/radioinfinitagoya.com.ar\\\/v1\\\/2026\\\/09\\\/04\\\/el-senado-dio-media-sancion-al-plan-de-conservacion-de-grandes-felinos-que-indemnizara-a-productores\\\/#primaryimage\"},\"thumbnailUrl\":\"https:\\\/\\\/radioinfinitagoya.com.ar\\\/v1\\\/wp-content\\\/uploads\\\/2026\\\/09\\\/1788471751296.webp\",\"datePublished\":\"2026-09-04T19:27:51+00:00\",\"description\":\"Durante la d\u00e9cima Sesi\u00f3n Ordinaria, la C\u00e1mara alta aprob\u00f3 el proyecto para resguardar especies nativas y compensar econ\u00f3micamente en un plazo de 30 d\u00edas a\",\"breadcrumb\":{\"@id\":\"https:\\\/\\\/radioinfinitagoya.com.ar\\\/v1\\\/2026\\\/09\\\/04\\\/el-senado-dio-media-sancion-al-plan-de-conservacion-de-grandes-felinos-que-indemnizara-a-productores\\\/#breadcrumb\"},\"inLanguage\":\"es-AR\",\"potentialAction\":[{\"@type\":\"ReadAction\",\"target\":[\"https:\\\/\\\/radioinfinitagoya.com.ar\\\/v1\\\/2026\\\/09\\\/04\\\/el-senado-dio-media-sancion-al-plan-de-conservacion-de-grandes-felinos-que-indemnizara-a-productores\\\/\"]}]},{\"@type\":\"ImageObject\",\"inLanguage\":\"es-AR\",\"@id\":\"https:\\\/\\\/radioinfinitagoya.com.ar\\\/v1\\\/2026\\\/09\\\/04\\\/el-senado-dio-media-sancion-al-plan-de-conservacion-de-grandes-felinos-que-indemnizara-a-productores\\\/#primaryimage\",\"url\":\"https:\\\/\\\/radioinfinitagoya.com.ar\\\/v1\\\/wp-content\\\/uploads\\\/2026\\\/09\\\/1788471751296.webp\",\"contentUrl\":\"https:\\\/\\\/radioinfinitagoya.com.ar\\\/v1\\\/wp-content\\\/uploads\\\/2026\\\/09\\\/1788471751296.webp\",\"width\":1200,\"height\":675},{\"@type\":\"BreadcrumbList\",\"@id\":\"https:\\\/\\\/radioinfinitagoya.com.ar\\\/v1\\\/2026\\\/09\\\/04\\\/el-senado-dio-media-sancion-al-plan-de-conservacion-de-grandes-felinos-que-indemnizara-a-productores\\\/#breadcrumb\",\"itemListElement\":[{\"@type\":\"ListItem\",\"position\":1,\"name\":\"Inicio\",\"item\":\"https:\\\/\\\/radioinfinitagoya.com.ar\\\/v1\\\/\"},{\"@type\":\"ListItem\",\"position\":2,\"name\":\"El Senado dio media sanci\u00f3n al Plan de Conservaci\u00f3n de Grandes Felinos que indemnizar\u00e1 a productores\"}]},{\"@type\":\"WebSite\",\"@id\":\"https:\\\/\\\/radioinfinitagoya.com.ar\\\/v1\\\/#website\",\"url\":\"https:\\\/\\\/radioinfinitagoya.com.ar\\\/v1\\\/\",\"name\":\"radioinfinitagoya.com.ar\",\"description\":\"Radio de noticias\",\"publisher\":{\"@id\":\"https:\\\/\\\/radioinfinitagoya.com.ar\\\/v1\\\/#organization\"},\"potentialAction\":[{\"@type\":\"SearchAction\",\"target\":{\"@type\":\"EntryPoint\",\"urlTemplate\":\"https:\\\/\\\/radioinfinitagoya.com.ar\\\/v1\\\/?s={search_term_string}\"},\"query-input\":{\"@type\":\"PropertyValueSpecification\",\"valueRequired\":true,\"valueName\":\"search_term_string\"}}],\"inLanguage\":\"es-AR\"},{\"@type\":\"Organization\",\"@id\":\"https:\\\/\\\/radioinfinitagoya.com.ar\\\/v1\\\/#organization\",\"name\":\"Radio Infinita Goya\",\"url\":\"https:\\\/\\\/radioinfinitagoya.com.ar\\\/v1\\\/\",\"logo\":{\"@type\":\"ImageObject\",\"inLanguage\":\"es-AR\",\"@id\":\"https:\\\/\\\/radioinfinitagoya.com.ar\\\/v1\\\/#\\\/schema\\\/logo\\\/image\\\/\",\"url\":\"https:\\\/\\\/radioinfinitagoya.com.ar\\\/v1\\\/wp-content\\\/uploads\\\/2019\\\/11\\\/logo-pie-web.png\",\"contentUrl\":\"https:\\\/\\\/radioinfinitagoya.com.ar\\\/v1\\\/wp-content\\\/uploads\\\/2019\\\/11\\\/logo-pie-web.png\",\"width\":635,\"height\":326,\"caption\":\"Radio Infinita Goya\"},\"image\":{\"@id\":\"https:\\\/\\\/radioinfinitagoya.com.ar\\\/v1\\\/#\\\/schema\\\/logo\\\/image\\\/\"},\"sameAs\":[\"https:\\\/\\\/www.facebook.com\\\/p\\\/Infinita-Goya-100063870918311\\\/\"]},{\"@type\":\"Person\",\"@id\":\"https:\\\/\\\/radioinfinitagoya.com.ar\\\/v1\\\/#\\\/schema\\\/person\\\/d4cf9c413d4f6edb24aabdccab49ca4a\",\"name\":\"Jorge Mi\u00f1o\",\"image\":{\"@type\":\"ImageObject\",\"inLanguage\":\"es-AR\",\"@id\":\"https:\\\/\\\/secure.gravatar.com\\\/avatar\\\/910fcf6728fe95320e07a6643c1581fec1c7fc4bf8ae12e3d8f0d0373dc844be?s=96&d=mm&r=g\",\"url\":\"https:\\\/\\\/secure.gravatar.com\\\/avatar\\\/910fcf6728fe95320e07a6643c1581fec1c7fc4bf8ae12e3d8f0d0373dc844be?s=96&d=mm&r=g\",\"contentUrl\":\"https:\\\/\\\/secure.gravatar.com\\\/avatar\\\/910fcf6728fe95320e07a6643c1581fec1c7fc4bf8ae12e3d8f0d0373dc844be?s=96&d=mm&r=g\",\"caption\":\"Jorge Mi\u00f1o\"},\"sameAs\":[\"http:\\\/\\\/radioinfinitagoya.com.ar\"]}]}<\/script>\n<!-- \/ Yoast SEO plugin. -->","yoast_head_json":{"title":"El Senado dio media sanci\u00f3n al Plan de Conservaci\u00f3n de Grandes Felinos que indemnizar\u00e1 a productores - Radio Infinita Goya","description":"Durante la d\u00e9cima Sesi\u00f3n Ordinaria, la C\u00e1mara alta aprob\u00f3 el proyecto para resguardar especies nativas y compensar econ\u00f3micamente en un plazo de 30 d\u00edas a","robots":{"index":"index","follow":"follow","max-snippet":"max-snippet:-1","max-image-preview":"max-image-preview:large","max-video-preview":"max-video-preview:-1"},"canonical":"https:\/\/radioinfinitagoya.com.ar\/v1\/2026\/09\/04\/el-senado-dio-media-sancion-al-plan-de-conservacion-de-grandes-felinos-que-indemnizara-a-productores\/","og_locale":"es_ES","og_type":"article","og_title":"El Senado dio media sanci\u00f3n al Plan de Conservaci\u00f3n de Grandes Felinos que indemnizar\u00e1 a productores - Radio Infinita Goya","og_description":"Durante la d\u00e9cima Sesi\u00f3n Ordinaria, la C\u00e1mara alta aprob\u00f3 el proyecto para resguardar especies nativas y compensar econ\u00f3micamente en un plazo de 30 d\u00edas a","og_url":"https:\/\/radioinfinitagoya.com.ar\/v1\/2026\/09\/04\/el-senado-dio-media-sancion-al-plan-de-conservacion-de-grandes-felinos-que-indemnizara-a-productores\/","og_site_name":"Radio Infinita Goya","article_publisher":"https:\/\/www.facebook.com\/p\/Infinita-Goya-100063870918311\/","article_published_time":"2026-09-04T19:27:51+00:00","og_image":[{"width":1200,"height":675,"url":"https:\/\/radioinfinitagoya.com.ar\/v1\/wp-content\/uploads\/2026\/09\/1788471751296.webp","type":"image\/webp"}],"author":"Jorge Mi\u00f1o","twitter_card":"summary_large_image","twitter_misc":{"Escrito por":"Jorge Mi\u00f1o","Tiempo de lectura":"3 minutos"},"schema":{"@context":"https:\/\/schema.org","@graph":[{"@type":"Article","@id":"https:\/\/radioinfinitagoya.com.ar\/v1\/2026\/09\/04\/el-senado-dio-media-sancion-al-plan-de-conservacion-de-grandes-felinos-que-indemnizara-a-productores\/#article","isPartOf":{"@id":"https:\/\/radioinfinitagoya.com.ar\/v1\/2026\/09\/04\/el-senado-dio-media-sancion-al-plan-de-conservacion-de-grandes-felinos-que-indemnizara-a-productores\/"},"author":{"name":"Jorge Mi\u00f1o","@id":"https:\/\/radioinfinitagoya.com.ar\/v1\/#\/schema\/person\/d4cf9c413d4f6edb24aabdccab49ca4a"},"headline":"El Senado dio media sanci\u00f3n al Plan de Conservaci\u00f3n de Grandes Felinos que indemnizar\u00e1 a productores","datePublished":"2026-09-04T19:27:51+00:00","mainEntityOfPage":{"@id":"https:\/\/radioinfinitagoya.com.ar\/v1\/2026\/09\/04\/el-senado-dio-media-sancion-al-plan-de-conservacion-de-grandes-felinos-que-indemnizara-a-productores\/"},"wordCount":464,"commentCount":0,"publisher":{"@id":"https:\/\/radioinfinitagoya.com.ar\/v1\/#organization"},"image":{"@id":"https:\/\/radioinfinitagoya.com.ar\/v1\/2026\/09\/04\/el-senado-dio-media-sancion-al-plan-de-conservacion-de-grandes-felinos-que-indemnizara-a-productores\/#primaryimage"},"thumbnailUrl":"https:\/\/radioinfinitagoya.com.ar\/v1\/wp-content\/uploads\/2026\/09\/1788471751296.webp","articleSection":["INFORMACI\u00d3N GENERAL"],"inLanguage":"es-AR","potentialAction":[{"@type":"CommentAction","name":"Comment","target":["https:\/\/radioinfinitagoya.com.ar\/v1\/2026\/09\/04\/el-senado-dio-media-sancion-al-plan-de-conservacion-de-grandes-felinos-que-indemnizara-a-productores\/#respond"]}]},{"@type":"WebPage","@id":"https:\/\/radioinfinitagoya.com.ar\/v1\/2026\/09\/04\/el-senado-dio-media-sancion-al-plan-de-conservacion-de-grandes-felinos-que-indemnizara-a-productores\/","url":"https:\/\/radioinfinitagoya.com.ar\/v1\/2026\/09\/04\/el-senado-dio-media-sancion-al-plan-de-conservacion-de-grandes-felinos-que-indemnizara-a-productores\/","name":"El Senado dio media sanci\u00f3n al Plan de Conservaci\u00f3n de Grandes Felinos que indemnizar\u00e1 a productores - Radio Infinita Goya","isPartOf":{"@id":"https:\/\/radioinfinitagoya.com.ar\/v1\/#website"},"primaryImageOfPage":{"@id":"https:\/\/radioinfinitagoya.com.ar\/v1\/2026\/09\/04\/el-senado-dio-media-sancion-al-plan-de-conservacion-de-grandes-felinos-que-indemnizara-a-productores\/#primaryimage"},"image":{"@id":"https:\/\/radioinfinitagoya.com.ar\/v1\/2026\/09\/04\/el-senado-dio-media-sancion-al-plan-de-conservacion-de-grandes-felinos-que-indemnizara-a-productores\/#primaryimage"},"thumbnailUrl":"https:\/\/radioinfinitagoya.com.ar\/v1\/wp-content\/uploads\/2026\/09\/1788471751296.webp","datePublished":"2026-09-04T19:27:51+00:00","description":"Durante la d\u00e9cima Sesi\u00f3n Ordinaria, la C\u00e1mara alta aprob\u00f3 el proyecto para resguardar especies nativas y compensar econ\u00f3micamente en un plazo de 30 d\u00edas a","breadcrumb":{"@id":"https:\/\/radioinfinitagoya.com.ar\/v1\/2026\/09\/04\/el-senado-dio-media-sancion-al-plan-de-conservacion-de-grandes-felinos-que-indemnizara-a-productores\/#breadcrumb"},"inLanguage":"es-AR","potentialAction":[{"@type":"ReadAction","target":["https:\/\/radioinfinitagoya.com.ar\/v1\/2026\/09\/04\/el-senado-dio-media-sancion-al-plan-de-conservacion-de-grandes-felinos-que-indemnizara-a-productores\/"]}]},{"@type":"ImageObject","inLanguage":"es-AR","@id":"https:\/\/radioinfinitagoya.com.ar\/v1\/2026\/09\/04\/el-senado-dio-media-sancion-al-plan-de-conservacion-de-grandes-felinos-que-indemnizara-a-productores\/#primaryimage","url":"https:\/\/radioinfinitagoya.com.ar\/v1\/wp-content\/uploads\/2026\/09\/1788471751296.webp","contentUrl":"https:\/\/radioinfinitagoya.com.ar\/v1\/wp-content\/uploads\/2026\/09\/1788471751296.webp","width":1200,"height":675},{"@type":"BreadcrumbList","@id":"https:\/\/radioinfinitagoya.com.ar\/v1\/2026\/09\/04\/el-senado-dio-media-sancion-al-plan-de-conservacion-de-grandes-felinos-que-indemnizara-a-productores\/#breadcrumb","itemListElement":[{"@type":"ListItem","position":1,"name":"Inicio","item":"https:\/\/radioinfinitagoya.com.ar\/v1\/"},{"@type":"ListItem","position":2,"name":"El Senado dio media sanci\u00f3n al Plan de Conservaci\u00f3n de Grandes Felinos que indemnizar\u00e1 a productores"}]},{"@type":"WebSite","@id":"https:\/\/radioinfinitagoya.com.ar\/v1\/#website","url":"https:\/\/radioinfinitagoya.com.ar\/v1\/","name":"radioinfinitagoya.com.ar","description":"Radio de noticias","publisher":{"@id":"https:\/\/radioinfinitagoya.com.ar\/v1\/#organization"},"potentialAction":[{"@type":"SearchAction","target":{"@type":"EntryPoint","urlTemplate":"https:\/\/radioinfinitagoya.com.ar\/v1\/?s={search_term_string}"},"query-input":{"@type":"PropertyValueSpecification","valueRequired":true,"valueName":"search_term_string"}}],"inLanguage":"es-AR"},{"@type":"Organization","@id":"https:\/\/radioinfinitagoya.com.ar\/v1\/#organization","name":"Radio Infinita Goya","url":"https:\/\/radioinfinitagoya.com.ar\/v1\/","logo":{"@type":"ImageObject","inLanguage":"es-AR","@id":"https:\/\/radioinfinitagoya.com.ar\/v1\/#\/schema\/logo\/image\/","url":"https:\/\/radioinfinitagoya.com.ar\/v1\/wp-content\/uploads\/2019\/11\/logo-pie-web.png","contentUrl":"https:\/\/radioinfinitagoya.com.ar\/v1\/wp-content\/uploads\/2019\/11\/logo-pie-web.png","width":635,"height":326,"caption":"Radio Infinita Goya"},"image":{"@id":"https:\/\/radioinfinitagoya.com.ar\/v1\/#\/schema\/logo\/image\/"},"sameAs":["https:\/\/www.facebook.com\/p\/Infinita-Goya-100063870918311\/"]},{"@type":"Person","@id":"https:\/\/radioinfinitagoya.com.ar\/v1\/#\/schema\/person\/d4cf9c413d4f6edb24aabdccab49ca4a","name":"Jorge Mi\u00f1o","image":{"@type":"ImageObject","inLanguage":"es-AR","@id":"https:\/\/secure.gravatar.com\/avatar\/910fcf6728fe95320e07a6643c1581fec1c7fc4bf8ae12e3d8f0d0373dc844be?s=96&d=mm&r=g","url":"https:\/\/secure.gravatar.com\/avatar\/910fcf6728fe95320e07a6643c1581fec1c7fc4bf8ae12e3d8f0d0373dc844be?s=96&d=mm&r=g","contentUrl":"https:\/\/secure.gravatar.com\/avatar\/910fcf6728fe95320e07a6643c1581fec1c7fc4bf8ae12e3d8f0d0373dc844be?s=96&d=mm&r=g","caption":"Jorge Mi\u00f1o"},"sameAs":["http:\/\/radioinfinitagoya.com.ar"]}]}},"_links":{"self":[{"href":"https:\/\/radioinfinitagoya.com.ar\/v1\/wp-json\/wp\/v2\/posts\/226713","targetHints":{"allow":["GET"]}}],"collection":[{"href":"https:\/\/radioinfinitagoya.com.ar\/v1\/wp-json\/wp\/v2\/posts"}],"about":[{"href":"https:\/\/radioinfinitagoya.com.ar\/v1\/wp-json\/wp\/v2\/types\/post"}],"author":[{"embeddable":true,"href":"https:\/\/radioinfinitagoya.com.ar\/v1\/wp-json\/wp\/v2\/users\/4"}],"replies":[{"embeddable":true,"href":"https:\/\/radioinfinitagoya.com.ar\/v1\/wp-json\/wp\/v2\/comments?post=226713"}],"version-history":[{"count":1,"href":"https:\/\/radioinfinitagoya.com.ar\/v1\/wp-json\/wp\/v2\/posts\/226713\/revisions"}],"predecessor-version":[{"id":226715,"href":"https:\/\/radioinfinitagoya.com.ar\/v1\/wp-json\/wp\/v2\/posts\/226713\/revisions\/226715"}],"wp:featuredmedia":[{"embeddable":true,"href":"https:\/\/radioinfinitagoya.com.ar\/v1\/wp-json\/wp\/v2\/media\/226714"}],"wp:attachment":[{"href":"https:\/\/radioinfinitagoya.com.ar\/v1\/wp-json\/wp\/v2\/media?parent=226713"}],"wp:term":[{"taxonomy":"category","embeddable":true,"href":"https:\/\/radioinfinitagoya.com.ar\/v1\/wp-json\/wp\/v2\/categories?post=226713"},{"taxonomy":"post_tag","embeddable":true,"href":"https:\/\/radioinfinitagoya.com.ar\/v1\/wp-json\/wp\/v2\/tags?post=226713"}],"curies":[{"name":"wp","href":"https:\/\/api.w.org\/{rel}","templated":true}]}}