{"id":226716,"date":"2026-09-04T16:30:52","date_gmt":"2026-09-04T19:30:52","guid":{"rendered":"https:\/\/radioinfinitagoya.com.ar\/v1\/?p=226716"},"modified":"2026-09-04T16:30:52","modified_gmt":"2026-09-04T19:30:52","slug":"la-reflexion-del-cholo-simeone-sobre-julian-alvarez","status":"publish","type":"post","link":"https:\/\/radioinfinitagoya.com.ar\/v1\/2026\/09\/04\/la-reflexion-del-cholo-simeone-sobre-julian-alvarez\/","title":{"rendered":"La reflexi\u00f3n del Cholo Simeone sobre Juli\u00e1n \u00c1lvarez"},"content":{"rendered":"<p>Antes de su regreso con Atl\u00e9tico de Madrid<\/p>\n<p>El entrenador del Colchonero confirm\u00f3 que el delantero argentino ser\u00e1 parte de la delegaci\u00f3n que viajar\u00e1 a Bilbao y dej\u00f3 un mensaje contundente sobre el momento que atraviesa.<\/p>\n<p>Juli\u00e1n \u00c1lvarez se prepara para volver a estar a disposici\u00f3n de Diego Simeone en Atl\u00e9tico de Madrid . Despu\u00e9s de quedar afuera del \u00faltimo encuentro ante Sevilla, el delantero argentino fue incluido por el entrenador para el compromiso de este s\u00e1bado frente a Athletic Bilbao, como visitante, por una nueva fecha de LaLiga.<\/p>\n<p>En la previa del encuentro, el Cholo no solo confirm\u00f3 la presencia de la Ara\u00f1a, sino que tambi\u00e9n se refiri\u00f3 al particular escenario que atraviesa el atacante luego de un mercado de pases marcado por la tensi\u00f3n. El entrenador del conjunto madrile\u00f1o asegur\u00f3 que viene mostrando una buena actitud durante los entrenamientos y que espera que pueda trasladar ese trabajo al campo de juego.<\/p>\n<p>&#8220;Est\u00e1 entrenando muy bien, ma\u00f1ana va a venir convocado, va a ser parte del grupo que viaje a Bilbao y esperando lo mejor de \u00e9l y de todos sus compa\u00f1eros&#8221;, expres\u00f3 Simeone cuando fue consultado por el delantero. La situaci\u00f3n de Juli\u00e1n cambi\u00f3 considerablemente durante las \u00faltimas semanas. El futbolista hab\u00eda manifestado su intenci\u00f3n de dejar Atl\u00e9tico de Madrid y su nombre qued\u00f3 relacionado con Barcelona, pero finalmente no se concret\u00f3 su salida.<\/p>\n<p>Simeone respald\u00f3 a Juli\u00e1n \u00c1lvarez antes del partido de Atl\u00e9tico de Madrid<\/p>\n<p>La permanencia del delantero gener\u00f3 una situaci\u00f3n inc\u00f3moda con parte de los simpatizantes. En el empate ante Villarreal, fue recibido con silbidos y tambi\u00e9n sufri\u00f3 el rechazo de algunos sectores del p\u00fablico, en medio de una relaci\u00f3n que qued\u00f3 afectada por su deseo de cambiar de club. Ante ese panorama, el director t\u00e9cnico opt\u00f3 por poner el foco en el aprendizaje y no en el conflicto.<\/p>\n<p>Considera que la situaci\u00f3n puede convertirse en una experiencia importante para el futbolista y remarc\u00f3 que todos tienen aspectos de su vida que pueden ser revisados. &#8220;La vida est\u00e1 llena de oportunidades&#8221;, se\u00f1al\u00f3 el entrenador, antes de destacar que &#8220;esta es una oportunidad que se le presenta a Juli\u00e1n para ajustar situaciones en su vida&#8221;.<\/p>\n<p>El mensaje del Cholo no apunt\u00f3 solamente hacia \u00c1lvarez, sino que tambi\u00e9n incluy\u00f3 una reflexi\u00f3n sobre la manera en la que se juzga a los protagonistas del f\u00fatbol. Para Simeone, el episodio debe servir como una instancia de crecimiento y no \u00fanicamente como motivo de reproches. &#8220;Nos pasamos todo el tiempo aprendiendo y mucho tiempo juzgando. Todos juzgamos, hay que juzgar menos y centrarnos m\u00e1s en aprender&#8221;, expres\u00f3.<\/p>\n<p>La Ara\u00f1a busca dejar atr\u00e1s la pol\u00e9mica<\/p>\n<p>Con el mercado de pases ya cerrado para el escenario que hab\u00eda generado la incertidumbre, Juli\u00e1n deber\u00e1 concentrarse nuevamente en su rendimiento dentro de la cancha. Atl\u00e9tico de Madrid necesita que el atacante recupere protagonismo y pueda aportar su capacidad goleadora en una temporada en la que el equipo pretende mantenerse competitivo.<\/p>\n<p>Simeone tambi\u00e9n destac\u00f3 que este momento puede ayudar al argentino a resolver cuestiones personales y profesionales que le permitan recuperar su mejor versi\u00f3n. &#8220;Este paso le dar\u00e1 aprendizaje puro y tiene la oportunidad de resolver situaciones internamente para que le hagan mejor a \u00e9l y que nosotros le veamos feliz, que es lo que queremos, que est\u00e9 contento y que nos haga goles como Futre nos transmiti\u00f3 ayer porque es un mensaje lindo&#8221;, sentenci\u00f3.<\/p>\n<p>Ahora, el pr\u00f3ximo desaf\u00edo ser\u00e1 en Bilbao. All\u00ed, el campe\u00f3n del mundo tendr\u00e1 nuevamente la posibilidad de responder dentro del campo, en un contexto particular y con la expectativa puesta en que los goles y su rendimiento puedan volver a ocupar el centro de la escena.<\/p>\n","protected":false},"excerpt":{"rendered":"<p>Antes de su regreso con Atl\u00e9tico de Madrid El entrenador del Colchonero confirm\u00f3 que el delantero argentino ser\u00e1 parte de la delegaci\u00f3n que viajar\u00e1 a Bilbao y dej\u00f3 un mensaje contundente sobre el momento que atraviesa. Juli\u00e1n \u00c1lvarez se prepara para volver a estar a disposici\u00f3n de Diego Simeone en Atl\u00e9tico de Madrid . Despu\u00e9s [&hellip;]<\/p>\n","protected":false},"author":4,"featured_media":226717,"comment_status":"open","ping_status":"open","sticky":false,"template":"","format":"standard","meta":{"_joinchat":[],"footnotes":""},"categories":[28],"tags":[],"class_list":["post-226716","post","type-post","status-publish","format-standard","has-post-thumbnail","category-deportes"],"yoast_head":"<!-- This site is optimized with the Yoast SEO plugin v27.7 - https:\/\/yoast.com\/product\/yoast-seo-wordpress\/ -->\n<title>La reflexi\u00f3n del Cholo Simeone sobre Juli\u00e1n \u00c1lvarez - Radio Infinita Goya<\/title>\n<meta name=\"description\" content=\"Antes de su regreso con Atl\u00e9tico de Madrid El entrenador del Colchonero confirm\u00f3 que el delantero argentino ser\u00e1 parte de la delegaci\u00f3n que viajar\u00e1 a\" \/>\n<meta name=\"robots\" content=\"index, follow, max-snippet:-1, max-image-preview:large, max-video-preview:-1\" \/>\n<link rel=\"canonical\" href=\"https:\/\/radioinfinitagoya.com.ar\/v1\/2026\/09\/04\/la-reflexion-del-cholo-simeone-sobre-julian-alvarez\/\" \/>\n<meta property=\"og:locale\" content=\"es_ES\" \/>\n<meta property=\"og:type\" content=\"article\" \/>\n<meta property=\"og:title\" content=\"La reflexi\u00f3n del Cholo Simeone sobre Juli\u00e1n \u00c1lvarez - Radio Infinita Goya\" \/>\n<meta property=\"og:description\" content=\"Antes de su regreso con Atl\u00e9tico de Madrid El entrenador del Colchonero confirm\u00f3 que el delantero argentino ser\u00e1 parte de la delegaci\u00f3n que viajar\u00e1 a\" \/>\n<meta property=\"og:url\" content=\"https:\/\/radioinfinitagoya.com.ar\/v1\/2026\/09\/04\/la-reflexion-del-cholo-simeone-sobre-julian-alvarez\/\" \/>\n<meta property=\"og:site_name\" content=\"Radio Infinita Goya\" \/>\n<meta property=\"article:publisher\" content=\"https:\/\/www.facebook.com\/p\/Infinita-Goya-100063870918311\/\" \/>\n<meta property=\"article:published_time\" content=\"2026-09-04T19:30:52+00:00\" \/>\n<meta property=\"og:image\" content=\"https:\/\/radioinfinitagoya.com.ar\/v1\/wp-content\/uploads\/2026\/09\/simeone-julian.webp\" \/>\n\t<meta property=\"og:image:width\" content=\"610\" \/>\n\t<meta property=\"og:image:height\" content=\"460\" \/>\n\t<meta property=\"og:image:type\" content=\"image\/webp\" \/>\n<meta name=\"author\" content=\"Jorge Mi\u00f1o\" \/>\n<meta name=\"twitter:card\" content=\"summary_large_image\" \/>\n<meta name=\"twitter:label1\" content=\"Escrito por\" \/>\n\t<meta name=\"twitter:data1\" content=\"Jorge Mi\u00f1o\" \/>\n\t<meta name=\"twitter:label2\" content=\"Tiempo de lectura\" \/>\n\t<meta name=\"twitter:data2\" content=\"3 minutos\" \/>\n<script type=\"application\/ld+json\" class=\"yoast-schema-graph\">{\"@context\":\"https:\\\/\\\/schema.org\",\"@graph\":[{\"@type\":\"Article\",\"@id\":\"https:\\\/\\\/radioinfinitagoya.com.ar\\\/v1\\\/2026\\\/09\\\/04\\\/la-reflexion-del-cholo-simeone-sobre-julian-alvarez\\\/#article\",\"isPartOf\":{\"@id\":\"https:\\\/\\\/radioinfinitagoya.com.ar\\\/v1\\\/2026\\\/09\\\/04\\\/la-reflexion-del-cholo-simeone-sobre-julian-alvarez\\\/\"},\"author\":{\"name\":\"Jorge Mi\u00f1o\",\"@id\":\"https:\\\/\\\/radioinfinitagoya.com.ar\\\/v1\\\/#\\\/schema\\\/person\\\/d4cf9c413d4f6edb24aabdccab49ca4a\"},\"headline\":\"La reflexi\u00f3n del Cholo Simeone sobre Juli\u00e1n \u00c1lvarez\",\"datePublished\":\"2026-09-04T19:30:52+00:00\",\"mainEntityOfPage\":{\"@id\":\"https:\\\/\\\/radioinfinitagoya.com.ar\\\/v1\\\/2026\\\/09\\\/04\\\/la-reflexion-del-cholo-simeone-sobre-julian-alvarez\\\/\"},\"wordCount\":659,\"commentCount\":0,\"publisher\":{\"@id\":\"https:\\\/\\\/radioinfinitagoya.com.ar\\\/v1\\\/#organization\"},\"image\":{\"@id\":\"https:\\\/\\\/radioinfinitagoya.com.ar\\\/v1\\\/2026\\\/09\\\/04\\\/la-reflexion-del-cholo-simeone-sobre-julian-alvarez\\\/#primaryimage\"},\"thumbnailUrl\":\"https:\\\/\\\/radioinfinitagoya.com.ar\\\/v1\\\/wp-content\\\/uploads\\\/2026\\\/09\\\/simeone-julian.webp\",\"articleSection\":[\"DEPORTES\"],\"inLanguage\":\"es-AR\",\"potentialAction\":[{\"@type\":\"CommentAction\",\"name\":\"Comment\",\"target\":[\"https:\\\/\\\/radioinfinitagoya.com.ar\\\/v1\\\/2026\\\/09\\\/04\\\/la-reflexion-del-cholo-simeone-sobre-julian-alvarez\\\/#respond\"]}]},{\"@type\":\"WebPage\",\"@id\":\"https:\\\/\\\/radioinfinitagoya.com.ar\\\/v1\\\/2026\\\/09\\\/04\\\/la-reflexion-del-cholo-simeone-sobre-julian-alvarez\\\/\",\"url\":\"https:\\\/\\\/radioinfinitagoya.com.ar\\\/v1\\\/2026\\\/09\\\/04\\\/la-reflexion-del-cholo-simeone-sobre-julian-alvarez\\\/\",\"name\":\"La reflexi\u00f3n del Cholo Simeone sobre Juli\u00e1n \u00c1lvarez - Radio Infinita Goya\",\"isPartOf\":{\"@id\":\"https:\\\/\\\/radioinfinitagoya.com.ar\\\/v1\\\/#website\"},\"primaryImageOfPage\":{\"@id\":\"https:\\\/\\\/radioinfinitagoya.com.ar\\\/v1\\\/2026\\\/09\\\/04\\\/la-reflexion-del-cholo-simeone-sobre-julian-alvarez\\\/#primaryimage\"},\"image\":{\"@id\":\"https:\\\/\\\/radioinfinitagoya.com.ar\\\/v1\\\/2026\\\/09\\\/04\\\/la-reflexion-del-cholo-simeone-sobre-julian-alvarez\\\/#primaryimage\"},\"thumbnailUrl\":\"https:\\\/\\\/radioinfinitagoya.com.ar\\\/v1\\\/wp-content\\\/uploads\\\/2026\\\/09\\\/simeone-julian.webp\",\"datePublished\":\"2026-09-04T19:30:52+00:00\",\"description\":\"Antes de su regreso con Atl\u00e9tico de Madrid El entrenador del Colchonero confirm\u00f3 que el delantero argentino ser\u00e1 parte de la delegaci\u00f3n que viajar\u00e1 a\",\"breadcrumb\":{\"@id\":\"https:\\\/\\\/radioinfinitagoya.com.ar\\\/v1\\\/2026\\\/09\\\/04\\\/la-reflexion-del-cholo-simeone-sobre-julian-alvarez\\\/#breadcrumb\"},\"inLanguage\":\"es-AR\",\"potentialAction\":[{\"@type\":\"ReadAction\",\"target\":[\"https:\\\/\\\/radioinfinitagoya.com.ar\\\/v1\\\/2026\\\/09\\\/04\\\/la-reflexion-del-cholo-simeone-sobre-julian-alvarez\\\/\"]}]},{\"@type\":\"ImageObject\",\"inLanguage\":\"es-AR\",\"@id\":\"https:\\\/\\\/radioinfinitagoya.com.ar\\\/v1\\\/2026\\\/09\\\/04\\\/la-reflexion-del-cholo-simeone-sobre-julian-alvarez\\\/#primaryimage\",\"url\":\"https:\\\/\\\/radioinfinitagoya.com.ar\\\/v1\\\/wp-content\\\/uploads\\\/2026\\\/09\\\/simeone-julian.webp\",\"contentUrl\":\"https:\\\/\\\/radioinfinitagoya.com.ar\\\/v1\\\/wp-content\\\/uploads\\\/2026\\\/09\\\/simeone-julian.webp\",\"width\":610,\"height\":460},{\"@type\":\"BreadcrumbList\",\"@id\":\"https:\\\/\\\/radioinfinitagoya.com.ar\\\/v1\\\/2026\\\/09\\\/04\\\/la-reflexion-del-cholo-simeone-sobre-julian-alvarez\\\/#breadcrumb\",\"itemListElement\":[{\"@type\":\"ListItem\",\"position\":1,\"name\":\"Inicio\",\"item\":\"https:\\\/\\\/radioinfinitagoya.com.ar\\\/v1\\\/\"},{\"@type\":\"ListItem\",\"position\":2,\"name\":\"La reflexi\u00f3n del Cholo Simeone sobre Juli\u00e1n \u00c1lvarez\"}]},{\"@type\":\"WebSite\",\"@id\":\"https:\\\/\\\/radioinfinitagoya.com.ar\\\/v1\\\/#website\",\"url\":\"https:\\\/\\\/radioinfinitagoya.com.ar\\\/v1\\\/\",\"name\":\"radioinfinitagoya.com.ar\",\"description\":\"Radio de noticias\",\"publisher\":{\"@id\":\"https:\\\/\\\/radioinfinitagoya.com.ar\\\/v1\\\/#organization\"},\"potentialAction\":[{\"@type\":\"SearchAction\",\"target\":{\"@type\":\"EntryPoint\",\"urlTemplate\":\"https:\\\/\\\/radioinfinitagoya.com.ar\\\/v1\\\/?s={search_term_string}\"},\"query-input\":{\"@type\":\"PropertyValueSpecification\",\"valueRequired\":true,\"valueName\":\"search_term_string\"}}],\"inLanguage\":\"es-AR\"},{\"@type\":\"Organization\",\"@id\":\"https:\\\/\\\/radioinfinitagoya.com.ar\\\/v1\\\/#organization\",\"name\":\"Radio Infinita Goya\",\"url\":\"https:\\\/\\\/radioinfinitagoya.com.ar\\\/v1\\\/\",\"logo\":{\"@type\":\"ImageObject\",\"inLanguage\":\"es-AR\",\"@id\":\"https:\\\/\\\/radioinfinitagoya.com.ar\\\/v1\\\/#\\\/schema\\\/logo\\\/image\\\/\",\"url\":\"https:\\\/\\\/radioinfinitagoya.com.ar\\\/v1\\\/wp-content\\\/uploads\\\/2019\\\/11\\\/logo-pie-web.png\",\"contentUrl\":\"https:\\\/\\\/radioinfinitagoya.com.ar\\\/v1\\\/wp-content\\\/uploads\\\/2019\\\/11\\\/logo-pie-web.png\",\"width\":635,\"height\":326,\"caption\":\"Radio Infinita Goya\"},\"image\":{\"@id\":\"https:\\\/\\\/radioinfinitagoya.com.ar\\\/v1\\\/#\\\/schema\\\/logo\\\/image\\\/\"},\"sameAs\":[\"https:\\\/\\\/www.facebook.com\\\/p\\\/Infinita-Goya-100063870918311\\\/\"]},{\"@type\":\"Person\",\"@id\":\"https:\\\/\\\/radioinfinitagoya.com.ar\\\/v1\\\/#\\\/schema\\\/person\\\/d4cf9c413d4f6edb24aabdccab49ca4a\",\"name\":\"Jorge Mi\u00f1o\",\"image\":{\"@type\":\"ImageObject\",\"inLanguage\":\"es-AR\",\"@id\":\"https:\\\/\\\/secure.gravatar.com\\\/avatar\\\/910fcf6728fe95320e07a6643c1581fec1c7fc4bf8ae12e3d8f0d0373dc844be?s=96&d=mm&r=g\",\"url\":\"https:\\\/\\\/secure.gravatar.com\\\/avatar\\\/910fcf6728fe95320e07a6643c1581fec1c7fc4bf8ae12e3d8f0d0373dc844be?s=96&d=mm&r=g\",\"contentUrl\":\"https:\\\/\\\/secure.gravatar.com\\\/avatar\\\/910fcf6728fe95320e07a6643c1581fec1c7fc4bf8ae12e3d8f0d0373dc844be?s=96&d=mm&r=g\",\"caption\":\"Jorge Mi\u00f1o\"},\"sameAs\":[\"http:\\\/\\\/radioinfinitagoya.com.ar\"]}]}<\/script>\n<!-- \/ Yoast SEO plugin. -->","yoast_head_json":{"title":"La reflexi\u00f3n del Cholo Simeone sobre Juli\u00e1n \u00c1lvarez - Radio Infinita Goya","description":"Antes de su regreso con Atl\u00e9tico de Madrid El entrenador del Colchonero confirm\u00f3 que el delantero argentino ser\u00e1 parte de la delegaci\u00f3n que viajar\u00e1 a","robots":{"index":"index","follow":"follow","max-snippet":"max-snippet:-1","max-image-preview":"max-image-preview:large","max-video-preview":"max-video-preview:-1"},"canonical":"https:\/\/radioinfinitagoya.com.ar\/v1\/2026\/09\/04\/la-reflexion-del-cholo-simeone-sobre-julian-alvarez\/","og_locale":"es_ES","og_type":"article","og_title":"La reflexi\u00f3n del Cholo Simeone sobre Juli\u00e1n \u00c1lvarez - Radio Infinita Goya","og_description":"Antes de su regreso con Atl\u00e9tico de Madrid El entrenador del Colchonero confirm\u00f3 que el delantero argentino ser\u00e1 parte de la delegaci\u00f3n que viajar\u00e1 a","og_url":"https:\/\/radioinfinitagoya.com.ar\/v1\/2026\/09\/04\/la-reflexion-del-cholo-simeone-sobre-julian-alvarez\/","og_site_name":"Radio Infinita Goya","article_publisher":"https:\/\/www.facebook.com\/p\/Infinita-Goya-100063870918311\/","article_published_time":"2026-09-04T19:30:52+00:00","og_image":[{"width":610,"height":460,"url":"https:\/\/radioinfinitagoya.com.ar\/v1\/wp-content\/uploads\/2026\/09\/simeone-julian.webp","type":"image\/webp"}],"author":"Jorge Mi\u00f1o","twitter_card":"summary_large_image","twitter_misc":{"Escrito por":"Jorge Mi\u00f1o","Tiempo de lectura":"3 minutos"},"schema":{"@context":"https:\/\/schema.org","@graph":[{"@type":"Article","@id":"https:\/\/radioinfinitagoya.com.ar\/v1\/2026\/09\/04\/la-reflexion-del-cholo-simeone-sobre-julian-alvarez\/#article","isPartOf":{"@id":"https:\/\/radioinfinitagoya.com.ar\/v1\/2026\/09\/04\/la-reflexion-del-cholo-simeone-sobre-julian-alvarez\/"},"author":{"name":"Jorge Mi\u00f1o","@id":"https:\/\/radioinfinitagoya.com.ar\/v1\/#\/schema\/person\/d4cf9c413d4f6edb24aabdccab49ca4a"},"headline":"La reflexi\u00f3n del Cholo Simeone sobre Juli\u00e1n \u00c1lvarez","datePublished":"2026-09-04T19:30:52+00:00","mainEntityOfPage":{"@id":"https:\/\/radioinfinitagoya.com.ar\/v1\/2026\/09\/04\/la-reflexion-del-cholo-simeone-sobre-julian-alvarez\/"},"wordCount":659,"commentCount":0,"publisher":{"@id":"https:\/\/radioinfinitagoya.com.ar\/v1\/#organization"},"image":{"@id":"https:\/\/radioinfinitagoya.com.ar\/v1\/2026\/09\/04\/la-reflexion-del-cholo-simeone-sobre-julian-alvarez\/#primaryimage"},"thumbnailUrl":"https:\/\/radioinfinitagoya.com.ar\/v1\/wp-content\/uploads\/2026\/09\/simeone-julian.webp","articleSection":["DEPORTES"],"inLanguage":"es-AR","potentialAction":[{"@type":"CommentAction","name":"Comment","target":["https:\/\/radioinfinitagoya.com.ar\/v1\/2026\/09\/04\/la-reflexion-del-cholo-simeone-sobre-julian-alvarez\/#respond"]}]},{"@type":"WebPage","@id":"https:\/\/radioinfinitagoya.com.ar\/v1\/2026\/09\/04\/la-reflexion-del-cholo-simeone-sobre-julian-alvarez\/","url":"https:\/\/radioinfinitagoya.com.ar\/v1\/2026\/09\/04\/la-reflexion-del-cholo-simeone-sobre-julian-alvarez\/","name":"La reflexi\u00f3n del Cholo Simeone sobre Juli\u00e1n \u00c1lvarez - Radio Infinita Goya","isPartOf":{"@id":"https:\/\/radioinfinitagoya.com.ar\/v1\/#website"},"primaryImageOfPage":{"@id":"https:\/\/radioinfinitagoya.com.ar\/v1\/2026\/09\/04\/la-reflexion-del-cholo-simeone-sobre-julian-alvarez\/#primaryimage"},"image":{"@id":"https:\/\/radioinfinitagoya.com.ar\/v1\/2026\/09\/04\/la-reflexion-del-cholo-simeone-sobre-julian-alvarez\/#primaryimage"},"thumbnailUrl":"https:\/\/radioinfinitagoya.com.ar\/v1\/wp-content\/uploads\/2026\/09\/simeone-julian.webp","datePublished":"2026-09-04T19:30:52+00:00","description":"Antes de su regreso con Atl\u00e9tico de Madrid El entrenador del Colchonero confirm\u00f3 que el delantero argentino ser\u00e1 parte de la delegaci\u00f3n que viajar\u00e1 a","breadcrumb":{"@id":"https:\/\/radioinfinitagoya.com.ar\/v1\/2026\/09\/04\/la-reflexion-del-cholo-simeone-sobre-julian-alvarez\/#breadcrumb"},"inLanguage":"es-AR","potentialAction":[{"@type":"ReadAction","target":["https:\/\/radioinfinitagoya.com.ar\/v1\/2026\/09\/04\/la-reflexion-del-cholo-simeone-sobre-julian-alvarez\/"]}]},{"@type":"ImageObject","inLanguage":"es-AR","@id":"https:\/\/radioinfinitagoya.com.ar\/v1\/2026\/09\/04\/la-reflexion-del-cholo-simeone-sobre-julian-alvarez\/#primaryimage","url":"https:\/\/radioinfinitagoya.com.ar\/v1\/wp-content\/uploads\/2026\/09\/simeone-julian.webp","contentUrl":"https:\/\/radioinfinitagoya.com.ar\/v1\/wp-content\/uploads\/2026\/09\/simeone-julian.webp","width":610,"height":460},{"@type":"BreadcrumbList","@id":"https:\/\/radioinfinitagoya.com.ar\/v1\/2026\/09\/04\/la-reflexion-del-cholo-simeone-sobre-julian-alvarez\/#breadcrumb","itemListElement":[{"@type":"ListItem","position":1,"name":"Inicio","item":"https:\/\/radioinfinitagoya.com.ar\/v1\/"},{"@type":"ListItem","position":2,"name":"La reflexi\u00f3n del Cholo Simeone sobre Juli\u00e1n \u00c1lvarez"}]},{"@type":"WebSite","@id":"https:\/\/radioinfinitagoya.com.ar\/v1\/#website","url":"https:\/\/radioinfinitagoya.com.ar\/v1\/","name":"radioinfinitagoya.com.ar","description":"Radio de noticias","publisher":{"@id":"https:\/\/radioinfinitagoya.com.ar\/v1\/#organization"},"potentialAction":[{"@type":"SearchAction","target":{"@type":"EntryPoint","urlTemplate":"https:\/\/radioinfinitagoya.com.ar\/v1\/?s={search_term_string}"},"query-input":{"@type":"PropertyValueSpecification","valueRequired":true,"valueName":"search_term_string"}}],"inLanguage":"es-AR"},{"@type":"Organization","@id":"https:\/\/radioinfinitagoya.com.ar\/v1\/#organization","name":"Radio Infinita Goya","url":"https:\/\/radioinfinitagoya.com.ar\/v1\/","logo":{"@type":"ImageObject","inLanguage":"es-AR","@id":"https:\/\/radioinfinitagoya.com.ar\/v1\/#\/schema\/logo\/image\/","url":"https:\/\/radioinfinitagoya.com.ar\/v1\/wp-content\/uploads\/2019\/11\/logo-pie-web.png","contentUrl":"https:\/\/radioinfinitagoya.com.ar\/v1\/wp-content\/uploads\/2019\/11\/logo-pie-web.png","width":635,"height":326,"caption":"Radio Infinita Goya"},"image":{"@id":"https:\/\/radioinfinitagoya.com.ar\/v1\/#\/schema\/logo\/image\/"},"sameAs":["https:\/\/www.facebook.com\/p\/Infinita-Goya-100063870918311\/"]},{"@type":"Person","@id":"https:\/\/radioinfinitagoya.com.ar\/v1\/#\/schema\/person\/d4cf9c413d4f6edb24aabdccab49ca4a","name":"Jorge Mi\u00f1o","image":{"@type":"ImageObject","inLanguage":"es-AR","@id":"https:\/\/secure.gravatar.com\/avatar\/910fcf6728fe95320e07a6643c1581fec1c7fc4bf8ae12e3d8f0d0373dc844be?s=96&d=mm&r=g","url":"https:\/\/secure.gravatar.com\/avatar\/910fcf6728fe95320e07a6643c1581fec1c7fc4bf8ae12e3d8f0d0373dc844be?s=96&d=mm&r=g","contentUrl":"https:\/\/secure.gravatar.com\/avatar\/910fcf6728fe95320e07a6643c1581fec1c7fc4bf8ae12e3d8f0d0373dc844be?s=96&d=mm&r=g","caption":"Jorge Mi\u00f1o"},"sameAs":["http:\/\/radioinfinitagoya.com.ar"]}]}},"_links":{"self":[{"href":"https:\/\/radioinfinitagoya.com.ar\/v1\/wp-json\/wp\/v2\/posts\/226716","targetHints":{"allow":["GET"]}}],"collection":[{"href":"https:\/\/radioinfinitagoya.com.ar\/v1\/wp-json\/wp\/v2\/posts"}],"about":[{"href":"https:\/\/radioinfinitagoya.com.ar\/v1\/wp-json\/wp\/v2\/types\/post"}],"author":[{"embeddable":true,"href":"https:\/\/radioinfinitagoya.com.ar\/v1\/wp-json\/wp\/v2\/users\/4"}],"replies":[{"embeddable":true,"href":"https:\/\/radioinfinitagoya.com.ar\/v1\/wp-json\/wp\/v2\/comments?post=226716"}],"version-history":[{"count":1,"href":"https:\/\/radioinfinitagoya.com.ar\/v1\/wp-json\/wp\/v2\/posts\/226716\/revisions"}],"predecessor-version":[{"id":226718,"href":"https:\/\/radioinfinitagoya.com.ar\/v1\/wp-json\/wp\/v2\/posts\/226716\/revisions\/226718"}],"wp:featuredmedia":[{"embeddable":true,"href":"https:\/\/radioinfinitagoya.com.ar\/v1\/wp-json\/wp\/v2\/media\/226717"}],"wp:attachment":[{"href":"https:\/\/radioinfinitagoya.com.ar\/v1\/wp-json\/wp\/v2\/media?parent=226716"}],"wp:term":[{"taxonomy":"category","embeddable":true,"href":"https:\/\/radioinfinitagoya.com.ar\/v1\/wp-json\/wp\/v2\/categories?post=226716"},{"taxonomy":"post_tag","embeddable":true,"href":"https:\/\/radioinfinitagoya.com.ar\/v1\/wp-json\/wp\/v2\/tags?post=226716"}],"curies":[{"name":"wp","href":"https:\/\/api.w.org\/{rel}","templated":true}]}}