{"id":226719,"date":"2026-09-04T16:32:23","date_gmt":"2026-09-04T19:32:23","guid":{"rendered":"https:\/\/radioinfinitagoya.com.ar\/v1\/?p=226719"},"modified":"2026-09-04T16:32:51","modified_gmt":"2026-09-04T19:32:51","slug":"franco-colapinto-rompio-el-silencio-tras-renovar-con-alpine-obviamente-me-lo-merecia","status":"publish","type":"post","link":"https:\/\/radioinfinitagoya.com.ar\/v1\/2026\/09\/04\/franco-colapinto-rompio-el-silencio-tras-renovar-con-alpine-obviamente-me-lo-merecia\/","title":{"rendered":"Franco Colapinto rompi\u00f3 el silencio tras renovar con Alpine"},"content":{"rendered":"<p>&#8220;Obviamente me lo merec\u00eda&#8221;<\/p>\n<p>En la antesala del Gran Premio de Italia en Monza, el piloto argentino analiz\u00f3 la extensi\u00f3n de su v\u00ednculo con la escuder\u00eda francesa de cara a 2027.<\/p>\n<p>El Gran Premio de Italia no ser\u00e1 un fin de semana m\u00e1s para Franco Colapinto . Tras la confirmaci\u00f3n oficial sobre la extensi\u00f3n de su contrato con Alpine, el piloto argentino afrontar\u00e1 la cita en el m\u00edtico trazado de Monza con la tranquilidad de tener su asiento asegurado como compa\u00f1ero de Pierre Gasly para la temporada 2027. En la previa de los primeros ensayos, el pilarense analiz\u00f3 este paso crucial en su carrera y se mostr\u00f3 sumamente confiado en el trabajo realizado.<\/p>\n<p>En di\u00e1logo con los medios oficiales de la F\u00f3rmula 1, dej\u00f3 en claro que la noticia le aporta estabilidad, aunque remarc\u00f3 que su mentalidad se mantiene intacta. &#8220;Estoy muy feliz y contento. Creo que esto trae un poco de tranquilidad, pero yo sigo trabajando de la misma manera. No me siento diferente a antes porque estaba muy tranquilo con la labor que ven\u00eda haciendo&#8221;, explic\u00f3 el corredor bonaerense, enfocado en el crecimiento progresivo de la escuder\u00eda gala.<\/p>\n<p>Al reflexionar sobre su nivel deportivo, el argentino de 23 a\u00f1os fue contundente respecto al m\u00e9rito de su continuidad en la m\u00e1xima categor\u00eda del automovilismo mundial. &#8220;Este a\u00f1o me sent\u00ed bien desde el principio, tuve mucha convicci\u00f3n de lo que quer\u00eda hacer. Creo que obviamente me merec\u00eda seguir, de eso no hay ninguna duda. Tuve un gran a\u00f1o y por eso quiz\u00e1s no sent\u00eda esa tensi\u00f3n del a\u00f1o pasado, cuando no me encontraba del todo c\u00f3modo con el auto&#8221;, argument\u00f3 sin rodeos.<\/p>\n<p>Franco Colapinto rompi\u00f3 el silencio tras renovar con Alpine<br \/>\nEl balance positivo del volante albiceleste no solo se refleja en sus palabras, sino tambi\u00e9n en la consideraci\u00f3n de la c\u00fapula del equipo con sede en Enstone. Flavio Briatore, asesor ejecutivo y jefe de la escuder\u00eda, respald\u00f3 p\u00fablicamente la decisi\u00f3n de renovarle el contrato y elogi\u00f3 la evoluci\u00f3n demostrada en pista a lo largo del calendario.<\/p>\n<p>&#8220;Este a\u00f1o hemos visto a Franco crecer y madurar hasta convertirse en un gran piloto&#8221;, sentenci\u00f3 el dirigente italiano al justificar la maniobra contractual. Adem\u00e1s, remarc\u00f3 que las actuaciones en los trazados de Miami y Montreal confirmaron de forma definitiva que &#8220;pertenece a la F\u00f3rmula 1 y a este equipo&#8221;. Con el respaldo de la dirigencia y el futuro asegurado, Colapinto buscar\u00e1 traducir esa serenidad en un buen resultado sobre el ardiente asfalto de Monza.<\/p>\n","protected":false},"excerpt":{"rendered":"<p>&#8220;Obviamente me lo merec\u00eda&#8221; En la antesala del Gran Premio de Italia en Monza, el piloto argentino analiz\u00f3 la extensi\u00f3n de su v\u00ednculo con la escuder\u00eda francesa de cara a 2027. El Gran Premio de Italia no ser\u00e1 un fin de semana m\u00e1s para Franco Colapinto . Tras la confirmaci\u00f3n oficial sobre la extensi\u00f3n de [&hellip;]<\/p>\n","protected":false},"author":4,"featured_media":226720,"comment_status":"open","ping_status":"open","sticky":false,"template":"","format":"standard","meta":{"_joinchat":[],"footnotes":""},"categories":[28],"tags":[],"class_list":["post-226719","post","type-post","status-publish","format-standard","has-post-thumbnail","category-deportes"],"yoast_head":"<!-- This site is optimized with the Yoast SEO plugin v27.7 - https:\/\/yoast.com\/product\/yoast-seo-wordpress\/ -->\n<title>Franco Colapinto rompi\u00f3 el silencio tras renovar con Alpine - Radio Infinita Goya<\/title>\n<meta name=\"description\" content=\"&quot;Obviamente me lo merec\u00eda&quot; En la antesala del Gran Premio de Italia en Monza, el piloto argentino analiz\u00f3 la extensi\u00f3n de su v\u00ednculo con la escuder\u00eda\" \/>\n<meta name=\"robots\" content=\"index, follow, max-snippet:-1, max-image-preview:large, max-video-preview:-1\" \/>\n<link rel=\"canonical\" href=\"https:\/\/radioinfinitagoya.com.ar\/v1\/2026\/09\/04\/franco-colapinto-rompio-el-silencio-tras-renovar-con-alpine-obviamente-me-lo-merecia\/\" \/>\n<meta property=\"og:locale\" content=\"es_ES\" \/>\n<meta property=\"og:type\" content=\"article\" \/>\n<meta property=\"og:title\" content=\"Franco Colapinto rompi\u00f3 el silencio tras renovar con Alpine - Radio Infinita Goya\" \/>\n<meta property=\"og:description\" content=\"&quot;Obviamente me lo merec\u00eda&quot; En la antesala del Gran Premio de Italia en Monza, el piloto argentino analiz\u00f3 la extensi\u00f3n de su v\u00ednculo con la escuder\u00eda\" \/>\n<meta property=\"og:url\" content=\"https:\/\/radioinfinitagoya.com.ar\/v1\/2026\/09\/04\/franco-colapinto-rompio-el-silencio-tras-renovar-con-alpine-obviamente-me-lo-merecia\/\" \/>\n<meta property=\"og:site_name\" content=\"Radio Infinita Goya\" \/>\n<meta property=\"article:publisher\" content=\"https:\/\/www.facebook.com\/p\/Infinita-Goya-100063870918311\/\" \/>\n<meta property=\"article:published_time\" content=\"2026-09-04T19:32:23+00:00\" \/>\n<meta property=\"article:modified_time\" content=\"2026-09-04T19:32:51+00:00\" \/>\n<meta property=\"og:image\" content=\"https:\/\/radioinfinitagoya.com.ar\/v1\/wp-content\/uploads\/2026\/09\/292720w380h285c.jpg.webp\" \/>\n\t<meta property=\"og:image:width\" content=\"380\" \/>\n\t<meta property=\"og:image:height\" content=\"285\" \/>\n\t<meta property=\"og:image:type\" content=\"image\/webp\" \/>\n<meta name=\"author\" content=\"Jorge Mi\u00f1o\" \/>\n<meta name=\"twitter:card\" content=\"summary_large_image\" \/>\n<meta name=\"twitter:label1\" content=\"Escrito por\" \/>\n\t<meta name=\"twitter:data1\" content=\"Jorge Mi\u00f1o\" \/>\n\t<meta name=\"twitter:label2\" content=\"Tiempo de lectura\" \/>\n\t<meta name=\"twitter:data2\" content=\"3 minutos\" \/>\n<script type=\"application\/ld+json\" class=\"yoast-schema-graph\">{\"@context\":\"https:\\\/\\\/schema.org\",\"@graph\":[{\"@type\":\"Article\",\"@id\":\"https:\\\/\\\/radioinfinitagoya.com.ar\\\/v1\\\/2026\\\/09\\\/04\\\/franco-colapinto-rompio-el-silencio-tras-renovar-con-alpine-obviamente-me-lo-merecia\\\/#article\",\"isPartOf\":{\"@id\":\"https:\\\/\\\/radioinfinitagoya.com.ar\\\/v1\\\/2026\\\/09\\\/04\\\/franco-colapinto-rompio-el-silencio-tras-renovar-con-alpine-obviamente-me-lo-merecia\\\/\"},\"author\":{\"name\":\"Jorge Mi\u00f1o\",\"@id\":\"https:\\\/\\\/radioinfinitagoya.com.ar\\\/v1\\\/#\\\/schema\\\/person\\\/d4cf9c413d4f6edb24aabdccab49ca4a\"},\"headline\":\"Franco Colapinto rompi\u00f3 el silencio tras renovar con Alpine\",\"datePublished\":\"2026-09-04T19:32:23+00:00\",\"dateModified\":\"2026-09-04T19:32:51+00:00\",\"mainEntityOfPage\":{\"@id\":\"https:\\\/\\\/radioinfinitagoya.com.ar\\\/v1\\\/2026\\\/09\\\/04\\\/franco-colapinto-rompio-el-silencio-tras-renovar-con-alpine-obviamente-me-lo-merecia\\\/\"},\"wordCount\":452,\"commentCount\":0,\"publisher\":{\"@id\":\"https:\\\/\\\/radioinfinitagoya.com.ar\\\/v1\\\/#organization\"},\"image\":{\"@id\":\"https:\\\/\\\/radioinfinitagoya.com.ar\\\/v1\\\/2026\\\/09\\\/04\\\/franco-colapinto-rompio-el-silencio-tras-renovar-con-alpine-obviamente-me-lo-merecia\\\/#primaryimage\"},\"thumbnailUrl\":\"https:\\\/\\\/radioinfinitagoya.com.ar\\\/v1\\\/wp-content\\\/uploads\\\/2026\\\/09\\\/292720w380h285c.jpg.webp\",\"articleSection\":[\"DEPORTES\"],\"inLanguage\":\"es-AR\",\"potentialAction\":[{\"@type\":\"CommentAction\",\"name\":\"Comment\",\"target\":[\"https:\\\/\\\/radioinfinitagoya.com.ar\\\/v1\\\/2026\\\/09\\\/04\\\/franco-colapinto-rompio-el-silencio-tras-renovar-con-alpine-obviamente-me-lo-merecia\\\/#respond\"]}]},{\"@type\":\"WebPage\",\"@id\":\"https:\\\/\\\/radioinfinitagoya.com.ar\\\/v1\\\/2026\\\/09\\\/04\\\/franco-colapinto-rompio-el-silencio-tras-renovar-con-alpine-obviamente-me-lo-merecia\\\/\",\"url\":\"https:\\\/\\\/radioinfinitagoya.com.ar\\\/v1\\\/2026\\\/09\\\/04\\\/franco-colapinto-rompio-el-silencio-tras-renovar-con-alpine-obviamente-me-lo-merecia\\\/\",\"name\":\"Franco Colapinto rompi\u00f3 el silencio tras renovar con Alpine - Radio Infinita Goya\",\"isPartOf\":{\"@id\":\"https:\\\/\\\/radioinfinitagoya.com.ar\\\/v1\\\/#website\"},\"primaryImageOfPage\":{\"@id\":\"https:\\\/\\\/radioinfinitagoya.com.ar\\\/v1\\\/2026\\\/09\\\/04\\\/franco-colapinto-rompio-el-silencio-tras-renovar-con-alpine-obviamente-me-lo-merecia\\\/#primaryimage\"},\"image\":{\"@id\":\"https:\\\/\\\/radioinfinitagoya.com.ar\\\/v1\\\/2026\\\/09\\\/04\\\/franco-colapinto-rompio-el-silencio-tras-renovar-con-alpine-obviamente-me-lo-merecia\\\/#primaryimage\"},\"thumbnailUrl\":\"https:\\\/\\\/radioinfinitagoya.com.ar\\\/v1\\\/wp-content\\\/uploads\\\/2026\\\/09\\\/292720w380h285c.jpg.webp\",\"datePublished\":\"2026-09-04T19:32:23+00:00\",\"dateModified\":\"2026-09-04T19:32:51+00:00\",\"description\":\"\\\"Obviamente me lo merec\u00eda\\\" En la antesala del Gran Premio de Italia en Monza, el piloto argentino analiz\u00f3 la extensi\u00f3n de su v\u00ednculo con la escuder\u00eda\",\"breadcrumb\":{\"@id\":\"https:\\\/\\\/radioinfinitagoya.com.ar\\\/v1\\\/2026\\\/09\\\/04\\\/franco-colapinto-rompio-el-silencio-tras-renovar-con-alpine-obviamente-me-lo-merecia\\\/#breadcrumb\"},\"inLanguage\":\"es-AR\",\"potentialAction\":[{\"@type\":\"ReadAction\",\"target\":[\"https:\\\/\\\/radioinfinitagoya.com.ar\\\/v1\\\/2026\\\/09\\\/04\\\/franco-colapinto-rompio-el-silencio-tras-renovar-con-alpine-obviamente-me-lo-merecia\\\/\"]}]},{\"@type\":\"ImageObject\",\"inLanguage\":\"es-AR\",\"@id\":\"https:\\\/\\\/radioinfinitagoya.com.ar\\\/v1\\\/2026\\\/09\\\/04\\\/franco-colapinto-rompio-el-silencio-tras-renovar-con-alpine-obviamente-me-lo-merecia\\\/#primaryimage\",\"url\":\"https:\\\/\\\/radioinfinitagoya.com.ar\\\/v1\\\/wp-content\\\/uploads\\\/2026\\\/09\\\/292720w380h285c.jpg.webp\",\"contentUrl\":\"https:\\\/\\\/radioinfinitagoya.com.ar\\\/v1\\\/wp-content\\\/uploads\\\/2026\\\/09\\\/292720w380h285c.jpg.webp\",\"width\":380,\"height\":285},{\"@type\":\"BreadcrumbList\",\"@id\":\"https:\\\/\\\/radioinfinitagoya.com.ar\\\/v1\\\/2026\\\/09\\\/04\\\/franco-colapinto-rompio-el-silencio-tras-renovar-con-alpine-obviamente-me-lo-merecia\\\/#breadcrumb\",\"itemListElement\":[{\"@type\":\"ListItem\",\"position\":1,\"name\":\"Inicio\",\"item\":\"https:\\\/\\\/radioinfinitagoya.com.ar\\\/v1\\\/\"},{\"@type\":\"ListItem\",\"position\":2,\"name\":\"Franco Colapinto rompi\u00f3 el silencio tras renovar con Alpine\"}]},{\"@type\":\"WebSite\",\"@id\":\"https:\\\/\\\/radioinfinitagoya.com.ar\\\/v1\\\/#website\",\"url\":\"https:\\\/\\\/radioinfinitagoya.com.ar\\\/v1\\\/\",\"name\":\"radioinfinitagoya.com.ar\",\"description\":\"Radio de noticias\",\"publisher\":{\"@id\":\"https:\\\/\\\/radioinfinitagoya.com.ar\\\/v1\\\/#organization\"},\"potentialAction\":[{\"@type\":\"SearchAction\",\"target\":{\"@type\":\"EntryPoint\",\"urlTemplate\":\"https:\\\/\\\/radioinfinitagoya.com.ar\\\/v1\\\/?s={search_term_string}\"},\"query-input\":{\"@type\":\"PropertyValueSpecification\",\"valueRequired\":true,\"valueName\":\"search_term_string\"}}],\"inLanguage\":\"es-AR\"},{\"@type\":\"Organization\",\"@id\":\"https:\\\/\\\/radioinfinitagoya.com.ar\\\/v1\\\/#organization\",\"name\":\"Radio Infinita Goya\",\"url\":\"https:\\\/\\\/radioinfinitagoya.com.ar\\\/v1\\\/\",\"logo\":{\"@type\":\"ImageObject\",\"inLanguage\":\"es-AR\",\"@id\":\"https:\\\/\\\/radioinfinitagoya.com.ar\\\/v1\\\/#\\\/schema\\\/logo\\\/image\\\/\",\"url\":\"https:\\\/\\\/radioinfinitagoya.com.ar\\\/v1\\\/wp-content\\\/uploads\\\/2019\\\/11\\\/logo-pie-web.png\",\"contentUrl\":\"https:\\\/\\\/radioinfinitagoya.com.ar\\\/v1\\\/wp-content\\\/uploads\\\/2019\\\/11\\\/logo-pie-web.png\",\"width\":635,\"height\":326,\"caption\":\"Radio Infinita Goya\"},\"image\":{\"@id\":\"https:\\\/\\\/radioinfinitagoya.com.ar\\\/v1\\\/#\\\/schema\\\/logo\\\/image\\\/\"},\"sameAs\":[\"https:\\\/\\\/www.facebook.com\\\/p\\\/Infinita-Goya-100063870918311\\\/\"]},{\"@type\":\"Person\",\"@id\":\"https:\\\/\\\/radioinfinitagoya.com.ar\\\/v1\\\/#\\\/schema\\\/person\\\/d4cf9c413d4f6edb24aabdccab49ca4a\",\"name\":\"Jorge Mi\u00f1o\",\"image\":{\"@type\":\"ImageObject\",\"inLanguage\":\"es-AR\",\"@id\":\"https:\\\/\\\/secure.gravatar.com\\\/avatar\\\/910fcf6728fe95320e07a6643c1581fec1c7fc4bf8ae12e3d8f0d0373dc844be?s=96&d=mm&r=g\",\"url\":\"https:\\\/\\\/secure.gravatar.com\\\/avatar\\\/910fcf6728fe95320e07a6643c1581fec1c7fc4bf8ae12e3d8f0d0373dc844be?s=96&d=mm&r=g\",\"contentUrl\":\"https:\\\/\\\/secure.gravatar.com\\\/avatar\\\/910fcf6728fe95320e07a6643c1581fec1c7fc4bf8ae12e3d8f0d0373dc844be?s=96&d=mm&r=g\",\"caption\":\"Jorge Mi\u00f1o\"},\"sameAs\":[\"http:\\\/\\\/radioinfinitagoya.com.ar\"]}]}<\/script>\n<!-- \/ Yoast SEO plugin. -->","yoast_head_json":{"title":"Franco Colapinto rompi\u00f3 el silencio tras renovar con Alpine - Radio Infinita Goya","description":"\"Obviamente me lo merec\u00eda\" En la antesala del Gran Premio de Italia en Monza, el piloto argentino analiz\u00f3 la extensi\u00f3n de su v\u00ednculo con la escuder\u00eda","robots":{"index":"index","follow":"follow","max-snippet":"max-snippet:-1","max-image-preview":"max-image-preview:large","max-video-preview":"max-video-preview:-1"},"canonical":"https:\/\/radioinfinitagoya.com.ar\/v1\/2026\/09\/04\/franco-colapinto-rompio-el-silencio-tras-renovar-con-alpine-obviamente-me-lo-merecia\/","og_locale":"es_ES","og_type":"article","og_title":"Franco Colapinto rompi\u00f3 el silencio tras renovar con Alpine - Radio Infinita Goya","og_description":"\"Obviamente me lo merec\u00eda\" En la antesala del Gran Premio de Italia en Monza, el piloto argentino analiz\u00f3 la extensi\u00f3n de su v\u00ednculo con la escuder\u00eda","og_url":"https:\/\/radioinfinitagoya.com.ar\/v1\/2026\/09\/04\/franco-colapinto-rompio-el-silencio-tras-renovar-con-alpine-obviamente-me-lo-merecia\/","og_site_name":"Radio Infinita Goya","article_publisher":"https:\/\/www.facebook.com\/p\/Infinita-Goya-100063870918311\/","article_published_time":"2026-09-04T19:32:23+00:00","article_modified_time":"2026-09-04T19:32:51+00:00","og_image":[{"width":380,"height":285,"url":"https:\/\/radioinfinitagoya.com.ar\/v1\/wp-content\/uploads\/2026\/09\/292720w380h285c.jpg.webp","type":"image\/webp"}],"author":"Jorge Mi\u00f1o","twitter_card":"summary_large_image","twitter_misc":{"Escrito por":"Jorge Mi\u00f1o","Tiempo de lectura":"3 minutos"},"schema":{"@context":"https:\/\/schema.org","@graph":[{"@type":"Article","@id":"https:\/\/radioinfinitagoya.com.ar\/v1\/2026\/09\/04\/franco-colapinto-rompio-el-silencio-tras-renovar-con-alpine-obviamente-me-lo-merecia\/#article","isPartOf":{"@id":"https:\/\/radioinfinitagoya.com.ar\/v1\/2026\/09\/04\/franco-colapinto-rompio-el-silencio-tras-renovar-con-alpine-obviamente-me-lo-merecia\/"},"author":{"name":"Jorge Mi\u00f1o","@id":"https:\/\/radioinfinitagoya.com.ar\/v1\/#\/schema\/person\/d4cf9c413d4f6edb24aabdccab49ca4a"},"headline":"Franco Colapinto rompi\u00f3 el silencio tras renovar con Alpine","datePublished":"2026-09-04T19:32:23+00:00","dateModified":"2026-09-04T19:32:51+00:00","mainEntityOfPage":{"@id":"https:\/\/radioinfinitagoya.com.ar\/v1\/2026\/09\/04\/franco-colapinto-rompio-el-silencio-tras-renovar-con-alpine-obviamente-me-lo-merecia\/"},"wordCount":452,"commentCount":0,"publisher":{"@id":"https:\/\/radioinfinitagoya.com.ar\/v1\/#organization"},"image":{"@id":"https:\/\/radioinfinitagoya.com.ar\/v1\/2026\/09\/04\/franco-colapinto-rompio-el-silencio-tras-renovar-con-alpine-obviamente-me-lo-merecia\/#primaryimage"},"thumbnailUrl":"https:\/\/radioinfinitagoya.com.ar\/v1\/wp-content\/uploads\/2026\/09\/292720w380h285c.jpg.webp","articleSection":["DEPORTES"],"inLanguage":"es-AR","potentialAction":[{"@type":"CommentAction","name":"Comment","target":["https:\/\/radioinfinitagoya.com.ar\/v1\/2026\/09\/04\/franco-colapinto-rompio-el-silencio-tras-renovar-con-alpine-obviamente-me-lo-merecia\/#respond"]}]},{"@type":"WebPage","@id":"https:\/\/radioinfinitagoya.com.ar\/v1\/2026\/09\/04\/franco-colapinto-rompio-el-silencio-tras-renovar-con-alpine-obviamente-me-lo-merecia\/","url":"https:\/\/radioinfinitagoya.com.ar\/v1\/2026\/09\/04\/franco-colapinto-rompio-el-silencio-tras-renovar-con-alpine-obviamente-me-lo-merecia\/","name":"Franco Colapinto rompi\u00f3 el silencio tras renovar con Alpine - Radio Infinita Goya","isPartOf":{"@id":"https:\/\/radioinfinitagoya.com.ar\/v1\/#website"},"primaryImageOfPage":{"@id":"https:\/\/radioinfinitagoya.com.ar\/v1\/2026\/09\/04\/franco-colapinto-rompio-el-silencio-tras-renovar-con-alpine-obviamente-me-lo-merecia\/#primaryimage"},"image":{"@id":"https:\/\/radioinfinitagoya.com.ar\/v1\/2026\/09\/04\/franco-colapinto-rompio-el-silencio-tras-renovar-con-alpine-obviamente-me-lo-merecia\/#primaryimage"},"thumbnailUrl":"https:\/\/radioinfinitagoya.com.ar\/v1\/wp-content\/uploads\/2026\/09\/292720w380h285c.jpg.webp","datePublished":"2026-09-04T19:32:23+00:00","dateModified":"2026-09-04T19:32:51+00:00","description":"\"Obviamente me lo merec\u00eda\" En la antesala del Gran Premio de Italia en Monza, el piloto argentino analiz\u00f3 la extensi\u00f3n de su v\u00ednculo con la escuder\u00eda","breadcrumb":{"@id":"https:\/\/radioinfinitagoya.com.ar\/v1\/2026\/09\/04\/franco-colapinto-rompio-el-silencio-tras-renovar-con-alpine-obviamente-me-lo-merecia\/#breadcrumb"},"inLanguage":"es-AR","potentialAction":[{"@type":"ReadAction","target":["https:\/\/radioinfinitagoya.com.ar\/v1\/2026\/09\/04\/franco-colapinto-rompio-el-silencio-tras-renovar-con-alpine-obviamente-me-lo-merecia\/"]}]},{"@type":"ImageObject","inLanguage":"es-AR","@id":"https:\/\/radioinfinitagoya.com.ar\/v1\/2026\/09\/04\/franco-colapinto-rompio-el-silencio-tras-renovar-con-alpine-obviamente-me-lo-merecia\/#primaryimage","url":"https:\/\/radioinfinitagoya.com.ar\/v1\/wp-content\/uploads\/2026\/09\/292720w380h285c.jpg.webp","contentUrl":"https:\/\/radioinfinitagoya.com.ar\/v1\/wp-content\/uploads\/2026\/09\/292720w380h285c.jpg.webp","width":380,"height":285},{"@type":"BreadcrumbList","@id":"https:\/\/radioinfinitagoya.com.ar\/v1\/2026\/09\/04\/franco-colapinto-rompio-el-silencio-tras-renovar-con-alpine-obviamente-me-lo-merecia\/#breadcrumb","itemListElement":[{"@type":"ListItem","position":1,"name":"Inicio","item":"https:\/\/radioinfinitagoya.com.ar\/v1\/"},{"@type":"ListItem","position":2,"name":"Franco Colapinto rompi\u00f3 el silencio tras renovar con Alpine"}]},{"@type":"WebSite","@id":"https:\/\/radioinfinitagoya.com.ar\/v1\/#website","url":"https:\/\/radioinfinitagoya.com.ar\/v1\/","name":"radioinfinitagoya.com.ar","description":"Radio de noticias","publisher":{"@id":"https:\/\/radioinfinitagoya.com.ar\/v1\/#organization"},"potentialAction":[{"@type":"SearchAction","target":{"@type":"EntryPoint","urlTemplate":"https:\/\/radioinfinitagoya.com.ar\/v1\/?s={search_term_string}"},"query-input":{"@type":"PropertyValueSpecification","valueRequired":true,"valueName":"search_term_string"}}],"inLanguage":"es-AR"},{"@type":"Organization","@id":"https:\/\/radioinfinitagoya.com.ar\/v1\/#organization","name":"Radio Infinita Goya","url":"https:\/\/radioinfinitagoya.com.ar\/v1\/","logo":{"@type":"ImageObject","inLanguage":"es-AR","@id":"https:\/\/radioinfinitagoya.com.ar\/v1\/#\/schema\/logo\/image\/","url":"https:\/\/radioinfinitagoya.com.ar\/v1\/wp-content\/uploads\/2019\/11\/logo-pie-web.png","contentUrl":"https:\/\/radioinfinitagoya.com.ar\/v1\/wp-content\/uploads\/2019\/11\/logo-pie-web.png","width":635,"height":326,"caption":"Radio Infinita Goya"},"image":{"@id":"https:\/\/radioinfinitagoya.com.ar\/v1\/#\/schema\/logo\/image\/"},"sameAs":["https:\/\/www.facebook.com\/p\/Infinita-Goya-100063870918311\/"]},{"@type":"Person","@id":"https:\/\/radioinfinitagoya.com.ar\/v1\/#\/schema\/person\/d4cf9c413d4f6edb24aabdccab49ca4a","name":"Jorge Mi\u00f1o","image":{"@type":"ImageObject","inLanguage":"es-AR","@id":"https:\/\/secure.gravatar.com\/avatar\/910fcf6728fe95320e07a6643c1581fec1c7fc4bf8ae12e3d8f0d0373dc844be?s=96&d=mm&r=g","url":"https:\/\/secure.gravatar.com\/avatar\/910fcf6728fe95320e07a6643c1581fec1c7fc4bf8ae12e3d8f0d0373dc844be?s=96&d=mm&r=g","contentUrl":"https:\/\/secure.gravatar.com\/avatar\/910fcf6728fe95320e07a6643c1581fec1c7fc4bf8ae12e3d8f0d0373dc844be?s=96&d=mm&r=g","caption":"Jorge Mi\u00f1o"},"sameAs":["http:\/\/radioinfinitagoya.com.ar"]}]}},"_links":{"self":[{"href":"https:\/\/radioinfinitagoya.com.ar\/v1\/wp-json\/wp\/v2\/posts\/226719","targetHints":{"allow":["GET"]}}],"collection":[{"href":"https:\/\/radioinfinitagoya.com.ar\/v1\/wp-json\/wp\/v2\/posts"}],"about":[{"href":"https:\/\/radioinfinitagoya.com.ar\/v1\/wp-json\/wp\/v2\/types\/post"}],"author":[{"embeddable":true,"href":"https:\/\/radioinfinitagoya.com.ar\/v1\/wp-json\/wp\/v2\/users\/4"}],"replies":[{"embeddable":true,"href":"https:\/\/radioinfinitagoya.com.ar\/v1\/wp-json\/wp\/v2\/comments?post=226719"}],"version-history":[{"count":2,"href":"https:\/\/radioinfinitagoya.com.ar\/v1\/wp-json\/wp\/v2\/posts\/226719\/revisions"}],"predecessor-version":[{"id":226722,"href":"https:\/\/radioinfinitagoya.com.ar\/v1\/wp-json\/wp\/v2\/posts\/226719\/revisions\/226722"}],"wp:featuredmedia":[{"embeddable":true,"href":"https:\/\/radioinfinitagoya.com.ar\/v1\/wp-json\/wp\/v2\/media\/226720"}],"wp:attachment":[{"href":"https:\/\/radioinfinitagoya.com.ar\/v1\/wp-json\/wp\/v2\/media?parent=226719"}],"wp:term":[{"taxonomy":"category","embeddable":true,"href":"https:\/\/radioinfinitagoya.com.ar\/v1\/wp-json\/wp\/v2\/categories?post=226719"},{"taxonomy":"post_tag","embeddable":true,"href":"https:\/\/radioinfinitagoya.com.ar\/v1\/wp-json\/wp\/v2\/tags?post=226719"}],"curies":[{"name":"wp","href":"https:\/\/api.w.org\/{rel}","templated":true}]}}