{"id":226723,"date":"2026-09-04T16:34:53","date_gmt":"2026-09-04T19:34:53","guid":{"rendered":"https:\/\/radioinfinitagoya.com.ar\/v1\/?p=226723"},"modified":"2026-09-04T16:34:53","modified_gmt":"2026-09-04T19:34:53","slug":"marcelo-gallardo-sera-el-nuevo-entrenador-de-una-seleccion-sudamericana","status":"publish","type":"post","link":"https:\/\/radioinfinitagoya.com.ar\/v1\/2026\/09\/04\/marcelo-gallardo-sera-el-nuevo-entrenador-de-una-seleccion-sudamericana\/","title":{"rendered":"Marcelo Gallardo ser\u00e1 el nuevo entrenador de una Selecci\u00f3n sudamericana"},"content":{"rendered":"<p>Marcelo Gallardo acord\u00f3 su contrato con la Selecci\u00f3n de Ecuador. El Mu\u00f1eco ser\u00e1 el sucesor de Sebasti\u00e1n Beccacece hasta el Mundial 2030.<\/p>\n<p>Tras varias semanas de intensas negociaciones, la Federaci\u00f3n Ecuatoriana de F\u00fatbol resolvi\u00f3 el futuro de su banquillo y apost\u00f3 nuevamente por la conducci\u00f3n t\u00e9cnica argentina. Marcelo Gallardo acord\u00f3 su contrato para convertirse en el nuevo director t\u00e9cnico de la Selecci\u00f3n de Ecuador y qued\u00f3 a sola firma de asumir de manera oficial.<\/p>\n<p>El entrenador llega a la Tri para tomar la posta que dej\u00f3 Sebasti\u00e1n Beccacece. Con un proyecto deportivo de largo alcance, el Mu\u00f1eco liderar\u00e1 al combinado ecuatoriano con un v\u00ednculo que se extender\u00e1 hasta el Mundial 2030, encarando el desaf\u00edo de reestructurar y potenciar al seleccionado en el plano internacional.<\/p>\n<p>C\u00f3mo llega Marcelo Gallardo a su primera experiencia al frente de una selecci\u00f3n nacional<br \/>\nEl desembarco en la Selecci\u00f3n de Ecuador significar\u00e1 la primera experiencia de Marcelo Gallardo al frente de un combinado nacional. Su trayectoria en los bancos de suplentes comenz\u00f3 en 2011 al mando de Nacional de Uruguay, donde logr\u00f3 dar sus primeros pasos como director t\u00e9cnico antes de dar el salto al f\u00fatbol argentino.<\/p>\n<p>En junio de 2014 asumi\u00f3 en River Plate y construy\u00f3 el ciclo m\u00e1s glorioso de la instituci\u00f3n de N\u00fa\u00f1ez. A lo largo de una primera etapa de m\u00e1s de ocho a\u00f1os, conquist\u00f3 14 trofeos (siete locales y siete internacionales), ciclo en el que se destacan dos Copas Libertadores y los recordados cruces de eliminaci\u00f3n directa frente a Boca Juniors.<\/p>\n<p>Cu\u00e1les fueron los \u00faltimos pasos de Marcelo Gallardo antes de asumir en Ecuador<br \/>\nPosterior a su salida de River en 2022, el estratega tuvo una breve experiencia en el f\u00fatbol del exterior dirigiendo al Al-Ittihad de Arabia Saudita. En agosto de 2024 concret\u00f3 su retorno al Millonario para iniciar un segundo ciclo al frente del equipo; sin embargo, esta etapa no logr\u00f3 replicar los \u00e9xitos del pasado y finaliz\u00f3 sin la obtenci\u00f3n de t\u00edtulos.<\/p>\n<p>La segunda etapa de Gallardo en el club de N\u00fa\u00f1ez concluy\u00f3 en febrero, tras despedirse con una victoria por 3 a 1 frente a Banfield en el Estadio M\u00e2s Monumental, lugar en el que posteriormente asumi\u00f3 Eduardo Coudet. Ahora, con el acuerdo cerrado con la dirigencia ecuatoriana, el Mu\u00f1eco prepara su regreso a la actividad para afrontar el desaf\u00edo de llevar a la Tri hacia la cita m\u00e1xima de 2030.<\/p>\n<p>&nbsp;<\/p>\n<p>&nbsp;<\/p>\n","protected":false},"excerpt":{"rendered":"<p>Marcelo Gallardo acord\u00f3 su contrato con la Selecci\u00f3n de Ecuador. El Mu\u00f1eco ser\u00e1 el sucesor de Sebasti\u00e1n Beccacece hasta el Mundial 2030. Tras varias semanas de intensas negociaciones, la Federaci\u00f3n Ecuatoriana de F\u00fatbol resolvi\u00f3 el futuro de su banquillo y apost\u00f3 nuevamente por la conducci\u00f3n t\u00e9cnica argentina. Marcelo Gallardo acord\u00f3 su contrato para convertirse en [&hellip;]<\/p>\n","protected":false},"author":4,"featured_media":226724,"comment_status":"open","ping_status":"open","sticky":false,"template":"","format":"standard","meta":{"_joinchat":[],"footnotes":""},"categories":[28],"tags":[],"class_list":["post-226723","post","type-post","status-publish","format-standard","has-post-thumbnail","category-deportes"],"yoast_head":"<!-- This site is optimized with the Yoast SEO plugin v27.7 - https:\/\/yoast.com\/product\/yoast-seo-wordpress\/ -->\n<title>Marcelo Gallardo ser\u00e1 el nuevo entrenador de una Selecci\u00f3n sudamericana - Radio Infinita Goya<\/title>\n<meta name=\"description\" content=\"Marcelo Gallardo acord\u00f3 su contrato con la Selecci\u00f3n de Ecuador. El Mu\u00f1eco ser\u00e1 el sucesor de Sebasti\u00e1n Beccacece hasta el Mundial 2030. Tras varias\" \/>\n<meta name=\"robots\" content=\"index, follow, max-snippet:-1, max-image-preview:large, max-video-preview:-1\" \/>\n<link rel=\"canonical\" href=\"https:\/\/radioinfinitagoya.com.ar\/v1\/2026\/09\/04\/marcelo-gallardo-sera-el-nuevo-entrenador-de-una-seleccion-sudamericana\/\" \/>\n<meta property=\"og:locale\" content=\"es_ES\" \/>\n<meta property=\"og:type\" content=\"article\" \/>\n<meta property=\"og:title\" content=\"Marcelo Gallardo ser\u00e1 el nuevo entrenador de una Selecci\u00f3n sudamericana - Radio Infinita Goya\" \/>\n<meta property=\"og:description\" content=\"Marcelo Gallardo acord\u00f3 su contrato con la Selecci\u00f3n de Ecuador. El Mu\u00f1eco ser\u00e1 el sucesor de Sebasti\u00e1n Beccacece hasta el Mundial 2030. Tras varias\" \/>\n<meta property=\"og:url\" content=\"https:\/\/radioinfinitagoya.com.ar\/v1\/2026\/09\/04\/marcelo-gallardo-sera-el-nuevo-entrenador-de-una-seleccion-sudamericana\/\" \/>\n<meta property=\"og:site_name\" content=\"Radio Infinita Goya\" \/>\n<meta property=\"article:publisher\" content=\"https:\/\/www.facebook.com\/p\/Infinita-Goya-100063870918311\/\" \/>\n<meta property=\"article:published_time\" content=\"2026-09-04T19:34:53+00:00\" \/>\n<meta property=\"og:image\" content=\"https:\/\/radioinfinitagoya.com.ar\/v1\/wp-content\/uploads\/2026\/09\/image-2.webp\" \/>\n\t<meta property=\"og:image:width\" content=\"1200\" \/>\n\t<meta property=\"og:image:height\" content=\"675\" \/>\n\t<meta property=\"og:image:type\" content=\"image\/webp\" \/>\n<meta name=\"author\" content=\"Jorge Mi\u00f1o\" \/>\n<meta name=\"twitter:card\" content=\"summary_large_image\" \/>\n<meta name=\"twitter:label1\" content=\"Escrito por\" \/>\n\t<meta name=\"twitter:data1\" content=\"Jorge Mi\u00f1o\" \/>\n\t<meta name=\"twitter:label2\" content=\"Tiempo de lectura\" \/>\n\t<meta name=\"twitter:data2\" content=\"3 minutos\" \/>\n<script type=\"application\/ld+json\" class=\"yoast-schema-graph\">{\"@context\":\"https:\\\/\\\/schema.org\",\"@graph\":[{\"@type\":\"Article\",\"@id\":\"https:\\\/\\\/radioinfinitagoya.com.ar\\\/v1\\\/2026\\\/09\\\/04\\\/marcelo-gallardo-sera-el-nuevo-entrenador-de-una-seleccion-sudamericana\\\/#article\",\"isPartOf\":{\"@id\":\"https:\\\/\\\/radioinfinitagoya.com.ar\\\/v1\\\/2026\\\/09\\\/04\\\/marcelo-gallardo-sera-el-nuevo-entrenador-de-una-seleccion-sudamericana\\\/\"},\"author\":{\"name\":\"Jorge Mi\u00f1o\",\"@id\":\"https:\\\/\\\/radioinfinitagoya.com.ar\\\/v1\\\/#\\\/schema\\\/person\\\/d4cf9c413d4f6edb24aabdccab49ca4a\"},\"headline\":\"Marcelo Gallardo ser\u00e1 el nuevo entrenador de una Selecci\u00f3n sudamericana\",\"datePublished\":\"2026-09-04T19:34:53+00:00\",\"mainEntityOfPage\":{\"@id\":\"https:\\\/\\\/radioinfinitagoya.com.ar\\\/v1\\\/2026\\\/09\\\/04\\\/marcelo-gallardo-sera-el-nuevo-entrenador-de-una-seleccion-sudamericana\\\/\"},\"wordCount\":430,\"commentCount\":0,\"publisher\":{\"@id\":\"https:\\\/\\\/radioinfinitagoya.com.ar\\\/v1\\\/#organization\"},\"image\":{\"@id\":\"https:\\\/\\\/radioinfinitagoya.com.ar\\\/v1\\\/2026\\\/09\\\/04\\\/marcelo-gallardo-sera-el-nuevo-entrenador-de-una-seleccion-sudamericana\\\/#primaryimage\"},\"thumbnailUrl\":\"https:\\\/\\\/radioinfinitagoya.com.ar\\\/v1\\\/wp-content\\\/uploads\\\/2026\\\/09\\\/image-2.webp\",\"articleSection\":[\"DEPORTES\"],\"inLanguage\":\"es-AR\",\"potentialAction\":[{\"@type\":\"CommentAction\",\"name\":\"Comment\",\"target\":[\"https:\\\/\\\/radioinfinitagoya.com.ar\\\/v1\\\/2026\\\/09\\\/04\\\/marcelo-gallardo-sera-el-nuevo-entrenador-de-una-seleccion-sudamericana\\\/#respond\"]}]},{\"@type\":\"WebPage\",\"@id\":\"https:\\\/\\\/radioinfinitagoya.com.ar\\\/v1\\\/2026\\\/09\\\/04\\\/marcelo-gallardo-sera-el-nuevo-entrenador-de-una-seleccion-sudamericana\\\/\",\"url\":\"https:\\\/\\\/radioinfinitagoya.com.ar\\\/v1\\\/2026\\\/09\\\/04\\\/marcelo-gallardo-sera-el-nuevo-entrenador-de-una-seleccion-sudamericana\\\/\",\"name\":\"Marcelo Gallardo ser\u00e1 el nuevo entrenador de una Selecci\u00f3n sudamericana - Radio Infinita Goya\",\"isPartOf\":{\"@id\":\"https:\\\/\\\/radioinfinitagoya.com.ar\\\/v1\\\/#website\"},\"primaryImageOfPage\":{\"@id\":\"https:\\\/\\\/radioinfinitagoya.com.ar\\\/v1\\\/2026\\\/09\\\/04\\\/marcelo-gallardo-sera-el-nuevo-entrenador-de-una-seleccion-sudamericana\\\/#primaryimage\"},\"image\":{\"@id\":\"https:\\\/\\\/radioinfinitagoya.com.ar\\\/v1\\\/2026\\\/09\\\/04\\\/marcelo-gallardo-sera-el-nuevo-entrenador-de-una-seleccion-sudamericana\\\/#primaryimage\"},\"thumbnailUrl\":\"https:\\\/\\\/radioinfinitagoya.com.ar\\\/v1\\\/wp-content\\\/uploads\\\/2026\\\/09\\\/image-2.webp\",\"datePublished\":\"2026-09-04T19:34:53+00:00\",\"description\":\"Marcelo Gallardo acord\u00f3 su contrato con la Selecci\u00f3n de Ecuador. El Mu\u00f1eco ser\u00e1 el sucesor de Sebasti\u00e1n Beccacece hasta el Mundial 2030. Tras varias\",\"breadcrumb\":{\"@id\":\"https:\\\/\\\/radioinfinitagoya.com.ar\\\/v1\\\/2026\\\/09\\\/04\\\/marcelo-gallardo-sera-el-nuevo-entrenador-de-una-seleccion-sudamericana\\\/#breadcrumb\"},\"inLanguage\":\"es-AR\",\"potentialAction\":[{\"@type\":\"ReadAction\",\"target\":[\"https:\\\/\\\/radioinfinitagoya.com.ar\\\/v1\\\/2026\\\/09\\\/04\\\/marcelo-gallardo-sera-el-nuevo-entrenador-de-una-seleccion-sudamericana\\\/\"]}]},{\"@type\":\"ImageObject\",\"inLanguage\":\"es-AR\",\"@id\":\"https:\\\/\\\/radioinfinitagoya.com.ar\\\/v1\\\/2026\\\/09\\\/04\\\/marcelo-gallardo-sera-el-nuevo-entrenador-de-una-seleccion-sudamericana\\\/#primaryimage\",\"url\":\"https:\\\/\\\/radioinfinitagoya.com.ar\\\/v1\\\/wp-content\\\/uploads\\\/2026\\\/09\\\/image-2.webp\",\"contentUrl\":\"https:\\\/\\\/radioinfinitagoya.com.ar\\\/v1\\\/wp-content\\\/uploads\\\/2026\\\/09\\\/image-2.webp\",\"width\":1200,\"height\":675},{\"@type\":\"BreadcrumbList\",\"@id\":\"https:\\\/\\\/radioinfinitagoya.com.ar\\\/v1\\\/2026\\\/09\\\/04\\\/marcelo-gallardo-sera-el-nuevo-entrenador-de-una-seleccion-sudamericana\\\/#breadcrumb\",\"itemListElement\":[{\"@type\":\"ListItem\",\"position\":1,\"name\":\"Inicio\",\"item\":\"https:\\\/\\\/radioinfinitagoya.com.ar\\\/v1\\\/\"},{\"@type\":\"ListItem\",\"position\":2,\"name\":\"Marcelo Gallardo ser\u00e1 el nuevo entrenador de una Selecci\u00f3n sudamericana\"}]},{\"@type\":\"WebSite\",\"@id\":\"https:\\\/\\\/radioinfinitagoya.com.ar\\\/v1\\\/#website\",\"url\":\"https:\\\/\\\/radioinfinitagoya.com.ar\\\/v1\\\/\",\"name\":\"radioinfinitagoya.com.ar\",\"description\":\"Radio de noticias\",\"publisher\":{\"@id\":\"https:\\\/\\\/radioinfinitagoya.com.ar\\\/v1\\\/#organization\"},\"potentialAction\":[{\"@type\":\"SearchAction\",\"target\":{\"@type\":\"EntryPoint\",\"urlTemplate\":\"https:\\\/\\\/radioinfinitagoya.com.ar\\\/v1\\\/?s={search_term_string}\"},\"query-input\":{\"@type\":\"PropertyValueSpecification\",\"valueRequired\":true,\"valueName\":\"search_term_string\"}}],\"inLanguage\":\"es-AR\"},{\"@type\":\"Organization\",\"@id\":\"https:\\\/\\\/radioinfinitagoya.com.ar\\\/v1\\\/#organization\",\"name\":\"Radio Infinita Goya\",\"url\":\"https:\\\/\\\/radioinfinitagoya.com.ar\\\/v1\\\/\",\"logo\":{\"@type\":\"ImageObject\",\"inLanguage\":\"es-AR\",\"@id\":\"https:\\\/\\\/radioinfinitagoya.com.ar\\\/v1\\\/#\\\/schema\\\/logo\\\/image\\\/\",\"url\":\"https:\\\/\\\/radioinfinitagoya.com.ar\\\/v1\\\/wp-content\\\/uploads\\\/2019\\\/11\\\/logo-pie-web.png\",\"contentUrl\":\"https:\\\/\\\/radioinfinitagoya.com.ar\\\/v1\\\/wp-content\\\/uploads\\\/2019\\\/11\\\/logo-pie-web.png\",\"width\":635,\"height\":326,\"caption\":\"Radio Infinita Goya\"},\"image\":{\"@id\":\"https:\\\/\\\/radioinfinitagoya.com.ar\\\/v1\\\/#\\\/schema\\\/logo\\\/image\\\/\"},\"sameAs\":[\"https:\\\/\\\/www.facebook.com\\\/p\\\/Infinita-Goya-100063870918311\\\/\"]},{\"@type\":\"Person\",\"@id\":\"https:\\\/\\\/radioinfinitagoya.com.ar\\\/v1\\\/#\\\/schema\\\/person\\\/d4cf9c413d4f6edb24aabdccab49ca4a\",\"name\":\"Jorge Mi\u00f1o\",\"image\":{\"@type\":\"ImageObject\",\"inLanguage\":\"es-AR\",\"@id\":\"https:\\\/\\\/secure.gravatar.com\\\/avatar\\\/910fcf6728fe95320e07a6643c1581fec1c7fc4bf8ae12e3d8f0d0373dc844be?s=96&d=mm&r=g\",\"url\":\"https:\\\/\\\/secure.gravatar.com\\\/avatar\\\/910fcf6728fe95320e07a6643c1581fec1c7fc4bf8ae12e3d8f0d0373dc844be?s=96&d=mm&r=g\",\"contentUrl\":\"https:\\\/\\\/secure.gravatar.com\\\/avatar\\\/910fcf6728fe95320e07a6643c1581fec1c7fc4bf8ae12e3d8f0d0373dc844be?s=96&d=mm&r=g\",\"caption\":\"Jorge Mi\u00f1o\"},\"sameAs\":[\"http:\\\/\\\/radioinfinitagoya.com.ar\"]}]}<\/script>\n<!-- \/ Yoast SEO plugin. -->","yoast_head_json":{"title":"Marcelo Gallardo ser\u00e1 el nuevo entrenador de una Selecci\u00f3n sudamericana - Radio Infinita Goya","description":"Marcelo Gallardo acord\u00f3 su contrato con la Selecci\u00f3n de Ecuador. El Mu\u00f1eco ser\u00e1 el sucesor de Sebasti\u00e1n Beccacece hasta el Mundial 2030. Tras varias","robots":{"index":"index","follow":"follow","max-snippet":"max-snippet:-1","max-image-preview":"max-image-preview:large","max-video-preview":"max-video-preview:-1"},"canonical":"https:\/\/radioinfinitagoya.com.ar\/v1\/2026\/09\/04\/marcelo-gallardo-sera-el-nuevo-entrenador-de-una-seleccion-sudamericana\/","og_locale":"es_ES","og_type":"article","og_title":"Marcelo Gallardo ser\u00e1 el nuevo entrenador de una Selecci\u00f3n sudamericana - Radio Infinita Goya","og_description":"Marcelo Gallardo acord\u00f3 su contrato con la Selecci\u00f3n de Ecuador. El Mu\u00f1eco ser\u00e1 el sucesor de Sebasti\u00e1n Beccacece hasta el Mundial 2030. Tras varias","og_url":"https:\/\/radioinfinitagoya.com.ar\/v1\/2026\/09\/04\/marcelo-gallardo-sera-el-nuevo-entrenador-de-una-seleccion-sudamericana\/","og_site_name":"Radio Infinita Goya","article_publisher":"https:\/\/www.facebook.com\/p\/Infinita-Goya-100063870918311\/","article_published_time":"2026-09-04T19:34:53+00:00","og_image":[{"width":1200,"height":675,"url":"https:\/\/radioinfinitagoya.com.ar\/v1\/wp-content\/uploads\/2026\/09\/image-2.webp","type":"image\/webp"}],"author":"Jorge Mi\u00f1o","twitter_card":"summary_large_image","twitter_misc":{"Escrito por":"Jorge Mi\u00f1o","Tiempo de lectura":"3 minutos"},"schema":{"@context":"https:\/\/schema.org","@graph":[{"@type":"Article","@id":"https:\/\/radioinfinitagoya.com.ar\/v1\/2026\/09\/04\/marcelo-gallardo-sera-el-nuevo-entrenador-de-una-seleccion-sudamericana\/#article","isPartOf":{"@id":"https:\/\/radioinfinitagoya.com.ar\/v1\/2026\/09\/04\/marcelo-gallardo-sera-el-nuevo-entrenador-de-una-seleccion-sudamericana\/"},"author":{"name":"Jorge Mi\u00f1o","@id":"https:\/\/radioinfinitagoya.com.ar\/v1\/#\/schema\/person\/d4cf9c413d4f6edb24aabdccab49ca4a"},"headline":"Marcelo Gallardo ser\u00e1 el nuevo entrenador de una Selecci\u00f3n sudamericana","datePublished":"2026-09-04T19:34:53+00:00","mainEntityOfPage":{"@id":"https:\/\/radioinfinitagoya.com.ar\/v1\/2026\/09\/04\/marcelo-gallardo-sera-el-nuevo-entrenador-de-una-seleccion-sudamericana\/"},"wordCount":430,"commentCount":0,"publisher":{"@id":"https:\/\/radioinfinitagoya.com.ar\/v1\/#organization"},"image":{"@id":"https:\/\/radioinfinitagoya.com.ar\/v1\/2026\/09\/04\/marcelo-gallardo-sera-el-nuevo-entrenador-de-una-seleccion-sudamericana\/#primaryimage"},"thumbnailUrl":"https:\/\/radioinfinitagoya.com.ar\/v1\/wp-content\/uploads\/2026\/09\/image-2.webp","articleSection":["DEPORTES"],"inLanguage":"es-AR","potentialAction":[{"@type":"CommentAction","name":"Comment","target":["https:\/\/radioinfinitagoya.com.ar\/v1\/2026\/09\/04\/marcelo-gallardo-sera-el-nuevo-entrenador-de-una-seleccion-sudamericana\/#respond"]}]},{"@type":"WebPage","@id":"https:\/\/radioinfinitagoya.com.ar\/v1\/2026\/09\/04\/marcelo-gallardo-sera-el-nuevo-entrenador-de-una-seleccion-sudamericana\/","url":"https:\/\/radioinfinitagoya.com.ar\/v1\/2026\/09\/04\/marcelo-gallardo-sera-el-nuevo-entrenador-de-una-seleccion-sudamericana\/","name":"Marcelo Gallardo ser\u00e1 el nuevo entrenador de una Selecci\u00f3n sudamericana - Radio Infinita Goya","isPartOf":{"@id":"https:\/\/radioinfinitagoya.com.ar\/v1\/#website"},"primaryImageOfPage":{"@id":"https:\/\/radioinfinitagoya.com.ar\/v1\/2026\/09\/04\/marcelo-gallardo-sera-el-nuevo-entrenador-de-una-seleccion-sudamericana\/#primaryimage"},"image":{"@id":"https:\/\/radioinfinitagoya.com.ar\/v1\/2026\/09\/04\/marcelo-gallardo-sera-el-nuevo-entrenador-de-una-seleccion-sudamericana\/#primaryimage"},"thumbnailUrl":"https:\/\/radioinfinitagoya.com.ar\/v1\/wp-content\/uploads\/2026\/09\/image-2.webp","datePublished":"2026-09-04T19:34:53+00:00","description":"Marcelo Gallardo acord\u00f3 su contrato con la Selecci\u00f3n de Ecuador. El Mu\u00f1eco ser\u00e1 el sucesor de Sebasti\u00e1n Beccacece hasta el Mundial 2030. Tras varias","breadcrumb":{"@id":"https:\/\/radioinfinitagoya.com.ar\/v1\/2026\/09\/04\/marcelo-gallardo-sera-el-nuevo-entrenador-de-una-seleccion-sudamericana\/#breadcrumb"},"inLanguage":"es-AR","potentialAction":[{"@type":"ReadAction","target":["https:\/\/radioinfinitagoya.com.ar\/v1\/2026\/09\/04\/marcelo-gallardo-sera-el-nuevo-entrenador-de-una-seleccion-sudamericana\/"]}]},{"@type":"ImageObject","inLanguage":"es-AR","@id":"https:\/\/radioinfinitagoya.com.ar\/v1\/2026\/09\/04\/marcelo-gallardo-sera-el-nuevo-entrenador-de-una-seleccion-sudamericana\/#primaryimage","url":"https:\/\/radioinfinitagoya.com.ar\/v1\/wp-content\/uploads\/2026\/09\/image-2.webp","contentUrl":"https:\/\/radioinfinitagoya.com.ar\/v1\/wp-content\/uploads\/2026\/09\/image-2.webp","width":1200,"height":675},{"@type":"BreadcrumbList","@id":"https:\/\/radioinfinitagoya.com.ar\/v1\/2026\/09\/04\/marcelo-gallardo-sera-el-nuevo-entrenador-de-una-seleccion-sudamericana\/#breadcrumb","itemListElement":[{"@type":"ListItem","position":1,"name":"Inicio","item":"https:\/\/radioinfinitagoya.com.ar\/v1\/"},{"@type":"ListItem","position":2,"name":"Marcelo Gallardo ser\u00e1 el nuevo entrenador de una Selecci\u00f3n sudamericana"}]},{"@type":"WebSite","@id":"https:\/\/radioinfinitagoya.com.ar\/v1\/#website","url":"https:\/\/radioinfinitagoya.com.ar\/v1\/","name":"radioinfinitagoya.com.ar","description":"Radio de noticias","publisher":{"@id":"https:\/\/radioinfinitagoya.com.ar\/v1\/#organization"},"potentialAction":[{"@type":"SearchAction","target":{"@type":"EntryPoint","urlTemplate":"https:\/\/radioinfinitagoya.com.ar\/v1\/?s={search_term_string}"},"query-input":{"@type":"PropertyValueSpecification","valueRequired":true,"valueName":"search_term_string"}}],"inLanguage":"es-AR"},{"@type":"Organization","@id":"https:\/\/radioinfinitagoya.com.ar\/v1\/#organization","name":"Radio Infinita Goya","url":"https:\/\/radioinfinitagoya.com.ar\/v1\/","logo":{"@type":"ImageObject","inLanguage":"es-AR","@id":"https:\/\/radioinfinitagoya.com.ar\/v1\/#\/schema\/logo\/image\/","url":"https:\/\/radioinfinitagoya.com.ar\/v1\/wp-content\/uploads\/2019\/11\/logo-pie-web.png","contentUrl":"https:\/\/radioinfinitagoya.com.ar\/v1\/wp-content\/uploads\/2019\/11\/logo-pie-web.png","width":635,"height":326,"caption":"Radio Infinita Goya"},"image":{"@id":"https:\/\/radioinfinitagoya.com.ar\/v1\/#\/schema\/logo\/image\/"},"sameAs":["https:\/\/www.facebook.com\/p\/Infinita-Goya-100063870918311\/"]},{"@type":"Person","@id":"https:\/\/radioinfinitagoya.com.ar\/v1\/#\/schema\/person\/d4cf9c413d4f6edb24aabdccab49ca4a","name":"Jorge Mi\u00f1o","image":{"@type":"ImageObject","inLanguage":"es-AR","@id":"https:\/\/secure.gravatar.com\/avatar\/910fcf6728fe95320e07a6643c1581fec1c7fc4bf8ae12e3d8f0d0373dc844be?s=96&d=mm&r=g","url":"https:\/\/secure.gravatar.com\/avatar\/910fcf6728fe95320e07a6643c1581fec1c7fc4bf8ae12e3d8f0d0373dc844be?s=96&d=mm&r=g","contentUrl":"https:\/\/secure.gravatar.com\/avatar\/910fcf6728fe95320e07a6643c1581fec1c7fc4bf8ae12e3d8f0d0373dc844be?s=96&d=mm&r=g","caption":"Jorge Mi\u00f1o"},"sameAs":["http:\/\/radioinfinitagoya.com.ar"]}]}},"_links":{"self":[{"href":"https:\/\/radioinfinitagoya.com.ar\/v1\/wp-json\/wp\/v2\/posts\/226723","targetHints":{"allow":["GET"]}}],"collection":[{"href":"https:\/\/radioinfinitagoya.com.ar\/v1\/wp-json\/wp\/v2\/posts"}],"about":[{"href":"https:\/\/radioinfinitagoya.com.ar\/v1\/wp-json\/wp\/v2\/types\/post"}],"author":[{"embeddable":true,"href":"https:\/\/radioinfinitagoya.com.ar\/v1\/wp-json\/wp\/v2\/users\/4"}],"replies":[{"embeddable":true,"href":"https:\/\/radioinfinitagoya.com.ar\/v1\/wp-json\/wp\/v2\/comments?post=226723"}],"version-history":[{"count":1,"href":"https:\/\/radioinfinitagoya.com.ar\/v1\/wp-json\/wp\/v2\/posts\/226723\/revisions"}],"predecessor-version":[{"id":226725,"href":"https:\/\/radioinfinitagoya.com.ar\/v1\/wp-json\/wp\/v2\/posts\/226723\/revisions\/226725"}],"wp:featuredmedia":[{"embeddable":true,"href":"https:\/\/radioinfinitagoya.com.ar\/v1\/wp-json\/wp\/v2\/media\/226724"}],"wp:attachment":[{"href":"https:\/\/radioinfinitagoya.com.ar\/v1\/wp-json\/wp\/v2\/media?parent=226723"}],"wp:term":[{"taxonomy":"category","embeddable":true,"href":"https:\/\/radioinfinitagoya.com.ar\/v1\/wp-json\/wp\/v2\/categories?post=226723"},{"taxonomy":"post_tag","embeddable":true,"href":"https:\/\/radioinfinitagoya.com.ar\/v1\/wp-json\/wp\/v2\/tags?post=226723"}],"curies":[{"name":"wp","href":"https:\/\/api.w.org\/{rel}","templated":true}]}}