{"id":226726,"date":"2026-09-04T16:40:19","date_gmt":"2026-09-04T19:40:19","guid":{"rendered":"https:\/\/radioinfinitagoya.com.ar\/v1\/?p=226726"},"modified":"2026-09-04T16:40:19","modified_gmt":"2026-09-04T19:40:19","slug":"la-rotunda-respuesta-del-reino-unido-a-javier-milei-tras-la-cadena-nacional-por-malvinas","status":"publish","type":"post","link":"https:\/\/radioinfinitagoya.com.ar\/v1\/2026\/09\/04\/la-rotunda-respuesta-del-reino-unido-a-javier-milei-tras-la-cadena-nacional-por-malvinas\/","title":{"rendered":"La rotunda respuesta del Reino Unido a Javier Milei tras la cadena nacional por Malvinas"},"content":{"rendered":"<p>El Gobierno brit\u00e1nico rechaz\u00f3 las declaraciones del presidente argentino sobre la soberan\u00eda de las islas. La postura del Reino Unido es &#8220;inquebrantable&#8221;, declar\u00f3 el portavoz de Downing Street.<\/p>\n<p>El Gobierno del Reino Unido sali\u00f3 este viernes a responderle a Javier Milei despu\u00e9s de la cadena nacional en la que el Presidente reafirm\u00f3 el reclamo argentino de soberan\u00eda sobre las Islas Malvinas y anunci\u00f3 nuevas medidas contra las empresas vinculadas con la explotaci\u00f3n petrolera en la zona. Londres rechaz\u00f3 el planteo argentino y asegur\u00f3 que su compromiso con el archipi\u00e9lago es \u201cabsoluto e inquebrantable\u201d.<\/p>\n<p>Seg\u00fan la BBC, un portavoz de Downing Street declar\u00f3 que la postura del Reino Unido sobre las Islas Malvinas es &#8220;inquebrantable&#8221;. Andy Burnham, primer ministro brit\u00e1nico, &#8220;apoya plenamente el deseo de los isle\u00f1os de seguir siendo un territorio brit\u00e1nico de ultramar&#8221;, declar\u00f3.<\/p>\n<p>Al pregunt\u00e1rsele si el primer ministro cre\u00eda que el Reino Unido contaba con las fuerzas necesarias para defender la soberan\u00eda de las islas, el portavoz respondi\u00f3: &#8220;Permanecer\u00e1n all\u00ed mientras los isle\u00f1os as\u00ed lo deseen&#8221;.<\/p>\n<p>&#8220;Nuestras fuerzas armadas est\u00e1n en estado de alerta las 24 horas del d\u00eda, los 7 d\u00edas de la semana, para proteger al Reino Unido y nuestros intereses&#8221;, a\u00f1adi\u00f3.<\/p>\n<p><img loading=\"lazy\" decoding=\"async\" class=\"alignnone size-medium wp-image-226728\" src=\"https:\/\/radioinfinitagoya.com.ar\/v1\/wp-content\/uploads\/2026\/09\/wes-streeting-600x338.webp\" alt=\"\" width=\"600\" height=\"338\" srcset=\"https:\/\/radioinfinitagoya.com.ar\/v1\/wp-content\/uploads\/2026\/09\/wes-streeting-600x338.webp 600w, https:\/\/radioinfinitagoya.com.ar\/v1\/wp-content\/uploads\/2026\/09\/wes-streeting-150x84.webp 150w, https:\/\/radioinfinitagoya.com.ar\/v1\/wp-content\/uploads\/2026\/09\/wes-streeting-768x432.webp 768w, https:\/\/radioinfinitagoya.com.ar\/v1\/wp-content\/uploads\/2026\/09\/wes-streeting-747x420.webp 747w, https:\/\/radioinfinitagoya.com.ar\/v1\/wp-content\/uploads\/2026\/09\/wes-streeting-696x392.webp 696w, https:\/\/radioinfinitagoya.com.ar\/v1\/wp-content\/uploads\/2026\/09\/wes-streeting-1068x601.webp 1068w, https:\/\/radioinfinitagoya.com.ar\/v1\/wp-content\/uploads\/2026\/09\/wes-streeting.webp 1200w\" sizes=\"auto, (max-width: 600px) 100vw, 600px\" \/><\/p>\n<p>Tambi\u00e9n reaccion\u00f3 el secretario de Defensa brit\u00e1nico, Wes Streeting, quien defendi\u00f3 la posici\u00f3n hist\u00f3rica del Reino Unido y volvi\u00f3 a apoyarse en el principio de autodeterminaci\u00f3n de los habitantes de las islas.<\/p>\n<p>\u201cLas Malvinas son brit\u00e1nicas porque los habitantes de las Malvinas eligen ser brit\u00e1nicos\u201d, afirm\u00f3 Streeting en redes sociales. Tambi\u00e9n cuestion\u00f3 el mensaje del mandatario argentino y sostuvo que las declaraciones de Milei \u201cdicen m\u00e1s sobre la pol\u00edtica interna de la Argentina que sobre las Islas Malvinas\u201d.<\/p>\n<p>El funcionario cerr\u00f3 con otra definici\u00f3n categ\u00f3rica: \u201cNuestro compromiso con las Malvinas es absoluto e inquebrantable\u201d.<\/p>\n<p><img loading=\"lazy\" decoding=\"async\" class=\"alignnone size-medium wp-image-226729\" src=\"https:\/\/radioinfinitagoya.com.ar\/v1\/wp-content\/uploads\/2026\/09\/ed-miliband-600x338.webp\" alt=\"\" width=\"600\" height=\"338\" srcset=\"https:\/\/radioinfinitagoya.com.ar\/v1\/wp-content\/uploads\/2026\/09\/ed-miliband-600x338.webp 600w, https:\/\/radioinfinitagoya.com.ar\/v1\/wp-content\/uploads\/2026\/09\/ed-miliband-150x84.webp 150w, https:\/\/radioinfinitagoya.com.ar\/v1\/wp-content\/uploads\/2026\/09\/ed-miliband-768x432.webp 768w, https:\/\/radioinfinitagoya.com.ar\/v1\/wp-content\/uploads\/2026\/09\/ed-miliband-747x420.webp 747w, https:\/\/radioinfinitagoya.com.ar\/v1\/wp-content\/uploads\/2026\/09\/ed-miliband-696x392.webp 696w, https:\/\/radioinfinitagoya.com.ar\/v1\/wp-content\/uploads\/2026\/09\/ed-miliband-1068x601.webp 1068w, https:\/\/radioinfinitagoya.com.ar\/v1\/wp-content\/uploads\/2026\/09\/ed-miliband.webp 1200w\" sizes=\"auto, (max-width: 600px) 100vw, 600px\" \/><\/p>\n<p>Londres volvi\u00f3 a apelar al refer\u00e9ndum de 2013<br \/>\nLa posici\u00f3n brit\u00e1nica vuelve a tener como uno de sus principales argumentos el refer\u00e9ndum realizado en las islas en marzo de 2013, cuando una abrumadora mayor\u00eda de los votantes respald\u00f3 mantener el estatus de territorio brit\u00e1nico de ultramar.<\/p>\n<p>Ese plebiscito es rechazado por la Argentina, que sostiene que la disputa no debe resolverse mediante la autodeterminaci\u00f3n de los actuales habitantes del archipi\u00e9lago, sino a trav\u00e9s de negociaciones bilaterales entre Buenos Aires y Londres por la soberan\u00eda.<\/p>\n<p>Ese fue, precisamente, uno de los puntos que Milei volvi\u00f3 a remarcar durante su mensaje. El Presidente asegur\u00f3 que \u201clas Malvinas son argentinas, por historia y por derecho\u201d y sostuvo que la poblaci\u00f3n actual fue implantada luego de la ocupaci\u00f3n brit\u00e1nica de 1833.<\/p>\n<p>A partir de esa interpretaci\u00f3n, plante\u00f3 que los isle\u00f1os no tienen un derecho leg\u00edtimo a la autodeterminaci\u00f3n que pueda resolver la disputa de soberan\u00eda, por lo que consider\u00f3 inv\u00e1lidos los argumentos basados en consultas realizadas en el archipi\u00e9lago.<\/p>\n<p>Secretario de Relaciones Exteriores brit\u00e1nico: &#8220;La posici\u00f3n es inquebrantable&#8221;<\/p>\n<p>La reacci\u00f3n del Reino Unido no se limit\u00f3 al \u00e1rea de Defensa. El secretario de Relaciones Exteriores, Ed Miliband, tambi\u00e9n ratific\u00f3 p\u00fablicamente la postura de Londres.<\/p>\n<p>\u201cLa posici\u00f3n del Reino Unido sobre las Islas Malvinas es inquebrantable\u201d, sostuvo el funcionario, quien agreg\u00f3 que las islas continuar\u00e1n siendo brit\u00e1nicas mientras esa sea la voluntad de sus habitantes. Miliband ocupa la conducci\u00f3n del Foreign Office desde julio de 2026.<\/p>\n<p>De esta manera, el Gobierno brit\u00e1nico busc\u00f3 enviar una se\u00f1al pol\u00edtica clara pocas horas despu\u00e9s de los anuncios argentinos: Londres no considera abierta a negociaci\u00f3n la soberan\u00eda mientras los isle\u00f1os mantengan su actual posici\u00f3n.<\/p>\n<p>Una fuente de Downing Street citada por la BBC tambi\u00e9n minimiz\u00f3 el discurso de Milei y defendi\u00f3 que, desde la perspectiva brit\u00e1nica, la autodeterminaci\u00f3n de los habitantes de las islas incluye el derecho a explotar sus recursos naturales. Ese punto se convirti\u00f3 en uno de los ejes centrales de la nueva escalada diplom\u00e1tica.<\/p>\n<p>Petr\u00f3leo en Malvinas: el eje que volvi\u00f3 a tensar la relaci\u00f3n<\/p>\n<p><img loading=\"lazy\" decoding=\"async\" class=\"alignnone size-medium wp-image-226730\" src=\"https:\/\/radioinfinitagoya.com.ar\/v1\/wp-content\/uploads\/2026\/09\/sea-lion-2-600x338.webp\" alt=\"\" width=\"600\" height=\"338\" srcset=\"https:\/\/radioinfinitagoya.com.ar\/v1\/wp-content\/uploads\/2026\/09\/sea-lion-2-600x338.webp 600w, https:\/\/radioinfinitagoya.com.ar\/v1\/wp-content\/uploads\/2026\/09\/sea-lion-2-150x84.webp 150w, https:\/\/radioinfinitagoya.com.ar\/v1\/wp-content\/uploads\/2026\/09\/sea-lion-2-768x432.webp 768w, https:\/\/radioinfinitagoya.com.ar\/v1\/wp-content\/uploads\/2026\/09\/sea-lion-2-747x420.webp 747w, https:\/\/radioinfinitagoya.com.ar\/v1\/wp-content\/uploads\/2026\/09\/sea-lion-2-696x392.webp 696w, https:\/\/radioinfinitagoya.com.ar\/v1\/wp-content\/uploads\/2026\/09\/sea-lion-2-1068x601.webp 1068w, https:\/\/radioinfinitagoya.com.ar\/v1\/wp-content\/uploads\/2026\/09\/sea-lion-2.webp 1200w\" sizes=\"auto, (max-width: 600px) 100vw, 600px\" \/><\/p>\n<p>Durante su cadena nacional, Milei puso especialmente el foco sobre la explotaci\u00f3n de hidrocarburos en las aguas pr\u00f3ximas a las islas. Anunci\u00f3 que el Gobierno buscar\u00e1 endurecer las sanciones contra empresas que participen de actividades petroleras sin autorizaci\u00f3n argentina, mientras avanza el proyecto Sea Lion, desarrollado por Navitas Petroleum y Rockhopper Exploration.<\/p>\n<p>El yacimiento contiene recursos potenciales de gran magnitud y las compa\u00f1\u00edas involucradas mantienen su cronograma pese a las advertencias de Buenos Aires.<\/p>\n<p>Milei advirti\u00f3 que la explotaci\u00f3n petrolera profundizar\u00eda la presencia brit\u00e1nica en el Atl\u00e1ntico Sur y sostuvo que la Argentina debe actuar antes de que exista una capacidad efectiva de extracci\u00f3n a gran escala.<\/p>\n<p>Londres, en cambio, respalda que los isle\u00f1os exploten esos recursos y vincula esa potestad con el mismo principio de autodeterminaci\u00f3n que utiliza para defender el estatus pol\u00edtico del territorio.<\/p>\n<p>Los \u201cvientos de cambio\u201d y la carta de Donald Trump<\/p>\n<p>Otro de los ejes del discurso presidencial fue el cambio de escenario internacional que Milei cree advertir en torno a Malvinas. El mandatario mencion\u00f3 especialmente las recientes declaraciones de Donald Trump, quien confirm\u00f3 que su administraci\u00f3n est\u00e1 revisando la posici\u00f3n de Estados Unidos sobre la disputa por las islas.<\/p>\n<p>Hasta ahora, Washington no anunci\u00f3 un cambio formal. Trump se limit\u00f3 a se\u00f1alar que est\u00e1 reevaluando la postura estadounidense, hist\u00f3ricamente neutral respecto de la soberan\u00eda, sin anticipar cu\u00e1l ser\u00e1 la conclusi\u00f3n de ese an\u00e1lisis.<\/p>\n<p>Milei interpret\u00f3 esas declaraciones como una se\u00f1al favorable y asegur\u00f3 que se est\u00e1n produciendo \u201cvientos de cambio\u201d alrededor del reclamo argentino.<\/p>\n<p>Sin embargo, el Reino Unido respondi\u00f3 con dureza y busc\u00f3 despejar cualquier duda sobre su propia postura. La posici\u00f3n brit\u00e1nica, seg\u00fan sus principales funcionarios, contin\u00faa siendo la misma: las islas permanecer\u00e1n bajo administraci\u00f3n brit\u00e1nica mientras sus habitantes as\u00ed lo quieran.<\/p>\n<p>En pocas palabras<\/p>\n<p>Reino Unido rechaza: El Gobierno brit\u00e1nico ratific\u00f3 su posici\u00f3n sobre las Islas Malvinas ante los anuncios de Javier Milei.<\/p>\n<p>Principio de autodeterminaci\u00f3n: El secretario de Defensa brit\u00e1nico, Wes Streeting, afirm\u00f3 que las Malvinas son brit\u00e1nicas porque sus habitantes lo eligen.<\/p>\n<p>Explotaci\u00f3n de recursos: Milei anunci\u00f3 sanciones contra empresas petroleras, mientras Londres defiende el derecho de los isle\u00f1os a explotar recursos naturales.<\/p>\n","protected":false},"excerpt":{"rendered":"<p>El Gobierno brit\u00e1nico rechaz\u00f3 las declaraciones del presidente argentino sobre la soberan\u00eda de las islas. La postura del Reino Unido es &#8220;inquebrantable&#8221;, declar\u00f3 el portavoz de Downing Street. El Gobierno del Reino Unido sali\u00f3 este viernes a responderle a Javier Milei despu\u00e9s de la cadena nacional en la que el Presidente reafirm\u00f3 el reclamo argentino [&hellip;]<\/p>\n","protected":false},"author":4,"featured_media":226727,"comment_status":"open","ping_status":"open","sticky":false,"template":"","format":"standard","meta":{"_joinchat":[],"footnotes":""},"categories":[34],"tags":[],"class_list":["post-226726","post","type-post","status-publish","format-standard","has-post-thumbnail","category-principal"],"yoast_head":"<!-- This site is optimized with the Yoast SEO plugin v27.7 - https:\/\/yoast.com\/product\/yoast-seo-wordpress\/ -->\n<title>La rotunda respuesta del Reino Unido a Javier Milei tras la cadena nacional por Malvinas - Radio Infinita Goya<\/title>\n<meta name=\"description\" content=\"El Gobierno brit\u00e1nico rechaz\u00f3 las declaraciones del presidente argentino sobre la soberan\u00eda de las islas. La postura del Reino Unido es &quot;inquebrantable&quot;,\" \/>\n<meta name=\"robots\" content=\"index, follow, max-snippet:-1, max-image-preview:large, max-video-preview:-1\" \/>\n<link rel=\"canonical\" href=\"https:\/\/radioinfinitagoya.com.ar\/v1\/2026\/09\/04\/la-rotunda-respuesta-del-reino-unido-a-javier-milei-tras-la-cadena-nacional-por-malvinas\/\" \/>\n<meta property=\"og:locale\" content=\"es_ES\" \/>\n<meta property=\"og:type\" content=\"article\" \/>\n<meta property=\"og:title\" content=\"La rotunda respuesta del Reino Unido a Javier Milei tras la cadena nacional por Malvinas - Radio Infinita Goya\" \/>\n<meta property=\"og:description\" content=\"El Gobierno brit\u00e1nico rechaz\u00f3 las declaraciones del presidente argentino sobre la soberan\u00eda de las islas. La postura del Reino Unido es &quot;inquebrantable&quot;,\" \/>\n<meta property=\"og:url\" content=\"https:\/\/radioinfinitagoya.com.ar\/v1\/2026\/09\/04\/la-rotunda-respuesta-del-reino-unido-a-javier-milei-tras-la-cadena-nacional-por-malvinas\/\" \/>\n<meta property=\"og:site_name\" content=\"Radio Infinita Goya\" \/>\n<meta property=\"article:publisher\" content=\"https:\/\/www.facebook.com\/p\/Infinita-Goya-100063870918311\/\" \/>\n<meta property=\"article:published_time\" content=\"2026-09-04T19:40:19+00:00\" \/>\n<meta property=\"og:image\" content=\"https:\/\/radioinfinitagoya.com.ar\/v1\/wp-content\/uploads\/2026\/09\/andy-burnham.webp\" \/>\n\t<meta property=\"og:image:width\" content=\"1200\" \/>\n\t<meta property=\"og:image:height\" content=\"675\" \/>\n\t<meta property=\"og:image:type\" content=\"image\/webp\" \/>\n<meta name=\"author\" content=\"Jorge Mi\u00f1o\" \/>\n<meta name=\"twitter:card\" content=\"summary_large_image\" \/>\n<meta name=\"twitter:label1\" content=\"Escrito por\" \/>\n\t<meta name=\"twitter:data1\" content=\"Jorge Mi\u00f1o\" \/>\n\t<meta name=\"twitter:label2\" content=\"Tiempo de lectura\" \/>\n\t<meta name=\"twitter:data2\" content=\"6 minutos\" \/>\n<script type=\"application\/ld+json\" class=\"yoast-schema-graph\">{\"@context\":\"https:\\\/\\\/schema.org\",\"@graph\":[{\"@type\":\"Article\",\"@id\":\"https:\\\/\\\/radioinfinitagoya.com.ar\\\/v1\\\/2026\\\/09\\\/04\\\/la-rotunda-respuesta-del-reino-unido-a-javier-milei-tras-la-cadena-nacional-por-malvinas\\\/#article\",\"isPartOf\":{\"@id\":\"https:\\\/\\\/radioinfinitagoya.com.ar\\\/v1\\\/2026\\\/09\\\/04\\\/la-rotunda-respuesta-del-reino-unido-a-javier-milei-tras-la-cadena-nacional-por-malvinas\\\/\"},\"author\":{\"name\":\"Jorge Mi\u00f1o\",\"@id\":\"https:\\\/\\\/radioinfinitagoya.com.ar\\\/v1\\\/#\\\/schema\\\/person\\\/d4cf9c413d4f6edb24aabdccab49ca4a\"},\"headline\":\"La rotunda respuesta del Reino Unido a Javier Milei tras la cadena nacional por Malvinas\",\"datePublished\":\"2026-09-04T19:40:19+00:00\",\"mainEntityOfPage\":{\"@id\":\"https:\\\/\\\/radioinfinitagoya.com.ar\\\/v1\\\/2026\\\/09\\\/04\\\/la-rotunda-respuesta-del-reino-unido-a-javier-milei-tras-la-cadena-nacional-por-malvinas\\\/\"},\"wordCount\":1103,\"commentCount\":0,\"publisher\":{\"@id\":\"https:\\\/\\\/radioinfinitagoya.com.ar\\\/v1\\\/#organization\"},\"image\":{\"@id\":\"https:\\\/\\\/radioinfinitagoya.com.ar\\\/v1\\\/2026\\\/09\\\/04\\\/la-rotunda-respuesta-del-reino-unido-a-javier-milei-tras-la-cadena-nacional-por-malvinas\\\/#primaryimage\"},\"thumbnailUrl\":\"https:\\\/\\\/radioinfinitagoya.com.ar\\\/v1\\\/wp-content\\\/uploads\\\/2026\\\/09\\\/andy-burnham.webp\",\"articleSection\":[\"PRINCIPAL\"],\"inLanguage\":\"es-AR\",\"potentialAction\":[{\"@type\":\"CommentAction\",\"name\":\"Comment\",\"target\":[\"https:\\\/\\\/radioinfinitagoya.com.ar\\\/v1\\\/2026\\\/09\\\/04\\\/la-rotunda-respuesta-del-reino-unido-a-javier-milei-tras-la-cadena-nacional-por-malvinas\\\/#respond\"]}]},{\"@type\":\"WebPage\",\"@id\":\"https:\\\/\\\/radioinfinitagoya.com.ar\\\/v1\\\/2026\\\/09\\\/04\\\/la-rotunda-respuesta-del-reino-unido-a-javier-milei-tras-la-cadena-nacional-por-malvinas\\\/\",\"url\":\"https:\\\/\\\/radioinfinitagoya.com.ar\\\/v1\\\/2026\\\/09\\\/04\\\/la-rotunda-respuesta-del-reino-unido-a-javier-milei-tras-la-cadena-nacional-por-malvinas\\\/\",\"name\":\"La rotunda respuesta del Reino Unido a Javier Milei tras la cadena nacional por Malvinas - Radio Infinita Goya\",\"isPartOf\":{\"@id\":\"https:\\\/\\\/radioinfinitagoya.com.ar\\\/v1\\\/#website\"},\"primaryImageOfPage\":{\"@id\":\"https:\\\/\\\/radioinfinitagoya.com.ar\\\/v1\\\/2026\\\/09\\\/04\\\/la-rotunda-respuesta-del-reino-unido-a-javier-milei-tras-la-cadena-nacional-por-malvinas\\\/#primaryimage\"},\"image\":{\"@id\":\"https:\\\/\\\/radioinfinitagoya.com.ar\\\/v1\\\/2026\\\/09\\\/04\\\/la-rotunda-respuesta-del-reino-unido-a-javier-milei-tras-la-cadena-nacional-por-malvinas\\\/#primaryimage\"},\"thumbnailUrl\":\"https:\\\/\\\/radioinfinitagoya.com.ar\\\/v1\\\/wp-content\\\/uploads\\\/2026\\\/09\\\/andy-burnham.webp\",\"datePublished\":\"2026-09-04T19:40:19+00:00\",\"description\":\"El Gobierno brit\u00e1nico rechaz\u00f3 las declaraciones del presidente argentino sobre la soberan\u00eda de las islas. La postura del Reino Unido es \\\"inquebrantable\\\",\",\"breadcrumb\":{\"@id\":\"https:\\\/\\\/radioinfinitagoya.com.ar\\\/v1\\\/2026\\\/09\\\/04\\\/la-rotunda-respuesta-del-reino-unido-a-javier-milei-tras-la-cadena-nacional-por-malvinas\\\/#breadcrumb\"},\"inLanguage\":\"es-AR\",\"potentialAction\":[{\"@type\":\"ReadAction\",\"target\":[\"https:\\\/\\\/radioinfinitagoya.com.ar\\\/v1\\\/2026\\\/09\\\/04\\\/la-rotunda-respuesta-del-reino-unido-a-javier-milei-tras-la-cadena-nacional-por-malvinas\\\/\"]}]},{\"@type\":\"ImageObject\",\"inLanguage\":\"es-AR\",\"@id\":\"https:\\\/\\\/radioinfinitagoya.com.ar\\\/v1\\\/2026\\\/09\\\/04\\\/la-rotunda-respuesta-del-reino-unido-a-javier-milei-tras-la-cadena-nacional-por-malvinas\\\/#primaryimage\",\"url\":\"https:\\\/\\\/radioinfinitagoya.com.ar\\\/v1\\\/wp-content\\\/uploads\\\/2026\\\/09\\\/andy-burnham.webp\",\"contentUrl\":\"https:\\\/\\\/radioinfinitagoya.com.ar\\\/v1\\\/wp-content\\\/uploads\\\/2026\\\/09\\\/andy-burnham.webp\",\"width\":1200,\"height\":675},{\"@type\":\"BreadcrumbList\",\"@id\":\"https:\\\/\\\/radioinfinitagoya.com.ar\\\/v1\\\/2026\\\/09\\\/04\\\/la-rotunda-respuesta-del-reino-unido-a-javier-milei-tras-la-cadena-nacional-por-malvinas\\\/#breadcrumb\",\"itemListElement\":[{\"@type\":\"ListItem\",\"position\":1,\"name\":\"Inicio\",\"item\":\"https:\\\/\\\/radioinfinitagoya.com.ar\\\/v1\\\/\"},{\"@type\":\"ListItem\",\"position\":2,\"name\":\"La rotunda respuesta del Reino Unido a Javier Milei tras la cadena nacional por Malvinas\"}]},{\"@type\":\"WebSite\",\"@id\":\"https:\\\/\\\/radioinfinitagoya.com.ar\\\/v1\\\/#website\",\"url\":\"https:\\\/\\\/radioinfinitagoya.com.ar\\\/v1\\\/\",\"name\":\"radioinfinitagoya.com.ar\",\"description\":\"Radio de noticias\",\"publisher\":{\"@id\":\"https:\\\/\\\/radioinfinitagoya.com.ar\\\/v1\\\/#organization\"},\"potentialAction\":[{\"@type\":\"SearchAction\",\"target\":{\"@type\":\"EntryPoint\",\"urlTemplate\":\"https:\\\/\\\/radioinfinitagoya.com.ar\\\/v1\\\/?s={search_term_string}\"},\"query-input\":{\"@type\":\"PropertyValueSpecification\",\"valueRequired\":true,\"valueName\":\"search_term_string\"}}],\"inLanguage\":\"es-AR\"},{\"@type\":\"Organization\",\"@id\":\"https:\\\/\\\/radioinfinitagoya.com.ar\\\/v1\\\/#organization\",\"name\":\"Radio Infinita Goya\",\"url\":\"https:\\\/\\\/radioinfinitagoya.com.ar\\\/v1\\\/\",\"logo\":{\"@type\":\"ImageObject\",\"inLanguage\":\"es-AR\",\"@id\":\"https:\\\/\\\/radioinfinitagoya.com.ar\\\/v1\\\/#\\\/schema\\\/logo\\\/image\\\/\",\"url\":\"https:\\\/\\\/radioinfinitagoya.com.ar\\\/v1\\\/wp-content\\\/uploads\\\/2019\\\/11\\\/logo-pie-web.png\",\"contentUrl\":\"https:\\\/\\\/radioinfinitagoya.com.ar\\\/v1\\\/wp-content\\\/uploads\\\/2019\\\/11\\\/logo-pie-web.png\",\"width\":635,\"height\":326,\"caption\":\"Radio Infinita Goya\"},\"image\":{\"@id\":\"https:\\\/\\\/radioinfinitagoya.com.ar\\\/v1\\\/#\\\/schema\\\/logo\\\/image\\\/\"},\"sameAs\":[\"https:\\\/\\\/www.facebook.com\\\/p\\\/Infinita-Goya-100063870918311\\\/\"]},{\"@type\":\"Person\",\"@id\":\"https:\\\/\\\/radioinfinitagoya.com.ar\\\/v1\\\/#\\\/schema\\\/person\\\/d4cf9c413d4f6edb24aabdccab49ca4a\",\"name\":\"Jorge Mi\u00f1o\",\"image\":{\"@type\":\"ImageObject\",\"inLanguage\":\"es-AR\",\"@id\":\"https:\\\/\\\/secure.gravatar.com\\\/avatar\\\/910fcf6728fe95320e07a6643c1581fec1c7fc4bf8ae12e3d8f0d0373dc844be?s=96&d=mm&r=g\",\"url\":\"https:\\\/\\\/secure.gravatar.com\\\/avatar\\\/910fcf6728fe95320e07a6643c1581fec1c7fc4bf8ae12e3d8f0d0373dc844be?s=96&d=mm&r=g\",\"contentUrl\":\"https:\\\/\\\/secure.gravatar.com\\\/avatar\\\/910fcf6728fe95320e07a6643c1581fec1c7fc4bf8ae12e3d8f0d0373dc844be?s=96&d=mm&r=g\",\"caption\":\"Jorge Mi\u00f1o\"},\"sameAs\":[\"http:\\\/\\\/radioinfinitagoya.com.ar\"]}]}<\/script>\n<!-- \/ Yoast SEO plugin. -->","yoast_head_json":{"title":"La rotunda respuesta del Reino Unido a Javier Milei tras la cadena nacional por Malvinas - Radio Infinita Goya","description":"El Gobierno brit\u00e1nico rechaz\u00f3 las declaraciones del presidente argentino sobre la soberan\u00eda de las islas. La postura del Reino Unido es \"inquebrantable\",","robots":{"index":"index","follow":"follow","max-snippet":"max-snippet:-1","max-image-preview":"max-image-preview:large","max-video-preview":"max-video-preview:-1"},"canonical":"https:\/\/radioinfinitagoya.com.ar\/v1\/2026\/09\/04\/la-rotunda-respuesta-del-reino-unido-a-javier-milei-tras-la-cadena-nacional-por-malvinas\/","og_locale":"es_ES","og_type":"article","og_title":"La rotunda respuesta del Reino Unido a Javier Milei tras la cadena nacional por Malvinas - Radio Infinita Goya","og_description":"El Gobierno brit\u00e1nico rechaz\u00f3 las declaraciones del presidente argentino sobre la soberan\u00eda de las islas. La postura del Reino Unido es \"inquebrantable\",","og_url":"https:\/\/radioinfinitagoya.com.ar\/v1\/2026\/09\/04\/la-rotunda-respuesta-del-reino-unido-a-javier-milei-tras-la-cadena-nacional-por-malvinas\/","og_site_name":"Radio Infinita Goya","article_publisher":"https:\/\/www.facebook.com\/p\/Infinita-Goya-100063870918311\/","article_published_time":"2026-09-04T19:40:19+00:00","og_image":[{"width":1200,"height":675,"url":"https:\/\/radioinfinitagoya.com.ar\/v1\/wp-content\/uploads\/2026\/09\/andy-burnham.webp","type":"image\/webp"}],"author":"Jorge Mi\u00f1o","twitter_card":"summary_large_image","twitter_misc":{"Escrito por":"Jorge Mi\u00f1o","Tiempo de lectura":"6 minutos"},"schema":{"@context":"https:\/\/schema.org","@graph":[{"@type":"Article","@id":"https:\/\/radioinfinitagoya.com.ar\/v1\/2026\/09\/04\/la-rotunda-respuesta-del-reino-unido-a-javier-milei-tras-la-cadena-nacional-por-malvinas\/#article","isPartOf":{"@id":"https:\/\/radioinfinitagoya.com.ar\/v1\/2026\/09\/04\/la-rotunda-respuesta-del-reino-unido-a-javier-milei-tras-la-cadena-nacional-por-malvinas\/"},"author":{"name":"Jorge Mi\u00f1o","@id":"https:\/\/radioinfinitagoya.com.ar\/v1\/#\/schema\/person\/d4cf9c413d4f6edb24aabdccab49ca4a"},"headline":"La rotunda respuesta del Reino Unido a Javier Milei tras la cadena nacional por Malvinas","datePublished":"2026-09-04T19:40:19+00:00","mainEntityOfPage":{"@id":"https:\/\/radioinfinitagoya.com.ar\/v1\/2026\/09\/04\/la-rotunda-respuesta-del-reino-unido-a-javier-milei-tras-la-cadena-nacional-por-malvinas\/"},"wordCount":1103,"commentCount":0,"publisher":{"@id":"https:\/\/radioinfinitagoya.com.ar\/v1\/#organization"},"image":{"@id":"https:\/\/radioinfinitagoya.com.ar\/v1\/2026\/09\/04\/la-rotunda-respuesta-del-reino-unido-a-javier-milei-tras-la-cadena-nacional-por-malvinas\/#primaryimage"},"thumbnailUrl":"https:\/\/radioinfinitagoya.com.ar\/v1\/wp-content\/uploads\/2026\/09\/andy-burnham.webp","articleSection":["PRINCIPAL"],"inLanguage":"es-AR","potentialAction":[{"@type":"CommentAction","name":"Comment","target":["https:\/\/radioinfinitagoya.com.ar\/v1\/2026\/09\/04\/la-rotunda-respuesta-del-reino-unido-a-javier-milei-tras-la-cadena-nacional-por-malvinas\/#respond"]}]},{"@type":"WebPage","@id":"https:\/\/radioinfinitagoya.com.ar\/v1\/2026\/09\/04\/la-rotunda-respuesta-del-reino-unido-a-javier-milei-tras-la-cadena-nacional-por-malvinas\/","url":"https:\/\/radioinfinitagoya.com.ar\/v1\/2026\/09\/04\/la-rotunda-respuesta-del-reino-unido-a-javier-milei-tras-la-cadena-nacional-por-malvinas\/","name":"La rotunda respuesta del Reino Unido a Javier Milei tras la cadena nacional por Malvinas - Radio Infinita Goya","isPartOf":{"@id":"https:\/\/radioinfinitagoya.com.ar\/v1\/#website"},"primaryImageOfPage":{"@id":"https:\/\/radioinfinitagoya.com.ar\/v1\/2026\/09\/04\/la-rotunda-respuesta-del-reino-unido-a-javier-milei-tras-la-cadena-nacional-por-malvinas\/#primaryimage"},"image":{"@id":"https:\/\/radioinfinitagoya.com.ar\/v1\/2026\/09\/04\/la-rotunda-respuesta-del-reino-unido-a-javier-milei-tras-la-cadena-nacional-por-malvinas\/#primaryimage"},"thumbnailUrl":"https:\/\/radioinfinitagoya.com.ar\/v1\/wp-content\/uploads\/2026\/09\/andy-burnham.webp","datePublished":"2026-09-04T19:40:19+00:00","description":"El Gobierno brit\u00e1nico rechaz\u00f3 las declaraciones del presidente argentino sobre la soberan\u00eda de las islas. La postura del Reino Unido es \"inquebrantable\",","breadcrumb":{"@id":"https:\/\/radioinfinitagoya.com.ar\/v1\/2026\/09\/04\/la-rotunda-respuesta-del-reino-unido-a-javier-milei-tras-la-cadena-nacional-por-malvinas\/#breadcrumb"},"inLanguage":"es-AR","potentialAction":[{"@type":"ReadAction","target":["https:\/\/radioinfinitagoya.com.ar\/v1\/2026\/09\/04\/la-rotunda-respuesta-del-reino-unido-a-javier-milei-tras-la-cadena-nacional-por-malvinas\/"]}]},{"@type":"ImageObject","inLanguage":"es-AR","@id":"https:\/\/radioinfinitagoya.com.ar\/v1\/2026\/09\/04\/la-rotunda-respuesta-del-reino-unido-a-javier-milei-tras-la-cadena-nacional-por-malvinas\/#primaryimage","url":"https:\/\/radioinfinitagoya.com.ar\/v1\/wp-content\/uploads\/2026\/09\/andy-burnham.webp","contentUrl":"https:\/\/radioinfinitagoya.com.ar\/v1\/wp-content\/uploads\/2026\/09\/andy-burnham.webp","width":1200,"height":675},{"@type":"BreadcrumbList","@id":"https:\/\/radioinfinitagoya.com.ar\/v1\/2026\/09\/04\/la-rotunda-respuesta-del-reino-unido-a-javier-milei-tras-la-cadena-nacional-por-malvinas\/#breadcrumb","itemListElement":[{"@type":"ListItem","position":1,"name":"Inicio","item":"https:\/\/radioinfinitagoya.com.ar\/v1\/"},{"@type":"ListItem","position":2,"name":"La rotunda respuesta del Reino Unido a Javier Milei tras la cadena nacional por Malvinas"}]},{"@type":"WebSite","@id":"https:\/\/radioinfinitagoya.com.ar\/v1\/#website","url":"https:\/\/radioinfinitagoya.com.ar\/v1\/","name":"radioinfinitagoya.com.ar","description":"Radio de noticias","publisher":{"@id":"https:\/\/radioinfinitagoya.com.ar\/v1\/#organization"},"potentialAction":[{"@type":"SearchAction","target":{"@type":"EntryPoint","urlTemplate":"https:\/\/radioinfinitagoya.com.ar\/v1\/?s={search_term_string}"},"query-input":{"@type":"PropertyValueSpecification","valueRequired":true,"valueName":"search_term_string"}}],"inLanguage":"es-AR"},{"@type":"Organization","@id":"https:\/\/radioinfinitagoya.com.ar\/v1\/#organization","name":"Radio Infinita Goya","url":"https:\/\/radioinfinitagoya.com.ar\/v1\/","logo":{"@type":"ImageObject","inLanguage":"es-AR","@id":"https:\/\/radioinfinitagoya.com.ar\/v1\/#\/schema\/logo\/image\/","url":"https:\/\/radioinfinitagoya.com.ar\/v1\/wp-content\/uploads\/2019\/11\/logo-pie-web.png","contentUrl":"https:\/\/radioinfinitagoya.com.ar\/v1\/wp-content\/uploads\/2019\/11\/logo-pie-web.png","width":635,"height":326,"caption":"Radio Infinita Goya"},"image":{"@id":"https:\/\/radioinfinitagoya.com.ar\/v1\/#\/schema\/logo\/image\/"},"sameAs":["https:\/\/www.facebook.com\/p\/Infinita-Goya-100063870918311\/"]},{"@type":"Person","@id":"https:\/\/radioinfinitagoya.com.ar\/v1\/#\/schema\/person\/d4cf9c413d4f6edb24aabdccab49ca4a","name":"Jorge Mi\u00f1o","image":{"@type":"ImageObject","inLanguage":"es-AR","@id":"https:\/\/secure.gravatar.com\/avatar\/910fcf6728fe95320e07a6643c1581fec1c7fc4bf8ae12e3d8f0d0373dc844be?s=96&d=mm&r=g","url":"https:\/\/secure.gravatar.com\/avatar\/910fcf6728fe95320e07a6643c1581fec1c7fc4bf8ae12e3d8f0d0373dc844be?s=96&d=mm&r=g","contentUrl":"https:\/\/secure.gravatar.com\/avatar\/910fcf6728fe95320e07a6643c1581fec1c7fc4bf8ae12e3d8f0d0373dc844be?s=96&d=mm&r=g","caption":"Jorge Mi\u00f1o"},"sameAs":["http:\/\/radioinfinitagoya.com.ar"]}]}},"_links":{"self":[{"href":"https:\/\/radioinfinitagoya.com.ar\/v1\/wp-json\/wp\/v2\/posts\/226726","targetHints":{"allow":["GET"]}}],"collection":[{"href":"https:\/\/radioinfinitagoya.com.ar\/v1\/wp-json\/wp\/v2\/posts"}],"about":[{"href":"https:\/\/radioinfinitagoya.com.ar\/v1\/wp-json\/wp\/v2\/types\/post"}],"author":[{"embeddable":true,"href":"https:\/\/radioinfinitagoya.com.ar\/v1\/wp-json\/wp\/v2\/users\/4"}],"replies":[{"embeddable":true,"href":"https:\/\/radioinfinitagoya.com.ar\/v1\/wp-json\/wp\/v2\/comments?post=226726"}],"version-history":[{"count":1,"href":"https:\/\/radioinfinitagoya.com.ar\/v1\/wp-json\/wp\/v2\/posts\/226726\/revisions"}],"predecessor-version":[{"id":226731,"href":"https:\/\/radioinfinitagoya.com.ar\/v1\/wp-json\/wp\/v2\/posts\/226726\/revisions\/226731"}],"wp:featuredmedia":[{"embeddable":true,"href":"https:\/\/radioinfinitagoya.com.ar\/v1\/wp-json\/wp\/v2\/media\/226727"}],"wp:attachment":[{"href":"https:\/\/radioinfinitagoya.com.ar\/v1\/wp-json\/wp\/v2\/media?parent=226726"}],"wp:term":[{"taxonomy":"category","embeddable":true,"href":"https:\/\/radioinfinitagoya.com.ar\/v1\/wp-json\/wp\/v2\/categories?post=226726"},{"taxonomy":"post_tag","embeddable":true,"href":"https:\/\/radioinfinitagoya.com.ar\/v1\/wp-json\/wp\/v2\/tags?post=226726"}],"curies":[{"name":"wp","href":"https:\/\/api.w.org\/{rel}","templated":true}]}}