{"id":226732,"date":"2026-09-04T16:45:58","date_gmt":"2026-09-04T19:45:58","guid":{"rendered":"https:\/\/radioinfinitagoya.com.ar\/v1\/?p=226732"},"modified":"2026-09-04T16:45:58","modified_gmt":"2026-09-04T19:45:58","slug":"una-base-antartica-satelites-y-un-nuevo-proyecto-de-ley","status":"publish","type":"post","link":"https:\/\/radioinfinitagoya.com.ar\/v1\/2026\/09\/04\/una-base-antartica-satelites-y-un-nuevo-proyecto-de-ley\/","title":{"rendered":"Una base ant\u00e1rtica, sat\u00e9lites y un nuevo proyecto de ley"},"content":{"rendered":"<p>El otro lado de los anuncios de Javier Milei sobre las Islas Malvinas<\/p>\n<p>El Presidente explicit\u00f3 diversas medidas -ejecutivas y legislativas- para marcar una agenda vinculada a la cuesti\u00f3n del archipi\u00e9lago. Detr\u00e1s de algunos cambios presupuestarios, en el Gobierno afirman que quieren avanzar con proyectos complementarios. El pr\u00f3ximo paso en el Congreso<\/p>\n<p><img loading=\"lazy\" decoding=\"async\" class=\"alignnone size-medium wp-image-226734\" src=\"https:\/\/radioinfinitagoya.com.ar\/v1\/wp-content\/uploads\/2026\/09\/X4HXLAB4VZAOBBOOD2MHSEVTJI-600x338.jpg\" alt=\"\" width=\"600\" height=\"338\" srcset=\"https:\/\/radioinfinitagoya.com.ar\/v1\/wp-content\/uploads\/2026\/09\/X4HXLAB4VZAOBBOOD2MHSEVTJI-600x338.jpg 600w, https:\/\/radioinfinitagoya.com.ar\/v1\/wp-content\/uploads\/2026\/09\/X4HXLAB4VZAOBBOOD2MHSEVTJI-150x84.jpg 150w, https:\/\/radioinfinitagoya.com.ar\/v1\/wp-content\/uploads\/2026\/09\/X4HXLAB4VZAOBBOOD2MHSEVTJI-768x432.jpg 768w, https:\/\/radioinfinitagoya.com.ar\/v1\/wp-content\/uploads\/2026\/09\/X4HXLAB4VZAOBBOOD2MHSEVTJI-747x420.jpg 747w, https:\/\/radioinfinitagoya.com.ar\/v1\/wp-content\/uploads\/2026\/09\/X4HXLAB4VZAOBBOOD2MHSEVTJI-696x392.jpg 696w, https:\/\/radioinfinitagoya.com.ar\/v1\/wp-content\/uploads\/2026\/09\/X4HXLAB4VZAOBBOOD2MHSEVTJI.avif 992w\" sizes=\"auto, (max-width: 600px) 100vw, 600px\" \/><\/p>\n<p>El presidente Javier Milei brind\u00f3 ayer una cadena nacional en la que volvi\u00f3 a reclamar la soberan\u00eda argentina sobre las Islas Malvinas y anunci\u00f3 una serie de medidas vinculadas a ese tema, las cuales se traducen en un proyecto a enviarse en los pr\u00f3ximos d\u00edas al Congreso de la Naci\u00f3n y una serie de acciones del propio Poder Ejecutivo para incrementar capacidades militares.<\/p>\n<p>En el mensaje transmitido este jueves, Milei firm\u00f3 un decreto para agilizar los procedimientos sancionatorios de la Ley 26.659 contra empresas que participen en extracciones de petr\u00f3leo en el archipi\u00e9lago bajo ocupaci\u00f3n brit\u00e1nica, lo que dejar\u00e1 a esas compa\u00f1\u00edas inhabilitadas para operar en Argentina. A mediano plazo, el mandatario anunci\u00f3 el env\u00edo urgente al Congreso de un proyecto de Ley de Defensa de la Soberan\u00eda Nacional, que endurecer\u00eda las penas contra operaciones no autorizadas y crear\u00eda el Consejo de Seguridad Nacional, un organismo de aplicaci\u00f3n transversal que articular\u00eda Canciller\u00eda, Defensa, Inteligencia y Econom\u00eda. Adem\u00e1s, el Gobierno destinar\u00e1 fondos adicionales al Ministerio de Defensa para construir una base naval integrada en Tierra del Fuego, con el objetivo de convertir a la zona en el principal polo log\u00edstico del Atl\u00e1ntico Sur.<\/p>\n<p>Las bases a las que apunta el Gobierno<\/p>\n<p>Hay avances que ya se conocieron esta misma jornada con la publicaci\u00f3n del Bolet\u00edn Oficial a trav\u00e9s de tres medidas. Uno de los decretos reglament\u00f3 sanciones y excluir\u00e1 del RIGI a empresas vinculadas con explotaciones hidrocarbur\u00edferas no autorizadas como las que implementan las compa\u00f1\u00edas brit\u00e1nica Rockhopper e israel\u00ed Navitas a trav\u00e9s del proyecto Sea Lion. En paralelo, Milei firm\u00f3 un DNU que modifica ciertas partidas presupuestarias, que tambi\u00e9n se materializaron a trav\u00e9s de una Decisi\u00f3n Administrativa rubricada por el jefe de Gabinete Diego Santilli.<\/p>\n<p>Esta \u00faltima decisi\u00f3n hab\u00eda sido adelantada ayer por la noche en A24 por Pablo Quirno, quien afirm\u00f3 que uno de los segmentos \u201cotorga partidas para el comienzo de la construcci\u00f3n de la Base Naval Integrada\u201d. A trav\u00e9s de una modificaci\u00f3n de los cr\u00e9ditos que tiene el Ministerio de Defensa, la c\u00fapula de la Casa Rosada dispuso de \u201cadelantos a proveedores y contratistas a largo plazo\u201d de $ 114.732 millones que se destinar\u00e1n mayoritariamente para las obras que ratific\u00f3 ayer el canciller.<\/p>\n<p><img loading=\"lazy\" decoding=\"async\" class=\"alignnone size-medium wp-image-226735\" src=\"https:\/\/radioinfinitagoya.com.ar\/v1\/wp-content\/uploads\/2026\/09\/4EXFYDFU4JDZ3OUFROHVIBFHEM-1-600x338.jpg\" alt=\"\" width=\"600\" height=\"338\" srcset=\"https:\/\/radioinfinitagoya.com.ar\/v1\/wp-content\/uploads\/2026\/09\/4EXFYDFU4JDZ3OUFROHVIBFHEM-1-600x338.jpg 600w, https:\/\/radioinfinitagoya.com.ar\/v1\/wp-content\/uploads\/2026\/09\/4EXFYDFU4JDZ3OUFROHVIBFHEM-1-150x84.jpg 150w, https:\/\/radioinfinitagoya.com.ar\/v1\/wp-content\/uploads\/2026\/09\/4EXFYDFU4JDZ3OUFROHVIBFHEM-1-768x432.jpg 768w, https:\/\/radioinfinitagoya.com.ar\/v1\/wp-content\/uploads\/2026\/09\/4EXFYDFU4JDZ3OUFROHVIBFHEM-1-747x420.jpg 747w, https:\/\/radioinfinitagoya.com.ar\/v1\/wp-content\/uploads\/2026\/09\/4EXFYDFU4JDZ3OUFROHVIBFHEM-1-696x392.jpg 696w, https:\/\/radioinfinitagoya.com.ar\/v1\/wp-content\/uploads\/2026\/09\/4EXFYDFU4JDZ3OUFROHVIBFHEM-1.avif 992w\" sizes=\"auto, (max-width: 600px) 100vw, 600px\" \/><\/p>\n<p>Fue la misma administraci\u00f3n libertaria la que decidi\u00f3 recortar el env\u00edo de fondos destinados para la construcci\u00f3n de esa base, que se trata de una iniciativa comenzada en marzo de 2022 durante el gobierno de Alberto Fern\u00e1ndez y la gesti\u00f3n de Jorge Taiana como ministro de Defensa.<\/p>\n<p>Aun as\u00ed, fuentes gubernamentales ya dec\u00edan a Infobae a comienzos de a\u00f1o que estaba la intenci\u00f3n de volver a retomar esas obras. En las altas esferas de la Casa Rosada se evalu\u00f3 apelar a un fondeo por parte de Estados Unidos, debido a que la inversi\u00f3n aproximada para su construcci\u00f3n exced\u00eda las pretensiones propias del gobierno argentino: alt\u00edsimas fuentes del Ministerio de Defensa estimaban que terminar la base naval podr\u00eda implicar entre 400 y 500 millones de d\u00f3lares.<\/p>\n<p>Hoy esa posibilidad est\u00e1 desestimada. Al menos por ahora. \u201cEn un momento tuvimos un peque\u00f1o y austero ofrecimiento de Estados Unidos con algunos de estos fondos que manejan, pero era muy chico\u201d, afirma una inobjetable fuente del gobierno argentino.<\/p>\n<p>Al ser consultado esta ma\u00f1ana por Radio Mitre acerca de si habr\u00e1 una presencia concreta de Estados Unidos en la Base Naval Integrada, Quirno neg\u00f3 esa posibilidad y marc\u00f3: \u201cNosotros tomamos las decisiones por nuestro propio inter\u00e9s y defendiendo los intereses argentinos\u201d. \u201cNosotros consideramos que Tierra del Fuego es el punto neur\u00e1lgico del Atl\u00e1ntico Sur y, en ese sentido, tiene much\u00edsimas funciones como ser el acceso m\u00e1s corto y accesible a la Ant\u00e1rtida. Ah\u00ed hay una cuesti\u00f3n de servicios pol\u00edticos&#8230; Servicios log\u00edsticos, perd\u00f3n, que se pueden dar a los pa\u00edses que tambi\u00e9n est\u00e1n actuando en Ant\u00e1rtida. Tambi\u00e9n nos sirve para el monitoreo de nuestro propio Mar Argentino que es muy muy extenso\u201d, agreg\u00f3.<\/p>\n<p>La prioridad de los fondos que se desembolsar\u00e1n en los pr\u00f3ximos a\u00f1os es para la construcci\u00f3n de la Base Naval Integral, pero tambi\u00e9n est\u00e1 previsto que se aumenten fondos para la Base Ant\u00e1rtica Conjunta Petrel.<\/p>\n<p><img loading=\"lazy\" decoding=\"async\" class=\"alignnone size-medium wp-image-226736\" src=\"https:\/\/radioinfinitagoya.com.ar\/v1\/wp-content\/uploads\/2026\/09\/NQ53HPPAAJEO3BKE6CPZAXKJRI-600x400.jpg\" alt=\"\" width=\"600\" height=\"400\" srcset=\"https:\/\/radioinfinitagoya.com.ar\/v1\/wp-content\/uploads\/2026\/09\/NQ53HPPAAJEO3BKE6CPZAXKJRI-600x400.jpg 600w, https:\/\/radioinfinitagoya.com.ar\/v1\/wp-content\/uploads\/2026\/09\/NQ53HPPAAJEO3BKE6CPZAXKJRI-150x100.jpg 150w, https:\/\/radioinfinitagoya.com.ar\/v1\/wp-content\/uploads\/2026\/09\/NQ53HPPAAJEO3BKE6CPZAXKJRI-768x512.jpg 768w, https:\/\/radioinfinitagoya.com.ar\/v1\/wp-content\/uploads\/2026\/09\/NQ53HPPAAJEO3BKE6CPZAXKJRI-630x420.jpg 630w, https:\/\/radioinfinitagoya.com.ar\/v1\/wp-content\/uploads\/2026\/09\/NQ53HPPAAJEO3BKE6CPZAXKJRI-696x464.jpg 696w, https:\/\/radioinfinitagoya.com.ar\/v1\/wp-content\/uploads\/2026\/09\/NQ53HPPAAJEO3BKE6CPZAXKJRI.avif 992w\" sizes=\"auto, (max-width: 600px) 100vw, 600px\" \/><\/p>\n<p>\u201cLos dos est\u00e1n previstos como m\u00e1xima prioridad dentro de lo que es el Plan ARMA, que es aquel dinero que nos va a estar viniendo por la venta del 70% de inmuebles del \u00e1mbito de la defensa o el 10% de la venta o el alquiler de inmuebles. El binomio es la Base Naval Integrada y Petrel. Vemos un crecimiento de ambas en paralelo con diferentes etapas\u201d, agregan. A los funcionarios del \u00e1mbito de la Defensa les interesa la idea de conectar la Base Naval con la Base Petrel, la \u00fanica que tiene entradas tanto para embarcaciones como para aeronaves.<\/p>\n<p>En abril de este a\u00f1o, el astillero TANDANOR complet\u00f3 la estructura del M\u00f3dulo I para avanzar en la construcci\u00f3n del M\u00f3dulo II. Si quieren incrementar capacidades, el Gobierno deber\u00e1 mejorar los env\u00edos de fondos para esa empresa p\u00fablica, ya que la variaci\u00f3n interanual real de fondos enviados por la Administraci\u00f3n Nacional fue de -63,24%, seg\u00fan informa el Monitor de la Oficina de Presupuesto del Congreso.<\/p>\n<p>En la hoja de ruta de los funcionarios libertarios se habla de un proceso de cuatro a\u00f1os como m\u00ednimo. Se habla de una inversi\u00f3n de entre 100 y 150 millones de d\u00f3lares por a\u00f1o. \u201cCreo que entre el Plan ARMA, el FONDEF [El Fondo Nacional de Defensa] y otras partidas que le escuch\u00e9 al Presidente ayer en cadena nacional, lo podremos hacer\u201d, concluyen. Cabe aclarar que ese fondo presupuestario se vaci\u00f3 por completo en el dise\u00f1o de la Ley de Presupuesto 2026, por lo que esa declaraci\u00f3n sugerir\u00eda que puede llegar a contemplarse una restituci\u00f3n para el proyecto para el per\u00edodo 2027.<\/p>\n<p>Incremento de fondos para desarrollo satelital<br \/>\nEn las modificaciones presupuestarias que se dieron a conocer a trav\u00e9s del DNU 867\/2026 tambi\u00e9n figuran un incremento de los gastos figurativos de la Comisi\u00f3n Nacional de Actividades Espaciales (CONAE) por $ 117.000 millones. Fuentes de la Casa Rosada aseguraron a Infobae que una buena parte de estos fondos buscan estar direccionados para el desarrollo de sat\u00e9lites.<\/p>\n<p>Como \u00faltima novedad, el Gobierno anunci\u00f3 que la pr\u00f3xima misi\u00f3n satelital de la CONAE se encuentra en etapa final de integraci\u00f3n y ensayos en las instalaciones de INVAP. Se trata del SABIA-Mar, que incorpor\u00f3 una actualizaci\u00f3n tecnol\u00f3gica que ampli\u00f3 sus capacidades para generar informaci\u00f3n estrat\u00e9gica destinada a la producci\u00f3n, la seguridad, la investigaci\u00f3n cient\u00edfica y la gesti\u00f3n ambiental; la puesta en \u00f3rbita est\u00e1 prevista para el primer semestre de 2027.<\/p>\n<p>El pr\u00f3ximo proyecto libertario<br \/>\nEl eje legislativo del anuncio es el env\u00edo urgente al Congreso de un proyecto de Ley de Defensa de la Soberan\u00eda Nacional con dos componentes centrales. El primero endurecer\u00eda la Ley 26.659: las empresas vinculadas a operaciones no autorizadas en las islas quedar\u00edan inhabilitadas para contratar en el territorio argentino, tanto con el sector p\u00fablico como con el privado, y quedar\u00eda habilitada, cuando corresponda, la figura del juicio en ausencia para los infractores.<\/p>\n<p>El segundo componente crear\u00eda el Consejo de Seguridad Nacional, un organismo de aplicaci\u00f3n transversal y obligatoria para todo el Estado, con el mandato de articular las \u00e1reas de Canciller\u00eda, Defensa, Inteligencia y Econom\u00eda. \u201cLe pediremos al Congreso que le otorgue al Consejo las facultades necesarias para que el Estado pueda responder con herramientas econ\u00f3micas y diplom\u00e1ticas frente a actores estatales o no estatales que amenacen nuestra seguridad nacional\u201d, sostuvo Milei. Se trata de un isomorfismo del National Security Council de Estados Unidos. Alt\u00edsimas fuentes de la C\u00e1mara de Diputados de la Naci\u00f3n confirmaron a Infobae que aquel proyecto \u201cest\u00e1 al caer\u201d. Seguramente entrar\u00e1 formalmente la semana pr\u00f3xima, aunque todav\u00eda no est\u00e1 decidido c\u00f3mo ser\u00e1 la urgencia para su tratamiento. El oficialismo que lidera desde la Presidencia del recinto Mart\u00edn Menem no tiene mayores proyectos para tratar en el recinto, ya que la mayor\u00eda se encuentran en el Senado. Dado el desgaste que el Gobierno sufri\u00f3 con los bloques aliados en el \u00faltimo a\u00f1o, el oficialismo podr\u00eda aprovechar el proyecto vinculado a Malvinas para conseguir insertar otros temas en sesi\u00f3n.<\/p>\n<p>Aun as\u00ed, Menem estar\u00eda particularmente interesado en tratar el proyecto con cierta celeridad. Su padre Eduardo Menem fue uno de los ide\u00f3logos de que en 1994 se incorporara una cl\u00e1usula constitucional que estableciera que la recuperaci\u00f3n de Malvinas es un objetivo permanente e irrenunciable; asimismo, en 1998 impuls\u00f3 en el Senado un proyecto para sancionar e inhabilitar a las empresas que explotaran recursos en las islas, pero sin autorizaci\u00f3n argentina. Ese proyecto no lleg\u00f3 a convertirse en ley, pero anticip\u00f3 parte de la l\u00f3gica que despu\u00e9s qued\u00f3 plasmada en la Ley 26.659, impulsada y sancionada durante la primera administraci\u00f3n de Cristina Fern\u00e1ndez de Kirchner.<\/p>\n<p>&nbsp;<\/p>\n<p>&nbsp;<\/p>\n","protected":false},"excerpt":{"rendered":"<p>El otro lado de los anuncios de Javier Milei sobre las Islas Malvinas El Presidente explicit\u00f3 diversas medidas -ejecutivas y legislativas- para marcar una agenda vinculada a la cuesti\u00f3n del archipi\u00e9lago. Detr\u00e1s de algunos cambios presupuestarios, en el Gobierno afirman que quieren avanzar con proyectos complementarios. El pr\u00f3ximo paso en el Congreso El presidente Javier [&hellip;]<\/p>\n","protected":false},"author":4,"featured_media":226733,"comment_status":"open","ping_status":"open","sticky":false,"template":"","format":"standard","meta":{"_joinchat":[],"footnotes":""},"categories":[25],"tags":[],"class_list":["post-226732","post","type-post","status-publish","format-standard","has-post-thumbnail","category-destacados"],"yoast_head":"<!-- This site is optimized with the Yoast SEO plugin v27.7 - https:\/\/yoast.com\/product\/yoast-seo-wordpress\/ -->\n<title>Una base ant\u00e1rtica, sat\u00e9lites y un nuevo proyecto de ley - Radio Infinita Goya<\/title>\n<meta name=\"description\" content=\"El otro lado de los anuncios de Javier Milei sobre las Islas Malvinas El Presidente explicit\u00f3 diversas medidas -ejecutivas y legislativas- para marcar una\" \/>\n<meta name=\"robots\" content=\"index, follow, max-snippet:-1, max-image-preview:large, max-video-preview:-1\" \/>\n<link rel=\"canonical\" href=\"https:\/\/radioinfinitagoya.com.ar\/v1\/2026\/09\/04\/una-base-antartica-satelites-y-un-nuevo-proyecto-de-ley\/\" \/>\n<meta property=\"og:locale\" content=\"es_ES\" \/>\n<meta property=\"og:type\" content=\"article\" \/>\n<meta property=\"og:title\" content=\"Una base ant\u00e1rtica, sat\u00e9lites y un nuevo proyecto de ley - Radio Infinita Goya\" \/>\n<meta property=\"og:description\" content=\"El otro lado de los anuncios de Javier Milei sobre las Islas Malvinas El Presidente explicit\u00f3 diversas medidas -ejecutivas y legislativas- para marcar una\" \/>\n<meta property=\"og:url\" content=\"https:\/\/radioinfinitagoya.com.ar\/v1\/2026\/09\/04\/una-base-antartica-satelites-y-un-nuevo-proyecto-de-ley\/\" \/>\n<meta property=\"og:site_name\" content=\"Radio Infinita Goya\" \/>\n<meta property=\"article:publisher\" content=\"https:\/\/www.facebook.com\/p\/Infinita-Goya-100063870918311\/\" \/>\n<meta property=\"article:published_time\" content=\"2026-09-04T19:45:58+00:00\" \/>\n<meta name=\"author\" content=\"Jorge Mi\u00f1o\" \/>\n<meta name=\"twitter:card\" content=\"summary_large_image\" \/>\n<meta name=\"twitter:label1\" content=\"Escrito por\" \/>\n\t<meta name=\"twitter:data1\" content=\"Jorge Mi\u00f1o\" \/>\n\t<meta name=\"twitter:label2\" content=\"Tiempo de lectura\" \/>\n\t<meta name=\"twitter:data2\" content=\"8 minutos\" \/>\n<script type=\"application\/ld+json\" class=\"yoast-schema-graph\">{\"@context\":\"https:\\\/\\\/schema.org\",\"@graph\":[{\"@type\":\"Article\",\"@id\":\"https:\\\/\\\/radioinfinitagoya.com.ar\\\/v1\\\/2026\\\/09\\\/04\\\/una-base-antartica-satelites-y-un-nuevo-proyecto-de-ley\\\/#article\",\"isPartOf\":{\"@id\":\"https:\\\/\\\/radioinfinitagoya.com.ar\\\/v1\\\/2026\\\/09\\\/04\\\/una-base-antartica-satelites-y-un-nuevo-proyecto-de-ley\\\/\"},\"author\":{\"name\":\"Jorge Mi\u00f1o\",\"@id\":\"https:\\\/\\\/radioinfinitagoya.com.ar\\\/v1\\\/#\\\/schema\\\/person\\\/d4cf9c413d4f6edb24aabdccab49ca4a\"},\"headline\":\"Una base ant\u00e1rtica, sat\u00e9lites y un nuevo proyecto de ley\",\"datePublished\":\"2026-09-04T19:45:58+00:00\",\"mainEntityOfPage\":{\"@id\":\"https:\\\/\\\/radioinfinitagoya.com.ar\\\/v1\\\/2026\\\/09\\\/04\\\/una-base-antartica-satelites-y-un-nuevo-proyecto-de-ley\\\/\"},\"wordCount\":1631,\"commentCount\":0,\"publisher\":{\"@id\":\"https:\\\/\\\/radioinfinitagoya.com.ar\\\/v1\\\/#organization\"},\"image\":{\"@id\":\"https:\\\/\\\/radioinfinitagoya.com.ar\\\/v1\\\/2026\\\/09\\\/04\\\/una-base-antartica-satelites-y-un-nuevo-proyecto-de-ley\\\/#primaryimage\"},\"thumbnailUrl\":\"https:\\\/\\\/radioinfinitagoya.com.ar\\\/v1\\\/wp-content\\\/uploads\\\/2026\\\/09\\\/4EXFYDFU4JDZ3OUFROHVIBFHEM.avif\",\"articleSection\":[\"DESTACADOS\"],\"inLanguage\":\"es-AR\",\"potentialAction\":[{\"@type\":\"CommentAction\",\"name\":\"Comment\",\"target\":[\"https:\\\/\\\/radioinfinitagoya.com.ar\\\/v1\\\/2026\\\/09\\\/04\\\/una-base-antartica-satelites-y-un-nuevo-proyecto-de-ley\\\/#respond\"]}]},{\"@type\":\"WebPage\",\"@id\":\"https:\\\/\\\/radioinfinitagoya.com.ar\\\/v1\\\/2026\\\/09\\\/04\\\/una-base-antartica-satelites-y-un-nuevo-proyecto-de-ley\\\/\",\"url\":\"https:\\\/\\\/radioinfinitagoya.com.ar\\\/v1\\\/2026\\\/09\\\/04\\\/una-base-antartica-satelites-y-un-nuevo-proyecto-de-ley\\\/\",\"name\":\"Una base ant\u00e1rtica, sat\u00e9lites y un nuevo proyecto de ley - Radio Infinita Goya\",\"isPartOf\":{\"@id\":\"https:\\\/\\\/radioinfinitagoya.com.ar\\\/v1\\\/#website\"},\"primaryImageOfPage\":{\"@id\":\"https:\\\/\\\/radioinfinitagoya.com.ar\\\/v1\\\/2026\\\/09\\\/04\\\/una-base-antartica-satelites-y-un-nuevo-proyecto-de-ley\\\/#primaryimage\"},\"image\":{\"@id\":\"https:\\\/\\\/radioinfinitagoya.com.ar\\\/v1\\\/2026\\\/09\\\/04\\\/una-base-antartica-satelites-y-un-nuevo-proyecto-de-ley\\\/#primaryimage\"},\"thumbnailUrl\":\"https:\\\/\\\/radioinfinitagoya.com.ar\\\/v1\\\/wp-content\\\/uploads\\\/2026\\\/09\\\/4EXFYDFU4JDZ3OUFROHVIBFHEM.avif\",\"datePublished\":\"2026-09-04T19:45:58+00:00\",\"description\":\"El otro lado de los anuncios de Javier Milei sobre las Islas Malvinas El Presidente explicit\u00f3 diversas medidas -ejecutivas y legislativas- para marcar una\",\"breadcrumb\":{\"@id\":\"https:\\\/\\\/radioinfinitagoya.com.ar\\\/v1\\\/2026\\\/09\\\/04\\\/una-base-antartica-satelites-y-un-nuevo-proyecto-de-ley\\\/#breadcrumb\"},\"inLanguage\":\"es-AR\",\"potentialAction\":[{\"@type\":\"ReadAction\",\"target\":[\"https:\\\/\\\/radioinfinitagoya.com.ar\\\/v1\\\/2026\\\/09\\\/04\\\/una-base-antartica-satelites-y-un-nuevo-proyecto-de-ley\\\/\"]}]},{\"@type\":\"ImageObject\",\"inLanguage\":\"es-AR\",\"@id\":\"https:\\\/\\\/radioinfinitagoya.com.ar\\\/v1\\\/2026\\\/09\\\/04\\\/una-base-antartica-satelites-y-un-nuevo-proyecto-de-ley\\\/#primaryimage\",\"url\":\"https:\\\/\\\/radioinfinitagoya.com.ar\\\/v1\\\/wp-content\\\/uploads\\\/2026\\\/09\\\/4EXFYDFU4JDZ3OUFROHVIBFHEM.avif\",\"contentUrl\":\"https:\\\/\\\/radioinfinitagoya.com.ar\\\/v1\\\/wp-content\\\/uploads\\\/2026\\\/09\\\/4EXFYDFU4JDZ3OUFROHVIBFHEM.avif\",\"width\":992,\"height\":558},{\"@type\":\"BreadcrumbList\",\"@id\":\"https:\\\/\\\/radioinfinitagoya.com.ar\\\/v1\\\/2026\\\/09\\\/04\\\/una-base-antartica-satelites-y-un-nuevo-proyecto-de-ley\\\/#breadcrumb\",\"itemListElement\":[{\"@type\":\"ListItem\",\"position\":1,\"name\":\"Inicio\",\"item\":\"https:\\\/\\\/radioinfinitagoya.com.ar\\\/v1\\\/\"},{\"@type\":\"ListItem\",\"position\":2,\"name\":\"Una base ant\u00e1rtica, sat\u00e9lites y un nuevo proyecto de ley\"}]},{\"@type\":\"WebSite\",\"@id\":\"https:\\\/\\\/radioinfinitagoya.com.ar\\\/v1\\\/#website\",\"url\":\"https:\\\/\\\/radioinfinitagoya.com.ar\\\/v1\\\/\",\"name\":\"radioinfinitagoya.com.ar\",\"description\":\"Radio de noticias\",\"publisher\":{\"@id\":\"https:\\\/\\\/radioinfinitagoya.com.ar\\\/v1\\\/#organization\"},\"potentialAction\":[{\"@type\":\"SearchAction\",\"target\":{\"@type\":\"EntryPoint\",\"urlTemplate\":\"https:\\\/\\\/radioinfinitagoya.com.ar\\\/v1\\\/?s={search_term_string}\"},\"query-input\":{\"@type\":\"PropertyValueSpecification\",\"valueRequired\":true,\"valueName\":\"search_term_string\"}}],\"inLanguage\":\"es-AR\"},{\"@type\":\"Organization\",\"@id\":\"https:\\\/\\\/radioinfinitagoya.com.ar\\\/v1\\\/#organization\",\"name\":\"Radio Infinita Goya\",\"url\":\"https:\\\/\\\/radioinfinitagoya.com.ar\\\/v1\\\/\",\"logo\":{\"@type\":\"ImageObject\",\"inLanguage\":\"es-AR\",\"@id\":\"https:\\\/\\\/radioinfinitagoya.com.ar\\\/v1\\\/#\\\/schema\\\/logo\\\/image\\\/\",\"url\":\"https:\\\/\\\/radioinfinitagoya.com.ar\\\/v1\\\/wp-content\\\/uploads\\\/2019\\\/11\\\/logo-pie-web.png\",\"contentUrl\":\"https:\\\/\\\/radioinfinitagoya.com.ar\\\/v1\\\/wp-content\\\/uploads\\\/2019\\\/11\\\/logo-pie-web.png\",\"width\":635,\"height\":326,\"caption\":\"Radio Infinita Goya\"},\"image\":{\"@id\":\"https:\\\/\\\/radioinfinitagoya.com.ar\\\/v1\\\/#\\\/schema\\\/logo\\\/image\\\/\"},\"sameAs\":[\"https:\\\/\\\/www.facebook.com\\\/p\\\/Infinita-Goya-100063870918311\\\/\"]},{\"@type\":\"Person\",\"@id\":\"https:\\\/\\\/radioinfinitagoya.com.ar\\\/v1\\\/#\\\/schema\\\/person\\\/d4cf9c413d4f6edb24aabdccab49ca4a\",\"name\":\"Jorge Mi\u00f1o\",\"image\":{\"@type\":\"ImageObject\",\"inLanguage\":\"es-AR\",\"@id\":\"https:\\\/\\\/secure.gravatar.com\\\/avatar\\\/910fcf6728fe95320e07a6643c1581fec1c7fc4bf8ae12e3d8f0d0373dc844be?s=96&d=mm&r=g\",\"url\":\"https:\\\/\\\/secure.gravatar.com\\\/avatar\\\/910fcf6728fe95320e07a6643c1581fec1c7fc4bf8ae12e3d8f0d0373dc844be?s=96&d=mm&r=g\",\"contentUrl\":\"https:\\\/\\\/secure.gravatar.com\\\/avatar\\\/910fcf6728fe95320e07a6643c1581fec1c7fc4bf8ae12e3d8f0d0373dc844be?s=96&d=mm&r=g\",\"caption\":\"Jorge Mi\u00f1o\"},\"sameAs\":[\"http:\\\/\\\/radioinfinitagoya.com.ar\"]}]}<\/script>\n<!-- \/ Yoast SEO plugin. -->","yoast_head_json":{"title":"Una base ant\u00e1rtica, sat\u00e9lites y un nuevo proyecto de ley - Radio Infinita Goya","description":"El otro lado de los anuncios de Javier Milei sobre las Islas Malvinas El Presidente explicit\u00f3 diversas medidas -ejecutivas y legislativas- para marcar una","robots":{"index":"index","follow":"follow","max-snippet":"max-snippet:-1","max-image-preview":"max-image-preview:large","max-video-preview":"max-video-preview:-1"},"canonical":"https:\/\/radioinfinitagoya.com.ar\/v1\/2026\/09\/04\/una-base-antartica-satelites-y-un-nuevo-proyecto-de-ley\/","og_locale":"es_ES","og_type":"article","og_title":"Una base ant\u00e1rtica, sat\u00e9lites y un nuevo proyecto de ley - Radio Infinita Goya","og_description":"El otro lado de los anuncios de Javier Milei sobre las Islas Malvinas El Presidente explicit\u00f3 diversas medidas -ejecutivas y legislativas- para marcar una","og_url":"https:\/\/radioinfinitagoya.com.ar\/v1\/2026\/09\/04\/una-base-antartica-satelites-y-un-nuevo-proyecto-de-ley\/","og_site_name":"Radio Infinita Goya","article_publisher":"https:\/\/www.facebook.com\/p\/Infinita-Goya-100063870918311\/","article_published_time":"2026-09-04T19:45:58+00:00","author":"Jorge Mi\u00f1o","twitter_card":"summary_large_image","twitter_misc":{"Escrito por":"Jorge Mi\u00f1o","Tiempo de lectura":"8 minutos"},"schema":{"@context":"https:\/\/schema.org","@graph":[{"@type":"Article","@id":"https:\/\/radioinfinitagoya.com.ar\/v1\/2026\/09\/04\/una-base-antartica-satelites-y-un-nuevo-proyecto-de-ley\/#article","isPartOf":{"@id":"https:\/\/radioinfinitagoya.com.ar\/v1\/2026\/09\/04\/una-base-antartica-satelites-y-un-nuevo-proyecto-de-ley\/"},"author":{"name":"Jorge Mi\u00f1o","@id":"https:\/\/radioinfinitagoya.com.ar\/v1\/#\/schema\/person\/d4cf9c413d4f6edb24aabdccab49ca4a"},"headline":"Una base ant\u00e1rtica, sat\u00e9lites y un nuevo proyecto de ley","datePublished":"2026-09-04T19:45:58+00:00","mainEntityOfPage":{"@id":"https:\/\/radioinfinitagoya.com.ar\/v1\/2026\/09\/04\/una-base-antartica-satelites-y-un-nuevo-proyecto-de-ley\/"},"wordCount":1631,"commentCount":0,"publisher":{"@id":"https:\/\/radioinfinitagoya.com.ar\/v1\/#organization"},"image":{"@id":"https:\/\/radioinfinitagoya.com.ar\/v1\/2026\/09\/04\/una-base-antartica-satelites-y-un-nuevo-proyecto-de-ley\/#primaryimage"},"thumbnailUrl":"https:\/\/radioinfinitagoya.com.ar\/v1\/wp-content\/uploads\/2026\/09\/4EXFYDFU4JDZ3OUFROHVIBFHEM.avif","articleSection":["DESTACADOS"],"inLanguage":"es-AR","potentialAction":[{"@type":"CommentAction","name":"Comment","target":["https:\/\/radioinfinitagoya.com.ar\/v1\/2026\/09\/04\/una-base-antartica-satelites-y-un-nuevo-proyecto-de-ley\/#respond"]}]},{"@type":"WebPage","@id":"https:\/\/radioinfinitagoya.com.ar\/v1\/2026\/09\/04\/una-base-antartica-satelites-y-un-nuevo-proyecto-de-ley\/","url":"https:\/\/radioinfinitagoya.com.ar\/v1\/2026\/09\/04\/una-base-antartica-satelites-y-un-nuevo-proyecto-de-ley\/","name":"Una base ant\u00e1rtica, sat\u00e9lites y un nuevo proyecto de ley - Radio Infinita Goya","isPartOf":{"@id":"https:\/\/radioinfinitagoya.com.ar\/v1\/#website"},"primaryImageOfPage":{"@id":"https:\/\/radioinfinitagoya.com.ar\/v1\/2026\/09\/04\/una-base-antartica-satelites-y-un-nuevo-proyecto-de-ley\/#primaryimage"},"image":{"@id":"https:\/\/radioinfinitagoya.com.ar\/v1\/2026\/09\/04\/una-base-antartica-satelites-y-un-nuevo-proyecto-de-ley\/#primaryimage"},"thumbnailUrl":"https:\/\/radioinfinitagoya.com.ar\/v1\/wp-content\/uploads\/2026\/09\/4EXFYDFU4JDZ3OUFROHVIBFHEM.avif","datePublished":"2026-09-04T19:45:58+00:00","description":"El otro lado de los anuncios de Javier Milei sobre las Islas Malvinas El Presidente explicit\u00f3 diversas medidas -ejecutivas y legislativas- para marcar una","breadcrumb":{"@id":"https:\/\/radioinfinitagoya.com.ar\/v1\/2026\/09\/04\/una-base-antartica-satelites-y-un-nuevo-proyecto-de-ley\/#breadcrumb"},"inLanguage":"es-AR","potentialAction":[{"@type":"ReadAction","target":["https:\/\/radioinfinitagoya.com.ar\/v1\/2026\/09\/04\/una-base-antartica-satelites-y-un-nuevo-proyecto-de-ley\/"]}]},{"@type":"ImageObject","inLanguage":"es-AR","@id":"https:\/\/radioinfinitagoya.com.ar\/v1\/2026\/09\/04\/una-base-antartica-satelites-y-un-nuevo-proyecto-de-ley\/#primaryimage","url":"https:\/\/radioinfinitagoya.com.ar\/v1\/wp-content\/uploads\/2026\/09\/4EXFYDFU4JDZ3OUFROHVIBFHEM.avif","contentUrl":"https:\/\/radioinfinitagoya.com.ar\/v1\/wp-content\/uploads\/2026\/09\/4EXFYDFU4JDZ3OUFROHVIBFHEM.avif","width":992,"height":558},{"@type":"BreadcrumbList","@id":"https:\/\/radioinfinitagoya.com.ar\/v1\/2026\/09\/04\/una-base-antartica-satelites-y-un-nuevo-proyecto-de-ley\/#breadcrumb","itemListElement":[{"@type":"ListItem","position":1,"name":"Inicio","item":"https:\/\/radioinfinitagoya.com.ar\/v1\/"},{"@type":"ListItem","position":2,"name":"Una base ant\u00e1rtica, sat\u00e9lites y un nuevo proyecto de ley"}]},{"@type":"WebSite","@id":"https:\/\/radioinfinitagoya.com.ar\/v1\/#website","url":"https:\/\/radioinfinitagoya.com.ar\/v1\/","name":"radioinfinitagoya.com.ar","description":"Radio de noticias","publisher":{"@id":"https:\/\/radioinfinitagoya.com.ar\/v1\/#organization"},"potentialAction":[{"@type":"SearchAction","target":{"@type":"EntryPoint","urlTemplate":"https:\/\/radioinfinitagoya.com.ar\/v1\/?s={search_term_string}"},"query-input":{"@type":"PropertyValueSpecification","valueRequired":true,"valueName":"search_term_string"}}],"inLanguage":"es-AR"},{"@type":"Organization","@id":"https:\/\/radioinfinitagoya.com.ar\/v1\/#organization","name":"Radio Infinita Goya","url":"https:\/\/radioinfinitagoya.com.ar\/v1\/","logo":{"@type":"ImageObject","inLanguage":"es-AR","@id":"https:\/\/radioinfinitagoya.com.ar\/v1\/#\/schema\/logo\/image\/","url":"https:\/\/radioinfinitagoya.com.ar\/v1\/wp-content\/uploads\/2019\/11\/logo-pie-web.png","contentUrl":"https:\/\/radioinfinitagoya.com.ar\/v1\/wp-content\/uploads\/2019\/11\/logo-pie-web.png","width":635,"height":326,"caption":"Radio Infinita Goya"},"image":{"@id":"https:\/\/radioinfinitagoya.com.ar\/v1\/#\/schema\/logo\/image\/"},"sameAs":["https:\/\/www.facebook.com\/p\/Infinita-Goya-100063870918311\/"]},{"@type":"Person","@id":"https:\/\/radioinfinitagoya.com.ar\/v1\/#\/schema\/person\/d4cf9c413d4f6edb24aabdccab49ca4a","name":"Jorge Mi\u00f1o","image":{"@type":"ImageObject","inLanguage":"es-AR","@id":"https:\/\/secure.gravatar.com\/avatar\/910fcf6728fe95320e07a6643c1581fec1c7fc4bf8ae12e3d8f0d0373dc844be?s=96&d=mm&r=g","url":"https:\/\/secure.gravatar.com\/avatar\/910fcf6728fe95320e07a6643c1581fec1c7fc4bf8ae12e3d8f0d0373dc844be?s=96&d=mm&r=g","contentUrl":"https:\/\/secure.gravatar.com\/avatar\/910fcf6728fe95320e07a6643c1581fec1c7fc4bf8ae12e3d8f0d0373dc844be?s=96&d=mm&r=g","caption":"Jorge Mi\u00f1o"},"sameAs":["http:\/\/radioinfinitagoya.com.ar"]}]}},"_links":{"self":[{"href":"https:\/\/radioinfinitagoya.com.ar\/v1\/wp-json\/wp\/v2\/posts\/226732","targetHints":{"allow":["GET"]}}],"collection":[{"href":"https:\/\/radioinfinitagoya.com.ar\/v1\/wp-json\/wp\/v2\/posts"}],"about":[{"href":"https:\/\/radioinfinitagoya.com.ar\/v1\/wp-json\/wp\/v2\/types\/post"}],"author":[{"embeddable":true,"href":"https:\/\/radioinfinitagoya.com.ar\/v1\/wp-json\/wp\/v2\/users\/4"}],"replies":[{"embeddable":true,"href":"https:\/\/radioinfinitagoya.com.ar\/v1\/wp-json\/wp\/v2\/comments?post=226732"}],"version-history":[{"count":1,"href":"https:\/\/radioinfinitagoya.com.ar\/v1\/wp-json\/wp\/v2\/posts\/226732\/revisions"}],"predecessor-version":[{"id":226737,"href":"https:\/\/radioinfinitagoya.com.ar\/v1\/wp-json\/wp\/v2\/posts\/226732\/revisions\/226737"}],"wp:featuredmedia":[{"embeddable":true,"href":"https:\/\/radioinfinitagoya.com.ar\/v1\/wp-json\/wp\/v2\/media\/226733"}],"wp:attachment":[{"href":"https:\/\/radioinfinitagoya.com.ar\/v1\/wp-json\/wp\/v2\/media?parent=226732"}],"wp:term":[{"taxonomy":"category","embeddable":true,"href":"https:\/\/radioinfinitagoya.com.ar\/v1\/wp-json\/wp\/v2\/categories?post=226732"},{"taxonomy":"post_tag","embeddable":true,"href":"https:\/\/radioinfinitagoya.com.ar\/v1\/wp-json\/wp\/v2\/tags?post=226732"}],"curies":[{"name":"wp","href":"https:\/\/api.w.org\/{rel}","templated":true}]}}