{"id":226738,"date":"2026-09-04T17:24:57","date_gmt":"2026-09-04T20:24:57","guid":{"rendered":"https:\/\/radioinfinitagoya.com.ar\/v1\/?p=226738"},"modified":"2026-09-04T17:24:57","modified_gmt":"2026-09-04T20:24:57","slug":"juan-pablo-valdes-presidio-la-apertura-de-los-torneos-interescolares-provinciales","status":"publish","type":"post","link":"https:\/\/radioinfinitagoya.com.ar\/v1\/2026\/09\/04\/juan-pablo-valdes-presidio-la-apertura-de-los-torneos-interescolares-provinciales\/","title":{"rendered":"Juan Pablo Vald\u00e9s presidio la apertura de los torneos Interescolares Provinciales"},"content":{"rendered":"<p>El mandatario acompa\u00f1\u00f3 a los j\u00f3venes que compiten por clasificar a los Juegos Evita y resalt\u00f3 que adem\u00e1s de los resultados, el evento representa una experiencia \u00fanica de aprendizaje para todos ellos. Tambi\u00e9n, asegur\u00f3 un decidido apoyo al deporte escolar y de alto rendimiento.<\/p>\n<div class=\"youtube-embed\" data-video_id=\"aPKj0-HZV0E\"><iframe loading=\"lazy\" title=\"VALD\u00c9S PRESIDI\u00d3 LA APERTURA DE LOS TORNEOS INTERESCOLARES PROVINCIALES\" width=\"696\" height=\"392\" src=\"https:\/\/www.youtube.com\/embed\/aPKj0-HZV0E?feature=oembed&#038;enablejsapi=1\" frameborder=\"0\" allow=\"accelerometer; autoplay; clipboard-write; encrypted-media; gyroscope; picture-in-picture; web-share\" referrerpolicy=\"strict-origin-when-cross-origin\" allowfullscreen><\/iframe><\/div>\n<p>M\u00e1s de 700 j\u00f3venes deportistas de 33 localidades participan de la instancia provincial de los Torneos Interescolares que se realizan este viernes y s\u00e1bado en la Capital correntina. La apertura del evento estuvo presidida por el gobernador Juan Pablo Vald\u00e9s, quien puso en valor el rol del deporte como parte fundamental de la formaci\u00f3n integral de los estudiantes y asegur\u00f3 que desde el Gobierno provincial se continuar\u00e1 apoyando con inversiones al deporte escolar y de alto rendimiento y fomentando su pr\u00e1ctica.<\/p>\n<p>Las actividades se desarrollan en el Centro de Educaci\u00f3n F\u00edsica (CEF) N\u00b017 y las disciplinas en competencia son atletismo convencional, atletismo adaptado, b\u00e1squet 3&#215;3, nataci\u00f3n, triatl\u00f3n y nataci\u00f3n adaptada, entre otras.<\/p>\n<p>Adem\u00e1s tienen lugar destacado los deportes adaptados con competencias de boccia, tenis de mesa, b\u00e1squet en silla de ruedas, v\u00f3ley sentado y powerlifting, promoviendo la inclusi\u00f3n, la participaci\u00f3n y la igualdad de oportunidades a trav\u00e9s del deporte.<\/p>\n<p>Los estudiantes llegan al provincial luego de haber superado las etapas local y zonal, representando a sus respectivas instituciones y localidades. En esta oportunidad los competidores buscar\u00e1n alcanzar la clasificaci\u00f3n que les permita representar a Corrientes en los Juegos Deportivos Nacionales Evita.<\/p>\n<p>Al respecto, el gobernador Juan Pablo Vald\u00e9s destac\u00f3 el esfuerzo de los estudiantes y docentes que llegaron a esta instancia y puso en valor el rol del deporte como parte fundamental de la formaci\u00f3n integral de los j\u00f3venes. En ese sentido, sostuvo que estos torneos no representan solamente una competencia deportiva, sino tambi\u00e9n una experiencia de aprendizaje.<\/p>\n<p>El mandatario remarc\u00f3 que el deporte es inclusi\u00f3n, contenci\u00f3n, comunidad y crecimiento y dej\u00f3 en claro que Corrientes posee un gran semillero. Por ello, asegur\u00f3 que &#8220;vamos a potenciarlo con nuevas inversiones en programas e infraestructura para acompa\u00f1ar las disciplinas educativas y de alto rendimiento&#8221;.<\/p>\n<p>Asimismo, Vald\u00e9s tambi\u00e9n resalt\u00f3 los resultados alcanzados por el programa provincial de deportes educativos y su aporte a la formaci\u00f3n de deportistas que posteriormente tuvieron destacadas participaciones en competencias nacionales. &#8220;Con estos j\u00f3venes hemos logrado grandes medallistas y grandes deportistas&#8221;, expres\u00f3.<\/p>\n<p>Finalmente, el Gobernador ratific\u00f3 el acompa\u00f1amiento de la Provincia a las pol\u00edticas vinculadas con el deporte escolar: &#8220;Un gran trabajo que vamos a seguir apoyando, porque creemos que el deporte es el camino&#8221;.<\/p>\n<p>El director general de Educaci\u00f3n F\u00edsica de la Provincia, Alejandro Simoni, por su parte, destac\u00f3 la amplia convocatoria alcanzada este a\u00f1o y se\u00f1al\u00f3 que uno de los principales objetivos fue incorporar y promover una mayor cantidad de disciplinas deportivas dentro del \u00e1mbito escolar.<\/p>\n<p>&nbsp;<\/p>\n","protected":false},"excerpt":{"rendered":"<p>El mandatario acompa\u00f1\u00f3 a los j\u00f3venes que compiten por clasificar a los Juegos Evita y resalt\u00f3 que adem\u00e1s de los resultados, el evento representa una experiencia \u00fanica de aprendizaje para todos ellos. Tambi\u00e9n, asegur\u00f3 un decidido apoyo al deporte escolar y de alto rendimiento. M\u00e1s de 700 j\u00f3venes deportistas de 33 localidades participan de la [&hellip;]<\/p>\n","protected":false},"author":4,"featured_media":226739,"comment_status":"open","ping_status":"open","sticky":false,"template":"","format":"standard","meta":{"_joinchat":[],"footnotes":""},"categories":[31],"tags":[],"class_list":["post-226738","post","type-post","status-publish","format-standard","has-post-thumbnail","category-informacion-general"],"yoast_head":"<!-- This site is optimized with the Yoast SEO plugin v27.7 - https:\/\/yoast.com\/product\/yoast-seo-wordpress\/ -->\n<title>Juan Pablo Vald\u00e9s presidio la apertura de los torneos Interescolares Provinciales - Radio Infinita Goya<\/title>\n<meta name=\"description\" content=\"El mandatario acompa\u00f1\u00f3 a los j\u00f3venes que compiten por clasificar a los Juegos Evita y resalt\u00f3 que adem\u00e1s de los resultados, el evento representa una\" \/>\n<meta name=\"robots\" content=\"index, follow, max-snippet:-1, max-image-preview:large, max-video-preview:-1\" \/>\n<link rel=\"canonical\" href=\"https:\/\/radioinfinitagoya.com.ar\/v1\/2026\/09\/04\/juan-pablo-valdes-presidio-la-apertura-de-los-torneos-interescolares-provinciales\/\" \/>\n<meta property=\"og:locale\" content=\"es_ES\" \/>\n<meta property=\"og:type\" content=\"article\" \/>\n<meta property=\"og:title\" content=\"Juan Pablo Vald\u00e9s presidio la apertura de los torneos Interescolares Provinciales - Radio Infinita Goya\" \/>\n<meta property=\"og:description\" content=\"El mandatario acompa\u00f1\u00f3 a los j\u00f3venes que compiten por clasificar a los Juegos Evita y resalt\u00f3 que adem\u00e1s de los resultados, el evento representa una\" \/>\n<meta property=\"og:url\" content=\"https:\/\/radioinfinitagoya.com.ar\/v1\/2026\/09\/04\/juan-pablo-valdes-presidio-la-apertura-de-los-torneos-interescolares-provinciales\/\" \/>\n<meta property=\"og:site_name\" content=\"Radio Infinita Goya\" \/>\n<meta property=\"article:publisher\" content=\"https:\/\/www.facebook.com\/p\/Infinita-Goya-100063870918311\/\" \/>\n<meta property=\"article:published_time\" content=\"2026-09-04T20:24:57+00:00\" \/>\n<meta property=\"og:image\" content=\"https:\/\/radioinfinitagoya.com.ar\/v1\/wp-content\/uploads\/2026\/09\/292750w850h566c.jpg.webp\" \/>\n\t<meta property=\"og:image:width\" content=\"850\" \/>\n\t<meta property=\"og:image:height\" content=\"566\" \/>\n\t<meta property=\"og:image:type\" content=\"image\/webp\" \/>\n<meta name=\"author\" content=\"Jorge Mi\u00f1o\" \/>\n<meta name=\"twitter:card\" content=\"summary_large_image\" \/>\n<meta name=\"twitter:label1\" content=\"Escrito por\" \/>\n\t<meta name=\"twitter:data1\" content=\"Jorge Mi\u00f1o\" \/>\n\t<meta name=\"twitter:label2\" content=\"Tiempo de lectura\" \/>\n\t<meta name=\"twitter:data2\" content=\"3 minutos\" \/>\n<script type=\"application\/ld+json\" class=\"yoast-schema-graph\">{\"@context\":\"https:\\\/\\\/schema.org\",\"@graph\":[{\"@type\":\"Article\",\"@id\":\"https:\\\/\\\/radioinfinitagoya.com.ar\\\/v1\\\/2026\\\/09\\\/04\\\/juan-pablo-valdes-presidio-la-apertura-de-los-torneos-interescolares-provinciales\\\/#article\",\"isPartOf\":{\"@id\":\"https:\\\/\\\/radioinfinitagoya.com.ar\\\/v1\\\/2026\\\/09\\\/04\\\/juan-pablo-valdes-presidio-la-apertura-de-los-torneos-interescolares-provinciales\\\/\"},\"author\":{\"name\":\"Jorge Mi\u00f1o\",\"@id\":\"https:\\\/\\\/radioinfinitagoya.com.ar\\\/v1\\\/#\\\/schema\\\/person\\\/d4cf9c413d4f6edb24aabdccab49ca4a\"},\"headline\":\"Juan Pablo Vald\u00e9s presidio la apertura de los torneos Interescolares Provinciales\",\"datePublished\":\"2026-09-04T20:24:57+00:00\",\"mainEntityOfPage\":{\"@id\":\"https:\\\/\\\/radioinfinitagoya.com.ar\\\/v1\\\/2026\\\/09\\\/04\\\/juan-pablo-valdes-presidio-la-apertura-de-los-torneos-interescolares-provinciales\\\/\"},\"wordCount\":514,\"commentCount\":0,\"publisher\":{\"@id\":\"https:\\\/\\\/radioinfinitagoya.com.ar\\\/v1\\\/#organization\"},\"image\":{\"@id\":\"https:\\\/\\\/radioinfinitagoya.com.ar\\\/v1\\\/2026\\\/09\\\/04\\\/juan-pablo-valdes-presidio-la-apertura-de-los-torneos-interescolares-provinciales\\\/#primaryimage\"},\"thumbnailUrl\":\"https:\\\/\\\/radioinfinitagoya.com.ar\\\/v1\\\/wp-content\\\/uploads\\\/2026\\\/09\\\/292750w850h566c.jpg.webp\",\"articleSection\":[\"INFORMACI\u00d3N GENERAL\"],\"inLanguage\":\"es-AR\",\"potentialAction\":[{\"@type\":\"CommentAction\",\"name\":\"Comment\",\"target\":[\"https:\\\/\\\/radioinfinitagoya.com.ar\\\/v1\\\/2026\\\/09\\\/04\\\/juan-pablo-valdes-presidio-la-apertura-de-los-torneos-interescolares-provinciales\\\/#respond\"]}]},{\"@type\":\"WebPage\",\"@id\":\"https:\\\/\\\/radioinfinitagoya.com.ar\\\/v1\\\/2026\\\/09\\\/04\\\/juan-pablo-valdes-presidio-la-apertura-de-los-torneos-interescolares-provinciales\\\/\",\"url\":\"https:\\\/\\\/radioinfinitagoya.com.ar\\\/v1\\\/2026\\\/09\\\/04\\\/juan-pablo-valdes-presidio-la-apertura-de-los-torneos-interescolares-provinciales\\\/\",\"name\":\"Juan Pablo Vald\u00e9s presidio la apertura de los torneos Interescolares Provinciales - Radio Infinita Goya\",\"isPartOf\":{\"@id\":\"https:\\\/\\\/radioinfinitagoya.com.ar\\\/v1\\\/#website\"},\"primaryImageOfPage\":{\"@id\":\"https:\\\/\\\/radioinfinitagoya.com.ar\\\/v1\\\/2026\\\/09\\\/04\\\/juan-pablo-valdes-presidio-la-apertura-de-los-torneos-interescolares-provinciales\\\/#primaryimage\"},\"image\":{\"@id\":\"https:\\\/\\\/radioinfinitagoya.com.ar\\\/v1\\\/2026\\\/09\\\/04\\\/juan-pablo-valdes-presidio-la-apertura-de-los-torneos-interescolares-provinciales\\\/#primaryimage\"},\"thumbnailUrl\":\"https:\\\/\\\/radioinfinitagoya.com.ar\\\/v1\\\/wp-content\\\/uploads\\\/2026\\\/09\\\/292750w850h566c.jpg.webp\",\"datePublished\":\"2026-09-04T20:24:57+00:00\",\"description\":\"El mandatario acompa\u00f1\u00f3 a los j\u00f3venes que compiten por clasificar a los Juegos Evita y resalt\u00f3 que adem\u00e1s de los resultados, el evento representa una\",\"breadcrumb\":{\"@id\":\"https:\\\/\\\/radioinfinitagoya.com.ar\\\/v1\\\/2026\\\/09\\\/04\\\/juan-pablo-valdes-presidio-la-apertura-de-los-torneos-interescolares-provinciales\\\/#breadcrumb\"},\"inLanguage\":\"es-AR\",\"potentialAction\":[{\"@type\":\"ReadAction\",\"target\":[\"https:\\\/\\\/radioinfinitagoya.com.ar\\\/v1\\\/2026\\\/09\\\/04\\\/juan-pablo-valdes-presidio-la-apertura-de-los-torneos-interescolares-provinciales\\\/\"]}]},{\"@type\":\"ImageObject\",\"inLanguage\":\"es-AR\",\"@id\":\"https:\\\/\\\/radioinfinitagoya.com.ar\\\/v1\\\/2026\\\/09\\\/04\\\/juan-pablo-valdes-presidio-la-apertura-de-los-torneos-interescolares-provinciales\\\/#primaryimage\",\"url\":\"https:\\\/\\\/radioinfinitagoya.com.ar\\\/v1\\\/wp-content\\\/uploads\\\/2026\\\/09\\\/292750w850h566c.jpg.webp\",\"contentUrl\":\"https:\\\/\\\/radioinfinitagoya.com.ar\\\/v1\\\/wp-content\\\/uploads\\\/2026\\\/09\\\/292750w850h566c.jpg.webp\",\"width\":850,\"height\":566},{\"@type\":\"BreadcrumbList\",\"@id\":\"https:\\\/\\\/radioinfinitagoya.com.ar\\\/v1\\\/2026\\\/09\\\/04\\\/juan-pablo-valdes-presidio-la-apertura-de-los-torneos-interescolares-provinciales\\\/#breadcrumb\",\"itemListElement\":[{\"@type\":\"ListItem\",\"position\":1,\"name\":\"Inicio\",\"item\":\"https:\\\/\\\/radioinfinitagoya.com.ar\\\/v1\\\/\"},{\"@type\":\"ListItem\",\"position\":2,\"name\":\"Juan Pablo Vald\u00e9s presidio la apertura de los torneos Interescolares Provinciales\"}]},{\"@type\":\"WebSite\",\"@id\":\"https:\\\/\\\/radioinfinitagoya.com.ar\\\/v1\\\/#website\",\"url\":\"https:\\\/\\\/radioinfinitagoya.com.ar\\\/v1\\\/\",\"name\":\"radioinfinitagoya.com.ar\",\"description\":\"Radio de noticias\",\"publisher\":{\"@id\":\"https:\\\/\\\/radioinfinitagoya.com.ar\\\/v1\\\/#organization\"},\"potentialAction\":[{\"@type\":\"SearchAction\",\"target\":{\"@type\":\"EntryPoint\",\"urlTemplate\":\"https:\\\/\\\/radioinfinitagoya.com.ar\\\/v1\\\/?s={search_term_string}\"},\"query-input\":{\"@type\":\"PropertyValueSpecification\",\"valueRequired\":true,\"valueName\":\"search_term_string\"}}],\"inLanguage\":\"es-AR\"},{\"@type\":\"Organization\",\"@id\":\"https:\\\/\\\/radioinfinitagoya.com.ar\\\/v1\\\/#organization\",\"name\":\"Radio Infinita Goya\",\"url\":\"https:\\\/\\\/radioinfinitagoya.com.ar\\\/v1\\\/\",\"logo\":{\"@type\":\"ImageObject\",\"inLanguage\":\"es-AR\",\"@id\":\"https:\\\/\\\/radioinfinitagoya.com.ar\\\/v1\\\/#\\\/schema\\\/logo\\\/image\\\/\",\"url\":\"https:\\\/\\\/radioinfinitagoya.com.ar\\\/v1\\\/wp-content\\\/uploads\\\/2019\\\/11\\\/logo-pie-web.png\",\"contentUrl\":\"https:\\\/\\\/radioinfinitagoya.com.ar\\\/v1\\\/wp-content\\\/uploads\\\/2019\\\/11\\\/logo-pie-web.png\",\"width\":635,\"height\":326,\"caption\":\"Radio Infinita Goya\"},\"image\":{\"@id\":\"https:\\\/\\\/radioinfinitagoya.com.ar\\\/v1\\\/#\\\/schema\\\/logo\\\/image\\\/\"},\"sameAs\":[\"https:\\\/\\\/www.facebook.com\\\/p\\\/Infinita-Goya-100063870918311\\\/\"]},{\"@type\":\"Person\",\"@id\":\"https:\\\/\\\/radioinfinitagoya.com.ar\\\/v1\\\/#\\\/schema\\\/person\\\/d4cf9c413d4f6edb24aabdccab49ca4a\",\"name\":\"Jorge Mi\u00f1o\",\"image\":{\"@type\":\"ImageObject\",\"inLanguage\":\"es-AR\",\"@id\":\"https:\\\/\\\/secure.gravatar.com\\\/avatar\\\/910fcf6728fe95320e07a6643c1581fec1c7fc4bf8ae12e3d8f0d0373dc844be?s=96&d=mm&r=g\",\"url\":\"https:\\\/\\\/secure.gravatar.com\\\/avatar\\\/910fcf6728fe95320e07a6643c1581fec1c7fc4bf8ae12e3d8f0d0373dc844be?s=96&d=mm&r=g\",\"contentUrl\":\"https:\\\/\\\/secure.gravatar.com\\\/avatar\\\/910fcf6728fe95320e07a6643c1581fec1c7fc4bf8ae12e3d8f0d0373dc844be?s=96&d=mm&r=g\",\"caption\":\"Jorge Mi\u00f1o\"},\"sameAs\":[\"http:\\\/\\\/radioinfinitagoya.com.ar\"]}]}<\/script>\n<!-- \/ Yoast SEO plugin. -->","yoast_head_json":{"title":"Juan Pablo Vald\u00e9s presidio la apertura de los torneos Interescolares Provinciales - Radio Infinita Goya","description":"El mandatario acompa\u00f1\u00f3 a los j\u00f3venes que compiten por clasificar a los Juegos Evita y resalt\u00f3 que adem\u00e1s de los resultados, el evento representa una","robots":{"index":"index","follow":"follow","max-snippet":"max-snippet:-1","max-image-preview":"max-image-preview:large","max-video-preview":"max-video-preview:-1"},"canonical":"https:\/\/radioinfinitagoya.com.ar\/v1\/2026\/09\/04\/juan-pablo-valdes-presidio-la-apertura-de-los-torneos-interescolares-provinciales\/","og_locale":"es_ES","og_type":"article","og_title":"Juan Pablo Vald\u00e9s presidio la apertura de los torneos Interescolares Provinciales - Radio Infinita Goya","og_description":"El mandatario acompa\u00f1\u00f3 a los j\u00f3venes que compiten por clasificar a los Juegos Evita y resalt\u00f3 que adem\u00e1s de los resultados, el evento representa una","og_url":"https:\/\/radioinfinitagoya.com.ar\/v1\/2026\/09\/04\/juan-pablo-valdes-presidio-la-apertura-de-los-torneos-interescolares-provinciales\/","og_site_name":"Radio Infinita Goya","article_publisher":"https:\/\/www.facebook.com\/p\/Infinita-Goya-100063870918311\/","article_published_time":"2026-09-04T20:24:57+00:00","og_image":[{"width":850,"height":566,"url":"https:\/\/radioinfinitagoya.com.ar\/v1\/wp-content\/uploads\/2026\/09\/292750w850h566c.jpg.webp","type":"image\/webp"}],"author":"Jorge Mi\u00f1o","twitter_card":"summary_large_image","twitter_misc":{"Escrito por":"Jorge Mi\u00f1o","Tiempo de lectura":"3 minutos"},"schema":{"@context":"https:\/\/schema.org","@graph":[{"@type":"Article","@id":"https:\/\/radioinfinitagoya.com.ar\/v1\/2026\/09\/04\/juan-pablo-valdes-presidio-la-apertura-de-los-torneos-interescolares-provinciales\/#article","isPartOf":{"@id":"https:\/\/radioinfinitagoya.com.ar\/v1\/2026\/09\/04\/juan-pablo-valdes-presidio-la-apertura-de-los-torneos-interescolares-provinciales\/"},"author":{"name":"Jorge Mi\u00f1o","@id":"https:\/\/radioinfinitagoya.com.ar\/v1\/#\/schema\/person\/d4cf9c413d4f6edb24aabdccab49ca4a"},"headline":"Juan Pablo Vald\u00e9s presidio la apertura de los torneos Interescolares Provinciales","datePublished":"2026-09-04T20:24:57+00:00","mainEntityOfPage":{"@id":"https:\/\/radioinfinitagoya.com.ar\/v1\/2026\/09\/04\/juan-pablo-valdes-presidio-la-apertura-de-los-torneos-interescolares-provinciales\/"},"wordCount":514,"commentCount":0,"publisher":{"@id":"https:\/\/radioinfinitagoya.com.ar\/v1\/#organization"},"image":{"@id":"https:\/\/radioinfinitagoya.com.ar\/v1\/2026\/09\/04\/juan-pablo-valdes-presidio-la-apertura-de-los-torneos-interescolares-provinciales\/#primaryimage"},"thumbnailUrl":"https:\/\/radioinfinitagoya.com.ar\/v1\/wp-content\/uploads\/2026\/09\/292750w850h566c.jpg.webp","articleSection":["INFORMACI\u00d3N GENERAL"],"inLanguage":"es-AR","potentialAction":[{"@type":"CommentAction","name":"Comment","target":["https:\/\/radioinfinitagoya.com.ar\/v1\/2026\/09\/04\/juan-pablo-valdes-presidio-la-apertura-de-los-torneos-interescolares-provinciales\/#respond"]}]},{"@type":"WebPage","@id":"https:\/\/radioinfinitagoya.com.ar\/v1\/2026\/09\/04\/juan-pablo-valdes-presidio-la-apertura-de-los-torneos-interescolares-provinciales\/","url":"https:\/\/radioinfinitagoya.com.ar\/v1\/2026\/09\/04\/juan-pablo-valdes-presidio-la-apertura-de-los-torneos-interescolares-provinciales\/","name":"Juan Pablo Vald\u00e9s presidio la apertura de los torneos Interescolares Provinciales - Radio Infinita Goya","isPartOf":{"@id":"https:\/\/radioinfinitagoya.com.ar\/v1\/#website"},"primaryImageOfPage":{"@id":"https:\/\/radioinfinitagoya.com.ar\/v1\/2026\/09\/04\/juan-pablo-valdes-presidio-la-apertura-de-los-torneos-interescolares-provinciales\/#primaryimage"},"image":{"@id":"https:\/\/radioinfinitagoya.com.ar\/v1\/2026\/09\/04\/juan-pablo-valdes-presidio-la-apertura-de-los-torneos-interescolares-provinciales\/#primaryimage"},"thumbnailUrl":"https:\/\/radioinfinitagoya.com.ar\/v1\/wp-content\/uploads\/2026\/09\/292750w850h566c.jpg.webp","datePublished":"2026-09-04T20:24:57+00:00","description":"El mandatario acompa\u00f1\u00f3 a los j\u00f3venes que compiten por clasificar a los Juegos Evita y resalt\u00f3 que adem\u00e1s de los resultados, el evento representa una","breadcrumb":{"@id":"https:\/\/radioinfinitagoya.com.ar\/v1\/2026\/09\/04\/juan-pablo-valdes-presidio-la-apertura-de-los-torneos-interescolares-provinciales\/#breadcrumb"},"inLanguage":"es-AR","potentialAction":[{"@type":"ReadAction","target":["https:\/\/radioinfinitagoya.com.ar\/v1\/2026\/09\/04\/juan-pablo-valdes-presidio-la-apertura-de-los-torneos-interescolares-provinciales\/"]}]},{"@type":"ImageObject","inLanguage":"es-AR","@id":"https:\/\/radioinfinitagoya.com.ar\/v1\/2026\/09\/04\/juan-pablo-valdes-presidio-la-apertura-de-los-torneos-interescolares-provinciales\/#primaryimage","url":"https:\/\/radioinfinitagoya.com.ar\/v1\/wp-content\/uploads\/2026\/09\/292750w850h566c.jpg.webp","contentUrl":"https:\/\/radioinfinitagoya.com.ar\/v1\/wp-content\/uploads\/2026\/09\/292750w850h566c.jpg.webp","width":850,"height":566},{"@type":"BreadcrumbList","@id":"https:\/\/radioinfinitagoya.com.ar\/v1\/2026\/09\/04\/juan-pablo-valdes-presidio-la-apertura-de-los-torneos-interescolares-provinciales\/#breadcrumb","itemListElement":[{"@type":"ListItem","position":1,"name":"Inicio","item":"https:\/\/radioinfinitagoya.com.ar\/v1\/"},{"@type":"ListItem","position":2,"name":"Juan Pablo Vald\u00e9s presidio la apertura de los torneos Interescolares Provinciales"}]},{"@type":"WebSite","@id":"https:\/\/radioinfinitagoya.com.ar\/v1\/#website","url":"https:\/\/radioinfinitagoya.com.ar\/v1\/","name":"radioinfinitagoya.com.ar","description":"Radio de noticias","publisher":{"@id":"https:\/\/radioinfinitagoya.com.ar\/v1\/#organization"},"potentialAction":[{"@type":"SearchAction","target":{"@type":"EntryPoint","urlTemplate":"https:\/\/radioinfinitagoya.com.ar\/v1\/?s={search_term_string}"},"query-input":{"@type":"PropertyValueSpecification","valueRequired":true,"valueName":"search_term_string"}}],"inLanguage":"es-AR"},{"@type":"Organization","@id":"https:\/\/radioinfinitagoya.com.ar\/v1\/#organization","name":"Radio Infinita Goya","url":"https:\/\/radioinfinitagoya.com.ar\/v1\/","logo":{"@type":"ImageObject","inLanguage":"es-AR","@id":"https:\/\/radioinfinitagoya.com.ar\/v1\/#\/schema\/logo\/image\/","url":"https:\/\/radioinfinitagoya.com.ar\/v1\/wp-content\/uploads\/2019\/11\/logo-pie-web.png","contentUrl":"https:\/\/radioinfinitagoya.com.ar\/v1\/wp-content\/uploads\/2019\/11\/logo-pie-web.png","width":635,"height":326,"caption":"Radio Infinita Goya"},"image":{"@id":"https:\/\/radioinfinitagoya.com.ar\/v1\/#\/schema\/logo\/image\/"},"sameAs":["https:\/\/www.facebook.com\/p\/Infinita-Goya-100063870918311\/"]},{"@type":"Person","@id":"https:\/\/radioinfinitagoya.com.ar\/v1\/#\/schema\/person\/d4cf9c413d4f6edb24aabdccab49ca4a","name":"Jorge Mi\u00f1o","image":{"@type":"ImageObject","inLanguage":"es-AR","@id":"https:\/\/secure.gravatar.com\/avatar\/910fcf6728fe95320e07a6643c1581fec1c7fc4bf8ae12e3d8f0d0373dc844be?s=96&d=mm&r=g","url":"https:\/\/secure.gravatar.com\/avatar\/910fcf6728fe95320e07a6643c1581fec1c7fc4bf8ae12e3d8f0d0373dc844be?s=96&d=mm&r=g","contentUrl":"https:\/\/secure.gravatar.com\/avatar\/910fcf6728fe95320e07a6643c1581fec1c7fc4bf8ae12e3d8f0d0373dc844be?s=96&d=mm&r=g","caption":"Jorge Mi\u00f1o"},"sameAs":["http:\/\/radioinfinitagoya.com.ar"]}]}},"_links":{"self":[{"href":"https:\/\/radioinfinitagoya.com.ar\/v1\/wp-json\/wp\/v2\/posts\/226738","targetHints":{"allow":["GET"]}}],"collection":[{"href":"https:\/\/radioinfinitagoya.com.ar\/v1\/wp-json\/wp\/v2\/posts"}],"about":[{"href":"https:\/\/radioinfinitagoya.com.ar\/v1\/wp-json\/wp\/v2\/types\/post"}],"author":[{"embeddable":true,"href":"https:\/\/radioinfinitagoya.com.ar\/v1\/wp-json\/wp\/v2\/users\/4"}],"replies":[{"embeddable":true,"href":"https:\/\/radioinfinitagoya.com.ar\/v1\/wp-json\/wp\/v2\/comments?post=226738"}],"version-history":[{"count":1,"href":"https:\/\/radioinfinitagoya.com.ar\/v1\/wp-json\/wp\/v2\/posts\/226738\/revisions"}],"predecessor-version":[{"id":226740,"href":"https:\/\/radioinfinitagoya.com.ar\/v1\/wp-json\/wp\/v2\/posts\/226738\/revisions\/226740"}],"wp:featuredmedia":[{"embeddable":true,"href":"https:\/\/radioinfinitagoya.com.ar\/v1\/wp-json\/wp\/v2\/media\/226739"}],"wp:attachment":[{"href":"https:\/\/radioinfinitagoya.com.ar\/v1\/wp-json\/wp\/v2\/media?parent=226738"}],"wp:term":[{"taxonomy":"category","embeddable":true,"href":"https:\/\/radioinfinitagoya.com.ar\/v1\/wp-json\/wp\/v2\/categories?post=226738"},{"taxonomy":"post_tag","embeddable":true,"href":"https:\/\/radioinfinitagoya.com.ar\/v1\/wp-json\/wp\/v2\/tags?post=226738"}],"curies":[{"name":"wp","href":"https:\/\/api.w.org\/{rel}","templated":true}]}}