{"id":226743,"date":"2026-09-04T21:10:27","date_gmt":"2026-09-05T00:10:27","guid":{"rendered":"https:\/\/radioinfinitagoya.com.ar\/v1\/?p=226743"},"modified":"2026-09-04T21:10:27","modified_gmt":"2026-09-05T00:10:27","slug":"valdes-presento-en-iguazu-el-modelo-correntino-para-atraer-inversiones-y-generar-desarrollo","status":"publish","type":"post","link":"https:\/\/radioinfinitagoya.com.ar\/v1\/2026\/09\/04\/valdes-presento-en-iguazu-el-modelo-correntino-para-atraer-inversiones-y-generar-desarrollo\/","title":{"rendered":"Vald\u00e9s present\u00f3 en Iguaz\u00fa el modelo correntino para atraer inversiones y generar desarrollo"},"content":{"rendered":"<p>El gobernador de Corrientes expuso junto a sus pares de Mendoza, Catamarca y Misiones en la 47\u00b0 Convenci\u00f3n Anual del Instituto Argentino de Ejecutivos de Finanzas y destac\u00f3 las condiciones que ofrece la provincia para atraer inversiones por medio de ventajas impositivas y el desarrollo de los parques industriales.<\/p>\n<p><img loading=\"lazy\" decoding=\"async\" class=\"alignnone size-medium wp-image-226745\" src=\"https:\/\/radioinfinitagoya.com.ar\/v1\/wp-content\/uploads\/2026\/09\/imagen-112045-600x399.jpg\" alt=\"\" width=\"600\" height=\"399\" srcset=\"https:\/\/radioinfinitagoya.com.ar\/v1\/wp-content\/uploads\/2026\/09\/imagen-112045-600x399.jpg 600w, https:\/\/radioinfinitagoya.com.ar\/v1\/wp-content\/uploads\/2026\/09\/imagen-112045-150x100.jpg 150w, https:\/\/radioinfinitagoya.com.ar\/v1\/wp-content\/uploads\/2026\/09\/imagen-112045-631x420.jpg 631w, https:\/\/radioinfinitagoya.com.ar\/v1\/wp-content\/uploads\/2026\/09\/imagen-112045.jpg 640w\" sizes=\"auto, (max-width: 600px) 100vw, 600px\" \/><\/p>\n<p>El gobernador de Corrientes, Juan Pablo Vald\u00e9s, particip\u00f3 este viernes en Iguaz\u00fa, Misiones, de la 47\u00b0 Convenci\u00f3n Anual del Instituto Argentino de Ejecutivos de Finanzas (IAEF), denominada \u201cArgentina: de la estabilidad al crecimiento. C\u00f3mo generar competitividad sostenida\u201d. El encuentro re\u00fane a dirigentes pol\u00edticos, empresarios, economistas y representantes del sector financiero para analizar las perspectivas econ\u00f3micas y productivas del pa\u00eds.<\/p>\n<p>En el marco del panel \u201cEl rol de las provincias en la transformaci\u00f3n competitiva del pa\u00eds\u201d, Vald\u00e9s comparti\u00f3 la realidad de Corrientes junto a los gobernadores de Mendoza, Alfredo Cornejo; Catamarca, Ra\u00fal Jalil; y Misiones, Hugo Passalacqua. En ese \u00e1mbito, puso el foco en las pol\u00edticas que impulsa la provincia para generar condiciones favorables para la inversi\u00f3n y ampliar las oportunidades de crecimiento y desarrollo productivo.<\/p>\n<p>Sobre puertos, industria<\/p>\n<p>Con respecto, a esto, Juan Pablo Vald\u00e9s destac\u00f3 el movimiento que comienza a registrarse en el puerto de Corrientes y la llegada de inversiones vinculadas a la industria. Destac\u00f3 la llegada de la primera planta industrial de CLT a la provincia, \u00fanica en el pa\u00eds y que se instalar\u00e1 en la localidad de Virasoro.<\/p>\n<p><img loading=\"lazy\" decoding=\"async\" class=\"alignnone size-full wp-image-226746\" src=\"https:\/\/radioinfinitagoya.com.ar\/v1\/wp-content\/uploads\/2026\/09\/imagen-112046.jpg\" alt=\"\" width=\"448\" height=\"299\" srcset=\"https:\/\/radioinfinitagoya.com.ar\/v1\/wp-content\/uploads\/2026\/09\/imagen-112046.jpg 448w, https:\/\/radioinfinitagoya.com.ar\/v1\/wp-content\/uploads\/2026\/09\/imagen-112046-150x100.jpg 150w\" sizes=\"auto, (max-width: 448px) 100vw, 448px\" \/><\/p>\n<p>En relaci\u00f3n con la cuesti\u00f3n tributaria, Vald\u00e9s destac\u00f3 que Corrientes se encuentra entre las provincias con menor presi\u00f3n fiscal y puso en valor el marco normativo que, seg\u00fan explic\u00f3, busca proteger y promover las inversiones.<\/p>\n<p>\u201cCorrientes es una de las provincias que menor presi\u00f3n fiscal tiene y tiene una Ley 5.470, un marco normativo que protege las inversiones\u201d, se\u00f1al\u00f3 el gobernador.<\/p>\n<p>Vald\u00e9s adelant\u00f3 que la provincia est\u00e1 incorporando nuevos convenios con los municipios para reducir las tasas municipales, y disminuir la presi\u00f3n tributaria. \u201cEn Corrientes entendimos que lo mejor que podemos hacer es acompa\u00f1ar al privado y acompa\u00f1ar al crecimiento de los 19 parques industriales\u201d, afirm\u00f3.<\/p>\n<p>En esa l\u00ednea, sostuvo que el objetivo del Gobierno provincial es generar condiciones para que las empresas puedan concentrarse en producir, generar oportunidades y contribuir al crecimiento econ\u00f3mico de los correntinos. \u201cPara que hagan lo que saben hacer que es producir y desde nuestro lugar generar oportunidades y darles crecimiento a todos los correntinos\u201d, afirm\u00f3.<\/p>\n<p>Al finalizar Vald\u00e9s destac\u00f3 el potencial productivo de las provincias y remarc\u00f3 que \u201cen el interior est\u00e1 la gran riqueza del pa\u00eds\u201d, por lo que consider\u00f3 necesario generar las condiciones para que ese potencial pueda traducirse en desarrollo y oportunidades.<\/p>\n","protected":false},"excerpt":{"rendered":"<p>El gobernador de Corrientes expuso junto a sus pares de Mendoza, Catamarca y Misiones en la 47\u00b0 Convenci\u00f3n Anual del Instituto Argentino de Ejecutivos de Finanzas y destac\u00f3 las condiciones que ofrece la provincia para atraer inversiones por medio de ventajas impositivas y el desarrollo de los parques industriales. El gobernador de Corrientes, Juan Pablo [&hellip;]<\/p>\n","protected":false},"author":4,"featured_media":226747,"comment_status":"open","ping_status":"open","sticky":false,"template":"","format":"standard","meta":{"_joinchat":[],"footnotes":""},"categories":[31],"tags":[],"class_list":["post-226743","post","type-post","status-publish","format-standard","has-post-thumbnail","category-informacion-general"],"yoast_head":"<!-- This site is optimized with the Yoast SEO plugin v27.7 - https:\/\/yoast.com\/product\/yoast-seo-wordpress\/ -->\n<title>Vald\u00e9s present\u00f3 en Iguaz\u00fa el modelo correntino para atraer inversiones y generar desarrollo - Radio Infinita Goya<\/title>\n<meta name=\"description\" content=\"El gobernador de Corrientes expuso junto a sus pares de Mendoza, Catamarca y Misiones en la 47\u00b0 Convenci\u00f3n Anual del Instituto Argentino de Ejecutivos de\" \/>\n<meta name=\"robots\" content=\"index, follow, max-snippet:-1, max-image-preview:large, max-video-preview:-1\" \/>\n<link rel=\"canonical\" href=\"https:\/\/radioinfinitagoya.com.ar\/v1\/2026\/09\/04\/valdes-presento-en-iguazu-el-modelo-correntino-para-atraer-inversiones-y-generar-desarrollo\/\" \/>\n<meta property=\"og:locale\" content=\"es_ES\" \/>\n<meta property=\"og:type\" content=\"article\" \/>\n<meta property=\"og:title\" content=\"Vald\u00e9s present\u00f3 en Iguaz\u00fa el modelo correntino para atraer inversiones y generar desarrollo - Radio Infinita Goya\" \/>\n<meta property=\"og:description\" content=\"El gobernador de Corrientes expuso junto a sus pares de Mendoza, Catamarca y Misiones en la 47\u00b0 Convenci\u00f3n Anual del Instituto Argentino de Ejecutivos de\" \/>\n<meta property=\"og:url\" content=\"https:\/\/radioinfinitagoya.com.ar\/v1\/2026\/09\/04\/valdes-presento-en-iguazu-el-modelo-correntino-para-atraer-inversiones-y-generar-desarrollo\/\" \/>\n<meta property=\"og:site_name\" content=\"Radio Infinita Goya\" \/>\n<meta property=\"article:publisher\" content=\"https:\/\/www.facebook.com\/p\/Infinita-Goya-100063870918311\/\" \/>\n<meta property=\"article:published_time\" content=\"2026-09-05T00:10:27+00:00\" \/>\n<meta property=\"og:image\" content=\"https:\/\/radioinfinitagoya.com.ar\/v1\/wp-content\/uploads\/2026\/09\/imagen-112047.jpg\" \/>\n\t<meta property=\"og:image:width\" content=\"448\" \/>\n\t<meta property=\"og:image:height\" content=\"299\" \/>\n\t<meta property=\"og:image:type\" content=\"image\/jpeg\" \/>\n<meta name=\"author\" content=\"Jorge Mi\u00f1o\" \/>\n<meta name=\"twitter:card\" content=\"summary_large_image\" \/>\n<meta name=\"twitter:label1\" content=\"Escrito por\" \/>\n\t<meta name=\"twitter:data1\" content=\"Jorge Mi\u00f1o\" \/>\n\t<meta name=\"twitter:label2\" content=\"Tiempo de lectura\" \/>\n\t<meta name=\"twitter:data2\" content=\"3 minutos\" \/>\n<script type=\"application\/ld+json\" class=\"yoast-schema-graph\">{\"@context\":\"https:\\\/\\\/schema.org\",\"@graph\":[{\"@type\":\"Article\",\"@id\":\"https:\\\/\\\/radioinfinitagoya.com.ar\\\/v1\\\/2026\\\/09\\\/04\\\/valdes-presento-en-iguazu-el-modelo-correntino-para-atraer-inversiones-y-generar-desarrollo\\\/#article\",\"isPartOf\":{\"@id\":\"https:\\\/\\\/radioinfinitagoya.com.ar\\\/v1\\\/2026\\\/09\\\/04\\\/valdes-presento-en-iguazu-el-modelo-correntino-para-atraer-inversiones-y-generar-desarrollo\\\/\"},\"author\":{\"name\":\"Jorge Mi\u00f1o\",\"@id\":\"https:\\\/\\\/radioinfinitagoya.com.ar\\\/v1\\\/#\\\/schema\\\/person\\\/d4cf9c413d4f6edb24aabdccab49ca4a\"},\"headline\":\"Vald\u00e9s present\u00f3 en Iguaz\u00fa el modelo correntino para atraer inversiones y generar desarrollo\",\"datePublished\":\"2026-09-05T00:10:27+00:00\",\"mainEntityOfPage\":{\"@id\":\"https:\\\/\\\/radioinfinitagoya.com.ar\\\/v1\\\/2026\\\/09\\\/04\\\/valdes-presento-en-iguazu-el-modelo-correntino-para-atraer-inversiones-y-generar-desarrollo\\\/\"},\"wordCount\":473,\"commentCount\":0,\"publisher\":{\"@id\":\"https:\\\/\\\/radioinfinitagoya.com.ar\\\/v1\\\/#organization\"},\"image\":{\"@id\":\"https:\\\/\\\/radioinfinitagoya.com.ar\\\/v1\\\/2026\\\/09\\\/04\\\/valdes-presento-en-iguazu-el-modelo-correntino-para-atraer-inversiones-y-generar-desarrollo\\\/#primaryimage\"},\"thumbnailUrl\":\"https:\\\/\\\/radioinfinitagoya.com.ar\\\/v1\\\/wp-content\\\/uploads\\\/2026\\\/09\\\/imagen-112047.jpg\",\"articleSection\":[\"INFORMACI\u00d3N GENERAL\"],\"inLanguage\":\"es-AR\",\"potentialAction\":[{\"@type\":\"CommentAction\",\"name\":\"Comment\",\"target\":[\"https:\\\/\\\/radioinfinitagoya.com.ar\\\/v1\\\/2026\\\/09\\\/04\\\/valdes-presento-en-iguazu-el-modelo-correntino-para-atraer-inversiones-y-generar-desarrollo\\\/#respond\"]}]},{\"@type\":\"WebPage\",\"@id\":\"https:\\\/\\\/radioinfinitagoya.com.ar\\\/v1\\\/2026\\\/09\\\/04\\\/valdes-presento-en-iguazu-el-modelo-correntino-para-atraer-inversiones-y-generar-desarrollo\\\/\",\"url\":\"https:\\\/\\\/radioinfinitagoya.com.ar\\\/v1\\\/2026\\\/09\\\/04\\\/valdes-presento-en-iguazu-el-modelo-correntino-para-atraer-inversiones-y-generar-desarrollo\\\/\",\"name\":\"Vald\u00e9s present\u00f3 en Iguaz\u00fa el modelo correntino para atraer inversiones y generar desarrollo - Radio Infinita Goya\",\"isPartOf\":{\"@id\":\"https:\\\/\\\/radioinfinitagoya.com.ar\\\/v1\\\/#website\"},\"primaryImageOfPage\":{\"@id\":\"https:\\\/\\\/radioinfinitagoya.com.ar\\\/v1\\\/2026\\\/09\\\/04\\\/valdes-presento-en-iguazu-el-modelo-correntino-para-atraer-inversiones-y-generar-desarrollo\\\/#primaryimage\"},\"image\":{\"@id\":\"https:\\\/\\\/radioinfinitagoya.com.ar\\\/v1\\\/2026\\\/09\\\/04\\\/valdes-presento-en-iguazu-el-modelo-correntino-para-atraer-inversiones-y-generar-desarrollo\\\/#primaryimage\"},\"thumbnailUrl\":\"https:\\\/\\\/radioinfinitagoya.com.ar\\\/v1\\\/wp-content\\\/uploads\\\/2026\\\/09\\\/imagen-112047.jpg\",\"datePublished\":\"2026-09-05T00:10:27+00:00\",\"description\":\"El gobernador de Corrientes expuso junto a sus pares de Mendoza, Catamarca y Misiones en la 47\u00b0 Convenci\u00f3n Anual del Instituto Argentino de Ejecutivos de\",\"breadcrumb\":{\"@id\":\"https:\\\/\\\/radioinfinitagoya.com.ar\\\/v1\\\/2026\\\/09\\\/04\\\/valdes-presento-en-iguazu-el-modelo-correntino-para-atraer-inversiones-y-generar-desarrollo\\\/#breadcrumb\"},\"inLanguage\":\"es-AR\",\"potentialAction\":[{\"@type\":\"ReadAction\",\"target\":[\"https:\\\/\\\/radioinfinitagoya.com.ar\\\/v1\\\/2026\\\/09\\\/04\\\/valdes-presento-en-iguazu-el-modelo-correntino-para-atraer-inversiones-y-generar-desarrollo\\\/\"]}]},{\"@type\":\"ImageObject\",\"inLanguage\":\"es-AR\",\"@id\":\"https:\\\/\\\/radioinfinitagoya.com.ar\\\/v1\\\/2026\\\/09\\\/04\\\/valdes-presento-en-iguazu-el-modelo-correntino-para-atraer-inversiones-y-generar-desarrollo\\\/#primaryimage\",\"url\":\"https:\\\/\\\/radioinfinitagoya.com.ar\\\/v1\\\/wp-content\\\/uploads\\\/2026\\\/09\\\/imagen-112047.jpg\",\"contentUrl\":\"https:\\\/\\\/radioinfinitagoya.com.ar\\\/v1\\\/wp-content\\\/uploads\\\/2026\\\/09\\\/imagen-112047.jpg\",\"width\":448,\"height\":299},{\"@type\":\"BreadcrumbList\",\"@id\":\"https:\\\/\\\/radioinfinitagoya.com.ar\\\/v1\\\/2026\\\/09\\\/04\\\/valdes-presento-en-iguazu-el-modelo-correntino-para-atraer-inversiones-y-generar-desarrollo\\\/#breadcrumb\",\"itemListElement\":[{\"@type\":\"ListItem\",\"position\":1,\"name\":\"Inicio\",\"item\":\"https:\\\/\\\/radioinfinitagoya.com.ar\\\/v1\\\/\"},{\"@type\":\"ListItem\",\"position\":2,\"name\":\"Vald\u00e9s present\u00f3 en Iguaz\u00fa el modelo correntino para atraer inversiones y generar desarrollo\"}]},{\"@type\":\"WebSite\",\"@id\":\"https:\\\/\\\/radioinfinitagoya.com.ar\\\/v1\\\/#website\",\"url\":\"https:\\\/\\\/radioinfinitagoya.com.ar\\\/v1\\\/\",\"name\":\"radioinfinitagoya.com.ar\",\"description\":\"Radio de noticias\",\"publisher\":{\"@id\":\"https:\\\/\\\/radioinfinitagoya.com.ar\\\/v1\\\/#organization\"},\"potentialAction\":[{\"@type\":\"SearchAction\",\"target\":{\"@type\":\"EntryPoint\",\"urlTemplate\":\"https:\\\/\\\/radioinfinitagoya.com.ar\\\/v1\\\/?s={search_term_string}\"},\"query-input\":{\"@type\":\"PropertyValueSpecification\",\"valueRequired\":true,\"valueName\":\"search_term_string\"}}],\"inLanguage\":\"es-AR\"},{\"@type\":\"Organization\",\"@id\":\"https:\\\/\\\/radioinfinitagoya.com.ar\\\/v1\\\/#organization\",\"name\":\"Radio Infinita Goya\",\"url\":\"https:\\\/\\\/radioinfinitagoya.com.ar\\\/v1\\\/\",\"logo\":{\"@type\":\"ImageObject\",\"inLanguage\":\"es-AR\",\"@id\":\"https:\\\/\\\/radioinfinitagoya.com.ar\\\/v1\\\/#\\\/schema\\\/logo\\\/image\\\/\",\"url\":\"https:\\\/\\\/radioinfinitagoya.com.ar\\\/v1\\\/wp-content\\\/uploads\\\/2019\\\/11\\\/logo-pie-web.png\",\"contentUrl\":\"https:\\\/\\\/radioinfinitagoya.com.ar\\\/v1\\\/wp-content\\\/uploads\\\/2019\\\/11\\\/logo-pie-web.png\",\"width\":635,\"height\":326,\"caption\":\"Radio Infinita Goya\"},\"image\":{\"@id\":\"https:\\\/\\\/radioinfinitagoya.com.ar\\\/v1\\\/#\\\/schema\\\/logo\\\/image\\\/\"},\"sameAs\":[\"https:\\\/\\\/www.facebook.com\\\/p\\\/Infinita-Goya-100063870918311\\\/\"]},{\"@type\":\"Person\",\"@id\":\"https:\\\/\\\/radioinfinitagoya.com.ar\\\/v1\\\/#\\\/schema\\\/person\\\/d4cf9c413d4f6edb24aabdccab49ca4a\",\"name\":\"Jorge Mi\u00f1o\",\"image\":{\"@type\":\"ImageObject\",\"inLanguage\":\"es-AR\",\"@id\":\"https:\\\/\\\/secure.gravatar.com\\\/avatar\\\/910fcf6728fe95320e07a6643c1581fec1c7fc4bf8ae12e3d8f0d0373dc844be?s=96&d=mm&r=g\",\"url\":\"https:\\\/\\\/secure.gravatar.com\\\/avatar\\\/910fcf6728fe95320e07a6643c1581fec1c7fc4bf8ae12e3d8f0d0373dc844be?s=96&d=mm&r=g\",\"contentUrl\":\"https:\\\/\\\/secure.gravatar.com\\\/avatar\\\/910fcf6728fe95320e07a6643c1581fec1c7fc4bf8ae12e3d8f0d0373dc844be?s=96&d=mm&r=g\",\"caption\":\"Jorge Mi\u00f1o\"},\"sameAs\":[\"http:\\\/\\\/radioinfinitagoya.com.ar\"]}]}<\/script>\n<!-- \/ Yoast SEO plugin. -->","yoast_head_json":{"title":"Vald\u00e9s present\u00f3 en Iguaz\u00fa el modelo correntino para atraer inversiones y generar desarrollo - Radio Infinita Goya","description":"El gobernador de Corrientes expuso junto a sus pares de Mendoza, Catamarca y Misiones en la 47\u00b0 Convenci\u00f3n Anual del Instituto Argentino de Ejecutivos de","robots":{"index":"index","follow":"follow","max-snippet":"max-snippet:-1","max-image-preview":"max-image-preview:large","max-video-preview":"max-video-preview:-1"},"canonical":"https:\/\/radioinfinitagoya.com.ar\/v1\/2026\/09\/04\/valdes-presento-en-iguazu-el-modelo-correntino-para-atraer-inversiones-y-generar-desarrollo\/","og_locale":"es_ES","og_type":"article","og_title":"Vald\u00e9s present\u00f3 en Iguaz\u00fa el modelo correntino para atraer inversiones y generar desarrollo - Radio Infinita Goya","og_description":"El gobernador de Corrientes expuso junto a sus pares de Mendoza, Catamarca y Misiones en la 47\u00b0 Convenci\u00f3n Anual del Instituto Argentino de Ejecutivos de","og_url":"https:\/\/radioinfinitagoya.com.ar\/v1\/2026\/09\/04\/valdes-presento-en-iguazu-el-modelo-correntino-para-atraer-inversiones-y-generar-desarrollo\/","og_site_name":"Radio Infinita Goya","article_publisher":"https:\/\/www.facebook.com\/p\/Infinita-Goya-100063870918311\/","article_published_time":"2026-09-05T00:10:27+00:00","og_image":[{"width":448,"height":299,"url":"https:\/\/radioinfinitagoya.com.ar\/v1\/wp-content\/uploads\/2026\/09\/imagen-112047.jpg","type":"image\/jpeg"}],"author":"Jorge Mi\u00f1o","twitter_card":"summary_large_image","twitter_misc":{"Escrito por":"Jorge Mi\u00f1o","Tiempo de lectura":"3 minutos"},"schema":{"@context":"https:\/\/schema.org","@graph":[{"@type":"Article","@id":"https:\/\/radioinfinitagoya.com.ar\/v1\/2026\/09\/04\/valdes-presento-en-iguazu-el-modelo-correntino-para-atraer-inversiones-y-generar-desarrollo\/#article","isPartOf":{"@id":"https:\/\/radioinfinitagoya.com.ar\/v1\/2026\/09\/04\/valdes-presento-en-iguazu-el-modelo-correntino-para-atraer-inversiones-y-generar-desarrollo\/"},"author":{"name":"Jorge Mi\u00f1o","@id":"https:\/\/radioinfinitagoya.com.ar\/v1\/#\/schema\/person\/d4cf9c413d4f6edb24aabdccab49ca4a"},"headline":"Vald\u00e9s present\u00f3 en Iguaz\u00fa el modelo correntino para atraer inversiones y generar desarrollo","datePublished":"2026-09-05T00:10:27+00:00","mainEntityOfPage":{"@id":"https:\/\/radioinfinitagoya.com.ar\/v1\/2026\/09\/04\/valdes-presento-en-iguazu-el-modelo-correntino-para-atraer-inversiones-y-generar-desarrollo\/"},"wordCount":473,"commentCount":0,"publisher":{"@id":"https:\/\/radioinfinitagoya.com.ar\/v1\/#organization"},"image":{"@id":"https:\/\/radioinfinitagoya.com.ar\/v1\/2026\/09\/04\/valdes-presento-en-iguazu-el-modelo-correntino-para-atraer-inversiones-y-generar-desarrollo\/#primaryimage"},"thumbnailUrl":"https:\/\/radioinfinitagoya.com.ar\/v1\/wp-content\/uploads\/2026\/09\/imagen-112047.jpg","articleSection":["INFORMACI\u00d3N GENERAL"],"inLanguage":"es-AR","potentialAction":[{"@type":"CommentAction","name":"Comment","target":["https:\/\/radioinfinitagoya.com.ar\/v1\/2026\/09\/04\/valdes-presento-en-iguazu-el-modelo-correntino-para-atraer-inversiones-y-generar-desarrollo\/#respond"]}]},{"@type":"WebPage","@id":"https:\/\/radioinfinitagoya.com.ar\/v1\/2026\/09\/04\/valdes-presento-en-iguazu-el-modelo-correntino-para-atraer-inversiones-y-generar-desarrollo\/","url":"https:\/\/radioinfinitagoya.com.ar\/v1\/2026\/09\/04\/valdes-presento-en-iguazu-el-modelo-correntino-para-atraer-inversiones-y-generar-desarrollo\/","name":"Vald\u00e9s present\u00f3 en Iguaz\u00fa el modelo correntino para atraer inversiones y generar desarrollo - Radio Infinita Goya","isPartOf":{"@id":"https:\/\/radioinfinitagoya.com.ar\/v1\/#website"},"primaryImageOfPage":{"@id":"https:\/\/radioinfinitagoya.com.ar\/v1\/2026\/09\/04\/valdes-presento-en-iguazu-el-modelo-correntino-para-atraer-inversiones-y-generar-desarrollo\/#primaryimage"},"image":{"@id":"https:\/\/radioinfinitagoya.com.ar\/v1\/2026\/09\/04\/valdes-presento-en-iguazu-el-modelo-correntino-para-atraer-inversiones-y-generar-desarrollo\/#primaryimage"},"thumbnailUrl":"https:\/\/radioinfinitagoya.com.ar\/v1\/wp-content\/uploads\/2026\/09\/imagen-112047.jpg","datePublished":"2026-09-05T00:10:27+00:00","description":"El gobernador de Corrientes expuso junto a sus pares de Mendoza, Catamarca y Misiones en la 47\u00b0 Convenci\u00f3n Anual del Instituto Argentino de Ejecutivos de","breadcrumb":{"@id":"https:\/\/radioinfinitagoya.com.ar\/v1\/2026\/09\/04\/valdes-presento-en-iguazu-el-modelo-correntino-para-atraer-inversiones-y-generar-desarrollo\/#breadcrumb"},"inLanguage":"es-AR","potentialAction":[{"@type":"ReadAction","target":["https:\/\/radioinfinitagoya.com.ar\/v1\/2026\/09\/04\/valdes-presento-en-iguazu-el-modelo-correntino-para-atraer-inversiones-y-generar-desarrollo\/"]}]},{"@type":"ImageObject","inLanguage":"es-AR","@id":"https:\/\/radioinfinitagoya.com.ar\/v1\/2026\/09\/04\/valdes-presento-en-iguazu-el-modelo-correntino-para-atraer-inversiones-y-generar-desarrollo\/#primaryimage","url":"https:\/\/radioinfinitagoya.com.ar\/v1\/wp-content\/uploads\/2026\/09\/imagen-112047.jpg","contentUrl":"https:\/\/radioinfinitagoya.com.ar\/v1\/wp-content\/uploads\/2026\/09\/imagen-112047.jpg","width":448,"height":299},{"@type":"BreadcrumbList","@id":"https:\/\/radioinfinitagoya.com.ar\/v1\/2026\/09\/04\/valdes-presento-en-iguazu-el-modelo-correntino-para-atraer-inversiones-y-generar-desarrollo\/#breadcrumb","itemListElement":[{"@type":"ListItem","position":1,"name":"Inicio","item":"https:\/\/radioinfinitagoya.com.ar\/v1\/"},{"@type":"ListItem","position":2,"name":"Vald\u00e9s present\u00f3 en Iguaz\u00fa el modelo correntino para atraer inversiones y generar desarrollo"}]},{"@type":"WebSite","@id":"https:\/\/radioinfinitagoya.com.ar\/v1\/#website","url":"https:\/\/radioinfinitagoya.com.ar\/v1\/","name":"radioinfinitagoya.com.ar","description":"Radio de noticias","publisher":{"@id":"https:\/\/radioinfinitagoya.com.ar\/v1\/#organization"},"potentialAction":[{"@type":"SearchAction","target":{"@type":"EntryPoint","urlTemplate":"https:\/\/radioinfinitagoya.com.ar\/v1\/?s={search_term_string}"},"query-input":{"@type":"PropertyValueSpecification","valueRequired":true,"valueName":"search_term_string"}}],"inLanguage":"es-AR"},{"@type":"Organization","@id":"https:\/\/radioinfinitagoya.com.ar\/v1\/#organization","name":"Radio Infinita Goya","url":"https:\/\/radioinfinitagoya.com.ar\/v1\/","logo":{"@type":"ImageObject","inLanguage":"es-AR","@id":"https:\/\/radioinfinitagoya.com.ar\/v1\/#\/schema\/logo\/image\/","url":"https:\/\/radioinfinitagoya.com.ar\/v1\/wp-content\/uploads\/2019\/11\/logo-pie-web.png","contentUrl":"https:\/\/radioinfinitagoya.com.ar\/v1\/wp-content\/uploads\/2019\/11\/logo-pie-web.png","width":635,"height":326,"caption":"Radio Infinita Goya"},"image":{"@id":"https:\/\/radioinfinitagoya.com.ar\/v1\/#\/schema\/logo\/image\/"},"sameAs":["https:\/\/www.facebook.com\/p\/Infinita-Goya-100063870918311\/"]},{"@type":"Person","@id":"https:\/\/radioinfinitagoya.com.ar\/v1\/#\/schema\/person\/d4cf9c413d4f6edb24aabdccab49ca4a","name":"Jorge Mi\u00f1o","image":{"@type":"ImageObject","inLanguage":"es-AR","@id":"https:\/\/secure.gravatar.com\/avatar\/910fcf6728fe95320e07a6643c1581fec1c7fc4bf8ae12e3d8f0d0373dc844be?s=96&d=mm&r=g","url":"https:\/\/secure.gravatar.com\/avatar\/910fcf6728fe95320e07a6643c1581fec1c7fc4bf8ae12e3d8f0d0373dc844be?s=96&d=mm&r=g","contentUrl":"https:\/\/secure.gravatar.com\/avatar\/910fcf6728fe95320e07a6643c1581fec1c7fc4bf8ae12e3d8f0d0373dc844be?s=96&d=mm&r=g","caption":"Jorge Mi\u00f1o"},"sameAs":["http:\/\/radioinfinitagoya.com.ar"]}]}},"_links":{"self":[{"href":"https:\/\/radioinfinitagoya.com.ar\/v1\/wp-json\/wp\/v2\/posts\/226743","targetHints":{"allow":["GET"]}}],"collection":[{"href":"https:\/\/radioinfinitagoya.com.ar\/v1\/wp-json\/wp\/v2\/posts"}],"about":[{"href":"https:\/\/radioinfinitagoya.com.ar\/v1\/wp-json\/wp\/v2\/types\/post"}],"author":[{"embeddable":true,"href":"https:\/\/radioinfinitagoya.com.ar\/v1\/wp-json\/wp\/v2\/users\/4"}],"replies":[{"embeddable":true,"href":"https:\/\/radioinfinitagoya.com.ar\/v1\/wp-json\/wp\/v2\/comments?post=226743"}],"version-history":[{"count":1,"href":"https:\/\/radioinfinitagoya.com.ar\/v1\/wp-json\/wp\/v2\/posts\/226743\/revisions"}],"predecessor-version":[{"id":226748,"href":"https:\/\/radioinfinitagoya.com.ar\/v1\/wp-json\/wp\/v2\/posts\/226743\/revisions\/226748"}],"wp:featuredmedia":[{"embeddable":true,"href":"https:\/\/radioinfinitagoya.com.ar\/v1\/wp-json\/wp\/v2\/media\/226747"}],"wp:attachment":[{"href":"https:\/\/radioinfinitagoya.com.ar\/v1\/wp-json\/wp\/v2\/media?parent=226743"}],"wp:term":[{"taxonomy":"category","embeddable":true,"href":"https:\/\/radioinfinitagoya.com.ar\/v1\/wp-json\/wp\/v2\/categories?post=226743"},{"taxonomy":"post_tag","embeddable":true,"href":"https:\/\/radioinfinitagoya.com.ar\/v1\/wp-json\/wp\/v2\/tags?post=226743"}],"curies":[{"name":"wp","href":"https:\/\/api.w.org\/{rel}","templated":true}]}}