{"id":226763,"date":"2026-09-05T16:43:49","date_gmt":"2026-09-05T19:43:49","guid":{"rendered":"https:\/\/radioinfinitagoya.com.ar\/v1\/?p=226763"},"modified":"2026-09-05T16:43:49","modified_gmt":"2026-09-05T19:43:49","slug":"playa-malvinas-ii-reconstruyeron-la-defensa-costera","status":"publish","type":"post","link":"https:\/\/radioinfinitagoya.com.ar\/v1\/2026\/09\/05\/playa-malvinas-ii-reconstruyeron-la-defensa-costera\/","title":{"rendered":"Playa Malvinas II: reconstruyeron la defensa costera"},"content":{"rendered":"<p>Y suman nuevas obras en la Costanera<\/p>\n<p>La Municipalidad de Corrientes finaliz\u00f3 la reconstrucci\u00f3n de unos 60 metros de defensa<\/p>\n<p>El intendente Claudio Polich supervis\u00f3 las obras que la Municipalidad de Corrientes ejecuta en la playa Islas Malvinas II, donde ya finaliz\u00f3 la reconstrucci\u00f3n de la defensa costera y ahora se avanza con nuevas intervenciones para mejorar la infraestructura y la seguridad del espacio.<\/p>\n<p>La estructura hab\u00eda sufrido un importante deterioro producto de la erosi\u00f3n y el socavamiento, luego de la ca\u00edda de un \u00e1rbol de gran porte durante un per\u00edodo de intensas lluvias.<\/p>\n<p>La nueva defensa tiene aproximadamente 60 metros de longitud y 3 metros de altura, e incorpora sistemas de drenaje para facilitar el escurrimiento del agua y evitar que contin\u00fae afectando la barranca.<\/p>\n<p>M\u00e1s servicios para la playa<\/p>\n<p>Como parte de la segunda etapa, se construir\u00e1n nuevas escaleras de acceso a la playa, una plataforma para ampliar el espacio de la Costanera y se intervendr\u00e1n los tres desag\u00fces pluviales ubicados en el sector.<\/p>\n<p>El objetivo es mejorar los accesos, generar nuevos espacios de circulaci\u00f3n y permanencia y optimizar el escurrimiento del agua de lluvia<\/p>\n<p>El secretario de Obras P\u00fablicas, Sebasti\u00e1n G\u00f3mez de la Fuente, explic\u00f3 que la defensa hab\u00eda sufrido un colapso durante las primeras lluvias de diciembre de 2025 y destac\u00f3 la importancia de reforzar la seguridad del sector para vecinos, visitantes y mascotas, ya que Malvinas II es una playa pet friendly.<\/p>\n<p>Desde el Municipio se\u00f1alaron adem\u00e1s que las obras forman parte de la pol\u00edtica de revalorizaci\u00f3n de las playas de Corrientes, tanto como espacios recreativos para los vecinos como atractivos tur\u00edsticos para quienes visitan la ciudad.<\/p>\n","protected":false},"excerpt":{"rendered":"<p>Y suman nuevas obras en la Costanera La Municipalidad de Corrientes finaliz\u00f3 la reconstrucci\u00f3n de unos 60 metros de defensa El intendente Claudio Polich supervis\u00f3 las obras que la Municipalidad de Corrientes ejecuta en la playa Islas Malvinas II, donde ya finaliz\u00f3 la reconstrucci\u00f3n de la defensa costera y ahora se avanza con nuevas intervenciones [&hellip;]<\/p>\n","protected":false},"author":4,"featured_media":226764,"comment_status":"open","ping_status":"open","sticky":false,"template":"","format":"standard","meta":{"_joinchat":[],"footnotes":""},"categories":[26],"tags":[],"class_list":["post-226763","post","type-post","status-publish","format-standard","has-post-thumbnail","category-provinciales"],"yoast_head":"<!-- This site is optimized with the Yoast SEO plugin v27.7 - https:\/\/yoast.com\/product\/yoast-seo-wordpress\/ -->\n<title>Playa Malvinas II: reconstruyeron la defensa costera - Radio Infinita Goya<\/title>\n<meta name=\"description\" content=\"Y suman nuevas obras en la Costanera La Municipalidad de Corrientes finaliz\u00f3 la reconstrucci\u00f3n de unos 60 metros de defensa El intendente Claudio Polich\" \/>\n<meta name=\"robots\" content=\"index, follow, max-snippet:-1, max-image-preview:large, max-video-preview:-1\" \/>\n<link rel=\"canonical\" href=\"https:\/\/radioinfinitagoya.com.ar\/v1\/2026\/09\/05\/playa-malvinas-ii-reconstruyeron-la-defensa-costera\/\" \/>\n<meta property=\"og:locale\" content=\"es_ES\" \/>\n<meta property=\"og:type\" content=\"article\" \/>\n<meta property=\"og:title\" content=\"Playa Malvinas II: reconstruyeron la defensa costera - Radio Infinita Goya\" \/>\n<meta property=\"og:description\" content=\"Y suman nuevas obras en la Costanera La Municipalidad de Corrientes finaliz\u00f3 la reconstrucci\u00f3n de unos 60 metros de defensa El intendente Claudio Polich\" \/>\n<meta property=\"og:url\" content=\"https:\/\/radioinfinitagoya.com.ar\/v1\/2026\/09\/05\/playa-malvinas-ii-reconstruyeron-la-defensa-costera\/\" \/>\n<meta property=\"og:site_name\" content=\"Radio Infinita Goya\" \/>\n<meta property=\"article:publisher\" content=\"https:\/\/www.facebook.com\/p\/Infinita-Goya-100063870918311\/\" \/>\n<meta property=\"article:published_time\" content=\"2026-09-05T19:43:49+00:00\" \/>\n<meta property=\"og:image\" content=\"https:\/\/radioinfinitagoya.com.ar\/v1\/wp-content\/uploads\/2026\/09\/1788621075066.webp\" \/>\n\t<meta property=\"og:image:width\" content=\"1200\" \/>\n\t<meta property=\"og:image:height\" content=\"675\" \/>\n\t<meta property=\"og:image:type\" content=\"image\/webp\" \/>\n<meta name=\"author\" content=\"Jorge Mi\u00f1o\" \/>\n<meta name=\"twitter:card\" content=\"summary_large_image\" \/>\n<meta name=\"twitter:label1\" content=\"Escrito por\" \/>\n\t<meta name=\"twitter:data1\" content=\"Jorge Mi\u00f1o\" \/>\n\t<meta name=\"twitter:label2\" content=\"Tiempo de lectura\" \/>\n\t<meta name=\"twitter:data2\" content=\"2 minutos\" \/>\n<script type=\"application\/ld+json\" class=\"yoast-schema-graph\">{\"@context\":\"https:\\\/\\\/schema.org\",\"@graph\":[{\"@type\":\"Article\",\"@id\":\"https:\\\/\\\/radioinfinitagoya.com.ar\\\/v1\\\/2026\\\/09\\\/05\\\/playa-malvinas-ii-reconstruyeron-la-defensa-costera\\\/#article\",\"isPartOf\":{\"@id\":\"https:\\\/\\\/radioinfinitagoya.com.ar\\\/v1\\\/2026\\\/09\\\/05\\\/playa-malvinas-ii-reconstruyeron-la-defensa-costera\\\/\"},\"author\":{\"name\":\"Jorge Mi\u00f1o\",\"@id\":\"https:\\\/\\\/radioinfinitagoya.com.ar\\\/v1\\\/#\\\/schema\\\/person\\\/d4cf9c413d4f6edb24aabdccab49ca4a\"},\"headline\":\"Playa Malvinas II: reconstruyeron la defensa costera\",\"datePublished\":\"2026-09-05T19:43:49+00:00\",\"mainEntityOfPage\":{\"@id\":\"https:\\\/\\\/radioinfinitagoya.com.ar\\\/v1\\\/2026\\\/09\\\/05\\\/playa-malvinas-ii-reconstruyeron-la-defensa-costera\\\/\"},\"wordCount\":296,\"commentCount\":0,\"publisher\":{\"@id\":\"https:\\\/\\\/radioinfinitagoya.com.ar\\\/v1\\\/#organization\"},\"image\":{\"@id\":\"https:\\\/\\\/radioinfinitagoya.com.ar\\\/v1\\\/2026\\\/09\\\/05\\\/playa-malvinas-ii-reconstruyeron-la-defensa-costera\\\/#primaryimage\"},\"thumbnailUrl\":\"https:\\\/\\\/radioinfinitagoya.com.ar\\\/v1\\\/wp-content\\\/uploads\\\/2026\\\/09\\\/1788621075066.webp\",\"articleSection\":[\"PROVINCIALES\"],\"inLanguage\":\"es-AR\",\"potentialAction\":[{\"@type\":\"CommentAction\",\"name\":\"Comment\",\"target\":[\"https:\\\/\\\/radioinfinitagoya.com.ar\\\/v1\\\/2026\\\/09\\\/05\\\/playa-malvinas-ii-reconstruyeron-la-defensa-costera\\\/#respond\"]}]},{\"@type\":\"WebPage\",\"@id\":\"https:\\\/\\\/radioinfinitagoya.com.ar\\\/v1\\\/2026\\\/09\\\/05\\\/playa-malvinas-ii-reconstruyeron-la-defensa-costera\\\/\",\"url\":\"https:\\\/\\\/radioinfinitagoya.com.ar\\\/v1\\\/2026\\\/09\\\/05\\\/playa-malvinas-ii-reconstruyeron-la-defensa-costera\\\/\",\"name\":\"Playa Malvinas II: reconstruyeron la defensa costera - Radio Infinita Goya\",\"isPartOf\":{\"@id\":\"https:\\\/\\\/radioinfinitagoya.com.ar\\\/v1\\\/#website\"},\"primaryImageOfPage\":{\"@id\":\"https:\\\/\\\/radioinfinitagoya.com.ar\\\/v1\\\/2026\\\/09\\\/05\\\/playa-malvinas-ii-reconstruyeron-la-defensa-costera\\\/#primaryimage\"},\"image\":{\"@id\":\"https:\\\/\\\/radioinfinitagoya.com.ar\\\/v1\\\/2026\\\/09\\\/05\\\/playa-malvinas-ii-reconstruyeron-la-defensa-costera\\\/#primaryimage\"},\"thumbnailUrl\":\"https:\\\/\\\/radioinfinitagoya.com.ar\\\/v1\\\/wp-content\\\/uploads\\\/2026\\\/09\\\/1788621075066.webp\",\"datePublished\":\"2026-09-05T19:43:49+00:00\",\"description\":\"Y suman nuevas obras en la Costanera La Municipalidad de Corrientes finaliz\u00f3 la reconstrucci\u00f3n de unos 60 metros de defensa El intendente Claudio Polich\",\"breadcrumb\":{\"@id\":\"https:\\\/\\\/radioinfinitagoya.com.ar\\\/v1\\\/2026\\\/09\\\/05\\\/playa-malvinas-ii-reconstruyeron-la-defensa-costera\\\/#breadcrumb\"},\"inLanguage\":\"es-AR\",\"potentialAction\":[{\"@type\":\"ReadAction\",\"target\":[\"https:\\\/\\\/radioinfinitagoya.com.ar\\\/v1\\\/2026\\\/09\\\/05\\\/playa-malvinas-ii-reconstruyeron-la-defensa-costera\\\/\"]}]},{\"@type\":\"ImageObject\",\"inLanguage\":\"es-AR\",\"@id\":\"https:\\\/\\\/radioinfinitagoya.com.ar\\\/v1\\\/2026\\\/09\\\/05\\\/playa-malvinas-ii-reconstruyeron-la-defensa-costera\\\/#primaryimage\",\"url\":\"https:\\\/\\\/radioinfinitagoya.com.ar\\\/v1\\\/wp-content\\\/uploads\\\/2026\\\/09\\\/1788621075066.webp\",\"contentUrl\":\"https:\\\/\\\/radioinfinitagoya.com.ar\\\/v1\\\/wp-content\\\/uploads\\\/2026\\\/09\\\/1788621075066.webp\",\"width\":1200,\"height\":675},{\"@type\":\"BreadcrumbList\",\"@id\":\"https:\\\/\\\/radioinfinitagoya.com.ar\\\/v1\\\/2026\\\/09\\\/05\\\/playa-malvinas-ii-reconstruyeron-la-defensa-costera\\\/#breadcrumb\",\"itemListElement\":[{\"@type\":\"ListItem\",\"position\":1,\"name\":\"Inicio\",\"item\":\"https:\\\/\\\/radioinfinitagoya.com.ar\\\/v1\\\/\"},{\"@type\":\"ListItem\",\"position\":2,\"name\":\"Playa Malvinas II: reconstruyeron la defensa costera\"}]},{\"@type\":\"WebSite\",\"@id\":\"https:\\\/\\\/radioinfinitagoya.com.ar\\\/v1\\\/#website\",\"url\":\"https:\\\/\\\/radioinfinitagoya.com.ar\\\/v1\\\/\",\"name\":\"radioinfinitagoya.com.ar\",\"description\":\"Radio de noticias\",\"publisher\":{\"@id\":\"https:\\\/\\\/radioinfinitagoya.com.ar\\\/v1\\\/#organization\"},\"potentialAction\":[{\"@type\":\"SearchAction\",\"target\":{\"@type\":\"EntryPoint\",\"urlTemplate\":\"https:\\\/\\\/radioinfinitagoya.com.ar\\\/v1\\\/?s={search_term_string}\"},\"query-input\":{\"@type\":\"PropertyValueSpecification\",\"valueRequired\":true,\"valueName\":\"search_term_string\"}}],\"inLanguage\":\"es-AR\"},{\"@type\":\"Organization\",\"@id\":\"https:\\\/\\\/radioinfinitagoya.com.ar\\\/v1\\\/#organization\",\"name\":\"Radio Infinita Goya\",\"url\":\"https:\\\/\\\/radioinfinitagoya.com.ar\\\/v1\\\/\",\"logo\":{\"@type\":\"ImageObject\",\"inLanguage\":\"es-AR\",\"@id\":\"https:\\\/\\\/radioinfinitagoya.com.ar\\\/v1\\\/#\\\/schema\\\/logo\\\/image\\\/\",\"url\":\"https:\\\/\\\/radioinfinitagoya.com.ar\\\/v1\\\/wp-content\\\/uploads\\\/2019\\\/11\\\/logo-pie-web.png\",\"contentUrl\":\"https:\\\/\\\/radioinfinitagoya.com.ar\\\/v1\\\/wp-content\\\/uploads\\\/2019\\\/11\\\/logo-pie-web.png\",\"width\":635,\"height\":326,\"caption\":\"Radio Infinita Goya\"},\"image\":{\"@id\":\"https:\\\/\\\/radioinfinitagoya.com.ar\\\/v1\\\/#\\\/schema\\\/logo\\\/image\\\/\"},\"sameAs\":[\"https:\\\/\\\/www.facebook.com\\\/p\\\/Infinita-Goya-100063870918311\\\/\"]},{\"@type\":\"Person\",\"@id\":\"https:\\\/\\\/radioinfinitagoya.com.ar\\\/v1\\\/#\\\/schema\\\/person\\\/d4cf9c413d4f6edb24aabdccab49ca4a\",\"name\":\"Jorge Mi\u00f1o\",\"image\":{\"@type\":\"ImageObject\",\"inLanguage\":\"es-AR\",\"@id\":\"https:\\\/\\\/secure.gravatar.com\\\/avatar\\\/910fcf6728fe95320e07a6643c1581fec1c7fc4bf8ae12e3d8f0d0373dc844be?s=96&d=mm&r=g\",\"url\":\"https:\\\/\\\/secure.gravatar.com\\\/avatar\\\/910fcf6728fe95320e07a6643c1581fec1c7fc4bf8ae12e3d8f0d0373dc844be?s=96&d=mm&r=g\",\"contentUrl\":\"https:\\\/\\\/secure.gravatar.com\\\/avatar\\\/910fcf6728fe95320e07a6643c1581fec1c7fc4bf8ae12e3d8f0d0373dc844be?s=96&d=mm&r=g\",\"caption\":\"Jorge Mi\u00f1o\"},\"sameAs\":[\"http:\\\/\\\/radioinfinitagoya.com.ar\"]}]}<\/script>\n<!-- \/ Yoast SEO plugin. -->","yoast_head_json":{"title":"Playa Malvinas II: reconstruyeron la defensa costera - Radio Infinita Goya","description":"Y suman nuevas obras en la Costanera La Municipalidad de Corrientes finaliz\u00f3 la reconstrucci\u00f3n de unos 60 metros de defensa El intendente Claudio Polich","robots":{"index":"index","follow":"follow","max-snippet":"max-snippet:-1","max-image-preview":"max-image-preview:large","max-video-preview":"max-video-preview:-1"},"canonical":"https:\/\/radioinfinitagoya.com.ar\/v1\/2026\/09\/05\/playa-malvinas-ii-reconstruyeron-la-defensa-costera\/","og_locale":"es_ES","og_type":"article","og_title":"Playa Malvinas II: reconstruyeron la defensa costera - Radio Infinita Goya","og_description":"Y suman nuevas obras en la Costanera La Municipalidad de Corrientes finaliz\u00f3 la reconstrucci\u00f3n de unos 60 metros de defensa El intendente Claudio Polich","og_url":"https:\/\/radioinfinitagoya.com.ar\/v1\/2026\/09\/05\/playa-malvinas-ii-reconstruyeron-la-defensa-costera\/","og_site_name":"Radio Infinita Goya","article_publisher":"https:\/\/www.facebook.com\/p\/Infinita-Goya-100063870918311\/","article_published_time":"2026-09-05T19:43:49+00:00","og_image":[{"width":1200,"height":675,"url":"https:\/\/radioinfinitagoya.com.ar\/v1\/wp-content\/uploads\/2026\/09\/1788621075066.webp","type":"image\/webp"}],"author":"Jorge Mi\u00f1o","twitter_card":"summary_large_image","twitter_misc":{"Escrito por":"Jorge Mi\u00f1o","Tiempo de lectura":"2 minutos"},"schema":{"@context":"https:\/\/schema.org","@graph":[{"@type":"Article","@id":"https:\/\/radioinfinitagoya.com.ar\/v1\/2026\/09\/05\/playa-malvinas-ii-reconstruyeron-la-defensa-costera\/#article","isPartOf":{"@id":"https:\/\/radioinfinitagoya.com.ar\/v1\/2026\/09\/05\/playa-malvinas-ii-reconstruyeron-la-defensa-costera\/"},"author":{"name":"Jorge Mi\u00f1o","@id":"https:\/\/radioinfinitagoya.com.ar\/v1\/#\/schema\/person\/d4cf9c413d4f6edb24aabdccab49ca4a"},"headline":"Playa Malvinas II: reconstruyeron la defensa costera","datePublished":"2026-09-05T19:43:49+00:00","mainEntityOfPage":{"@id":"https:\/\/radioinfinitagoya.com.ar\/v1\/2026\/09\/05\/playa-malvinas-ii-reconstruyeron-la-defensa-costera\/"},"wordCount":296,"commentCount":0,"publisher":{"@id":"https:\/\/radioinfinitagoya.com.ar\/v1\/#organization"},"image":{"@id":"https:\/\/radioinfinitagoya.com.ar\/v1\/2026\/09\/05\/playa-malvinas-ii-reconstruyeron-la-defensa-costera\/#primaryimage"},"thumbnailUrl":"https:\/\/radioinfinitagoya.com.ar\/v1\/wp-content\/uploads\/2026\/09\/1788621075066.webp","articleSection":["PROVINCIALES"],"inLanguage":"es-AR","potentialAction":[{"@type":"CommentAction","name":"Comment","target":["https:\/\/radioinfinitagoya.com.ar\/v1\/2026\/09\/05\/playa-malvinas-ii-reconstruyeron-la-defensa-costera\/#respond"]}]},{"@type":"WebPage","@id":"https:\/\/radioinfinitagoya.com.ar\/v1\/2026\/09\/05\/playa-malvinas-ii-reconstruyeron-la-defensa-costera\/","url":"https:\/\/radioinfinitagoya.com.ar\/v1\/2026\/09\/05\/playa-malvinas-ii-reconstruyeron-la-defensa-costera\/","name":"Playa Malvinas II: reconstruyeron la defensa costera - Radio Infinita Goya","isPartOf":{"@id":"https:\/\/radioinfinitagoya.com.ar\/v1\/#website"},"primaryImageOfPage":{"@id":"https:\/\/radioinfinitagoya.com.ar\/v1\/2026\/09\/05\/playa-malvinas-ii-reconstruyeron-la-defensa-costera\/#primaryimage"},"image":{"@id":"https:\/\/radioinfinitagoya.com.ar\/v1\/2026\/09\/05\/playa-malvinas-ii-reconstruyeron-la-defensa-costera\/#primaryimage"},"thumbnailUrl":"https:\/\/radioinfinitagoya.com.ar\/v1\/wp-content\/uploads\/2026\/09\/1788621075066.webp","datePublished":"2026-09-05T19:43:49+00:00","description":"Y suman nuevas obras en la Costanera La Municipalidad de Corrientes finaliz\u00f3 la reconstrucci\u00f3n de unos 60 metros de defensa El intendente Claudio Polich","breadcrumb":{"@id":"https:\/\/radioinfinitagoya.com.ar\/v1\/2026\/09\/05\/playa-malvinas-ii-reconstruyeron-la-defensa-costera\/#breadcrumb"},"inLanguage":"es-AR","potentialAction":[{"@type":"ReadAction","target":["https:\/\/radioinfinitagoya.com.ar\/v1\/2026\/09\/05\/playa-malvinas-ii-reconstruyeron-la-defensa-costera\/"]}]},{"@type":"ImageObject","inLanguage":"es-AR","@id":"https:\/\/radioinfinitagoya.com.ar\/v1\/2026\/09\/05\/playa-malvinas-ii-reconstruyeron-la-defensa-costera\/#primaryimage","url":"https:\/\/radioinfinitagoya.com.ar\/v1\/wp-content\/uploads\/2026\/09\/1788621075066.webp","contentUrl":"https:\/\/radioinfinitagoya.com.ar\/v1\/wp-content\/uploads\/2026\/09\/1788621075066.webp","width":1200,"height":675},{"@type":"BreadcrumbList","@id":"https:\/\/radioinfinitagoya.com.ar\/v1\/2026\/09\/05\/playa-malvinas-ii-reconstruyeron-la-defensa-costera\/#breadcrumb","itemListElement":[{"@type":"ListItem","position":1,"name":"Inicio","item":"https:\/\/radioinfinitagoya.com.ar\/v1\/"},{"@type":"ListItem","position":2,"name":"Playa Malvinas II: reconstruyeron la defensa costera"}]},{"@type":"WebSite","@id":"https:\/\/radioinfinitagoya.com.ar\/v1\/#website","url":"https:\/\/radioinfinitagoya.com.ar\/v1\/","name":"radioinfinitagoya.com.ar","description":"Radio de noticias","publisher":{"@id":"https:\/\/radioinfinitagoya.com.ar\/v1\/#organization"},"potentialAction":[{"@type":"SearchAction","target":{"@type":"EntryPoint","urlTemplate":"https:\/\/radioinfinitagoya.com.ar\/v1\/?s={search_term_string}"},"query-input":{"@type":"PropertyValueSpecification","valueRequired":true,"valueName":"search_term_string"}}],"inLanguage":"es-AR"},{"@type":"Organization","@id":"https:\/\/radioinfinitagoya.com.ar\/v1\/#organization","name":"Radio Infinita Goya","url":"https:\/\/radioinfinitagoya.com.ar\/v1\/","logo":{"@type":"ImageObject","inLanguage":"es-AR","@id":"https:\/\/radioinfinitagoya.com.ar\/v1\/#\/schema\/logo\/image\/","url":"https:\/\/radioinfinitagoya.com.ar\/v1\/wp-content\/uploads\/2019\/11\/logo-pie-web.png","contentUrl":"https:\/\/radioinfinitagoya.com.ar\/v1\/wp-content\/uploads\/2019\/11\/logo-pie-web.png","width":635,"height":326,"caption":"Radio Infinita Goya"},"image":{"@id":"https:\/\/radioinfinitagoya.com.ar\/v1\/#\/schema\/logo\/image\/"},"sameAs":["https:\/\/www.facebook.com\/p\/Infinita-Goya-100063870918311\/"]},{"@type":"Person","@id":"https:\/\/radioinfinitagoya.com.ar\/v1\/#\/schema\/person\/d4cf9c413d4f6edb24aabdccab49ca4a","name":"Jorge Mi\u00f1o","image":{"@type":"ImageObject","inLanguage":"es-AR","@id":"https:\/\/secure.gravatar.com\/avatar\/910fcf6728fe95320e07a6643c1581fec1c7fc4bf8ae12e3d8f0d0373dc844be?s=96&d=mm&r=g","url":"https:\/\/secure.gravatar.com\/avatar\/910fcf6728fe95320e07a6643c1581fec1c7fc4bf8ae12e3d8f0d0373dc844be?s=96&d=mm&r=g","contentUrl":"https:\/\/secure.gravatar.com\/avatar\/910fcf6728fe95320e07a6643c1581fec1c7fc4bf8ae12e3d8f0d0373dc844be?s=96&d=mm&r=g","caption":"Jorge Mi\u00f1o"},"sameAs":["http:\/\/radioinfinitagoya.com.ar"]}]}},"_links":{"self":[{"href":"https:\/\/radioinfinitagoya.com.ar\/v1\/wp-json\/wp\/v2\/posts\/226763","targetHints":{"allow":["GET"]}}],"collection":[{"href":"https:\/\/radioinfinitagoya.com.ar\/v1\/wp-json\/wp\/v2\/posts"}],"about":[{"href":"https:\/\/radioinfinitagoya.com.ar\/v1\/wp-json\/wp\/v2\/types\/post"}],"author":[{"embeddable":true,"href":"https:\/\/radioinfinitagoya.com.ar\/v1\/wp-json\/wp\/v2\/users\/4"}],"replies":[{"embeddable":true,"href":"https:\/\/radioinfinitagoya.com.ar\/v1\/wp-json\/wp\/v2\/comments?post=226763"}],"version-history":[{"count":1,"href":"https:\/\/radioinfinitagoya.com.ar\/v1\/wp-json\/wp\/v2\/posts\/226763\/revisions"}],"predecessor-version":[{"id":226765,"href":"https:\/\/radioinfinitagoya.com.ar\/v1\/wp-json\/wp\/v2\/posts\/226763\/revisions\/226765"}],"wp:featuredmedia":[{"embeddable":true,"href":"https:\/\/radioinfinitagoya.com.ar\/v1\/wp-json\/wp\/v2\/media\/226764"}],"wp:attachment":[{"href":"https:\/\/radioinfinitagoya.com.ar\/v1\/wp-json\/wp\/v2\/media?parent=226763"}],"wp:term":[{"taxonomy":"category","embeddable":true,"href":"https:\/\/radioinfinitagoya.com.ar\/v1\/wp-json\/wp\/v2\/categories?post=226763"},{"taxonomy":"post_tag","embeddable":true,"href":"https:\/\/radioinfinitagoya.com.ar\/v1\/wp-json\/wp\/v2\/tags?post=226763"}],"curies":[{"name":"wp","href":"https:\/\/api.w.org\/{rel}","templated":true}]}}