{"id":226776,"date":"2026-09-05T16:55:18","date_gmt":"2026-09-05T19:55:18","guid":{"rendered":"https:\/\/radioinfinitagoya.com.ar\/v1\/?p=226776"},"modified":"2026-09-05T16:55:18","modified_gmt":"2026-09-05T19:55:18","slug":"detuvieron-a-sergio-urribarri-tras-la-confirmacion-de-su-condena-por-corrupcion","status":"publish","type":"post","link":"https:\/\/radioinfinitagoya.com.ar\/v1\/2026\/09\/05\/detuvieron-a-sergio-urribarri-tras-la-confirmacion-de-su-condena-por-corrupcion\/","title":{"rendered":"Detuvieron a Sergio Urribarri tras la confirmaci\u00f3n de su condena por corrupci\u00f3n"},"content":{"rendered":"<p>El exmandatario deber\u00e1 cumplir una pena de ocho a\u00f1os por el direccionamiento de contratos de publicidad oficial durante su gesti\u00f3n.<\/p>\n<p>Luego de que la Corte Suprema de Justicia confirmara su condena por corrupci\u00f3n, el exgobernador de Entre R\u00edos Sergio Urribarri fue detenido este viernes. La causa investiga el desv\u00edo de fondos p\u00fablicos durante su gesti\u00f3n. Tambi\u00e9n fueron arrestados su cu\u00f1ado, Juan Pablo Aguilera, y el exministro Pedro B\u00e1ez.<\/p>\n<p>Urribarri y Aguilera fueron trasladados a Paran\u00e1, donde quedar\u00e1n a disposici\u00f3n de la Justicia para comenzar a cumplir las penas impuestas, seg\u00fan pudo saber TN.<\/p>\n<p>La detenci\u00f3n ocurri\u00f3 horas despu\u00e9s de que el m\u00e1ximo tribunal rechazara los recursos extraordinarios presentados por las defensas y dejara firme la condena contra el exmandatario provincial. La resoluci\u00f3n fue firmada por los jueces Horacio Rosatti, Carlos Rosenkrantz y Ricardo Lorenzetti.<\/p>\n<p>Urribarri hab\u00eda sido condenado el 7 de abril de 2022 a ocho a\u00f1os de prisi\u00f3n y a inhabilitaci\u00f3n perpetua para ejercer cargos p\u00fablicos por el Tribunal de Juicios y Apelaciones de Paran\u00e1. La investigaci\u00f3n estuvo centrada en el direccionamiento de contrataciones de publicidad oficial del Gobierno de Entre R\u00edos entre 2010 y 2015.<\/p>\n<p>De acuerdo con la acusaci\u00f3n, durante ese per\u00edodo realizaron pagos a empresas sin actividad real y utilizaron un esquema de testaferros que habr\u00eda beneficiado a Aguilera, cu\u00f1ado del exgobernador. La causa tambi\u00e9n incluy\u00f3 gastos relacionados con la Cumbre del Mercosur realizada en Paran\u00e1 en 2014.<\/p>\n<p>En el mismo expediente, B\u00e1ez y Aguilera fueron condenados a seis a\u00f1os de prisi\u00f3n. La resoluci\u00f3n de la Corte tambi\u00e9n alcanz\u00f3 a otros seis condenados que hab\u00edan presentado recursos: Gerardo Daniel Caruso, Corina Cargnel, Emiliano Giacopuzzi, Luciana Bel\u00e9n Almada y Pedro \u00c1ngel B\u00e1ez. Sus planteos fueron desestimados.<\/p>\n<p>Urribarri gobern\u00f3 Entre R\u00edos entre 2007 y 2015 y luego se desempe\u00f1\u00f3 como embajador argentino en Israel. En noviembre de 2024 hab\u00eda sido detenido durante 50 d\u00edas por orden de la C\u00e1mara de Casaci\u00f3n Penal de Entre R\u00edos, que hab\u00eda considerado que exist\u00eda riesgo de que pudiera frustrar el proceso.<\/p>\n<p>Esa medida fue revocada en enero de 2025 y desde entonces permanec\u00eda en su domicilio a la espera de una resoluci\u00f3n definitiva.<\/p>\n<p>Los argumentos de la Corte Suprema<\/p>\n<p>El tribunal sostuvo que los recursos extraordinarios \u201cparcialmente concedidos\u201d por el Superior Tribunal de Justicia de Entre R\u00edos el 22 de octubre de 2024 \u201cson inadmisibles\u201d, en los t\u00e9rminos del art\u00edculo 280 del C\u00f3digo Procesal Civil y Comercial de la Naci\u00f3n, la norma que permite a la Corte rechazar apelaciones sin dar mayores fundamentos cuando entiende que no hay una cuesti\u00f3n federal suficiente para tratar.<\/p>\n<p>En su voto, Lorenzetti agreg\u00f3 una aclaraci\u00f3n: cit\u00f3 el precedente \u201cVidal\u201d para remarcar que el rechazo de un recurso por esa v\u00eda \u201cno importa confirmar ni afirmar la justicia o el acierto de la decisi\u00f3n recurrida\u201d. La resoluci\u00f3n alcanz\u00f3 tambi\u00e9n a los otros seis condenados en la misma causa que hab\u00edan llegado en queja ante la Corte: Gerardo Daniel Caruso, Corina Cargnel, Emiliano Giacopuzzi, Juan Pablo Aguilera, Luciana Bel\u00e9n Almada y Pedro \u00c1ngel B\u00e1ez. Todos los planteos fueron desestimados.<\/p>\n","protected":false},"excerpt":{"rendered":"<p>El exmandatario deber\u00e1 cumplir una pena de ocho a\u00f1os por el direccionamiento de contratos de publicidad oficial durante su gesti\u00f3n. Luego de que la Corte Suprema de Justicia confirmara su condena por corrupci\u00f3n, el exgobernador de Entre R\u00edos Sergio Urribarri fue detenido este viernes. La causa investiga el desv\u00edo de fondos p\u00fablicos durante su gesti\u00f3n. [&hellip;]<\/p>\n","protected":false},"author":4,"featured_media":226777,"comment_status":"open","ping_status":"open","sticky":false,"template":"","format":"standard","meta":{"_joinchat":[],"footnotes":""},"categories":[29],"tags":[],"class_list":["post-226776","post","type-post","status-publish","format-standard","has-post-thumbnail","category-nacionales"],"yoast_head":"<!-- This site is optimized with the Yoast SEO plugin v27.7 - https:\/\/yoast.com\/product\/yoast-seo-wordpress\/ -->\n<title>Detuvieron a Sergio Urribarri tras la confirmaci\u00f3n de su condena por corrupci\u00f3n - Radio Infinita Goya<\/title>\n<meta name=\"description\" content=\"El exmandatario deber\u00e1 cumplir una pena de ocho a\u00f1os por el direccionamiento de contratos de publicidad oficial durante su gesti\u00f3n. Luego de que la Corte\" \/>\n<meta name=\"robots\" content=\"index, follow, max-snippet:-1, max-image-preview:large, max-video-preview:-1\" \/>\n<link rel=\"canonical\" href=\"https:\/\/radioinfinitagoya.com.ar\/v1\/2026\/09\/05\/detuvieron-a-sergio-urribarri-tras-la-confirmacion-de-su-condena-por-corrupcion\/\" \/>\n<meta property=\"og:locale\" content=\"es_ES\" \/>\n<meta property=\"og:type\" content=\"article\" \/>\n<meta property=\"og:title\" content=\"Detuvieron a Sergio Urribarri tras la confirmaci\u00f3n de su condena por corrupci\u00f3n - Radio Infinita Goya\" \/>\n<meta property=\"og:description\" content=\"El exmandatario deber\u00e1 cumplir una pena de ocho a\u00f1os por el direccionamiento de contratos de publicidad oficial durante su gesti\u00f3n. Luego de que la Corte\" \/>\n<meta property=\"og:url\" content=\"https:\/\/radioinfinitagoya.com.ar\/v1\/2026\/09\/05\/detuvieron-a-sergio-urribarri-tras-la-confirmacion-de-su-condena-por-corrupcion\/\" \/>\n<meta property=\"og:site_name\" content=\"Radio Infinita Goya\" \/>\n<meta property=\"article:publisher\" content=\"https:\/\/www.facebook.com\/p\/Infinita-Goya-100063870918311\/\" \/>\n<meta property=\"article:published_time\" content=\"2026-09-05T19:55:18+00:00\" \/>\n<meta property=\"og:image\" content=\"https:\/\/radioinfinitagoya.com.ar\/v1\/wp-content\/uploads\/2026\/09\/G3SCxrxP.jpg\" \/>\n\t<meta property=\"og:image:width\" content=\"680\" \/>\n\t<meta property=\"og:image:height\" content=\"383\" \/>\n\t<meta property=\"og:image:type\" content=\"image\/jpeg\" \/>\n<meta name=\"author\" content=\"Jorge Mi\u00f1o\" \/>\n<meta name=\"twitter:card\" content=\"summary_large_image\" \/>\n<meta name=\"twitter:label1\" content=\"Escrito por\" \/>\n\t<meta name=\"twitter:data1\" content=\"Jorge Mi\u00f1o\" \/>\n\t<meta name=\"twitter:label2\" content=\"Tiempo de lectura\" \/>\n\t<meta name=\"twitter:data2\" content=\"3 minutos\" \/>\n<script type=\"application\/ld+json\" class=\"yoast-schema-graph\">{\"@context\":\"https:\\\/\\\/schema.org\",\"@graph\":[{\"@type\":\"Article\",\"@id\":\"https:\\\/\\\/radioinfinitagoya.com.ar\\\/v1\\\/2026\\\/09\\\/05\\\/detuvieron-a-sergio-urribarri-tras-la-confirmacion-de-su-condena-por-corrupcion\\\/#article\",\"isPartOf\":{\"@id\":\"https:\\\/\\\/radioinfinitagoya.com.ar\\\/v1\\\/2026\\\/09\\\/05\\\/detuvieron-a-sergio-urribarri-tras-la-confirmacion-de-su-condena-por-corrupcion\\\/\"},\"author\":{\"name\":\"Jorge Mi\u00f1o\",\"@id\":\"https:\\\/\\\/radioinfinitagoya.com.ar\\\/v1\\\/#\\\/schema\\\/person\\\/d4cf9c413d4f6edb24aabdccab49ca4a\"},\"headline\":\"Detuvieron a Sergio Urribarri tras la confirmaci\u00f3n de su condena por corrupci\u00f3n\",\"datePublished\":\"2026-09-05T19:55:18+00:00\",\"mainEntityOfPage\":{\"@id\":\"https:\\\/\\\/radioinfinitagoya.com.ar\\\/v1\\\/2026\\\/09\\\/05\\\/detuvieron-a-sergio-urribarri-tras-la-confirmacion-de-su-condena-por-corrupcion\\\/\"},\"wordCount\":563,\"commentCount\":0,\"publisher\":{\"@id\":\"https:\\\/\\\/radioinfinitagoya.com.ar\\\/v1\\\/#organization\"},\"image\":{\"@id\":\"https:\\\/\\\/radioinfinitagoya.com.ar\\\/v1\\\/2026\\\/09\\\/05\\\/detuvieron-a-sergio-urribarri-tras-la-confirmacion-de-su-condena-por-corrupcion\\\/#primaryimage\"},\"thumbnailUrl\":\"https:\\\/\\\/radioinfinitagoya.com.ar\\\/v1\\\/wp-content\\\/uploads\\\/2026\\\/09\\\/G3SCxrxP.jpg\",\"articleSection\":[\"NACIONALES\"],\"inLanguage\":\"es-AR\",\"potentialAction\":[{\"@type\":\"CommentAction\",\"name\":\"Comment\",\"target\":[\"https:\\\/\\\/radioinfinitagoya.com.ar\\\/v1\\\/2026\\\/09\\\/05\\\/detuvieron-a-sergio-urribarri-tras-la-confirmacion-de-su-condena-por-corrupcion\\\/#respond\"]}]},{\"@type\":\"WebPage\",\"@id\":\"https:\\\/\\\/radioinfinitagoya.com.ar\\\/v1\\\/2026\\\/09\\\/05\\\/detuvieron-a-sergio-urribarri-tras-la-confirmacion-de-su-condena-por-corrupcion\\\/\",\"url\":\"https:\\\/\\\/radioinfinitagoya.com.ar\\\/v1\\\/2026\\\/09\\\/05\\\/detuvieron-a-sergio-urribarri-tras-la-confirmacion-de-su-condena-por-corrupcion\\\/\",\"name\":\"Detuvieron a Sergio Urribarri tras la confirmaci\u00f3n de su condena por corrupci\u00f3n - Radio Infinita Goya\",\"isPartOf\":{\"@id\":\"https:\\\/\\\/radioinfinitagoya.com.ar\\\/v1\\\/#website\"},\"primaryImageOfPage\":{\"@id\":\"https:\\\/\\\/radioinfinitagoya.com.ar\\\/v1\\\/2026\\\/09\\\/05\\\/detuvieron-a-sergio-urribarri-tras-la-confirmacion-de-su-condena-por-corrupcion\\\/#primaryimage\"},\"image\":{\"@id\":\"https:\\\/\\\/radioinfinitagoya.com.ar\\\/v1\\\/2026\\\/09\\\/05\\\/detuvieron-a-sergio-urribarri-tras-la-confirmacion-de-su-condena-por-corrupcion\\\/#primaryimage\"},\"thumbnailUrl\":\"https:\\\/\\\/radioinfinitagoya.com.ar\\\/v1\\\/wp-content\\\/uploads\\\/2026\\\/09\\\/G3SCxrxP.jpg\",\"datePublished\":\"2026-09-05T19:55:18+00:00\",\"description\":\"El exmandatario deber\u00e1 cumplir una pena de ocho a\u00f1os por el direccionamiento de contratos de publicidad oficial durante su gesti\u00f3n. Luego de que la Corte\",\"breadcrumb\":{\"@id\":\"https:\\\/\\\/radioinfinitagoya.com.ar\\\/v1\\\/2026\\\/09\\\/05\\\/detuvieron-a-sergio-urribarri-tras-la-confirmacion-de-su-condena-por-corrupcion\\\/#breadcrumb\"},\"inLanguage\":\"es-AR\",\"potentialAction\":[{\"@type\":\"ReadAction\",\"target\":[\"https:\\\/\\\/radioinfinitagoya.com.ar\\\/v1\\\/2026\\\/09\\\/05\\\/detuvieron-a-sergio-urribarri-tras-la-confirmacion-de-su-condena-por-corrupcion\\\/\"]}]},{\"@type\":\"ImageObject\",\"inLanguage\":\"es-AR\",\"@id\":\"https:\\\/\\\/radioinfinitagoya.com.ar\\\/v1\\\/2026\\\/09\\\/05\\\/detuvieron-a-sergio-urribarri-tras-la-confirmacion-de-su-condena-por-corrupcion\\\/#primaryimage\",\"url\":\"https:\\\/\\\/radioinfinitagoya.com.ar\\\/v1\\\/wp-content\\\/uploads\\\/2026\\\/09\\\/G3SCxrxP.jpg\",\"contentUrl\":\"https:\\\/\\\/radioinfinitagoya.com.ar\\\/v1\\\/wp-content\\\/uploads\\\/2026\\\/09\\\/G3SCxrxP.jpg\",\"width\":680,\"height\":383},{\"@type\":\"BreadcrumbList\",\"@id\":\"https:\\\/\\\/radioinfinitagoya.com.ar\\\/v1\\\/2026\\\/09\\\/05\\\/detuvieron-a-sergio-urribarri-tras-la-confirmacion-de-su-condena-por-corrupcion\\\/#breadcrumb\",\"itemListElement\":[{\"@type\":\"ListItem\",\"position\":1,\"name\":\"Inicio\",\"item\":\"https:\\\/\\\/radioinfinitagoya.com.ar\\\/v1\\\/\"},{\"@type\":\"ListItem\",\"position\":2,\"name\":\"Detuvieron a Sergio Urribarri tras la confirmaci\u00f3n de su condena por corrupci\u00f3n\"}]},{\"@type\":\"WebSite\",\"@id\":\"https:\\\/\\\/radioinfinitagoya.com.ar\\\/v1\\\/#website\",\"url\":\"https:\\\/\\\/radioinfinitagoya.com.ar\\\/v1\\\/\",\"name\":\"radioinfinitagoya.com.ar\",\"description\":\"Radio de noticias\",\"publisher\":{\"@id\":\"https:\\\/\\\/radioinfinitagoya.com.ar\\\/v1\\\/#organization\"},\"potentialAction\":[{\"@type\":\"SearchAction\",\"target\":{\"@type\":\"EntryPoint\",\"urlTemplate\":\"https:\\\/\\\/radioinfinitagoya.com.ar\\\/v1\\\/?s={search_term_string}\"},\"query-input\":{\"@type\":\"PropertyValueSpecification\",\"valueRequired\":true,\"valueName\":\"search_term_string\"}}],\"inLanguage\":\"es-AR\"},{\"@type\":\"Organization\",\"@id\":\"https:\\\/\\\/radioinfinitagoya.com.ar\\\/v1\\\/#organization\",\"name\":\"Radio Infinita Goya\",\"url\":\"https:\\\/\\\/radioinfinitagoya.com.ar\\\/v1\\\/\",\"logo\":{\"@type\":\"ImageObject\",\"inLanguage\":\"es-AR\",\"@id\":\"https:\\\/\\\/radioinfinitagoya.com.ar\\\/v1\\\/#\\\/schema\\\/logo\\\/image\\\/\",\"url\":\"https:\\\/\\\/radioinfinitagoya.com.ar\\\/v1\\\/wp-content\\\/uploads\\\/2019\\\/11\\\/logo-pie-web.png\",\"contentUrl\":\"https:\\\/\\\/radioinfinitagoya.com.ar\\\/v1\\\/wp-content\\\/uploads\\\/2019\\\/11\\\/logo-pie-web.png\",\"width\":635,\"height\":326,\"caption\":\"Radio Infinita Goya\"},\"image\":{\"@id\":\"https:\\\/\\\/radioinfinitagoya.com.ar\\\/v1\\\/#\\\/schema\\\/logo\\\/image\\\/\"},\"sameAs\":[\"https:\\\/\\\/www.facebook.com\\\/p\\\/Infinita-Goya-100063870918311\\\/\"]},{\"@type\":\"Person\",\"@id\":\"https:\\\/\\\/radioinfinitagoya.com.ar\\\/v1\\\/#\\\/schema\\\/person\\\/d4cf9c413d4f6edb24aabdccab49ca4a\",\"name\":\"Jorge Mi\u00f1o\",\"image\":{\"@type\":\"ImageObject\",\"inLanguage\":\"es-AR\",\"@id\":\"https:\\\/\\\/secure.gravatar.com\\\/avatar\\\/910fcf6728fe95320e07a6643c1581fec1c7fc4bf8ae12e3d8f0d0373dc844be?s=96&d=mm&r=g\",\"url\":\"https:\\\/\\\/secure.gravatar.com\\\/avatar\\\/910fcf6728fe95320e07a6643c1581fec1c7fc4bf8ae12e3d8f0d0373dc844be?s=96&d=mm&r=g\",\"contentUrl\":\"https:\\\/\\\/secure.gravatar.com\\\/avatar\\\/910fcf6728fe95320e07a6643c1581fec1c7fc4bf8ae12e3d8f0d0373dc844be?s=96&d=mm&r=g\",\"caption\":\"Jorge Mi\u00f1o\"},\"sameAs\":[\"http:\\\/\\\/radioinfinitagoya.com.ar\"]}]}<\/script>\n<!-- \/ Yoast SEO plugin. -->","yoast_head_json":{"title":"Detuvieron a Sergio Urribarri tras la confirmaci\u00f3n de su condena por corrupci\u00f3n - Radio Infinita Goya","description":"El exmandatario deber\u00e1 cumplir una pena de ocho a\u00f1os por el direccionamiento de contratos de publicidad oficial durante su gesti\u00f3n. Luego de que la Corte","robots":{"index":"index","follow":"follow","max-snippet":"max-snippet:-1","max-image-preview":"max-image-preview:large","max-video-preview":"max-video-preview:-1"},"canonical":"https:\/\/radioinfinitagoya.com.ar\/v1\/2026\/09\/05\/detuvieron-a-sergio-urribarri-tras-la-confirmacion-de-su-condena-por-corrupcion\/","og_locale":"es_ES","og_type":"article","og_title":"Detuvieron a Sergio Urribarri tras la confirmaci\u00f3n de su condena por corrupci\u00f3n - Radio Infinita Goya","og_description":"El exmandatario deber\u00e1 cumplir una pena de ocho a\u00f1os por el direccionamiento de contratos de publicidad oficial durante su gesti\u00f3n. Luego de que la Corte","og_url":"https:\/\/radioinfinitagoya.com.ar\/v1\/2026\/09\/05\/detuvieron-a-sergio-urribarri-tras-la-confirmacion-de-su-condena-por-corrupcion\/","og_site_name":"Radio Infinita Goya","article_publisher":"https:\/\/www.facebook.com\/p\/Infinita-Goya-100063870918311\/","article_published_time":"2026-09-05T19:55:18+00:00","og_image":[{"width":680,"height":383,"url":"https:\/\/radioinfinitagoya.com.ar\/v1\/wp-content\/uploads\/2026\/09\/G3SCxrxP.jpg","type":"image\/jpeg"}],"author":"Jorge Mi\u00f1o","twitter_card":"summary_large_image","twitter_misc":{"Escrito por":"Jorge Mi\u00f1o","Tiempo de lectura":"3 minutos"},"schema":{"@context":"https:\/\/schema.org","@graph":[{"@type":"Article","@id":"https:\/\/radioinfinitagoya.com.ar\/v1\/2026\/09\/05\/detuvieron-a-sergio-urribarri-tras-la-confirmacion-de-su-condena-por-corrupcion\/#article","isPartOf":{"@id":"https:\/\/radioinfinitagoya.com.ar\/v1\/2026\/09\/05\/detuvieron-a-sergio-urribarri-tras-la-confirmacion-de-su-condena-por-corrupcion\/"},"author":{"name":"Jorge Mi\u00f1o","@id":"https:\/\/radioinfinitagoya.com.ar\/v1\/#\/schema\/person\/d4cf9c413d4f6edb24aabdccab49ca4a"},"headline":"Detuvieron a Sergio Urribarri tras la confirmaci\u00f3n de su condena por corrupci\u00f3n","datePublished":"2026-09-05T19:55:18+00:00","mainEntityOfPage":{"@id":"https:\/\/radioinfinitagoya.com.ar\/v1\/2026\/09\/05\/detuvieron-a-sergio-urribarri-tras-la-confirmacion-de-su-condena-por-corrupcion\/"},"wordCount":563,"commentCount":0,"publisher":{"@id":"https:\/\/radioinfinitagoya.com.ar\/v1\/#organization"},"image":{"@id":"https:\/\/radioinfinitagoya.com.ar\/v1\/2026\/09\/05\/detuvieron-a-sergio-urribarri-tras-la-confirmacion-de-su-condena-por-corrupcion\/#primaryimage"},"thumbnailUrl":"https:\/\/radioinfinitagoya.com.ar\/v1\/wp-content\/uploads\/2026\/09\/G3SCxrxP.jpg","articleSection":["NACIONALES"],"inLanguage":"es-AR","potentialAction":[{"@type":"CommentAction","name":"Comment","target":["https:\/\/radioinfinitagoya.com.ar\/v1\/2026\/09\/05\/detuvieron-a-sergio-urribarri-tras-la-confirmacion-de-su-condena-por-corrupcion\/#respond"]}]},{"@type":"WebPage","@id":"https:\/\/radioinfinitagoya.com.ar\/v1\/2026\/09\/05\/detuvieron-a-sergio-urribarri-tras-la-confirmacion-de-su-condena-por-corrupcion\/","url":"https:\/\/radioinfinitagoya.com.ar\/v1\/2026\/09\/05\/detuvieron-a-sergio-urribarri-tras-la-confirmacion-de-su-condena-por-corrupcion\/","name":"Detuvieron a Sergio Urribarri tras la confirmaci\u00f3n de su condena por corrupci\u00f3n - Radio Infinita Goya","isPartOf":{"@id":"https:\/\/radioinfinitagoya.com.ar\/v1\/#website"},"primaryImageOfPage":{"@id":"https:\/\/radioinfinitagoya.com.ar\/v1\/2026\/09\/05\/detuvieron-a-sergio-urribarri-tras-la-confirmacion-de-su-condena-por-corrupcion\/#primaryimage"},"image":{"@id":"https:\/\/radioinfinitagoya.com.ar\/v1\/2026\/09\/05\/detuvieron-a-sergio-urribarri-tras-la-confirmacion-de-su-condena-por-corrupcion\/#primaryimage"},"thumbnailUrl":"https:\/\/radioinfinitagoya.com.ar\/v1\/wp-content\/uploads\/2026\/09\/G3SCxrxP.jpg","datePublished":"2026-09-05T19:55:18+00:00","description":"El exmandatario deber\u00e1 cumplir una pena de ocho a\u00f1os por el direccionamiento de contratos de publicidad oficial durante su gesti\u00f3n. Luego de que la Corte","breadcrumb":{"@id":"https:\/\/radioinfinitagoya.com.ar\/v1\/2026\/09\/05\/detuvieron-a-sergio-urribarri-tras-la-confirmacion-de-su-condena-por-corrupcion\/#breadcrumb"},"inLanguage":"es-AR","potentialAction":[{"@type":"ReadAction","target":["https:\/\/radioinfinitagoya.com.ar\/v1\/2026\/09\/05\/detuvieron-a-sergio-urribarri-tras-la-confirmacion-de-su-condena-por-corrupcion\/"]}]},{"@type":"ImageObject","inLanguage":"es-AR","@id":"https:\/\/radioinfinitagoya.com.ar\/v1\/2026\/09\/05\/detuvieron-a-sergio-urribarri-tras-la-confirmacion-de-su-condena-por-corrupcion\/#primaryimage","url":"https:\/\/radioinfinitagoya.com.ar\/v1\/wp-content\/uploads\/2026\/09\/G3SCxrxP.jpg","contentUrl":"https:\/\/radioinfinitagoya.com.ar\/v1\/wp-content\/uploads\/2026\/09\/G3SCxrxP.jpg","width":680,"height":383},{"@type":"BreadcrumbList","@id":"https:\/\/radioinfinitagoya.com.ar\/v1\/2026\/09\/05\/detuvieron-a-sergio-urribarri-tras-la-confirmacion-de-su-condena-por-corrupcion\/#breadcrumb","itemListElement":[{"@type":"ListItem","position":1,"name":"Inicio","item":"https:\/\/radioinfinitagoya.com.ar\/v1\/"},{"@type":"ListItem","position":2,"name":"Detuvieron a Sergio Urribarri tras la confirmaci\u00f3n de su condena por corrupci\u00f3n"}]},{"@type":"WebSite","@id":"https:\/\/radioinfinitagoya.com.ar\/v1\/#website","url":"https:\/\/radioinfinitagoya.com.ar\/v1\/","name":"radioinfinitagoya.com.ar","description":"Radio de noticias","publisher":{"@id":"https:\/\/radioinfinitagoya.com.ar\/v1\/#organization"},"potentialAction":[{"@type":"SearchAction","target":{"@type":"EntryPoint","urlTemplate":"https:\/\/radioinfinitagoya.com.ar\/v1\/?s={search_term_string}"},"query-input":{"@type":"PropertyValueSpecification","valueRequired":true,"valueName":"search_term_string"}}],"inLanguage":"es-AR"},{"@type":"Organization","@id":"https:\/\/radioinfinitagoya.com.ar\/v1\/#organization","name":"Radio Infinita Goya","url":"https:\/\/radioinfinitagoya.com.ar\/v1\/","logo":{"@type":"ImageObject","inLanguage":"es-AR","@id":"https:\/\/radioinfinitagoya.com.ar\/v1\/#\/schema\/logo\/image\/","url":"https:\/\/radioinfinitagoya.com.ar\/v1\/wp-content\/uploads\/2019\/11\/logo-pie-web.png","contentUrl":"https:\/\/radioinfinitagoya.com.ar\/v1\/wp-content\/uploads\/2019\/11\/logo-pie-web.png","width":635,"height":326,"caption":"Radio Infinita Goya"},"image":{"@id":"https:\/\/radioinfinitagoya.com.ar\/v1\/#\/schema\/logo\/image\/"},"sameAs":["https:\/\/www.facebook.com\/p\/Infinita-Goya-100063870918311\/"]},{"@type":"Person","@id":"https:\/\/radioinfinitagoya.com.ar\/v1\/#\/schema\/person\/d4cf9c413d4f6edb24aabdccab49ca4a","name":"Jorge Mi\u00f1o","image":{"@type":"ImageObject","inLanguage":"es-AR","@id":"https:\/\/secure.gravatar.com\/avatar\/910fcf6728fe95320e07a6643c1581fec1c7fc4bf8ae12e3d8f0d0373dc844be?s=96&d=mm&r=g","url":"https:\/\/secure.gravatar.com\/avatar\/910fcf6728fe95320e07a6643c1581fec1c7fc4bf8ae12e3d8f0d0373dc844be?s=96&d=mm&r=g","contentUrl":"https:\/\/secure.gravatar.com\/avatar\/910fcf6728fe95320e07a6643c1581fec1c7fc4bf8ae12e3d8f0d0373dc844be?s=96&d=mm&r=g","caption":"Jorge Mi\u00f1o"},"sameAs":["http:\/\/radioinfinitagoya.com.ar"]}]}},"_links":{"self":[{"href":"https:\/\/radioinfinitagoya.com.ar\/v1\/wp-json\/wp\/v2\/posts\/226776","targetHints":{"allow":["GET"]}}],"collection":[{"href":"https:\/\/radioinfinitagoya.com.ar\/v1\/wp-json\/wp\/v2\/posts"}],"about":[{"href":"https:\/\/radioinfinitagoya.com.ar\/v1\/wp-json\/wp\/v2\/types\/post"}],"author":[{"embeddable":true,"href":"https:\/\/radioinfinitagoya.com.ar\/v1\/wp-json\/wp\/v2\/users\/4"}],"replies":[{"embeddable":true,"href":"https:\/\/radioinfinitagoya.com.ar\/v1\/wp-json\/wp\/v2\/comments?post=226776"}],"version-history":[{"count":1,"href":"https:\/\/radioinfinitagoya.com.ar\/v1\/wp-json\/wp\/v2\/posts\/226776\/revisions"}],"predecessor-version":[{"id":226778,"href":"https:\/\/radioinfinitagoya.com.ar\/v1\/wp-json\/wp\/v2\/posts\/226776\/revisions\/226778"}],"wp:featuredmedia":[{"embeddable":true,"href":"https:\/\/radioinfinitagoya.com.ar\/v1\/wp-json\/wp\/v2\/media\/226777"}],"wp:attachment":[{"href":"https:\/\/radioinfinitagoya.com.ar\/v1\/wp-json\/wp\/v2\/media?parent=226776"}],"wp:term":[{"taxonomy":"category","embeddable":true,"href":"https:\/\/radioinfinitagoya.com.ar\/v1\/wp-json\/wp\/v2\/categories?post=226776"},{"taxonomy":"post_tag","embeddable":true,"href":"https:\/\/radioinfinitagoya.com.ar\/v1\/wp-json\/wp\/v2\/tags?post=226776"}],"curies":[{"name":"wp","href":"https:\/\/api.w.org\/{rel}","templated":true}]}}