{"id":226782,"date":"2026-09-05T17:00:16","date_gmt":"2026-09-05T20:00:16","guid":{"rendered":"https:\/\/radioinfinitagoya.com.ar\/v1\/?p=226782"},"modified":"2026-09-05T17:00:16","modified_gmt":"2026-09-05T20:00:16","slug":"la-expectativa-de-mercado-arrojo-una-inflacion-del-17","status":"publish","type":"post","link":"https:\/\/radioinfinitagoya.com.ar\/v1\/2026\/09\/05\/la-expectativa-de-mercado-arrojo-una-inflacion-del-17\/","title":{"rendered":"La expectativa de mercado arroj\u00f3 una inflaci\u00f3n del 1,7%"},"content":{"rendered":"<p>Las consultoras que releva el Banco Central explicaron la previsi\u00f3n y anticiparon el dato de septiembre.<\/p>\n<p>Los analistas consultados por el Banco Central (BCRA) anticiparon que en agosto, la inflaci\u00f3n habr\u00eda perforado el piso del 2% y proyectaron que se elevar\u00eda levemente en septiembre. El dato se desprende del Relevamiento de Expectativas de Mercado (REM), que elabora mensualmente la m\u00e1xima autoridad financiera en base a las consultas realizadas a economistas, consultoras e instituciones.<\/p>\n<p>En esta oportunidad, las consultoras relevadas se\u00f1alaron que el \u00cdndice de Precios al Consumidor (IPC) de agosto ser\u00e1 de 1,7%, algo que se podr\u00e1 verificar el pr\u00f3ximo 10 de agosto, cuando el Indec publique la medici\u00f3n oficial. En tanto, el IPC de septiembre ser\u00eda del 1,8%, un pron\u00f3stico que no presenta variaci\u00f3n respecto a los informes anteriores del BCRA. Para los meses siguientes los expertos no esperan una fuerte desaceleraci\u00f3n, sino m\u00e1s bien un escenario de relativa estabilidad en el \u00edndice inflacionario. En concreto, sostienen que el IPC ser\u00e1 de 1,7% en octubre, 1,6% en noviembre y 1,8% en diciembre, con lo que la inflaci\u00f3n de todo 2026 rondar\u00eda el 30 por ciento.<\/p>\n<p>Qu\u00e9 esperan para el d\u00f3lar<\/p>\n<p>Adem\u00e1s de las proyecciones de inflaci\u00f3n, el REM relev\u00f3 las expectativas de los analistas respecto de la evoluci\u00f3n del tipo de cambio nominal. En este caso, la mediana de las estimaciones ubic\u00f3 al d\u00f3lar en $1.530 para el promedio de septiembre de 2026, lo que representa una reducci\u00f3n de $15,80 por d\u00f3lar respecto de la proyecci\u00f3n del relevamiento anterior.<\/p>\n<p>Para diciembre, en tanto, el conjunto de participantes del REM proyect\u00f3 un tipo de cambio nominal de $1.630 por d\u00f3lar. De acuerdo con las estimaciones recopiladas por el BCRA, ese valor implicar\u00eda una variaci\u00f3n interanual esperada del 12,6% respecto de diciembre de 2025.<\/p>\n<p>De esta manera, las proyecciones del mercado contemplan una evoluci\u00f3n gradual del tipo de cambio durante los pr\u00f3ximos meses en un contexto en el que las expectativas de inflaci\u00f3n tambi\u00e9n muestran una relativa estabilidad.<\/p>\n<p>El relevamiento tambi\u00e9n incluy\u00f3 las expectativas sobre las tasas de inter\u00e9s. Los participantes del REM pronosticaron una Tamar de bancos privados de 24,11% nominal anual para septiembre, lo que representa un incremento de 1,4 puntos porcentuales respecto del relevamiento anterior. Esa tasa equivale a una tasa efectiva mensual de 1,98%, de acuerdo a lo informado por el Banco Central.<\/p>\n","protected":false},"excerpt":{"rendered":"<p>Las consultoras que releva el Banco Central explicaron la previsi\u00f3n y anticiparon el dato de septiembre. Los analistas consultados por el Banco Central (BCRA) anticiparon que en agosto, la inflaci\u00f3n habr\u00eda perforado el piso del 2% y proyectaron que se elevar\u00eda levemente en septiembre. El dato se desprende del Relevamiento de Expectativas de Mercado (REM), [&hellip;]<\/p>\n","protected":false},"author":4,"featured_media":226783,"comment_status":"open","ping_status":"open","sticky":false,"template":"","format":"standard","meta":{"_joinchat":[],"footnotes":""},"categories":[29],"tags":[],"class_list":["post-226782","post","type-post","status-publish","format-standard","has-post-thumbnail","category-nacionales"],"yoast_head":"<!-- This site is optimized with the Yoast SEO plugin v27.7 - https:\/\/yoast.com\/product\/yoast-seo-wordpress\/ -->\n<title>La expectativa de mercado arroj\u00f3 una inflaci\u00f3n del 1,7% - Radio Infinita Goya<\/title>\n<meta name=\"description\" content=\"Las consultoras que releva el Banco Central explicaron la previsi\u00f3n y anticiparon el dato de septiembre. Los analistas consultados por el Banco Central\" \/>\n<meta name=\"robots\" content=\"index, follow, max-snippet:-1, max-image-preview:large, max-video-preview:-1\" \/>\n<link rel=\"canonical\" href=\"https:\/\/radioinfinitagoya.com.ar\/v1\/2026\/09\/05\/la-expectativa-de-mercado-arrojo-una-inflacion-del-17\/\" \/>\n<meta property=\"og:locale\" content=\"es_ES\" \/>\n<meta property=\"og:type\" content=\"article\" \/>\n<meta property=\"og:title\" content=\"La expectativa de mercado arroj\u00f3 una inflaci\u00f3n del 1,7% - Radio Infinita Goya\" \/>\n<meta property=\"og:description\" content=\"Las consultoras que releva el Banco Central explicaron la previsi\u00f3n y anticiparon el dato de septiembre. Los analistas consultados por el Banco Central\" \/>\n<meta property=\"og:url\" content=\"https:\/\/radioinfinitagoya.com.ar\/v1\/2026\/09\/05\/la-expectativa-de-mercado-arrojo-una-inflacion-del-17\/\" \/>\n<meta property=\"og:site_name\" content=\"Radio Infinita Goya\" \/>\n<meta property=\"article:publisher\" content=\"https:\/\/www.facebook.com\/p\/Infinita-Goya-100063870918311\/\" \/>\n<meta property=\"article:published_time\" content=\"2026-09-05T20:00:16+00:00\" \/>\n<meta property=\"og:image\" content=\"https:\/\/radioinfinitagoya.com.ar\/v1\/wp-content\/uploads\/2026\/09\/OhEitj4J.png\" \/>\n\t<meta property=\"og:image:width\" content=\"600\" \/>\n\t<meta property=\"og:image:height\" content=\"400\" \/>\n\t<meta property=\"og:image:type\" content=\"image\/png\" \/>\n<meta name=\"author\" content=\"Jorge Mi\u00f1o\" \/>\n<meta name=\"twitter:card\" content=\"summary_large_image\" \/>\n<meta name=\"twitter:label1\" content=\"Escrito por\" \/>\n\t<meta name=\"twitter:data1\" content=\"Jorge Mi\u00f1o\" \/>\n\t<meta name=\"twitter:label2\" content=\"Tiempo de lectura\" \/>\n\t<meta name=\"twitter:data2\" content=\"2 minutos\" \/>\n<script type=\"application\/ld+json\" class=\"yoast-schema-graph\">{\"@context\":\"https:\\\/\\\/schema.org\",\"@graph\":[{\"@type\":\"Article\",\"@id\":\"https:\\\/\\\/radioinfinitagoya.com.ar\\\/v1\\\/2026\\\/09\\\/05\\\/la-expectativa-de-mercado-arrojo-una-inflacion-del-17\\\/#article\",\"isPartOf\":{\"@id\":\"https:\\\/\\\/radioinfinitagoya.com.ar\\\/v1\\\/2026\\\/09\\\/05\\\/la-expectativa-de-mercado-arrojo-una-inflacion-del-17\\\/\"},\"author\":{\"name\":\"Jorge Mi\u00f1o\",\"@id\":\"https:\\\/\\\/radioinfinitagoya.com.ar\\\/v1\\\/#\\\/schema\\\/person\\\/d4cf9c413d4f6edb24aabdccab49ca4a\"},\"headline\":\"La expectativa de mercado arroj\u00f3 una inflaci\u00f3n del 1,7%\",\"datePublished\":\"2026-09-05T20:00:16+00:00\",\"mainEntityOfPage\":{\"@id\":\"https:\\\/\\\/radioinfinitagoya.com.ar\\\/v1\\\/2026\\\/09\\\/05\\\/la-expectativa-de-mercado-arrojo-una-inflacion-del-17\\\/\"},\"wordCount\":409,\"commentCount\":0,\"publisher\":{\"@id\":\"https:\\\/\\\/radioinfinitagoya.com.ar\\\/v1\\\/#organization\"},\"image\":{\"@id\":\"https:\\\/\\\/radioinfinitagoya.com.ar\\\/v1\\\/2026\\\/09\\\/05\\\/la-expectativa-de-mercado-arrojo-una-inflacion-del-17\\\/#primaryimage\"},\"thumbnailUrl\":\"https:\\\/\\\/radioinfinitagoya.com.ar\\\/v1\\\/wp-content\\\/uploads\\\/2026\\\/09\\\/OhEitj4J.png\",\"articleSection\":[\"NACIONALES\"],\"inLanguage\":\"es-AR\",\"potentialAction\":[{\"@type\":\"CommentAction\",\"name\":\"Comment\",\"target\":[\"https:\\\/\\\/radioinfinitagoya.com.ar\\\/v1\\\/2026\\\/09\\\/05\\\/la-expectativa-de-mercado-arrojo-una-inflacion-del-17\\\/#respond\"]}]},{\"@type\":\"WebPage\",\"@id\":\"https:\\\/\\\/radioinfinitagoya.com.ar\\\/v1\\\/2026\\\/09\\\/05\\\/la-expectativa-de-mercado-arrojo-una-inflacion-del-17\\\/\",\"url\":\"https:\\\/\\\/radioinfinitagoya.com.ar\\\/v1\\\/2026\\\/09\\\/05\\\/la-expectativa-de-mercado-arrojo-una-inflacion-del-17\\\/\",\"name\":\"La expectativa de mercado arroj\u00f3 una inflaci\u00f3n del 1,7% - Radio Infinita Goya\",\"isPartOf\":{\"@id\":\"https:\\\/\\\/radioinfinitagoya.com.ar\\\/v1\\\/#website\"},\"primaryImageOfPage\":{\"@id\":\"https:\\\/\\\/radioinfinitagoya.com.ar\\\/v1\\\/2026\\\/09\\\/05\\\/la-expectativa-de-mercado-arrojo-una-inflacion-del-17\\\/#primaryimage\"},\"image\":{\"@id\":\"https:\\\/\\\/radioinfinitagoya.com.ar\\\/v1\\\/2026\\\/09\\\/05\\\/la-expectativa-de-mercado-arrojo-una-inflacion-del-17\\\/#primaryimage\"},\"thumbnailUrl\":\"https:\\\/\\\/radioinfinitagoya.com.ar\\\/v1\\\/wp-content\\\/uploads\\\/2026\\\/09\\\/OhEitj4J.png\",\"datePublished\":\"2026-09-05T20:00:16+00:00\",\"description\":\"Las consultoras que releva el Banco Central explicaron la previsi\u00f3n y anticiparon el dato de septiembre. Los analistas consultados por el Banco Central\",\"breadcrumb\":{\"@id\":\"https:\\\/\\\/radioinfinitagoya.com.ar\\\/v1\\\/2026\\\/09\\\/05\\\/la-expectativa-de-mercado-arrojo-una-inflacion-del-17\\\/#breadcrumb\"},\"inLanguage\":\"es-AR\",\"potentialAction\":[{\"@type\":\"ReadAction\",\"target\":[\"https:\\\/\\\/radioinfinitagoya.com.ar\\\/v1\\\/2026\\\/09\\\/05\\\/la-expectativa-de-mercado-arrojo-una-inflacion-del-17\\\/\"]}]},{\"@type\":\"ImageObject\",\"inLanguage\":\"es-AR\",\"@id\":\"https:\\\/\\\/radioinfinitagoya.com.ar\\\/v1\\\/2026\\\/09\\\/05\\\/la-expectativa-de-mercado-arrojo-una-inflacion-del-17\\\/#primaryimage\",\"url\":\"https:\\\/\\\/radioinfinitagoya.com.ar\\\/v1\\\/wp-content\\\/uploads\\\/2026\\\/09\\\/OhEitj4J.png\",\"contentUrl\":\"https:\\\/\\\/radioinfinitagoya.com.ar\\\/v1\\\/wp-content\\\/uploads\\\/2026\\\/09\\\/OhEitj4J.png\",\"width\":600,\"height\":400},{\"@type\":\"BreadcrumbList\",\"@id\":\"https:\\\/\\\/radioinfinitagoya.com.ar\\\/v1\\\/2026\\\/09\\\/05\\\/la-expectativa-de-mercado-arrojo-una-inflacion-del-17\\\/#breadcrumb\",\"itemListElement\":[{\"@type\":\"ListItem\",\"position\":1,\"name\":\"Inicio\",\"item\":\"https:\\\/\\\/radioinfinitagoya.com.ar\\\/v1\\\/\"},{\"@type\":\"ListItem\",\"position\":2,\"name\":\"La expectativa de mercado arroj\u00f3 una inflaci\u00f3n del 1,7%\"}]},{\"@type\":\"WebSite\",\"@id\":\"https:\\\/\\\/radioinfinitagoya.com.ar\\\/v1\\\/#website\",\"url\":\"https:\\\/\\\/radioinfinitagoya.com.ar\\\/v1\\\/\",\"name\":\"radioinfinitagoya.com.ar\",\"description\":\"Radio de noticias\",\"publisher\":{\"@id\":\"https:\\\/\\\/radioinfinitagoya.com.ar\\\/v1\\\/#organization\"},\"potentialAction\":[{\"@type\":\"SearchAction\",\"target\":{\"@type\":\"EntryPoint\",\"urlTemplate\":\"https:\\\/\\\/radioinfinitagoya.com.ar\\\/v1\\\/?s={search_term_string}\"},\"query-input\":{\"@type\":\"PropertyValueSpecification\",\"valueRequired\":true,\"valueName\":\"search_term_string\"}}],\"inLanguage\":\"es-AR\"},{\"@type\":\"Organization\",\"@id\":\"https:\\\/\\\/radioinfinitagoya.com.ar\\\/v1\\\/#organization\",\"name\":\"Radio Infinita Goya\",\"url\":\"https:\\\/\\\/radioinfinitagoya.com.ar\\\/v1\\\/\",\"logo\":{\"@type\":\"ImageObject\",\"inLanguage\":\"es-AR\",\"@id\":\"https:\\\/\\\/radioinfinitagoya.com.ar\\\/v1\\\/#\\\/schema\\\/logo\\\/image\\\/\",\"url\":\"https:\\\/\\\/radioinfinitagoya.com.ar\\\/v1\\\/wp-content\\\/uploads\\\/2019\\\/11\\\/logo-pie-web.png\",\"contentUrl\":\"https:\\\/\\\/radioinfinitagoya.com.ar\\\/v1\\\/wp-content\\\/uploads\\\/2019\\\/11\\\/logo-pie-web.png\",\"width\":635,\"height\":326,\"caption\":\"Radio Infinita Goya\"},\"image\":{\"@id\":\"https:\\\/\\\/radioinfinitagoya.com.ar\\\/v1\\\/#\\\/schema\\\/logo\\\/image\\\/\"},\"sameAs\":[\"https:\\\/\\\/www.facebook.com\\\/p\\\/Infinita-Goya-100063870918311\\\/\"]},{\"@type\":\"Person\",\"@id\":\"https:\\\/\\\/radioinfinitagoya.com.ar\\\/v1\\\/#\\\/schema\\\/person\\\/d4cf9c413d4f6edb24aabdccab49ca4a\",\"name\":\"Jorge Mi\u00f1o\",\"image\":{\"@type\":\"ImageObject\",\"inLanguage\":\"es-AR\",\"@id\":\"https:\\\/\\\/secure.gravatar.com\\\/avatar\\\/910fcf6728fe95320e07a6643c1581fec1c7fc4bf8ae12e3d8f0d0373dc844be?s=96&d=mm&r=g\",\"url\":\"https:\\\/\\\/secure.gravatar.com\\\/avatar\\\/910fcf6728fe95320e07a6643c1581fec1c7fc4bf8ae12e3d8f0d0373dc844be?s=96&d=mm&r=g\",\"contentUrl\":\"https:\\\/\\\/secure.gravatar.com\\\/avatar\\\/910fcf6728fe95320e07a6643c1581fec1c7fc4bf8ae12e3d8f0d0373dc844be?s=96&d=mm&r=g\",\"caption\":\"Jorge Mi\u00f1o\"},\"sameAs\":[\"http:\\\/\\\/radioinfinitagoya.com.ar\"]}]}<\/script>\n<!-- \/ Yoast SEO plugin. -->","yoast_head_json":{"title":"La expectativa de mercado arroj\u00f3 una inflaci\u00f3n del 1,7% - Radio Infinita Goya","description":"Las consultoras que releva el Banco Central explicaron la previsi\u00f3n y anticiparon el dato de septiembre. Los analistas consultados por el Banco Central","robots":{"index":"index","follow":"follow","max-snippet":"max-snippet:-1","max-image-preview":"max-image-preview:large","max-video-preview":"max-video-preview:-1"},"canonical":"https:\/\/radioinfinitagoya.com.ar\/v1\/2026\/09\/05\/la-expectativa-de-mercado-arrojo-una-inflacion-del-17\/","og_locale":"es_ES","og_type":"article","og_title":"La expectativa de mercado arroj\u00f3 una inflaci\u00f3n del 1,7% - Radio Infinita Goya","og_description":"Las consultoras que releva el Banco Central explicaron la previsi\u00f3n y anticiparon el dato de septiembre. Los analistas consultados por el Banco Central","og_url":"https:\/\/radioinfinitagoya.com.ar\/v1\/2026\/09\/05\/la-expectativa-de-mercado-arrojo-una-inflacion-del-17\/","og_site_name":"Radio Infinita Goya","article_publisher":"https:\/\/www.facebook.com\/p\/Infinita-Goya-100063870918311\/","article_published_time":"2026-09-05T20:00:16+00:00","og_image":[{"width":600,"height":400,"url":"https:\/\/radioinfinitagoya.com.ar\/v1\/wp-content\/uploads\/2026\/09\/OhEitj4J.png","type":"image\/png"}],"author":"Jorge Mi\u00f1o","twitter_card":"summary_large_image","twitter_misc":{"Escrito por":"Jorge Mi\u00f1o","Tiempo de lectura":"2 minutos"},"schema":{"@context":"https:\/\/schema.org","@graph":[{"@type":"Article","@id":"https:\/\/radioinfinitagoya.com.ar\/v1\/2026\/09\/05\/la-expectativa-de-mercado-arrojo-una-inflacion-del-17\/#article","isPartOf":{"@id":"https:\/\/radioinfinitagoya.com.ar\/v1\/2026\/09\/05\/la-expectativa-de-mercado-arrojo-una-inflacion-del-17\/"},"author":{"name":"Jorge Mi\u00f1o","@id":"https:\/\/radioinfinitagoya.com.ar\/v1\/#\/schema\/person\/d4cf9c413d4f6edb24aabdccab49ca4a"},"headline":"La expectativa de mercado arroj\u00f3 una inflaci\u00f3n del 1,7%","datePublished":"2026-09-05T20:00:16+00:00","mainEntityOfPage":{"@id":"https:\/\/radioinfinitagoya.com.ar\/v1\/2026\/09\/05\/la-expectativa-de-mercado-arrojo-una-inflacion-del-17\/"},"wordCount":409,"commentCount":0,"publisher":{"@id":"https:\/\/radioinfinitagoya.com.ar\/v1\/#organization"},"image":{"@id":"https:\/\/radioinfinitagoya.com.ar\/v1\/2026\/09\/05\/la-expectativa-de-mercado-arrojo-una-inflacion-del-17\/#primaryimage"},"thumbnailUrl":"https:\/\/radioinfinitagoya.com.ar\/v1\/wp-content\/uploads\/2026\/09\/OhEitj4J.png","articleSection":["NACIONALES"],"inLanguage":"es-AR","potentialAction":[{"@type":"CommentAction","name":"Comment","target":["https:\/\/radioinfinitagoya.com.ar\/v1\/2026\/09\/05\/la-expectativa-de-mercado-arrojo-una-inflacion-del-17\/#respond"]}]},{"@type":"WebPage","@id":"https:\/\/radioinfinitagoya.com.ar\/v1\/2026\/09\/05\/la-expectativa-de-mercado-arrojo-una-inflacion-del-17\/","url":"https:\/\/radioinfinitagoya.com.ar\/v1\/2026\/09\/05\/la-expectativa-de-mercado-arrojo-una-inflacion-del-17\/","name":"La expectativa de mercado arroj\u00f3 una inflaci\u00f3n del 1,7% - Radio Infinita Goya","isPartOf":{"@id":"https:\/\/radioinfinitagoya.com.ar\/v1\/#website"},"primaryImageOfPage":{"@id":"https:\/\/radioinfinitagoya.com.ar\/v1\/2026\/09\/05\/la-expectativa-de-mercado-arrojo-una-inflacion-del-17\/#primaryimage"},"image":{"@id":"https:\/\/radioinfinitagoya.com.ar\/v1\/2026\/09\/05\/la-expectativa-de-mercado-arrojo-una-inflacion-del-17\/#primaryimage"},"thumbnailUrl":"https:\/\/radioinfinitagoya.com.ar\/v1\/wp-content\/uploads\/2026\/09\/OhEitj4J.png","datePublished":"2026-09-05T20:00:16+00:00","description":"Las consultoras que releva el Banco Central explicaron la previsi\u00f3n y anticiparon el dato de septiembre. Los analistas consultados por el Banco Central","breadcrumb":{"@id":"https:\/\/radioinfinitagoya.com.ar\/v1\/2026\/09\/05\/la-expectativa-de-mercado-arrojo-una-inflacion-del-17\/#breadcrumb"},"inLanguage":"es-AR","potentialAction":[{"@type":"ReadAction","target":["https:\/\/radioinfinitagoya.com.ar\/v1\/2026\/09\/05\/la-expectativa-de-mercado-arrojo-una-inflacion-del-17\/"]}]},{"@type":"ImageObject","inLanguage":"es-AR","@id":"https:\/\/radioinfinitagoya.com.ar\/v1\/2026\/09\/05\/la-expectativa-de-mercado-arrojo-una-inflacion-del-17\/#primaryimage","url":"https:\/\/radioinfinitagoya.com.ar\/v1\/wp-content\/uploads\/2026\/09\/OhEitj4J.png","contentUrl":"https:\/\/radioinfinitagoya.com.ar\/v1\/wp-content\/uploads\/2026\/09\/OhEitj4J.png","width":600,"height":400},{"@type":"BreadcrumbList","@id":"https:\/\/radioinfinitagoya.com.ar\/v1\/2026\/09\/05\/la-expectativa-de-mercado-arrojo-una-inflacion-del-17\/#breadcrumb","itemListElement":[{"@type":"ListItem","position":1,"name":"Inicio","item":"https:\/\/radioinfinitagoya.com.ar\/v1\/"},{"@type":"ListItem","position":2,"name":"La expectativa de mercado arroj\u00f3 una inflaci\u00f3n del 1,7%"}]},{"@type":"WebSite","@id":"https:\/\/radioinfinitagoya.com.ar\/v1\/#website","url":"https:\/\/radioinfinitagoya.com.ar\/v1\/","name":"radioinfinitagoya.com.ar","description":"Radio de noticias","publisher":{"@id":"https:\/\/radioinfinitagoya.com.ar\/v1\/#organization"},"potentialAction":[{"@type":"SearchAction","target":{"@type":"EntryPoint","urlTemplate":"https:\/\/radioinfinitagoya.com.ar\/v1\/?s={search_term_string}"},"query-input":{"@type":"PropertyValueSpecification","valueRequired":true,"valueName":"search_term_string"}}],"inLanguage":"es-AR"},{"@type":"Organization","@id":"https:\/\/radioinfinitagoya.com.ar\/v1\/#organization","name":"Radio Infinita Goya","url":"https:\/\/radioinfinitagoya.com.ar\/v1\/","logo":{"@type":"ImageObject","inLanguage":"es-AR","@id":"https:\/\/radioinfinitagoya.com.ar\/v1\/#\/schema\/logo\/image\/","url":"https:\/\/radioinfinitagoya.com.ar\/v1\/wp-content\/uploads\/2019\/11\/logo-pie-web.png","contentUrl":"https:\/\/radioinfinitagoya.com.ar\/v1\/wp-content\/uploads\/2019\/11\/logo-pie-web.png","width":635,"height":326,"caption":"Radio Infinita Goya"},"image":{"@id":"https:\/\/radioinfinitagoya.com.ar\/v1\/#\/schema\/logo\/image\/"},"sameAs":["https:\/\/www.facebook.com\/p\/Infinita-Goya-100063870918311\/"]},{"@type":"Person","@id":"https:\/\/radioinfinitagoya.com.ar\/v1\/#\/schema\/person\/d4cf9c413d4f6edb24aabdccab49ca4a","name":"Jorge Mi\u00f1o","image":{"@type":"ImageObject","inLanguage":"es-AR","@id":"https:\/\/secure.gravatar.com\/avatar\/910fcf6728fe95320e07a6643c1581fec1c7fc4bf8ae12e3d8f0d0373dc844be?s=96&d=mm&r=g","url":"https:\/\/secure.gravatar.com\/avatar\/910fcf6728fe95320e07a6643c1581fec1c7fc4bf8ae12e3d8f0d0373dc844be?s=96&d=mm&r=g","contentUrl":"https:\/\/secure.gravatar.com\/avatar\/910fcf6728fe95320e07a6643c1581fec1c7fc4bf8ae12e3d8f0d0373dc844be?s=96&d=mm&r=g","caption":"Jorge Mi\u00f1o"},"sameAs":["http:\/\/radioinfinitagoya.com.ar"]}]}},"_links":{"self":[{"href":"https:\/\/radioinfinitagoya.com.ar\/v1\/wp-json\/wp\/v2\/posts\/226782","targetHints":{"allow":["GET"]}}],"collection":[{"href":"https:\/\/radioinfinitagoya.com.ar\/v1\/wp-json\/wp\/v2\/posts"}],"about":[{"href":"https:\/\/radioinfinitagoya.com.ar\/v1\/wp-json\/wp\/v2\/types\/post"}],"author":[{"embeddable":true,"href":"https:\/\/radioinfinitagoya.com.ar\/v1\/wp-json\/wp\/v2\/users\/4"}],"replies":[{"embeddable":true,"href":"https:\/\/radioinfinitagoya.com.ar\/v1\/wp-json\/wp\/v2\/comments?post=226782"}],"version-history":[{"count":1,"href":"https:\/\/radioinfinitagoya.com.ar\/v1\/wp-json\/wp\/v2\/posts\/226782\/revisions"}],"predecessor-version":[{"id":226784,"href":"https:\/\/radioinfinitagoya.com.ar\/v1\/wp-json\/wp\/v2\/posts\/226782\/revisions\/226784"}],"wp:featuredmedia":[{"embeddable":true,"href":"https:\/\/radioinfinitagoya.com.ar\/v1\/wp-json\/wp\/v2\/media\/226783"}],"wp:attachment":[{"href":"https:\/\/radioinfinitagoya.com.ar\/v1\/wp-json\/wp\/v2\/media?parent=226782"}],"wp:term":[{"taxonomy":"category","embeddable":true,"href":"https:\/\/radioinfinitagoya.com.ar\/v1\/wp-json\/wp\/v2\/categories?post=226782"},{"taxonomy":"post_tag","embeddable":true,"href":"https:\/\/radioinfinitagoya.com.ar\/v1\/wp-json\/wp\/v2\/tags?post=226782"}],"curies":[{"name":"wp","href":"https:\/\/api.w.org\/{rel}","templated":true}]}}