{"id":226785,"date":"2026-09-05T17:02:36","date_gmt":"2026-09-05T20:02:36","guid":{"rendered":"https:\/\/radioinfinitagoya.com.ar\/v1\/?p=226785"},"modified":"2026-09-05T17:02:36","modified_gmt":"2026-09-05T20:02:36","slug":"formula-1-franco-colapinto-largara-septimo-y-gasly-se-quedo-con-la-pole","status":"publish","type":"post","link":"https:\/\/radioinfinitagoya.com.ar\/v1\/2026\/09\/05\/formula-1-franco-colapinto-largara-septimo-y-gasly-se-quedo-con-la-pole\/","title":{"rendered":"Formula 1: Franco Colapinto largar\u00e1 s\u00e9ptimo y Gasly se qued\u00f3 con la pole"},"content":{"rendered":"<p>La escuder\u00eda Alpine sorprendi\u00f3 en Monza donde este domingo se disputar\u00e1 el Gran Premio de Italia.<\/p>\n<p>El piloto argentino Franco Colapinto (Alpine) tuvo una buena clasificaci\u00f3n y largar\u00e1 s\u00e9ptimo en la carrera del Gran Premio de Italia de F\u00f3rmula 1.<\/p>\n<p>La gran sorpresa la dio su compa\u00f1ero de equipo en Alpine, el franc\u00e9s Pierre Gasly, quien se qued\u00f3 con la pole position.<\/p>\n<p>Desde el inicio de la clasificaci\u00f3n, Colapinto se mostr\u00f3 muy s\u00f3lido, ya que en la Q1 avanz\u00f3 f\u00e1cilmente.<\/p>\n<p>Ya en la Q2, Colapinto mejor\u00f3 a\u00fan m\u00e1s su tiempo y dio la sorpresa al terminar en la octava colocaci\u00f3n, incluso por delante de los pilotos de Ferrari, que son el brit\u00e1nico Lewis Hamilton y el monegasco Charles Leclerc.<\/p>\n<p>Finalmente, en la Q3 Colapinto se qued\u00f3 con la octava posici\u00f3n. Sin embargo, comenzar\u00e1 en la s\u00e9ptima colocaci\u00f3n debido a la sanci\u00f3n al italiano y l\u00edder del campeonato, el italiano Kimi Antonelli (Mercedes), por el cambio en su unidad de potencia.<\/p>\n<p>De esta manera, el piloto argentino tendr\u00e1 una muy buena oportunidad para sumar puntos, en un Gran Premio donde est\u00e1 exprimiendo muy bien las actualizaciones en su Alpine.<\/p>\n<p>Sin dudas la gran sorpresa de la jornada y una de las mayores de la temporada la dio su compa\u00f1ero de equipo, el franc\u00e9s Gasly, quien vol\u00f3 en la Q3 y consigui\u00f3 la primera posici\u00f3n gracias a su incre\u00edble registro de 1:21,786.<\/p>\n<p>En la segunda posici\u00f3n qued\u00f3 el brit\u00e1nico George Russell (Mercedes), mientras que el top 5 lo completaron el australiano Oscar Piastri (McLaren), el monegasco Charles Leclerc (Ferrari) y el brit\u00e1nico Lewis Hamilton (Ferrari).<\/p>\n<p>La carrera del Gran Premio de Italia, correspondiente a la decimotercera fecha del campeonato de F\u00f3rmula 1, ser\u00e1 este domingo a las 10 de la ma\u00f1ana.<\/p>\n","protected":false},"excerpt":{"rendered":"<p>La escuder\u00eda Alpine sorprendi\u00f3 en Monza donde este domingo se disputar\u00e1 el Gran Premio de Italia. El piloto argentino Franco Colapinto (Alpine) tuvo una buena clasificaci\u00f3n y largar\u00e1 s\u00e9ptimo en la carrera del Gran Premio de Italia de F\u00f3rmula 1. La gran sorpresa la dio su compa\u00f1ero de equipo en Alpine, el franc\u00e9s Pierre Gasly, [&hellip;]<\/p>\n","protected":false},"author":4,"featured_media":226786,"comment_status":"open","ping_status":"open","sticky":false,"template":"","format":"standard","meta":{"_joinchat":[],"footnotes":""},"categories":[28],"tags":[],"class_list":["post-226785","post","type-post","status-publish","format-standard","has-post-thumbnail","category-deportes"],"yoast_head":"<!-- This site is optimized with the Yoast SEO plugin v27.7 - https:\/\/yoast.com\/product\/yoast-seo-wordpress\/ -->\n<title>Formula 1: Franco Colapinto largar\u00e1 s\u00e9ptimo y Gasly se qued\u00f3 con la pole - Radio Infinita Goya<\/title>\n<meta name=\"description\" content=\"La escuder\u00eda Alpine sorprendi\u00f3 en Monza donde este domingo se disputar\u00e1 el Gran Premio de Italia. El piloto argentino Franco Colapinto (Alpine) tuvo una\" \/>\n<meta name=\"robots\" content=\"index, follow, max-snippet:-1, max-image-preview:large, max-video-preview:-1\" \/>\n<link rel=\"canonical\" href=\"https:\/\/radioinfinitagoya.com.ar\/v1\/2026\/09\/05\/formula-1-franco-colapinto-largara-septimo-y-gasly-se-quedo-con-la-pole\/\" \/>\n<meta property=\"og:locale\" content=\"es_ES\" \/>\n<meta property=\"og:type\" content=\"article\" \/>\n<meta property=\"og:title\" content=\"Formula 1: Franco Colapinto largar\u00e1 s\u00e9ptimo y Gasly se qued\u00f3 con la pole - Radio Infinita Goya\" \/>\n<meta property=\"og:description\" content=\"La escuder\u00eda Alpine sorprendi\u00f3 en Monza donde este domingo se disputar\u00e1 el Gran Premio de Italia. El piloto argentino Franco Colapinto (Alpine) tuvo una\" \/>\n<meta property=\"og:url\" content=\"https:\/\/radioinfinitagoya.com.ar\/v1\/2026\/09\/05\/formula-1-franco-colapinto-largara-septimo-y-gasly-se-quedo-con-la-pole\/\" \/>\n<meta property=\"og:site_name\" content=\"Radio Infinita Goya\" \/>\n<meta property=\"article:publisher\" content=\"https:\/\/www.facebook.com\/p\/Infinita-Goya-100063870918311\/\" \/>\n<meta property=\"article:published_time\" content=\"2026-09-05T20:02:36+00:00\" \/>\n<meta property=\"og:image\" content=\"https:\/\/radioinfinitagoya.com.ar\/v1\/wp-content\/uploads\/2026\/09\/B1caMu.jpg\" \/>\n\t<meta property=\"og:image:width\" content=\"680\" \/>\n\t<meta property=\"og:image:height\" content=\"454\" \/>\n\t<meta property=\"og:image:type\" content=\"image\/jpeg\" \/>\n<meta name=\"author\" content=\"Jorge Mi\u00f1o\" \/>\n<meta name=\"twitter:card\" content=\"summary_large_image\" \/>\n<meta name=\"twitter:label1\" content=\"Escrito por\" \/>\n\t<meta name=\"twitter:data1\" content=\"Jorge Mi\u00f1o\" \/>\n\t<meta name=\"twitter:label2\" content=\"Tiempo de lectura\" \/>\n\t<meta name=\"twitter:data2\" content=\"2 minutos\" \/>\n<script type=\"application\/ld+json\" class=\"yoast-schema-graph\">{\"@context\":\"https:\\\/\\\/schema.org\",\"@graph\":[{\"@type\":\"Article\",\"@id\":\"https:\\\/\\\/radioinfinitagoya.com.ar\\\/v1\\\/2026\\\/09\\\/05\\\/formula-1-franco-colapinto-largara-septimo-y-gasly-se-quedo-con-la-pole\\\/#article\",\"isPartOf\":{\"@id\":\"https:\\\/\\\/radioinfinitagoya.com.ar\\\/v1\\\/2026\\\/09\\\/05\\\/formula-1-franco-colapinto-largara-septimo-y-gasly-se-quedo-con-la-pole\\\/\"},\"author\":{\"name\":\"Jorge Mi\u00f1o\",\"@id\":\"https:\\\/\\\/radioinfinitagoya.com.ar\\\/v1\\\/#\\\/schema\\\/person\\\/d4cf9c413d4f6edb24aabdccab49ca4a\"},\"headline\":\"Formula 1: Franco Colapinto largar\u00e1 s\u00e9ptimo y Gasly se qued\u00f3 con la pole\",\"datePublished\":\"2026-09-05T20:02:36+00:00\",\"mainEntityOfPage\":{\"@id\":\"https:\\\/\\\/radioinfinitagoya.com.ar\\\/v1\\\/2026\\\/09\\\/05\\\/formula-1-franco-colapinto-largara-septimo-y-gasly-se-quedo-con-la-pole\\\/\"},\"wordCount\":324,\"commentCount\":0,\"publisher\":{\"@id\":\"https:\\\/\\\/radioinfinitagoya.com.ar\\\/v1\\\/#organization\"},\"image\":{\"@id\":\"https:\\\/\\\/radioinfinitagoya.com.ar\\\/v1\\\/2026\\\/09\\\/05\\\/formula-1-franco-colapinto-largara-septimo-y-gasly-se-quedo-con-la-pole\\\/#primaryimage\"},\"thumbnailUrl\":\"https:\\\/\\\/radioinfinitagoya.com.ar\\\/v1\\\/wp-content\\\/uploads\\\/2026\\\/09\\\/B1caMu.jpg\",\"articleSection\":[\"DEPORTES\"],\"inLanguage\":\"es-AR\",\"potentialAction\":[{\"@type\":\"CommentAction\",\"name\":\"Comment\",\"target\":[\"https:\\\/\\\/radioinfinitagoya.com.ar\\\/v1\\\/2026\\\/09\\\/05\\\/formula-1-franco-colapinto-largara-septimo-y-gasly-se-quedo-con-la-pole\\\/#respond\"]}]},{\"@type\":\"WebPage\",\"@id\":\"https:\\\/\\\/radioinfinitagoya.com.ar\\\/v1\\\/2026\\\/09\\\/05\\\/formula-1-franco-colapinto-largara-septimo-y-gasly-se-quedo-con-la-pole\\\/\",\"url\":\"https:\\\/\\\/radioinfinitagoya.com.ar\\\/v1\\\/2026\\\/09\\\/05\\\/formula-1-franco-colapinto-largara-septimo-y-gasly-se-quedo-con-la-pole\\\/\",\"name\":\"Formula 1: Franco Colapinto largar\u00e1 s\u00e9ptimo y Gasly se qued\u00f3 con la pole - Radio Infinita Goya\",\"isPartOf\":{\"@id\":\"https:\\\/\\\/radioinfinitagoya.com.ar\\\/v1\\\/#website\"},\"primaryImageOfPage\":{\"@id\":\"https:\\\/\\\/radioinfinitagoya.com.ar\\\/v1\\\/2026\\\/09\\\/05\\\/formula-1-franco-colapinto-largara-septimo-y-gasly-se-quedo-con-la-pole\\\/#primaryimage\"},\"image\":{\"@id\":\"https:\\\/\\\/radioinfinitagoya.com.ar\\\/v1\\\/2026\\\/09\\\/05\\\/formula-1-franco-colapinto-largara-septimo-y-gasly-se-quedo-con-la-pole\\\/#primaryimage\"},\"thumbnailUrl\":\"https:\\\/\\\/radioinfinitagoya.com.ar\\\/v1\\\/wp-content\\\/uploads\\\/2026\\\/09\\\/B1caMu.jpg\",\"datePublished\":\"2026-09-05T20:02:36+00:00\",\"description\":\"La escuder\u00eda Alpine sorprendi\u00f3 en Monza donde este domingo se disputar\u00e1 el Gran Premio de Italia. El piloto argentino Franco Colapinto (Alpine) tuvo una\",\"breadcrumb\":{\"@id\":\"https:\\\/\\\/radioinfinitagoya.com.ar\\\/v1\\\/2026\\\/09\\\/05\\\/formula-1-franco-colapinto-largara-septimo-y-gasly-se-quedo-con-la-pole\\\/#breadcrumb\"},\"inLanguage\":\"es-AR\",\"potentialAction\":[{\"@type\":\"ReadAction\",\"target\":[\"https:\\\/\\\/radioinfinitagoya.com.ar\\\/v1\\\/2026\\\/09\\\/05\\\/formula-1-franco-colapinto-largara-septimo-y-gasly-se-quedo-con-la-pole\\\/\"]}]},{\"@type\":\"ImageObject\",\"inLanguage\":\"es-AR\",\"@id\":\"https:\\\/\\\/radioinfinitagoya.com.ar\\\/v1\\\/2026\\\/09\\\/05\\\/formula-1-franco-colapinto-largara-septimo-y-gasly-se-quedo-con-la-pole\\\/#primaryimage\",\"url\":\"https:\\\/\\\/radioinfinitagoya.com.ar\\\/v1\\\/wp-content\\\/uploads\\\/2026\\\/09\\\/B1caMu.jpg\",\"contentUrl\":\"https:\\\/\\\/radioinfinitagoya.com.ar\\\/v1\\\/wp-content\\\/uploads\\\/2026\\\/09\\\/B1caMu.jpg\",\"width\":680,\"height\":454},{\"@type\":\"BreadcrumbList\",\"@id\":\"https:\\\/\\\/radioinfinitagoya.com.ar\\\/v1\\\/2026\\\/09\\\/05\\\/formula-1-franco-colapinto-largara-septimo-y-gasly-se-quedo-con-la-pole\\\/#breadcrumb\",\"itemListElement\":[{\"@type\":\"ListItem\",\"position\":1,\"name\":\"Inicio\",\"item\":\"https:\\\/\\\/radioinfinitagoya.com.ar\\\/v1\\\/\"},{\"@type\":\"ListItem\",\"position\":2,\"name\":\"Formula 1: Franco Colapinto largar\u00e1 s\u00e9ptimo y Gasly se qued\u00f3 con la pole\"}]},{\"@type\":\"WebSite\",\"@id\":\"https:\\\/\\\/radioinfinitagoya.com.ar\\\/v1\\\/#website\",\"url\":\"https:\\\/\\\/radioinfinitagoya.com.ar\\\/v1\\\/\",\"name\":\"radioinfinitagoya.com.ar\",\"description\":\"Radio de noticias\",\"publisher\":{\"@id\":\"https:\\\/\\\/radioinfinitagoya.com.ar\\\/v1\\\/#organization\"},\"potentialAction\":[{\"@type\":\"SearchAction\",\"target\":{\"@type\":\"EntryPoint\",\"urlTemplate\":\"https:\\\/\\\/radioinfinitagoya.com.ar\\\/v1\\\/?s={search_term_string}\"},\"query-input\":{\"@type\":\"PropertyValueSpecification\",\"valueRequired\":true,\"valueName\":\"search_term_string\"}}],\"inLanguage\":\"es-AR\"},{\"@type\":\"Organization\",\"@id\":\"https:\\\/\\\/radioinfinitagoya.com.ar\\\/v1\\\/#organization\",\"name\":\"Radio Infinita Goya\",\"url\":\"https:\\\/\\\/radioinfinitagoya.com.ar\\\/v1\\\/\",\"logo\":{\"@type\":\"ImageObject\",\"inLanguage\":\"es-AR\",\"@id\":\"https:\\\/\\\/radioinfinitagoya.com.ar\\\/v1\\\/#\\\/schema\\\/logo\\\/image\\\/\",\"url\":\"https:\\\/\\\/radioinfinitagoya.com.ar\\\/v1\\\/wp-content\\\/uploads\\\/2019\\\/11\\\/logo-pie-web.png\",\"contentUrl\":\"https:\\\/\\\/radioinfinitagoya.com.ar\\\/v1\\\/wp-content\\\/uploads\\\/2019\\\/11\\\/logo-pie-web.png\",\"width\":635,\"height\":326,\"caption\":\"Radio Infinita Goya\"},\"image\":{\"@id\":\"https:\\\/\\\/radioinfinitagoya.com.ar\\\/v1\\\/#\\\/schema\\\/logo\\\/image\\\/\"},\"sameAs\":[\"https:\\\/\\\/www.facebook.com\\\/p\\\/Infinita-Goya-100063870918311\\\/\"]},{\"@type\":\"Person\",\"@id\":\"https:\\\/\\\/radioinfinitagoya.com.ar\\\/v1\\\/#\\\/schema\\\/person\\\/d4cf9c413d4f6edb24aabdccab49ca4a\",\"name\":\"Jorge Mi\u00f1o\",\"image\":{\"@type\":\"ImageObject\",\"inLanguage\":\"es-AR\",\"@id\":\"https:\\\/\\\/secure.gravatar.com\\\/avatar\\\/910fcf6728fe95320e07a6643c1581fec1c7fc4bf8ae12e3d8f0d0373dc844be?s=96&d=mm&r=g\",\"url\":\"https:\\\/\\\/secure.gravatar.com\\\/avatar\\\/910fcf6728fe95320e07a6643c1581fec1c7fc4bf8ae12e3d8f0d0373dc844be?s=96&d=mm&r=g\",\"contentUrl\":\"https:\\\/\\\/secure.gravatar.com\\\/avatar\\\/910fcf6728fe95320e07a6643c1581fec1c7fc4bf8ae12e3d8f0d0373dc844be?s=96&d=mm&r=g\",\"caption\":\"Jorge Mi\u00f1o\"},\"sameAs\":[\"http:\\\/\\\/radioinfinitagoya.com.ar\"]}]}<\/script>\n<!-- \/ Yoast SEO plugin. -->","yoast_head_json":{"title":"Formula 1: Franco Colapinto largar\u00e1 s\u00e9ptimo y Gasly se qued\u00f3 con la pole - Radio Infinita Goya","description":"La escuder\u00eda Alpine sorprendi\u00f3 en Monza donde este domingo se disputar\u00e1 el Gran Premio de Italia. El piloto argentino Franco Colapinto (Alpine) tuvo una","robots":{"index":"index","follow":"follow","max-snippet":"max-snippet:-1","max-image-preview":"max-image-preview:large","max-video-preview":"max-video-preview:-1"},"canonical":"https:\/\/radioinfinitagoya.com.ar\/v1\/2026\/09\/05\/formula-1-franco-colapinto-largara-septimo-y-gasly-se-quedo-con-la-pole\/","og_locale":"es_ES","og_type":"article","og_title":"Formula 1: Franco Colapinto largar\u00e1 s\u00e9ptimo y Gasly se qued\u00f3 con la pole - Radio Infinita Goya","og_description":"La escuder\u00eda Alpine sorprendi\u00f3 en Monza donde este domingo se disputar\u00e1 el Gran Premio de Italia. El piloto argentino Franco Colapinto (Alpine) tuvo una","og_url":"https:\/\/radioinfinitagoya.com.ar\/v1\/2026\/09\/05\/formula-1-franco-colapinto-largara-septimo-y-gasly-se-quedo-con-la-pole\/","og_site_name":"Radio Infinita Goya","article_publisher":"https:\/\/www.facebook.com\/p\/Infinita-Goya-100063870918311\/","article_published_time":"2026-09-05T20:02:36+00:00","og_image":[{"width":680,"height":454,"url":"https:\/\/radioinfinitagoya.com.ar\/v1\/wp-content\/uploads\/2026\/09\/B1caMu.jpg","type":"image\/jpeg"}],"author":"Jorge Mi\u00f1o","twitter_card":"summary_large_image","twitter_misc":{"Escrito por":"Jorge Mi\u00f1o","Tiempo de lectura":"2 minutos"},"schema":{"@context":"https:\/\/schema.org","@graph":[{"@type":"Article","@id":"https:\/\/radioinfinitagoya.com.ar\/v1\/2026\/09\/05\/formula-1-franco-colapinto-largara-septimo-y-gasly-se-quedo-con-la-pole\/#article","isPartOf":{"@id":"https:\/\/radioinfinitagoya.com.ar\/v1\/2026\/09\/05\/formula-1-franco-colapinto-largara-septimo-y-gasly-se-quedo-con-la-pole\/"},"author":{"name":"Jorge Mi\u00f1o","@id":"https:\/\/radioinfinitagoya.com.ar\/v1\/#\/schema\/person\/d4cf9c413d4f6edb24aabdccab49ca4a"},"headline":"Formula 1: Franco Colapinto largar\u00e1 s\u00e9ptimo y Gasly se qued\u00f3 con la pole","datePublished":"2026-09-05T20:02:36+00:00","mainEntityOfPage":{"@id":"https:\/\/radioinfinitagoya.com.ar\/v1\/2026\/09\/05\/formula-1-franco-colapinto-largara-septimo-y-gasly-se-quedo-con-la-pole\/"},"wordCount":324,"commentCount":0,"publisher":{"@id":"https:\/\/radioinfinitagoya.com.ar\/v1\/#organization"},"image":{"@id":"https:\/\/radioinfinitagoya.com.ar\/v1\/2026\/09\/05\/formula-1-franco-colapinto-largara-septimo-y-gasly-se-quedo-con-la-pole\/#primaryimage"},"thumbnailUrl":"https:\/\/radioinfinitagoya.com.ar\/v1\/wp-content\/uploads\/2026\/09\/B1caMu.jpg","articleSection":["DEPORTES"],"inLanguage":"es-AR","potentialAction":[{"@type":"CommentAction","name":"Comment","target":["https:\/\/radioinfinitagoya.com.ar\/v1\/2026\/09\/05\/formula-1-franco-colapinto-largara-septimo-y-gasly-se-quedo-con-la-pole\/#respond"]}]},{"@type":"WebPage","@id":"https:\/\/radioinfinitagoya.com.ar\/v1\/2026\/09\/05\/formula-1-franco-colapinto-largara-septimo-y-gasly-se-quedo-con-la-pole\/","url":"https:\/\/radioinfinitagoya.com.ar\/v1\/2026\/09\/05\/formula-1-franco-colapinto-largara-septimo-y-gasly-se-quedo-con-la-pole\/","name":"Formula 1: Franco Colapinto largar\u00e1 s\u00e9ptimo y Gasly se qued\u00f3 con la pole - Radio Infinita Goya","isPartOf":{"@id":"https:\/\/radioinfinitagoya.com.ar\/v1\/#website"},"primaryImageOfPage":{"@id":"https:\/\/radioinfinitagoya.com.ar\/v1\/2026\/09\/05\/formula-1-franco-colapinto-largara-septimo-y-gasly-se-quedo-con-la-pole\/#primaryimage"},"image":{"@id":"https:\/\/radioinfinitagoya.com.ar\/v1\/2026\/09\/05\/formula-1-franco-colapinto-largara-septimo-y-gasly-se-quedo-con-la-pole\/#primaryimage"},"thumbnailUrl":"https:\/\/radioinfinitagoya.com.ar\/v1\/wp-content\/uploads\/2026\/09\/B1caMu.jpg","datePublished":"2026-09-05T20:02:36+00:00","description":"La escuder\u00eda Alpine sorprendi\u00f3 en Monza donde este domingo se disputar\u00e1 el Gran Premio de Italia. El piloto argentino Franco Colapinto (Alpine) tuvo una","breadcrumb":{"@id":"https:\/\/radioinfinitagoya.com.ar\/v1\/2026\/09\/05\/formula-1-franco-colapinto-largara-septimo-y-gasly-se-quedo-con-la-pole\/#breadcrumb"},"inLanguage":"es-AR","potentialAction":[{"@type":"ReadAction","target":["https:\/\/radioinfinitagoya.com.ar\/v1\/2026\/09\/05\/formula-1-franco-colapinto-largara-septimo-y-gasly-se-quedo-con-la-pole\/"]}]},{"@type":"ImageObject","inLanguage":"es-AR","@id":"https:\/\/radioinfinitagoya.com.ar\/v1\/2026\/09\/05\/formula-1-franco-colapinto-largara-septimo-y-gasly-se-quedo-con-la-pole\/#primaryimage","url":"https:\/\/radioinfinitagoya.com.ar\/v1\/wp-content\/uploads\/2026\/09\/B1caMu.jpg","contentUrl":"https:\/\/radioinfinitagoya.com.ar\/v1\/wp-content\/uploads\/2026\/09\/B1caMu.jpg","width":680,"height":454},{"@type":"BreadcrumbList","@id":"https:\/\/radioinfinitagoya.com.ar\/v1\/2026\/09\/05\/formula-1-franco-colapinto-largara-septimo-y-gasly-se-quedo-con-la-pole\/#breadcrumb","itemListElement":[{"@type":"ListItem","position":1,"name":"Inicio","item":"https:\/\/radioinfinitagoya.com.ar\/v1\/"},{"@type":"ListItem","position":2,"name":"Formula 1: Franco Colapinto largar\u00e1 s\u00e9ptimo y Gasly se qued\u00f3 con la pole"}]},{"@type":"WebSite","@id":"https:\/\/radioinfinitagoya.com.ar\/v1\/#website","url":"https:\/\/radioinfinitagoya.com.ar\/v1\/","name":"radioinfinitagoya.com.ar","description":"Radio de noticias","publisher":{"@id":"https:\/\/radioinfinitagoya.com.ar\/v1\/#organization"},"potentialAction":[{"@type":"SearchAction","target":{"@type":"EntryPoint","urlTemplate":"https:\/\/radioinfinitagoya.com.ar\/v1\/?s={search_term_string}"},"query-input":{"@type":"PropertyValueSpecification","valueRequired":true,"valueName":"search_term_string"}}],"inLanguage":"es-AR"},{"@type":"Organization","@id":"https:\/\/radioinfinitagoya.com.ar\/v1\/#organization","name":"Radio Infinita Goya","url":"https:\/\/radioinfinitagoya.com.ar\/v1\/","logo":{"@type":"ImageObject","inLanguage":"es-AR","@id":"https:\/\/radioinfinitagoya.com.ar\/v1\/#\/schema\/logo\/image\/","url":"https:\/\/radioinfinitagoya.com.ar\/v1\/wp-content\/uploads\/2019\/11\/logo-pie-web.png","contentUrl":"https:\/\/radioinfinitagoya.com.ar\/v1\/wp-content\/uploads\/2019\/11\/logo-pie-web.png","width":635,"height":326,"caption":"Radio Infinita Goya"},"image":{"@id":"https:\/\/radioinfinitagoya.com.ar\/v1\/#\/schema\/logo\/image\/"},"sameAs":["https:\/\/www.facebook.com\/p\/Infinita-Goya-100063870918311\/"]},{"@type":"Person","@id":"https:\/\/radioinfinitagoya.com.ar\/v1\/#\/schema\/person\/d4cf9c413d4f6edb24aabdccab49ca4a","name":"Jorge Mi\u00f1o","image":{"@type":"ImageObject","inLanguage":"es-AR","@id":"https:\/\/secure.gravatar.com\/avatar\/910fcf6728fe95320e07a6643c1581fec1c7fc4bf8ae12e3d8f0d0373dc844be?s=96&d=mm&r=g","url":"https:\/\/secure.gravatar.com\/avatar\/910fcf6728fe95320e07a6643c1581fec1c7fc4bf8ae12e3d8f0d0373dc844be?s=96&d=mm&r=g","contentUrl":"https:\/\/secure.gravatar.com\/avatar\/910fcf6728fe95320e07a6643c1581fec1c7fc4bf8ae12e3d8f0d0373dc844be?s=96&d=mm&r=g","caption":"Jorge Mi\u00f1o"},"sameAs":["http:\/\/radioinfinitagoya.com.ar"]}]}},"_links":{"self":[{"href":"https:\/\/radioinfinitagoya.com.ar\/v1\/wp-json\/wp\/v2\/posts\/226785","targetHints":{"allow":["GET"]}}],"collection":[{"href":"https:\/\/radioinfinitagoya.com.ar\/v1\/wp-json\/wp\/v2\/posts"}],"about":[{"href":"https:\/\/radioinfinitagoya.com.ar\/v1\/wp-json\/wp\/v2\/types\/post"}],"author":[{"embeddable":true,"href":"https:\/\/radioinfinitagoya.com.ar\/v1\/wp-json\/wp\/v2\/users\/4"}],"replies":[{"embeddable":true,"href":"https:\/\/radioinfinitagoya.com.ar\/v1\/wp-json\/wp\/v2\/comments?post=226785"}],"version-history":[{"count":1,"href":"https:\/\/radioinfinitagoya.com.ar\/v1\/wp-json\/wp\/v2\/posts\/226785\/revisions"}],"predecessor-version":[{"id":226787,"href":"https:\/\/radioinfinitagoya.com.ar\/v1\/wp-json\/wp\/v2\/posts\/226785\/revisions\/226787"}],"wp:featuredmedia":[{"embeddable":true,"href":"https:\/\/radioinfinitagoya.com.ar\/v1\/wp-json\/wp\/v2\/media\/226786"}],"wp:attachment":[{"href":"https:\/\/radioinfinitagoya.com.ar\/v1\/wp-json\/wp\/v2\/media?parent=226785"}],"wp:term":[{"taxonomy":"category","embeddable":true,"href":"https:\/\/radioinfinitagoya.com.ar\/v1\/wp-json\/wp\/v2\/categories?post=226785"},{"taxonomy":"post_tag","embeddable":true,"href":"https:\/\/radioinfinitagoya.com.ar\/v1\/wp-json\/wp\/v2\/tags?post=226785"}],"curies":[{"name":"wp","href":"https:\/\/api.w.org\/{rel}","templated":true}]}}