{"id":226788,"date":"2026-09-05T17:05:25","date_gmt":"2026-09-05T20:05:25","guid":{"rendered":"https:\/\/radioinfinitagoya.com.ar\/v1\/?p=226788"},"modified":"2026-09-05T17:05:25","modified_gmt":"2026-09-05T20:05:25","slug":"krujoski-quiere-ser-protagonista-en-termas-de-rio-hondo","status":"publish","type":"post","link":"https:\/\/radioinfinitagoya.com.ar\/v1\/2026\/09\/05\/krujoski-quiere-ser-protagonista-en-termas-de-rio-hondo\/","title":{"rendered":"Krujoski quiere ser protagonista en Termas de R\u00edo Hondo"},"content":{"rendered":"<p>El correntino qued\u00f3 segundo en los entrenamientos. Este s\u00e1bado ser\u00e1 la primera final del fin de semana<\/p>\n<p>El Turismo Carretera 2000 lleg\u00f3 a Termas de R\u00edo Hondo, Santiago del Estero, para vivir su novena fecha del campeonato. En lajornada del viernes, se registraron dos entrenamientos en el circuito internacional y el correntino Humberto Krujoski tuvo una gran jornada con dos segundos puestos.<\/p>\n<p>Krujoski, a bordo de un Renault Fluence que prepara el ACRA Ambrogio Racing, tuvo un saldo positivo en las dos tandas se ensayos y qued\u00f3 en el segundo puesto. Su compa\u00f1ero de equipo, Lucas Bohdanowicz fue el m\u00e1s r\u00e1pido en la jornada del viernes. El mejor registro lo consiqui\u00f3 en la segunda tada, dado que la primera la domin\u00f3 Andr\u00e9s Jakos.<\/p>\n<p>Bohdanowicz, el mejor del viernes, ocupa el 2\u00b0 lugar del campeonato con 415 puntos, a tiro de la cima y firme en la pelea por el t\u00edtulo. El l\u00edder es Bernardo Llaver con 478 unidades. Por su parte, Krujoski se ubica 4\u00b0 con 325 unidades, buscando dar el salto definitivo al podio de las posiciones generales<\/p>\n<p>La actividad continuar\u00e1 este s\u00e1bado con el tercer entrenamiento desde las 8:30, mientras que la clasificaci\u00f3n comenzar\u00e1 a las 11:50. La primera final se pondr\u00e1 en marcha a las 16:55, a cinco vueltas o 10 minutos de duraci\u00f3n.<\/p>\n<p>La segunda final del fin de semana est\u00e1 prevista para el domingo 6 desde las 13.15.<\/p>\n","protected":false},"excerpt":{"rendered":"<p>El correntino qued\u00f3 segundo en los entrenamientos. Este s\u00e1bado ser\u00e1 la primera final del fin de semana El Turismo Carretera 2000 lleg\u00f3 a Termas de R\u00edo Hondo, Santiago del Estero, para vivir su novena fecha del campeonato. En lajornada del viernes, se registraron dos entrenamientos en el circuito internacional y el correntino Humberto Krujoski tuvo [&hellip;]<\/p>\n","protected":false},"author":4,"featured_media":226789,"comment_status":"open","ping_status":"open","sticky":false,"template":"","format":"standard","meta":{"_joinchat":[],"footnotes":""},"categories":[28],"tags":[],"class_list":["post-226788","post","type-post","status-publish","format-standard","has-post-thumbnail","category-deportes"],"yoast_head":"<!-- This site is optimized with the Yoast SEO plugin v27.7 - https:\/\/yoast.com\/product\/yoast-seo-wordpress\/ -->\n<title>Krujoski quiere ser protagonista en Termas de R\u00edo Hondo - Radio Infinita Goya<\/title>\n<meta name=\"description\" content=\"El correntino qued\u00f3 segundo en los entrenamientos. Este s\u00e1bado ser\u00e1 la primera final del fin de semana El Turismo Carretera 2000 lleg\u00f3 a Termas de R\u00edo\" \/>\n<meta name=\"robots\" content=\"index, follow, max-snippet:-1, max-image-preview:large, max-video-preview:-1\" \/>\n<link rel=\"canonical\" href=\"https:\/\/radioinfinitagoya.com.ar\/v1\/2026\/09\/05\/krujoski-quiere-ser-protagonista-en-termas-de-rio-hondo\/\" \/>\n<meta property=\"og:locale\" content=\"es_ES\" \/>\n<meta property=\"og:type\" content=\"article\" \/>\n<meta property=\"og:title\" content=\"Krujoski quiere ser protagonista en Termas de R\u00edo Hondo - Radio Infinita Goya\" \/>\n<meta property=\"og:description\" content=\"El correntino qued\u00f3 segundo en los entrenamientos. Este s\u00e1bado ser\u00e1 la primera final del fin de semana El Turismo Carretera 2000 lleg\u00f3 a Termas de R\u00edo\" \/>\n<meta property=\"og:url\" content=\"https:\/\/radioinfinitagoya.com.ar\/v1\/2026\/09\/05\/krujoski-quiere-ser-protagonista-en-termas-de-rio-hondo\/\" \/>\n<meta property=\"og:site_name\" content=\"Radio Infinita Goya\" \/>\n<meta property=\"article:publisher\" content=\"https:\/\/www.facebook.com\/p\/Infinita-Goya-100063870918311\/\" \/>\n<meta property=\"article:published_time\" content=\"2026-09-05T20:05:25+00:00\" \/>\n<meta property=\"og:image\" content=\"https:\/\/radioinfinitagoya.com.ar\/v1\/wp-content\/uploads\/2026\/09\/HLcoLL_WEAAaGhi.jpg\" \/>\n\t<meta property=\"og:image:width\" content=\"680\" \/>\n\t<meta property=\"og:image:height\" content=\"453\" \/>\n\t<meta property=\"og:image:type\" content=\"image\/jpeg\" \/>\n<meta name=\"author\" content=\"Jorge Mi\u00f1o\" \/>\n<meta name=\"twitter:card\" content=\"summary_large_image\" \/>\n<meta name=\"twitter:label1\" content=\"Escrito por\" \/>\n\t<meta name=\"twitter:data1\" content=\"Jorge Mi\u00f1o\" \/>\n\t<meta name=\"twitter:label2\" content=\"Tiempo de lectura\" \/>\n\t<meta name=\"twitter:data2\" content=\"2 minutos\" \/>\n<script type=\"application\/ld+json\" class=\"yoast-schema-graph\">{\"@context\":\"https:\\\/\\\/schema.org\",\"@graph\":[{\"@type\":\"Article\",\"@id\":\"https:\\\/\\\/radioinfinitagoya.com.ar\\\/v1\\\/2026\\\/09\\\/05\\\/krujoski-quiere-ser-protagonista-en-termas-de-rio-hondo\\\/#article\",\"isPartOf\":{\"@id\":\"https:\\\/\\\/radioinfinitagoya.com.ar\\\/v1\\\/2026\\\/09\\\/05\\\/krujoski-quiere-ser-protagonista-en-termas-de-rio-hondo\\\/\"},\"author\":{\"name\":\"Jorge Mi\u00f1o\",\"@id\":\"https:\\\/\\\/radioinfinitagoya.com.ar\\\/v1\\\/#\\\/schema\\\/person\\\/d4cf9c413d4f6edb24aabdccab49ca4a\"},\"headline\":\"Krujoski quiere ser protagonista en Termas de R\u00edo Hondo\",\"datePublished\":\"2026-09-05T20:05:25+00:00\",\"mainEntityOfPage\":{\"@id\":\"https:\\\/\\\/radioinfinitagoya.com.ar\\\/v1\\\/2026\\\/09\\\/05\\\/krujoski-quiere-ser-protagonista-en-termas-de-rio-hondo\\\/\"},\"wordCount\":242,\"commentCount\":0,\"publisher\":{\"@id\":\"https:\\\/\\\/radioinfinitagoya.com.ar\\\/v1\\\/#organization\"},\"image\":{\"@id\":\"https:\\\/\\\/radioinfinitagoya.com.ar\\\/v1\\\/2026\\\/09\\\/05\\\/krujoski-quiere-ser-protagonista-en-termas-de-rio-hondo\\\/#primaryimage\"},\"thumbnailUrl\":\"https:\\\/\\\/radioinfinitagoya.com.ar\\\/v1\\\/wp-content\\\/uploads\\\/2026\\\/09\\\/HLcoLL_WEAAaGhi.jpg\",\"articleSection\":[\"DEPORTES\"],\"inLanguage\":\"es-AR\",\"potentialAction\":[{\"@type\":\"CommentAction\",\"name\":\"Comment\",\"target\":[\"https:\\\/\\\/radioinfinitagoya.com.ar\\\/v1\\\/2026\\\/09\\\/05\\\/krujoski-quiere-ser-protagonista-en-termas-de-rio-hondo\\\/#respond\"]}]},{\"@type\":\"WebPage\",\"@id\":\"https:\\\/\\\/radioinfinitagoya.com.ar\\\/v1\\\/2026\\\/09\\\/05\\\/krujoski-quiere-ser-protagonista-en-termas-de-rio-hondo\\\/\",\"url\":\"https:\\\/\\\/radioinfinitagoya.com.ar\\\/v1\\\/2026\\\/09\\\/05\\\/krujoski-quiere-ser-protagonista-en-termas-de-rio-hondo\\\/\",\"name\":\"Krujoski quiere ser protagonista en Termas de R\u00edo Hondo - Radio Infinita Goya\",\"isPartOf\":{\"@id\":\"https:\\\/\\\/radioinfinitagoya.com.ar\\\/v1\\\/#website\"},\"primaryImageOfPage\":{\"@id\":\"https:\\\/\\\/radioinfinitagoya.com.ar\\\/v1\\\/2026\\\/09\\\/05\\\/krujoski-quiere-ser-protagonista-en-termas-de-rio-hondo\\\/#primaryimage\"},\"image\":{\"@id\":\"https:\\\/\\\/radioinfinitagoya.com.ar\\\/v1\\\/2026\\\/09\\\/05\\\/krujoski-quiere-ser-protagonista-en-termas-de-rio-hondo\\\/#primaryimage\"},\"thumbnailUrl\":\"https:\\\/\\\/radioinfinitagoya.com.ar\\\/v1\\\/wp-content\\\/uploads\\\/2026\\\/09\\\/HLcoLL_WEAAaGhi.jpg\",\"datePublished\":\"2026-09-05T20:05:25+00:00\",\"description\":\"El correntino qued\u00f3 segundo en los entrenamientos. Este s\u00e1bado ser\u00e1 la primera final del fin de semana El Turismo Carretera 2000 lleg\u00f3 a Termas de R\u00edo\",\"breadcrumb\":{\"@id\":\"https:\\\/\\\/radioinfinitagoya.com.ar\\\/v1\\\/2026\\\/09\\\/05\\\/krujoski-quiere-ser-protagonista-en-termas-de-rio-hondo\\\/#breadcrumb\"},\"inLanguage\":\"es-AR\",\"potentialAction\":[{\"@type\":\"ReadAction\",\"target\":[\"https:\\\/\\\/radioinfinitagoya.com.ar\\\/v1\\\/2026\\\/09\\\/05\\\/krujoski-quiere-ser-protagonista-en-termas-de-rio-hondo\\\/\"]}]},{\"@type\":\"ImageObject\",\"inLanguage\":\"es-AR\",\"@id\":\"https:\\\/\\\/radioinfinitagoya.com.ar\\\/v1\\\/2026\\\/09\\\/05\\\/krujoski-quiere-ser-protagonista-en-termas-de-rio-hondo\\\/#primaryimage\",\"url\":\"https:\\\/\\\/radioinfinitagoya.com.ar\\\/v1\\\/wp-content\\\/uploads\\\/2026\\\/09\\\/HLcoLL_WEAAaGhi.jpg\",\"contentUrl\":\"https:\\\/\\\/radioinfinitagoya.com.ar\\\/v1\\\/wp-content\\\/uploads\\\/2026\\\/09\\\/HLcoLL_WEAAaGhi.jpg\",\"width\":680,\"height\":453},{\"@type\":\"BreadcrumbList\",\"@id\":\"https:\\\/\\\/radioinfinitagoya.com.ar\\\/v1\\\/2026\\\/09\\\/05\\\/krujoski-quiere-ser-protagonista-en-termas-de-rio-hondo\\\/#breadcrumb\",\"itemListElement\":[{\"@type\":\"ListItem\",\"position\":1,\"name\":\"Inicio\",\"item\":\"https:\\\/\\\/radioinfinitagoya.com.ar\\\/v1\\\/\"},{\"@type\":\"ListItem\",\"position\":2,\"name\":\"Krujoski quiere ser protagonista en Termas de R\u00edo Hondo\"}]},{\"@type\":\"WebSite\",\"@id\":\"https:\\\/\\\/radioinfinitagoya.com.ar\\\/v1\\\/#website\",\"url\":\"https:\\\/\\\/radioinfinitagoya.com.ar\\\/v1\\\/\",\"name\":\"radioinfinitagoya.com.ar\",\"description\":\"Radio de noticias\",\"publisher\":{\"@id\":\"https:\\\/\\\/radioinfinitagoya.com.ar\\\/v1\\\/#organization\"},\"potentialAction\":[{\"@type\":\"SearchAction\",\"target\":{\"@type\":\"EntryPoint\",\"urlTemplate\":\"https:\\\/\\\/radioinfinitagoya.com.ar\\\/v1\\\/?s={search_term_string}\"},\"query-input\":{\"@type\":\"PropertyValueSpecification\",\"valueRequired\":true,\"valueName\":\"search_term_string\"}}],\"inLanguage\":\"es-AR\"},{\"@type\":\"Organization\",\"@id\":\"https:\\\/\\\/radioinfinitagoya.com.ar\\\/v1\\\/#organization\",\"name\":\"Radio Infinita Goya\",\"url\":\"https:\\\/\\\/radioinfinitagoya.com.ar\\\/v1\\\/\",\"logo\":{\"@type\":\"ImageObject\",\"inLanguage\":\"es-AR\",\"@id\":\"https:\\\/\\\/radioinfinitagoya.com.ar\\\/v1\\\/#\\\/schema\\\/logo\\\/image\\\/\",\"url\":\"https:\\\/\\\/radioinfinitagoya.com.ar\\\/v1\\\/wp-content\\\/uploads\\\/2019\\\/11\\\/logo-pie-web.png\",\"contentUrl\":\"https:\\\/\\\/radioinfinitagoya.com.ar\\\/v1\\\/wp-content\\\/uploads\\\/2019\\\/11\\\/logo-pie-web.png\",\"width\":635,\"height\":326,\"caption\":\"Radio Infinita Goya\"},\"image\":{\"@id\":\"https:\\\/\\\/radioinfinitagoya.com.ar\\\/v1\\\/#\\\/schema\\\/logo\\\/image\\\/\"},\"sameAs\":[\"https:\\\/\\\/www.facebook.com\\\/p\\\/Infinita-Goya-100063870918311\\\/\"]},{\"@type\":\"Person\",\"@id\":\"https:\\\/\\\/radioinfinitagoya.com.ar\\\/v1\\\/#\\\/schema\\\/person\\\/d4cf9c413d4f6edb24aabdccab49ca4a\",\"name\":\"Jorge Mi\u00f1o\",\"image\":{\"@type\":\"ImageObject\",\"inLanguage\":\"es-AR\",\"@id\":\"https:\\\/\\\/secure.gravatar.com\\\/avatar\\\/910fcf6728fe95320e07a6643c1581fec1c7fc4bf8ae12e3d8f0d0373dc844be?s=96&d=mm&r=g\",\"url\":\"https:\\\/\\\/secure.gravatar.com\\\/avatar\\\/910fcf6728fe95320e07a6643c1581fec1c7fc4bf8ae12e3d8f0d0373dc844be?s=96&d=mm&r=g\",\"contentUrl\":\"https:\\\/\\\/secure.gravatar.com\\\/avatar\\\/910fcf6728fe95320e07a6643c1581fec1c7fc4bf8ae12e3d8f0d0373dc844be?s=96&d=mm&r=g\",\"caption\":\"Jorge Mi\u00f1o\"},\"sameAs\":[\"http:\\\/\\\/radioinfinitagoya.com.ar\"]}]}<\/script>\n<!-- \/ Yoast SEO plugin. -->","yoast_head_json":{"title":"Krujoski quiere ser protagonista en Termas de R\u00edo Hondo - Radio Infinita Goya","description":"El correntino qued\u00f3 segundo en los entrenamientos. Este s\u00e1bado ser\u00e1 la primera final del fin de semana El Turismo Carretera 2000 lleg\u00f3 a Termas de R\u00edo","robots":{"index":"index","follow":"follow","max-snippet":"max-snippet:-1","max-image-preview":"max-image-preview:large","max-video-preview":"max-video-preview:-1"},"canonical":"https:\/\/radioinfinitagoya.com.ar\/v1\/2026\/09\/05\/krujoski-quiere-ser-protagonista-en-termas-de-rio-hondo\/","og_locale":"es_ES","og_type":"article","og_title":"Krujoski quiere ser protagonista en Termas de R\u00edo Hondo - Radio Infinita Goya","og_description":"El correntino qued\u00f3 segundo en los entrenamientos. Este s\u00e1bado ser\u00e1 la primera final del fin de semana El Turismo Carretera 2000 lleg\u00f3 a Termas de R\u00edo","og_url":"https:\/\/radioinfinitagoya.com.ar\/v1\/2026\/09\/05\/krujoski-quiere-ser-protagonista-en-termas-de-rio-hondo\/","og_site_name":"Radio Infinita Goya","article_publisher":"https:\/\/www.facebook.com\/p\/Infinita-Goya-100063870918311\/","article_published_time":"2026-09-05T20:05:25+00:00","og_image":[{"width":680,"height":453,"url":"https:\/\/radioinfinitagoya.com.ar\/v1\/wp-content\/uploads\/2026\/09\/HLcoLL_WEAAaGhi.jpg","type":"image\/jpeg"}],"author":"Jorge Mi\u00f1o","twitter_card":"summary_large_image","twitter_misc":{"Escrito por":"Jorge Mi\u00f1o","Tiempo de lectura":"2 minutos"},"schema":{"@context":"https:\/\/schema.org","@graph":[{"@type":"Article","@id":"https:\/\/radioinfinitagoya.com.ar\/v1\/2026\/09\/05\/krujoski-quiere-ser-protagonista-en-termas-de-rio-hondo\/#article","isPartOf":{"@id":"https:\/\/radioinfinitagoya.com.ar\/v1\/2026\/09\/05\/krujoski-quiere-ser-protagonista-en-termas-de-rio-hondo\/"},"author":{"name":"Jorge Mi\u00f1o","@id":"https:\/\/radioinfinitagoya.com.ar\/v1\/#\/schema\/person\/d4cf9c413d4f6edb24aabdccab49ca4a"},"headline":"Krujoski quiere ser protagonista en Termas de R\u00edo Hondo","datePublished":"2026-09-05T20:05:25+00:00","mainEntityOfPage":{"@id":"https:\/\/radioinfinitagoya.com.ar\/v1\/2026\/09\/05\/krujoski-quiere-ser-protagonista-en-termas-de-rio-hondo\/"},"wordCount":242,"commentCount":0,"publisher":{"@id":"https:\/\/radioinfinitagoya.com.ar\/v1\/#organization"},"image":{"@id":"https:\/\/radioinfinitagoya.com.ar\/v1\/2026\/09\/05\/krujoski-quiere-ser-protagonista-en-termas-de-rio-hondo\/#primaryimage"},"thumbnailUrl":"https:\/\/radioinfinitagoya.com.ar\/v1\/wp-content\/uploads\/2026\/09\/HLcoLL_WEAAaGhi.jpg","articleSection":["DEPORTES"],"inLanguage":"es-AR","potentialAction":[{"@type":"CommentAction","name":"Comment","target":["https:\/\/radioinfinitagoya.com.ar\/v1\/2026\/09\/05\/krujoski-quiere-ser-protagonista-en-termas-de-rio-hondo\/#respond"]}]},{"@type":"WebPage","@id":"https:\/\/radioinfinitagoya.com.ar\/v1\/2026\/09\/05\/krujoski-quiere-ser-protagonista-en-termas-de-rio-hondo\/","url":"https:\/\/radioinfinitagoya.com.ar\/v1\/2026\/09\/05\/krujoski-quiere-ser-protagonista-en-termas-de-rio-hondo\/","name":"Krujoski quiere ser protagonista en Termas de R\u00edo Hondo - Radio Infinita Goya","isPartOf":{"@id":"https:\/\/radioinfinitagoya.com.ar\/v1\/#website"},"primaryImageOfPage":{"@id":"https:\/\/radioinfinitagoya.com.ar\/v1\/2026\/09\/05\/krujoski-quiere-ser-protagonista-en-termas-de-rio-hondo\/#primaryimage"},"image":{"@id":"https:\/\/radioinfinitagoya.com.ar\/v1\/2026\/09\/05\/krujoski-quiere-ser-protagonista-en-termas-de-rio-hondo\/#primaryimage"},"thumbnailUrl":"https:\/\/radioinfinitagoya.com.ar\/v1\/wp-content\/uploads\/2026\/09\/HLcoLL_WEAAaGhi.jpg","datePublished":"2026-09-05T20:05:25+00:00","description":"El correntino qued\u00f3 segundo en los entrenamientos. Este s\u00e1bado ser\u00e1 la primera final del fin de semana El Turismo Carretera 2000 lleg\u00f3 a Termas de R\u00edo","breadcrumb":{"@id":"https:\/\/radioinfinitagoya.com.ar\/v1\/2026\/09\/05\/krujoski-quiere-ser-protagonista-en-termas-de-rio-hondo\/#breadcrumb"},"inLanguage":"es-AR","potentialAction":[{"@type":"ReadAction","target":["https:\/\/radioinfinitagoya.com.ar\/v1\/2026\/09\/05\/krujoski-quiere-ser-protagonista-en-termas-de-rio-hondo\/"]}]},{"@type":"ImageObject","inLanguage":"es-AR","@id":"https:\/\/radioinfinitagoya.com.ar\/v1\/2026\/09\/05\/krujoski-quiere-ser-protagonista-en-termas-de-rio-hondo\/#primaryimage","url":"https:\/\/radioinfinitagoya.com.ar\/v1\/wp-content\/uploads\/2026\/09\/HLcoLL_WEAAaGhi.jpg","contentUrl":"https:\/\/radioinfinitagoya.com.ar\/v1\/wp-content\/uploads\/2026\/09\/HLcoLL_WEAAaGhi.jpg","width":680,"height":453},{"@type":"BreadcrumbList","@id":"https:\/\/radioinfinitagoya.com.ar\/v1\/2026\/09\/05\/krujoski-quiere-ser-protagonista-en-termas-de-rio-hondo\/#breadcrumb","itemListElement":[{"@type":"ListItem","position":1,"name":"Inicio","item":"https:\/\/radioinfinitagoya.com.ar\/v1\/"},{"@type":"ListItem","position":2,"name":"Krujoski quiere ser protagonista en Termas de R\u00edo Hondo"}]},{"@type":"WebSite","@id":"https:\/\/radioinfinitagoya.com.ar\/v1\/#website","url":"https:\/\/radioinfinitagoya.com.ar\/v1\/","name":"radioinfinitagoya.com.ar","description":"Radio de noticias","publisher":{"@id":"https:\/\/radioinfinitagoya.com.ar\/v1\/#organization"},"potentialAction":[{"@type":"SearchAction","target":{"@type":"EntryPoint","urlTemplate":"https:\/\/radioinfinitagoya.com.ar\/v1\/?s={search_term_string}"},"query-input":{"@type":"PropertyValueSpecification","valueRequired":true,"valueName":"search_term_string"}}],"inLanguage":"es-AR"},{"@type":"Organization","@id":"https:\/\/radioinfinitagoya.com.ar\/v1\/#organization","name":"Radio Infinita Goya","url":"https:\/\/radioinfinitagoya.com.ar\/v1\/","logo":{"@type":"ImageObject","inLanguage":"es-AR","@id":"https:\/\/radioinfinitagoya.com.ar\/v1\/#\/schema\/logo\/image\/","url":"https:\/\/radioinfinitagoya.com.ar\/v1\/wp-content\/uploads\/2019\/11\/logo-pie-web.png","contentUrl":"https:\/\/radioinfinitagoya.com.ar\/v1\/wp-content\/uploads\/2019\/11\/logo-pie-web.png","width":635,"height":326,"caption":"Radio Infinita Goya"},"image":{"@id":"https:\/\/radioinfinitagoya.com.ar\/v1\/#\/schema\/logo\/image\/"},"sameAs":["https:\/\/www.facebook.com\/p\/Infinita-Goya-100063870918311\/"]},{"@type":"Person","@id":"https:\/\/radioinfinitagoya.com.ar\/v1\/#\/schema\/person\/d4cf9c413d4f6edb24aabdccab49ca4a","name":"Jorge Mi\u00f1o","image":{"@type":"ImageObject","inLanguage":"es-AR","@id":"https:\/\/secure.gravatar.com\/avatar\/910fcf6728fe95320e07a6643c1581fec1c7fc4bf8ae12e3d8f0d0373dc844be?s=96&d=mm&r=g","url":"https:\/\/secure.gravatar.com\/avatar\/910fcf6728fe95320e07a6643c1581fec1c7fc4bf8ae12e3d8f0d0373dc844be?s=96&d=mm&r=g","contentUrl":"https:\/\/secure.gravatar.com\/avatar\/910fcf6728fe95320e07a6643c1581fec1c7fc4bf8ae12e3d8f0d0373dc844be?s=96&d=mm&r=g","caption":"Jorge Mi\u00f1o"},"sameAs":["http:\/\/radioinfinitagoya.com.ar"]}]}},"_links":{"self":[{"href":"https:\/\/radioinfinitagoya.com.ar\/v1\/wp-json\/wp\/v2\/posts\/226788","targetHints":{"allow":["GET"]}}],"collection":[{"href":"https:\/\/radioinfinitagoya.com.ar\/v1\/wp-json\/wp\/v2\/posts"}],"about":[{"href":"https:\/\/radioinfinitagoya.com.ar\/v1\/wp-json\/wp\/v2\/types\/post"}],"author":[{"embeddable":true,"href":"https:\/\/radioinfinitagoya.com.ar\/v1\/wp-json\/wp\/v2\/users\/4"}],"replies":[{"embeddable":true,"href":"https:\/\/radioinfinitagoya.com.ar\/v1\/wp-json\/wp\/v2\/comments?post=226788"}],"version-history":[{"count":1,"href":"https:\/\/radioinfinitagoya.com.ar\/v1\/wp-json\/wp\/v2\/posts\/226788\/revisions"}],"predecessor-version":[{"id":226790,"href":"https:\/\/radioinfinitagoya.com.ar\/v1\/wp-json\/wp\/v2\/posts\/226788\/revisions\/226790"}],"wp:featuredmedia":[{"embeddable":true,"href":"https:\/\/radioinfinitagoya.com.ar\/v1\/wp-json\/wp\/v2\/media\/226789"}],"wp:attachment":[{"href":"https:\/\/radioinfinitagoya.com.ar\/v1\/wp-json\/wp\/v2\/media?parent=226788"}],"wp:term":[{"taxonomy":"category","embeddable":true,"href":"https:\/\/radioinfinitagoya.com.ar\/v1\/wp-json\/wp\/v2\/categories?post=226788"},{"taxonomy":"post_tag","embeddable":true,"href":"https:\/\/radioinfinitagoya.com.ar\/v1\/wp-json\/wp\/v2\/tags?post=226788"}],"curies":[{"name":"wp","href":"https:\/\/api.w.org\/{rel}","templated":true}]}}