{"id":226799,"date":"2026-09-05T17:23:55","date_gmt":"2026-09-05T20:23:55","guid":{"rendered":"https:\/\/radioinfinitagoya.com.ar\/v1\/?p=226799"},"modified":"2026-09-05T17:23:55","modified_gmt":"2026-09-05T20:23:55","slug":"miss-mundo-el-vestido-con-imagenes-de-lionel-messi-que-lucio-la-candidata-argentina","status":"publish","type":"post","link":"https:\/\/radioinfinitagoya.com.ar\/v1\/2026\/09\/05\/miss-mundo-el-vestido-con-imagenes-de-lionel-messi-que-lucio-la-candidata-argentina\/","title":{"rendered":"Miss Mundo: el vestido con im\u00e1genes de Lionel Messi que luci\u00f3 la candidata argentina"},"content":{"rendered":"<p>Y atrajo las miradas durante el desfile final<\/p>\n<p>La prenda fue dise\u00f1ada especialmente para Alina Luz Akselrad durante la presentaci\u00f3n regional de las Am\u00e9ricas y el Caribe en la gala realizada en Vietnam<\/p>\n<p>Un vestido con im\u00e1genes del rostro de Lionel Messi atrajo la atenci\u00f3n en la final de Miss Mundo 2026, cuando Alina Luz Akselrad, la representante de Argentina, apareci\u00f3 en escena durante la presentaci\u00f3n regional de Am\u00e9rica y el Caribe. La gala se celebr\u00f3 este s\u00e1bado 5 de septiembre en Nha Trang, una ciudad costera del sur de Vietnam.<\/p>\n<p>El dise\u00f1o fue obra del modisto argentino Aurelio Mart\u00ednez, quien comparti\u00f3 horas antes del certamen una publicaci\u00f3n en Instagram dedicada a la candidata. \u201cQu\u00e9 emoci\u00f3n ver cobrar vida este vestido que hice con tanto amor para vos. Gracias @alinaakselrad por confiar en mi trabajo y permitirme ser parte de este momento tan especial. \u00a1Felicitaciones y toda el \u00e9xito del mundo, reina! Que hoy brilles m\u00e1s que nunca\u201d, escribi\u00f3 Mart\u00ednez junto a la imagen de la prenda.<\/p>\n<p><img loading=\"lazy\" decoding=\"async\" class=\"alignnone size-medium wp-image-226801\" src=\"https:\/\/radioinfinitagoya.com.ar\/v1\/wp-content\/uploads\/2026\/09\/OTZDZEOXAFEVJBPCZC2VMJP5MI-395x600.jpg\" alt=\"\" width=\"395\" height=\"600\" srcset=\"https:\/\/radioinfinitagoya.com.ar\/v1\/wp-content\/uploads\/2026\/09\/OTZDZEOXAFEVJBPCZC2VMJP5MI-395x600.jpg 395w, https:\/\/radioinfinitagoya.com.ar\/v1\/wp-content\/uploads\/2026\/09\/OTZDZEOXAFEVJBPCZC2VMJP5MI-99x150.jpg 99w, https:\/\/radioinfinitagoya.com.ar\/v1\/wp-content\/uploads\/2026\/09\/OTZDZEOXAFEVJBPCZC2VMJP5MI-768x1166.jpg 768w, https:\/\/radioinfinitagoya.com.ar\/v1\/wp-content\/uploads\/2026\/09\/OTZDZEOXAFEVJBPCZC2VMJP5MI-277x420.jpg 277w, https:\/\/radioinfinitagoya.com.ar\/v1\/wp-content\/uploads\/2026\/09\/OTZDZEOXAFEVJBPCZC2VMJP5MI-696x1057.jpg 696w, https:\/\/radioinfinitagoya.com.ar\/v1\/wp-content\/uploads\/2026\/09\/OTZDZEOXAFEVJBPCZC2VMJP5MI.avif 992w\" sizes=\"auto, (max-width: 395px) 100vw, 395px\" \/><\/p>\n<p>Akselrad lleg\u00f3 a Vietnam con un proyecto social para resignificar juguetes<br \/>\nLa cordobesa Akselrad es comunicadora, actriz, escritora y entrenadora de oratoria. Adem\u00e1s del vestido que la puso en el foco de la jornada, la candidata argentina particip\u00f3 en la categor\u00eda Belleza con Prop\u00f3sito \u2014uno de los ejes centrales de la competencia\u2014 con un proyecto que propone convertir armas de juguete en mobiliario para el Hospital de Ni\u00f1os de C\u00f3rdoba. La iniciativa apunta a resignificar objetos asociados a la violencia y transformarlos en elementos de utilidad para espacios de salud infantil.<\/p>\n<p><img loading=\"lazy\" decoding=\"async\" class=\"alignnone size-medium wp-image-226802\" src=\"https:\/\/radioinfinitagoya.com.ar\/v1\/wp-content\/uploads\/2026\/09\/KESSL3RBCVHMRFMXEYUJ5WD3IE-395x600.jpg\" alt=\"\" width=\"395\" height=\"600\" srcset=\"https:\/\/radioinfinitagoya.com.ar\/v1\/wp-content\/uploads\/2026\/09\/KESSL3RBCVHMRFMXEYUJ5WD3IE-395x600.jpg 395w, https:\/\/radioinfinitagoya.com.ar\/v1\/wp-content\/uploads\/2026\/09\/KESSL3RBCVHMRFMXEYUJ5WD3IE-99x150.jpg 99w, https:\/\/radioinfinitagoya.com.ar\/v1\/wp-content\/uploads\/2026\/09\/KESSL3RBCVHMRFMXEYUJ5WD3IE-768x1167.jpg 768w, https:\/\/radioinfinitagoya.com.ar\/v1\/wp-content\/uploads\/2026\/09\/KESSL3RBCVHMRFMXEYUJ5WD3IE-276x420.jpg 276w, https:\/\/radioinfinitagoya.com.ar\/v1\/wp-content\/uploads\/2026\/09\/KESSL3RBCVHMRFMXEYUJ5WD3IE-696x1057.jpg 696w, https:\/\/radioinfinitagoya.com.ar\/v1\/wp-content\/uploads\/2026\/09\/KESSL3RBCVHMRFMXEYUJ5WD3IE.avif 992w\" sizes=\"auto, (max-width: 395px) 100vw, 395px\" \/><\/p>\n<p>Rep\u00fablica Dominicana gan\u00f3 Miss Mundo por segunda vez en su historia<br \/>\nLa final de la edici\u00f3n n\u00famero 72 del certamen tuvo a Joheirry Mola, representante de Rep\u00fablica Dominicana, como ganadora. La cuenta oficial de Miss Mundo lo confirm\u00f3 con un mensaje en sus redes: \u201cLa nueva Miss Mundo es Rep\u00fablica Dominicana, @joheirry_mola! \u00a1Felicidades, \ud83c\udde9\ud83c\uddf4!\u201d.<\/p>\n<p>La victoria de Mola represent\u00f3 la segunda corona hist\u00f3rica para su pa\u00eds. La primera hab\u00eda sido en 1982, cuando Mariasela \u00c1lvarez se consagr\u00f3 ganadora, lo que convierte al triunfo de esta edici\u00f3n en el fin de una sequ\u00eda de 44 a\u00f1os. La dominicana, oriunda del Distrito Nacional, es profesional en Administraci\u00f3n de Empresas, modelo, maestra y comunicadora. Durante el certamen avanz\u00f3 desde el Top 40 hasta el Top 6, y en la instancia decisiva su respuesta sobre liderazgo emp\u00e1tico y el papel de las mujeres en plataformas internacionales result\u00f3 clave para el jurado.<\/p>\n<p>Elisabeth Reyn\u00e9s, de Espa\u00f1a, fue la primera dama de honor, mientras que Malasia complet\u00f3 el podio en el tercer puesto.<\/p>\n<p><img loading=\"lazy\" decoding=\"async\" class=\"alignnone size-medium wp-image-226803\" src=\"https:\/\/radioinfinitagoya.com.ar\/v1\/wp-content\/uploads\/2026\/09\/IAZ6MO4M7REBDPIBITBD673UG4-448x600.jpg\" alt=\"\" width=\"448\" height=\"600\" srcset=\"https:\/\/radioinfinitagoya.com.ar\/v1\/wp-content\/uploads\/2026\/09\/IAZ6MO4M7REBDPIBITBD673UG4-448x600.jpg 448w, https:\/\/radioinfinitagoya.com.ar\/v1\/wp-content\/uploads\/2026\/09\/IAZ6MO4M7REBDPIBITBD673UG4-112x150.jpg 112w, https:\/\/radioinfinitagoya.com.ar\/v1\/wp-content\/uploads\/2026\/09\/IAZ6MO4M7REBDPIBITBD673UG4-768x1030.jpg 768w, https:\/\/radioinfinitagoya.com.ar\/v1\/wp-content\/uploads\/2026\/09\/IAZ6MO4M7REBDPIBITBD673UG4-313x420.jpg 313w, https:\/\/radioinfinitagoya.com.ar\/v1\/wp-content\/uploads\/2026\/09\/IAZ6MO4M7REBDPIBITBD673UG4-696x933.jpg 696w, https:\/\/radioinfinitagoya.com.ar\/v1\/wp-content\/uploads\/2026\/09\/IAZ6MO4M7REBDPIBITBD673UG4.avif 992w\" sizes=\"auto, (max-width: 448px) 100vw, 448px\" \/><\/p>\n<p>El sistema de eliminaci\u00f3n por etapas con intervenci\u00f3n del voto popular<br \/>\nMiss Mundo distribuye sus plazas a trav\u00e9s de cortes sucesivos: el Top 40 agrupa a diez candidatas por cada una de las cuatro regiones \u2014\u00c1frica, Am\u00e9ricas y Caribe, Asia y Ocean\u00eda, y Europa\u2014. Los cupos se obtienen mediante pruebas previas como Belleza con Prop\u00f3sito, Multimedia, Head-to-Head, Top Model, Talento, Deportes y voto popular, con el jurado completando los lugares restantes. El proceso contin\u00faa con el Top 20, el Top 12 y el Top 6, donde el voto popular mantiene incidencia en tres cortes distintos. La elecci\u00f3n de la ganadora final, en cambio, queda exclusivamente en manos del jurado.<\/p>\n<p><img loading=\"lazy\" decoding=\"async\" class=\"alignnone size-medium wp-image-226804\" src=\"https:\/\/radioinfinitagoya.com.ar\/v1\/wp-content\/uploads\/2026\/09\/DTJF6JLDRBCNHFXRFP3LFB7JY4-598x600.jpg\" alt=\"\" width=\"598\" height=\"600\" srcset=\"https:\/\/radioinfinitagoya.com.ar\/v1\/wp-content\/uploads\/2026\/09\/DTJF6JLDRBCNHFXRFP3LFB7JY4-598x600.jpg 598w, https:\/\/radioinfinitagoya.com.ar\/v1\/wp-content\/uploads\/2026\/09\/DTJF6JLDRBCNHFXRFP3LFB7JY4-150x150.jpg 150w, https:\/\/radioinfinitagoya.com.ar\/v1\/wp-content\/uploads\/2026\/09\/DTJF6JLDRBCNHFXRFP3LFB7JY4-768x770.jpg 768w, https:\/\/radioinfinitagoya.com.ar\/v1\/wp-content\/uploads\/2026\/09\/DTJF6JLDRBCNHFXRFP3LFB7JY4-419x420.jpg 419w, https:\/\/radioinfinitagoya.com.ar\/v1\/wp-content\/uploads\/2026\/09\/DTJF6JLDRBCNHFXRFP3LFB7JY4-696x698.jpg 696w, https:\/\/radioinfinitagoya.com.ar\/v1\/wp-content\/uploads\/2026\/09\/DTJF6JLDRBCNHFXRFP3LFB7JY4.avif 992w\" sizes=\"auto, (max-width: 598px) 100vw, 598px\" \/><\/p>\n<p>Antes de la gala, Mola hab\u00eda ganado la distinci\u00f3n del reto de Multimedia para la regi\u00f3n de Am\u00e9rica y el Caribe, lo que le asegur\u00f3 un pase directo al Top 40.<\/p>\n<p>Argentina y sus ganadoras de Miss Mundo<\/p>\n<p><img loading=\"lazy\" decoding=\"async\" class=\"alignnone size-medium wp-image-226805\" src=\"https:\/\/radioinfinitagoya.com.ar\/v1\/wp-content\/uploads\/2026\/09\/GYTVA4YEXFEWZETOU3G3QL5NGA-600x565.jpg\" alt=\"\" width=\"600\" height=\"565\" srcset=\"https:\/\/radioinfinitagoya.com.ar\/v1\/wp-content\/uploads\/2026\/09\/GYTVA4YEXFEWZETOU3G3QL5NGA-600x565.jpg 600w, https:\/\/radioinfinitagoya.com.ar\/v1\/wp-content\/uploads\/2026\/09\/GYTVA4YEXFEWZETOU3G3QL5NGA-150x141.jpg 150w, https:\/\/radioinfinitagoya.com.ar\/v1\/wp-content\/uploads\/2026\/09\/GYTVA4YEXFEWZETOU3G3QL5NGA-768x723.jpg 768w, https:\/\/radioinfinitagoya.com.ar\/v1\/wp-content\/uploads\/2026\/09\/GYTVA4YEXFEWZETOU3G3QL5NGA-446x420.jpg 446w, https:\/\/radioinfinitagoya.com.ar\/v1\/wp-content\/uploads\/2026\/09\/GYTVA4YEXFEWZETOU3G3QL5NGA-696x655.jpg 696w, https:\/\/radioinfinitagoya.com.ar\/v1\/wp-content\/uploads\/2026\/09\/GYTVA4YEXFEWZETOU3G3QL5NGA.avif 992w\" sizes=\"auto, (max-width: 600px) 100vw, 600px\" \/><\/p>\n<p>El certamen fue creado en 1951 en el Reino Unido por el empresario Eric Morley. Tras su muerte en el a\u00f1o 2000, su esposa, Julia Morley, asumi\u00f3 la presidencia de la organizaci\u00f3n, que mantiene su sede principal en Londres. A diferencia de Miss Universo \u2014fundado en 1952 en California\u2014, Miss Mundo no tiene origen estadounidense, aunque es habitual que se los confunda.<\/p>\n<p><img loading=\"lazy\" decoding=\"async\" class=\"alignnone size-medium wp-image-226806\" src=\"https:\/\/radioinfinitagoya.com.ar\/v1\/wp-content\/uploads\/2026\/09\/ZVZ67INVLRDWBPLTPP22VYKM3M-600x449.jpg\" alt=\"\" width=\"600\" height=\"449\" srcset=\"https:\/\/radioinfinitagoya.com.ar\/v1\/wp-content\/uploads\/2026\/09\/ZVZ67INVLRDWBPLTPP22VYKM3M-600x449.jpg 600w, https:\/\/radioinfinitagoya.com.ar\/v1\/wp-content\/uploads\/2026\/09\/ZVZ67INVLRDWBPLTPP22VYKM3M-150x112.jpg 150w, https:\/\/radioinfinitagoya.com.ar\/v1\/wp-content\/uploads\/2026\/09\/ZVZ67INVLRDWBPLTPP22VYKM3M-768x575.jpg 768w, https:\/\/radioinfinitagoya.com.ar\/v1\/wp-content\/uploads\/2026\/09\/ZVZ67INVLRDWBPLTPP22VYKM3M-561x420.jpg 561w, https:\/\/radioinfinitagoya.com.ar\/v1\/wp-content\/uploads\/2026\/09\/ZVZ67INVLRDWBPLTPP22VYKM3M-80x60.jpg 80w, https:\/\/radioinfinitagoya.com.ar\/v1\/wp-content\/uploads\/2026\/09\/ZVZ67INVLRDWBPLTPP22VYKM3M-696x521.jpg 696w, https:\/\/radioinfinitagoya.com.ar\/v1\/wp-content\/uploads\/2026\/09\/ZVZ67INVLRDWBPLTPP22VYKM3M-265x198.jpg 265w, https:\/\/radioinfinitagoya.com.ar\/v1\/wp-content\/uploads\/2026\/09\/ZVZ67INVLRDWBPLTPP22VYKM3M.avif 992w\" sizes=\"auto, (max-width: 600px) 100vw, 600px\" \/><\/p>\n<p>Argentina conquist\u00f3 la corona de Miss Mundo en dos ocasiones a lo largo de la historia del certamen. La primera fue Norma Cappagli en 1960, quien se convirti\u00f3 en la primera argentina y la primera hispanoamericana en ganar el t\u00edtulo; la final se celebr\u00f3 en el Lyceum Theatre de Londres. La segunda fue Silvana Su\u00e1rez en 1978, tambi\u00e9n coronada en el Royal Albert Hall de la capital brit\u00e1nica. Desde entonces, la delegaci\u00f3n argentina no volvi\u00f3 a obtener el t\u00edtulo principal.<\/p>\n","protected":false},"excerpt":{"rendered":"<p>Y atrajo las miradas durante el desfile final La prenda fue dise\u00f1ada especialmente para Alina Luz Akselrad durante la presentaci\u00f3n regional de las Am\u00e9ricas y el Caribe en la gala realizada en Vietnam Un vestido con im\u00e1genes del rostro de Lionel Messi atrajo la atenci\u00f3n en la final de Miss Mundo 2026, cuando Alina Luz [&hellip;]<\/p>\n","protected":false},"author":4,"featured_media":226800,"comment_status":"open","ping_status":"open","sticky":false,"template":"","format":"standard","meta":{"_joinchat":[],"footnotes":""},"categories":[31],"tags":[],"class_list":["post-226799","post","type-post","status-publish","format-standard","has-post-thumbnail","category-informacion-general"],"yoast_head":"<!-- This site is optimized with the Yoast SEO plugin v27.7 - https:\/\/yoast.com\/product\/yoast-seo-wordpress\/ -->\n<title>Miss Mundo: el vestido con im\u00e1genes de Lionel Messi que luci\u00f3 la candidata argentina - Radio Infinita Goya<\/title>\n<meta name=\"description\" content=\"Y atrajo las miradas durante el desfile final La prenda fue dise\u00f1ada especialmente para Alina Luz Akselrad durante la presentaci\u00f3n regional de las\" \/>\n<meta name=\"robots\" content=\"index, follow, max-snippet:-1, max-image-preview:large, max-video-preview:-1\" \/>\n<link rel=\"canonical\" href=\"https:\/\/radioinfinitagoya.com.ar\/v1\/2026\/09\/05\/miss-mundo-el-vestido-con-imagenes-de-lionel-messi-que-lucio-la-candidata-argentina\/\" \/>\n<meta property=\"og:locale\" content=\"es_ES\" \/>\n<meta property=\"og:type\" content=\"article\" \/>\n<meta property=\"og:title\" content=\"Miss Mundo: el vestido con im\u00e1genes de Lionel Messi que luci\u00f3 la candidata argentina - Radio Infinita Goya\" \/>\n<meta property=\"og:description\" content=\"Y atrajo las miradas durante el desfile final La prenda fue dise\u00f1ada especialmente para Alina Luz Akselrad durante la presentaci\u00f3n regional de las\" \/>\n<meta property=\"og:url\" content=\"https:\/\/radioinfinitagoya.com.ar\/v1\/2026\/09\/05\/miss-mundo-el-vestido-con-imagenes-de-lionel-messi-que-lucio-la-candidata-argentina\/\" \/>\n<meta property=\"og:site_name\" content=\"Radio Infinita Goya\" \/>\n<meta property=\"article:publisher\" content=\"https:\/\/www.facebook.com\/p\/Infinita-Goya-100063870918311\/\" \/>\n<meta property=\"article:published_time\" content=\"2026-09-05T20:23:55+00:00\" \/>\n<meta property=\"og:image\" content=\"https:\/\/radioinfinitagoya.com.ar\/v1\/wp-content\/uploads\/2026\/09\/HRdcnHPaQAAJAcA.jpg\" \/>\n\t<meta property=\"og:image:width\" content=\"680\" \/>\n\t<meta property=\"og:image:height\" content=\"453\" \/>\n\t<meta property=\"og:image:type\" content=\"image\/jpeg\" \/>\n<meta name=\"author\" content=\"Jorge Mi\u00f1o\" \/>\n<meta name=\"twitter:card\" content=\"summary_large_image\" \/>\n<meta name=\"twitter:label1\" content=\"Escrito por\" \/>\n\t<meta name=\"twitter:data1\" content=\"Jorge Mi\u00f1o\" \/>\n\t<meta name=\"twitter:label2\" content=\"Tiempo de lectura\" \/>\n\t<meta name=\"twitter:data2\" content=\"5 minutos\" \/>\n<script type=\"application\/ld+json\" class=\"yoast-schema-graph\">{\"@context\":\"https:\\\/\\\/schema.org\",\"@graph\":[{\"@type\":\"Article\",\"@id\":\"https:\\\/\\\/radioinfinitagoya.com.ar\\\/v1\\\/2026\\\/09\\\/05\\\/miss-mundo-el-vestido-con-imagenes-de-lionel-messi-que-lucio-la-candidata-argentina\\\/#article\",\"isPartOf\":{\"@id\":\"https:\\\/\\\/radioinfinitagoya.com.ar\\\/v1\\\/2026\\\/09\\\/05\\\/miss-mundo-el-vestido-con-imagenes-de-lionel-messi-que-lucio-la-candidata-argentina\\\/\"},\"author\":{\"name\":\"Jorge Mi\u00f1o\",\"@id\":\"https:\\\/\\\/radioinfinitagoya.com.ar\\\/v1\\\/#\\\/schema\\\/person\\\/d4cf9c413d4f6edb24aabdccab49ca4a\"},\"headline\":\"Miss Mundo: el vestido con im\u00e1genes de Lionel Messi que luci\u00f3 la candidata argentina\",\"datePublished\":\"2026-09-05T20:23:55+00:00\",\"mainEntityOfPage\":{\"@id\":\"https:\\\/\\\/radioinfinitagoya.com.ar\\\/v1\\\/2026\\\/09\\\/05\\\/miss-mundo-el-vestido-con-imagenes-de-lionel-messi-que-lucio-la-candidata-argentina\\\/\"},\"wordCount\":766,\"commentCount\":0,\"publisher\":{\"@id\":\"https:\\\/\\\/radioinfinitagoya.com.ar\\\/v1\\\/#organization\"},\"image\":{\"@id\":\"https:\\\/\\\/radioinfinitagoya.com.ar\\\/v1\\\/2026\\\/09\\\/05\\\/miss-mundo-el-vestido-con-imagenes-de-lionel-messi-que-lucio-la-candidata-argentina\\\/#primaryimage\"},\"thumbnailUrl\":\"https:\\\/\\\/radioinfinitagoya.com.ar\\\/v1\\\/wp-content\\\/uploads\\\/2026\\\/09\\\/HRdcnHPaQAAJAcA.jpg\",\"articleSection\":[\"INFORMACI\u00d3N GENERAL\"],\"inLanguage\":\"es-AR\",\"potentialAction\":[{\"@type\":\"CommentAction\",\"name\":\"Comment\",\"target\":[\"https:\\\/\\\/radioinfinitagoya.com.ar\\\/v1\\\/2026\\\/09\\\/05\\\/miss-mundo-el-vestido-con-imagenes-de-lionel-messi-que-lucio-la-candidata-argentina\\\/#respond\"]}]},{\"@type\":\"WebPage\",\"@id\":\"https:\\\/\\\/radioinfinitagoya.com.ar\\\/v1\\\/2026\\\/09\\\/05\\\/miss-mundo-el-vestido-con-imagenes-de-lionel-messi-que-lucio-la-candidata-argentina\\\/\",\"url\":\"https:\\\/\\\/radioinfinitagoya.com.ar\\\/v1\\\/2026\\\/09\\\/05\\\/miss-mundo-el-vestido-con-imagenes-de-lionel-messi-que-lucio-la-candidata-argentina\\\/\",\"name\":\"Miss Mundo: el vestido con im\u00e1genes de Lionel Messi que luci\u00f3 la candidata argentina - Radio Infinita Goya\",\"isPartOf\":{\"@id\":\"https:\\\/\\\/radioinfinitagoya.com.ar\\\/v1\\\/#website\"},\"primaryImageOfPage\":{\"@id\":\"https:\\\/\\\/radioinfinitagoya.com.ar\\\/v1\\\/2026\\\/09\\\/05\\\/miss-mundo-el-vestido-con-imagenes-de-lionel-messi-que-lucio-la-candidata-argentina\\\/#primaryimage\"},\"image\":{\"@id\":\"https:\\\/\\\/radioinfinitagoya.com.ar\\\/v1\\\/2026\\\/09\\\/05\\\/miss-mundo-el-vestido-con-imagenes-de-lionel-messi-que-lucio-la-candidata-argentina\\\/#primaryimage\"},\"thumbnailUrl\":\"https:\\\/\\\/radioinfinitagoya.com.ar\\\/v1\\\/wp-content\\\/uploads\\\/2026\\\/09\\\/HRdcnHPaQAAJAcA.jpg\",\"datePublished\":\"2026-09-05T20:23:55+00:00\",\"description\":\"Y atrajo las miradas durante el desfile final La prenda fue dise\u00f1ada especialmente para Alina Luz Akselrad durante la presentaci\u00f3n regional de las\",\"breadcrumb\":{\"@id\":\"https:\\\/\\\/radioinfinitagoya.com.ar\\\/v1\\\/2026\\\/09\\\/05\\\/miss-mundo-el-vestido-con-imagenes-de-lionel-messi-que-lucio-la-candidata-argentina\\\/#breadcrumb\"},\"inLanguage\":\"es-AR\",\"potentialAction\":[{\"@type\":\"ReadAction\",\"target\":[\"https:\\\/\\\/radioinfinitagoya.com.ar\\\/v1\\\/2026\\\/09\\\/05\\\/miss-mundo-el-vestido-con-imagenes-de-lionel-messi-que-lucio-la-candidata-argentina\\\/\"]}]},{\"@type\":\"ImageObject\",\"inLanguage\":\"es-AR\",\"@id\":\"https:\\\/\\\/radioinfinitagoya.com.ar\\\/v1\\\/2026\\\/09\\\/05\\\/miss-mundo-el-vestido-con-imagenes-de-lionel-messi-que-lucio-la-candidata-argentina\\\/#primaryimage\",\"url\":\"https:\\\/\\\/radioinfinitagoya.com.ar\\\/v1\\\/wp-content\\\/uploads\\\/2026\\\/09\\\/HRdcnHPaQAAJAcA.jpg\",\"contentUrl\":\"https:\\\/\\\/radioinfinitagoya.com.ar\\\/v1\\\/wp-content\\\/uploads\\\/2026\\\/09\\\/HRdcnHPaQAAJAcA.jpg\",\"width\":680,\"height\":453},{\"@type\":\"BreadcrumbList\",\"@id\":\"https:\\\/\\\/radioinfinitagoya.com.ar\\\/v1\\\/2026\\\/09\\\/05\\\/miss-mundo-el-vestido-con-imagenes-de-lionel-messi-que-lucio-la-candidata-argentina\\\/#breadcrumb\",\"itemListElement\":[{\"@type\":\"ListItem\",\"position\":1,\"name\":\"Inicio\",\"item\":\"https:\\\/\\\/radioinfinitagoya.com.ar\\\/v1\\\/\"},{\"@type\":\"ListItem\",\"position\":2,\"name\":\"Miss Mundo: el vestido con im\u00e1genes de Lionel Messi que luci\u00f3 la candidata argentina\"}]},{\"@type\":\"WebSite\",\"@id\":\"https:\\\/\\\/radioinfinitagoya.com.ar\\\/v1\\\/#website\",\"url\":\"https:\\\/\\\/radioinfinitagoya.com.ar\\\/v1\\\/\",\"name\":\"radioinfinitagoya.com.ar\",\"description\":\"Radio de noticias\",\"publisher\":{\"@id\":\"https:\\\/\\\/radioinfinitagoya.com.ar\\\/v1\\\/#organization\"},\"potentialAction\":[{\"@type\":\"SearchAction\",\"target\":{\"@type\":\"EntryPoint\",\"urlTemplate\":\"https:\\\/\\\/radioinfinitagoya.com.ar\\\/v1\\\/?s={search_term_string}\"},\"query-input\":{\"@type\":\"PropertyValueSpecification\",\"valueRequired\":true,\"valueName\":\"search_term_string\"}}],\"inLanguage\":\"es-AR\"},{\"@type\":\"Organization\",\"@id\":\"https:\\\/\\\/radioinfinitagoya.com.ar\\\/v1\\\/#organization\",\"name\":\"Radio Infinita Goya\",\"url\":\"https:\\\/\\\/radioinfinitagoya.com.ar\\\/v1\\\/\",\"logo\":{\"@type\":\"ImageObject\",\"inLanguage\":\"es-AR\",\"@id\":\"https:\\\/\\\/radioinfinitagoya.com.ar\\\/v1\\\/#\\\/schema\\\/logo\\\/image\\\/\",\"url\":\"https:\\\/\\\/radioinfinitagoya.com.ar\\\/v1\\\/wp-content\\\/uploads\\\/2019\\\/11\\\/logo-pie-web.png\",\"contentUrl\":\"https:\\\/\\\/radioinfinitagoya.com.ar\\\/v1\\\/wp-content\\\/uploads\\\/2019\\\/11\\\/logo-pie-web.png\",\"width\":635,\"height\":326,\"caption\":\"Radio Infinita Goya\"},\"image\":{\"@id\":\"https:\\\/\\\/radioinfinitagoya.com.ar\\\/v1\\\/#\\\/schema\\\/logo\\\/image\\\/\"},\"sameAs\":[\"https:\\\/\\\/www.facebook.com\\\/p\\\/Infinita-Goya-100063870918311\\\/\"]},{\"@type\":\"Person\",\"@id\":\"https:\\\/\\\/radioinfinitagoya.com.ar\\\/v1\\\/#\\\/schema\\\/person\\\/d4cf9c413d4f6edb24aabdccab49ca4a\",\"name\":\"Jorge Mi\u00f1o\",\"image\":{\"@type\":\"ImageObject\",\"inLanguage\":\"es-AR\",\"@id\":\"https:\\\/\\\/secure.gravatar.com\\\/avatar\\\/910fcf6728fe95320e07a6643c1581fec1c7fc4bf8ae12e3d8f0d0373dc844be?s=96&d=mm&r=g\",\"url\":\"https:\\\/\\\/secure.gravatar.com\\\/avatar\\\/910fcf6728fe95320e07a6643c1581fec1c7fc4bf8ae12e3d8f0d0373dc844be?s=96&d=mm&r=g\",\"contentUrl\":\"https:\\\/\\\/secure.gravatar.com\\\/avatar\\\/910fcf6728fe95320e07a6643c1581fec1c7fc4bf8ae12e3d8f0d0373dc844be?s=96&d=mm&r=g\",\"caption\":\"Jorge Mi\u00f1o\"},\"sameAs\":[\"http:\\\/\\\/radioinfinitagoya.com.ar\"]}]}<\/script>\n<!-- \/ Yoast SEO plugin. -->","yoast_head_json":{"title":"Miss Mundo: el vestido con im\u00e1genes de Lionel Messi que luci\u00f3 la candidata argentina - Radio Infinita Goya","description":"Y atrajo las miradas durante el desfile final La prenda fue dise\u00f1ada especialmente para Alina Luz Akselrad durante la presentaci\u00f3n regional de las","robots":{"index":"index","follow":"follow","max-snippet":"max-snippet:-1","max-image-preview":"max-image-preview:large","max-video-preview":"max-video-preview:-1"},"canonical":"https:\/\/radioinfinitagoya.com.ar\/v1\/2026\/09\/05\/miss-mundo-el-vestido-con-imagenes-de-lionel-messi-que-lucio-la-candidata-argentina\/","og_locale":"es_ES","og_type":"article","og_title":"Miss Mundo: el vestido con im\u00e1genes de Lionel Messi que luci\u00f3 la candidata argentina - Radio Infinita Goya","og_description":"Y atrajo las miradas durante el desfile final La prenda fue dise\u00f1ada especialmente para Alina Luz Akselrad durante la presentaci\u00f3n regional de las","og_url":"https:\/\/radioinfinitagoya.com.ar\/v1\/2026\/09\/05\/miss-mundo-el-vestido-con-imagenes-de-lionel-messi-que-lucio-la-candidata-argentina\/","og_site_name":"Radio Infinita Goya","article_publisher":"https:\/\/www.facebook.com\/p\/Infinita-Goya-100063870918311\/","article_published_time":"2026-09-05T20:23:55+00:00","og_image":[{"width":680,"height":453,"url":"https:\/\/radioinfinitagoya.com.ar\/v1\/wp-content\/uploads\/2026\/09\/HRdcnHPaQAAJAcA.jpg","type":"image\/jpeg"}],"author":"Jorge Mi\u00f1o","twitter_card":"summary_large_image","twitter_misc":{"Escrito por":"Jorge Mi\u00f1o","Tiempo de lectura":"5 minutos"},"schema":{"@context":"https:\/\/schema.org","@graph":[{"@type":"Article","@id":"https:\/\/radioinfinitagoya.com.ar\/v1\/2026\/09\/05\/miss-mundo-el-vestido-con-imagenes-de-lionel-messi-que-lucio-la-candidata-argentina\/#article","isPartOf":{"@id":"https:\/\/radioinfinitagoya.com.ar\/v1\/2026\/09\/05\/miss-mundo-el-vestido-con-imagenes-de-lionel-messi-que-lucio-la-candidata-argentina\/"},"author":{"name":"Jorge Mi\u00f1o","@id":"https:\/\/radioinfinitagoya.com.ar\/v1\/#\/schema\/person\/d4cf9c413d4f6edb24aabdccab49ca4a"},"headline":"Miss Mundo: el vestido con im\u00e1genes de Lionel Messi que luci\u00f3 la candidata argentina","datePublished":"2026-09-05T20:23:55+00:00","mainEntityOfPage":{"@id":"https:\/\/radioinfinitagoya.com.ar\/v1\/2026\/09\/05\/miss-mundo-el-vestido-con-imagenes-de-lionel-messi-que-lucio-la-candidata-argentina\/"},"wordCount":766,"commentCount":0,"publisher":{"@id":"https:\/\/radioinfinitagoya.com.ar\/v1\/#organization"},"image":{"@id":"https:\/\/radioinfinitagoya.com.ar\/v1\/2026\/09\/05\/miss-mundo-el-vestido-con-imagenes-de-lionel-messi-que-lucio-la-candidata-argentina\/#primaryimage"},"thumbnailUrl":"https:\/\/radioinfinitagoya.com.ar\/v1\/wp-content\/uploads\/2026\/09\/HRdcnHPaQAAJAcA.jpg","articleSection":["INFORMACI\u00d3N GENERAL"],"inLanguage":"es-AR","potentialAction":[{"@type":"CommentAction","name":"Comment","target":["https:\/\/radioinfinitagoya.com.ar\/v1\/2026\/09\/05\/miss-mundo-el-vestido-con-imagenes-de-lionel-messi-que-lucio-la-candidata-argentina\/#respond"]}]},{"@type":"WebPage","@id":"https:\/\/radioinfinitagoya.com.ar\/v1\/2026\/09\/05\/miss-mundo-el-vestido-con-imagenes-de-lionel-messi-que-lucio-la-candidata-argentina\/","url":"https:\/\/radioinfinitagoya.com.ar\/v1\/2026\/09\/05\/miss-mundo-el-vestido-con-imagenes-de-lionel-messi-que-lucio-la-candidata-argentina\/","name":"Miss Mundo: el vestido con im\u00e1genes de Lionel Messi que luci\u00f3 la candidata argentina - Radio Infinita Goya","isPartOf":{"@id":"https:\/\/radioinfinitagoya.com.ar\/v1\/#website"},"primaryImageOfPage":{"@id":"https:\/\/radioinfinitagoya.com.ar\/v1\/2026\/09\/05\/miss-mundo-el-vestido-con-imagenes-de-lionel-messi-que-lucio-la-candidata-argentina\/#primaryimage"},"image":{"@id":"https:\/\/radioinfinitagoya.com.ar\/v1\/2026\/09\/05\/miss-mundo-el-vestido-con-imagenes-de-lionel-messi-que-lucio-la-candidata-argentina\/#primaryimage"},"thumbnailUrl":"https:\/\/radioinfinitagoya.com.ar\/v1\/wp-content\/uploads\/2026\/09\/HRdcnHPaQAAJAcA.jpg","datePublished":"2026-09-05T20:23:55+00:00","description":"Y atrajo las miradas durante el desfile final La prenda fue dise\u00f1ada especialmente para Alina Luz Akselrad durante la presentaci\u00f3n regional de las","breadcrumb":{"@id":"https:\/\/radioinfinitagoya.com.ar\/v1\/2026\/09\/05\/miss-mundo-el-vestido-con-imagenes-de-lionel-messi-que-lucio-la-candidata-argentina\/#breadcrumb"},"inLanguage":"es-AR","potentialAction":[{"@type":"ReadAction","target":["https:\/\/radioinfinitagoya.com.ar\/v1\/2026\/09\/05\/miss-mundo-el-vestido-con-imagenes-de-lionel-messi-que-lucio-la-candidata-argentina\/"]}]},{"@type":"ImageObject","inLanguage":"es-AR","@id":"https:\/\/radioinfinitagoya.com.ar\/v1\/2026\/09\/05\/miss-mundo-el-vestido-con-imagenes-de-lionel-messi-que-lucio-la-candidata-argentina\/#primaryimage","url":"https:\/\/radioinfinitagoya.com.ar\/v1\/wp-content\/uploads\/2026\/09\/HRdcnHPaQAAJAcA.jpg","contentUrl":"https:\/\/radioinfinitagoya.com.ar\/v1\/wp-content\/uploads\/2026\/09\/HRdcnHPaQAAJAcA.jpg","width":680,"height":453},{"@type":"BreadcrumbList","@id":"https:\/\/radioinfinitagoya.com.ar\/v1\/2026\/09\/05\/miss-mundo-el-vestido-con-imagenes-de-lionel-messi-que-lucio-la-candidata-argentina\/#breadcrumb","itemListElement":[{"@type":"ListItem","position":1,"name":"Inicio","item":"https:\/\/radioinfinitagoya.com.ar\/v1\/"},{"@type":"ListItem","position":2,"name":"Miss Mundo: el vestido con im\u00e1genes de Lionel Messi que luci\u00f3 la candidata argentina"}]},{"@type":"WebSite","@id":"https:\/\/radioinfinitagoya.com.ar\/v1\/#website","url":"https:\/\/radioinfinitagoya.com.ar\/v1\/","name":"radioinfinitagoya.com.ar","description":"Radio de noticias","publisher":{"@id":"https:\/\/radioinfinitagoya.com.ar\/v1\/#organization"},"potentialAction":[{"@type":"SearchAction","target":{"@type":"EntryPoint","urlTemplate":"https:\/\/radioinfinitagoya.com.ar\/v1\/?s={search_term_string}"},"query-input":{"@type":"PropertyValueSpecification","valueRequired":true,"valueName":"search_term_string"}}],"inLanguage":"es-AR"},{"@type":"Organization","@id":"https:\/\/radioinfinitagoya.com.ar\/v1\/#organization","name":"Radio Infinita Goya","url":"https:\/\/radioinfinitagoya.com.ar\/v1\/","logo":{"@type":"ImageObject","inLanguage":"es-AR","@id":"https:\/\/radioinfinitagoya.com.ar\/v1\/#\/schema\/logo\/image\/","url":"https:\/\/radioinfinitagoya.com.ar\/v1\/wp-content\/uploads\/2019\/11\/logo-pie-web.png","contentUrl":"https:\/\/radioinfinitagoya.com.ar\/v1\/wp-content\/uploads\/2019\/11\/logo-pie-web.png","width":635,"height":326,"caption":"Radio Infinita Goya"},"image":{"@id":"https:\/\/radioinfinitagoya.com.ar\/v1\/#\/schema\/logo\/image\/"},"sameAs":["https:\/\/www.facebook.com\/p\/Infinita-Goya-100063870918311\/"]},{"@type":"Person","@id":"https:\/\/radioinfinitagoya.com.ar\/v1\/#\/schema\/person\/d4cf9c413d4f6edb24aabdccab49ca4a","name":"Jorge Mi\u00f1o","image":{"@type":"ImageObject","inLanguage":"es-AR","@id":"https:\/\/secure.gravatar.com\/avatar\/910fcf6728fe95320e07a6643c1581fec1c7fc4bf8ae12e3d8f0d0373dc844be?s=96&d=mm&r=g","url":"https:\/\/secure.gravatar.com\/avatar\/910fcf6728fe95320e07a6643c1581fec1c7fc4bf8ae12e3d8f0d0373dc844be?s=96&d=mm&r=g","contentUrl":"https:\/\/secure.gravatar.com\/avatar\/910fcf6728fe95320e07a6643c1581fec1c7fc4bf8ae12e3d8f0d0373dc844be?s=96&d=mm&r=g","caption":"Jorge Mi\u00f1o"},"sameAs":["http:\/\/radioinfinitagoya.com.ar"]}]}},"_links":{"self":[{"href":"https:\/\/radioinfinitagoya.com.ar\/v1\/wp-json\/wp\/v2\/posts\/226799","targetHints":{"allow":["GET"]}}],"collection":[{"href":"https:\/\/radioinfinitagoya.com.ar\/v1\/wp-json\/wp\/v2\/posts"}],"about":[{"href":"https:\/\/radioinfinitagoya.com.ar\/v1\/wp-json\/wp\/v2\/types\/post"}],"author":[{"embeddable":true,"href":"https:\/\/radioinfinitagoya.com.ar\/v1\/wp-json\/wp\/v2\/users\/4"}],"replies":[{"embeddable":true,"href":"https:\/\/radioinfinitagoya.com.ar\/v1\/wp-json\/wp\/v2\/comments?post=226799"}],"version-history":[{"count":1,"href":"https:\/\/radioinfinitagoya.com.ar\/v1\/wp-json\/wp\/v2\/posts\/226799\/revisions"}],"predecessor-version":[{"id":226807,"href":"https:\/\/radioinfinitagoya.com.ar\/v1\/wp-json\/wp\/v2\/posts\/226799\/revisions\/226807"}],"wp:featuredmedia":[{"embeddable":true,"href":"https:\/\/radioinfinitagoya.com.ar\/v1\/wp-json\/wp\/v2\/media\/226800"}],"wp:attachment":[{"href":"https:\/\/radioinfinitagoya.com.ar\/v1\/wp-json\/wp\/v2\/media?parent=226799"}],"wp:term":[{"taxonomy":"category","embeddable":true,"href":"https:\/\/radioinfinitagoya.com.ar\/v1\/wp-json\/wp\/v2\/categories?post=226799"},{"taxonomy":"post_tag","embeddable":true,"href":"https:\/\/radioinfinitagoya.com.ar\/v1\/wp-json\/wp\/v2\/tags?post=226799"}],"curies":[{"name":"wp","href":"https:\/\/api.w.org\/{rel}","templated":true}]}}