{"id":226834,"date":"2026-09-06T15:54:31","date_gmt":"2026-09-06T18:54:31","guid":{"rendered":"https:\/\/radioinfinitagoya.com.ar\/v1\/?p=226834"},"modified":"2026-09-06T15:54:31","modified_gmt":"2026-09-06T18:54:31","slug":"apertura-de-la-cohorte-2026-de-la-licenciatura-en-educacion","status":"publish","type":"post","link":"https:\/\/radioinfinitagoya.com.ar\/v1\/2026\/09\/06\/apertura-de-la-cohorte-2026-de-la-licenciatura-en-educacion\/","title":{"rendered":"Apertura de la cohorte 2026 de la Licenciatura en Educaci\u00f3n"},"content":{"rendered":"<p>Mariano Hormaechea particip\u00f3 de la presentaci\u00f3n de la oferta de formaci\u00f3n acad\u00e9mica<\/p>\n<p>La apertura de esta nueva cohorte se logra gracias a la articulaci\u00f3n de la Municipalidad de Goya; la Fundaci\u00f3n \u00c1GORA y la UNCAUS (Universidad Nacional del Chaco Austral)<\/p>\n<p>El acto adem\u00e1s fue el marco adecuado para la firma del acuerdo de Cooperaci\u00f3n con la Fundaci\u00f3n \u00c1gora.<\/p>\n<p>\u201cLa Educaci\u00f3n es un pilar central para el desarrollo de la ciudad \u201cmenciono el Jefe Comunal para recordar \u201cTenemos un sue\u00f1o, estamos dando pasos para la instalaci\u00f3n de una Universidad P\u00fablica en la ciudad\u201d<\/p>\n<p>De la mencionada ceremonia de presentaci\u00f3n de la oferta acad\u00e9mica y firma de convenio realizada en las instalaciones del Instituto Superior \u201cDr. Daniel Lesteime\u201d, junto al Intendente Mariano Hormaechea, participaron la Secretaria de Educaci\u00f3n Sonia Espina, la Rectora del Instituto Superior \u201cDr. Daniel Lesteime\u201d Profesora Magister Anabella Quiroga; la presidente de la Fundaci\u00f3n \u00c1gora Lic. Liliana Lesteime; el Representante Legal Dr. Emanuel Blanco, autoridades de la UNCAUS el Secretario Acad\u00e9mico Dr. Manuel Ricardone; Coordinador de la Carrera Contador Axel Mathoff, profesores de la carrera que se sumaron por la plataforma de manera virtual y los cursantes de la licenciatura.<\/p>\n<p>MARIANO HORMAECHEA<\/p>\n<p>El Intendente Mariano Hormaechea, agradeci\u00f3 la facilidad de cesi\u00f3n del espacio del Instituto Superior \u201cDr. Daniel Lesteime\u201d para la presentaci\u00f3n de la oferta acad\u00e9mica, a la presidente de la Fundaci\u00f3n \u00c1gora Lic. Liliana Lesteime, a los representantes de la UNCAUS, para reconocer: \u201cNosotros desde la Municipalidad tenemos claro que la educaci\u00f3n es el pilar central para el desarrollo local, en ese sentido venimos trabajando en un proyecto junto al Gobierno de la Provincia, una ciudad puede crecer no solo de la mano de obras de infraestructura, sino fundamentalmente, dedicando tiempo a este aspecto de la formaci\u00f3n educativa, desde la Secretaria de Educaci\u00f3n marcamos un plan, renovado en el Pacto Goya 2030, permanentemente venimos buscando generar esas oportunidades, abrir puertas en materia educativa, articulando acciones directas y una cercan\u00eda constante con cada una de las instituciones educativas, dentro de las posibilidades del estado municipal, por eso hacemos esta b\u00fasqueda junto al Gobierno Provincial, en ese sentido quiero comentar el sue\u00f1o que tenemos, hemos dado unos pasos, para que Goya pueda tener una Universidad P\u00fablica, dimos el primer paso-reitero- con la adquisici\u00f3n por parte de la provincia del edificio, donde hoy est\u00e1 funcionando una de las escuelas t\u00e9cnicas de la ciudad, entendemos que la educaci\u00f3n t\u00e9cnica es clave para el desarrollo de la ciudad, por eso seguiremos trabajando de esta manera en equipo, lo hacemos con el Instituto, con la Fundaci\u00f3n Agora, ahora con la UNCAUS y de manera constante estamos buscando generar oportunidades en la educaci\u00f3n, es el camino que queremos seguir transitando, tenemos la hoja de ruta para eso en el Pacto Goya 2030, para seguir formando ciudadanos, felicitaciones y gracias por la confianza en nosotros, algo que tambi\u00e9n hicimos en la Fiesta Nacional del Surubi, el reconocimiento a todo el equipo, nosotros seguiremos trabajando para generar estos espacios de formaci\u00f3n\u201d<\/p>\n<p>LIC. LILIANA LESTEIME<\/p>\n<p>La presidente de la Fundaci\u00f3n \u00c1gora, Lic. Liliana Lesteime, destac\u00f3 el prop\u00f3sito social, resaltando la \u201cimportancia de la capacitaci\u00f3n continua para el desarrollo local\u201d, durante su alocuci\u00f3n record\u00f3 \u201cesto es la continuidad del sue\u00f1o, de la visi\u00f3n de mi querido hermano Daniel (Lesteime), que nos permiti\u00f3 continuar en la b\u00fasqueda de herramientas para la formaci\u00f3n acad\u00e9mica continua de los docentes, valoramos que podamos concretar con el acompa\u00f1amiento y decisi\u00f3n para este objetivo de la Municipalidad de Goya, articulando de buena manera los sectores p\u00fablico y privado con el enfoque en la educaci\u00f3n, con el aporte de la Universidad Nacional del Chaco Austral\u201d<\/p>\n<p>MANUEL RICARDONE<\/p>\n<p>El Secretario Acad\u00e9mico de la UNCAUS, Dr. Manuel Ricardone agradeci\u00f3 la oportunidad que brinda este marco cooperativo para ofrecer una carrera de formaci\u00f3n con el aval de nuestra universidad, acorde a los tiempos que transitamos con esta modalidad de capacitarse, formarse de manera virtual, permite desde sus propios lugares emprender el recorrido formativo, sin dejar su hogar, sus afectos o su trabajo\u201d<\/p>\n<p>\u201cEs apostar a un desarrollo local con visi\u00f3n global, donde la tecnolog\u00eda nos acerca las oportunidades que antes parec\u00edan inalcanzables, gracias por esta posibilidad y a los cursantes \u00e9xitos en esta etapa de preparaci\u00f3n.\u201d<\/p>\n<p>FIRMA CONVENIO COOPERACI\u00d3N<\/p>\n<p>La presentaci\u00f3n de la oferta acad\u00e9mica sirvi\u00f3 de \u00e1mbito adecuado para la firma del Convenio Marco de Cooperaci\u00f3n entre la Municipalidad de Goya y la Fundaci\u00f3n \u00c1GORA.<\/p>\n<p>El mencionado acuerdo se firm\u00f3 en representaci\u00f3n de la Municipalidad lo hizo el Intendente Mariano Hormaechea, y por la Fundaci\u00f3n AGORA, su Presidente Lic. Liliana Lesteime<\/p>\n<p>Direcci\u00f3n de Prensa-Municipalidad de Goya<\/p>\n","protected":false},"excerpt":{"rendered":"<p>Mariano Hormaechea particip\u00f3 de la presentaci\u00f3n de la oferta de formaci\u00f3n acad\u00e9mica La apertura de esta nueva cohorte se logra gracias a la articulaci\u00f3n de la Municipalidad de Goya; la Fundaci\u00f3n \u00c1GORA y la UNCAUS (Universidad Nacional del Chaco Austral) El acto adem\u00e1s fue el marco adecuado para la firma del acuerdo de Cooperaci\u00f3n con [&hellip;]<\/p>\n","protected":false},"author":4,"featured_media":226835,"comment_status":"open","ping_status":"open","sticky":false,"template":"","format":"standard","meta":{"_joinchat":[],"footnotes":""},"categories":[27],"tags":[],"class_list":["post-226834","post","type-post","status-publish","format-standard","has-post-thumbnail","category-locales"],"yoast_head":"<!-- This site is optimized with the Yoast SEO plugin v27.7 - https:\/\/yoast.com\/product\/yoast-seo-wordpress\/ -->\n<title>Apertura de la cohorte 2026 de la Licenciatura en Educaci\u00f3n - Radio Infinita Goya<\/title>\n<meta name=\"description\" content=\"Mariano Hormaechea particip\u00f3 de la presentaci\u00f3n de la oferta de formaci\u00f3n acad\u00e9mica La apertura de esta nueva cohorte se logra gracias a la articulaci\u00f3n\" \/>\n<meta name=\"robots\" content=\"index, follow, max-snippet:-1, max-image-preview:large, max-video-preview:-1\" \/>\n<link rel=\"canonical\" href=\"https:\/\/radioinfinitagoya.com.ar\/v1\/2026\/09\/06\/apertura-de-la-cohorte-2026-de-la-licenciatura-en-educacion\/\" \/>\n<meta property=\"og:locale\" content=\"es_ES\" \/>\n<meta property=\"og:type\" content=\"article\" \/>\n<meta property=\"og:title\" content=\"Apertura de la cohorte 2026 de la Licenciatura en Educaci\u00f3n - Radio Infinita Goya\" \/>\n<meta property=\"og:description\" content=\"Mariano Hormaechea particip\u00f3 de la presentaci\u00f3n de la oferta de formaci\u00f3n acad\u00e9mica La apertura de esta nueva cohorte se logra gracias a la articulaci\u00f3n\" \/>\n<meta property=\"og:url\" content=\"https:\/\/radioinfinitagoya.com.ar\/v1\/2026\/09\/06\/apertura-de-la-cohorte-2026-de-la-licenciatura-en-educacion\/\" \/>\n<meta property=\"og:site_name\" content=\"Radio Infinita Goya\" \/>\n<meta property=\"article:publisher\" content=\"https:\/\/www.facebook.com\/p\/Infinita-Goya-100063870918311\/\" \/>\n<meta property=\"article:published_time\" content=\"2026-09-06T18:54:31+00:00\" \/>\n<meta property=\"og:image\" content=\"https:\/\/radioinfinitagoya.com.ar\/v1\/wp-content\/uploads\/2026\/09\/apertura_licienciatura_en_educacion_6_firma_convenio_cooperac.jpg\" \/>\n\t<meta property=\"og:image:width\" content=\"848\" \/>\n\t<meta property=\"og:image:height\" content=\"477\" \/>\n\t<meta property=\"og:image:type\" content=\"image\/jpeg\" \/>\n<meta name=\"author\" content=\"Jorge Mi\u00f1o\" \/>\n<meta name=\"twitter:card\" content=\"summary_large_image\" \/>\n<meta name=\"twitter:label1\" content=\"Escrito por\" \/>\n\t<meta name=\"twitter:data1\" content=\"Jorge Mi\u00f1o\" \/>\n\t<meta name=\"twitter:label2\" content=\"Tiempo de lectura\" \/>\n\t<meta name=\"twitter:data2\" content=\"4 minutos\" \/>\n<script type=\"application\/ld+json\" class=\"yoast-schema-graph\">{\"@context\":\"https:\\\/\\\/schema.org\",\"@graph\":[{\"@type\":\"Article\",\"@id\":\"https:\\\/\\\/radioinfinitagoya.com.ar\\\/v1\\\/2026\\\/09\\\/06\\\/apertura-de-la-cohorte-2026-de-la-licenciatura-en-educacion\\\/#article\",\"isPartOf\":{\"@id\":\"https:\\\/\\\/radioinfinitagoya.com.ar\\\/v1\\\/2026\\\/09\\\/06\\\/apertura-de-la-cohorte-2026-de-la-licenciatura-en-educacion\\\/\"},\"author\":{\"name\":\"Jorge Mi\u00f1o\",\"@id\":\"https:\\\/\\\/radioinfinitagoya.com.ar\\\/v1\\\/#\\\/schema\\\/person\\\/d4cf9c413d4f6edb24aabdccab49ca4a\"},\"headline\":\"Apertura de la cohorte 2026 de la Licenciatura en Educaci\u00f3n\",\"datePublished\":\"2026-09-06T18:54:31+00:00\",\"mainEntityOfPage\":{\"@id\":\"https:\\\/\\\/radioinfinitagoya.com.ar\\\/v1\\\/2026\\\/09\\\/06\\\/apertura-de-la-cohorte-2026-de-la-licenciatura-en-educacion\\\/\"},\"wordCount\":829,\"commentCount\":0,\"publisher\":{\"@id\":\"https:\\\/\\\/radioinfinitagoya.com.ar\\\/v1\\\/#organization\"},\"image\":{\"@id\":\"https:\\\/\\\/radioinfinitagoya.com.ar\\\/v1\\\/2026\\\/09\\\/06\\\/apertura-de-la-cohorte-2026-de-la-licenciatura-en-educacion\\\/#primaryimage\"},\"thumbnailUrl\":\"https:\\\/\\\/radioinfinitagoya.com.ar\\\/v1\\\/wp-content\\\/uploads\\\/2026\\\/09\\\/apertura_licienciatura_en_educacion_6_firma_convenio_cooperac.jpg\",\"articleSection\":[\"LOCALES\"],\"inLanguage\":\"es-AR\",\"potentialAction\":[{\"@type\":\"CommentAction\",\"name\":\"Comment\",\"target\":[\"https:\\\/\\\/radioinfinitagoya.com.ar\\\/v1\\\/2026\\\/09\\\/06\\\/apertura-de-la-cohorte-2026-de-la-licenciatura-en-educacion\\\/#respond\"]}]},{\"@type\":\"WebPage\",\"@id\":\"https:\\\/\\\/radioinfinitagoya.com.ar\\\/v1\\\/2026\\\/09\\\/06\\\/apertura-de-la-cohorte-2026-de-la-licenciatura-en-educacion\\\/\",\"url\":\"https:\\\/\\\/radioinfinitagoya.com.ar\\\/v1\\\/2026\\\/09\\\/06\\\/apertura-de-la-cohorte-2026-de-la-licenciatura-en-educacion\\\/\",\"name\":\"Apertura de la cohorte 2026 de la Licenciatura en Educaci\u00f3n - Radio Infinita Goya\",\"isPartOf\":{\"@id\":\"https:\\\/\\\/radioinfinitagoya.com.ar\\\/v1\\\/#website\"},\"primaryImageOfPage\":{\"@id\":\"https:\\\/\\\/radioinfinitagoya.com.ar\\\/v1\\\/2026\\\/09\\\/06\\\/apertura-de-la-cohorte-2026-de-la-licenciatura-en-educacion\\\/#primaryimage\"},\"image\":{\"@id\":\"https:\\\/\\\/radioinfinitagoya.com.ar\\\/v1\\\/2026\\\/09\\\/06\\\/apertura-de-la-cohorte-2026-de-la-licenciatura-en-educacion\\\/#primaryimage\"},\"thumbnailUrl\":\"https:\\\/\\\/radioinfinitagoya.com.ar\\\/v1\\\/wp-content\\\/uploads\\\/2026\\\/09\\\/apertura_licienciatura_en_educacion_6_firma_convenio_cooperac.jpg\",\"datePublished\":\"2026-09-06T18:54:31+00:00\",\"description\":\"Mariano Hormaechea particip\u00f3 de la presentaci\u00f3n de la oferta de formaci\u00f3n acad\u00e9mica La apertura de esta nueva cohorte se logra gracias a la articulaci\u00f3n\",\"breadcrumb\":{\"@id\":\"https:\\\/\\\/radioinfinitagoya.com.ar\\\/v1\\\/2026\\\/09\\\/06\\\/apertura-de-la-cohorte-2026-de-la-licenciatura-en-educacion\\\/#breadcrumb\"},\"inLanguage\":\"es-AR\",\"potentialAction\":[{\"@type\":\"ReadAction\",\"target\":[\"https:\\\/\\\/radioinfinitagoya.com.ar\\\/v1\\\/2026\\\/09\\\/06\\\/apertura-de-la-cohorte-2026-de-la-licenciatura-en-educacion\\\/\"]}]},{\"@type\":\"ImageObject\",\"inLanguage\":\"es-AR\",\"@id\":\"https:\\\/\\\/radioinfinitagoya.com.ar\\\/v1\\\/2026\\\/09\\\/06\\\/apertura-de-la-cohorte-2026-de-la-licenciatura-en-educacion\\\/#primaryimage\",\"url\":\"https:\\\/\\\/radioinfinitagoya.com.ar\\\/v1\\\/wp-content\\\/uploads\\\/2026\\\/09\\\/apertura_licienciatura_en_educacion_6_firma_convenio_cooperac.jpg\",\"contentUrl\":\"https:\\\/\\\/radioinfinitagoya.com.ar\\\/v1\\\/wp-content\\\/uploads\\\/2026\\\/09\\\/apertura_licienciatura_en_educacion_6_firma_convenio_cooperac.jpg\",\"width\":848,\"height\":477},{\"@type\":\"BreadcrumbList\",\"@id\":\"https:\\\/\\\/radioinfinitagoya.com.ar\\\/v1\\\/2026\\\/09\\\/06\\\/apertura-de-la-cohorte-2026-de-la-licenciatura-en-educacion\\\/#breadcrumb\",\"itemListElement\":[{\"@type\":\"ListItem\",\"position\":1,\"name\":\"Inicio\",\"item\":\"https:\\\/\\\/radioinfinitagoya.com.ar\\\/v1\\\/\"},{\"@type\":\"ListItem\",\"position\":2,\"name\":\"Apertura de la cohorte 2026 de la Licenciatura en Educaci\u00f3n\"}]},{\"@type\":\"WebSite\",\"@id\":\"https:\\\/\\\/radioinfinitagoya.com.ar\\\/v1\\\/#website\",\"url\":\"https:\\\/\\\/radioinfinitagoya.com.ar\\\/v1\\\/\",\"name\":\"radioinfinitagoya.com.ar\",\"description\":\"Radio de noticias\",\"publisher\":{\"@id\":\"https:\\\/\\\/radioinfinitagoya.com.ar\\\/v1\\\/#organization\"},\"potentialAction\":[{\"@type\":\"SearchAction\",\"target\":{\"@type\":\"EntryPoint\",\"urlTemplate\":\"https:\\\/\\\/radioinfinitagoya.com.ar\\\/v1\\\/?s={search_term_string}\"},\"query-input\":{\"@type\":\"PropertyValueSpecification\",\"valueRequired\":true,\"valueName\":\"search_term_string\"}}],\"inLanguage\":\"es-AR\"},{\"@type\":\"Organization\",\"@id\":\"https:\\\/\\\/radioinfinitagoya.com.ar\\\/v1\\\/#organization\",\"name\":\"Radio Infinita Goya\",\"url\":\"https:\\\/\\\/radioinfinitagoya.com.ar\\\/v1\\\/\",\"logo\":{\"@type\":\"ImageObject\",\"inLanguage\":\"es-AR\",\"@id\":\"https:\\\/\\\/radioinfinitagoya.com.ar\\\/v1\\\/#\\\/schema\\\/logo\\\/image\\\/\",\"url\":\"https:\\\/\\\/radioinfinitagoya.com.ar\\\/v1\\\/wp-content\\\/uploads\\\/2019\\\/11\\\/logo-pie-web.png\",\"contentUrl\":\"https:\\\/\\\/radioinfinitagoya.com.ar\\\/v1\\\/wp-content\\\/uploads\\\/2019\\\/11\\\/logo-pie-web.png\",\"width\":635,\"height\":326,\"caption\":\"Radio Infinita Goya\"},\"image\":{\"@id\":\"https:\\\/\\\/radioinfinitagoya.com.ar\\\/v1\\\/#\\\/schema\\\/logo\\\/image\\\/\"},\"sameAs\":[\"https:\\\/\\\/www.facebook.com\\\/p\\\/Infinita-Goya-100063870918311\\\/\"]},{\"@type\":\"Person\",\"@id\":\"https:\\\/\\\/radioinfinitagoya.com.ar\\\/v1\\\/#\\\/schema\\\/person\\\/d4cf9c413d4f6edb24aabdccab49ca4a\",\"name\":\"Jorge Mi\u00f1o\",\"image\":{\"@type\":\"ImageObject\",\"inLanguage\":\"es-AR\",\"@id\":\"https:\\\/\\\/secure.gravatar.com\\\/avatar\\\/910fcf6728fe95320e07a6643c1581fec1c7fc4bf8ae12e3d8f0d0373dc844be?s=96&d=mm&r=g\",\"url\":\"https:\\\/\\\/secure.gravatar.com\\\/avatar\\\/910fcf6728fe95320e07a6643c1581fec1c7fc4bf8ae12e3d8f0d0373dc844be?s=96&d=mm&r=g\",\"contentUrl\":\"https:\\\/\\\/secure.gravatar.com\\\/avatar\\\/910fcf6728fe95320e07a6643c1581fec1c7fc4bf8ae12e3d8f0d0373dc844be?s=96&d=mm&r=g\",\"caption\":\"Jorge Mi\u00f1o\"},\"sameAs\":[\"http:\\\/\\\/radioinfinitagoya.com.ar\"]}]}<\/script>\n<!-- \/ Yoast SEO plugin. -->","yoast_head_json":{"title":"Apertura de la cohorte 2026 de la Licenciatura en Educaci\u00f3n - Radio Infinita Goya","description":"Mariano Hormaechea particip\u00f3 de la presentaci\u00f3n de la oferta de formaci\u00f3n acad\u00e9mica La apertura de esta nueva cohorte se logra gracias a la articulaci\u00f3n","robots":{"index":"index","follow":"follow","max-snippet":"max-snippet:-1","max-image-preview":"max-image-preview:large","max-video-preview":"max-video-preview:-1"},"canonical":"https:\/\/radioinfinitagoya.com.ar\/v1\/2026\/09\/06\/apertura-de-la-cohorte-2026-de-la-licenciatura-en-educacion\/","og_locale":"es_ES","og_type":"article","og_title":"Apertura de la cohorte 2026 de la Licenciatura en Educaci\u00f3n - Radio Infinita Goya","og_description":"Mariano Hormaechea particip\u00f3 de la presentaci\u00f3n de la oferta de formaci\u00f3n acad\u00e9mica La apertura de esta nueva cohorte se logra gracias a la articulaci\u00f3n","og_url":"https:\/\/radioinfinitagoya.com.ar\/v1\/2026\/09\/06\/apertura-de-la-cohorte-2026-de-la-licenciatura-en-educacion\/","og_site_name":"Radio Infinita Goya","article_publisher":"https:\/\/www.facebook.com\/p\/Infinita-Goya-100063870918311\/","article_published_time":"2026-09-06T18:54:31+00:00","og_image":[{"width":848,"height":477,"url":"https:\/\/radioinfinitagoya.com.ar\/v1\/wp-content\/uploads\/2026\/09\/apertura_licienciatura_en_educacion_6_firma_convenio_cooperac.jpg","type":"image\/jpeg"}],"author":"Jorge Mi\u00f1o","twitter_card":"summary_large_image","twitter_misc":{"Escrito por":"Jorge Mi\u00f1o","Tiempo de lectura":"4 minutos"},"schema":{"@context":"https:\/\/schema.org","@graph":[{"@type":"Article","@id":"https:\/\/radioinfinitagoya.com.ar\/v1\/2026\/09\/06\/apertura-de-la-cohorte-2026-de-la-licenciatura-en-educacion\/#article","isPartOf":{"@id":"https:\/\/radioinfinitagoya.com.ar\/v1\/2026\/09\/06\/apertura-de-la-cohorte-2026-de-la-licenciatura-en-educacion\/"},"author":{"name":"Jorge Mi\u00f1o","@id":"https:\/\/radioinfinitagoya.com.ar\/v1\/#\/schema\/person\/d4cf9c413d4f6edb24aabdccab49ca4a"},"headline":"Apertura de la cohorte 2026 de la Licenciatura en Educaci\u00f3n","datePublished":"2026-09-06T18:54:31+00:00","mainEntityOfPage":{"@id":"https:\/\/radioinfinitagoya.com.ar\/v1\/2026\/09\/06\/apertura-de-la-cohorte-2026-de-la-licenciatura-en-educacion\/"},"wordCount":829,"commentCount":0,"publisher":{"@id":"https:\/\/radioinfinitagoya.com.ar\/v1\/#organization"},"image":{"@id":"https:\/\/radioinfinitagoya.com.ar\/v1\/2026\/09\/06\/apertura-de-la-cohorte-2026-de-la-licenciatura-en-educacion\/#primaryimage"},"thumbnailUrl":"https:\/\/radioinfinitagoya.com.ar\/v1\/wp-content\/uploads\/2026\/09\/apertura_licienciatura_en_educacion_6_firma_convenio_cooperac.jpg","articleSection":["LOCALES"],"inLanguage":"es-AR","potentialAction":[{"@type":"CommentAction","name":"Comment","target":["https:\/\/radioinfinitagoya.com.ar\/v1\/2026\/09\/06\/apertura-de-la-cohorte-2026-de-la-licenciatura-en-educacion\/#respond"]}]},{"@type":"WebPage","@id":"https:\/\/radioinfinitagoya.com.ar\/v1\/2026\/09\/06\/apertura-de-la-cohorte-2026-de-la-licenciatura-en-educacion\/","url":"https:\/\/radioinfinitagoya.com.ar\/v1\/2026\/09\/06\/apertura-de-la-cohorte-2026-de-la-licenciatura-en-educacion\/","name":"Apertura de la cohorte 2026 de la Licenciatura en Educaci\u00f3n - Radio Infinita Goya","isPartOf":{"@id":"https:\/\/radioinfinitagoya.com.ar\/v1\/#website"},"primaryImageOfPage":{"@id":"https:\/\/radioinfinitagoya.com.ar\/v1\/2026\/09\/06\/apertura-de-la-cohorte-2026-de-la-licenciatura-en-educacion\/#primaryimage"},"image":{"@id":"https:\/\/radioinfinitagoya.com.ar\/v1\/2026\/09\/06\/apertura-de-la-cohorte-2026-de-la-licenciatura-en-educacion\/#primaryimage"},"thumbnailUrl":"https:\/\/radioinfinitagoya.com.ar\/v1\/wp-content\/uploads\/2026\/09\/apertura_licienciatura_en_educacion_6_firma_convenio_cooperac.jpg","datePublished":"2026-09-06T18:54:31+00:00","description":"Mariano Hormaechea particip\u00f3 de la presentaci\u00f3n de la oferta de formaci\u00f3n acad\u00e9mica La apertura de esta nueva cohorte se logra gracias a la articulaci\u00f3n","breadcrumb":{"@id":"https:\/\/radioinfinitagoya.com.ar\/v1\/2026\/09\/06\/apertura-de-la-cohorte-2026-de-la-licenciatura-en-educacion\/#breadcrumb"},"inLanguage":"es-AR","potentialAction":[{"@type":"ReadAction","target":["https:\/\/radioinfinitagoya.com.ar\/v1\/2026\/09\/06\/apertura-de-la-cohorte-2026-de-la-licenciatura-en-educacion\/"]}]},{"@type":"ImageObject","inLanguage":"es-AR","@id":"https:\/\/radioinfinitagoya.com.ar\/v1\/2026\/09\/06\/apertura-de-la-cohorte-2026-de-la-licenciatura-en-educacion\/#primaryimage","url":"https:\/\/radioinfinitagoya.com.ar\/v1\/wp-content\/uploads\/2026\/09\/apertura_licienciatura_en_educacion_6_firma_convenio_cooperac.jpg","contentUrl":"https:\/\/radioinfinitagoya.com.ar\/v1\/wp-content\/uploads\/2026\/09\/apertura_licienciatura_en_educacion_6_firma_convenio_cooperac.jpg","width":848,"height":477},{"@type":"BreadcrumbList","@id":"https:\/\/radioinfinitagoya.com.ar\/v1\/2026\/09\/06\/apertura-de-la-cohorte-2026-de-la-licenciatura-en-educacion\/#breadcrumb","itemListElement":[{"@type":"ListItem","position":1,"name":"Inicio","item":"https:\/\/radioinfinitagoya.com.ar\/v1\/"},{"@type":"ListItem","position":2,"name":"Apertura de la cohorte 2026 de la Licenciatura en Educaci\u00f3n"}]},{"@type":"WebSite","@id":"https:\/\/radioinfinitagoya.com.ar\/v1\/#website","url":"https:\/\/radioinfinitagoya.com.ar\/v1\/","name":"radioinfinitagoya.com.ar","description":"Radio de noticias","publisher":{"@id":"https:\/\/radioinfinitagoya.com.ar\/v1\/#organization"},"potentialAction":[{"@type":"SearchAction","target":{"@type":"EntryPoint","urlTemplate":"https:\/\/radioinfinitagoya.com.ar\/v1\/?s={search_term_string}"},"query-input":{"@type":"PropertyValueSpecification","valueRequired":true,"valueName":"search_term_string"}}],"inLanguage":"es-AR"},{"@type":"Organization","@id":"https:\/\/radioinfinitagoya.com.ar\/v1\/#organization","name":"Radio Infinita Goya","url":"https:\/\/radioinfinitagoya.com.ar\/v1\/","logo":{"@type":"ImageObject","inLanguage":"es-AR","@id":"https:\/\/radioinfinitagoya.com.ar\/v1\/#\/schema\/logo\/image\/","url":"https:\/\/radioinfinitagoya.com.ar\/v1\/wp-content\/uploads\/2019\/11\/logo-pie-web.png","contentUrl":"https:\/\/radioinfinitagoya.com.ar\/v1\/wp-content\/uploads\/2019\/11\/logo-pie-web.png","width":635,"height":326,"caption":"Radio Infinita Goya"},"image":{"@id":"https:\/\/radioinfinitagoya.com.ar\/v1\/#\/schema\/logo\/image\/"},"sameAs":["https:\/\/www.facebook.com\/p\/Infinita-Goya-100063870918311\/"]},{"@type":"Person","@id":"https:\/\/radioinfinitagoya.com.ar\/v1\/#\/schema\/person\/d4cf9c413d4f6edb24aabdccab49ca4a","name":"Jorge Mi\u00f1o","image":{"@type":"ImageObject","inLanguage":"es-AR","@id":"https:\/\/secure.gravatar.com\/avatar\/910fcf6728fe95320e07a6643c1581fec1c7fc4bf8ae12e3d8f0d0373dc844be?s=96&d=mm&r=g","url":"https:\/\/secure.gravatar.com\/avatar\/910fcf6728fe95320e07a6643c1581fec1c7fc4bf8ae12e3d8f0d0373dc844be?s=96&d=mm&r=g","contentUrl":"https:\/\/secure.gravatar.com\/avatar\/910fcf6728fe95320e07a6643c1581fec1c7fc4bf8ae12e3d8f0d0373dc844be?s=96&d=mm&r=g","caption":"Jorge Mi\u00f1o"},"sameAs":["http:\/\/radioinfinitagoya.com.ar"]}]}},"_links":{"self":[{"href":"https:\/\/radioinfinitagoya.com.ar\/v1\/wp-json\/wp\/v2\/posts\/226834","targetHints":{"allow":["GET"]}}],"collection":[{"href":"https:\/\/radioinfinitagoya.com.ar\/v1\/wp-json\/wp\/v2\/posts"}],"about":[{"href":"https:\/\/radioinfinitagoya.com.ar\/v1\/wp-json\/wp\/v2\/types\/post"}],"author":[{"embeddable":true,"href":"https:\/\/radioinfinitagoya.com.ar\/v1\/wp-json\/wp\/v2\/users\/4"}],"replies":[{"embeddable":true,"href":"https:\/\/radioinfinitagoya.com.ar\/v1\/wp-json\/wp\/v2\/comments?post=226834"}],"version-history":[{"count":1,"href":"https:\/\/radioinfinitagoya.com.ar\/v1\/wp-json\/wp\/v2\/posts\/226834\/revisions"}],"predecessor-version":[{"id":226836,"href":"https:\/\/radioinfinitagoya.com.ar\/v1\/wp-json\/wp\/v2\/posts\/226834\/revisions\/226836"}],"wp:featuredmedia":[{"embeddable":true,"href":"https:\/\/radioinfinitagoya.com.ar\/v1\/wp-json\/wp\/v2\/media\/226835"}],"wp:attachment":[{"href":"https:\/\/radioinfinitagoya.com.ar\/v1\/wp-json\/wp\/v2\/media?parent=226834"}],"wp:term":[{"taxonomy":"category","embeddable":true,"href":"https:\/\/radioinfinitagoya.com.ar\/v1\/wp-json\/wp\/v2\/categories?post=226834"},{"taxonomy":"post_tag","embeddable":true,"href":"https:\/\/radioinfinitagoya.com.ar\/v1\/wp-json\/wp\/v2\/tags?post=226834"}],"curies":[{"name":"wp","href":"https:\/\/api.w.org\/{rel}","templated":true}]}}