{"id":226843,"date":"2026-09-06T16:05:30","date_gmt":"2026-09-06T19:05:30","guid":{"rendered":"https:\/\/radioinfinitagoya.com.ar\/v1\/?p=226843"},"modified":"2026-09-06T16:05:30","modified_gmt":"2026-09-06T19:05:30","slug":"frio-extremo-y-luego-calor-asi-estara-el-tiempo-esta-semana-en-corrientes","status":"publish","type":"post","link":"https:\/\/radioinfinitagoya.com.ar\/v1\/2026\/09\/06\/frio-extremo-y-luego-calor-asi-estara-el-tiempo-esta-semana-en-corrientes\/","title":{"rendered":"Fr\u00edo extremo y luego calor: as\u00ed estar\u00e1 el tiempo esta semana en Corrientes"},"content":{"rendered":"<p>El SMN emiti\u00f3 un alerta amarilla por fr\u00edo extremo para algunas zonas de la provincia.<\/p>\n<p>El Servicio Meteorol\u00f3gico Nacional inform\u00f3 este domingo que rige una alerta amarilla por fr\u00edo extremo para algunas zonas de la provincia de Corrientes, aunque con los d\u00edas la m\u00ednimas ir\u00e1n ascendiendo.<\/p>\n<p>Seg\u00fan el organismo, el alerta amarilla para este lunes afectar\u00e1 a las localidades de Monte Caseros, Ituzaing\u00f3 y San Miguel.<\/p>\n<p>La advertencia se da despu\u00e9s de un fin de semana con un marcado descenso de las temperaturas en Corrientes, que dej\u00f3 jornadas fr\u00edas y con cielo mayormente cubierto en distintos puntos de la provincia.<\/p>\n<p>C\u00f3mo seguir\u00e1 el tiempo<\/p>\n<p>El comienzo de la semana se presentar\u00e1 fr\u00edo pero con cielo despejado. Para este lunes 7, se espera una m\u00ednima de 6\u00b0C y una m\u00e1xima de 17\u00b0C, sin lluvias.<\/p>\n<p>El martes 8 comenzar\u00e1 a notarse el ascenso t\u00e9rmico, con temperaturas de entre 9\u00b0C y 22\u00b0C y cielo mayormente soleado.<\/p>\n<p>Para el mi\u00e9rcoles 9, el pron\u00f3stico anticipa una m\u00ednima de 12\u00b0C y una m\u00e1xima de 24\u00b0C, con algunas nubes durante la jornada y baja probabilidad de precipitaciones.<\/p>\n<p>El jueves 10 ser\u00e1 el d\u00eda m\u00e1s c\u00e1lido de la primera parte de la semana, con una m\u00ednima de 13\u00b0C y una m\u00e1xima que podr\u00eda alcanzar los 27\u00b0C. Durante la noche aumentar\u00eda la posibilidad de lluvias, con una probabilidad estimada de entre 10% y 40%.<\/p>\n<p>En tanto, el viernes 11 habr\u00e1 un descenso de la temperatura m\u00e1xima, que rondar\u00eda los 24\u00b0C, mientras que la m\u00ednima se ubicar\u00eda en 21\u00b0C. Adem\u00e1s, se prev\u00e9n lluvias y tormentas durante la jornada, con una probabilidad de entre 10% y 40%.<\/p>\n","protected":false},"excerpt":{"rendered":"<p>El SMN emiti\u00f3 un alerta amarilla por fr\u00edo extremo para algunas zonas de la provincia. El Servicio Meteorol\u00f3gico Nacional inform\u00f3 este domingo que rige una alerta amarilla por fr\u00edo extremo para algunas zonas de la provincia de Corrientes, aunque con los d\u00edas la m\u00ednimas ir\u00e1n ascendiendo. Seg\u00fan el organismo, el alerta amarilla para este lunes [&hellip;]<\/p>\n","protected":false},"author":4,"featured_media":226844,"comment_status":"open","ping_status":"open","sticky":false,"template":"","format":"standard","meta":{"_joinchat":[],"footnotes":""},"categories":[26],"tags":[],"class_list":["post-226843","post","type-post","status-publish","format-standard","has-post-thumbnail","category-provinciales"],"yoast_head":"<!-- This site is optimized with the Yoast SEO plugin v27.7 - https:\/\/yoast.com\/product\/yoast-seo-wordpress\/ -->\n<title>Fr\u00edo extremo y luego calor: as\u00ed estar\u00e1 el tiempo esta semana en Corrientes - Radio Infinita Goya<\/title>\n<meta name=\"description\" content=\"El SMN emiti\u00f3 un alerta amarilla por fr\u00edo extremo para algunas zonas de la provincia. El Servicio Meteorol\u00f3gico Nacional inform\u00f3 este domingo que rige una\" \/>\n<meta name=\"robots\" content=\"index, follow, max-snippet:-1, max-image-preview:large, max-video-preview:-1\" \/>\n<link rel=\"canonical\" href=\"https:\/\/radioinfinitagoya.com.ar\/v1\/2026\/09\/06\/frio-extremo-y-luego-calor-asi-estara-el-tiempo-esta-semana-en-corrientes\/\" \/>\n<meta property=\"og:locale\" content=\"es_ES\" \/>\n<meta property=\"og:type\" content=\"article\" \/>\n<meta property=\"og:title\" content=\"Fr\u00edo extremo y luego calor: as\u00ed estar\u00e1 el tiempo esta semana en Corrientes - Radio Infinita Goya\" \/>\n<meta property=\"og:description\" content=\"El SMN emiti\u00f3 un alerta amarilla por fr\u00edo extremo para algunas zonas de la provincia. El Servicio Meteorol\u00f3gico Nacional inform\u00f3 este domingo que rige una\" \/>\n<meta property=\"og:url\" content=\"https:\/\/radioinfinitagoya.com.ar\/v1\/2026\/09\/06\/frio-extremo-y-luego-calor-asi-estara-el-tiempo-esta-semana-en-corrientes\/\" \/>\n<meta property=\"og:site_name\" content=\"Radio Infinita Goya\" \/>\n<meta property=\"article:publisher\" content=\"https:\/\/www.facebook.com\/p\/Infinita-Goya-100063870918311\/\" \/>\n<meta property=\"article:published_time\" content=\"2026-09-06T19:05:30+00:00\" \/>\n<meta property=\"og:image\" content=\"https:\/\/radioinfinitagoya.com.ar\/v1\/wp-content\/uploads\/2026\/09\/HRXUkv4a4AAOxjz.jpg\" \/>\n\t<meta property=\"og:image:width\" content=\"680\" \/>\n\t<meta property=\"og:image:height\" content=\"453\" \/>\n\t<meta property=\"og:image:type\" content=\"image\/jpeg\" \/>\n<meta name=\"author\" content=\"Jorge Mi\u00f1o\" \/>\n<meta name=\"twitter:card\" content=\"summary_large_image\" \/>\n<meta name=\"twitter:label1\" content=\"Escrito por\" \/>\n\t<meta name=\"twitter:data1\" content=\"Jorge Mi\u00f1o\" \/>\n\t<meta name=\"twitter:label2\" content=\"Tiempo de lectura\" \/>\n\t<meta name=\"twitter:data2\" content=\"2 minutos\" \/>\n<script type=\"application\/ld+json\" class=\"yoast-schema-graph\">{\"@context\":\"https:\\\/\\\/schema.org\",\"@graph\":[{\"@type\":\"Article\",\"@id\":\"https:\\\/\\\/radioinfinitagoya.com.ar\\\/v1\\\/2026\\\/09\\\/06\\\/frio-extremo-y-luego-calor-asi-estara-el-tiempo-esta-semana-en-corrientes\\\/#article\",\"isPartOf\":{\"@id\":\"https:\\\/\\\/radioinfinitagoya.com.ar\\\/v1\\\/2026\\\/09\\\/06\\\/frio-extremo-y-luego-calor-asi-estara-el-tiempo-esta-semana-en-corrientes\\\/\"},\"author\":{\"name\":\"Jorge Mi\u00f1o\",\"@id\":\"https:\\\/\\\/radioinfinitagoya.com.ar\\\/v1\\\/#\\\/schema\\\/person\\\/d4cf9c413d4f6edb24aabdccab49ca4a\"},\"headline\":\"Fr\u00edo extremo y luego calor: as\u00ed estar\u00e1 el tiempo esta semana en Corrientes\",\"datePublished\":\"2026-09-06T19:05:30+00:00\",\"mainEntityOfPage\":{\"@id\":\"https:\\\/\\\/radioinfinitagoya.com.ar\\\/v1\\\/2026\\\/09\\\/06\\\/frio-extremo-y-luego-calor-asi-estara-el-tiempo-esta-semana-en-corrientes\\\/\"},\"wordCount\":302,\"commentCount\":0,\"publisher\":{\"@id\":\"https:\\\/\\\/radioinfinitagoya.com.ar\\\/v1\\\/#organization\"},\"image\":{\"@id\":\"https:\\\/\\\/radioinfinitagoya.com.ar\\\/v1\\\/2026\\\/09\\\/06\\\/frio-extremo-y-luego-calor-asi-estara-el-tiempo-esta-semana-en-corrientes\\\/#primaryimage\"},\"thumbnailUrl\":\"https:\\\/\\\/radioinfinitagoya.com.ar\\\/v1\\\/wp-content\\\/uploads\\\/2026\\\/09\\\/HRXUkv4a4AAOxjz.jpg\",\"articleSection\":[\"PROVINCIALES\"],\"inLanguage\":\"es-AR\",\"potentialAction\":[{\"@type\":\"CommentAction\",\"name\":\"Comment\",\"target\":[\"https:\\\/\\\/radioinfinitagoya.com.ar\\\/v1\\\/2026\\\/09\\\/06\\\/frio-extremo-y-luego-calor-asi-estara-el-tiempo-esta-semana-en-corrientes\\\/#respond\"]}]},{\"@type\":\"WebPage\",\"@id\":\"https:\\\/\\\/radioinfinitagoya.com.ar\\\/v1\\\/2026\\\/09\\\/06\\\/frio-extremo-y-luego-calor-asi-estara-el-tiempo-esta-semana-en-corrientes\\\/\",\"url\":\"https:\\\/\\\/radioinfinitagoya.com.ar\\\/v1\\\/2026\\\/09\\\/06\\\/frio-extremo-y-luego-calor-asi-estara-el-tiempo-esta-semana-en-corrientes\\\/\",\"name\":\"Fr\u00edo extremo y luego calor: as\u00ed estar\u00e1 el tiempo esta semana en Corrientes - Radio Infinita Goya\",\"isPartOf\":{\"@id\":\"https:\\\/\\\/radioinfinitagoya.com.ar\\\/v1\\\/#website\"},\"primaryImageOfPage\":{\"@id\":\"https:\\\/\\\/radioinfinitagoya.com.ar\\\/v1\\\/2026\\\/09\\\/06\\\/frio-extremo-y-luego-calor-asi-estara-el-tiempo-esta-semana-en-corrientes\\\/#primaryimage\"},\"image\":{\"@id\":\"https:\\\/\\\/radioinfinitagoya.com.ar\\\/v1\\\/2026\\\/09\\\/06\\\/frio-extremo-y-luego-calor-asi-estara-el-tiempo-esta-semana-en-corrientes\\\/#primaryimage\"},\"thumbnailUrl\":\"https:\\\/\\\/radioinfinitagoya.com.ar\\\/v1\\\/wp-content\\\/uploads\\\/2026\\\/09\\\/HRXUkv4a4AAOxjz.jpg\",\"datePublished\":\"2026-09-06T19:05:30+00:00\",\"description\":\"El SMN emiti\u00f3 un alerta amarilla por fr\u00edo extremo para algunas zonas de la provincia. El Servicio Meteorol\u00f3gico Nacional inform\u00f3 este domingo que rige una\",\"breadcrumb\":{\"@id\":\"https:\\\/\\\/radioinfinitagoya.com.ar\\\/v1\\\/2026\\\/09\\\/06\\\/frio-extremo-y-luego-calor-asi-estara-el-tiempo-esta-semana-en-corrientes\\\/#breadcrumb\"},\"inLanguage\":\"es-AR\",\"potentialAction\":[{\"@type\":\"ReadAction\",\"target\":[\"https:\\\/\\\/radioinfinitagoya.com.ar\\\/v1\\\/2026\\\/09\\\/06\\\/frio-extremo-y-luego-calor-asi-estara-el-tiempo-esta-semana-en-corrientes\\\/\"]}]},{\"@type\":\"ImageObject\",\"inLanguage\":\"es-AR\",\"@id\":\"https:\\\/\\\/radioinfinitagoya.com.ar\\\/v1\\\/2026\\\/09\\\/06\\\/frio-extremo-y-luego-calor-asi-estara-el-tiempo-esta-semana-en-corrientes\\\/#primaryimage\",\"url\":\"https:\\\/\\\/radioinfinitagoya.com.ar\\\/v1\\\/wp-content\\\/uploads\\\/2026\\\/09\\\/HRXUkv4a4AAOxjz.jpg\",\"contentUrl\":\"https:\\\/\\\/radioinfinitagoya.com.ar\\\/v1\\\/wp-content\\\/uploads\\\/2026\\\/09\\\/HRXUkv4a4AAOxjz.jpg\",\"width\":680,\"height\":453},{\"@type\":\"BreadcrumbList\",\"@id\":\"https:\\\/\\\/radioinfinitagoya.com.ar\\\/v1\\\/2026\\\/09\\\/06\\\/frio-extremo-y-luego-calor-asi-estara-el-tiempo-esta-semana-en-corrientes\\\/#breadcrumb\",\"itemListElement\":[{\"@type\":\"ListItem\",\"position\":1,\"name\":\"Inicio\",\"item\":\"https:\\\/\\\/radioinfinitagoya.com.ar\\\/v1\\\/\"},{\"@type\":\"ListItem\",\"position\":2,\"name\":\"Fr\u00edo extremo y luego calor: as\u00ed estar\u00e1 el tiempo esta semana en Corrientes\"}]},{\"@type\":\"WebSite\",\"@id\":\"https:\\\/\\\/radioinfinitagoya.com.ar\\\/v1\\\/#website\",\"url\":\"https:\\\/\\\/radioinfinitagoya.com.ar\\\/v1\\\/\",\"name\":\"radioinfinitagoya.com.ar\",\"description\":\"Radio de noticias\",\"publisher\":{\"@id\":\"https:\\\/\\\/radioinfinitagoya.com.ar\\\/v1\\\/#organization\"},\"potentialAction\":[{\"@type\":\"SearchAction\",\"target\":{\"@type\":\"EntryPoint\",\"urlTemplate\":\"https:\\\/\\\/radioinfinitagoya.com.ar\\\/v1\\\/?s={search_term_string}\"},\"query-input\":{\"@type\":\"PropertyValueSpecification\",\"valueRequired\":true,\"valueName\":\"search_term_string\"}}],\"inLanguage\":\"es-AR\"},{\"@type\":\"Organization\",\"@id\":\"https:\\\/\\\/radioinfinitagoya.com.ar\\\/v1\\\/#organization\",\"name\":\"Radio Infinita Goya\",\"url\":\"https:\\\/\\\/radioinfinitagoya.com.ar\\\/v1\\\/\",\"logo\":{\"@type\":\"ImageObject\",\"inLanguage\":\"es-AR\",\"@id\":\"https:\\\/\\\/radioinfinitagoya.com.ar\\\/v1\\\/#\\\/schema\\\/logo\\\/image\\\/\",\"url\":\"https:\\\/\\\/radioinfinitagoya.com.ar\\\/v1\\\/wp-content\\\/uploads\\\/2019\\\/11\\\/logo-pie-web.png\",\"contentUrl\":\"https:\\\/\\\/radioinfinitagoya.com.ar\\\/v1\\\/wp-content\\\/uploads\\\/2019\\\/11\\\/logo-pie-web.png\",\"width\":635,\"height\":326,\"caption\":\"Radio Infinita Goya\"},\"image\":{\"@id\":\"https:\\\/\\\/radioinfinitagoya.com.ar\\\/v1\\\/#\\\/schema\\\/logo\\\/image\\\/\"},\"sameAs\":[\"https:\\\/\\\/www.facebook.com\\\/p\\\/Infinita-Goya-100063870918311\\\/\"]},{\"@type\":\"Person\",\"@id\":\"https:\\\/\\\/radioinfinitagoya.com.ar\\\/v1\\\/#\\\/schema\\\/person\\\/d4cf9c413d4f6edb24aabdccab49ca4a\",\"name\":\"Jorge Mi\u00f1o\",\"image\":{\"@type\":\"ImageObject\",\"inLanguage\":\"es-AR\",\"@id\":\"https:\\\/\\\/secure.gravatar.com\\\/avatar\\\/910fcf6728fe95320e07a6643c1581fec1c7fc4bf8ae12e3d8f0d0373dc844be?s=96&d=mm&r=g\",\"url\":\"https:\\\/\\\/secure.gravatar.com\\\/avatar\\\/910fcf6728fe95320e07a6643c1581fec1c7fc4bf8ae12e3d8f0d0373dc844be?s=96&d=mm&r=g\",\"contentUrl\":\"https:\\\/\\\/secure.gravatar.com\\\/avatar\\\/910fcf6728fe95320e07a6643c1581fec1c7fc4bf8ae12e3d8f0d0373dc844be?s=96&d=mm&r=g\",\"caption\":\"Jorge Mi\u00f1o\"},\"sameAs\":[\"http:\\\/\\\/radioinfinitagoya.com.ar\"]}]}<\/script>\n<!-- \/ Yoast SEO plugin. -->","yoast_head_json":{"title":"Fr\u00edo extremo y luego calor: as\u00ed estar\u00e1 el tiempo esta semana en Corrientes - Radio Infinita Goya","description":"El SMN emiti\u00f3 un alerta amarilla por fr\u00edo extremo para algunas zonas de la provincia. El Servicio Meteorol\u00f3gico Nacional inform\u00f3 este domingo que rige una","robots":{"index":"index","follow":"follow","max-snippet":"max-snippet:-1","max-image-preview":"max-image-preview:large","max-video-preview":"max-video-preview:-1"},"canonical":"https:\/\/radioinfinitagoya.com.ar\/v1\/2026\/09\/06\/frio-extremo-y-luego-calor-asi-estara-el-tiempo-esta-semana-en-corrientes\/","og_locale":"es_ES","og_type":"article","og_title":"Fr\u00edo extremo y luego calor: as\u00ed estar\u00e1 el tiempo esta semana en Corrientes - Radio Infinita Goya","og_description":"El SMN emiti\u00f3 un alerta amarilla por fr\u00edo extremo para algunas zonas de la provincia. El Servicio Meteorol\u00f3gico Nacional inform\u00f3 este domingo que rige una","og_url":"https:\/\/radioinfinitagoya.com.ar\/v1\/2026\/09\/06\/frio-extremo-y-luego-calor-asi-estara-el-tiempo-esta-semana-en-corrientes\/","og_site_name":"Radio Infinita Goya","article_publisher":"https:\/\/www.facebook.com\/p\/Infinita-Goya-100063870918311\/","article_published_time":"2026-09-06T19:05:30+00:00","og_image":[{"width":680,"height":453,"url":"https:\/\/radioinfinitagoya.com.ar\/v1\/wp-content\/uploads\/2026\/09\/HRXUkv4a4AAOxjz.jpg","type":"image\/jpeg"}],"author":"Jorge Mi\u00f1o","twitter_card":"summary_large_image","twitter_misc":{"Escrito por":"Jorge Mi\u00f1o","Tiempo de lectura":"2 minutos"},"schema":{"@context":"https:\/\/schema.org","@graph":[{"@type":"Article","@id":"https:\/\/radioinfinitagoya.com.ar\/v1\/2026\/09\/06\/frio-extremo-y-luego-calor-asi-estara-el-tiempo-esta-semana-en-corrientes\/#article","isPartOf":{"@id":"https:\/\/radioinfinitagoya.com.ar\/v1\/2026\/09\/06\/frio-extremo-y-luego-calor-asi-estara-el-tiempo-esta-semana-en-corrientes\/"},"author":{"name":"Jorge Mi\u00f1o","@id":"https:\/\/radioinfinitagoya.com.ar\/v1\/#\/schema\/person\/d4cf9c413d4f6edb24aabdccab49ca4a"},"headline":"Fr\u00edo extremo y luego calor: as\u00ed estar\u00e1 el tiempo esta semana en Corrientes","datePublished":"2026-09-06T19:05:30+00:00","mainEntityOfPage":{"@id":"https:\/\/radioinfinitagoya.com.ar\/v1\/2026\/09\/06\/frio-extremo-y-luego-calor-asi-estara-el-tiempo-esta-semana-en-corrientes\/"},"wordCount":302,"commentCount":0,"publisher":{"@id":"https:\/\/radioinfinitagoya.com.ar\/v1\/#organization"},"image":{"@id":"https:\/\/radioinfinitagoya.com.ar\/v1\/2026\/09\/06\/frio-extremo-y-luego-calor-asi-estara-el-tiempo-esta-semana-en-corrientes\/#primaryimage"},"thumbnailUrl":"https:\/\/radioinfinitagoya.com.ar\/v1\/wp-content\/uploads\/2026\/09\/HRXUkv4a4AAOxjz.jpg","articleSection":["PROVINCIALES"],"inLanguage":"es-AR","potentialAction":[{"@type":"CommentAction","name":"Comment","target":["https:\/\/radioinfinitagoya.com.ar\/v1\/2026\/09\/06\/frio-extremo-y-luego-calor-asi-estara-el-tiempo-esta-semana-en-corrientes\/#respond"]}]},{"@type":"WebPage","@id":"https:\/\/radioinfinitagoya.com.ar\/v1\/2026\/09\/06\/frio-extremo-y-luego-calor-asi-estara-el-tiempo-esta-semana-en-corrientes\/","url":"https:\/\/radioinfinitagoya.com.ar\/v1\/2026\/09\/06\/frio-extremo-y-luego-calor-asi-estara-el-tiempo-esta-semana-en-corrientes\/","name":"Fr\u00edo extremo y luego calor: as\u00ed estar\u00e1 el tiempo esta semana en Corrientes - Radio Infinita Goya","isPartOf":{"@id":"https:\/\/radioinfinitagoya.com.ar\/v1\/#website"},"primaryImageOfPage":{"@id":"https:\/\/radioinfinitagoya.com.ar\/v1\/2026\/09\/06\/frio-extremo-y-luego-calor-asi-estara-el-tiempo-esta-semana-en-corrientes\/#primaryimage"},"image":{"@id":"https:\/\/radioinfinitagoya.com.ar\/v1\/2026\/09\/06\/frio-extremo-y-luego-calor-asi-estara-el-tiempo-esta-semana-en-corrientes\/#primaryimage"},"thumbnailUrl":"https:\/\/radioinfinitagoya.com.ar\/v1\/wp-content\/uploads\/2026\/09\/HRXUkv4a4AAOxjz.jpg","datePublished":"2026-09-06T19:05:30+00:00","description":"El SMN emiti\u00f3 un alerta amarilla por fr\u00edo extremo para algunas zonas de la provincia. El Servicio Meteorol\u00f3gico Nacional inform\u00f3 este domingo que rige una","breadcrumb":{"@id":"https:\/\/radioinfinitagoya.com.ar\/v1\/2026\/09\/06\/frio-extremo-y-luego-calor-asi-estara-el-tiempo-esta-semana-en-corrientes\/#breadcrumb"},"inLanguage":"es-AR","potentialAction":[{"@type":"ReadAction","target":["https:\/\/radioinfinitagoya.com.ar\/v1\/2026\/09\/06\/frio-extremo-y-luego-calor-asi-estara-el-tiempo-esta-semana-en-corrientes\/"]}]},{"@type":"ImageObject","inLanguage":"es-AR","@id":"https:\/\/radioinfinitagoya.com.ar\/v1\/2026\/09\/06\/frio-extremo-y-luego-calor-asi-estara-el-tiempo-esta-semana-en-corrientes\/#primaryimage","url":"https:\/\/radioinfinitagoya.com.ar\/v1\/wp-content\/uploads\/2026\/09\/HRXUkv4a4AAOxjz.jpg","contentUrl":"https:\/\/radioinfinitagoya.com.ar\/v1\/wp-content\/uploads\/2026\/09\/HRXUkv4a4AAOxjz.jpg","width":680,"height":453},{"@type":"BreadcrumbList","@id":"https:\/\/radioinfinitagoya.com.ar\/v1\/2026\/09\/06\/frio-extremo-y-luego-calor-asi-estara-el-tiempo-esta-semana-en-corrientes\/#breadcrumb","itemListElement":[{"@type":"ListItem","position":1,"name":"Inicio","item":"https:\/\/radioinfinitagoya.com.ar\/v1\/"},{"@type":"ListItem","position":2,"name":"Fr\u00edo extremo y luego calor: as\u00ed estar\u00e1 el tiempo esta semana en Corrientes"}]},{"@type":"WebSite","@id":"https:\/\/radioinfinitagoya.com.ar\/v1\/#website","url":"https:\/\/radioinfinitagoya.com.ar\/v1\/","name":"radioinfinitagoya.com.ar","description":"Radio de noticias","publisher":{"@id":"https:\/\/radioinfinitagoya.com.ar\/v1\/#organization"},"potentialAction":[{"@type":"SearchAction","target":{"@type":"EntryPoint","urlTemplate":"https:\/\/radioinfinitagoya.com.ar\/v1\/?s={search_term_string}"},"query-input":{"@type":"PropertyValueSpecification","valueRequired":true,"valueName":"search_term_string"}}],"inLanguage":"es-AR"},{"@type":"Organization","@id":"https:\/\/radioinfinitagoya.com.ar\/v1\/#organization","name":"Radio Infinita Goya","url":"https:\/\/radioinfinitagoya.com.ar\/v1\/","logo":{"@type":"ImageObject","inLanguage":"es-AR","@id":"https:\/\/radioinfinitagoya.com.ar\/v1\/#\/schema\/logo\/image\/","url":"https:\/\/radioinfinitagoya.com.ar\/v1\/wp-content\/uploads\/2019\/11\/logo-pie-web.png","contentUrl":"https:\/\/radioinfinitagoya.com.ar\/v1\/wp-content\/uploads\/2019\/11\/logo-pie-web.png","width":635,"height":326,"caption":"Radio Infinita Goya"},"image":{"@id":"https:\/\/radioinfinitagoya.com.ar\/v1\/#\/schema\/logo\/image\/"},"sameAs":["https:\/\/www.facebook.com\/p\/Infinita-Goya-100063870918311\/"]},{"@type":"Person","@id":"https:\/\/radioinfinitagoya.com.ar\/v1\/#\/schema\/person\/d4cf9c413d4f6edb24aabdccab49ca4a","name":"Jorge Mi\u00f1o","image":{"@type":"ImageObject","inLanguage":"es-AR","@id":"https:\/\/secure.gravatar.com\/avatar\/910fcf6728fe95320e07a6643c1581fec1c7fc4bf8ae12e3d8f0d0373dc844be?s=96&d=mm&r=g","url":"https:\/\/secure.gravatar.com\/avatar\/910fcf6728fe95320e07a6643c1581fec1c7fc4bf8ae12e3d8f0d0373dc844be?s=96&d=mm&r=g","contentUrl":"https:\/\/secure.gravatar.com\/avatar\/910fcf6728fe95320e07a6643c1581fec1c7fc4bf8ae12e3d8f0d0373dc844be?s=96&d=mm&r=g","caption":"Jorge Mi\u00f1o"},"sameAs":["http:\/\/radioinfinitagoya.com.ar"]}]}},"_links":{"self":[{"href":"https:\/\/radioinfinitagoya.com.ar\/v1\/wp-json\/wp\/v2\/posts\/226843","targetHints":{"allow":["GET"]}}],"collection":[{"href":"https:\/\/radioinfinitagoya.com.ar\/v1\/wp-json\/wp\/v2\/posts"}],"about":[{"href":"https:\/\/radioinfinitagoya.com.ar\/v1\/wp-json\/wp\/v2\/types\/post"}],"author":[{"embeddable":true,"href":"https:\/\/radioinfinitagoya.com.ar\/v1\/wp-json\/wp\/v2\/users\/4"}],"replies":[{"embeddable":true,"href":"https:\/\/radioinfinitagoya.com.ar\/v1\/wp-json\/wp\/v2\/comments?post=226843"}],"version-history":[{"count":1,"href":"https:\/\/radioinfinitagoya.com.ar\/v1\/wp-json\/wp\/v2\/posts\/226843\/revisions"}],"predecessor-version":[{"id":226845,"href":"https:\/\/radioinfinitagoya.com.ar\/v1\/wp-json\/wp\/v2\/posts\/226843\/revisions\/226845"}],"wp:featuredmedia":[{"embeddable":true,"href":"https:\/\/radioinfinitagoya.com.ar\/v1\/wp-json\/wp\/v2\/media\/226844"}],"wp:attachment":[{"href":"https:\/\/radioinfinitagoya.com.ar\/v1\/wp-json\/wp\/v2\/media?parent=226843"}],"wp:term":[{"taxonomy":"category","embeddable":true,"href":"https:\/\/radioinfinitagoya.com.ar\/v1\/wp-json\/wp\/v2\/categories?post=226843"},{"taxonomy":"post_tag","embeddable":true,"href":"https:\/\/radioinfinitagoya.com.ar\/v1\/wp-json\/wp\/v2\/tags?post=226843"}],"curies":[{"name":"wp","href":"https:\/\/api.w.org\/{rel}","templated":true}]}}