{"id":226846,"date":"2026-09-06T16:08:14","date_gmt":"2026-09-06T19:08:14","guid":{"rendered":"https:\/\/radioinfinitagoya.com.ar\/v1\/?p=226846"},"modified":"2026-09-06T16:08:14","modified_gmt":"2026-09-06T19:08:14","slug":"con-buena-participacion-concluyo-el-provincial-de-feria-de-ciencias","status":"publish","type":"post","link":"https:\/\/radioinfinitagoya.com.ar\/v1\/2026\/09\/06\/con-buena-participacion-concluyo-el-provincial-de-feria-de-ciencias\/","title":{"rendered":"Con buena participaci\u00f3n concluy\u00f3 el provincial de Feria de Ciencias"},"content":{"rendered":"<p>La muestra educativa reuni\u00f3 a los clasificados en su fase decisiva. El encuentro congreg\u00f3 a cientos de estudiantes de varias localidades. En ella se definieron qui\u00e9nes representar\u00e1n a Corrientes en el certamen nacional que se disputar\u00e1 en tres provincias.<\/p>\n<p>El pasado mi\u00e9rcoles y jueves en el Centro de Educaci\u00f3n F\u00edsica N\u00ba 1 se exhibieron unos 60 proyectos representativos de los departamentos que avanzaron desde las instancias zonales hacia la provincial. Esta etapa involucr\u00f3 a 180 estudiantes y m\u00e1s de 70 docentes.<\/p>\n<p>Esta nueva etapa representa un punto de encuentro competitivo y de exhibici\u00f3n p\u00fablica, adem\u00e1s de una muestra del modelo pedag\u00f3gico transversal que fue promoviendo el pensamiento cr\u00edtico, la curiosidad cient\u00edfica y la vocaci\u00f3n por la resoluci\u00f3n de problemas cotidianos de la sociedad.<\/p>\n<p>Desde las escuelas rurales hasta las grandes unidades urbanas, el entusiasmo se traduce en jornadas de ensayo, sistematizaci\u00f3n de cuadernos de campo y perfeccionamiento de l\u00e1minas explicativas. El certamen fue una fiesta del saber de la infancia y la juventud correntina.<\/p>\n<p>Esto lo demuestran los trabajos ganadores entre los que se pueden destacar el denominado &#8220;As\u00ed se pinta Corrientes&#8221;, presentado por el EJI 17 &#8220;Manuelita&#8221; de la capital. Adem\u00e1s de &#8220;Misi\u00f3n plumas&#8221;, que fue representado por alumnos de la Escuela Primaria 764 &#8220;Diego Ferreyra&#8221;- Jard\u00edn Anexo &#8220;Las Urraquitas y Los Cardenales ubicado en el paraje Puente Batel.<\/p>\n<p>Otro de los trabajos ganadores fue &#8220;Aprendemos geometr\u00eda con el Tangram y las TICS&#8221; de la Escuela Primaria 956 &#8220;Nuestra Se\u00f1ora de la Medalla Milagrosa&#8221; de la ciudad capital.<\/p>\n<p>&#8220;\u00bfFlota o se hunde el miedo?&#8221; fue el trabajo destacado y realizado por los alumnos de la Escuela de Frontera Intercultural Biling\u00fce 619 Uruguayana de Paso de los Libres.<\/p>\n<p>&#8220;El auge de la ludopat\u00eda juvenil: un estudio sobre las estrategias de dise\u00f1o en plataformas de apuestas online&#8221;. Este trabajo fue realizado por alumnos de la Escuela Integral Art\u00edstica I-33 de Ituzaing\u00f3.<\/p>\n<p>Estos junto a otros trabajos m\u00e1s recibieron el reconocimiento de la ministra de Educaci\u00f3n y de Gustavo Berbere, coordinador de Ciencias y Tecnolog\u00eda.<\/p>\n<p>&#8220;Tenemos una alegr\u00eda inmensa. Pese a que se presentaron 60 trabajos, se tuvo que elegir 18 para las nacionales&#8221;, dijo Berbere a \u00e9poca.<\/p>\n<p>&#8220;La log\u00edstica comenz\u00f3 a principios de a\u00f1o. Las dos jornadas vividas esta semana son muy emotivas. Hubo 80 evaluadores y con cuatro visitas eligieron los mejores trabajos&#8221;, coment\u00f3 el funcionario.<\/p>\n<p>Diversidad de temas<br \/>\nJunto con el notable incremento en la cantidad de participantes, la actual edici\u00f3n sobresale por una pluralidad tem\u00e1tica. Los trabajos abarcan la experimentaci\u00f3n cient\u00edfica tradicional de laboratorio, pero tambi\u00e9n saltan hacia m\u00faltiples \u00e1reas de conocimiento interrelacionadas.<\/p>\n<p>En el abanico de proyectos coexisten desarrollos vinculados a la programaci\u00f3n, la rob\u00f3tica y las tecnolog\u00edas aplicadas a la cotidianidad, pasando por indagaciones enfocadas en el cuidado del medio ambiente.<\/p>\n<p>Provinciales y nacionales<br \/>\nEl horizonte de la Feria de Ciencias proyecta tambi\u00e9n una destacada representaci\u00f3n en las plataformas cient\u00edficas del pa\u00eds. Con la preparaci\u00f3n en marcha, el compromiso de las comisiones evaluadoras y el entusiasmo caracter\u00edstico de los alumnos autores, la instancia provincial del certamen se vislumbra como una verdadera fiesta del conocimiento.<\/p>\n<p>Tras el despliegue escolar de mayo y junio, la instancia zonal, realizada en la Facultad de Derecho de la UNNE, reuni\u00f3 m\u00e1s de 450 producciones evaluadas por 300 docentes, de las cuales 60 representaciones departamentales lograron su pase a la fase clave que se desarrollar\u00e1 los d\u00edas 2 y 3 de septiembre en el CEF N\u00ba1 de la capital provincial. En esta instancia, 180 alumnos y 70 docentes disputar\u00e1n uno de los 18 lugares para representar a Corrientes en el certamen nacional que se celebrar\u00e1 entre octubre y noviembre en San Luis, Jujuy y C\u00f3rdoba.<\/p>\n","protected":false},"excerpt":{"rendered":"<p>La muestra educativa reuni\u00f3 a los clasificados en su fase decisiva. El encuentro congreg\u00f3 a cientos de estudiantes de varias localidades. En ella se definieron qui\u00e9nes representar\u00e1n a Corrientes en el certamen nacional que se disputar\u00e1 en tres provincias. El pasado mi\u00e9rcoles y jueves en el Centro de Educaci\u00f3n F\u00edsica N\u00ba 1 se exhibieron unos [&hellip;]<\/p>\n","protected":false},"author":4,"featured_media":226847,"comment_status":"open","ping_status":"open","sticky":false,"template":"","format":"standard","meta":{"_joinchat":[],"footnotes":""},"categories":[26],"tags":[],"class_list":["post-226846","post","type-post","status-publish","format-standard","has-post-thumbnail","category-provinciales"],"yoast_head":"<!-- This site is optimized with the Yoast SEO plugin v27.7 - https:\/\/yoast.com\/product\/yoast-seo-wordpress\/ -->\n<title>Con buena participaci\u00f3n concluy\u00f3 el provincial de Feria de Ciencias - Radio Infinita Goya<\/title>\n<meta name=\"description\" content=\"La muestra educativa reuni\u00f3 a los clasificados en su fase decisiva. El encuentro congreg\u00f3 a cientos de estudiantes de varias localidades. En ella se\" \/>\n<meta name=\"robots\" content=\"index, follow, max-snippet:-1, max-image-preview:large, max-video-preview:-1\" \/>\n<link rel=\"canonical\" href=\"https:\/\/radioinfinitagoya.com.ar\/v1\/2026\/09\/06\/con-buena-participacion-concluyo-el-provincial-de-feria-de-ciencias\/\" \/>\n<meta property=\"og:locale\" content=\"es_ES\" \/>\n<meta property=\"og:type\" content=\"article\" \/>\n<meta property=\"og:title\" content=\"Con buena participaci\u00f3n concluy\u00f3 el provincial de Feria de Ciencias - Radio Infinita Goya\" \/>\n<meta property=\"og:description\" content=\"La muestra educativa reuni\u00f3 a los clasificados en su fase decisiva. El encuentro congreg\u00f3 a cientos de estudiantes de varias localidades. En ella se\" \/>\n<meta property=\"og:url\" content=\"https:\/\/radioinfinitagoya.com.ar\/v1\/2026\/09\/06\/con-buena-participacion-concluyo-el-provincial-de-feria-de-ciencias\/\" \/>\n<meta property=\"og:site_name\" content=\"Radio Infinita Goya\" \/>\n<meta property=\"article:publisher\" content=\"https:\/\/www.facebook.com\/p\/Infinita-Goya-100063870918311\/\" \/>\n<meta property=\"article:published_time\" content=\"2026-09-06T19:08:14+00:00\" \/>\n<meta property=\"og:image\" content=\"https:\/\/radioinfinitagoya.com.ar\/v1\/wp-content\/uploads\/2026\/09\/292823w850h609c.jpg.webp\" \/>\n\t<meta property=\"og:image:width\" content=\"850\" \/>\n\t<meta property=\"og:image:height\" content=\"609\" \/>\n\t<meta property=\"og:image:type\" content=\"image\/webp\" \/>\n<meta name=\"author\" content=\"Jorge Mi\u00f1o\" \/>\n<meta name=\"twitter:card\" content=\"summary_large_image\" \/>\n<meta name=\"twitter:label1\" content=\"Escrito por\" \/>\n\t<meta name=\"twitter:data1\" content=\"Jorge Mi\u00f1o\" \/>\n\t<meta name=\"twitter:label2\" content=\"Tiempo de lectura\" \/>\n\t<meta name=\"twitter:data2\" content=\"3 minutos\" \/>\n<script type=\"application\/ld+json\" class=\"yoast-schema-graph\">{\"@context\":\"https:\\\/\\\/schema.org\",\"@graph\":[{\"@type\":\"Article\",\"@id\":\"https:\\\/\\\/radioinfinitagoya.com.ar\\\/v1\\\/2026\\\/09\\\/06\\\/con-buena-participacion-concluyo-el-provincial-de-feria-de-ciencias\\\/#article\",\"isPartOf\":{\"@id\":\"https:\\\/\\\/radioinfinitagoya.com.ar\\\/v1\\\/2026\\\/09\\\/06\\\/con-buena-participacion-concluyo-el-provincial-de-feria-de-ciencias\\\/\"},\"author\":{\"name\":\"Jorge Mi\u00f1o\",\"@id\":\"https:\\\/\\\/radioinfinitagoya.com.ar\\\/v1\\\/#\\\/schema\\\/person\\\/d4cf9c413d4f6edb24aabdccab49ca4a\"},\"headline\":\"Con buena participaci\u00f3n concluy\u00f3 el provincial de Feria de Ciencias\",\"datePublished\":\"2026-09-06T19:08:14+00:00\",\"mainEntityOfPage\":{\"@id\":\"https:\\\/\\\/radioinfinitagoya.com.ar\\\/v1\\\/2026\\\/09\\\/06\\\/con-buena-participacion-concluyo-el-provincial-de-feria-de-ciencias\\\/\"},\"wordCount\":646,\"commentCount\":0,\"publisher\":{\"@id\":\"https:\\\/\\\/radioinfinitagoya.com.ar\\\/v1\\\/#organization\"},\"image\":{\"@id\":\"https:\\\/\\\/radioinfinitagoya.com.ar\\\/v1\\\/2026\\\/09\\\/06\\\/con-buena-participacion-concluyo-el-provincial-de-feria-de-ciencias\\\/#primaryimage\"},\"thumbnailUrl\":\"https:\\\/\\\/radioinfinitagoya.com.ar\\\/v1\\\/wp-content\\\/uploads\\\/2026\\\/09\\\/292823w850h609c.jpg.webp\",\"articleSection\":[\"PROVINCIALES\"],\"inLanguage\":\"es-AR\",\"potentialAction\":[{\"@type\":\"CommentAction\",\"name\":\"Comment\",\"target\":[\"https:\\\/\\\/radioinfinitagoya.com.ar\\\/v1\\\/2026\\\/09\\\/06\\\/con-buena-participacion-concluyo-el-provincial-de-feria-de-ciencias\\\/#respond\"]}]},{\"@type\":\"WebPage\",\"@id\":\"https:\\\/\\\/radioinfinitagoya.com.ar\\\/v1\\\/2026\\\/09\\\/06\\\/con-buena-participacion-concluyo-el-provincial-de-feria-de-ciencias\\\/\",\"url\":\"https:\\\/\\\/radioinfinitagoya.com.ar\\\/v1\\\/2026\\\/09\\\/06\\\/con-buena-participacion-concluyo-el-provincial-de-feria-de-ciencias\\\/\",\"name\":\"Con buena participaci\u00f3n concluy\u00f3 el provincial de Feria de Ciencias - Radio Infinita Goya\",\"isPartOf\":{\"@id\":\"https:\\\/\\\/radioinfinitagoya.com.ar\\\/v1\\\/#website\"},\"primaryImageOfPage\":{\"@id\":\"https:\\\/\\\/radioinfinitagoya.com.ar\\\/v1\\\/2026\\\/09\\\/06\\\/con-buena-participacion-concluyo-el-provincial-de-feria-de-ciencias\\\/#primaryimage\"},\"image\":{\"@id\":\"https:\\\/\\\/radioinfinitagoya.com.ar\\\/v1\\\/2026\\\/09\\\/06\\\/con-buena-participacion-concluyo-el-provincial-de-feria-de-ciencias\\\/#primaryimage\"},\"thumbnailUrl\":\"https:\\\/\\\/radioinfinitagoya.com.ar\\\/v1\\\/wp-content\\\/uploads\\\/2026\\\/09\\\/292823w850h609c.jpg.webp\",\"datePublished\":\"2026-09-06T19:08:14+00:00\",\"description\":\"La muestra educativa reuni\u00f3 a los clasificados en su fase decisiva. El encuentro congreg\u00f3 a cientos de estudiantes de varias localidades. En ella se\",\"breadcrumb\":{\"@id\":\"https:\\\/\\\/radioinfinitagoya.com.ar\\\/v1\\\/2026\\\/09\\\/06\\\/con-buena-participacion-concluyo-el-provincial-de-feria-de-ciencias\\\/#breadcrumb\"},\"inLanguage\":\"es-AR\",\"potentialAction\":[{\"@type\":\"ReadAction\",\"target\":[\"https:\\\/\\\/radioinfinitagoya.com.ar\\\/v1\\\/2026\\\/09\\\/06\\\/con-buena-participacion-concluyo-el-provincial-de-feria-de-ciencias\\\/\"]}]},{\"@type\":\"ImageObject\",\"inLanguage\":\"es-AR\",\"@id\":\"https:\\\/\\\/radioinfinitagoya.com.ar\\\/v1\\\/2026\\\/09\\\/06\\\/con-buena-participacion-concluyo-el-provincial-de-feria-de-ciencias\\\/#primaryimage\",\"url\":\"https:\\\/\\\/radioinfinitagoya.com.ar\\\/v1\\\/wp-content\\\/uploads\\\/2026\\\/09\\\/292823w850h609c.jpg.webp\",\"contentUrl\":\"https:\\\/\\\/radioinfinitagoya.com.ar\\\/v1\\\/wp-content\\\/uploads\\\/2026\\\/09\\\/292823w850h609c.jpg.webp\",\"width\":850,\"height\":609},{\"@type\":\"BreadcrumbList\",\"@id\":\"https:\\\/\\\/radioinfinitagoya.com.ar\\\/v1\\\/2026\\\/09\\\/06\\\/con-buena-participacion-concluyo-el-provincial-de-feria-de-ciencias\\\/#breadcrumb\",\"itemListElement\":[{\"@type\":\"ListItem\",\"position\":1,\"name\":\"Inicio\",\"item\":\"https:\\\/\\\/radioinfinitagoya.com.ar\\\/v1\\\/\"},{\"@type\":\"ListItem\",\"position\":2,\"name\":\"Con buena participaci\u00f3n concluy\u00f3 el provincial de Feria de Ciencias\"}]},{\"@type\":\"WebSite\",\"@id\":\"https:\\\/\\\/radioinfinitagoya.com.ar\\\/v1\\\/#website\",\"url\":\"https:\\\/\\\/radioinfinitagoya.com.ar\\\/v1\\\/\",\"name\":\"radioinfinitagoya.com.ar\",\"description\":\"Radio de noticias\",\"publisher\":{\"@id\":\"https:\\\/\\\/radioinfinitagoya.com.ar\\\/v1\\\/#organization\"},\"potentialAction\":[{\"@type\":\"SearchAction\",\"target\":{\"@type\":\"EntryPoint\",\"urlTemplate\":\"https:\\\/\\\/radioinfinitagoya.com.ar\\\/v1\\\/?s={search_term_string}\"},\"query-input\":{\"@type\":\"PropertyValueSpecification\",\"valueRequired\":true,\"valueName\":\"search_term_string\"}}],\"inLanguage\":\"es-AR\"},{\"@type\":\"Organization\",\"@id\":\"https:\\\/\\\/radioinfinitagoya.com.ar\\\/v1\\\/#organization\",\"name\":\"Radio Infinita Goya\",\"url\":\"https:\\\/\\\/radioinfinitagoya.com.ar\\\/v1\\\/\",\"logo\":{\"@type\":\"ImageObject\",\"inLanguage\":\"es-AR\",\"@id\":\"https:\\\/\\\/radioinfinitagoya.com.ar\\\/v1\\\/#\\\/schema\\\/logo\\\/image\\\/\",\"url\":\"https:\\\/\\\/radioinfinitagoya.com.ar\\\/v1\\\/wp-content\\\/uploads\\\/2019\\\/11\\\/logo-pie-web.png\",\"contentUrl\":\"https:\\\/\\\/radioinfinitagoya.com.ar\\\/v1\\\/wp-content\\\/uploads\\\/2019\\\/11\\\/logo-pie-web.png\",\"width\":635,\"height\":326,\"caption\":\"Radio Infinita Goya\"},\"image\":{\"@id\":\"https:\\\/\\\/radioinfinitagoya.com.ar\\\/v1\\\/#\\\/schema\\\/logo\\\/image\\\/\"},\"sameAs\":[\"https:\\\/\\\/www.facebook.com\\\/p\\\/Infinita-Goya-100063870918311\\\/\"]},{\"@type\":\"Person\",\"@id\":\"https:\\\/\\\/radioinfinitagoya.com.ar\\\/v1\\\/#\\\/schema\\\/person\\\/d4cf9c413d4f6edb24aabdccab49ca4a\",\"name\":\"Jorge Mi\u00f1o\",\"image\":{\"@type\":\"ImageObject\",\"inLanguage\":\"es-AR\",\"@id\":\"https:\\\/\\\/secure.gravatar.com\\\/avatar\\\/910fcf6728fe95320e07a6643c1581fec1c7fc4bf8ae12e3d8f0d0373dc844be?s=96&d=mm&r=g\",\"url\":\"https:\\\/\\\/secure.gravatar.com\\\/avatar\\\/910fcf6728fe95320e07a6643c1581fec1c7fc4bf8ae12e3d8f0d0373dc844be?s=96&d=mm&r=g\",\"contentUrl\":\"https:\\\/\\\/secure.gravatar.com\\\/avatar\\\/910fcf6728fe95320e07a6643c1581fec1c7fc4bf8ae12e3d8f0d0373dc844be?s=96&d=mm&r=g\",\"caption\":\"Jorge Mi\u00f1o\"},\"sameAs\":[\"http:\\\/\\\/radioinfinitagoya.com.ar\"]}]}<\/script>\n<!-- \/ Yoast SEO plugin. -->","yoast_head_json":{"title":"Con buena participaci\u00f3n concluy\u00f3 el provincial de Feria de Ciencias - Radio Infinita Goya","description":"La muestra educativa reuni\u00f3 a los clasificados en su fase decisiva. El encuentro congreg\u00f3 a cientos de estudiantes de varias localidades. En ella se","robots":{"index":"index","follow":"follow","max-snippet":"max-snippet:-1","max-image-preview":"max-image-preview:large","max-video-preview":"max-video-preview:-1"},"canonical":"https:\/\/radioinfinitagoya.com.ar\/v1\/2026\/09\/06\/con-buena-participacion-concluyo-el-provincial-de-feria-de-ciencias\/","og_locale":"es_ES","og_type":"article","og_title":"Con buena participaci\u00f3n concluy\u00f3 el provincial de Feria de Ciencias - Radio Infinita Goya","og_description":"La muestra educativa reuni\u00f3 a los clasificados en su fase decisiva. El encuentro congreg\u00f3 a cientos de estudiantes de varias localidades. En ella se","og_url":"https:\/\/radioinfinitagoya.com.ar\/v1\/2026\/09\/06\/con-buena-participacion-concluyo-el-provincial-de-feria-de-ciencias\/","og_site_name":"Radio Infinita Goya","article_publisher":"https:\/\/www.facebook.com\/p\/Infinita-Goya-100063870918311\/","article_published_time":"2026-09-06T19:08:14+00:00","og_image":[{"width":850,"height":609,"url":"https:\/\/radioinfinitagoya.com.ar\/v1\/wp-content\/uploads\/2026\/09\/292823w850h609c.jpg.webp","type":"image\/webp"}],"author":"Jorge Mi\u00f1o","twitter_card":"summary_large_image","twitter_misc":{"Escrito por":"Jorge Mi\u00f1o","Tiempo de lectura":"3 minutos"},"schema":{"@context":"https:\/\/schema.org","@graph":[{"@type":"Article","@id":"https:\/\/radioinfinitagoya.com.ar\/v1\/2026\/09\/06\/con-buena-participacion-concluyo-el-provincial-de-feria-de-ciencias\/#article","isPartOf":{"@id":"https:\/\/radioinfinitagoya.com.ar\/v1\/2026\/09\/06\/con-buena-participacion-concluyo-el-provincial-de-feria-de-ciencias\/"},"author":{"name":"Jorge Mi\u00f1o","@id":"https:\/\/radioinfinitagoya.com.ar\/v1\/#\/schema\/person\/d4cf9c413d4f6edb24aabdccab49ca4a"},"headline":"Con buena participaci\u00f3n concluy\u00f3 el provincial de Feria de Ciencias","datePublished":"2026-09-06T19:08:14+00:00","mainEntityOfPage":{"@id":"https:\/\/radioinfinitagoya.com.ar\/v1\/2026\/09\/06\/con-buena-participacion-concluyo-el-provincial-de-feria-de-ciencias\/"},"wordCount":646,"commentCount":0,"publisher":{"@id":"https:\/\/radioinfinitagoya.com.ar\/v1\/#organization"},"image":{"@id":"https:\/\/radioinfinitagoya.com.ar\/v1\/2026\/09\/06\/con-buena-participacion-concluyo-el-provincial-de-feria-de-ciencias\/#primaryimage"},"thumbnailUrl":"https:\/\/radioinfinitagoya.com.ar\/v1\/wp-content\/uploads\/2026\/09\/292823w850h609c.jpg.webp","articleSection":["PROVINCIALES"],"inLanguage":"es-AR","potentialAction":[{"@type":"CommentAction","name":"Comment","target":["https:\/\/radioinfinitagoya.com.ar\/v1\/2026\/09\/06\/con-buena-participacion-concluyo-el-provincial-de-feria-de-ciencias\/#respond"]}]},{"@type":"WebPage","@id":"https:\/\/radioinfinitagoya.com.ar\/v1\/2026\/09\/06\/con-buena-participacion-concluyo-el-provincial-de-feria-de-ciencias\/","url":"https:\/\/radioinfinitagoya.com.ar\/v1\/2026\/09\/06\/con-buena-participacion-concluyo-el-provincial-de-feria-de-ciencias\/","name":"Con buena participaci\u00f3n concluy\u00f3 el provincial de Feria de Ciencias - Radio Infinita Goya","isPartOf":{"@id":"https:\/\/radioinfinitagoya.com.ar\/v1\/#website"},"primaryImageOfPage":{"@id":"https:\/\/radioinfinitagoya.com.ar\/v1\/2026\/09\/06\/con-buena-participacion-concluyo-el-provincial-de-feria-de-ciencias\/#primaryimage"},"image":{"@id":"https:\/\/radioinfinitagoya.com.ar\/v1\/2026\/09\/06\/con-buena-participacion-concluyo-el-provincial-de-feria-de-ciencias\/#primaryimage"},"thumbnailUrl":"https:\/\/radioinfinitagoya.com.ar\/v1\/wp-content\/uploads\/2026\/09\/292823w850h609c.jpg.webp","datePublished":"2026-09-06T19:08:14+00:00","description":"La muestra educativa reuni\u00f3 a los clasificados en su fase decisiva. El encuentro congreg\u00f3 a cientos de estudiantes de varias localidades. En ella se","breadcrumb":{"@id":"https:\/\/radioinfinitagoya.com.ar\/v1\/2026\/09\/06\/con-buena-participacion-concluyo-el-provincial-de-feria-de-ciencias\/#breadcrumb"},"inLanguage":"es-AR","potentialAction":[{"@type":"ReadAction","target":["https:\/\/radioinfinitagoya.com.ar\/v1\/2026\/09\/06\/con-buena-participacion-concluyo-el-provincial-de-feria-de-ciencias\/"]}]},{"@type":"ImageObject","inLanguage":"es-AR","@id":"https:\/\/radioinfinitagoya.com.ar\/v1\/2026\/09\/06\/con-buena-participacion-concluyo-el-provincial-de-feria-de-ciencias\/#primaryimage","url":"https:\/\/radioinfinitagoya.com.ar\/v1\/wp-content\/uploads\/2026\/09\/292823w850h609c.jpg.webp","contentUrl":"https:\/\/radioinfinitagoya.com.ar\/v1\/wp-content\/uploads\/2026\/09\/292823w850h609c.jpg.webp","width":850,"height":609},{"@type":"BreadcrumbList","@id":"https:\/\/radioinfinitagoya.com.ar\/v1\/2026\/09\/06\/con-buena-participacion-concluyo-el-provincial-de-feria-de-ciencias\/#breadcrumb","itemListElement":[{"@type":"ListItem","position":1,"name":"Inicio","item":"https:\/\/radioinfinitagoya.com.ar\/v1\/"},{"@type":"ListItem","position":2,"name":"Con buena participaci\u00f3n concluy\u00f3 el provincial de Feria de Ciencias"}]},{"@type":"WebSite","@id":"https:\/\/radioinfinitagoya.com.ar\/v1\/#website","url":"https:\/\/radioinfinitagoya.com.ar\/v1\/","name":"radioinfinitagoya.com.ar","description":"Radio de noticias","publisher":{"@id":"https:\/\/radioinfinitagoya.com.ar\/v1\/#organization"},"potentialAction":[{"@type":"SearchAction","target":{"@type":"EntryPoint","urlTemplate":"https:\/\/radioinfinitagoya.com.ar\/v1\/?s={search_term_string}"},"query-input":{"@type":"PropertyValueSpecification","valueRequired":true,"valueName":"search_term_string"}}],"inLanguage":"es-AR"},{"@type":"Organization","@id":"https:\/\/radioinfinitagoya.com.ar\/v1\/#organization","name":"Radio Infinita Goya","url":"https:\/\/radioinfinitagoya.com.ar\/v1\/","logo":{"@type":"ImageObject","inLanguage":"es-AR","@id":"https:\/\/radioinfinitagoya.com.ar\/v1\/#\/schema\/logo\/image\/","url":"https:\/\/radioinfinitagoya.com.ar\/v1\/wp-content\/uploads\/2019\/11\/logo-pie-web.png","contentUrl":"https:\/\/radioinfinitagoya.com.ar\/v1\/wp-content\/uploads\/2019\/11\/logo-pie-web.png","width":635,"height":326,"caption":"Radio Infinita Goya"},"image":{"@id":"https:\/\/radioinfinitagoya.com.ar\/v1\/#\/schema\/logo\/image\/"},"sameAs":["https:\/\/www.facebook.com\/p\/Infinita-Goya-100063870918311\/"]},{"@type":"Person","@id":"https:\/\/radioinfinitagoya.com.ar\/v1\/#\/schema\/person\/d4cf9c413d4f6edb24aabdccab49ca4a","name":"Jorge Mi\u00f1o","image":{"@type":"ImageObject","inLanguage":"es-AR","@id":"https:\/\/secure.gravatar.com\/avatar\/910fcf6728fe95320e07a6643c1581fec1c7fc4bf8ae12e3d8f0d0373dc844be?s=96&d=mm&r=g","url":"https:\/\/secure.gravatar.com\/avatar\/910fcf6728fe95320e07a6643c1581fec1c7fc4bf8ae12e3d8f0d0373dc844be?s=96&d=mm&r=g","contentUrl":"https:\/\/secure.gravatar.com\/avatar\/910fcf6728fe95320e07a6643c1581fec1c7fc4bf8ae12e3d8f0d0373dc844be?s=96&d=mm&r=g","caption":"Jorge Mi\u00f1o"},"sameAs":["http:\/\/radioinfinitagoya.com.ar"]}]}},"_links":{"self":[{"href":"https:\/\/radioinfinitagoya.com.ar\/v1\/wp-json\/wp\/v2\/posts\/226846","targetHints":{"allow":["GET"]}}],"collection":[{"href":"https:\/\/radioinfinitagoya.com.ar\/v1\/wp-json\/wp\/v2\/posts"}],"about":[{"href":"https:\/\/radioinfinitagoya.com.ar\/v1\/wp-json\/wp\/v2\/types\/post"}],"author":[{"embeddable":true,"href":"https:\/\/radioinfinitagoya.com.ar\/v1\/wp-json\/wp\/v2\/users\/4"}],"replies":[{"embeddable":true,"href":"https:\/\/radioinfinitagoya.com.ar\/v1\/wp-json\/wp\/v2\/comments?post=226846"}],"version-history":[{"count":1,"href":"https:\/\/radioinfinitagoya.com.ar\/v1\/wp-json\/wp\/v2\/posts\/226846\/revisions"}],"predecessor-version":[{"id":226848,"href":"https:\/\/radioinfinitagoya.com.ar\/v1\/wp-json\/wp\/v2\/posts\/226846\/revisions\/226848"}],"wp:featuredmedia":[{"embeddable":true,"href":"https:\/\/radioinfinitagoya.com.ar\/v1\/wp-json\/wp\/v2\/media\/226847"}],"wp:attachment":[{"href":"https:\/\/radioinfinitagoya.com.ar\/v1\/wp-json\/wp\/v2\/media?parent=226846"}],"wp:term":[{"taxonomy":"category","embeddable":true,"href":"https:\/\/radioinfinitagoya.com.ar\/v1\/wp-json\/wp\/v2\/categories?post=226846"},{"taxonomy":"post_tag","embeddable":true,"href":"https:\/\/radioinfinitagoya.com.ar\/v1\/wp-json\/wp\/v2\/tags?post=226846"}],"curies":[{"name":"wp","href":"https:\/\/api.w.org\/{rel}","templated":true}]}}