{"id":226849,"date":"2026-09-06T16:10:19","date_gmt":"2026-09-06T19:10:19","guid":{"rendered":"https:\/\/radioinfinitagoya.com.ar\/v1\/?p=226849"},"modified":"2026-09-06T16:10:19","modified_gmt":"2026-09-06T19:10:19","slug":"quedo-vigente-la-baja-de-la-edad-de-imputabilidad","status":"publish","type":"post","link":"https:\/\/radioinfinitagoya.com.ar\/v1\/2026\/09\/06\/quedo-vigente-la-baja-de-la-edad-de-imputabilidad\/","title":{"rendered":"Qued\u00f3 vigente la baja de la edad de imputabilidad"},"content":{"rendered":"<p>Y se fijar\u00e1n condenas desde los 14 a\u00f1os<\/p>\n<p>El nuevo r\u00e9gimen penal juvenil fue aprobado en febrero pasado y desde ese momento al menos seis menores asesinos siguieron fuera del alcance de la ley.<\/p>\n<p>Desde este s\u00e1bado 5 de septiembre rige en la Argentina el nuevo R\u00e9gimen Penal Juvenil, que baja de 16 a 14 a\u00f1os la edad m\u00ednima de imputabilidad y permite que adolescentes de esa edad sean procesados, juzgados y eventualmente condenados por delitos contemplados en el C\u00f3digo Penal.<\/p>\n<p>La modificaci\u00f3n fue establecida por la Ley 27.801, sancionada por el Congreso el 27 de febrero y publicada en el Bolet\u00edn Oficial el 9 de marzo. La propia norma dispuso que comenzar\u00eda a aplicarse 180 d\u00edas despu\u00e9s de su publicaci\u00f3n, plazo que se cumpli\u00f3 este s\u00e1bado.<\/p>\n<p>De esta manera, quedan alcanzados por el nuevo sistema los adolescentes desde los 14 a\u00f1os y hasta el momento en que cumplen 18. Para determinar si corresponde aplicar el r\u00e9gimen se tomar\u00e1 en cuenta la edad que ten\u00eda el acusado al momento de cometer el hecho.<\/p>\n<p>Hasta ahora, los menores de 16 a\u00f1os eran considerados no punibles. Adem\u00e1s, el r\u00e9gimen anterior establec\u00eda restricciones para aplicar penas a j\u00f3venes menores de 18 a\u00f1os cuando se trataba de delitos de acci\u00f3n privada o de hechos castigados con penas de hasta dos a\u00f1os de prisi\u00f3n. Ese esquema qued\u00f3 derogado con la entrada en vigencia de la nueva legislaci\u00f3n.<\/p>\n<p>La reforma no implica, sin embargo, que todos los delitos cometidos desde los 14 a\u00f1os terminen con una pena de prisi\u00f3n. Para aquellos hechos cuya escala penal sea de hasta tres a\u00f1os, la ley establece que la prisi\u00f3n deber\u00e1 ser reemplazada por otras sanciones. Entre las alternativas aparecen tareas comunitarias, monitoreo electr\u00f3nico, prohibiciones de acercamiento o concurrencia a determinados lugares y reparaci\u00f3n del da\u00f1o a la v\u00edctima.<\/p>\n<p>En los casos m\u00e1s graves, los jueces podr\u00e1n disponer penas privativas de la libertad, que podr\u00e1n cumplirse en un domicilio, en un instituto abierto o en un establecimiento especializado para adolescentes. La nueva normativa proh\u00edbe expresamente aplicar prisi\u00f3n o reclusi\u00f3n perpetua y fija en 15 a\u00f1os el m\u00e1ximo de privaci\u00f3n de la libertad, incluso cuando la escala prevista para el delito sea superior.<\/p>\n<p>La ley establece adem\u00e1s que el r\u00e9gimen debe buscar que el adolescente comprenda la responsabilidad por sus actos y tenga como objetivos su educaci\u00f3n, resocializaci\u00f3n e integraci\u00f3n social. En paralelo, reconoce la protecci\u00f3n de los derechos de las v\u00edctimas y dispone que los padres ser\u00e1n civilmente responsables por los il\u00edcitos cometidos por sus hijos en los t\u00e9rminos del C\u00f3digo Civil y Comercial.<\/p>\n<p>Con la entrada en vigencia de la reforma, los hechos cometidos desde este 5 de septiembre por adolescentes de 14 y 15 a\u00f1os podr\u00e1n dar lugar a procesos penales y condenas, uno de los cambios m\u00e1s importantes en materia penal juvenil de las \u00faltimas d\u00e9cadas.<\/p>\n","protected":false},"excerpt":{"rendered":"<p>Y se fijar\u00e1n condenas desde los 14 a\u00f1os El nuevo r\u00e9gimen penal juvenil fue aprobado en febrero pasado y desde ese momento al menos seis menores asesinos siguieron fuera del alcance de la ley. Desde este s\u00e1bado 5 de septiembre rige en la Argentina el nuevo R\u00e9gimen Penal Juvenil, que baja de 16 a 14 [&hellip;]<\/p>\n","protected":false},"author":4,"featured_media":226850,"comment_status":"open","ping_status":"open","sticky":false,"template":"","format":"standard","meta":{"_joinchat":[],"footnotes":""},"categories":[29],"tags":[],"class_list":["post-226849","post","type-post","status-publish","format-standard","has-post-thumbnail","category-nacionales"],"yoast_head":"<!-- This site is optimized with the Yoast SEO plugin v27.7 - https:\/\/yoast.com\/product\/yoast-seo-wordpress\/ -->\n<title>Qued\u00f3 vigente la baja de la edad de imputabilidad - Radio Infinita Goya<\/title>\n<meta name=\"description\" content=\"Y se fijar\u00e1n condenas desde los 14 a\u00f1os El nuevo r\u00e9gimen penal juvenil fue aprobado en febrero pasado y desde ese momento al menos seis menores asesinos\" \/>\n<meta name=\"robots\" content=\"index, follow, max-snippet:-1, max-image-preview:large, max-video-preview:-1\" \/>\n<link rel=\"canonical\" href=\"https:\/\/radioinfinitagoya.com.ar\/v1\/2026\/09\/06\/quedo-vigente-la-baja-de-la-edad-de-imputabilidad\/\" \/>\n<meta property=\"og:locale\" content=\"es_ES\" \/>\n<meta property=\"og:type\" content=\"article\" \/>\n<meta property=\"og:title\" content=\"Qued\u00f3 vigente la baja de la edad de imputabilidad - Radio Infinita Goya\" \/>\n<meta property=\"og:description\" content=\"Y se fijar\u00e1n condenas desde los 14 a\u00f1os El nuevo r\u00e9gimen penal juvenil fue aprobado en febrero pasado y desde ese momento al menos seis menores asesinos\" \/>\n<meta property=\"og:url\" content=\"https:\/\/radioinfinitagoya.com.ar\/v1\/2026\/09\/06\/quedo-vigente-la-baja-de-la-edad-de-imputabilidad\/\" \/>\n<meta property=\"og:site_name\" content=\"Radio Infinita Goya\" \/>\n<meta property=\"article:publisher\" content=\"https:\/\/www.facebook.com\/p\/Infinita-Goya-100063870918311\/\" \/>\n<meta property=\"article:published_time\" content=\"2026-09-06T19:10:19+00:00\" \/>\n<meta property=\"og:image\" content=\"https:\/\/radioinfinitagoya.com.ar\/v1\/wp-content\/uploads\/2026\/09\/292800w380h230c.webp.webp\" \/>\n\t<meta property=\"og:image:width\" content=\"380\" \/>\n\t<meta property=\"og:image:height\" content=\"230\" \/>\n\t<meta property=\"og:image:type\" content=\"image\/webp\" \/>\n<meta name=\"author\" content=\"Jorge Mi\u00f1o\" \/>\n<meta name=\"twitter:card\" content=\"summary_large_image\" \/>\n<meta name=\"twitter:label1\" content=\"Escrito por\" \/>\n\t<meta name=\"twitter:data1\" content=\"Jorge Mi\u00f1o\" \/>\n\t<meta name=\"twitter:label2\" content=\"Tiempo de lectura\" \/>\n\t<meta name=\"twitter:data2\" content=\"3 minutos\" \/>\n<script type=\"application\/ld+json\" class=\"yoast-schema-graph\">{\"@context\":\"https:\\\/\\\/schema.org\",\"@graph\":[{\"@type\":\"Article\",\"@id\":\"https:\\\/\\\/radioinfinitagoya.com.ar\\\/v1\\\/2026\\\/09\\\/06\\\/quedo-vigente-la-baja-de-la-edad-de-imputabilidad\\\/#article\",\"isPartOf\":{\"@id\":\"https:\\\/\\\/radioinfinitagoya.com.ar\\\/v1\\\/2026\\\/09\\\/06\\\/quedo-vigente-la-baja-de-la-edad-de-imputabilidad\\\/\"},\"author\":{\"name\":\"Jorge Mi\u00f1o\",\"@id\":\"https:\\\/\\\/radioinfinitagoya.com.ar\\\/v1\\\/#\\\/schema\\\/person\\\/d4cf9c413d4f6edb24aabdccab49ca4a\"},\"headline\":\"Qued\u00f3 vigente la baja de la edad de imputabilidad\",\"datePublished\":\"2026-09-06T19:10:19+00:00\",\"mainEntityOfPage\":{\"@id\":\"https:\\\/\\\/radioinfinitagoya.com.ar\\\/v1\\\/2026\\\/09\\\/06\\\/quedo-vigente-la-baja-de-la-edad-de-imputabilidad\\\/\"},\"wordCount\":521,\"commentCount\":0,\"publisher\":{\"@id\":\"https:\\\/\\\/radioinfinitagoya.com.ar\\\/v1\\\/#organization\"},\"image\":{\"@id\":\"https:\\\/\\\/radioinfinitagoya.com.ar\\\/v1\\\/2026\\\/09\\\/06\\\/quedo-vigente-la-baja-de-la-edad-de-imputabilidad\\\/#primaryimage\"},\"thumbnailUrl\":\"https:\\\/\\\/radioinfinitagoya.com.ar\\\/v1\\\/wp-content\\\/uploads\\\/2026\\\/09\\\/292800w380h230c.webp.webp\",\"articleSection\":[\"NACIONALES\"],\"inLanguage\":\"es-AR\",\"potentialAction\":[{\"@type\":\"CommentAction\",\"name\":\"Comment\",\"target\":[\"https:\\\/\\\/radioinfinitagoya.com.ar\\\/v1\\\/2026\\\/09\\\/06\\\/quedo-vigente-la-baja-de-la-edad-de-imputabilidad\\\/#respond\"]}]},{\"@type\":\"WebPage\",\"@id\":\"https:\\\/\\\/radioinfinitagoya.com.ar\\\/v1\\\/2026\\\/09\\\/06\\\/quedo-vigente-la-baja-de-la-edad-de-imputabilidad\\\/\",\"url\":\"https:\\\/\\\/radioinfinitagoya.com.ar\\\/v1\\\/2026\\\/09\\\/06\\\/quedo-vigente-la-baja-de-la-edad-de-imputabilidad\\\/\",\"name\":\"Qued\u00f3 vigente la baja de la edad de imputabilidad - Radio Infinita Goya\",\"isPartOf\":{\"@id\":\"https:\\\/\\\/radioinfinitagoya.com.ar\\\/v1\\\/#website\"},\"primaryImageOfPage\":{\"@id\":\"https:\\\/\\\/radioinfinitagoya.com.ar\\\/v1\\\/2026\\\/09\\\/06\\\/quedo-vigente-la-baja-de-la-edad-de-imputabilidad\\\/#primaryimage\"},\"image\":{\"@id\":\"https:\\\/\\\/radioinfinitagoya.com.ar\\\/v1\\\/2026\\\/09\\\/06\\\/quedo-vigente-la-baja-de-la-edad-de-imputabilidad\\\/#primaryimage\"},\"thumbnailUrl\":\"https:\\\/\\\/radioinfinitagoya.com.ar\\\/v1\\\/wp-content\\\/uploads\\\/2026\\\/09\\\/292800w380h230c.webp.webp\",\"datePublished\":\"2026-09-06T19:10:19+00:00\",\"description\":\"Y se fijar\u00e1n condenas desde los 14 a\u00f1os El nuevo r\u00e9gimen penal juvenil fue aprobado en febrero pasado y desde ese momento al menos seis menores asesinos\",\"breadcrumb\":{\"@id\":\"https:\\\/\\\/radioinfinitagoya.com.ar\\\/v1\\\/2026\\\/09\\\/06\\\/quedo-vigente-la-baja-de-la-edad-de-imputabilidad\\\/#breadcrumb\"},\"inLanguage\":\"es-AR\",\"potentialAction\":[{\"@type\":\"ReadAction\",\"target\":[\"https:\\\/\\\/radioinfinitagoya.com.ar\\\/v1\\\/2026\\\/09\\\/06\\\/quedo-vigente-la-baja-de-la-edad-de-imputabilidad\\\/\"]}]},{\"@type\":\"ImageObject\",\"inLanguage\":\"es-AR\",\"@id\":\"https:\\\/\\\/radioinfinitagoya.com.ar\\\/v1\\\/2026\\\/09\\\/06\\\/quedo-vigente-la-baja-de-la-edad-de-imputabilidad\\\/#primaryimage\",\"url\":\"https:\\\/\\\/radioinfinitagoya.com.ar\\\/v1\\\/wp-content\\\/uploads\\\/2026\\\/09\\\/292800w380h230c.webp.webp\",\"contentUrl\":\"https:\\\/\\\/radioinfinitagoya.com.ar\\\/v1\\\/wp-content\\\/uploads\\\/2026\\\/09\\\/292800w380h230c.webp.webp\",\"width\":380,\"height\":230},{\"@type\":\"BreadcrumbList\",\"@id\":\"https:\\\/\\\/radioinfinitagoya.com.ar\\\/v1\\\/2026\\\/09\\\/06\\\/quedo-vigente-la-baja-de-la-edad-de-imputabilidad\\\/#breadcrumb\",\"itemListElement\":[{\"@type\":\"ListItem\",\"position\":1,\"name\":\"Inicio\",\"item\":\"https:\\\/\\\/radioinfinitagoya.com.ar\\\/v1\\\/\"},{\"@type\":\"ListItem\",\"position\":2,\"name\":\"Qued\u00f3 vigente la baja de la edad de imputabilidad\"}]},{\"@type\":\"WebSite\",\"@id\":\"https:\\\/\\\/radioinfinitagoya.com.ar\\\/v1\\\/#website\",\"url\":\"https:\\\/\\\/radioinfinitagoya.com.ar\\\/v1\\\/\",\"name\":\"radioinfinitagoya.com.ar\",\"description\":\"Radio de noticias\",\"publisher\":{\"@id\":\"https:\\\/\\\/radioinfinitagoya.com.ar\\\/v1\\\/#organization\"},\"potentialAction\":[{\"@type\":\"SearchAction\",\"target\":{\"@type\":\"EntryPoint\",\"urlTemplate\":\"https:\\\/\\\/radioinfinitagoya.com.ar\\\/v1\\\/?s={search_term_string}\"},\"query-input\":{\"@type\":\"PropertyValueSpecification\",\"valueRequired\":true,\"valueName\":\"search_term_string\"}}],\"inLanguage\":\"es-AR\"},{\"@type\":\"Organization\",\"@id\":\"https:\\\/\\\/radioinfinitagoya.com.ar\\\/v1\\\/#organization\",\"name\":\"Radio Infinita Goya\",\"url\":\"https:\\\/\\\/radioinfinitagoya.com.ar\\\/v1\\\/\",\"logo\":{\"@type\":\"ImageObject\",\"inLanguage\":\"es-AR\",\"@id\":\"https:\\\/\\\/radioinfinitagoya.com.ar\\\/v1\\\/#\\\/schema\\\/logo\\\/image\\\/\",\"url\":\"https:\\\/\\\/radioinfinitagoya.com.ar\\\/v1\\\/wp-content\\\/uploads\\\/2019\\\/11\\\/logo-pie-web.png\",\"contentUrl\":\"https:\\\/\\\/radioinfinitagoya.com.ar\\\/v1\\\/wp-content\\\/uploads\\\/2019\\\/11\\\/logo-pie-web.png\",\"width\":635,\"height\":326,\"caption\":\"Radio Infinita Goya\"},\"image\":{\"@id\":\"https:\\\/\\\/radioinfinitagoya.com.ar\\\/v1\\\/#\\\/schema\\\/logo\\\/image\\\/\"},\"sameAs\":[\"https:\\\/\\\/www.facebook.com\\\/p\\\/Infinita-Goya-100063870918311\\\/\"]},{\"@type\":\"Person\",\"@id\":\"https:\\\/\\\/radioinfinitagoya.com.ar\\\/v1\\\/#\\\/schema\\\/person\\\/d4cf9c413d4f6edb24aabdccab49ca4a\",\"name\":\"Jorge Mi\u00f1o\",\"image\":{\"@type\":\"ImageObject\",\"inLanguage\":\"es-AR\",\"@id\":\"https:\\\/\\\/secure.gravatar.com\\\/avatar\\\/910fcf6728fe95320e07a6643c1581fec1c7fc4bf8ae12e3d8f0d0373dc844be?s=96&d=mm&r=g\",\"url\":\"https:\\\/\\\/secure.gravatar.com\\\/avatar\\\/910fcf6728fe95320e07a6643c1581fec1c7fc4bf8ae12e3d8f0d0373dc844be?s=96&d=mm&r=g\",\"contentUrl\":\"https:\\\/\\\/secure.gravatar.com\\\/avatar\\\/910fcf6728fe95320e07a6643c1581fec1c7fc4bf8ae12e3d8f0d0373dc844be?s=96&d=mm&r=g\",\"caption\":\"Jorge Mi\u00f1o\"},\"sameAs\":[\"http:\\\/\\\/radioinfinitagoya.com.ar\"]}]}<\/script>\n<!-- \/ Yoast SEO plugin. -->","yoast_head_json":{"title":"Qued\u00f3 vigente la baja de la edad de imputabilidad - Radio Infinita Goya","description":"Y se fijar\u00e1n condenas desde los 14 a\u00f1os El nuevo r\u00e9gimen penal juvenil fue aprobado en febrero pasado y desde ese momento al menos seis menores asesinos","robots":{"index":"index","follow":"follow","max-snippet":"max-snippet:-1","max-image-preview":"max-image-preview:large","max-video-preview":"max-video-preview:-1"},"canonical":"https:\/\/radioinfinitagoya.com.ar\/v1\/2026\/09\/06\/quedo-vigente-la-baja-de-la-edad-de-imputabilidad\/","og_locale":"es_ES","og_type":"article","og_title":"Qued\u00f3 vigente la baja de la edad de imputabilidad - Radio Infinita Goya","og_description":"Y se fijar\u00e1n condenas desde los 14 a\u00f1os El nuevo r\u00e9gimen penal juvenil fue aprobado en febrero pasado y desde ese momento al menos seis menores asesinos","og_url":"https:\/\/radioinfinitagoya.com.ar\/v1\/2026\/09\/06\/quedo-vigente-la-baja-de-la-edad-de-imputabilidad\/","og_site_name":"Radio Infinita Goya","article_publisher":"https:\/\/www.facebook.com\/p\/Infinita-Goya-100063870918311\/","article_published_time":"2026-09-06T19:10:19+00:00","og_image":[{"width":380,"height":230,"url":"https:\/\/radioinfinitagoya.com.ar\/v1\/wp-content\/uploads\/2026\/09\/292800w380h230c.webp.webp","type":"image\/webp"}],"author":"Jorge Mi\u00f1o","twitter_card":"summary_large_image","twitter_misc":{"Escrito por":"Jorge Mi\u00f1o","Tiempo de lectura":"3 minutos"},"schema":{"@context":"https:\/\/schema.org","@graph":[{"@type":"Article","@id":"https:\/\/radioinfinitagoya.com.ar\/v1\/2026\/09\/06\/quedo-vigente-la-baja-de-la-edad-de-imputabilidad\/#article","isPartOf":{"@id":"https:\/\/radioinfinitagoya.com.ar\/v1\/2026\/09\/06\/quedo-vigente-la-baja-de-la-edad-de-imputabilidad\/"},"author":{"name":"Jorge Mi\u00f1o","@id":"https:\/\/radioinfinitagoya.com.ar\/v1\/#\/schema\/person\/d4cf9c413d4f6edb24aabdccab49ca4a"},"headline":"Qued\u00f3 vigente la baja de la edad de imputabilidad","datePublished":"2026-09-06T19:10:19+00:00","mainEntityOfPage":{"@id":"https:\/\/radioinfinitagoya.com.ar\/v1\/2026\/09\/06\/quedo-vigente-la-baja-de-la-edad-de-imputabilidad\/"},"wordCount":521,"commentCount":0,"publisher":{"@id":"https:\/\/radioinfinitagoya.com.ar\/v1\/#organization"},"image":{"@id":"https:\/\/radioinfinitagoya.com.ar\/v1\/2026\/09\/06\/quedo-vigente-la-baja-de-la-edad-de-imputabilidad\/#primaryimage"},"thumbnailUrl":"https:\/\/radioinfinitagoya.com.ar\/v1\/wp-content\/uploads\/2026\/09\/292800w380h230c.webp.webp","articleSection":["NACIONALES"],"inLanguage":"es-AR","potentialAction":[{"@type":"CommentAction","name":"Comment","target":["https:\/\/radioinfinitagoya.com.ar\/v1\/2026\/09\/06\/quedo-vigente-la-baja-de-la-edad-de-imputabilidad\/#respond"]}]},{"@type":"WebPage","@id":"https:\/\/radioinfinitagoya.com.ar\/v1\/2026\/09\/06\/quedo-vigente-la-baja-de-la-edad-de-imputabilidad\/","url":"https:\/\/radioinfinitagoya.com.ar\/v1\/2026\/09\/06\/quedo-vigente-la-baja-de-la-edad-de-imputabilidad\/","name":"Qued\u00f3 vigente la baja de la edad de imputabilidad - Radio Infinita Goya","isPartOf":{"@id":"https:\/\/radioinfinitagoya.com.ar\/v1\/#website"},"primaryImageOfPage":{"@id":"https:\/\/radioinfinitagoya.com.ar\/v1\/2026\/09\/06\/quedo-vigente-la-baja-de-la-edad-de-imputabilidad\/#primaryimage"},"image":{"@id":"https:\/\/radioinfinitagoya.com.ar\/v1\/2026\/09\/06\/quedo-vigente-la-baja-de-la-edad-de-imputabilidad\/#primaryimage"},"thumbnailUrl":"https:\/\/radioinfinitagoya.com.ar\/v1\/wp-content\/uploads\/2026\/09\/292800w380h230c.webp.webp","datePublished":"2026-09-06T19:10:19+00:00","description":"Y se fijar\u00e1n condenas desde los 14 a\u00f1os El nuevo r\u00e9gimen penal juvenil fue aprobado en febrero pasado y desde ese momento al menos seis menores asesinos","breadcrumb":{"@id":"https:\/\/radioinfinitagoya.com.ar\/v1\/2026\/09\/06\/quedo-vigente-la-baja-de-la-edad-de-imputabilidad\/#breadcrumb"},"inLanguage":"es-AR","potentialAction":[{"@type":"ReadAction","target":["https:\/\/radioinfinitagoya.com.ar\/v1\/2026\/09\/06\/quedo-vigente-la-baja-de-la-edad-de-imputabilidad\/"]}]},{"@type":"ImageObject","inLanguage":"es-AR","@id":"https:\/\/radioinfinitagoya.com.ar\/v1\/2026\/09\/06\/quedo-vigente-la-baja-de-la-edad-de-imputabilidad\/#primaryimage","url":"https:\/\/radioinfinitagoya.com.ar\/v1\/wp-content\/uploads\/2026\/09\/292800w380h230c.webp.webp","contentUrl":"https:\/\/radioinfinitagoya.com.ar\/v1\/wp-content\/uploads\/2026\/09\/292800w380h230c.webp.webp","width":380,"height":230},{"@type":"BreadcrumbList","@id":"https:\/\/radioinfinitagoya.com.ar\/v1\/2026\/09\/06\/quedo-vigente-la-baja-de-la-edad-de-imputabilidad\/#breadcrumb","itemListElement":[{"@type":"ListItem","position":1,"name":"Inicio","item":"https:\/\/radioinfinitagoya.com.ar\/v1\/"},{"@type":"ListItem","position":2,"name":"Qued\u00f3 vigente la baja de la edad de imputabilidad"}]},{"@type":"WebSite","@id":"https:\/\/radioinfinitagoya.com.ar\/v1\/#website","url":"https:\/\/radioinfinitagoya.com.ar\/v1\/","name":"radioinfinitagoya.com.ar","description":"Radio de noticias","publisher":{"@id":"https:\/\/radioinfinitagoya.com.ar\/v1\/#organization"},"potentialAction":[{"@type":"SearchAction","target":{"@type":"EntryPoint","urlTemplate":"https:\/\/radioinfinitagoya.com.ar\/v1\/?s={search_term_string}"},"query-input":{"@type":"PropertyValueSpecification","valueRequired":true,"valueName":"search_term_string"}}],"inLanguage":"es-AR"},{"@type":"Organization","@id":"https:\/\/radioinfinitagoya.com.ar\/v1\/#organization","name":"Radio Infinita Goya","url":"https:\/\/radioinfinitagoya.com.ar\/v1\/","logo":{"@type":"ImageObject","inLanguage":"es-AR","@id":"https:\/\/radioinfinitagoya.com.ar\/v1\/#\/schema\/logo\/image\/","url":"https:\/\/radioinfinitagoya.com.ar\/v1\/wp-content\/uploads\/2019\/11\/logo-pie-web.png","contentUrl":"https:\/\/radioinfinitagoya.com.ar\/v1\/wp-content\/uploads\/2019\/11\/logo-pie-web.png","width":635,"height":326,"caption":"Radio Infinita Goya"},"image":{"@id":"https:\/\/radioinfinitagoya.com.ar\/v1\/#\/schema\/logo\/image\/"},"sameAs":["https:\/\/www.facebook.com\/p\/Infinita-Goya-100063870918311\/"]},{"@type":"Person","@id":"https:\/\/radioinfinitagoya.com.ar\/v1\/#\/schema\/person\/d4cf9c413d4f6edb24aabdccab49ca4a","name":"Jorge Mi\u00f1o","image":{"@type":"ImageObject","inLanguage":"es-AR","@id":"https:\/\/secure.gravatar.com\/avatar\/910fcf6728fe95320e07a6643c1581fec1c7fc4bf8ae12e3d8f0d0373dc844be?s=96&d=mm&r=g","url":"https:\/\/secure.gravatar.com\/avatar\/910fcf6728fe95320e07a6643c1581fec1c7fc4bf8ae12e3d8f0d0373dc844be?s=96&d=mm&r=g","contentUrl":"https:\/\/secure.gravatar.com\/avatar\/910fcf6728fe95320e07a6643c1581fec1c7fc4bf8ae12e3d8f0d0373dc844be?s=96&d=mm&r=g","caption":"Jorge Mi\u00f1o"},"sameAs":["http:\/\/radioinfinitagoya.com.ar"]}]}},"_links":{"self":[{"href":"https:\/\/radioinfinitagoya.com.ar\/v1\/wp-json\/wp\/v2\/posts\/226849","targetHints":{"allow":["GET"]}}],"collection":[{"href":"https:\/\/radioinfinitagoya.com.ar\/v1\/wp-json\/wp\/v2\/posts"}],"about":[{"href":"https:\/\/radioinfinitagoya.com.ar\/v1\/wp-json\/wp\/v2\/types\/post"}],"author":[{"embeddable":true,"href":"https:\/\/radioinfinitagoya.com.ar\/v1\/wp-json\/wp\/v2\/users\/4"}],"replies":[{"embeddable":true,"href":"https:\/\/radioinfinitagoya.com.ar\/v1\/wp-json\/wp\/v2\/comments?post=226849"}],"version-history":[{"count":1,"href":"https:\/\/radioinfinitagoya.com.ar\/v1\/wp-json\/wp\/v2\/posts\/226849\/revisions"}],"predecessor-version":[{"id":226851,"href":"https:\/\/radioinfinitagoya.com.ar\/v1\/wp-json\/wp\/v2\/posts\/226849\/revisions\/226851"}],"wp:featuredmedia":[{"embeddable":true,"href":"https:\/\/radioinfinitagoya.com.ar\/v1\/wp-json\/wp\/v2\/media\/226850"}],"wp:attachment":[{"href":"https:\/\/radioinfinitagoya.com.ar\/v1\/wp-json\/wp\/v2\/media?parent=226849"}],"wp:term":[{"taxonomy":"category","embeddable":true,"href":"https:\/\/radioinfinitagoya.com.ar\/v1\/wp-json\/wp\/v2\/categories?post=226849"},{"taxonomy":"post_tag","embeddable":true,"href":"https:\/\/radioinfinitagoya.com.ar\/v1\/wp-json\/wp\/v2\/tags?post=226849"}],"curies":[{"name":"wp","href":"https:\/\/api.w.org\/{rel}","templated":true}]}}