{"id":226852,"date":"2026-09-06T16:15:38","date_gmt":"2026-09-06T19:15:38","guid":{"rendered":"https:\/\/radioinfinitagoya.com.ar\/v1\/?p=226852"},"modified":"2026-09-06T16:15:38","modified_gmt":"2026-09-06T19:15:38","slug":"florencio-varela-hay-cuatro-nuevos-detenidos-por-el-triple-femicidio","status":"publish","type":"post","link":"https:\/\/radioinfinitagoya.com.ar\/v1\/2026\/09\/06\/florencio-varela-hay-cuatro-nuevos-detenidos-por-el-triple-femicidio\/","title":{"rendered":"Florencio Varela: hay cuatro nuevos detenidos por el triple femicidio"},"content":{"rendered":"<p>En total ya son 14 sospechosos detenidos vinculados al crimen perpetrado en septiembre de 2025. El caso volvi\u00f3 a secreto de sumario para resguardar el avance de las nuevas pericias.<\/p>\n<p>La investigaci\u00f3n por el triple crimen de Morena Verdi, Brenda del Castillo y Lara Guti\u00e9rrez ocurrido en Florencio Varela sum\u00f3 otros cuatro detenidos por orden de la Justicia Federal de Mor\u00f3n. Los arrestos se concretaron luego de una serie de allanamientos en la Ciudad de Buenos Aires y en el conurbano.<\/p>\n<p>Durante el operativo desplegado en nueve domicilios, secuestraron tel\u00e9fonos celulares, dispositivos electr\u00f3nicos y otros elementos de inter\u00e9s para la causa. En uno de los lugares allanados, los agentes encontraron una pistola calibre 9 mil\u00edmetros con la numeraci\u00f3n suprimida y municiones.<\/p>\n<p>Los procedimientos, a cargo de la DDI La Matanza, fueron realizados entre la noche del viernes 4 y la ma\u00f1ana del s\u00e1bado 5 de septiembre en el Barrio Illia y en domicilios ubicados sobre las calles Carlos Calvo, Lavalle, Defensa y Charr\u00faa.<\/p>\n<p>Tambi\u00e9n fue allanado el restaurante \u201cT\u00eda Do\u00f1a\u201d, situado en la zona de las avenidas Riestra y Bonorino, adem\u00e1s de un inmueble en Ezpeleta.<\/p>\n<p>Estos surgieron de una investigaci\u00f3n sobre la segunda l\u00ednea operativa y de encubrimiento de la organizaci\u00f3n narcocriminal que estuvo involucrada en los asesinatos.<\/p>\n<p>Como resultado de los procedimientos fueron detenidos un hombre y tres mujeres. Uno de ellos es Mansur, de 52 a\u00f1os, a quien los investigadores identificaban hasta ahora como \u201cNN Ramiro\u201d.<\/p>\n<p>La investigaci\u00f3n se\u00f1ala que habr\u00eda tenido un rol central en la log\u00edstica de la banda: est\u00e1 acusado de haber proporcionado veh\u00edculos a David Gustavo Morales Huam\u00e1n, alias \u201cEl Loco David\u201d, y de haber entregado ropa limpia a los autores materiales despu\u00e9s de los asesinatos para facilitar su fuga.<\/p>\n<p>Tambi\u00e9n fueron detenidas Chieto, de 36, esposa de Jes\u00fas Mall\u00f3n Bernave, quien ya se encontraba detenido; Olivera, de 70, se\u00f1alada como presunta testaferro de Mansur; y Quispe Gallardo, de 19, expareja de Tony Jansen Victoriano Valverde, alias \u201cPeque\u00f1o J\u201d. Esta \u00faltima est\u00e1 acusada de haber participado del acopio y traslado de drogas y de haber puesto su vivienda a disposici\u00f3n de integrantes de la organizaci\u00f3n.<\/p>\n<p><img loading=\"lazy\" decoding=\"async\" class=\"alignnone size-medium wp-image-226854\" src=\"https:\/\/radioinfinitagoya.com.ar\/v1\/wp-content\/uploads\/2026\/09\/1788696071591-600x336.jpg\" alt=\"\" width=\"600\" height=\"336\" srcset=\"https:\/\/radioinfinitagoya.com.ar\/v1\/wp-content\/uploads\/2026\/09\/1788696071591-600x336.jpg 600w, https:\/\/radioinfinitagoya.com.ar\/v1\/wp-content\/uploads\/2026\/09\/1788696071591-150x84.jpg 150w, https:\/\/radioinfinitagoya.com.ar\/v1\/wp-content\/uploads\/2026\/09\/1788696071591-768x430.jpg 768w, https:\/\/radioinfinitagoya.com.ar\/v1\/wp-content\/uploads\/2026\/09\/1788696071591-750x420.jpg 750w, https:\/\/radioinfinitagoya.com.ar\/v1\/wp-content\/uploads\/2026\/09\/1788696071591-696x390.jpg 696w, https:\/\/radioinfinitagoya.com.ar\/v1\/wp-content\/uploads\/2026\/09\/1788696071591.jpg 807w\" sizes=\"auto, (max-width: 600px) 100vw, 600px\" \/><\/p>\n<p>Durante los allanamientos, los polic\u00edas secuestraron una pistola Taurus G3XL calibre 9 mil\u00edmetros con la numeraci\u00f3n suprimida y 27 proyectiles, adem\u00e1s de 22 tel\u00e9fonos celulares, dos tarjetas SIM, una tablet, una computadora y un equipo de radiocomunicaci\u00f3n.<\/p>\n<p>Entre los elementos que ahora ser\u00e1n analizados por los investigadores apareci\u00f3 adem\u00e1s una carta manuscrita dirigida a \u201cPeque\u00f1o J\u201d, junto con documentaci\u00f3n judicial y una tarjeta Sube que estar\u00eda vinculada con algunos de los movimientos investigados.<\/p>\n<p>La nueva serie de procedimientos surgi\u00f3 despu\u00e9s de nueve meses de investigaci\u00f3n, durante los cuales se realizaron intervenciones telef\u00f3nicas, seguimientos y cruces de informaci\u00f3n.<\/p>\n<p>La causa est\u00e1 bajo la \u00f3rbita del Juzgado Federal en lo Criminal y Correccional N\u00b02 de Mor\u00f3n, a cargo de Jorge Ernesto Rodr\u00edguez, con intervenci\u00f3n de la Fiscal\u00eda Federal N\u00b02 de Mor\u00f3n, encabezada por Mariela Labozzetta.<\/p>\n<p>Los cuatro acusados quedaron incomunicados y a disposici\u00f3n de la Justicia Federal. Est\u00e1 previsto que sean trasladados a sede judicial el lunes 7 de septiembre para prestar declaraci\u00f3n indagatoria, mientras contin\u00faan las medidas destinadas a localizar a otros pr\u00f3fugos vinculados con la organizaci\u00f3n<\/p>\n<p><img loading=\"lazy\" decoding=\"async\" class=\"alignnone size-medium wp-image-226855\" src=\"https:\/\/radioinfinitagoya.com.ar\/v1\/wp-content\/uploads\/2026\/09\/1788696070303-600x338.jpg\" alt=\"\" width=\"600\" height=\"338\" srcset=\"https:\/\/radioinfinitagoya.com.ar\/v1\/wp-content\/uploads\/2026\/09\/1788696070303-600x338.jpg 600w, https:\/\/radioinfinitagoya.com.ar\/v1\/wp-content\/uploads\/2026\/09\/1788696070303-150x84.jpg 150w, https:\/\/radioinfinitagoya.com.ar\/v1\/wp-content\/uploads\/2026\/09\/1788696070303-768x432.jpg 768w, https:\/\/radioinfinitagoya.com.ar\/v1\/wp-content\/uploads\/2026\/09\/1788696070303-747x420.jpg 747w, https:\/\/radioinfinitagoya.com.ar\/v1\/wp-content\/uploads\/2026\/09\/1788696070303-696x392.jpg 696w, https:\/\/radioinfinitagoya.com.ar\/v1\/wp-content\/uploads\/2026\/09\/1788696070303.jpg 807w\" sizes=\"auto, (max-width: 600px) 100vw, 600px\" \/><\/p>\n<p>Con los cuatro aprehendidos de este s\u00e1bado en la ma\u00f1ana, el expediente ya suma 14 sospechosos detenidos, entre ellos \u201cPeque\u00f1o J\u201d, se\u00f1alado como el autor intelectual de los cr\u00edmenes perpetrados en septiembre de 2025.<\/p>\n<p>Luego de estos operativos, la causa volvi\u00f3 a secreto de sumario por 10 d\u00edas para resguardar el desarrollo de la investigaci\u00f3n. Los nuevos detenidos ser\u00e1n indagados ante el juez Rodr\u00edguez, con intervenci\u00f3n de la Secretar\u00eda N.\u00ba 8 del juzgado, a cargo de Ignacio Calvi.<\/p>\n<p>Los elementos secuestrados ser\u00e1n peritados en los pr\u00f3ximos d\u00edas. Adem\u00e1s, contin\u00faan las medidas para localizar a personas con \u00f3rdenes de detenci\u00f3n pendientes.<\/p>\n","protected":false},"excerpt":{"rendered":"<p>En total ya son 14 sospechosos detenidos vinculados al crimen perpetrado en septiembre de 2025. El caso volvi\u00f3 a secreto de sumario para resguardar el avance de las nuevas pericias. La investigaci\u00f3n por el triple crimen de Morena Verdi, Brenda del Castillo y Lara Guti\u00e9rrez ocurrido en Florencio Varela sum\u00f3 otros cuatro detenidos por orden [&hellip;]<\/p>\n","protected":false},"author":4,"featured_media":226853,"comment_status":"open","ping_status":"open","sticky":false,"template":"","format":"standard","meta":{"_joinchat":[],"footnotes":""},"categories":[29],"tags":[],"class_list":["post-226852","post","type-post","status-publish","format-standard","has-post-thumbnail","category-nacionales"],"yoast_head":"<!-- This site is optimized with the Yoast SEO plugin v27.7 - https:\/\/yoast.com\/product\/yoast-seo-wordpress\/ -->\n<title>Florencio Varela: hay cuatro nuevos detenidos por el triple femicidio - Radio Infinita Goya<\/title>\n<meta name=\"description\" content=\"En total ya son 14 sospechosos detenidos vinculados al crimen perpetrado en septiembre de 2025. El caso volvi\u00f3 a secreto de sumario para resguardar el\" \/>\n<meta name=\"robots\" content=\"index, follow, max-snippet:-1, max-image-preview:large, max-video-preview:-1\" \/>\n<link rel=\"canonical\" href=\"https:\/\/radioinfinitagoya.com.ar\/v1\/2026\/09\/06\/florencio-varela-hay-cuatro-nuevos-detenidos-por-el-triple-femicidio\/\" \/>\n<meta property=\"og:locale\" content=\"es_ES\" \/>\n<meta property=\"og:type\" content=\"article\" \/>\n<meta property=\"og:title\" content=\"Florencio Varela: hay cuatro nuevos detenidos por el triple femicidio - Radio Infinita Goya\" \/>\n<meta property=\"og:description\" content=\"En total ya son 14 sospechosos detenidos vinculados al crimen perpetrado en septiembre de 2025. El caso volvi\u00f3 a secreto de sumario para resguardar el\" \/>\n<meta property=\"og:url\" content=\"https:\/\/radioinfinitagoya.com.ar\/v1\/2026\/09\/06\/florencio-varela-hay-cuatro-nuevos-detenidos-por-el-triple-femicidio\/\" \/>\n<meta property=\"og:site_name\" content=\"Radio Infinita Goya\" \/>\n<meta property=\"article:publisher\" content=\"https:\/\/www.facebook.com\/p\/Infinita-Goya-100063870918311\/\" \/>\n<meta property=\"article:published_time\" content=\"2026-09-06T19:15:38+00:00\" \/>\n<meta property=\"og:image\" content=\"https:\/\/radioinfinitagoya.com.ar\/v1\/wp-content\/uploads\/2026\/09\/1788696072367-1.jpg\" \/>\n\t<meta property=\"og:image:width\" content=\"807\" \/>\n\t<meta property=\"og:image:height\" content=\"452\" \/>\n\t<meta property=\"og:image:type\" content=\"image\/jpeg\" \/>\n<meta name=\"author\" content=\"Jorge Mi\u00f1o\" \/>\n<meta name=\"twitter:card\" content=\"summary_large_image\" \/>\n<meta name=\"twitter:label1\" content=\"Escrito por\" \/>\n\t<meta name=\"twitter:data1\" content=\"Jorge Mi\u00f1o\" \/>\n\t<meta name=\"twitter:label2\" content=\"Tiempo de lectura\" \/>\n\t<meta name=\"twitter:data2\" content=\"4 minutos\" \/>\n<script type=\"application\/ld+json\" class=\"yoast-schema-graph\">{\"@context\":\"https:\\\/\\\/schema.org\",\"@graph\":[{\"@type\":\"Article\",\"@id\":\"https:\\\/\\\/radioinfinitagoya.com.ar\\\/v1\\\/2026\\\/09\\\/06\\\/florencio-varela-hay-cuatro-nuevos-detenidos-por-el-triple-femicidio\\\/#article\",\"isPartOf\":{\"@id\":\"https:\\\/\\\/radioinfinitagoya.com.ar\\\/v1\\\/2026\\\/09\\\/06\\\/florencio-varela-hay-cuatro-nuevos-detenidos-por-el-triple-femicidio\\\/\"},\"author\":{\"name\":\"Jorge Mi\u00f1o\",\"@id\":\"https:\\\/\\\/radioinfinitagoya.com.ar\\\/v1\\\/#\\\/schema\\\/person\\\/d4cf9c413d4f6edb24aabdccab49ca4a\"},\"headline\":\"Florencio Varela: hay cuatro nuevos detenidos por el triple femicidio\",\"datePublished\":\"2026-09-06T19:15:38+00:00\",\"mainEntityOfPage\":{\"@id\":\"https:\\\/\\\/radioinfinitagoya.com.ar\\\/v1\\\/2026\\\/09\\\/06\\\/florencio-varela-hay-cuatro-nuevos-detenidos-por-el-triple-femicidio\\\/\"},\"wordCount\":697,\"commentCount\":0,\"publisher\":{\"@id\":\"https:\\\/\\\/radioinfinitagoya.com.ar\\\/v1\\\/#organization\"},\"image\":{\"@id\":\"https:\\\/\\\/radioinfinitagoya.com.ar\\\/v1\\\/2026\\\/09\\\/06\\\/florencio-varela-hay-cuatro-nuevos-detenidos-por-el-triple-femicidio\\\/#primaryimage\"},\"thumbnailUrl\":\"https:\\\/\\\/radioinfinitagoya.com.ar\\\/v1\\\/wp-content\\\/uploads\\\/2026\\\/09\\\/1788696072367-1.jpg\",\"articleSection\":[\"NACIONALES\"],\"inLanguage\":\"es-AR\",\"potentialAction\":[{\"@type\":\"CommentAction\",\"name\":\"Comment\",\"target\":[\"https:\\\/\\\/radioinfinitagoya.com.ar\\\/v1\\\/2026\\\/09\\\/06\\\/florencio-varela-hay-cuatro-nuevos-detenidos-por-el-triple-femicidio\\\/#respond\"]}]},{\"@type\":\"WebPage\",\"@id\":\"https:\\\/\\\/radioinfinitagoya.com.ar\\\/v1\\\/2026\\\/09\\\/06\\\/florencio-varela-hay-cuatro-nuevos-detenidos-por-el-triple-femicidio\\\/\",\"url\":\"https:\\\/\\\/radioinfinitagoya.com.ar\\\/v1\\\/2026\\\/09\\\/06\\\/florencio-varela-hay-cuatro-nuevos-detenidos-por-el-triple-femicidio\\\/\",\"name\":\"Florencio Varela: hay cuatro nuevos detenidos por el triple femicidio - Radio Infinita Goya\",\"isPartOf\":{\"@id\":\"https:\\\/\\\/radioinfinitagoya.com.ar\\\/v1\\\/#website\"},\"primaryImageOfPage\":{\"@id\":\"https:\\\/\\\/radioinfinitagoya.com.ar\\\/v1\\\/2026\\\/09\\\/06\\\/florencio-varela-hay-cuatro-nuevos-detenidos-por-el-triple-femicidio\\\/#primaryimage\"},\"image\":{\"@id\":\"https:\\\/\\\/radioinfinitagoya.com.ar\\\/v1\\\/2026\\\/09\\\/06\\\/florencio-varela-hay-cuatro-nuevos-detenidos-por-el-triple-femicidio\\\/#primaryimage\"},\"thumbnailUrl\":\"https:\\\/\\\/radioinfinitagoya.com.ar\\\/v1\\\/wp-content\\\/uploads\\\/2026\\\/09\\\/1788696072367-1.jpg\",\"datePublished\":\"2026-09-06T19:15:38+00:00\",\"description\":\"En total ya son 14 sospechosos detenidos vinculados al crimen perpetrado en septiembre de 2025. El caso volvi\u00f3 a secreto de sumario para resguardar el\",\"breadcrumb\":{\"@id\":\"https:\\\/\\\/radioinfinitagoya.com.ar\\\/v1\\\/2026\\\/09\\\/06\\\/florencio-varela-hay-cuatro-nuevos-detenidos-por-el-triple-femicidio\\\/#breadcrumb\"},\"inLanguage\":\"es-AR\",\"potentialAction\":[{\"@type\":\"ReadAction\",\"target\":[\"https:\\\/\\\/radioinfinitagoya.com.ar\\\/v1\\\/2026\\\/09\\\/06\\\/florencio-varela-hay-cuatro-nuevos-detenidos-por-el-triple-femicidio\\\/\"]}]},{\"@type\":\"ImageObject\",\"inLanguage\":\"es-AR\",\"@id\":\"https:\\\/\\\/radioinfinitagoya.com.ar\\\/v1\\\/2026\\\/09\\\/06\\\/florencio-varela-hay-cuatro-nuevos-detenidos-por-el-triple-femicidio\\\/#primaryimage\",\"url\":\"https:\\\/\\\/radioinfinitagoya.com.ar\\\/v1\\\/wp-content\\\/uploads\\\/2026\\\/09\\\/1788696072367-1.jpg\",\"contentUrl\":\"https:\\\/\\\/radioinfinitagoya.com.ar\\\/v1\\\/wp-content\\\/uploads\\\/2026\\\/09\\\/1788696072367-1.jpg\",\"width\":807,\"height\":452},{\"@type\":\"BreadcrumbList\",\"@id\":\"https:\\\/\\\/radioinfinitagoya.com.ar\\\/v1\\\/2026\\\/09\\\/06\\\/florencio-varela-hay-cuatro-nuevos-detenidos-por-el-triple-femicidio\\\/#breadcrumb\",\"itemListElement\":[{\"@type\":\"ListItem\",\"position\":1,\"name\":\"Inicio\",\"item\":\"https:\\\/\\\/radioinfinitagoya.com.ar\\\/v1\\\/\"},{\"@type\":\"ListItem\",\"position\":2,\"name\":\"Florencio Varela: hay cuatro nuevos detenidos por el triple femicidio\"}]},{\"@type\":\"WebSite\",\"@id\":\"https:\\\/\\\/radioinfinitagoya.com.ar\\\/v1\\\/#website\",\"url\":\"https:\\\/\\\/radioinfinitagoya.com.ar\\\/v1\\\/\",\"name\":\"radioinfinitagoya.com.ar\",\"description\":\"Radio de noticias\",\"publisher\":{\"@id\":\"https:\\\/\\\/radioinfinitagoya.com.ar\\\/v1\\\/#organization\"},\"potentialAction\":[{\"@type\":\"SearchAction\",\"target\":{\"@type\":\"EntryPoint\",\"urlTemplate\":\"https:\\\/\\\/radioinfinitagoya.com.ar\\\/v1\\\/?s={search_term_string}\"},\"query-input\":{\"@type\":\"PropertyValueSpecification\",\"valueRequired\":true,\"valueName\":\"search_term_string\"}}],\"inLanguage\":\"es-AR\"},{\"@type\":\"Organization\",\"@id\":\"https:\\\/\\\/radioinfinitagoya.com.ar\\\/v1\\\/#organization\",\"name\":\"Radio Infinita Goya\",\"url\":\"https:\\\/\\\/radioinfinitagoya.com.ar\\\/v1\\\/\",\"logo\":{\"@type\":\"ImageObject\",\"inLanguage\":\"es-AR\",\"@id\":\"https:\\\/\\\/radioinfinitagoya.com.ar\\\/v1\\\/#\\\/schema\\\/logo\\\/image\\\/\",\"url\":\"https:\\\/\\\/radioinfinitagoya.com.ar\\\/v1\\\/wp-content\\\/uploads\\\/2019\\\/11\\\/logo-pie-web.png\",\"contentUrl\":\"https:\\\/\\\/radioinfinitagoya.com.ar\\\/v1\\\/wp-content\\\/uploads\\\/2019\\\/11\\\/logo-pie-web.png\",\"width\":635,\"height\":326,\"caption\":\"Radio Infinita Goya\"},\"image\":{\"@id\":\"https:\\\/\\\/radioinfinitagoya.com.ar\\\/v1\\\/#\\\/schema\\\/logo\\\/image\\\/\"},\"sameAs\":[\"https:\\\/\\\/www.facebook.com\\\/p\\\/Infinita-Goya-100063870918311\\\/\"]},{\"@type\":\"Person\",\"@id\":\"https:\\\/\\\/radioinfinitagoya.com.ar\\\/v1\\\/#\\\/schema\\\/person\\\/d4cf9c413d4f6edb24aabdccab49ca4a\",\"name\":\"Jorge Mi\u00f1o\",\"image\":{\"@type\":\"ImageObject\",\"inLanguage\":\"es-AR\",\"@id\":\"https:\\\/\\\/secure.gravatar.com\\\/avatar\\\/910fcf6728fe95320e07a6643c1581fec1c7fc4bf8ae12e3d8f0d0373dc844be?s=96&d=mm&r=g\",\"url\":\"https:\\\/\\\/secure.gravatar.com\\\/avatar\\\/910fcf6728fe95320e07a6643c1581fec1c7fc4bf8ae12e3d8f0d0373dc844be?s=96&d=mm&r=g\",\"contentUrl\":\"https:\\\/\\\/secure.gravatar.com\\\/avatar\\\/910fcf6728fe95320e07a6643c1581fec1c7fc4bf8ae12e3d8f0d0373dc844be?s=96&d=mm&r=g\",\"caption\":\"Jorge Mi\u00f1o\"},\"sameAs\":[\"http:\\\/\\\/radioinfinitagoya.com.ar\"]}]}<\/script>\n<!-- \/ Yoast SEO plugin. -->","yoast_head_json":{"title":"Florencio Varela: hay cuatro nuevos detenidos por el triple femicidio - Radio Infinita Goya","description":"En total ya son 14 sospechosos detenidos vinculados al crimen perpetrado en septiembre de 2025. El caso volvi\u00f3 a secreto de sumario para resguardar el","robots":{"index":"index","follow":"follow","max-snippet":"max-snippet:-1","max-image-preview":"max-image-preview:large","max-video-preview":"max-video-preview:-1"},"canonical":"https:\/\/radioinfinitagoya.com.ar\/v1\/2026\/09\/06\/florencio-varela-hay-cuatro-nuevos-detenidos-por-el-triple-femicidio\/","og_locale":"es_ES","og_type":"article","og_title":"Florencio Varela: hay cuatro nuevos detenidos por el triple femicidio - Radio Infinita Goya","og_description":"En total ya son 14 sospechosos detenidos vinculados al crimen perpetrado en septiembre de 2025. El caso volvi\u00f3 a secreto de sumario para resguardar el","og_url":"https:\/\/radioinfinitagoya.com.ar\/v1\/2026\/09\/06\/florencio-varela-hay-cuatro-nuevos-detenidos-por-el-triple-femicidio\/","og_site_name":"Radio Infinita Goya","article_publisher":"https:\/\/www.facebook.com\/p\/Infinita-Goya-100063870918311\/","article_published_time":"2026-09-06T19:15:38+00:00","og_image":[{"width":807,"height":452,"url":"https:\/\/radioinfinitagoya.com.ar\/v1\/wp-content\/uploads\/2026\/09\/1788696072367-1.jpg","type":"image\/jpeg"}],"author":"Jorge Mi\u00f1o","twitter_card":"summary_large_image","twitter_misc":{"Escrito por":"Jorge Mi\u00f1o","Tiempo de lectura":"4 minutos"},"schema":{"@context":"https:\/\/schema.org","@graph":[{"@type":"Article","@id":"https:\/\/radioinfinitagoya.com.ar\/v1\/2026\/09\/06\/florencio-varela-hay-cuatro-nuevos-detenidos-por-el-triple-femicidio\/#article","isPartOf":{"@id":"https:\/\/radioinfinitagoya.com.ar\/v1\/2026\/09\/06\/florencio-varela-hay-cuatro-nuevos-detenidos-por-el-triple-femicidio\/"},"author":{"name":"Jorge Mi\u00f1o","@id":"https:\/\/radioinfinitagoya.com.ar\/v1\/#\/schema\/person\/d4cf9c413d4f6edb24aabdccab49ca4a"},"headline":"Florencio Varela: hay cuatro nuevos detenidos por el triple femicidio","datePublished":"2026-09-06T19:15:38+00:00","mainEntityOfPage":{"@id":"https:\/\/radioinfinitagoya.com.ar\/v1\/2026\/09\/06\/florencio-varela-hay-cuatro-nuevos-detenidos-por-el-triple-femicidio\/"},"wordCount":697,"commentCount":0,"publisher":{"@id":"https:\/\/radioinfinitagoya.com.ar\/v1\/#organization"},"image":{"@id":"https:\/\/radioinfinitagoya.com.ar\/v1\/2026\/09\/06\/florencio-varela-hay-cuatro-nuevos-detenidos-por-el-triple-femicidio\/#primaryimage"},"thumbnailUrl":"https:\/\/radioinfinitagoya.com.ar\/v1\/wp-content\/uploads\/2026\/09\/1788696072367-1.jpg","articleSection":["NACIONALES"],"inLanguage":"es-AR","potentialAction":[{"@type":"CommentAction","name":"Comment","target":["https:\/\/radioinfinitagoya.com.ar\/v1\/2026\/09\/06\/florencio-varela-hay-cuatro-nuevos-detenidos-por-el-triple-femicidio\/#respond"]}]},{"@type":"WebPage","@id":"https:\/\/radioinfinitagoya.com.ar\/v1\/2026\/09\/06\/florencio-varela-hay-cuatro-nuevos-detenidos-por-el-triple-femicidio\/","url":"https:\/\/radioinfinitagoya.com.ar\/v1\/2026\/09\/06\/florencio-varela-hay-cuatro-nuevos-detenidos-por-el-triple-femicidio\/","name":"Florencio Varela: hay cuatro nuevos detenidos por el triple femicidio - Radio Infinita Goya","isPartOf":{"@id":"https:\/\/radioinfinitagoya.com.ar\/v1\/#website"},"primaryImageOfPage":{"@id":"https:\/\/radioinfinitagoya.com.ar\/v1\/2026\/09\/06\/florencio-varela-hay-cuatro-nuevos-detenidos-por-el-triple-femicidio\/#primaryimage"},"image":{"@id":"https:\/\/radioinfinitagoya.com.ar\/v1\/2026\/09\/06\/florencio-varela-hay-cuatro-nuevos-detenidos-por-el-triple-femicidio\/#primaryimage"},"thumbnailUrl":"https:\/\/radioinfinitagoya.com.ar\/v1\/wp-content\/uploads\/2026\/09\/1788696072367-1.jpg","datePublished":"2026-09-06T19:15:38+00:00","description":"En total ya son 14 sospechosos detenidos vinculados al crimen perpetrado en septiembre de 2025. El caso volvi\u00f3 a secreto de sumario para resguardar el","breadcrumb":{"@id":"https:\/\/radioinfinitagoya.com.ar\/v1\/2026\/09\/06\/florencio-varela-hay-cuatro-nuevos-detenidos-por-el-triple-femicidio\/#breadcrumb"},"inLanguage":"es-AR","potentialAction":[{"@type":"ReadAction","target":["https:\/\/radioinfinitagoya.com.ar\/v1\/2026\/09\/06\/florencio-varela-hay-cuatro-nuevos-detenidos-por-el-triple-femicidio\/"]}]},{"@type":"ImageObject","inLanguage":"es-AR","@id":"https:\/\/radioinfinitagoya.com.ar\/v1\/2026\/09\/06\/florencio-varela-hay-cuatro-nuevos-detenidos-por-el-triple-femicidio\/#primaryimage","url":"https:\/\/radioinfinitagoya.com.ar\/v1\/wp-content\/uploads\/2026\/09\/1788696072367-1.jpg","contentUrl":"https:\/\/radioinfinitagoya.com.ar\/v1\/wp-content\/uploads\/2026\/09\/1788696072367-1.jpg","width":807,"height":452},{"@type":"BreadcrumbList","@id":"https:\/\/radioinfinitagoya.com.ar\/v1\/2026\/09\/06\/florencio-varela-hay-cuatro-nuevos-detenidos-por-el-triple-femicidio\/#breadcrumb","itemListElement":[{"@type":"ListItem","position":1,"name":"Inicio","item":"https:\/\/radioinfinitagoya.com.ar\/v1\/"},{"@type":"ListItem","position":2,"name":"Florencio Varela: hay cuatro nuevos detenidos por el triple femicidio"}]},{"@type":"WebSite","@id":"https:\/\/radioinfinitagoya.com.ar\/v1\/#website","url":"https:\/\/radioinfinitagoya.com.ar\/v1\/","name":"radioinfinitagoya.com.ar","description":"Radio de noticias","publisher":{"@id":"https:\/\/radioinfinitagoya.com.ar\/v1\/#organization"},"potentialAction":[{"@type":"SearchAction","target":{"@type":"EntryPoint","urlTemplate":"https:\/\/radioinfinitagoya.com.ar\/v1\/?s={search_term_string}"},"query-input":{"@type":"PropertyValueSpecification","valueRequired":true,"valueName":"search_term_string"}}],"inLanguage":"es-AR"},{"@type":"Organization","@id":"https:\/\/radioinfinitagoya.com.ar\/v1\/#organization","name":"Radio Infinita Goya","url":"https:\/\/radioinfinitagoya.com.ar\/v1\/","logo":{"@type":"ImageObject","inLanguage":"es-AR","@id":"https:\/\/radioinfinitagoya.com.ar\/v1\/#\/schema\/logo\/image\/","url":"https:\/\/radioinfinitagoya.com.ar\/v1\/wp-content\/uploads\/2019\/11\/logo-pie-web.png","contentUrl":"https:\/\/radioinfinitagoya.com.ar\/v1\/wp-content\/uploads\/2019\/11\/logo-pie-web.png","width":635,"height":326,"caption":"Radio Infinita Goya"},"image":{"@id":"https:\/\/radioinfinitagoya.com.ar\/v1\/#\/schema\/logo\/image\/"},"sameAs":["https:\/\/www.facebook.com\/p\/Infinita-Goya-100063870918311\/"]},{"@type":"Person","@id":"https:\/\/radioinfinitagoya.com.ar\/v1\/#\/schema\/person\/d4cf9c413d4f6edb24aabdccab49ca4a","name":"Jorge Mi\u00f1o","image":{"@type":"ImageObject","inLanguage":"es-AR","@id":"https:\/\/secure.gravatar.com\/avatar\/910fcf6728fe95320e07a6643c1581fec1c7fc4bf8ae12e3d8f0d0373dc844be?s=96&d=mm&r=g","url":"https:\/\/secure.gravatar.com\/avatar\/910fcf6728fe95320e07a6643c1581fec1c7fc4bf8ae12e3d8f0d0373dc844be?s=96&d=mm&r=g","contentUrl":"https:\/\/secure.gravatar.com\/avatar\/910fcf6728fe95320e07a6643c1581fec1c7fc4bf8ae12e3d8f0d0373dc844be?s=96&d=mm&r=g","caption":"Jorge Mi\u00f1o"},"sameAs":["http:\/\/radioinfinitagoya.com.ar"]}]}},"_links":{"self":[{"href":"https:\/\/radioinfinitagoya.com.ar\/v1\/wp-json\/wp\/v2\/posts\/226852","targetHints":{"allow":["GET"]}}],"collection":[{"href":"https:\/\/radioinfinitagoya.com.ar\/v1\/wp-json\/wp\/v2\/posts"}],"about":[{"href":"https:\/\/radioinfinitagoya.com.ar\/v1\/wp-json\/wp\/v2\/types\/post"}],"author":[{"embeddable":true,"href":"https:\/\/radioinfinitagoya.com.ar\/v1\/wp-json\/wp\/v2\/users\/4"}],"replies":[{"embeddable":true,"href":"https:\/\/radioinfinitagoya.com.ar\/v1\/wp-json\/wp\/v2\/comments?post=226852"}],"version-history":[{"count":1,"href":"https:\/\/radioinfinitagoya.com.ar\/v1\/wp-json\/wp\/v2\/posts\/226852\/revisions"}],"predecessor-version":[{"id":226856,"href":"https:\/\/radioinfinitagoya.com.ar\/v1\/wp-json\/wp\/v2\/posts\/226852\/revisions\/226856"}],"wp:featuredmedia":[{"embeddable":true,"href":"https:\/\/radioinfinitagoya.com.ar\/v1\/wp-json\/wp\/v2\/media\/226853"}],"wp:attachment":[{"href":"https:\/\/radioinfinitagoya.com.ar\/v1\/wp-json\/wp\/v2\/media?parent=226852"}],"wp:term":[{"taxonomy":"category","embeddable":true,"href":"https:\/\/radioinfinitagoya.com.ar\/v1\/wp-json\/wp\/v2\/categories?post=226852"},{"taxonomy":"post_tag","embeddable":true,"href":"https:\/\/radioinfinitagoya.com.ar\/v1\/wp-json\/wp\/v2\/tags?post=226852"}],"curies":[{"name":"wp","href":"https:\/\/api.w.org\/{rel}","templated":true}]}}