{"id":226860,"date":"2026-09-06T16:28:11","date_gmt":"2026-09-06T19:28:11","guid":{"rendered":"https:\/\/radioinfinitagoya.com.ar\/v1\/?p=226860"},"modified":"2026-09-06T16:28:11","modified_gmt":"2026-09-06T19:28:11","slug":"el-nuevo-escenario-de-la-industria-argentina-quienes-pierden-quienes-crecen","status":"publish","type":"post","link":"https:\/\/radioinfinitagoya.com.ar\/v1\/2026\/09\/06\/el-nuevo-escenario-de-la-industria-argentina-quienes-pierden-quienes-crecen\/","title":{"rendered":"El nuevo escenario de la industria argentina: qui\u00e9nes pierden, qui\u00e9nes crecen"},"content":{"rendered":"<p>Y qu\u00e9 cambi\u00f3 con la apertura al mundo<\/p>\n<p>El sector fabril acumul\u00f3 bajas en actividad y empleo durante el semestre, mientras el uso de equipos cay\u00f3 a 59,1% y crecen las alertas por cierres, embargos y menor demanda interna<\/p>\n<p><img loading=\"lazy\" decoding=\"async\" class=\"alignnone size-medium wp-image-226862\" src=\"https:\/\/radioinfinitagoya.com.ar\/v1\/wp-content\/uploads\/2026\/09\/W6JUQELKQJH2FMEFYCJ3LEECY4-1-600x400.jpg\" alt=\"\" width=\"600\" height=\"400\" srcset=\"https:\/\/radioinfinitagoya.com.ar\/v1\/wp-content\/uploads\/2026\/09\/W6JUQELKQJH2FMEFYCJ3LEECY4-1-600x400.jpg 600w, https:\/\/radioinfinitagoya.com.ar\/v1\/wp-content\/uploads\/2026\/09\/W6JUQELKQJH2FMEFYCJ3LEECY4-1-150x100.jpg 150w, https:\/\/radioinfinitagoya.com.ar\/v1\/wp-content\/uploads\/2026\/09\/W6JUQELKQJH2FMEFYCJ3LEECY4-1-768x512.jpg 768w, https:\/\/radioinfinitagoya.com.ar\/v1\/wp-content\/uploads\/2026\/09\/W6JUQELKQJH2FMEFYCJ3LEECY4-1-630x420.jpg 630w, https:\/\/radioinfinitagoya.com.ar\/v1\/wp-content\/uploads\/2026\/09\/W6JUQELKQJH2FMEFYCJ3LEECY4-1-696x464.jpg 696w, https:\/\/radioinfinitagoya.com.ar\/v1\/wp-content\/uploads\/2026\/09\/W6JUQELKQJH2FMEFYCJ3LEECY4-1.avif 992w\" sizes=\"auto, (max-width: 600px) 100vw, 600px\" \/><\/p>\n<p>La industria manufacturera argentina enfrenta un proceso de transformaci\u00f3n, marcado en gran medida por los cambios registrados a nivel macroecon\u00f3mico desde la llegada de Javier Milei al gobierno.<\/p>\n<p>Algunos rubros, como el petr\u00f3leo, la miner\u00eda y la industria alimenticia, han logrado aprovechar el nuevo escenario y vienen creciendo con fuerza, pero muchos se encuentran en una situaci\u00f3n que los propios actores consideran \u201ccr\u00edtica\u201d. Empresarios y c\u00e1maras alertan por la ca\u00edda del empleo, aumento de importaciones y la p\u00e9rdida de competitividad.<\/p>\n<p>La actividad fabril acumul\u00f3 una ca\u00edda interanual de 1,9% en el primer semestre de 2026 y de 11,8% frente a enero-junio de 2023.<\/p>\n<p><img loading=\"lazy\" decoding=\"async\" class=\"alignnone size-full wp-image-226864\" src=\"https:\/\/radioinfinitagoya.com.ar\/v1\/wp-content\/uploads\/2026\/09\/Q3P3TIQXFRCABJN2HUZESUITZI-600x335-1.jpg\" alt=\"\" width=\"600\" height=\"335\" srcset=\"https:\/\/radioinfinitagoya.com.ar\/v1\/wp-content\/uploads\/2026\/09\/Q3P3TIQXFRCABJN2HUZESUITZI-600x335-1.jpg 600w, https:\/\/radioinfinitagoya.com.ar\/v1\/wp-content\/uploads\/2026\/09\/Q3P3TIQXFRCABJN2HUZESUITZI-600x335-1-150x84.jpg 150w\" sizes=\"auto, (max-width: 600px) 100vw, 600px\" \/><\/p>\n<p>&nbsp;<\/p>\n<p>El uso de la capacidad instalada, otro indicador central para medir el desempe\u00f1o fabril, alcanz\u00f3 en junio 59,1%, es decir que 4 de cada 10 m\u00e1quinas de la industria permanecen sin utilizarse. El guarismo se ubica 9,5 puntos porcentuales por debajo del nivel de junio de 2023.<\/p>\n<p>La din\u00e1mica laboral acompa\u00f1\u00f3 ese proceso. Seg\u00fan datos de la Superintendencia de Riesgos del Trabajo, entre noviembre de 2023 y mayo de 2026 se perdieron 97.312 puestos de trabajo registrados en unidades productivas industriales, una ca\u00edda de 8%. En ese per\u00edodo, la cantidad de empresas manufactureras con trabajadores registrados pas\u00f3 de 49.622 a 45.602, una reducci\u00f3n de 4.020 firmas.<\/p>\n<p>La mirada de las pyme<br \/>\nDaniel Rosato, presidente de Industriales Pymes Argentinos (IPA), advirti\u00f3 sobre las consecuencias de esta situaci\u00f3n: \u201cLa crisis en el consumo masivo y la ca\u00edda en los ingresos de los trabajadores se seguir\u00e1n agravando si no le ponemos un freno a la ola de embargos y concursos preventivos que ya azota al entramado pyme. Tenemos que llevar a la Argentina hacia una estrategia en conjunto para encontrar un camino sostenible que nos saque de la recesi\u00f3n y recupere a la clase media de la mejor manera: consensuando y sin que esto signifique generar m\u00e1s inflaci\u00f3n\u201d.<\/p>\n<p><img loading=\"lazy\" decoding=\"async\" class=\"alignnone size-medium wp-image-226865\" src=\"https:\/\/radioinfinitagoya.com.ar\/v1\/wp-content\/uploads\/2026\/09\/CAX2NQGWC5EXTEWD6LJX33LHF4-600x338.jpg\" alt=\"\" width=\"600\" height=\"338\" srcset=\"https:\/\/radioinfinitagoya.com.ar\/v1\/wp-content\/uploads\/2026\/09\/CAX2NQGWC5EXTEWD6LJX33LHF4-600x338.jpg 600w, https:\/\/radioinfinitagoya.com.ar\/v1\/wp-content\/uploads\/2026\/09\/CAX2NQGWC5EXTEWD6LJX33LHF4-150x84.jpg 150w, https:\/\/radioinfinitagoya.com.ar\/v1\/wp-content\/uploads\/2026\/09\/CAX2NQGWC5EXTEWD6LJX33LHF4-768x432.jpg 768w, https:\/\/radioinfinitagoya.com.ar\/v1\/wp-content\/uploads\/2026\/09\/CAX2NQGWC5EXTEWD6LJX33LHF4-747x420.jpg 747w, https:\/\/radioinfinitagoya.com.ar\/v1\/wp-content\/uploads\/2026\/09\/CAX2NQGWC5EXTEWD6LJX33LHF4-696x392.jpg 696w, https:\/\/radioinfinitagoya.com.ar\/v1\/wp-content\/uploads\/2026\/09\/CAX2NQGWC5EXTEWD6LJX33LHF4.avif 992w\" sizes=\"auto, (max-width: 600px) 100vw, 600px\" \/><\/p>\n<p>\u201cEl dumping es ilegal. Hoy ingresan productos declarados a un menor precio de su valor real porque no hay precios de referencia en la Aduana. Que quede claro: para un industrial pyme argentino que cumple con todas sus obligaciones, el dumping importador es lisa y llanamente evasi\u00f3n de impuestos\u201d, coment\u00f3.<\/p>\n<p>El aluvi\u00f3n importador<br \/>\nEl Centro de Econom\u00eda Pol\u00edtica Argentina (CEPA) hizo un an\u00e1lisis del impacto que la apertura comercial est\u00e1 teniendo para la industria, por considerar que es \u201cacelerada y sin planificaci\u00f3n\u201d.<\/p>\n<p>En los primeros seis meses de 2026, el ingreso de manufacturas alcanz\u00f3 USD 5.362 millones, el nivel m\u00e1s alto para ese per\u00edodo desde que existe registro. El m\u00e1ximo hist\u00f3rico correspond\u00eda a 2018, cuando las importaciones de bienes de consumo hab\u00edan llegado a USD 4.443 millones.<\/p>\n<p>Diez actividades econ\u00f3micas explicaron el 84,7% del total importado en la primera mitad del a\u00f1o. Los mayores incrementos, respecto del mismo per\u00edodo de 2023, se registraron en electrodom\u00e9sticos, bater\u00edas y l\u00e1mparas (109,2%), prendas de vestir (86,3%), motos, bicicletas, yates y otros equipos de transporte (67,6%), productos alimenticios (51,9%) y farmac\u00e9uticos (27%). Entre esos cinco rubros concentraron el 45,5% del total del segmento.<\/p>\n<p><img loading=\"lazy\" decoding=\"async\" class=\"alignnone size-medium wp-image-226866\" src=\"https:\/\/radioinfinitagoya.com.ar\/v1\/wp-content\/uploads\/2026\/09\/TA2AJ7XQ55FIVGBQDN3JMQ6FFI-600x403.jpg\" alt=\"\" width=\"600\" height=\"403\" srcset=\"https:\/\/radioinfinitagoya.com.ar\/v1\/wp-content\/uploads\/2026\/09\/TA2AJ7XQ55FIVGBQDN3JMQ6FFI-600x403.jpg 600w, https:\/\/radioinfinitagoya.com.ar\/v1\/wp-content\/uploads\/2026\/09\/TA2AJ7XQ55FIVGBQDN3JMQ6FFI-150x101.jpg 150w, https:\/\/radioinfinitagoya.com.ar\/v1\/wp-content\/uploads\/2026\/09\/TA2AJ7XQ55FIVGBQDN3JMQ6FFI-768x516.jpg 768w, https:\/\/radioinfinitagoya.com.ar\/v1\/wp-content\/uploads\/2026\/09\/TA2AJ7XQ55FIVGBQDN3JMQ6FFI-625x420.jpg 625w, https:\/\/radioinfinitagoya.com.ar\/v1\/wp-content\/uploads\/2026\/09\/TA2AJ7XQ55FIVGBQDN3JMQ6FFI-696x468.jpg 696w, https:\/\/radioinfinitagoya.com.ar\/v1\/wp-content\/uploads\/2026\/09\/TA2AJ7XQ55FIVGBQDN3JMQ6FFI.avif 992w\" sizes=\"auto, (max-width: 600px) 100vw, 600px\" \/><\/p>\n<p>\u00bfCu\u00e1les fueron las consecuencias? Varias empresas tuvieron problemas para competir. Por citar un ejemplo, el Indec inform\u00f3 que en junio la producci\u00f3n de aparatos de uso dom\u00e9stico sufri\u00f3 una baja interanual de 22,9%, debido, principalmente, a la menor producci\u00f3n de heladeras y freezers y de lavarropas.<\/p>\n<p>Tambi\u00e9n la industria textil, que en los primeros seis meses de este a\u00f1o cay\u00f3 10,8%, ha expresado que tiene dificultades para competir con los productos importados.<\/p>\n<p>\u201cEl Gobierno debe tomar medidas contundentes que pasen por recuperar el equilibrio de las importaciones, a trav\u00e9s de controles estrictos y de una estrategia integral que transparente los flujos de comercio. El verdadero respeto por la producci\u00f3n nacional se demuestra en la pr\u00e1ctica, y se basa en controlar la ilegalidad que hoy existe en los procesos de importaci\u00f3n\u201d, dijo el presidente del IPA.<\/p>\n<p>Competitividad y productividad<br \/>\nEl 2 de septiembre se conmemor\u00f3 el D\u00eda de la Industria, fecha que utiliz\u00f3 Emiliano Bonfiglio, CEO de Anclaflex, para plantear la necesidad de que las empresas revisen permanentemente su forma de producir.<\/p>\n<p>Seg\u00fan explic\u00f3, el escenario actual llev\u00f3 a que los m\u00e1rgenes se ajusten y a que las compa\u00f1\u00edas deban repensar sus costos y estructuras: \u201cFrente a esa realidad, producir m\u00e1s ya no alcanza. El desaf\u00edo ahora es hacerlo mejor, con mayor productividad y principalmente sin resignar calidad\u201d.<\/p>\n<p>Bonfiglio explic\u00f3 qu\u00e9 hace falta para dar ese salto: \u201cLa competitividad se construye, en buena medida, puertas adentro: en la capacidad de innovar, adaptarse y encontrar nuevas formas de hacer las cosas sin perder aquello que distingue al producto\u201d.<\/p>\n<p><img loading=\"lazy\" decoding=\"async\" class=\"alignnone size-medium wp-image-226861\" src=\"https:\/\/radioinfinitagoya.com.ar\/v1\/wp-content\/uploads\/2026\/09\/HEWDESD3KRCODKFA63WBROS5FY-600x353.jpg\" alt=\"\" width=\"600\" height=\"353\" srcset=\"https:\/\/radioinfinitagoya.com.ar\/v1\/wp-content\/uploads\/2026\/09\/HEWDESD3KRCODKFA63WBROS5FY-600x353.jpg 600w, https:\/\/radioinfinitagoya.com.ar\/v1\/wp-content\/uploads\/2026\/09\/HEWDESD3KRCODKFA63WBROS5FY-150x88.jpg 150w, https:\/\/radioinfinitagoya.com.ar\/v1\/wp-content\/uploads\/2026\/09\/HEWDESD3KRCODKFA63WBROS5FY-768x451.jpg 768w, https:\/\/radioinfinitagoya.com.ar\/v1\/wp-content\/uploads\/2026\/09\/HEWDESD3KRCODKFA63WBROS5FY-715x420.jpg 715w, https:\/\/radioinfinitagoya.com.ar\/v1\/wp-content\/uploads\/2026\/09\/HEWDESD3KRCODKFA63WBROS5FY-696x409.jpg 696w, https:\/\/radioinfinitagoya.com.ar\/v1\/wp-content\/uploads\/2026\/09\/HEWDESD3KRCODKFA63WBROS5FY.avif 992w\" sizes=\"auto, (max-width: 600px) 100vw, 600px\" \/><\/p>\n<p>\u201cMedirse con productos y compa\u00f1\u00edas de otros pa\u00edses obliga a revisar nuestros propios est\u00e1ndares de calidad, precio, productividad y eficiencia. Tambi\u00e9n demuestra que las empresas argentinas que logran desarrollar esas capacidades pueden competir m\u00e1s all\u00e1 del mercado local\u201d.<\/p>\n<p>Oliver Maltz, presidente del Movimiento Industrial, dijo a Infobae al Regreso que uno de los principales problemas para las empresas es la combinaci\u00f3n de costos crecientes, menor consumo y p\u00e9rdida de rentabilidad. \u201cHay sectores como energ\u00eda, miner\u00eda que est\u00e1n reaccionando y sectores m\u00e1s castigados que dependen m\u00e1s del consumo interno como el textil, el calzado, los metal\u00fargicos\u201d, explic\u00f3.<\/p>\n<p>Las medidas m\u00e1s relevantes del Gobierno de Milei<br \/>\nEl CEPA repas\u00f3 algunas de las medidas de pol\u00edtica econ\u00f3mica que impactaron sobre el entramado productivo desde diciembre de 2023. Entre ellas aparece la suba del Impuesto PAIS del 7,5% al 17,5% al inicio de 2024. \u201cEso tuvo un impacto directo y significativo en los costos de importaci\u00f3n de insumos esenciales para la producci\u00f3n, afectando especialmente al sector pyme industrial\u201d. Sin embargo, el 22 de diciembre de 2024 se elimin\u00f3.<\/p>\n<p>Uno de los principales problemas para las empresas es la combinaci\u00f3n de costos crecientes, menor consumo y p\u00e9rdida de rentabilidad (Maltz)<br \/>\nCEPA tambi\u00e9n se refiri\u00f3 a la derogaci\u00f3n de la Ley de Compre Nacional a trav\u00e9s del DNU 70\/2023, una normativa que, seg\u00fan su criterio, \u201cgeneraba una preferencia por los productores locales por sobre los extranjeros\u201d, adem\u00e1s de la baja de aranceles de importaci\u00f3n para productos de l\u00ednea blanca, neum\u00e1ticos e insumos pl\u00e1sticos, y la posterior reducci\u00f3n al 12,6% de los aranceles para 29 bienes de capital.<\/p>\n<p><img loading=\"lazy\" decoding=\"async\" class=\"alignnone size-medium wp-image-226868\" src=\"https:\/\/radioinfinitagoya.com.ar\/v1\/wp-content\/uploads\/2026\/09\/YYODYTHJMVAR5M7ZMYNV4UQPVA-600x335.jpg\" alt=\"\" width=\"600\" height=\"335\" srcset=\"https:\/\/radioinfinitagoya.com.ar\/v1\/wp-content\/uploads\/2026\/09\/YYODYTHJMVAR5M7ZMYNV4UQPVA-600x335.jpg 600w, https:\/\/radioinfinitagoya.com.ar\/v1\/wp-content\/uploads\/2026\/09\/YYODYTHJMVAR5M7ZMYNV4UQPVA-150x84.jpg 150w, https:\/\/radioinfinitagoya.com.ar\/v1\/wp-content\/uploads\/2026\/09\/YYODYTHJMVAR5M7ZMYNV4UQPVA-768x429.jpg 768w, https:\/\/radioinfinitagoya.com.ar\/v1\/wp-content\/uploads\/2026\/09\/YYODYTHJMVAR5M7ZMYNV4UQPVA-752x420.jpg 752w, https:\/\/radioinfinitagoya.com.ar\/v1\/wp-content\/uploads\/2026\/09\/YYODYTHJMVAR5M7ZMYNV4UQPVA-696x389.jpg 696w, https:\/\/radioinfinitagoya.com.ar\/v1\/wp-content\/uploads\/2026\/09\/YYODYTHJMVAR5M7ZMYNV4UQPVA.avif 992w\" sizes=\"auto, (max-width: 600px) 100vw, 600px\" \/><\/p>\n<p>Asimismo, el CEPA asegur\u00f3 que hubo un \u201caumento de tarifas de luz y gas de forma indiscriminada al inicio de la actual administraci\u00f3n, y sin un abordaje estrat\u00e9gico considerando el mundo pyme industrial\u201d.<\/p>\n<p>La expectativa por la miner\u00eda<br \/>\nRoberto Cacciola, presidente de la C\u00e1mara Argentina de Empresas Mineras (CAEM), plante\u00f3 durante una conferencia titulada \u201cMiner\u00eda e Industria Nacional: proveedores, tecnolog\u00eda y valor agregado\u201d la oportunidad que representa el sector para la generaci\u00f3n de empleo en la industria: \u201cLa miner\u00eda no va a resolver todos los problemas de empleo, pero puede ser importante para que las personas que est\u00e1n fuera del sistema se incorporen\u201d.<\/p>\n<p>Cacciola remarc\u00f3 que la actividad minera no se limita a la extracci\u00f3n de recursos: \u201cEl extractivismo es la primera fase, pero es una industria. Es algo que transforma la piedra en algo comercializable a trav\u00e9s de un proceso industrial. Y esto significa que de alguna manera hay mucha gente involucrada en los proyectos mineros\u201d.<\/p>\n<p>El presidente de CAEM sostuvo que las inversiones anunciadas en los \u00faltimos meses pueden traccionar a otros sectores productivos: \u201cSe cree que el proceso minero termina en una extracci\u00f3n, pero no. Es terminar un producto que puede generar valor importante al pa\u00eds. La industria nacional, y es para lo que trabajamos, tiene que ser un actor fundamental\u201d.<\/p>\n<p><img loading=\"lazy\" decoding=\"async\" class=\"alignnone size-medium wp-image-226869\" src=\"https:\/\/radioinfinitagoya.com.ar\/v1\/wp-content\/uploads\/2026\/09\/JJ3MPL5ILNGCNBG6SCF3FEE46U-600x351.jpg\" alt=\"\" width=\"600\" height=\"351\" srcset=\"https:\/\/radioinfinitagoya.com.ar\/v1\/wp-content\/uploads\/2026\/09\/JJ3MPL5ILNGCNBG6SCF3FEE46U-600x351.jpg 600w, https:\/\/radioinfinitagoya.com.ar\/v1\/wp-content\/uploads\/2026\/09\/JJ3MPL5ILNGCNBG6SCF3FEE46U-150x88.jpg 150w, https:\/\/radioinfinitagoya.com.ar\/v1\/wp-content\/uploads\/2026\/09\/JJ3MPL5ILNGCNBG6SCF3FEE46U-768x450.jpg 768w, https:\/\/radioinfinitagoya.com.ar\/v1\/wp-content\/uploads\/2026\/09\/JJ3MPL5ILNGCNBG6SCF3FEE46U-717x420.jpg 717w, https:\/\/radioinfinitagoya.com.ar\/v1\/wp-content\/uploads\/2026\/09\/JJ3MPL5ILNGCNBG6SCF3FEE46U-696x408.jpg 696w, https:\/\/radioinfinitagoya.com.ar\/v1\/wp-content\/uploads\/2026\/09\/JJ3MPL5ILNGCNBG6SCF3FEE46U.avif 992w\" sizes=\"auto, (max-width: 600px) 100vw, 600px\" \/><\/p>\n<p>\u201cSe calcula que, por lo menos, por cada operario que hay en un yacimiento, hay cuatro trabajando indirectamente para la miner\u00eda. Entonces, s\u00ed; la miner\u00eda est\u00e1 siendo una actividad que genera empleo sistem\u00e1ticamente tambi\u00e9n\u201d, cont\u00f3 Cacciola.<\/p>\n<p>Por supuesto, dentro de la ecuaci\u00f3n entre miner\u00eda e industria, aparece en escena el R\u00e9gimen de Incentivo para Grandes Inversiones (RIGI), que concentra proyectos multimillonarios en miner\u00eda, petr\u00f3leo y gas y promete movilizar nuevos desembolsos durante los pr\u00f3ximos a\u00f1os. Sin embargo, una encuesta de la Fundaci\u00f3n Observatorio PyME revel\u00f3 que apenas 4,7% de las peque\u00f1as y medianas empresas participa como proveedora directa o indirecta de iniciativas vinculadas con el r\u00e9gimen.<\/p>\n<p>&nbsp;<\/p>\n","protected":false},"excerpt":{"rendered":"<p>Y qu\u00e9 cambi\u00f3 con la apertura al mundo El sector fabril acumul\u00f3 bajas en actividad y empleo durante el semestre, mientras el uso de equipos cay\u00f3 a 59,1% y crecen las alertas por cierres, embargos y menor demanda interna La industria manufacturera argentina enfrenta un proceso de transformaci\u00f3n, marcado en gran medida por los cambios [&hellip;]<\/p>\n","protected":false},"author":4,"featured_media":226861,"comment_status":"open","ping_status":"open","sticky":false,"template":"","format":"standard","meta":{"_joinchat":[],"footnotes":""},"categories":[34],"tags":[],"class_list":["post-226860","post","type-post","status-publish","format-standard","has-post-thumbnail","category-principal"],"yoast_head":"<!-- This site is optimized with the Yoast SEO plugin v27.7 - https:\/\/yoast.com\/product\/yoast-seo-wordpress\/ -->\n<title>El nuevo escenario de la industria argentina: qui\u00e9nes pierden, qui\u00e9nes crecen - Radio Infinita Goya<\/title>\n<meta name=\"description\" content=\"Y qu\u00e9 cambi\u00f3 con la apertura al mundo El sector fabril acumul\u00f3 bajas en actividad y empleo durante el semestre, mientras el uso de equipos cay\u00f3 a 59,1% y\" \/>\n<meta name=\"robots\" content=\"index, follow, max-snippet:-1, max-image-preview:large, max-video-preview:-1\" \/>\n<link rel=\"canonical\" href=\"https:\/\/radioinfinitagoya.com.ar\/v1\/2026\/09\/06\/el-nuevo-escenario-de-la-industria-argentina-quienes-pierden-quienes-crecen\/\" \/>\n<meta property=\"og:locale\" content=\"es_ES\" \/>\n<meta property=\"og:type\" content=\"article\" \/>\n<meta property=\"og:title\" content=\"El nuevo escenario de la industria argentina: qui\u00e9nes pierden, qui\u00e9nes crecen - Radio Infinita Goya\" \/>\n<meta property=\"og:description\" content=\"Y qu\u00e9 cambi\u00f3 con la apertura al mundo El sector fabril acumul\u00f3 bajas en actividad y empleo durante el semestre, mientras el uso de equipos cay\u00f3 a 59,1% y\" \/>\n<meta property=\"og:url\" content=\"https:\/\/radioinfinitagoya.com.ar\/v1\/2026\/09\/06\/el-nuevo-escenario-de-la-industria-argentina-quienes-pierden-quienes-crecen\/\" \/>\n<meta property=\"og:site_name\" content=\"Radio Infinita Goya\" \/>\n<meta property=\"article:publisher\" content=\"https:\/\/www.facebook.com\/p\/Infinita-Goya-100063870918311\/\" \/>\n<meta property=\"article:published_time\" content=\"2026-09-06T19:28:11+00:00\" \/>\n<meta name=\"author\" content=\"Jorge Mi\u00f1o\" \/>\n<meta name=\"twitter:card\" content=\"summary_large_image\" \/>\n<meta name=\"twitter:label1\" content=\"Escrito por\" \/>\n\t<meta name=\"twitter:data1\" content=\"Jorge Mi\u00f1o\" \/>\n\t<meta name=\"twitter:label2\" content=\"Tiempo de lectura\" \/>\n\t<meta name=\"twitter:data2\" content=\"8 minutos\" \/>\n<script type=\"application\/ld+json\" class=\"yoast-schema-graph\">{\"@context\":\"https:\\\/\\\/schema.org\",\"@graph\":[{\"@type\":\"Article\",\"@id\":\"https:\\\/\\\/radioinfinitagoya.com.ar\\\/v1\\\/2026\\\/09\\\/06\\\/el-nuevo-escenario-de-la-industria-argentina-quienes-pierden-quienes-crecen\\\/#article\",\"isPartOf\":{\"@id\":\"https:\\\/\\\/radioinfinitagoya.com.ar\\\/v1\\\/2026\\\/09\\\/06\\\/el-nuevo-escenario-de-la-industria-argentina-quienes-pierden-quienes-crecen\\\/\"},\"author\":{\"name\":\"Jorge Mi\u00f1o\",\"@id\":\"https:\\\/\\\/radioinfinitagoya.com.ar\\\/v1\\\/#\\\/schema\\\/person\\\/d4cf9c413d4f6edb24aabdccab49ca4a\"},\"headline\":\"El nuevo escenario de la industria argentina: qui\u00e9nes pierden, qui\u00e9nes crecen\",\"datePublished\":\"2026-09-06T19:28:11+00:00\",\"mainEntityOfPage\":{\"@id\":\"https:\\\/\\\/radioinfinitagoya.com.ar\\\/v1\\\/2026\\\/09\\\/06\\\/el-nuevo-escenario-de-la-industria-argentina-quienes-pierden-quienes-crecen\\\/\"},\"wordCount\":1461,\"commentCount\":0,\"publisher\":{\"@id\":\"https:\\\/\\\/radioinfinitagoya.com.ar\\\/v1\\\/#organization\"},\"image\":{\"@id\":\"https:\\\/\\\/radioinfinitagoya.com.ar\\\/v1\\\/2026\\\/09\\\/06\\\/el-nuevo-escenario-de-la-industria-argentina-quienes-pierden-quienes-crecen\\\/#primaryimage\"},\"thumbnailUrl\":\"https:\\\/\\\/radioinfinitagoya.com.ar\\\/v1\\\/wp-content\\\/uploads\\\/2026\\\/09\\\/HEWDESD3KRCODKFA63WBROS5FY.avif\",\"articleSection\":[\"PRINCIPAL\"],\"inLanguage\":\"es-AR\",\"potentialAction\":[{\"@type\":\"CommentAction\",\"name\":\"Comment\",\"target\":[\"https:\\\/\\\/radioinfinitagoya.com.ar\\\/v1\\\/2026\\\/09\\\/06\\\/el-nuevo-escenario-de-la-industria-argentina-quienes-pierden-quienes-crecen\\\/#respond\"]}]},{\"@type\":\"WebPage\",\"@id\":\"https:\\\/\\\/radioinfinitagoya.com.ar\\\/v1\\\/2026\\\/09\\\/06\\\/el-nuevo-escenario-de-la-industria-argentina-quienes-pierden-quienes-crecen\\\/\",\"url\":\"https:\\\/\\\/radioinfinitagoya.com.ar\\\/v1\\\/2026\\\/09\\\/06\\\/el-nuevo-escenario-de-la-industria-argentina-quienes-pierden-quienes-crecen\\\/\",\"name\":\"El nuevo escenario de la industria argentina: qui\u00e9nes pierden, qui\u00e9nes crecen - Radio Infinita Goya\",\"isPartOf\":{\"@id\":\"https:\\\/\\\/radioinfinitagoya.com.ar\\\/v1\\\/#website\"},\"primaryImageOfPage\":{\"@id\":\"https:\\\/\\\/radioinfinitagoya.com.ar\\\/v1\\\/2026\\\/09\\\/06\\\/el-nuevo-escenario-de-la-industria-argentina-quienes-pierden-quienes-crecen\\\/#primaryimage\"},\"image\":{\"@id\":\"https:\\\/\\\/radioinfinitagoya.com.ar\\\/v1\\\/2026\\\/09\\\/06\\\/el-nuevo-escenario-de-la-industria-argentina-quienes-pierden-quienes-crecen\\\/#primaryimage\"},\"thumbnailUrl\":\"https:\\\/\\\/radioinfinitagoya.com.ar\\\/v1\\\/wp-content\\\/uploads\\\/2026\\\/09\\\/HEWDESD3KRCODKFA63WBROS5FY.avif\",\"datePublished\":\"2026-09-06T19:28:11+00:00\",\"description\":\"Y qu\u00e9 cambi\u00f3 con la apertura al mundo El sector fabril acumul\u00f3 bajas en actividad y empleo durante el semestre, mientras el uso de equipos cay\u00f3 a 59,1% y\",\"breadcrumb\":{\"@id\":\"https:\\\/\\\/radioinfinitagoya.com.ar\\\/v1\\\/2026\\\/09\\\/06\\\/el-nuevo-escenario-de-la-industria-argentina-quienes-pierden-quienes-crecen\\\/#breadcrumb\"},\"inLanguage\":\"es-AR\",\"potentialAction\":[{\"@type\":\"ReadAction\",\"target\":[\"https:\\\/\\\/radioinfinitagoya.com.ar\\\/v1\\\/2026\\\/09\\\/06\\\/el-nuevo-escenario-de-la-industria-argentina-quienes-pierden-quienes-crecen\\\/\"]}]},{\"@type\":\"ImageObject\",\"inLanguage\":\"es-AR\",\"@id\":\"https:\\\/\\\/radioinfinitagoya.com.ar\\\/v1\\\/2026\\\/09\\\/06\\\/el-nuevo-escenario-de-la-industria-argentina-quienes-pierden-quienes-crecen\\\/#primaryimage\",\"url\":\"https:\\\/\\\/radioinfinitagoya.com.ar\\\/v1\\\/wp-content\\\/uploads\\\/2026\\\/09\\\/HEWDESD3KRCODKFA63WBROS5FY.avif\",\"contentUrl\":\"https:\\\/\\\/radioinfinitagoya.com.ar\\\/v1\\\/wp-content\\\/uploads\\\/2026\\\/09\\\/HEWDESD3KRCODKFA63WBROS5FY.avif\",\"width\":992,\"height\":583},{\"@type\":\"BreadcrumbList\",\"@id\":\"https:\\\/\\\/radioinfinitagoya.com.ar\\\/v1\\\/2026\\\/09\\\/06\\\/el-nuevo-escenario-de-la-industria-argentina-quienes-pierden-quienes-crecen\\\/#breadcrumb\",\"itemListElement\":[{\"@type\":\"ListItem\",\"position\":1,\"name\":\"Inicio\",\"item\":\"https:\\\/\\\/radioinfinitagoya.com.ar\\\/v1\\\/\"},{\"@type\":\"ListItem\",\"position\":2,\"name\":\"El nuevo escenario de la industria argentina: qui\u00e9nes pierden, qui\u00e9nes crecen\"}]},{\"@type\":\"WebSite\",\"@id\":\"https:\\\/\\\/radioinfinitagoya.com.ar\\\/v1\\\/#website\",\"url\":\"https:\\\/\\\/radioinfinitagoya.com.ar\\\/v1\\\/\",\"name\":\"radioinfinitagoya.com.ar\",\"description\":\"Radio de noticias\",\"publisher\":{\"@id\":\"https:\\\/\\\/radioinfinitagoya.com.ar\\\/v1\\\/#organization\"},\"potentialAction\":[{\"@type\":\"SearchAction\",\"target\":{\"@type\":\"EntryPoint\",\"urlTemplate\":\"https:\\\/\\\/radioinfinitagoya.com.ar\\\/v1\\\/?s={search_term_string}\"},\"query-input\":{\"@type\":\"PropertyValueSpecification\",\"valueRequired\":true,\"valueName\":\"search_term_string\"}}],\"inLanguage\":\"es-AR\"},{\"@type\":\"Organization\",\"@id\":\"https:\\\/\\\/radioinfinitagoya.com.ar\\\/v1\\\/#organization\",\"name\":\"Radio Infinita Goya\",\"url\":\"https:\\\/\\\/radioinfinitagoya.com.ar\\\/v1\\\/\",\"logo\":{\"@type\":\"ImageObject\",\"inLanguage\":\"es-AR\",\"@id\":\"https:\\\/\\\/radioinfinitagoya.com.ar\\\/v1\\\/#\\\/schema\\\/logo\\\/image\\\/\",\"url\":\"https:\\\/\\\/radioinfinitagoya.com.ar\\\/v1\\\/wp-content\\\/uploads\\\/2019\\\/11\\\/logo-pie-web.png\",\"contentUrl\":\"https:\\\/\\\/radioinfinitagoya.com.ar\\\/v1\\\/wp-content\\\/uploads\\\/2019\\\/11\\\/logo-pie-web.png\",\"width\":635,\"height\":326,\"caption\":\"Radio Infinita Goya\"},\"image\":{\"@id\":\"https:\\\/\\\/radioinfinitagoya.com.ar\\\/v1\\\/#\\\/schema\\\/logo\\\/image\\\/\"},\"sameAs\":[\"https:\\\/\\\/www.facebook.com\\\/p\\\/Infinita-Goya-100063870918311\\\/\"]},{\"@type\":\"Person\",\"@id\":\"https:\\\/\\\/radioinfinitagoya.com.ar\\\/v1\\\/#\\\/schema\\\/person\\\/d4cf9c413d4f6edb24aabdccab49ca4a\",\"name\":\"Jorge Mi\u00f1o\",\"image\":{\"@type\":\"ImageObject\",\"inLanguage\":\"es-AR\",\"@id\":\"https:\\\/\\\/secure.gravatar.com\\\/avatar\\\/910fcf6728fe95320e07a6643c1581fec1c7fc4bf8ae12e3d8f0d0373dc844be?s=96&d=mm&r=g\",\"url\":\"https:\\\/\\\/secure.gravatar.com\\\/avatar\\\/910fcf6728fe95320e07a6643c1581fec1c7fc4bf8ae12e3d8f0d0373dc844be?s=96&d=mm&r=g\",\"contentUrl\":\"https:\\\/\\\/secure.gravatar.com\\\/avatar\\\/910fcf6728fe95320e07a6643c1581fec1c7fc4bf8ae12e3d8f0d0373dc844be?s=96&d=mm&r=g\",\"caption\":\"Jorge Mi\u00f1o\"},\"sameAs\":[\"http:\\\/\\\/radioinfinitagoya.com.ar\"]}]}<\/script>\n<!-- \/ Yoast SEO plugin. -->","yoast_head_json":{"title":"El nuevo escenario de la industria argentina: qui\u00e9nes pierden, qui\u00e9nes crecen - Radio Infinita Goya","description":"Y qu\u00e9 cambi\u00f3 con la apertura al mundo El sector fabril acumul\u00f3 bajas en actividad y empleo durante el semestre, mientras el uso de equipos cay\u00f3 a 59,1% y","robots":{"index":"index","follow":"follow","max-snippet":"max-snippet:-1","max-image-preview":"max-image-preview:large","max-video-preview":"max-video-preview:-1"},"canonical":"https:\/\/radioinfinitagoya.com.ar\/v1\/2026\/09\/06\/el-nuevo-escenario-de-la-industria-argentina-quienes-pierden-quienes-crecen\/","og_locale":"es_ES","og_type":"article","og_title":"El nuevo escenario de la industria argentina: qui\u00e9nes pierden, qui\u00e9nes crecen - Radio Infinita Goya","og_description":"Y qu\u00e9 cambi\u00f3 con la apertura al mundo El sector fabril acumul\u00f3 bajas en actividad y empleo durante el semestre, mientras el uso de equipos cay\u00f3 a 59,1% y","og_url":"https:\/\/radioinfinitagoya.com.ar\/v1\/2026\/09\/06\/el-nuevo-escenario-de-la-industria-argentina-quienes-pierden-quienes-crecen\/","og_site_name":"Radio Infinita Goya","article_publisher":"https:\/\/www.facebook.com\/p\/Infinita-Goya-100063870918311\/","article_published_time":"2026-09-06T19:28:11+00:00","author":"Jorge Mi\u00f1o","twitter_card":"summary_large_image","twitter_misc":{"Escrito por":"Jorge Mi\u00f1o","Tiempo de lectura":"8 minutos"},"schema":{"@context":"https:\/\/schema.org","@graph":[{"@type":"Article","@id":"https:\/\/radioinfinitagoya.com.ar\/v1\/2026\/09\/06\/el-nuevo-escenario-de-la-industria-argentina-quienes-pierden-quienes-crecen\/#article","isPartOf":{"@id":"https:\/\/radioinfinitagoya.com.ar\/v1\/2026\/09\/06\/el-nuevo-escenario-de-la-industria-argentina-quienes-pierden-quienes-crecen\/"},"author":{"name":"Jorge Mi\u00f1o","@id":"https:\/\/radioinfinitagoya.com.ar\/v1\/#\/schema\/person\/d4cf9c413d4f6edb24aabdccab49ca4a"},"headline":"El nuevo escenario de la industria argentina: qui\u00e9nes pierden, qui\u00e9nes crecen","datePublished":"2026-09-06T19:28:11+00:00","mainEntityOfPage":{"@id":"https:\/\/radioinfinitagoya.com.ar\/v1\/2026\/09\/06\/el-nuevo-escenario-de-la-industria-argentina-quienes-pierden-quienes-crecen\/"},"wordCount":1461,"commentCount":0,"publisher":{"@id":"https:\/\/radioinfinitagoya.com.ar\/v1\/#organization"},"image":{"@id":"https:\/\/radioinfinitagoya.com.ar\/v1\/2026\/09\/06\/el-nuevo-escenario-de-la-industria-argentina-quienes-pierden-quienes-crecen\/#primaryimage"},"thumbnailUrl":"https:\/\/radioinfinitagoya.com.ar\/v1\/wp-content\/uploads\/2026\/09\/HEWDESD3KRCODKFA63WBROS5FY.avif","articleSection":["PRINCIPAL"],"inLanguage":"es-AR","potentialAction":[{"@type":"CommentAction","name":"Comment","target":["https:\/\/radioinfinitagoya.com.ar\/v1\/2026\/09\/06\/el-nuevo-escenario-de-la-industria-argentina-quienes-pierden-quienes-crecen\/#respond"]}]},{"@type":"WebPage","@id":"https:\/\/radioinfinitagoya.com.ar\/v1\/2026\/09\/06\/el-nuevo-escenario-de-la-industria-argentina-quienes-pierden-quienes-crecen\/","url":"https:\/\/radioinfinitagoya.com.ar\/v1\/2026\/09\/06\/el-nuevo-escenario-de-la-industria-argentina-quienes-pierden-quienes-crecen\/","name":"El nuevo escenario de la industria argentina: qui\u00e9nes pierden, qui\u00e9nes crecen - Radio Infinita Goya","isPartOf":{"@id":"https:\/\/radioinfinitagoya.com.ar\/v1\/#website"},"primaryImageOfPage":{"@id":"https:\/\/radioinfinitagoya.com.ar\/v1\/2026\/09\/06\/el-nuevo-escenario-de-la-industria-argentina-quienes-pierden-quienes-crecen\/#primaryimage"},"image":{"@id":"https:\/\/radioinfinitagoya.com.ar\/v1\/2026\/09\/06\/el-nuevo-escenario-de-la-industria-argentina-quienes-pierden-quienes-crecen\/#primaryimage"},"thumbnailUrl":"https:\/\/radioinfinitagoya.com.ar\/v1\/wp-content\/uploads\/2026\/09\/HEWDESD3KRCODKFA63WBROS5FY.avif","datePublished":"2026-09-06T19:28:11+00:00","description":"Y qu\u00e9 cambi\u00f3 con la apertura al mundo El sector fabril acumul\u00f3 bajas en actividad y empleo durante el semestre, mientras el uso de equipos cay\u00f3 a 59,1% y","breadcrumb":{"@id":"https:\/\/radioinfinitagoya.com.ar\/v1\/2026\/09\/06\/el-nuevo-escenario-de-la-industria-argentina-quienes-pierden-quienes-crecen\/#breadcrumb"},"inLanguage":"es-AR","potentialAction":[{"@type":"ReadAction","target":["https:\/\/radioinfinitagoya.com.ar\/v1\/2026\/09\/06\/el-nuevo-escenario-de-la-industria-argentina-quienes-pierden-quienes-crecen\/"]}]},{"@type":"ImageObject","inLanguage":"es-AR","@id":"https:\/\/radioinfinitagoya.com.ar\/v1\/2026\/09\/06\/el-nuevo-escenario-de-la-industria-argentina-quienes-pierden-quienes-crecen\/#primaryimage","url":"https:\/\/radioinfinitagoya.com.ar\/v1\/wp-content\/uploads\/2026\/09\/HEWDESD3KRCODKFA63WBROS5FY.avif","contentUrl":"https:\/\/radioinfinitagoya.com.ar\/v1\/wp-content\/uploads\/2026\/09\/HEWDESD3KRCODKFA63WBROS5FY.avif","width":992,"height":583},{"@type":"BreadcrumbList","@id":"https:\/\/radioinfinitagoya.com.ar\/v1\/2026\/09\/06\/el-nuevo-escenario-de-la-industria-argentina-quienes-pierden-quienes-crecen\/#breadcrumb","itemListElement":[{"@type":"ListItem","position":1,"name":"Inicio","item":"https:\/\/radioinfinitagoya.com.ar\/v1\/"},{"@type":"ListItem","position":2,"name":"El nuevo escenario de la industria argentina: qui\u00e9nes pierden, qui\u00e9nes crecen"}]},{"@type":"WebSite","@id":"https:\/\/radioinfinitagoya.com.ar\/v1\/#website","url":"https:\/\/radioinfinitagoya.com.ar\/v1\/","name":"radioinfinitagoya.com.ar","description":"Radio de noticias","publisher":{"@id":"https:\/\/radioinfinitagoya.com.ar\/v1\/#organization"},"potentialAction":[{"@type":"SearchAction","target":{"@type":"EntryPoint","urlTemplate":"https:\/\/radioinfinitagoya.com.ar\/v1\/?s={search_term_string}"},"query-input":{"@type":"PropertyValueSpecification","valueRequired":true,"valueName":"search_term_string"}}],"inLanguage":"es-AR"},{"@type":"Organization","@id":"https:\/\/radioinfinitagoya.com.ar\/v1\/#organization","name":"Radio Infinita Goya","url":"https:\/\/radioinfinitagoya.com.ar\/v1\/","logo":{"@type":"ImageObject","inLanguage":"es-AR","@id":"https:\/\/radioinfinitagoya.com.ar\/v1\/#\/schema\/logo\/image\/","url":"https:\/\/radioinfinitagoya.com.ar\/v1\/wp-content\/uploads\/2019\/11\/logo-pie-web.png","contentUrl":"https:\/\/radioinfinitagoya.com.ar\/v1\/wp-content\/uploads\/2019\/11\/logo-pie-web.png","width":635,"height":326,"caption":"Radio Infinita Goya"},"image":{"@id":"https:\/\/radioinfinitagoya.com.ar\/v1\/#\/schema\/logo\/image\/"},"sameAs":["https:\/\/www.facebook.com\/p\/Infinita-Goya-100063870918311\/"]},{"@type":"Person","@id":"https:\/\/radioinfinitagoya.com.ar\/v1\/#\/schema\/person\/d4cf9c413d4f6edb24aabdccab49ca4a","name":"Jorge Mi\u00f1o","image":{"@type":"ImageObject","inLanguage":"es-AR","@id":"https:\/\/secure.gravatar.com\/avatar\/910fcf6728fe95320e07a6643c1581fec1c7fc4bf8ae12e3d8f0d0373dc844be?s=96&d=mm&r=g","url":"https:\/\/secure.gravatar.com\/avatar\/910fcf6728fe95320e07a6643c1581fec1c7fc4bf8ae12e3d8f0d0373dc844be?s=96&d=mm&r=g","contentUrl":"https:\/\/secure.gravatar.com\/avatar\/910fcf6728fe95320e07a6643c1581fec1c7fc4bf8ae12e3d8f0d0373dc844be?s=96&d=mm&r=g","caption":"Jorge Mi\u00f1o"},"sameAs":["http:\/\/radioinfinitagoya.com.ar"]}]}},"_links":{"self":[{"href":"https:\/\/radioinfinitagoya.com.ar\/v1\/wp-json\/wp\/v2\/posts\/226860","targetHints":{"allow":["GET"]}}],"collection":[{"href":"https:\/\/radioinfinitagoya.com.ar\/v1\/wp-json\/wp\/v2\/posts"}],"about":[{"href":"https:\/\/radioinfinitagoya.com.ar\/v1\/wp-json\/wp\/v2\/types\/post"}],"author":[{"embeddable":true,"href":"https:\/\/radioinfinitagoya.com.ar\/v1\/wp-json\/wp\/v2\/users\/4"}],"replies":[{"embeddable":true,"href":"https:\/\/radioinfinitagoya.com.ar\/v1\/wp-json\/wp\/v2\/comments?post=226860"}],"version-history":[{"count":1,"href":"https:\/\/radioinfinitagoya.com.ar\/v1\/wp-json\/wp\/v2\/posts\/226860\/revisions"}],"predecessor-version":[{"id":226870,"href":"https:\/\/radioinfinitagoya.com.ar\/v1\/wp-json\/wp\/v2\/posts\/226860\/revisions\/226870"}],"wp:featuredmedia":[{"embeddable":true,"href":"https:\/\/radioinfinitagoya.com.ar\/v1\/wp-json\/wp\/v2\/media\/226861"}],"wp:attachment":[{"href":"https:\/\/radioinfinitagoya.com.ar\/v1\/wp-json\/wp\/v2\/media?parent=226860"}],"wp:term":[{"taxonomy":"category","embeddable":true,"href":"https:\/\/radioinfinitagoya.com.ar\/v1\/wp-json\/wp\/v2\/categories?post=226860"},{"taxonomy":"post_tag","embeddable":true,"href":"https:\/\/radioinfinitagoya.com.ar\/v1\/wp-json\/wp\/v2\/tags?post=226860"}],"curies":[{"name":"wp","href":"https:\/\/api.w.org\/{rel}","templated":true}]}}