{"id":226871,"date":"2026-09-06T16:31:20","date_gmt":"2026-09-06T19:31:20","guid":{"rendered":"https:\/\/radioinfinitagoya.com.ar\/v1\/?p=226871"},"modified":"2026-09-06T16:31:21","modified_gmt":"2026-09-06T19:31:21","slug":"juan-pablo-valdes-una-nueva-industria-elecciones-desdobladas-y-aumento-salarial","status":"publish","type":"post","link":"https:\/\/radioinfinitagoya.com.ar\/v1\/2026\/09\/06\/juan-pablo-valdes-una-nueva-industria-elecciones-desdobladas-y-aumento-salarial\/","title":{"rendered":"Juan Pablo Vald\u00e9s: una nueva industria, elecciones desdobladas y aumento salarial"},"content":{"rendered":"<p>300 nuevos puestos de trabajo. Un aumento salarial en puerta y los comicios 2027.<\/p>\n<p>Semana intensa la del gobernador Juan Pablo Vald\u00e9s que celebr\u00f3 la llegada de los 50 contenedores que partieron desde Suecia y que arribaron al puerto de Corrientes despu\u00e9s de 32 d\u00edas. Hist\u00f3rico. Anticip\u00f3 lo que ya era vox populi, las elecciones 2027 ser\u00e1n desbobladas: por un lado los comicios nacionales y por el otro los provinciales, en los que la provincia elegir\u00e1 15 diputados y 5 senadores.<\/p>\n<p>Mientras aclaraba todo eso, Juan Pablo Vald\u00e9s alentaba a los j\u00f3venes deportistas que compet\u00edan para representar a Corrientes en los juego Evita y daba detalles de lo que ser\u00eda un nuevo aumento salarial para estatales. Inmediatamente despu\u00e9s se trasladaba a Iguaz\u00fa donde daba c\u00e1tedra del camino que traz\u00f3 la provincia para atraer inversiones. Hoja de ruta que se inici\u00f3 all\u00e1 por 2003.<\/p>\n<p>En el puerto, los grandes rect\u00e1ngulos de acero trajeron en su interior la maquinaria destinada a instalar la primera planta de madera contralaminada (CLT) del pa\u00eds.<\/p>\n<p>El equipamiento est\u00e1 destinado al montaje de la planta industrial de la firma Cambium Build, que contar\u00e1 con una superficie cubierta de 4.800 metros cuadrados. El complejo se orientar\u00e1 a la producci\u00f3n de madera de ingenier\u00eda de alto valor agregado para la industria de la construcci\u00f3n.<\/p>\n<p>Una vez que est\u00e9 operativa, la planta dar\u00e1 trabajo a 300 correntinos. Se espera que comience a operar en el primer trimestre de 2027.<\/p>\n<p>El cargamento inici\u00f3 su recorrido internacional en el puerto de Gotemburgo (Suecia) y demor\u00f3 32 d\u00edas hasta llegar a la capital correntina. Gretel Rubel, responsable de Comercio Exterior de Insud, explic\u00f3 que la operaci\u00f3n incluy\u00f3 tres trasbordos durante el trayecto.<\/p>\n<p>El primer tramo se realiz\u00f3 mediante buques oce\u00e1nicos hasta Buenos Aires y luego la carga fue transferida a barcazas. Con esa modalidad, los contenedores continuaron por la hidrov\u00eda hasta el puerto correntino.<\/p>\n<p>Adolfo Escobar Dam\u00fas, director de Transporte Fluvial y Puertos de la Provincia, detall\u00f3 que son 50 contenedores con la infraestructura y la maquinaria necesaria para iniciar la actividad de un proyecto industrial in\u00e9dito para el pa\u00eds.<\/p>\n<p>Aumento<\/p>\n<p>\u201cVa a haber anuncio de aumento salarial. Cuando estemos en condiciones lo vamos a decir y vamos a trabajar en esos porcentuales para no quedar atr\u00e1s antes de que termine el a\u00f1o\u201d, afirm\u00f3 el mandatario<\/p>\n<p>Vald\u00e9s explic\u00f3 que el Gobierno provincial trabaja con cautela y destac\u00f3 que, por primera vez desde el inicio de la gesti\u00f3n, se registraron dos meses consecutivos con resultados positivos, aunque aclar\u00f3 que el resultado del \u00faltimo per\u00edodo fue moderado.<\/p>\n<p>\u201cEsperemos que esa proyecci\u00f3n que ha tenido el Ministerio de Econom\u00eda, el ministro Luis Caputo, se termine afirmando\u201d, se\u00f1al\u00f3, en referencia a la expectativa de una recuperaci\u00f3n econ\u00f3mica sostenida.De todos modos, el gobernador pidi\u00f3 tomar esas proyecciones con prudencia. \u201cHay que tomarlo con pinzas, son proyecciones. La econom\u00eda est\u00e1 pasando por procesos de transformaci\u00f3n\u201d, sostuvo.<\/p>\n","protected":false},"excerpt":{"rendered":"<p>300 nuevos puestos de trabajo. Un aumento salarial en puerta y los comicios 2027. Semana intensa la del gobernador Juan Pablo Vald\u00e9s que celebr\u00f3 la llegada de los 50 contenedores que partieron desde Suecia y que arribaron al puerto de Corrientes despu\u00e9s de 32 d\u00edas. Hist\u00f3rico. Anticip\u00f3 lo que ya era vox populi, las elecciones [&hellip;]<\/p>\n","protected":false},"author":4,"featured_media":226872,"comment_status":"open","ping_status":"open","sticky":false,"template":"","format":"standard","meta":{"_joinchat":[],"footnotes":""},"categories":[31],"tags":[],"class_list":["post-226871","post","type-post","status-publish","format-standard","has-post-thumbnail","category-informacion-general"],"yoast_head":"<!-- This site is optimized with the Yoast SEO plugin v27.7 - https:\/\/yoast.com\/product\/yoast-seo-wordpress\/ -->\n<title>Juan Pablo Vald\u00e9s: una nueva industria, elecciones desdobladas y aumento salarial - Radio Infinita Goya<\/title>\n<meta name=\"description\" content=\"300 nuevos puestos de trabajo. Un aumento salarial en puerta y los comicios 2027. Semana intensa la del gobernador Juan Pablo Vald\u00e9s que celebr\u00f3 la\" \/>\n<meta name=\"robots\" content=\"index, follow, max-snippet:-1, max-image-preview:large, max-video-preview:-1\" \/>\n<link rel=\"canonical\" href=\"https:\/\/radioinfinitagoya.com.ar\/v1\/2026\/09\/06\/juan-pablo-valdes-una-nueva-industria-elecciones-desdobladas-y-aumento-salarial\/\" \/>\n<meta property=\"og:locale\" content=\"es_ES\" \/>\n<meta property=\"og:type\" content=\"article\" \/>\n<meta property=\"og:title\" content=\"Juan Pablo Vald\u00e9s: una nueva industria, elecciones desdobladas y aumento salarial - Radio Infinita Goya\" \/>\n<meta property=\"og:description\" content=\"300 nuevos puestos de trabajo. Un aumento salarial en puerta y los comicios 2027. Semana intensa la del gobernador Juan Pablo Vald\u00e9s que celebr\u00f3 la\" \/>\n<meta property=\"og:url\" content=\"https:\/\/radioinfinitagoya.com.ar\/v1\/2026\/09\/06\/juan-pablo-valdes-una-nueva-industria-elecciones-desdobladas-y-aumento-salarial\/\" \/>\n<meta property=\"og:site_name\" content=\"Radio Infinita Goya\" \/>\n<meta property=\"article:publisher\" content=\"https:\/\/www.facebook.com\/p\/Infinita-Goya-100063870918311\/\" \/>\n<meta property=\"article:published_time\" content=\"2026-09-06T19:31:20+00:00\" \/>\n<meta property=\"article:modified_time\" content=\"2026-09-06T19:31:21+00:00\" \/>\n<meta property=\"og:image\" content=\"https:\/\/radioinfinitagoya.com.ar\/v1\/wp-content\/uploads\/2026\/09\/1788662086863-1.webp\" \/>\n\t<meta property=\"og:image:width\" content=\"1200\" \/>\n\t<meta property=\"og:image:height\" content=\"675\" \/>\n\t<meta property=\"og:image:type\" content=\"image\/webp\" \/>\n<meta name=\"author\" content=\"Jorge Mi\u00f1o\" \/>\n<meta name=\"twitter:card\" content=\"summary_large_image\" \/>\n<meta name=\"twitter:label1\" content=\"Escrito por\" \/>\n\t<meta name=\"twitter:data1\" content=\"Jorge Mi\u00f1o\" \/>\n\t<meta name=\"twitter:label2\" content=\"Tiempo de lectura\" \/>\n\t<meta name=\"twitter:data2\" content=\"3 minutos\" \/>\n<script type=\"application\/ld+json\" class=\"yoast-schema-graph\">{\"@context\":\"https:\\\/\\\/schema.org\",\"@graph\":[{\"@type\":\"Article\",\"@id\":\"https:\\\/\\\/radioinfinitagoya.com.ar\\\/v1\\\/2026\\\/09\\\/06\\\/juan-pablo-valdes-una-nueva-industria-elecciones-desdobladas-y-aumento-salarial\\\/#article\",\"isPartOf\":{\"@id\":\"https:\\\/\\\/radioinfinitagoya.com.ar\\\/v1\\\/2026\\\/09\\\/06\\\/juan-pablo-valdes-una-nueva-industria-elecciones-desdobladas-y-aumento-salarial\\\/\"},\"author\":{\"name\":\"Jorge Mi\u00f1o\",\"@id\":\"https:\\\/\\\/radioinfinitagoya.com.ar\\\/v1\\\/#\\\/schema\\\/person\\\/d4cf9c413d4f6edb24aabdccab49ca4a\"},\"headline\":\"Juan Pablo Vald\u00e9s: una nueva industria, elecciones desdobladas y aumento salarial\",\"datePublished\":\"2026-09-06T19:31:20+00:00\",\"dateModified\":\"2026-09-06T19:31:21+00:00\",\"mainEntityOfPage\":{\"@id\":\"https:\\\/\\\/radioinfinitagoya.com.ar\\\/v1\\\/2026\\\/09\\\/06\\\/juan-pablo-valdes-una-nueva-industria-elecciones-desdobladas-y-aumento-salarial\\\/\"},\"wordCount\":512,\"commentCount\":0,\"publisher\":{\"@id\":\"https:\\\/\\\/radioinfinitagoya.com.ar\\\/v1\\\/#organization\"},\"image\":{\"@id\":\"https:\\\/\\\/radioinfinitagoya.com.ar\\\/v1\\\/2026\\\/09\\\/06\\\/juan-pablo-valdes-una-nueva-industria-elecciones-desdobladas-y-aumento-salarial\\\/#primaryimage\"},\"thumbnailUrl\":\"https:\\\/\\\/radioinfinitagoya.com.ar\\\/v1\\\/wp-content\\\/uploads\\\/2026\\\/09\\\/1788662086863-1.webp\",\"articleSection\":[\"INFORMACI\u00d3N GENERAL\"],\"inLanguage\":\"es-AR\",\"potentialAction\":[{\"@type\":\"CommentAction\",\"name\":\"Comment\",\"target\":[\"https:\\\/\\\/radioinfinitagoya.com.ar\\\/v1\\\/2026\\\/09\\\/06\\\/juan-pablo-valdes-una-nueva-industria-elecciones-desdobladas-y-aumento-salarial\\\/#respond\"]}]},{\"@type\":\"WebPage\",\"@id\":\"https:\\\/\\\/radioinfinitagoya.com.ar\\\/v1\\\/2026\\\/09\\\/06\\\/juan-pablo-valdes-una-nueva-industria-elecciones-desdobladas-y-aumento-salarial\\\/\",\"url\":\"https:\\\/\\\/radioinfinitagoya.com.ar\\\/v1\\\/2026\\\/09\\\/06\\\/juan-pablo-valdes-una-nueva-industria-elecciones-desdobladas-y-aumento-salarial\\\/\",\"name\":\"Juan Pablo Vald\u00e9s: una nueva industria, elecciones desdobladas y aumento salarial - Radio Infinita Goya\",\"isPartOf\":{\"@id\":\"https:\\\/\\\/radioinfinitagoya.com.ar\\\/v1\\\/#website\"},\"primaryImageOfPage\":{\"@id\":\"https:\\\/\\\/radioinfinitagoya.com.ar\\\/v1\\\/2026\\\/09\\\/06\\\/juan-pablo-valdes-una-nueva-industria-elecciones-desdobladas-y-aumento-salarial\\\/#primaryimage\"},\"image\":{\"@id\":\"https:\\\/\\\/radioinfinitagoya.com.ar\\\/v1\\\/2026\\\/09\\\/06\\\/juan-pablo-valdes-una-nueva-industria-elecciones-desdobladas-y-aumento-salarial\\\/#primaryimage\"},\"thumbnailUrl\":\"https:\\\/\\\/radioinfinitagoya.com.ar\\\/v1\\\/wp-content\\\/uploads\\\/2026\\\/09\\\/1788662086863-1.webp\",\"datePublished\":\"2026-09-06T19:31:20+00:00\",\"dateModified\":\"2026-09-06T19:31:21+00:00\",\"description\":\"300 nuevos puestos de trabajo. Un aumento salarial en puerta y los comicios 2027. Semana intensa la del gobernador Juan Pablo Vald\u00e9s que celebr\u00f3 la\",\"breadcrumb\":{\"@id\":\"https:\\\/\\\/radioinfinitagoya.com.ar\\\/v1\\\/2026\\\/09\\\/06\\\/juan-pablo-valdes-una-nueva-industria-elecciones-desdobladas-y-aumento-salarial\\\/#breadcrumb\"},\"inLanguage\":\"es-AR\",\"potentialAction\":[{\"@type\":\"ReadAction\",\"target\":[\"https:\\\/\\\/radioinfinitagoya.com.ar\\\/v1\\\/2026\\\/09\\\/06\\\/juan-pablo-valdes-una-nueva-industria-elecciones-desdobladas-y-aumento-salarial\\\/\"]}]},{\"@type\":\"ImageObject\",\"inLanguage\":\"es-AR\",\"@id\":\"https:\\\/\\\/radioinfinitagoya.com.ar\\\/v1\\\/2026\\\/09\\\/06\\\/juan-pablo-valdes-una-nueva-industria-elecciones-desdobladas-y-aumento-salarial\\\/#primaryimage\",\"url\":\"https:\\\/\\\/radioinfinitagoya.com.ar\\\/v1\\\/wp-content\\\/uploads\\\/2026\\\/09\\\/1788662086863-1.webp\",\"contentUrl\":\"https:\\\/\\\/radioinfinitagoya.com.ar\\\/v1\\\/wp-content\\\/uploads\\\/2026\\\/09\\\/1788662086863-1.webp\",\"width\":1200,\"height\":675},{\"@type\":\"BreadcrumbList\",\"@id\":\"https:\\\/\\\/radioinfinitagoya.com.ar\\\/v1\\\/2026\\\/09\\\/06\\\/juan-pablo-valdes-una-nueva-industria-elecciones-desdobladas-y-aumento-salarial\\\/#breadcrumb\",\"itemListElement\":[{\"@type\":\"ListItem\",\"position\":1,\"name\":\"Inicio\",\"item\":\"https:\\\/\\\/radioinfinitagoya.com.ar\\\/v1\\\/\"},{\"@type\":\"ListItem\",\"position\":2,\"name\":\"Juan Pablo Vald\u00e9s: una nueva industria, elecciones desdobladas y aumento salarial\"}]},{\"@type\":\"WebSite\",\"@id\":\"https:\\\/\\\/radioinfinitagoya.com.ar\\\/v1\\\/#website\",\"url\":\"https:\\\/\\\/radioinfinitagoya.com.ar\\\/v1\\\/\",\"name\":\"radioinfinitagoya.com.ar\",\"description\":\"Radio de noticias\",\"publisher\":{\"@id\":\"https:\\\/\\\/radioinfinitagoya.com.ar\\\/v1\\\/#organization\"},\"potentialAction\":[{\"@type\":\"SearchAction\",\"target\":{\"@type\":\"EntryPoint\",\"urlTemplate\":\"https:\\\/\\\/radioinfinitagoya.com.ar\\\/v1\\\/?s={search_term_string}\"},\"query-input\":{\"@type\":\"PropertyValueSpecification\",\"valueRequired\":true,\"valueName\":\"search_term_string\"}}],\"inLanguage\":\"es-AR\"},{\"@type\":\"Organization\",\"@id\":\"https:\\\/\\\/radioinfinitagoya.com.ar\\\/v1\\\/#organization\",\"name\":\"Radio Infinita Goya\",\"url\":\"https:\\\/\\\/radioinfinitagoya.com.ar\\\/v1\\\/\",\"logo\":{\"@type\":\"ImageObject\",\"inLanguage\":\"es-AR\",\"@id\":\"https:\\\/\\\/radioinfinitagoya.com.ar\\\/v1\\\/#\\\/schema\\\/logo\\\/image\\\/\",\"url\":\"https:\\\/\\\/radioinfinitagoya.com.ar\\\/v1\\\/wp-content\\\/uploads\\\/2019\\\/11\\\/logo-pie-web.png\",\"contentUrl\":\"https:\\\/\\\/radioinfinitagoya.com.ar\\\/v1\\\/wp-content\\\/uploads\\\/2019\\\/11\\\/logo-pie-web.png\",\"width\":635,\"height\":326,\"caption\":\"Radio Infinita Goya\"},\"image\":{\"@id\":\"https:\\\/\\\/radioinfinitagoya.com.ar\\\/v1\\\/#\\\/schema\\\/logo\\\/image\\\/\"},\"sameAs\":[\"https:\\\/\\\/www.facebook.com\\\/p\\\/Infinita-Goya-100063870918311\\\/\"]},{\"@type\":\"Person\",\"@id\":\"https:\\\/\\\/radioinfinitagoya.com.ar\\\/v1\\\/#\\\/schema\\\/person\\\/d4cf9c413d4f6edb24aabdccab49ca4a\",\"name\":\"Jorge Mi\u00f1o\",\"image\":{\"@type\":\"ImageObject\",\"inLanguage\":\"es-AR\",\"@id\":\"https:\\\/\\\/secure.gravatar.com\\\/avatar\\\/910fcf6728fe95320e07a6643c1581fec1c7fc4bf8ae12e3d8f0d0373dc844be?s=96&d=mm&r=g\",\"url\":\"https:\\\/\\\/secure.gravatar.com\\\/avatar\\\/910fcf6728fe95320e07a6643c1581fec1c7fc4bf8ae12e3d8f0d0373dc844be?s=96&d=mm&r=g\",\"contentUrl\":\"https:\\\/\\\/secure.gravatar.com\\\/avatar\\\/910fcf6728fe95320e07a6643c1581fec1c7fc4bf8ae12e3d8f0d0373dc844be?s=96&d=mm&r=g\",\"caption\":\"Jorge Mi\u00f1o\"},\"sameAs\":[\"http:\\\/\\\/radioinfinitagoya.com.ar\"]}]}<\/script>\n<!-- \/ Yoast SEO plugin. -->","yoast_head_json":{"title":"Juan Pablo Vald\u00e9s: una nueva industria, elecciones desdobladas y aumento salarial - Radio Infinita Goya","description":"300 nuevos puestos de trabajo. Un aumento salarial en puerta y los comicios 2027. Semana intensa la del gobernador Juan Pablo Vald\u00e9s que celebr\u00f3 la","robots":{"index":"index","follow":"follow","max-snippet":"max-snippet:-1","max-image-preview":"max-image-preview:large","max-video-preview":"max-video-preview:-1"},"canonical":"https:\/\/radioinfinitagoya.com.ar\/v1\/2026\/09\/06\/juan-pablo-valdes-una-nueva-industria-elecciones-desdobladas-y-aumento-salarial\/","og_locale":"es_ES","og_type":"article","og_title":"Juan Pablo Vald\u00e9s: una nueva industria, elecciones desdobladas y aumento salarial - Radio Infinita Goya","og_description":"300 nuevos puestos de trabajo. Un aumento salarial en puerta y los comicios 2027. Semana intensa la del gobernador Juan Pablo Vald\u00e9s que celebr\u00f3 la","og_url":"https:\/\/radioinfinitagoya.com.ar\/v1\/2026\/09\/06\/juan-pablo-valdes-una-nueva-industria-elecciones-desdobladas-y-aumento-salarial\/","og_site_name":"Radio Infinita Goya","article_publisher":"https:\/\/www.facebook.com\/p\/Infinita-Goya-100063870918311\/","article_published_time":"2026-09-06T19:31:20+00:00","article_modified_time":"2026-09-06T19:31:21+00:00","og_image":[{"width":1200,"height":675,"url":"https:\/\/radioinfinitagoya.com.ar\/v1\/wp-content\/uploads\/2026\/09\/1788662086863-1.webp","type":"image\/webp"}],"author":"Jorge Mi\u00f1o","twitter_card":"summary_large_image","twitter_misc":{"Escrito por":"Jorge Mi\u00f1o","Tiempo de lectura":"3 minutos"},"schema":{"@context":"https:\/\/schema.org","@graph":[{"@type":"Article","@id":"https:\/\/radioinfinitagoya.com.ar\/v1\/2026\/09\/06\/juan-pablo-valdes-una-nueva-industria-elecciones-desdobladas-y-aumento-salarial\/#article","isPartOf":{"@id":"https:\/\/radioinfinitagoya.com.ar\/v1\/2026\/09\/06\/juan-pablo-valdes-una-nueva-industria-elecciones-desdobladas-y-aumento-salarial\/"},"author":{"name":"Jorge Mi\u00f1o","@id":"https:\/\/radioinfinitagoya.com.ar\/v1\/#\/schema\/person\/d4cf9c413d4f6edb24aabdccab49ca4a"},"headline":"Juan Pablo Vald\u00e9s: una nueva industria, elecciones desdobladas y aumento salarial","datePublished":"2026-09-06T19:31:20+00:00","dateModified":"2026-09-06T19:31:21+00:00","mainEntityOfPage":{"@id":"https:\/\/radioinfinitagoya.com.ar\/v1\/2026\/09\/06\/juan-pablo-valdes-una-nueva-industria-elecciones-desdobladas-y-aumento-salarial\/"},"wordCount":512,"commentCount":0,"publisher":{"@id":"https:\/\/radioinfinitagoya.com.ar\/v1\/#organization"},"image":{"@id":"https:\/\/radioinfinitagoya.com.ar\/v1\/2026\/09\/06\/juan-pablo-valdes-una-nueva-industria-elecciones-desdobladas-y-aumento-salarial\/#primaryimage"},"thumbnailUrl":"https:\/\/radioinfinitagoya.com.ar\/v1\/wp-content\/uploads\/2026\/09\/1788662086863-1.webp","articleSection":["INFORMACI\u00d3N GENERAL"],"inLanguage":"es-AR","potentialAction":[{"@type":"CommentAction","name":"Comment","target":["https:\/\/radioinfinitagoya.com.ar\/v1\/2026\/09\/06\/juan-pablo-valdes-una-nueva-industria-elecciones-desdobladas-y-aumento-salarial\/#respond"]}]},{"@type":"WebPage","@id":"https:\/\/radioinfinitagoya.com.ar\/v1\/2026\/09\/06\/juan-pablo-valdes-una-nueva-industria-elecciones-desdobladas-y-aumento-salarial\/","url":"https:\/\/radioinfinitagoya.com.ar\/v1\/2026\/09\/06\/juan-pablo-valdes-una-nueva-industria-elecciones-desdobladas-y-aumento-salarial\/","name":"Juan Pablo Vald\u00e9s: una nueva industria, elecciones desdobladas y aumento salarial - Radio Infinita Goya","isPartOf":{"@id":"https:\/\/radioinfinitagoya.com.ar\/v1\/#website"},"primaryImageOfPage":{"@id":"https:\/\/radioinfinitagoya.com.ar\/v1\/2026\/09\/06\/juan-pablo-valdes-una-nueva-industria-elecciones-desdobladas-y-aumento-salarial\/#primaryimage"},"image":{"@id":"https:\/\/radioinfinitagoya.com.ar\/v1\/2026\/09\/06\/juan-pablo-valdes-una-nueva-industria-elecciones-desdobladas-y-aumento-salarial\/#primaryimage"},"thumbnailUrl":"https:\/\/radioinfinitagoya.com.ar\/v1\/wp-content\/uploads\/2026\/09\/1788662086863-1.webp","datePublished":"2026-09-06T19:31:20+00:00","dateModified":"2026-09-06T19:31:21+00:00","description":"300 nuevos puestos de trabajo. Un aumento salarial en puerta y los comicios 2027. Semana intensa la del gobernador Juan Pablo Vald\u00e9s que celebr\u00f3 la","breadcrumb":{"@id":"https:\/\/radioinfinitagoya.com.ar\/v1\/2026\/09\/06\/juan-pablo-valdes-una-nueva-industria-elecciones-desdobladas-y-aumento-salarial\/#breadcrumb"},"inLanguage":"es-AR","potentialAction":[{"@type":"ReadAction","target":["https:\/\/radioinfinitagoya.com.ar\/v1\/2026\/09\/06\/juan-pablo-valdes-una-nueva-industria-elecciones-desdobladas-y-aumento-salarial\/"]}]},{"@type":"ImageObject","inLanguage":"es-AR","@id":"https:\/\/radioinfinitagoya.com.ar\/v1\/2026\/09\/06\/juan-pablo-valdes-una-nueva-industria-elecciones-desdobladas-y-aumento-salarial\/#primaryimage","url":"https:\/\/radioinfinitagoya.com.ar\/v1\/wp-content\/uploads\/2026\/09\/1788662086863-1.webp","contentUrl":"https:\/\/radioinfinitagoya.com.ar\/v1\/wp-content\/uploads\/2026\/09\/1788662086863-1.webp","width":1200,"height":675},{"@type":"BreadcrumbList","@id":"https:\/\/radioinfinitagoya.com.ar\/v1\/2026\/09\/06\/juan-pablo-valdes-una-nueva-industria-elecciones-desdobladas-y-aumento-salarial\/#breadcrumb","itemListElement":[{"@type":"ListItem","position":1,"name":"Inicio","item":"https:\/\/radioinfinitagoya.com.ar\/v1\/"},{"@type":"ListItem","position":2,"name":"Juan Pablo Vald\u00e9s: una nueva industria, elecciones desdobladas y aumento salarial"}]},{"@type":"WebSite","@id":"https:\/\/radioinfinitagoya.com.ar\/v1\/#website","url":"https:\/\/radioinfinitagoya.com.ar\/v1\/","name":"radioinfinitagoya.com.ar","description":"Radio de noticias","publisher":{"@id":"https:\/\/radioinfinitagoya.com.ar\/v1\/#organization"},"potentialAction":[{"@type":"SearchAction","target":{"@type":"EntryPoint","urlTemplate":"https:\/\/radioinfinitagoya.com.ar\/v1\/?s={search_term_string}"},"query-input":{"@type":"PropertyValueSpecification","valueRequired":true,"valueName":"search_term_string"}}],"inLanguage":"es-AR"},{"@type":"Organization","@id":"https:\/\/radioinfinitagoya.com.ar\/v1\/#organization","name":"Radio Infinita Goya","url":"https:\/\/radioinfinitagoya.com.ar\/v1\/","logo":{"@type":"ImageObject","inLanguage":"es-AR","@id":"https:\/\/radioinfinitagoya.com.ar\/v1\/#\/schema\/logo\/image\/","url":"https:\/\/radioinfinitagoya.com.ar\/v1\/wp-content\/uploads\/2019\/11\/logo-pie-web.png","contentUrl":"https:\/\/radioinfinitagoya.com.ar\/v1\/wp-content\/uploads\/2019\/11\/logo-pie-web.png","width":635,"height":326,"caption":"Radio Infinita Goya"},"image":{"@id":"https:\/\/radioinfinitagoya.com.ar\/v1\/#\/schema\/logo\/image\/"},"sameAs":["https:\/\/www.facebook.com\/p\/Infinita-Goya-100063870918311\/"]},{"@type":"Person","@id":"https:\/\/radioinfinitagoya.com.ar\/v1\/#\/schema\/person\/d4cf9c413d4f6edb24aabdccab49ca4a","name":"Jorge Mi\u00f1o","image":{"@type":"ImageObject","inLanguage":"es-AR","@id":"https:\/\/secure.gravatar.com\/avatar\/910fcf6728fe95320e07a6643c1581fec1c7fc4bf8ae12e3d8f0d0373dc844be?s=96&d=mm&r=g","url":"https:\/\/secure.gravatar.com\/avatar\/910fcf6728fe95320e07a6643c1581fec1c7fc4bf8ae12e3d8f0d0373dc844be?s=96&d=mm&r=g","contentUrl":"https:\/\/secure.gravatar.com\/avatar\/910fcf6728fe95320e07a6643c1581fec1c7fc4bf8ae12e3d8f0d0373dc844be?s=96&d=mm&r=g","caption":"Jorge Mi\u00f1o"},"sameAs":["http:\/\/radioinfinitagoya.com.ar"]}]}},"_links":{"self":[{"href":"https:\/\/radioinfinitagoya.com.ar\/v1\/wp-json\/wp\/v2\/posts\/226871","targetHints":{"allow":["GET"]}}],"collection":[{"href":"https:\/\/radioinfinitagoya.com.ar\/v1\/wp-json\/wp\/v2\/posts"}],"about":[{"href":"https:\/\/radioinfinitagoya.com.ar\/v1\/wp-json\/wp\/v2\/types\/post"}],"author":[{"embeddable":true,"href":"https:\/\/radioinfinitagoya.com.ar\/v1\/wp-json\/wp\/v2\/users\/4"}],"replies":[{"embeddable":true,"href":"https:\/\/radioinfinitagoya.com.ar\/v1\/wp-json\/wp\/v2\/comments?post=226871"}],"version-history":[{"count":1,"href":"https:\/\/radioinfinitagoya.com.ar\/v1\/wp-json\/wp\/v2\/posts\/226871\/revisions"}],"predecessor-version":[{"id":226873,"href":"https:\/\/radioinfinitagoya.com.ar\/v1\/wp-json\/wp\/v2\/posts\/226871\/revisions\/226873"}],"wp:featuredmedia":[{"embeddable":true,"href":"https:\/\/radioinfinitagoya.com.ar\/v1\/wp-json\/wp\/v2\/media\/226872"}],"wp:attachment":[{"href":"https:\/\/radioinfinitagoya.com.ar\/v1\/wp-json\/wp\/v2\/media?parent=226871"}],"wp:term":[{"taxonomy":"category","embeddable":true,"href":"https:\/\/radioinfinitagoya.com.ar\/v1\/wp-json\/wp\/v2\/categories?post=226871"},{"taxonomy":"post_tag","embeddable":true,"href":"https:\/\/radioinfinitagoya.com.ar\/v1\/wp-json\/wp\/v2\/tags?post=226871"}],"curies":[{"name":"wp","href":"https:\/\/api.w.org\/{rel}","templated":true}]}}