{"id":226874,"date":"2026-09-06T16:36:36","date_gmt":"2026-09-06T19:36:36","guid":{"rendered":"https:\/\/radioinfinitagoya.com.ar\/v1\/?p=226874"},"modified":"2026-09-06T16:36:36","modified_gmt":"2026-09-06T19:36:36","slug":"un-avion-de-carga-se-estrello-en-el-aeropuerto-internacional-de-miami","status":"publish","type":"post","link":"https:\/\/radioinfinitagoya.com.ar\/v1\/2026\/09\/06\/un-avion-de-carga-se-estrello-en-el-aeropuerto-internacional-de-miami\/","title":{"rendered":"Un avi\u00f3n de carga se estrell\u00f3 en el Aeropuerto Internacional de Miami"},"content":{"rendered":"<p>El vuelo procedente de Puerto Rico qued\u00f3 detenido fuera del \u00e1rea operativa, rodeado por humo oscuro y llamas, mientras las autoridades intentaban establecer qu\u00e9 provoc\u00f3 el hecho<\/p>\n<p><a href=\"https:\/\/x.com\/azucenau\/status\/2096675909403390068\">https:\/\/x.com\/azucenau\/status\/2096675909403390068<\/a><\/p>\n<p>Un avi\u00f3n de carga Boeing 767 se sali\u00f3 de pista y termin\u00f3 sobre una carretera junto al Aeropuerto Internacional de Miami, en Estados Unidos, este domingo, seg\u00fan inform\u00f3 el diario New York Post.<\/p>\n<p>El aeropuerto confirm\u00f3 una detenci\u00f3n de las operaciones en tierra debido a una aeronave inhabilitada en una de sus pistas, mientras que las autoridades a\u00fan no hab\u00edan precisado las causas del incidente ni informado sobre eventuales v\u00edctimas.<\/p>\n<p>Im\u00e1genes difundidas por NBC 6 South Florida mostraron al avi\u00f3n atravesado sobre la v\u00eda, con grandes columnas de humo negro que sal\u00edan de la estructura y llamas visibles a lo largo del fuselaje. En una de las grabaciones se escucha a testigos exclamar: \u201cOh my God!\u201d.<\/p>\n<p>De acuerdo con New York Post, el vuelo hab\u00eda partido desde San Juan, Puerto Rico, con destino a Miami y el incidente ocurri\u00f3 cerca de las 14.00 hora local.<\/p>\n<p>En las im\u00e1genes de la zona se observan autos y camiones detenidos a un costado de la carretera.<\/p>\n<p>Los videos divulgados por medios locales y redes sociales muestran una aeronave de carga fuera de la pista.<\/p>\n<p>La Administraci\u00f3n Federal de Aviaci\u00f3n (FAA), la Junta Nacional de Seguridad del Transporte (NTSB) y las autoridades de Miami-Dade no hab\u00edan difundido, hasta el momento, un parte con la identificaci\u00f3n oficial del vuelo, el n\u00famero de personas a bordo ni el estado de la tripulaci\u00f3n.<\/p>\n<p>&nbsp;<\/p>\n<p>&nbsp;<\/p>\n","protected":false},"excerpt":{"rendered":"<p>El vuelo procedente de Puerto Rico qued\u00f3 detenido fuera del \u00e1rea operativa, rodeado por humo oscuro y llamas, mientras las autoridades intentaban establecer qu\u00e9 provoc\u00f3 el hecho https:\/\/x.com\/azucenau\/status\/2096675909403390068 Un avi\u00f3n de carga Boeing 767 se sali\u00f3 de pista y termin\u00f3 sobre una carretera junto al Aeropuerto Internacional de Miami, en Estados Unidos, este domingo, seg\u00fan [&hellip;]<\/p>\n","protected":false},"author":4,"featured_media":226875,"comment_status":"open","ping_status":"open","sticky":false,"template":"","format":"standard","meta":{"_joinchat":[],"footnotes":""},"categories":[25],"tags":[],"class_list":["post-226874","post","type-post","status-publish","format-standard","has-post-thumbnail","category-destacados"],"yoast_head":"<!-- This site is optimized with the Yoast SEO plugin v27.7 - https:\/\/yoast.com\/product\/yoast-seo-wordpress\/ -->\n<title>Un avi\u00f3n de carga se estrell\u00f3 en el Aeropuerto Internacional de Miami - Radio Infinita Goya<\/title>\n<meta name=\"description\" content=\"El vuelo procedente de Puerto Rico qued\u00f3 detenido fuera del \u00e1rea operativa, rodeado por humo oscuro y llamas, mientras las autoridades intentaban\" \/>\n<meta name=\"robots\" content=\"index, follow, max-snippet:-1, max-image-preview:large, max-video-preview:-1\" \/>\n<link rel=\"canonical\" href=\"https:\/\/radioinfinitagoya.com.ar\/v1\/2026\/09\/06\/un-avion-de-carga-se-estrello-en-el-aeropuerto-internacional-de-miami\/\" \/>\n<meta property=\"og:locale\" content=\"es_ES\" \/>\n<meta property=\"og:type\" content=\"article\" \/>\n<meta property=\"og:title\" content=\"Un avi\u00f3n de carga se estrell\u00f3 en el Aeropuerto Internacional de Miami - Radio Infinita Goya\" \/>\n<meta property=\"og:description\" content=\"El vuelo procedente de Puerto Rico qued\u00f3 detenido fuera del \u00e1rea operativa, rodeado por humo oscuro y llamas, mientras las autoridades intentaban\" \/>\n<meta property=\"og:url\" content=\"https:\/\/radioinfinitagoya.com.ar\/v1\/2026\/09\/06\/un-avion-de-carga-se-estrello-en-el-aeropuerto-internacional-de-miami\/\" \/>\n<meta property=\"og:site_name\" content=\"Radio Infinita Goya\" \/>\n<meta property=\"article:publisher\" content=\"https:\/\/www.facebook.com\/p\/Infinita-Goya-100063870918311\/\" \/>\n<meta property=\"article:published_time\" content=\"2026-09-06T19:36:36+00:00\" \/>\n<meta property=\"og:image\" content=\"https:\/\/radioinfinitagoya.com.ar\/v1\/wp-content\/uploads\/2026\/09\/HRjpCNVWIAIytcw.jpg\" \/>\n\t<meta property=\"og:image:width\" content=\"680\" \/>\n\t<meta property=\"og:image:height\" content=\"383\" \/>\n\t<meta property=\"og:image:type\" content=\"image\/jpeg\" \/>\n<meta name=\"author\" content=\"Jorge Mi\u00f1o\" \/>\n<meta name=\"twitter:card\" content=\"summary_large_image\" \/>\n<meta name=\"twitter:label1\" content=\"Escrito por\" \/>\n\t<meta name=\"twitter:data1\" content=\"Jorge Mi\u00f1o\" \/>\n\t<meta name=\"twitter:label2\" content=\"Tiempo de lectura\" \/>\n\t<meta name=\"twitter:data2\" content=\"2 minutos\" \/>\n<script type=\"application\/ld+json\" class=\"yoast-schema-graph\">{\"@context\":\"https:\\\/\\\/schema.org\",\"@graph\":[{\"@type\":\"Article\",\"@id\":\"https:\\\/\\\/radioinfinitagoya.com.ar\\\/v1\\\/2026\\\/09\\\/06\\\/un-avion-de-carga-se-estrello-en-el-aeropuerto-internacional-de-miami\\\/#article\",\"isPartOf\":{\"@id\":\"https:\\\/\\\/radioinfinitagoya.com.ar\\\/v1\\\/2026\\\/09\\\/06\\\/un-avion-de-carga-se-estrello-en-el-aeropuerto-internacional-de-miami\\\/\"},\"author\":{\"name\":\"Jorge Mi\u00f1o\",\"@id\":\"https:\\\/\\\/radioinfinitagoya.com.ar\\\/v1\\\/#\\\/schema\\\/person\\\/d4cf9c413d4f6edb24aabdccab49ca4a\"},\"headline\":\"Un avi\u00f3n de carga se estrell\u00f3 en el Aeropuerto Internacional de Miami\",\"datePublished\":\"2026-09-06T19:36:36+00:00\",\"mainEntityOfPage\":{\"@id\":\"https:\\\/\\\/radioinfinitagoya.com.ar\\\/v1\\\/2026\\\/09\\\/06\\\/un-avion-de-carga-se-estrello-en-el-aeropuerto-internacional-de-miami\\\/\"},\"wordCount\":288,\"commentCount\":0,\"publisher\":{\"@id\":\"https:\\\/\\\/radioinfinitagoya.com.ar\\\/v1\\\/#organization\"},\"image\":{\"@id\":\"https:\\\/\\\/radioinfinitagoya.com.ar\\\/v1\\\/2026\\\/09\\\/06\\\/un-avion-de-carga-se-estrello-en-el-aeropuerto-internacional-de-miami\\\/#primaryimage\"},\"thumbnailUrl\":\"https:\\\/\\\/radioinfinitagoya.com.ar\\\/v1\\\/wp-content\\\/uploads\\\/2026\\\/09\\\/HRjpCNVWIAIytcw.jpg\",\"articleSection\":[\"DESTACADOS\"],\"inLanguage\":\"es-AR\",\"potentialAction\":[{\"@type\":\"CommentAction\",\"name\":\"Comment\",\"target\":[\"https:\\\/\\\/radioinfinitagoya.com.ar\\\/v1\\\/2026\\\/09\\\/06\\\/un-avion-de-carga-se-estrello-en-el-aeropuerto-internacional-de-miami\\\/#respond\"]}]},{\"@type\":\"WebPage\",\"@id\":\"https:\\\/\\\/radioinfinitagoya.com.ar\\\/v1\\\/2026\\\/09\\\/06\\\/un-avion-de-carga-se-estrello-en-el-aeropuerto-internacional-de-miami\\\/\",\"url\":\"https:\\\/\\\/radioinfinitagoya.com.ar\\\/v1\\\/2026\\\/09\\\/06\\\/un-avion-de-carga-se-estrello-en-el-aeropuerto-internacional-de-miami\\\/\",\"name\":\"Un avi\u00f3n de carga se estrell\u00f3 en el Aeropuerto Internacional de Miami - Radio Infinita Goya\",\"isPartOf\":{\"@id\":\"https:\\\/\\\/radioinfinitagoya.com.ar\\\/v1\\\/#website\"},\"primaryImageOfPage\":{\"@id\":\"https:\\\/\\\/radioinfinitagoya.com.ar\\\/v1\\\/2026\\\/09\\\/06\\\/un-avion-de-carga-se-estrello-en-el-aeropuerto-internacional-de-miami\\\/#primaryimage\"},\"image\":{\"@id\":\"https:\\\/\\\/radioinfinitagoya.com.ar\\\/v1\\\/2026\\\/09\\\/06\\\/un-avion-de-carga-se-estrello-en-el-aeropuerto-internacional-de-miami\\\/#primaryimage\"},\"thumbnailUrl\":\"https:\\\/\\\/radioinfinitagoya.com.ar\\\/v1\\\/wp-content\\\/uploads\\\/2026\\\/09\\\/HRjpCNVWIAIytcw.jpg\",\"datePublished\":\"2026-09-06T19:36:36+00:00\",\"description\":\"El vuelo procedente de Puerto Rico qued\u00f3 detenido fuera del \u00e1rea operativa, rodeado por humo oscuro y llamas, mientras las autoridades intentaban\",\"breadcrumb\":{\"@id\":\"https:\\\/\\\/radioinfinitagoya.com.ar\\\/v1\\\/2026\\\/09\\\/06\\\/un-avion-de-carga-se-estrello-en-el-aeropuerto-internacional-de-miami\\\/#breadcrumb\"},\"inLanguage\":\"es-AR\",\"potentialAction\":[{\"@type\":\"ReadAction\",\"target\":[\"https:\\\/\\\/radioinfinitagoya.com.ar\\\/v1\\\/2026\\\/09\\\/06\\\/un-avion-de-carga-se-estrello-en-el-aeropuerto-internacional-de-miami\\\/\"]}]},{\"@type\":\"ImageObject\",\"inLanguage\":\"es-AR\",\"@id\":\"https:\\\/\\\/radioinfinitagoya.com.ar\\\/v1\\\/2026\\\/09\\\/06\\\/un-avion-de-carga-se-estrello-en-el-aeropuerto-internacional-de-miami\\\/#primaryimage\",\"url\":\"https:\\\/\\\/radioinfinitagoya.com.ar\\\/v1\\\/wp-content\\\/uploads\\\/2026\\\/09\\\/HRjpCNVWIAIytcw.jpg\",\"contentUrl\":\"https:\\\/\\\/radioinfinitagoya.com.ar\\\/v1\\\/wp-content\\\/uploads\\\/2026\\\/09\\\/HRjpCNVWIAIytcw.jpg\",\"width\":680,\"height\":383},{\"@type\":\"BreadcrumbList\",\"@id\":\"https:\\\/\\\/radioinfinitagoya.com.ar\\\/v1\\\/2026\\\/09\\\/06\\\/un-avion-de-carga-se-estrello-en-el-aeropuerto-internacional-de-miami\\\/#breadcrumb\",\"itemListElement\":[{\"@type\":\"ListItem\",\"position\":1,\"name\":\"Inicio\",\"item\":\"https:\\\/\\\/radioinfinitagoya.com.ar\\\/v1\\\/\"},{\"@type\":\"ListItem\",\"position\":2,\"name\":\"Un avi\u00f3n de carga se estrell\u00f3 en el Aeropuerto Internacional de Miami\"}]},{\"@type\":\"WebSite\",\"@id\":\"https:\\\/\\\/radioinfinitagoya.com.ar\\\/v1\\\/#website\",\"url\":\"https:\\\/\\\/radioinfinitagoya.com.ar\\\/v1\\\/\",\"name\":\"radioinfinitagoya.com.ar\",\"description\":\"Radio de noticias\",\"publisher\":{\"@id\":\"https:\\\/\\\/radioinfinitagoya.com.ar\\\/v1\\\/#organization\"},\"potentialAction\":[{\"@type\":\"SearchAction\",\"target\":{\"@type\":\"EntryPoint\",\"urlTemplate\":\"https:\\\/\\\/radioinfinitagoya.com.ar\\\/v1\\\/?s={search_term_string}\"},\"query-input\":{\"@type\":\"PropertyValueSpecification\",\"valueRequired\":true,\"valueName\":\"search_term_string\"}}],\"inLanguage\":\"es-AR\"},{\"@type\":\"Organization\",\"@id\":\"https:\\\/\\\/radioinfinitagoya.com.ar\\\/v1\\\/#organization\",\"name\":\"Radio Infinita Goya\",\"url\":\"https:\\\/\\\/radioinfinitagoya.com.ar\\\/v1\\\/\",\"logo\":{\"@type\":\"ImageObject\",\"inLanguage\":\"es-AR\",\"@id\":\"https:\\\/\\\/radioinfinitagoya.com.ar\\\/v1\\\/#\\\/schema\\\/logo\\\/image\\\/\",\"url\":\"https:\\\/\\\/radioinfinitagoya.com.ar\\\/v1\\\/wp-content\\\/uploads\\\/2019\\\/11\\\/logo-pie-web.png\",\"contentUrl\":\"https:\\\/\\\/radioinfinitagoya.com.ar\\\/v1\\\/wp-content\\\/uploads\\\/2019\\\/11\\\/logo-pie-web.png\",\"width\":635,\"height\":326,\"caption\":\"Radio Infinita Goya\"},\"image\":{\"@id\":\"https:\\\/\\\/radioinfinitagoya.com.ar\\\/v1\\\/#\\\/schema\\\/logo\\\/image\\\/\"},\"sameAs\":[\"https:\\\/\\\/www.facebook.com\\\/p\\\/Infinita-Goya-100063870918311\\\/\"]},{\"@type\":\"Person\",\"@id\":\"https:\\\/\\\/radioinfinitagoya.com.ar\\\/v1\\\/#\\\/schema\\\/person\\\/d4cf9c413d4f6edb24aabdccab49ca4a\",\"name\":\"Jorge Mi\u00f1o\",\"image\":{\"@type\":\"ImageObject\",\"inLanguage\":\"es-AR\",\"@id\":\"https:\\\/\\\/secure.gravatar.com\\\/avatar\\\/910fcf6728fe95320e07a6643c1581fec1c7fc4bf8ae12e3d8f0d0373dc844be?s=96&d=mm&r=g\",\"url\":\"https:\\\/\\\/secure.gravatar.com\\\/avatar\\\/910fcf6728fe95320e07a6643c1581fec1c7fc4bf8ae12e3d8f0d0373dc844be?s=96&d=mm&r=g\",\"contentUrl\":\"https:\\\/\\\/secure.gravatar.com\\\/avatar\\\/910fcf6728fe95320e07a6643c1581fec1c7fc4bf8ae12e3d8f0d0373dc844be?s=96&d=mm&r=g\",\"caption\":\"Jorge Mi\u00f1o\"},\"sameAs\":[\"http:\\\/\\\/radioinfinitagoya.com.ar\"]}]}<\/script>\n<!-- \/ Yoast SEO plugin. -->","yoast_head_json":{"title":"Un avi\u00f3n de carga se estrell\u00f3 en el Aeropuerto Internacional de Miami - Radio Infinita Goya","description":"El vuelo procedente de Puerto Rico qued\u00f3 detenido fuera del \u00e1rea operativa, rodeado por humo oscuro y llamas, mientras las autoridades intentaban","robots":{"index":"index","follow":"follow","max-snippet":"max-snippet:-1","max-image-preview":"max-image-preview:large","max-video-preview":"max-video-preview:-1"},"canonical":"https:\/\/radioinfinitagoya.com.ar\/v1\/2026\/09\/06\/un-avion-de-carga-se-estrello-en-el-aeropuerto-internacional-de-miami\/","og_locale":"es_ES","og_type":"article","og_title":"Un avi\u00f3n de carga se estrell\u00f3 en el Aeropuerto Internacional de Miami - Radio Infinita Goya","og_description":"El vuelo procedente de Puerto Rico qued\u00f3 detenido fuera del \u00e1rea operativa, rodeado por humo oscuro y llamas, mientras las autoridades intentaban","og_url":"https:\/\/radioinfinitagoya.com.ar\/v1\/2026\/09\/06\/un-avion-de-carga-se-estrello-en-el-aeropuerto-internacional-de-miami\/","og_site_name":"Radio Infinita Goya","article_publisher":"https:\/\/www.facebook.com\/p\/Infinita-Goya-100063870918311\/","article_published_time":"2026-09-06T19:36:36+00:00","og_image":[{"width":680,"height":383,"url":"https:\/\/radioinfinitagoya.com.ar\/v1\/wp-content\/uploads\/2026\/09\/HRjpCNVWIAIytcw.jpg","type":"image\/jpeg"}],"author":"Jorge Mi\u00f1o","twitter_card":"summary_large_image","twitter_misc":{"Escrito por":"Jorge Mi\u00f1o","Tiempo de lectura":"2 minutos"},"schema":{"@context":"https:\/\/schema.org","@graph":[{"@type":"Article","@id":"https:\/\/radioinfinitagoya.com.ar\/v1\/2026\/09\/06\/un-avion-de-carga-se-estrello-en-el-aeropuerto-internacional-de-miami\/#article","isPartOf":{"@id":"https:\/\/radioinfinitagoya.com.ar\/v1\/2026\/09\/06\/un-avion-de-carga-se-estrello-en-el-aeropuerto-internacional-de-miami\/"},"author":{"name":"Jorge Mi\u00f1o","@id":"https:\/\/radioinfinitagoya.com.ar\/v1\/#\/schema\/person\/d4cf9c413d4f6edb24aabdccab49ca4a"},"headline":"Un avi\u00f3n de carga se estrell\u00f3 en el Aeropuerto Internacional de Miami","datePublished":"2026-09-06T19:36:36+00:00","mainEntityOfPage":{"@id":"https:\/\/radioinfinitagoya.com.ar\/v1\/2026\/09\/06\/un-avion-de-carga-se-estrello-en-el-aeropuerto-internacional-de-miami\/"},"wordCount":288,"commentCount":0,"publisher":{"@id":"https:\/\/radioinfinitagoya.com.ar\/v1\/#organization"},"image":{"@id":"https:\/\/radioinfinitagoya.com.ar\/v1\/2026\/09\/06\/un-avion-de-carga-se-estrello-en-el-aeropuerto-internacional-de-miami\/#primaryimage"},"thumbnailUrl":"https:\/\/radioinfinitagoya.com.ar\/v1\/wp-content\/uploads\/2026\/09\/HRjpCNVWIAIytcw.jpg","articleSection":["DESTACADOS"],"inLanguage":"es-AR","potentialAction":[{"@type":"CommentAction","name":"Comment","target":["https:\/\/radioinfinitagoya.com.ar\/v1\/2026\/09\/06\/un-avion-de-carga-se-estrello-en-el-aeropuerto-internacional-de-miami\/#respond"]}]},{"@type":"WebPage","@id":"https:\/\/radioinfinitagoya.com.ar\/v1\/2026\/09\/06\/un-avion-de-carga-se-estrello-en-el-aeropuerto-internacional-de-miami\/","url":"https:\/\/radioinfinitagoya.com.ar\/v1\/2026\/09\/06\/un-avion-de-carga-se-estrello-en-el-aeropuerto-internacional-de-miami\/","name":"Un avi\u00f3n de carga se estrell\u00f3 en el Aeropuerto Internacional de Miami - Radio Infinita Goya","isPartOf":{"@id":"https:\/\/radioinfinitagoya.com.ar\/v1\/#website"},"primaryImageOfPage":{"@id":"https:\/\/radioinfinitagoya.com.ar\/v1\/2026\/09\/06\/un-avion-de-carga-se-estrello-en-el-aeropuerto-internacional-de-miami\/#primaryimage"},"image":{"@id":"https:\/\/radioinfinitagoya.com.ar\/v1\/2026\/09\/06\/un-avion-de-carga-se-estrello-en-el-aeropuerto-internacional-de-miami\/#primaryimage"},"thumbnailUrl":"https:\/\/radioinfinitagoya.com.ar\/v1\/wp-content\/uploads\/2026\/09\/HRjpCNVWIAIytcw.jpg","datePublished":"2026-09-06T19:36:36+00:00","description":"El vuelo procedente de Puerto Rico qued\u00f3 detenido fuera del \u00e1rea operativa, rodeado por humo oscuro y llamas, mientras las autoridades intentaban","breadcrumb":{"@id":"https:\/\/radioinfinitagoya.com.ar\/v1\/2026\/09\/06\/un-avion-de-carga-se-estrello-en-el-aeropuerto-internacional-de-miami\/#breadcrumb"},"inLanguage":"es-AR","potentialAction":[{"@type":"ReadAction","target":["https:\/\/radioinfinitagoya.com.ar\/v1\/2026\/09\/06\/un-avion-de-carga-se-estrello-en-el-aeropuerto-internacional-de-miami\/"]}]},{"@type":"ImageObject","inLanguage":"es-AR","@id":"https:\/\/radioinfinitagoya.com.ar\/v1\/2026\/09\/06\/un-avion-de-carga-se-estrello-en-el-aeropuerto-internacional-de-miami\/#primaryimage","url":"https:\/\/radioinfinitagoya.com.ar\/v1\/wp-content\/uploads\/2026\/09\/HRjpCNVWIAIytcw.jpg","contentUrl":"https:\/\/radioinfinitagoya.com.ar\/v1\/wp-content\/uploads\/2026\/09\/HRjpCNVWIAIytcw.jpg","width":680,"height":383},{"@type":"BreadcrumbList","@id":"https:\/\/radioinfinitagoya.com.ar\/v1\/2026\/09\/06\/un-avion-de-carga-se-estrello-en-el-aeropuerto-internacional-de-miami\/#breadcrumb","itemListElement":[{"@type":"ListItem","position":1,"name":"Inicio","item":"https:\/\/radioinfinitagoya.com.ar\/v1\/"},{"@type":"ListItem","position":2,"name":"Un avi\u00f3n de carga se estrell\u00f3 en el Aeropuerto Internacional de Miami"}]},{"@type":"WebSite","@id":"https:\/\/radioinfinitagoya.com.ar\/v1\/#website","url":"https:\/\/radioinfinitagoya.com.ar\/v1\/","name":"radioinfinitagoya.com.ar","description":"Radio de noticias","publisher":{"@id":"https:\/\/radioinfinitagoya.com.ar\/v1\/#organization"},"potentialAction":[{"@type":"SearchAction","target":{"@type":"EntryPoint","urlTemplate":"https:\/\/radioinfinitagoya.com.ar\/v1\/?s={search_term_string}"},"query-input":{"@type":"PropertyValueSpecification","valueRequired":true,"valueName":"search_term_string"}}],"inLanguage":"es-AR"},{"@type":"Organization","@id":"https:\/\/radioinfinitagoya.com.ar\/v1\/#organization","name":"Radio Infinita Goya","url":"https:\/\/radioinfinitagoya.com.ar\/v1\/","logo":{"@type":"ImageObject","inLanguage":"es-AR","@id":"https:\/\/radioinfinitagoya.com.ar\/v1\/#\/schema\/logo\/image\/","url":"https:\/\/radioinfinitagoya.com.ar\/v1\/wp-content\/uploads\/2019\/11\/logo-pie-web.png","contentUrl":"https:\/\/radioinfinitagoya.com.ar\/v1\/wp-content\/uploads\/2019\/11\/logo-pie-web.png","width":635,"height":326,"caption":"Radio Infinita Goya"},"image":{"@id":"https:\/\/radioinfinitagoya.com.ar\/v1\/#\/schema\/logo\/image\/"},"sameAs":["https:\/\/www.facebook.com\/p\/Infinita-Goya-100063870918311\/"]},{"@type":"Person","@id":"https:\/\/radioinfinitagoya.com.ar\/v1\/#\/schema\/person\/d4cf9c413d4f6edb24aabdccab49ca4a","name":"Jorge Mi\u00f1o","image":{"@type":"ImageObject","inLanguage":"es-AR","@id":"https:\/\/secure.gravatar.com\/avatar\/910fcf6728fe95320e07a6643c1581fec1c7fc4bf8ae12e3d8f0d0373dc844be?s=96&d=mm&r=g","url":"https:\/\/secure.gravatar.com\/avatar\/910fcf6728fe95320e07a6643c1581fec1c7fc4bf8ae12e3d8f0d0373dc844be?s=96&d=mm&r=g","contentUrl":"https:\/\/secure.gravatar.com\/avatar\/910fcf6728fe95320e07a6643c1581fec1c7fc4bf8ae12e3d8f0d0373dc844be?s=96&d=mm&r=g","caption":"Jorge Mi\u00f1o"},"sameAs":["http:\/\/radioinfinitagoya.com.ar"]}]}},"_links":{"self":[{"href":"https:\/\/radioinfinitagoya.com.ar\/v1\/wp-json\/wp\/v2\/posts\/226874","targetHints":{"allow":["GET"]}}],"collection":[{"href":"https:\/\/radioinfinitagoya.com.ar\/v1\/wp-json\/wp\/v2\/posts"}],"about":[{"href":"https:\/\/radioinfinitagoya.com.ar\/v1\/wp-json\/wp\/v2\/types\/post"}],"author":[{"embeddable":true,"href":"https:\/\/radioinfinitagoya.com.ar\/v1\/wp-json\/wp\/v2\/users\/4"}],"replies":[{"embeddable":true,"href":"https:\/\/radioinfinitagoya.com.ar\/v1\/wp-json\/wp\/v2\/comments?post=226874"}],"version-history":[{"count":1,"href":"https:\/\/radioinfinitagoya.com.ar\/v1\/wp-json\/wp\/v2\/posts\/226874\/revisions"}],"predecessor-version":[{"id":226876,"href":"https:\/\/radioinfinitagoya.com.ar\/v1\/wp-json\/wp\/v2\/posts\/226874\/revisions\/226876"}],"wp:featuredmedia":[{"embeddable":true,"href":"https:\/\/radioinfinitagoya.com.ar\/v1\/wp-json\/wp\/v2\/media\/226875"}],"wp:attachment":[{"href":"https:\/\/radioinfinitagoya.com.ar\/v1\/wp-json\/wp\/v2\/media?parent=226874"}],"wp:term":[{"taxonomy":"category","embeddable":true,"href":"https:\/\/radioinfinitagoya.com.ar\/v1\/wp-json\/wp\/v2\/categories?post=226874"},{"taxonomy":"post_tag","embeddable":true,"href":"https:\/\/radioinfinitagoya.com.ar\/v1\/wp-json\/wp\/v2\/tags?post=226874"}],"curies":[{"name":"wp","href":"https:\/\/api.w.org\/{rel}","templated":true}]}}