{"id":226877,"date":"2026-09-06T16:38:49","date_gmt":"2026-09-06T19:38:49","guid":{"rendered":"https:\/\/radioinfinitagoya.com.ar\/v1\/?p=226877"},"modified":"2026-09-06T16:38:49","modified_gmt":"2026-09-06T19:38:49","slug":"colapinto-termino-noveno-en-el-gran-premio-de-italia-y-sumo-dos-puntos-para-alpine","status":"publish","type":"post","link":"https:\/\/radioinfinitagoya.com.ar\/v1\/2026\/09\/06\/colapinto-termino-noveno-en-el-gran-premio-de-italia-y-sumo-dos-puntos-para-alpine\/","title":{"rendered":"Colapinto termin\u00f3 noveno en el Gran Premio de Italia y sum\u00f3 dos puntos para Alpine"},"content":{"rendered":"<p>Andrea Kimi Antonelli se qued\u00f3 con un triunfo heroico frente a su gente tras largar 19\u00b0 y dio un enorme paso para ganar el campeonato. El argentino lleg\u00f3 a estar tercero en Monza y, pese al error, se redimi\u00f3 con varios adelantamientos. Pierre Gasly, que larg\u00f3 en la pole, qued\u00f3 7\u00b0<\/p>\n<p>Monza brind\u00f3 un espect\u00e1culo brillante con un Gran Premio de Italia que termin\u00f3 con una memorable victoria de Andrea Kimi Antonelli. El italiano larg\u00f3 19\u00b0 y, con una actuaci\u00f3n fant\u00e1stica, se qued\u00f3 con el triunfo sobre su compa\u00f1ero George Russell para dar un golpe en la pelea por el t\u00edtulo de la F\u00f3rmula 1. Franco Colapinto lleg\u00f3 a estar tercero, sufri\u00f3 un despiste que lo releg\u00f3 en la grilla y se redimi\u00f3 con grandes sobrepasos para finalizar noveno. Pierre Gasly, que larg\u00f3 en la pole, termin\u00f3 s\u00e9ptimo con su Alpine.<\/p>\n<p>Colapinto volvi\u00f3 a completar una sublime largada y escal\u00f3 una posici\u00f3n para ubicarse sexto, mientras que Pierre Gasly logr\u00f3 mantener el primer lugar tras su hist\u00f3rica pole. Sin embargo, el franc\u00e9s perdi\u00f3 en la recta principal ante el poder\u00edo del Mercedes de George Russell. La carrera se detuvo con bandera roja en la tercera vuelta por un impactante accidente de Charles Leclerc: perdi\u00f3 el control de su Ferrari en la parab\u00f3lica y destroz\u00f3 las contenciones con su monoplaza. Esto le permiti\u00f3 al argentino de Alpine adelantar a Oscar Piastri (McLaren) y escalar a la cuarta posici\u00f3n.<\/p>\n<p>El joven de 23 a\u00f1os logr\u00f3 posicionarse tercero en el relanzamiento al superar a Max Verstappen, pero una salida de pista en Lesmo lo hizo caer 12 posiciones. Pese a que sufri\u00f3 unos da\u00f1os leves, Colapinto se redimi\u00f3 con un ritmo sobresaliente. Tras superar a Carlos Sainz y Esteban Ocon, consum\u00f3 un brillante doble adelantamiento en la vuelta 29 sobre Oliver Bearman y Gabriel Bortoleto para escalar al d\u00e9cimo lugar.<\/p>\n<p>En una nueva muestra de car\u00e1cter, Franco dej\u00f3 atr\u00e1s el despiste y remont\u00f3 una diferencia de ocho segundos para pasar a Yuki Tsunoda y finalizar en la novena posici\u00f3n: sum\u00f3 dos puntos. Gasly, por su parte, exprimi\u00f3 al m\u00e1ximo su Alpine, pero no pudo ante la diferencia de rendimiento y qued\u00f3 relegado de forma progresiva al s\u00e9ptimo lugar.<\/p>\n<p>&#8220;Una carrera dura. Muy frustrante. Ten\u00eda una gran oportunidad y no la aprovech\u00e9. Triste por eso. Una gran carrera y un grave error. Desaprovech\u00e9 una gran oportunidad para m\u00ed y para el equipo. Aprender de esto&#8221;, coment\u00f3 entre l\u00e1grimas el piloto argentino en rueda de prensa, emocionado al pensar que dej\u00f3 pasar una gran chance con la escuder\u00eda francesa.<\/p>\n<p>Los pilotos de punta brindaron una sublime batalla. Andrea Kimi Antonelli, que larg\u00f3 19\u00b0, logr\u00f3 pelear de igual a igual con George Russell desde la vuelta 20. Luego de ingresar a boxes a cambiar neum\u00e1ticos, el joven italiano inici\u00f3 una persecuci\u00f3n sublime en la parte final de la carrera. Frente a su p\u00fablico, el joven de 20 a\u00f1os adelant\u00f3 a su compa\u00f1ero en la vuelta 50 de 53 para consumar un triunfo hist\u00f3rico que le permite so\u00f1ar con el t\u00edtulo de la F\u00f3rmula 1. Es el primer italiano en ganar en Monza desde 1966. El brit\u00e1nico de Mercedes y Max Verstappen completaron el podio.<\/p>\n<p>La F\u00f3rmula 1 tendr\u00e1 una cita especial la pr\u00f3xima carrera: se estrenar\u00e1 el trazado callejero del Madridring como el flamante Gran Premio de Espa\u00f1a. La competici\u00f3n en la capital espa\u00f1ola se llevar\u00e1 a cabo del 11 al 13 de septiembre, con la atracci\u00f3n principal del domingo pautada para las 10:00 (hora argentina).<\/p>\n","protected":false},"excerpt":{"rendered":"<p>Andrea Kimi Antonelli se qued\u00f3 con un triunfo heroico frente a su gente tras largar 19\u00b0 y dio un enorme paso para ganar el campeonato. El argentino lleg\u00f3 a estar tercero en Monza y, pese al error, se redimi\u00f3 con varios adelantamientos. Pierre Gasly, que larg\u00f3 en la pole, qued\u00f3 7\u00b0 Monza brind\u00f3 un espect\u00e1culo [&hellip;]<\/p>\n","protected":false},"author":4,"featured_media":226878,"comment_status":"open","ping_status":"open","sticky":false,"template":"","format":"standard","meta":{"_joinchat":[],"footnotes":""},"categories":[28],"tags":[],"class_list":["post-226877","post","type-post","status-publish","format-standard","has-post-thumbnail","category-deportes"],"yoast_head":"<!-- This site is optimized with the Yoast SEO plugin v27.7 - https:\/\/yoast.com\/product\/yoast-seo-wordpress\/ -->\n<title>Colapinto termin\u00f3 noveno en el Gran Premio de Italia y sum\u00f3 dos puntos para Alpine - Radio Infinita Goya<\/title>\n<meta name=\"description\" content=\"Andrea Kimi Antonelli se qued\u00f3 con un triunfo heroico frente a su gente tras largar 19\u00b0 y dio un enorme paso para ganar el campeonato. El argentino lleg\u00f3\" \/>\n<meta name=\"robots\" content=\"index, follow, max-snippet:-1, max-image-preview:large, max-video-preview:-1\" \/>\n<link rel=\"canonical\" href=\"https:\/\/radioinfinitagoya.com.ar\/v1\/2026\/09\/06\/colapinto-termino-noveno-en-el-gran-premio-de-italia-y-sumo-dos-puntos-para-alpine\/\" \/>\n<meta property=\"og:locale\" content=\"es_ES\" \/>\n<meta property=\"og:type\" content=\"article\" \/>\n<meta property=\"og:title\" content=\"Colapinto termin\u00f3 noveno en el Gran Premio de Italia y sum\u00f3 dos puntos para Alpine - Radio Infinita Goya\" \/>\n<meta property=\"og:description\" content=\"Andrea Kimi Antonelli se qued\u00f3 con un triunfo heroico frente a su gente tras largar 19\u00b0 y dio un enorme paso para ganar el campeonato. El argentino lleg\u00f3\" \/>\n<meta property=\"og:url\" content=\"https:\/\/radioinfinitagoya.com.ar\/v1\/2026\/09\/06\/colapinto-termino-noveno-en-el-gran-premio-de-italia-y-sumo-dos-puntos-para-alpine\/\" \/>\n<meta property=\"og:site_name\" content=\"Radio Infinita Goya\" \/>\n<meta property=\"article:publisher\" content=\"https:\/\/www.facebook.com\/p\/Infinita-Goya-100063870918311\/\" \/>\n<meta property=\"article:published_time\" content=\"2026-09-06T19:38:49+00:00\" \/>\n<meta property=\"og:image\" content=\"https:\/\/radioinfinitagoya.com.ar\/v1\/wp-content\/uploads\/2026\/09\/292824w850h567c.jpg.webp\" \/>\n\t<meta property=\"og:image:width\" content=\"850\" \/>\n\t<meta property=\"og:image:height\" content=\"567\" \/>\n\t<meta property=\"og:image:type\" content=\"image\/webp\" \/>\n<meta name=\"author\" content=\"Jorge Mi\u00f1o\" \/>\n<meta name=\"twitter:card\" content=\"summary_large_image\" \/>\n<meta name=\"twitter:label1\" content=\"Escrito por\" \/>\n\t<meta name=\"twitter:data1\" content=\"Jorge Mi\u00f1o\" \/>\n\t<meta name=\"twitter:label2\" content=\"Tiempo de lectura\" \/>\n\t<meta name=\"twitter:data2\" content=\"3 minutos\" \/>\n<script type=\"application\/ld+json\" class=\"yoast-schema-graph\">{\"@context\":\"https:\\\/\\\/schema.org\",\"@graph\":[{\"@type\":\"Article\",\"@id\":\"https:\\\/\\\/radioinfinitagoya.com.ar\\\/v1\\\/2026\\\/09\\\/06\\\/colapinto-termino-noveno-en-el-gran-premio-de-italia-y-sumo-dos-puntos-para-alpine\\\/#article\",\"isPartOf\":{\"@id\":\"https:\\\/\\\/radioinfinitagoya.com.ar\\\/v1\\\/2026\\\/09\\\/06\\\/colapinto-termino-noveno-en-el-gran-premio-de-italia-y-sumo-dos-puntos-para-alpine\\\/\"},\"author\":{\"name\":\"Jorge Mi\u00f1o\",\"@id\":\"https:\\\/\\\/radioinfinitagoya.com.ar\\\/v1\\\/#\\\/schema\\\/person\\\/d4cf9c413d4f6edb24aabdccab49ca4a\"},\"headline\":\"Colapinto termin\u00f3 noveno en el Gran Premio de Italia y sum\u00f3 dos puntos para Alpine\",\"datePublished\":\"2026-09-06T19:38:49+00:00\",\"mainEntityOfPage\":{\"@id\":\"https:\\\/\\\/radioinfinitagoya.com.ar\\\/v1\\\/2026\\\/09\\\/06\\\/colapinto-termino-noveno-en-el-gran-premio-de-italia-y-sumo-dos-puntos-para-alpine\\\/\"},\"wordCount\":617,\"commentCount\":0,\"publisher\":{\"@id\":\"https:\\\/\\\/radioinfinitagoya.com.ar\\\/v1\\\/#organization\"},\"image\":{\"@id\":\"https:\\\/\\\/radioinfinitagoya.com.ar\\\/v1\\\/2026\\\/09\\\/06\\\/colapinto-termino-noveno-en-el-gran-premio-de-italia-y-sumo-dos-puntos-para-alpine\\\/#primaryimage\"},\"thumbnailUrl\":\"https:\\\/\\\/radioinfinitagoya.com.ar\\\/v1\\\/wp-content\\\/uploads\\\/2026\\\/09\\\/292824w850h567c.jpg.webp\",\"articleSection\":[\"DEPORTES\"],\"inLanguage\":\"es-AR\",\"potentialAction\":[{\"@type\":\"CommentAction\",\"name\":\"Comment\",\"target\":[\"https:\\\/\\\/radioinfinitagoya.com.ar\\\/v1\\\/2026\\\/09\\\/06\\\/colapinto-termino-noveno-en-el-gran-premio-de-italia-y-sumo-dos-puntos-para-alpine\\\/#respond\"]}]},{\"@type\":\"WebPage\",\"@id\":\"https:\\\/\\\/radioinfinitagoya.com.ar\\\/v1\\\/2026\\\/09\\\/06\\\/colapinto-termino-noveno-en-el-gran-premio-de-italia-y-sumo-dos-puntos-para-alpine\\\/\",\"url\":\"https:\\\/\\\/radioinfinitagoya.com.ar\\\/v1\\\/2026\\\/09\\\/06\\\/colapinto-termino-noveno-en-el-gran-premio-de-italia-y-sumo-dos-puntos-para-alpine\\\/\",\"name\":\"Colapinto termin\u00f3 noveno en el Gran Premio de Italia y sum\u00f3 dos puntos para Alpine - Radio Infinita Goya\",\"isPartOf\":{\"@id\":\"https:\\\/\\\/radioinfinitagoya.com.ar\\\/v1\\\/#website\"},\"primaryImageOfPage\":{\"@id\":\"https:\\\/\\\/radioinfinitagoya.com.ar\\\/v1\\\/2026\\\/09\\\/06\\\/colapinto-termino-noveno-en-el-gran-premio-de-italia-y-sumo-dos-puntos-para-alpine\\\/#primaryimage\"},\"image\":{\"@id\":\"https:\\\/\\\/radioinfinitagoya.com.ar\\\/v1\\\/2026\\\/09\\\/06\\\/colapinto-termino-noveno-en-el-gran-premio-de-italia-y-sumo-dos-puntos-para-alpine\\\/#primaryimage\"},\"thumbnailUrl\":\"https:\\\/\\\/radioinfinitagoya.com.ar\\\/v1\\\/wp-content\\\/uploads\\\/2026\\\/09\\\/292824w850h567c.jpg.webp\",\"datePublished\":\"2026-09-06T19:38:49+00:00\",\"description\":\"Andrea Kimi Antonelli se qued\u00f3 con un triunfo heroico frente a su gente tras largar 19\u00b0 y dio un enorme paso para ganar el campeonato. El argentino lleg\u00f3\",\"breadcrumb\":{\"@id\":\"https:\\\/\\\/radioinfinitagoya.com.ar\\\/v1\\\/2026\\\/09\\\/06\\\/colapinto-termino-noveno-en-el-gran-premio-de-italia-y-sumo-dos-puntos-para-alpine\\\/#breadcrumb\"},\"inLanguage\":\"es-AR\",\"potentialAction\":[{\"@type\":\"ReadAction\",\"target\":[\"https:\\\/\\\/radioinfinitagoya.com.ar\\\/v1\\\/2026\\\/09\\\/06\\\/colapinto-termino-noveno-en-el-gran-premio-de-italia-y-sumo-dos-puntos-para-alpine\\\/\"]}]},{\"@type\":\"ImageObject\",\"inLanguage\":\"es-AR\",\"@id\":\"https:\\\/\\\/radioinfinitagoya.com.ar\\\/v1\\\/2026\\\/09\\\/06\\\/colapinto-termino-noveno-en-el-gran-premio-de-italia-y-sumo-dos-puntos-para-alpine\\\/#primaryimage\",\"url\":\"https:\\\/\\\/radioinfinitagoya.com.ar\\\/v1\\\/wp-content\\\/uploads\\\/2026\\\/09\\\/292824w850h567c.jpg.webp\",\"contentUrl\":\"https:\\\/\\\/radioinfinitagoya.com.ar\\\/v1\\\/wp-content\\\/uploads\\\/2026\\\/09\\\/292824w850h567c.jpg.webp\",\"width\":850,\"height\":567},{\"@type\":\"BreadcrumbList\",\"@id\":\"https:\\\/\\\/radioinfinitagoya.com.ar\\\/v1\\\/2026\\\/09\\\/06\\\/colapinto-termino-noveno-en-el-gran-premio-de-italia-y-sumo-dos-puntos-para-alpine\\\/#breadcrumb\",\"itemListElement\":[{\"@type\":\"ListItem\",\"position\":1,\"name\":\"Inicio\",\"item\":\"https:\\\/\\\/radioinfinitagoya.com.ar\\\/v1\\\/\"},{\"@type\":\"ListItem\",\"position\":2,\"name\":\"Colapinto termin\u00f3 noveno en el Gran Premio de Italia y sum\u00f3 dos puntos para Alpine\"}]},{\"@type\":\"WebSite\",\"@id\":\"https:\\\/\\\/radioinfinitagoya.com.ar\\\/v1\\\/#website\",\"url\":\"https:\\\/\\\/radioinfinitagoya.com.ar\\\/v1\\\/\",\"name\":\"radioinfinitagoya.com.ar\",\"description\":\"Radio de noticias\",\"publisher\":{\"@id\":\"https:\\\/\\\/radioinfinitagoya.com.ar\\\/v1\\\/#organization\"},\"potentialAction\":[{\"@type\":\"SearchAction\",\"target\":{\"@type\":\"EntryPoint\",\"urlTemplate\":\"https:\\\/\\\/radioinfinitagoya.com.ar\\\/v1\\\/?s={search_term_string}\"},\"query-input\":{\"@type\":\"PropertyValueSpecification\",\"valueRequired\":true,\"valueName\":\"search_term_string\"}}],\"inLanguage\":\"es-AR\"},{\"@type\":\"Organization\",\"@id\":\"https:\\\/\\\/radioinfinitagoya.com.ar\\\/v1\\\/#organization\",\"name\":\"Radio Infinita Goya\",\"url\":\"https:\\\/\\\/radioinfinitagoya.com.ar\\\/v1\\\/\",\"logo\":{\"@type\":\"ImageObject\",\"inLanguage\":\"es-AR\",\"@id\":\"https:\\\/\\\/radioinfinitagoya.com.ar\\\/v1\\\/#\\\/schema\\\/logo\\\/image\\\/\",\"url\":\"https:\\\/\\\/radioinfinitagoya.com.ar\\\/v1\\\/wp-content\\\/uploads\\\/2019\\\/11\\\/logo-pie-web.png\",\"contentUrl\":\"https:\\\/\\\/radioinfinitagoya.com.ar\\\/v1\\\/wp-content\\\/uploads\\\/2019\\\/11\\\/logo-pie-web.png\",\"width\":635,\"height\":326,\"caption\":\"Radio Infinita Goya\"},\"image\":{\"@id\":\"https:\\\/\\\/radioinfinitagoya.com.ar\\\/v1\\\/#\\\/schema\\\/logo\\\/image\\\/\"},\"sameAs\":[\"https:\\\/\\\/www.facebook.com\\\/p\\\/Infinita-Goya-100063870918311\\\/\"]},{\"@type\":\"Person\",\"@id\":\"https:\\\/\\\/radioinfinitagoya.com.ar\\\/v1\\\/#\\\/schema\\\/person\\\/d4cf9c413d4f6edb24aabdccab49ca4a\",\"name\":\"Jorge Mi\u00f1o\",\"image\":{\"@type\":\"ImageObject\",\"inLanguage\":\"es-AR\",\"@id\":\"https:\\\/\\\/secure.gravatar.com\\\/avatar\\\/910fcf6728fe95320e07a6643c1581fec1c7fc4bf8ae12e3d8f0d0373dc844be?s=96&d=mm&r=g\",\"url\":\"https:\\\/\\\/secure.gravatar.com\\\/avatar\\\/910fcf6728fe95320e07a6643c1581fec1c7fc4bf8ae12e3d8f0d0373dc844be?s=96&d=mm&r=g\",\"contentUrl\":\"https:\\\/\\\/secure.gravatar.com\\\/avatar\\\/910fcf6728fe95320e07a6643c1581fec1c7fc4bf8ae12e3d8f0d0373dc844be?s=96&d=mm&r=g\",\"caption\":\"Jorge Mi\u00f1o\"},\"sameAs\":[\"http:\\\/\\\/radioinfinitagoya.com.ar\"]}]}<\/script>\n<!-- \/ Yoast SEO plugin. -->","yoast_head_json":{"title":"Colapinto termin\u00f3 noveno en el Gran Premio de Italia y sum\u00f3 dos puntos para Alpine - Radio Infinita Goya","description":"Andrea Kimi Antonelli se qued\u00f3 con un triunfo heroico frente a su gente tras largar 19\u00b0 y dio un enorme paso para ganar el campeonato. El argentino lleg\u00f3","robots":{"index":"index","follow":"follow","max-snippet":"max-snippet:-1","max-image-preview":"max-image-preview:large","max-video-preview":"max-video-preview:-1"},"canonical":"https:\/\/radioinfinitagoya.com.ar\/v1\/2026\/09\/06\/colapinto-termino-noveno-en-el-gran-premio-de-italia-y-sumo-dos-puntos-para-alpine\/","og_locale":"es_ES","og_type":"article","og_title":"Colapinto termin\u00f3 noveno en el Gran Premio de Italia y sum\u00f3 dos puntos para Alpine - Radio Infinita Goya","og_description":"Andrea Kimi Antonelli se qued\u00f3 con un triunfo heroico frente a su gente tras largar 19\u00b0 y dio un enorme paso para ganar el campeonato. El argentino lleg\u00f3","og_url":"https:\/\/radioinfinitagoya.com.ar\/v1\/2026\/09\/06\/colapinto-termino-noveno-en-el-gran-premio-de-italia-y-sumo-dos-puntos-para-alpine\/","og_site_name":"Radio Infinita Goya","article_publisher":"https:\/\/www.facebook.com\/p\/Infinita-Goya-100063870918311\/","article_published_time":"2026-09-06T19:38:49+00:00","og_image":[{"width":850,"height":567,"url":"https:\/\/radioinfinitagoya.com.ar\/v1\/wp-content\/uploads\/2026\/09\/292824w850h567c.jpg.webp","type":"image\/webp"}],"author":"Jorge Mi\u00f1o","twitter_card":"summary_large_image","twitter_misc":{"Escrito por":"Jorge Mi\u00f1o","Tiempo de lectura":"3 minutos"},"schema":{"@context":"https:\/\/schema.org","@graph":[{"@type":"Article","@id":"https:\/\/radioinfinitagoya.com.ar\/v1\/2026\/09\/06\/colapinto-termino-noveno-en-el-gran-premio-de-italia-y-sumo-dos-puntos-para-alpine\/#article","isPartOf":{"@id":"https:\/\/radioinfinitagoya.com.ar\/v1\/2026\/09\/06\/colapinto-termino-noveno-en-el-gran-premio-de-italia-y-sumo-dos-puntos-para-alpine\/"},"author":{"name":"Jorge Mi\u00f1o","@id":"https:\/\/radioinfinitagoya.com.ar\/v1\/#\/schema\/person\/d4cf9c413d4f6edb24aabdccab49ca4a"},"headline":"Colapinto termin\u00f3 noveno en el Gran Premio de Italia y sum\u00f3 dos puntos para Alpine","datePublished":"2026-09-06T19:38:49+00:00","mainEntityOfPage":{"@id":"https:\/\/radioinfinitagoya.com.ar\/v1\/2026\/09\/06\/colapinto-termino-noveno-en-el-gran-premio-de-italia-y-sumo-dos-puntos-para-alpine\/"},"wordCount":617,"commentCount":0,"publisher":{"@id":"https:\/\/radioinfinitagoya.com.ar\/v1\/#organization"},"image":{"@id":"https:\/\/radioinfinitagoya.com.ar\/v1\/2026\/09\/06\/colapinto-termino-noveno-en-el-gran-premio-de-italia-y-sumo-dos-puntos-para-alpine\/#primaryimage"},"thumbnailUrl":"https:\/\/radioinfinitagoya.com.ar\/v1\/wp-content\/uploads\/2026\/09\/292824w850h567c.jpg.webp","articleSection":["DEPORTES"],"inLanguage":"es-AR","potentialAction":[{"@type":"CommentAction","name":"Comment","target":["https:\/\/radioinfinitagoya.com.ar\/v1\/2026\/09\/06\/colapinto-termino-noveno-en-el-gran-premio-de-italia-y-sumo-dos-puntos-para-alpine\/#respond"]}]},{"@type":"WebPage","@id":"https:\/\/radioinfinitagoya.com.ar\/v1\/2026\/09\/06\/colapinto-termino-noveno-en-el-gran-premio-de-italia-y-sumo-dos-puntos-para-alpine\/","url":"https:\/\/radioinfinitagoya.com.ar\/v1\/2026\/09\/06\/colapinto-termino-noveno-en-el-gran-premio-de-italia-y-sumo-dos-puntos-para-alpine\/","name":"Colapinto termin\u00f3 noveno en el Gran Premio de Italia y sum\u00f3 dos puntos para Alpine - Radio Infinita Goya","isPartOf":{"@id":"https:\/\/radioinfinitagoya.com.ar\/v1\/#website"},"primaryImageOfPage":{"@id":"https:\/\/radioinfinitagoya.com.ar\/v1\/2026\/09\/06\/colapinto-termino-noveno-en-el-gran-premio-de-italia-y-sumo-dos-puntos-para-alpine\/#primaryimage"},"image":{"@id":"https:\/\/radioinfinitagoya.com.ar\/v1\/2026\/09\/06\/colapinto-termino-noveno-en-el-gran-premio-de-italia-y-sumo-dos-puntos-para-alpine\/#primaryimage"},"thumbnailUrl":"https:\/\/radioinfinitagoya.com.ar\/v1\/wp-content\/uploads\/2026\/09\/292824w850h567c.jpg.webp","datePublished":"2026-09-06T19:38:49+00:00","description":"Andrea Kimi Antonelli se qued\u00f3 con un triunfo heroico frente a su gente tras largar 19\u00b0 y dio un enorme paso para ganar el campeonato. El argentino lleg\u00f3","breadcrumb":{"@id":"https:\/\/radioinfinitagoya.com.ar\/v1\/2026\/09\/06\/colapinto-termino-noveno-en-el-gran-premio-de-italia-y-sumo-dos-puntos-para-alpine\/#breadcrumb"},"inLanguage":"es-AR","potentialAction":[{"@type":"ReadAction","target":["https:\/\/radioinfinitagoya.com.ar\/v1\/2026\/09\/06\/colapinto-termino-noveno-en-el-gran-premio-de-italia-y-sumo-dos-puntos-para-alpine\/"]}]},{"@type":"ImageObject","inLanguage":"es-AR","@id":"https:\/\/radioinfinitagoya.com.ar\/v1\/2026\/09\/06\/colapinto-termino-noveno-en-el-gran-premio-de-italia-y-sumo-dos-puntos-para-alpine\/#primaryimage","url":"https:\/\/radioinfinitagoya.com.ar\/v1\/wp-content\/uploads\/2026\/09\/292824w850h567c.jpg.webp","contentUrl":"https:\/\/radioinfinitagoya.com.ar\/v1\/wp-content\/uploads\/2026\/09\/292824w850h567c.jpg.webp","width":850,"height":567},{"@type":"BreadcrumbList","@id":"https:\/\/radioinfinitagoya.com.ar\/v1\/2026\/09\/06\/colapinto-termino-noveno-en-el-gran-premio-de-italia-y-sumo-dos-puntos-para-alpine\/#breadcrumb","itemListElement":[{"@type":"ListItem","position":1,"name":"Inicio","item":"https:\/\/radioinfinitagoya.com.ar\/v1\/"},{"@type":"ListItem","position":2,"name":"Colapinto termin\u00f3 noveno en el Gran Premio de Italia y sum\u00f3 dos puntos para Alpine"}]},{"@type":"WebSite","@id":"https:\/\/radioinfinitagoya.com.ar\/v1\/#website","url":"https:\/\/radioinfinitagoya.com.ar\/v1\/","name":"radioinfinitagoya.com.ar","description":"Radio de noticias","publisher":{"@id":"https:\/\/radioinfinitagoya.com.ar\/v1\/#organization"},"potentialAction":[{"@type":"SearchAction","target":{"@type":"EntryPoint","urlTemplate":"https:\/\/radioinfinitagoya.com.ar\/v1\/?s={search_term_string}"},"query-input":{"@type":"PropertyValueSpecification","valueRequired":true,"valueName":"search_term_string"}}],"inLanguage":"es-AR"},{"@type":"Organization","@id":"https:\/\/radioinfinitagoya.com.ar\/v1\/#organization","name":"Radio Infinita Goya","url":"https:\/\/radioinfinitagoya.com.ar\/v1\/","logo":{"@type":"ImageObject","inLanguage":"es-AR","@id":"https:\/\/radioinfinitagoya.com.ar\/v1\/#\/schema\/logo\/image\/","url":"https:\/\/radioinfinitagoya.com.ar\/v1\/wp-content\/uploads\/2019\/11\/logo-pie-web.png","contentUrl":"https:\/\/radioinfinitagoya.com.ar\/v1\/wp-content\/uploads\/2019\/11\/logo-pie-web.png","width":635,"height":326,"caption":"Radio Infinita Goya"},"image":{"@id":"https:\/\/radioinfinitagoya.com.ar\/v1\/#\/schema\/logo\/image\/"},"sameAs":["https:\/\/www.facebook.com\/p\/Infinita-Goya-100063870918311\/"]},{"@type":"Person","@id":"https:\/\/radioinfinitagoya.com.ar\/v1\/#\/schema\/person\/d4cf9c413d4f6edb24aabdccab49ca4a","name":"Jorge Mi\u00f1o","image":{"@type":"ImageObject","inLanguage":"es-AR","@id":"https:\/\/secure.gravatar.com\/avatar\/910fcf6728fe95320e07a6643c1581fec1c7fc4bf8ae12e3d8f0d0373dc844be?s=96&d=mm&r=g","url":"https:\/\/secure.gravatar.com\/avatar\/910fcf6728fe95320e07a6643c1581fec1c7fc4bf8ae12e3d8f0d0373dc844be?s=96&d=mm&r=g","contentUrl":"https:\/\/secure.gravatar.com\/avatar\/910fcf6728fe95320e07a6643c1581fec1c7fc4bf8ae12e3d8f0d0373dc844be?s=96&d=mm&r=g","caption":"Jorge Mi\u00f1o"},"sameAs":["http:\/\/radioinfinitagoya.com.ar"]}]}},"_links":{"self":[{"href":"https:\/\/radioinfinitagoya.com.ar\/v1\/wp-json\/wp\/v2\/posts\/226877","targetHints":{"allow":["GET"]}}],"collection":[{"href":"https:\/\/radioinfinitagoya.com.ar\/v1\/wp-json\/wp\/v2\/posts"}],"about":[{"href":"https:\/\/radioinfinitagoya.com.ar\/v1\/wp-json\/wp\/v2\/types\/post"}],"author":[{"embeddable":true,"href":"https:\/\/radioinfinitagoya.com.ar\/v1\/wp-json\/wp\/v2\/users\/4"}],"replies":[{"embeddable":true,"href":"https:\/\/radioinfinitagoya.com.ar\/v1\/wp-json\/wp\/v2\/comments?post=226877"}],"version-history":[{"count":1,"href":"https:\/\/radioinfinitagoya.com.ar\/v1\/wp-json\/wp\/v2\/posts\/226877\/revisions"}],"predecessor-version":[{"id":226879,"href":"https:\/\/radioinfinitagoya.com.ar\/v1\/wp-json\/wp\/v2\/posts\/226877\/revisions\/226879"}],"wp:featuredmedia":[{"embeddable":true,"href":"https:\/\/radioinfinitagoya.com.ar\/v1\/wp-json\/wp\/v2\/media\/226878"}],"wp:attachment":[{"href":"https:\/\/radioinfinitagoya.com.ar\/v1\/wp-json\/wp\/v2\/media?parent=226877"}],"wp:term":[{"taxonomy":"category","embeddable":true,"href":"https:\/\/radioinfinitagoya.com.ar\/v1\/wp-json\/wp\/v2\/categories?post=226877"},{"taxonomy":"post_tag","embeddable":true,"href":"https:\/\/radioinfinitagoya.com.ar\/v1\/wp-json\/wp\/v2\/tags?post=226877"}],"curies":[{"name":"wp","href":"https:\/\/api.w.org\/{rel}","templated":true}]}}