{"id":226883,"date":"2026-09-06T16:44:22","date_gmt":"2026-09-06T19:44:22","guid":{"rendered":"https:\/\/radioinfinitagoya.com.ar\/v1\/?p=226883"},"modified":"2026-09-06T16:44:22","modified_gmt":"2026-09-06T19:44:22","slug":"la-luchadora-argentina-sofia-montenegro-perdio-en-su-debut-en-la-ufc","status":"publish","type":"post","link":"https:\/\/radioinfinitagoya.com.ar\/v1\/2026\/09\/06\/la-luchadora-argentina-sofia-montenegro-perdio-en-su-debut-en-la-ufc\/","title":{"rendered":"La luchadora argentina Sof\u00eda Montenegro perdi\u00f3 en su debut en la UFC"},"content":{"rendered":"<p>Faltaban 40 segundos para que termine el segundo round cuando la francesa realiz\u00f3 un matale\u00f3n que dej\u00f3 sin respuesta a la representante nacional.<\/p>\n<p>Par\u00eds se convirti\u00f3 en el escenario de una noche dur\u00edsima para Sof\u00eda Montenegro. La representante nacional no pudo completar su primera pelea en UFC y sufri\u00f3 una brutal derrota por sumisi\u00f3n cuando faltaban menos de 40 segundos para el final del segundo round.<\/p>\n<p>El desenlace fue especialmente impactante. La argentina termin\u00f3 con el rostro cubierto de sangre despu\u00e9s de quedar atrapada contra la lona, mientras su rival insist\u00eda con los ataques. Ante la falta de respuesta, el \u00e1rbitro decidi\u00f3 intervenir y decret\u00f3 el final del combate.<\/p>\n<p>Todo hab\u00eda cambiado apenas comenzado el segundo asalto. Un resbal\u00f3n en el centro del oct\u00e1gono dej\u00f3 a Montenegro en una situaci\u00f3n comprometida, circunstancia que la francesa aprovech\u00f3 para llevar la acci\u00f3n al piso y encaminar una definici\u00f3n que termin\u00f3 siendo contundente.<\/p>\n<p>La escena posterior reflej\u00f3 el fuerte impacto de la derrota. Sin embargo, la peleadora de 27 a\u00f1os busc\u00f3 llevar tranquilidad a sus seguidores a trav\u00e9s de Instagram: \u201cNo duele la piel, estoy bien. Me duele mi alma, mi pasi\u00f3n est\u00e1 golpeada. Volver\u00e9 a entrenar lo antes posible y seguir\u00e9 siendo la guerrera que conocen\u201d.<\/p>\n<p>El p\u00fablico del Accor Arena tambi\u00e9n jug\u00f3 su papel: la local\u00eda convirti\u00f3 a Benouaich en la gran favorita de los espectadores, que celebraron una actuaci\u00f3n que la propia UFC destac\u00f3 en sus redes. La organizaci\u00f3n asegur\u00f3 que acababa de demostrar que ser\u00eda \u201cun problema para la divisi\u00f3n de peso paja\u201d y defini\u00f3 su presentaci\u00f3n como una \u201cclase magistral\u201d.<\/p>\n<p>Para Montenegro, el golpe lleg\u00f3 despu\u00e9s de un largo camino hasta conseguir su lugar en la compa\u00f1\u00eda. Incluso una derrota hab\u00eda sido suficiente para convencer a Dana White en el Contender Series de septiembre de 2025. Aquella noche cay\u00f3 por decisi\u00f3n dividida frente a la brasile\u00f1a Jeisla Chaves, pero el presidente de UFC decidi\u00f3 ofrecerle un contrato.<\/p>\n<p>\u201cCuando me baj\u00e9 de la pelea habl\u00e9 con \u00e9l. Me dijo que hab\u00eda sido una guerra y que me iba a recompensar\u201d, hab\u00eda contado a Infobae. Su estreno, adem\u00e1s, se hab\u00eda postergado por un sangrado ginecol\u00f3gico abundante que sufri\u00f3 cuatro d\u00edas antes de una pelea programada en M\u00e9xico.\u00b4<\/p>\n<p>La ca\u00edda en Par\u00eds fue la tercera de su carrera profesional, que registra adem\u00e1s seis victorias. Del otro lado, Benouaich llev\u00f3 su r\u00e9cord a 8-2. La argentina hab\u00eda decidido bajar de peso mosca a peso paja para este desaf\u00edo y ahora deber\u00e1 recuperarse de una presentaci\u00f3n tan dolorosa como inesperada.<\/p>\n<p><img loading=\"lazy\" decoding=\"async\" class=\"alignnone size-medium wp-image-226886\" src=\"https:\/\/radioinfinitagoya.com.ar\/v1\/wp-content\/uploads\/2026\/09\/ioxTPS-1-1-600x338.jpg\" alt=\"\" width=\"600\" height=\"338\" srcset=\"https:\/\/radioinfinitagoya.com.ar\/v1\/wp-content\/uploads\/2026\/09\/ioxTPS-1-1-600x338.jpg 600w, https:\/\/radioinfinitagoya.com.ar\/v1\/wp-content\/uploads\/2026\/09\/ioxTPS-1-1-150x84.jpg 150w, https:\/\/radioinfinitagoya.com.ar\/v1\/wp-content\/uploads\/2026\/09\/ioxTPS-1-1.jpg 680w\" sizes=\"auto, (max-width: 600px) 100vw, 600px\" \/><\/p>\n","protected":false},"excerpt":{"rendered":"<p>Faltaban 40 segundos para que termine el segundo round cuando la francesa realiz\u00f3 un matale\u00f3n que dej\u00f3 sin respuesta a la representante nacional. Par\u00eds se convirti\u00f3 en el escenario de una noche dur\u00edsima para Sof\u00eda Montenegro. La representante nacional no pudo completar su primera pelea en UFC y sufri\u00f3 una brutal derrota por sumisi\u00f3n cuando [&hellip;]<\/p>\n","protected":false},"author":4,"featured_media":226885,"comment_status":"open","ping_status":"open","sticky":false,"template":"","format":"standard","meta":{"_joinchat":[],"footnotes":""},"categories":[28],"tags":[],"class_list":["post-226883","post","type-post","status-publish","format-standard","has-post-thumbnail","category-deportes"],"yoast_head":"<!-- This site is optimized with the Yoast SEO plugin v27.7 - https:\/\/yoast.com\/product\/yoast-seo-wordpress\/ -->\n<title>La luchadora argentina Sof\u00eda Montenegro perdi\u00f3 en su debut en la UFC - Radio Infinita Goya<\/title>\n<meta name=\"description\" content=\"Faltaban 40 segundos para que termine el segundo round cuando la francesa realiz\u00f3 un matale\u00f3n que dej\u00f3 sin respuesta a la representante nacional. Par\u00eds se\" \/>\n<meta name=\"robots\" content=\"index, follow, max-snippet:-1, max-image-preview:large, max-video-preview:-1\" \/>\n<link rel=\"canonical\" href=\"https:\/\/radioinfinitagoya.com.ar\/v1\/2026\/09\/06\/la-luchadora-argentina-sofia-montenegro-perdio-en-su-debut-en-la-ufc\/\" \/>\n<meta property=\"og:locale\" content=\"es_ES\" \/>\n<meta property=\"og:type\" content=\"article\" \/>\n<meta property=\"og:title\" content=\"La luchadora argentina Sof\u00eda Montenegro perdi\u00f3 en su debut en la UFC - Radio Infinita Goya\" \/>\n<meta property=\"og:description\" content=\"Faltaban 40 segundos para que termine el segundo round cuando la francesa realiz\u00f3 un matale\u00f3n que dej\u00f3 sin respuesta a la representante nacional. Par\u00eds se\" \/>\n<meta property=\"og:url\" content=\"https:\/\/radioinfinitagoya.com.ar\/v1\/2026\/09\/06\/la-luchadora-argentina-sofia-montenegro-perdio-en-su-debut-en-la-ufc\/\" \/>\n<meta property=\"og:site_name\" content=\"Radio Infinita Goya\" \/>\n<meta property=\"article:publisher\" content=\"https:\/\/www.facebook.com\/p\/Infinita-Goya-100063870918311\/\" \/>\n<meta property=\"article:published_time\" content=\"2026-09-06T19:44:22+00:00\" \/>\n<meta property=\"og:image\" content=\"https:\/\/radioinfinitagoya.com.ar\/v1\/wp-content\/uploads\/2026\/09\/HReHjyrXUAAYWeU.jpg\" \/>\n\t<meta property=\"og:image:width\" content=\"680\" \/>\n\t<meta property=\"og:image:height\" content=\"448\" \/>\n\t<meta property=\"og:image:type\" content=\"image\/jpeg\" \/>\n<meta name=\"author\" content=\"Jorge Mi\u00f1o\" \/>\n<meta name=\"twitter:card\" content=\"summary_large_image\" \/>\n<meta name=\"twitter:label1\" content=\"Escrito por\" \/>\n\t<meta name=\"twitter:data1\" content=\"Jorge Mi\u00f1o\" \/>\n\t<meta name=\"twitter:label2\" content=\"Tiempo de lectura\" \/>\n\t<meta name=\"twitter:data2\" content=\"3 minutos\" \/>\n<script type=\"application\/ld+json\" class=\"yoast-schema-graph\">{\"@context\":\"https:\\\/\\\/schema.org\",\"@graph\":[{\"@type\":\"Article\",\"@id\":\"https:\\\/\\\/radioinfinitagoya.com.ar\\\/v1\\\/2026\\\/09\\\/06\\\/la-luchadora-argentina-sofia-montenegro-perdio-en-su-debut-en-la-ufc\\\/#article\",\"isPartOf\":{\"@id\":\"https:\\\/\\\/radioinfinitagoya.com.ar\\\/v1\\\/2026\\\/09\\\/06\\\/la-luchadora-argentina-sofia-montenegro-perdio-en-su-debut-en-la-ufc\\\/\"},\"author\":{\"name\":\"Jorge Mi\u00f1o\",\"@id\":\"https:\\\/\\\/radioinfinitagoya.com.ar\\\/v1\\\/#\\\/schema\\\/person\\\/d4cf9c413d4f6edb24aabdccab49ca4a\"},\"headline\":\"La luchadora argentina Sof\u00eda Montenegro perdi\u00f3 en su debut en la UFC\",\"datePublished\":\"2026-09-06T19:44:22+00:00\",\"mainEntityOfPage\":{\"@id\":\"https:\\\/\\\/radioinfinitagoya.com.ar\\\/v1\\\/2026\\\/09\\\/06\\\/la-luchadora-argentina-sofia-montenegro-perdio-en-su-debut-en-la-ufc\\\/\"},\"wordCount\":469,\"commentCount\":0,\"publisher\":{\"@id\":\"https:\\\/\\\/radioinfinitagoya.com.ar\\\/v1\\\/#organization\"},\"image\":{\"@id\":\"https:\\\/\\\/radioinfinitagoya.com.ar\\\/v1\\\/2026\\\/09\\\/06\\\/la-luchadora-argentina-sofia-montenegro-perdio-en-su-debut-en-la-ufc\\\/#primaryimage\"},\"thumbnailUrl\":\"https:\\\/\\\/radioinfinitagoya.com.ar\\\/v1\\\/wp-content\\\/uploads\\\/2026\\\/09\\\/HReHjyrXUAAYWeU.jpg\",\"articleSection\":[\"DEPORTES\"],\"inLanguage\":\"es-AR\",\"potentialAction\":[{\"@type\":\"CommentAction\",\"name\":\"Comment\",\"target\":[\"https:\\\/\\\/radioinfinitagoya.com.ar\\\/v1\\\/2026\\\/09\\\/06\\\/la-luchadora-argentina-sofia-montenegro-perdio-en-su-debut-en-la-ufc\\\/#respond\"]}]},{\"@type\":\"WebPage\",\"@id\":\"https:\\\/\\\/radioinfinitagoya.com.ar\\\/v1\\\/2026\\\/09\\\/06\\\/la-luchadora-argentina-sofia-montenegro-perdio-en-su-debut-en-la-ufc\\\/\",\"url\":\"https:\\\/\\\/radioinfinitagoya.com.ar\\\/v1\\\/2026\\\/09\\\/06\\\/la-luchadora-argentina-sofia-montenegro-perdio-en-su-debut-en-la-ufc\\\/\",\"name\":\"La luchadora argentina Sof\u00eda Montenegro perdi\u00f3 en su debut en la UFC - Radio Infinita Goya\",\"isPartOf\":{\"@id\":\"https:\\\/\\\/radioinfinitagoya.com.ar\\\/v1\\\/#website\"},\"primaryImageOfPage\":{\"@id\":\"https:\\\/\\\/radioinfinitagoya.com.ar\\\/v1\\\/2026\\\/09\\\/06\\\/la-luchadora-argentina-sofia-montenegro-perdio-en-su-debut-en-la-ufc\\\/#primaryimage\"},\"image\":{\"@id\":\"https:\\\/\\\/radioinfinitagoya.com.ar\\\/v1\\\/2026\\\/09\\\/06\\\/la-luchadora-argentina-sofia-montenegro-perdio-en-su-debut-en-la-ufc\\\/#primaryimage\"},\"thumbnailUrl\":\"https:\\\/\\\/radioinfinitagoya.com.ar\\\/v1\\\/wp-content\\\/uploads\\\/2026\\\/09\\\/HReHjyrXUAAYWeU.jpg\",\"datePublished\":\"2026-09-06T19:44:22+00:00\",\"description\":\"Faltaban 40 segundos para que termine el segundo round cuando la francesa realiz\u00f3 un matale\u00f3n que dej\u00f3 sin respuesta a la representante nacional. Par\u00eds se\",\"breadcrumb\":{\"@id\":\"https:\\\/\\\/radioinfinitagoya.com.ar\\\/v1\\\/2026\\\/09\\\/06\\\/la-luchadora-argentina-sofia-montenegro-perdio-en-su-debut-en-la-ufc\\\/#breadcrumb\"},\"inLanguage\":\"es-AR\",\"potentialAction\":[{\"@type\":\"ReadAction\",\"target\":[\"https:\\\/\\\/radioinfinitagoya.com.ar\\\/v1\\\/2026\\\/09\\\/06\\\/la-luchadora-argentina-sofia-montenegro-perdio-en-su-debut-en-la-ufc\\\/\"]}]},{\"@type\":\"ImageObject\",\"inLanguage\":\"es-AR\",\"@id\":\"https:\\\/\\\/radioinfinitagoya.com.ar\\\/v1\\\/2026\\\/09\\\/06\\\/la-luchadora-argentina-sofia-montenegro-perdio-en-su-debut-en-la-ufc\\\/#primaryimage\",\"url\":\"https:\\\/\\\/radioinfinitagoya.com.ar\\\/v1\\\/wp-content\\\/uploads\\\/2026\\\/09\\\/HReHjyrXUAAYWeU.jpg\",\"contentUrl\":\"https:\\\/\\\/radioinfinitagoya.com.ar\\\/v1\\\/wp-content\\\/uploads\\\/2026\\\/09\\\/HReHjyrXUAAYWeU.jpg\",\"width\":680,\"height\":448},{\"@type\":\"BreadcrumbList\",\"@id\":\"https:\\\/\\\/radioinfinitagoya.com.ar\\\/v1\\\/2026\\\/09\\\/06\\\/la-luchadora-argentina-sofia-montenegro-perdio-en-su-debut-en-la-ufc\\\/#breadcrumb\",\"itemListElement\":[{\"@type\":\"ListItem\",\"position\":1,\"name\":\"Inicio\",\"item\":\"https:\\\/\\\/radioinfinitagoya.com.ar\\\/v1\\\/\"},{\"@type\":\"ListItem\",\"position\":2,\"name\":\"La luchadora argentina Sof\u00eda Montenegro perdi\u00f3 en su debut en la UFC\"}]},{\"@type\":\"WebSite\",\"@id\":\"https:\\\/\\\/radioinfinitagoya.com.ar\\\/v1\\\/#website\",\"url\":\"https:\\\/\\\/radioinfinitagoya.com.ar\\\/v1\\\/\",\"name\":\"radioinfinitagoya.com.ar\",\"description\":\"Radio de noticias\",\"publisher\":{\"@id\":\"https:\\\/\\\/radioinfinitagoya.com.ar\\\/v1\\\/#organization\"},\"potentialAction\":[{\"@type\":\"SearchAction\",\"target\":{\"@type\":\"EntryPoint\",\"urlTemplate\":\"https:\\\/\\\/radioinfinitagoya.com.ar\\\/v1\\\/?s={search_term_string}\"},\"query-input\":{\"@type\":\"PropertyValueSpecification\",\"valueRequired\":true,\"valueName\":\"search_term_string\"}}],\"inLanguage\":\"es-AR\"},{\"@type\":\"Organization\",\"@id\":\"https:\\\/\\\/radioinfinitagoya.com.ar\\\/v1\\\/#organization\",\"name\":\"Radio Infinita Goya\",\"url\":\"https:\\\/\\\/radioinfinitagoya.com.ar\\\/v1\\\/\",\"logo\":{\"@type\":\"ImageObject\",\"inLanguage\":\"es-AR\",\"@id\":\"https:\\\/\\\/radioinfinitagoya.com.ar\\\/v1\\\/#\\\/schema\\\/logo\\\/image\\\/\",\"url\":\"https:\\\/\\\/radioinfinitagoya.com.ar\\\/v1\\\/wp-content\\\/uploads\\\/2019\\\/11\\\/logo-pie-web.png\",\"contentUrl\":\"https:\\\/\\\/radioinfinitagoya.com.ar\\\/v1\\\/wp-content\\\/uploads\\\/2019\\\/11\\\/logo-pie-web.png\",\"width\":635,\"height\":326,\"caption\":\"Radio Infinita Goya\"},\"image\":{\"@id\":\"https:\\\/\\\/radioinfinitagoya.com.ar\\\/v1\\\/#\\\/schema\\\/logo\\\/image\\\/\"},\"sameAs\":[\"https:\\\/\\\/www.facebook.com\\\/p\\\/Infinita-Goya-100063870918311\\\/\"]},{\"@type\":\"Person\",\"@id\":\"https:\\\/\\\/radioinfinitagoya.com.ar\\\/v1\\\/#\\\/schema\\\/person\\\/d4cf9c413d4f6edb24aabdccab49ca4a\",\"name\":\"Jorge Mi\u00f1o\",\"image\":{\"@type\":\"ImageObject\",\"inLanguage\":\"es-AR\",\"@id\":\"https:\\\/\\\/secure.gravatar.com\\\/avatar\\\/910fcf6728fe95320e07a6643c1581fec1c7fc4bf8ae12e3d8f0d0373dc844be?s=96&d=mm&r=g\",\"url\":\"https:\\\/\\\/secure.gravatar.com\\\/avatar\\\/910fcf6728fe95320e07a6643c1581fec1c7fc4bf8ae12e3d8f0d0373dc844be?s=96&d=mm&r=g\",\"contentUrl\":\"https:\\\/\\\/secure.gravatar.com\\\/avatar\\\/910fcf6728fe95320e07a6643c1581fec1c7fc4bf8ae12e3d8f0d0373dc844be?s=96&d=mm&r=g\",\"caption\":\"Jorge Mi\u00f1o\"},\"sameAs\":[\"http:\\\/\\\/radioinfinitagoya.com.ar\"]}]}<\/script>\n<!-- \/ Yoast SEO plugin. -->","yoast_head_json":{"title":"La luchadora argentina Sof\u00eda Montenegro perdi\u00f3 en su debut en la UFC - Radio Infinita Goya","description":"Faltaban 40 segundos para que termine el segundo round cuando la francesa realiz\u00f3 un matale\u00f3n que dej\u00f3 sin respuesta a la representante nacional. Par\u00eds se","robots":{"index":"index","follow":"follow","max-snippet":"max-snippet:-1","max-image-preview":"max-image-preview:large","max-video-preview":"max-video-preview:-1"},"canonical":"https:\/\/radioinfinitagoya.com.ar\/v1\/2026\/09\/06\/la-luchadora-argentina-sofia-montenegro-perdio-en-su-debut-en-la-ufc\/","og_locale":"es_ES","og_type":"article","og_title":"La luchadora argentina Sof\u00eda Montenegro perdi\u00f3 en su debut en la UFC - Radio Infinita Goya","og_description":"Faltaban 40 segundos para que termine el segundo round cuando la francesa realiz\u00f3 un matale\u00f3n que dej\u00f3 sin respuesta a la representante nacional. Par\u00eds se","og_url":"https:\/\/radioinfinitagoya.com.ar\/v1\/2026\/09\/06\/la-luchadora-argentina-sofia-montenegro-perdio-en-su-debut-en-la-ufc\/","og_site_name":"Radio Infinita Goya","article_publisher":"https:\/\/www.facebook.com\/p\/Infinita-Goya-100063870918311\/","article_published_time":"2026-09-06T19:44:22+00:00","og_image":[{"width":680,"height":448,"url":"https:\/\/radioinfinitagoya.com.ar\/v1\/wp-content\/uploads\/2026\/09\/HReHjyrXUAAYWeU.jpg","type":"image\/jpeg"}],"author":"Jorge Mi\u00f1o","twitter_card":"summary_large_image","twitter_misc":{"Escrito por":"Jorge Mi\u00f1o","Tiempo de lectura":"3 minutos"},"schema":{"@context":"https:\/\/schema.org","@graph":[{"@type":"Article","@id":"https:\/\/radioinfinitagoya.com.ar\/v1\/2026\/09\/06\/la-luchadora-argentina-sofia-montenegro-perdio-en-su-debut-en-la-ufc\/#article","isPartOf":{"@id":"https:\/\/radioinfinitagoya.com.ar\/v1\/2026\/09\/06\/la-luchadora-argentina-sofia-montenegro-perdio-en-su-debut-en-la-ufc\/"},"author":{"name":"Jorge Mi\u00f1o","@id":"https:\/\/radioinfinitagoya.com.ar\/v1\/#\/schema\/person\/d4cf9c413d4f6edb24aabdccab49ca4a"},"headline":"La luchadora argentina Sof\u00eda Montenegro perdi\u00f3 en su debut en la UFC","datePublished":"2026-09-06T19:44:22+00:00","mainEntityOfPage":{"@id":"https:\/\/radioinfinitagoya.com.ar\/v1\/2026\/09\/06\/la-luchadora-argentina-sofia-montenegro-perdio-en-su-debut-en-la-ufc\/"},"wordCount":469,"commentCount":0,"publisher":{"@id":"https:\/\/radioinfinitagoya.com.ar\/v1\/#organization"},"image":{"@id":"https:\/\/radioinfinitagoya.com.ar\/v1\/2026\/09\/06\/la-luchadora-argentina-sofia-montenegro-perdio-en-su-debut-en-la-ufc\/#primaryimage"},"thumbnailUrl":"https:\/\/radioinfinitagoya.com.ar\/v1\/wp-content\/uploads\/2026\/09\/HReHjyrXUAAYWeU.jpg","articleSection":["DEPORTES"],"inLanguage":"es-AR","potentialAction":[{"@type":"CommentAction","name":"Comment","target":["https:\/\/radioinfinitagoya.com.ar\/v1\/2026\/09\/06\/la-luchadora-argentina-sofia-montenegro-perdio-en-su-debut-en-la-ufc\/#respond"]}]},{"@type":"WebPage","@id":"https:\/\/radioinfinitagoya.com.ar\/v1\/2026\/09\/06\/la-luchadora-argentina-sofia-montenegro-perdio-en-su-debut-en-la-ufc\/","url":"https:\/\/radioinfinitagoya.com.ar\/v1\/2026\/09\/06\/la-luchadora-argentina-sofia-montenegro-perdio-en-su-debut-en-la-ufc\/","name":"La luchadora argentina Sof\u00eda Montenegro perdi\u00f3 en su debut en la UFC - Radio Infinita Goya","isPartOf":{"@id":"https:\/\/radioinfinitagoya.com.ar\/v1\/#website"},"primaryImageOfPage":{"@id":"https:\/\/radioinfinitagoya.com.ar\/v1\/2026\/09\/06\/la-luchadora-argentina-sofia-montenegro-perdio-en-su-debut-en-la-ufc\/#primaryimage"},"image":{"@id":"https:\/\/radioinfinitagoya.com.ar\/v1\/2026\/09\/06\/la-luchadora-argentina-sofia-montenegro-perdio-en-su-debut-en-la-ufc\/#primaryimage"},"thumbnailUrl":"https:\/\/radioinfinitagoya.com.ar\/v1\/wp-content\/uploads\/2026\/09\/HReHjyrXUAAYWeU.jpg","datePublished":"2026-09-06T19:44:22+00:00","description":"Faltaban 40 segundos para que termine el segundo round cuando la francesa realiz\u00f3 un matale\u00f3n que dej\u00f3 sin respuesta a la representante nacional. Par\u00eds se","breadcrumb":{"@id":"https:\/\/radioinfinitagoya.com.ar\/v1\/2026\/09\/06\/la-luchadora-argentina-sofia-montenegro-perdio-en-su-debut-en-la-ufc\/#breadcrumb"},"inLanguage":"es-AR","potentialAction":[{"@type":"ReadAction","target":["https:\/\/radioinfinitagoya.com.ar\/v1\/2026\/09\/06\/la-luchadora-argentina-sofia-montenegro-perdio-en-su-debut-en-la-ufc\/"]}]},{"@type":"ImageObject","inLanguage":"es-AR","@id":"https:\/\/radioinfinitagoya.com.ar\/v1\/2026\/09\/06\/la-luchadora-argentina-sofia-montenegro-perdio-en-su-debut-en-la-ufc\/#primaryimage","url":"https:\/\/radioinfinitagoya.com.ar\/v1\/wp-content\/uploads\/2026\/09\/HReHjyrXUAAYWeU.jpg","contentUrl":"https:\/\/radioinfinitagoya.com.ar\/v1\/wp-content\/uploads\/2026\/09\/HReHjyrXUAAYWeU.jpg","width":680,"height":448},{"@type":"BreadcrumbList","@id":"https:\/\/radioinfinitagoya.com.ar\/v1\/2026\/09\/06\/la-luchadora-argentina-sofia-montenegro-perdio-en-su-debut-en-la-ufc\/#breadcrumb","itemListElement":[{"@type":"ListItem","position":1,"name":"Inicio","item":"https:\/\/radioinfinitagoya.com.ar\/v1\/"},{"@type":"ListItem","position":2,"name":"La luchadora argentina Sof\u00eda Montenegro perdi\u00f3 en su debut en la UFC"}]},{"@type":"WebSite","@id":"https:\/\/radioinfinitagoya.com.ar\/v1\/#website","url":"https:\/\/radioinfinitagoya.com.ar\/v1\/","name":"radioinfinitagoya.com.ar","description":"Radio de noticias","publisher":{"@id":"https:\/\/radioinfinitagoya.com.ar\/v1\/#organization"},"potentialAction":[{"@type":"SearchAction","target":{"@type":"EntryPoint","urlTemplate":"https:\/\/radioinfinitagoya.com.ar\/v1\/?s={search_term_string}"},"query-input":{"@type":"PropertyValueSpecification","valueRequired":true,"valueName":"search_term_string"}}],"inLanguage":"es-AR"},{"@type":"Organization","@id":"https:\/\/radioinfinitagoya.com.ar\/v1\/#organization","name":"Radio Infinita Goya","url":"https:\/\/radioinfinitagoya.com.ar\/v1\/","logo":{"@type":"ImageObject","inLanguage":"es-AR","@id":"https:\/\/radioinfinitagoya.com.ar\/v1\/#\/schema\/logo\/image\/","url":"https:\/\/radioinfinitagoya.com.ar\/v1\/wp-content\/uploads\/2019\/11\/logo-pie-web.png","contentUrl":"https:\/\/radioinfinitagoya.com.ar\/v1\/wp-content\/uploads\/2019\/11\/logo-pie-web.png","width":635,"height":326,"caption":"Radio Infinita Goya"},"image":{"@id":"https:\/\/radioinfinitagoya.com.ar\/v1\/#\/schema\/logo\/image\/"},"sameAs":["https:\/\/www.facebook.com\/p\/Infinita-Goya-100063870918311\/"]},{"@type":"Person","@id":"https:\/\/radioinfinitagoya.com.ar\/v1\/#\/schema\/person\/d4cf9c413d4f6edb24aabdccab49ca4a","name":"Jorge Mi\u00f1o","image":{"@type":"ImageObject","inLanguage":"es-AR","@id":"https:\/\/secure.gravatar.com\/avatar\/910fcf6728fe95320e07a6643c1581fec1c7fc4bf8ae12e3d8f0d0373dc844be?s=96&d=mm&r=g","url":"https:\/\/secure.gravatar.com\/avatar\/910fcf6728fe95320e07a6643c1581fec1c7fc4bf8ae12e3d8f0d0373dc844be?s=96&d=mm&r=g","contentUrl":"https:\/\/secure.gravatar.com\/avatar\/910fcf6728fe95320e07a6643c1581fec1c7fc4bf8ae12e3d8f0d0373dc844be?s=96&d=mm&r=g","caption":"Jorge Mi\u00f1o"},"sameAs":["http:\/\/radioinfinitagoya.com.ar"]}]}},"_links":{"self":[{"href":"https:\/\/radioinfinitagoya.com.ar\/v1\/wp-json\/wp\/v2\/posts\/226883","targetHints":{"allow":["GET"]}}],"collection":[{"href":"https:\/\/radioinfinitagoya.com.ar\/v1\/wp-json\/wp\/v2\/posts"}],"about":[{"href":"https:\/\/radioinfinitagoya.com.ar\/v1\/wp-json\/wp\/v2\/types\/post"}],"author":[{"embeddable":true,"href":"https:\/\/radioinfinitagoya.com.ar\/v1\/wp-json\/wp\/v2\/users\/4"}],"replies":[{"embeddable":true,"href":"https:\/\/radioinfinitagoya.com.ar\/v1\/wp-json\/wp\/v2\/comments?post=226883"}],"version-history":[{"count":1,"href":"https:\/\/radioinfinitagoya.com.ar\/v1\/wp-json\/wp\/v2\/posts\/226883\/revisions"}],"predecessor-version":[{"id":226887,"href":"https:\/\/radioinfinitagoya.com.ar\/v1\/wp-json\/wp\/v2\/posts\/226883\/revisions\/226887"}],"wp:featuredmedia":[{"embeddable":true,"href":"https:\/\/radioinfinitagoya.com.ar\/v1\/wp-json\/wp\/v2\/media\/226885"}],"wp:attachment":[{"href":"https:\/\/radioinfinitagoya.com.ar\/v1\/wp-json\/wp\/v2\/media?parent=226883"}],"wp:term":[{"taxonomy":"category","embeddable":true,"href":"https:\/\/radioinfinitagoya.com.ar\/v1\/wp-json\/wp\/v2\/categories?post=226883"},{"taxonomy":"post_tag","embeddable":true,"href":"https:\/\/radioinfinitagoya.com.ar\/v1\/wp-json\/wp\/v2\/tags?post=226883"}],"curies":[{"name":"wp","href":"https:\/\/api.w.org\/{rel}","templated":true}]}}